{"id":13326,"date":"2018-09-18T12:04:42","date_gmt":"2018-09-18T17:04:42","guid":{"rendered":"http:\/\/www.zonacaral.gob.pe\/?p=13326"},"modified":"2018-09-18T12:04:42","modified_gmt":"2018-09-18T17:04:42","slug":"actividades-gratuitas-diviertete-conociendo-la-cultura-caral-3","status":"publish","type":"post","link":"https:\/\/zonacaral.gob.pe\/es\/noticias\/actividades-gratuitas-diviertete-conociendo-la-cultura-caral-3\/","title":{"rendered":"Actividades gratuitas este finde semana en el Callao"},"content":{"rendered":"<figure class=\"pic-autor\" style=\"color: #4d4d4d; text-align: justify;\"><\/figure>\n<blockquote><p>La Civilizaci\u00f3n Caral, considerada la m\u00e1s antigua de Am\u00e9rica, se desarroll\u00f3 hace 5000 a\u00f1os en el \u00e1rea norcentral del Per\u00fa, cambiando el orden civilizatorio del mundo.<\/p><\/blockquote>\n<p>La Zona Arqueol\u00f3gica Caral (ZAC), UE 003 del Ministerio de Cultura, en coordinaci\u00f3n con el Ej\u00e9rcito del Per\u00fa, invitan a la poblaci\u00f3n a participar en los talleres educativos-culturales a realizarse en el Museo de la Fortaleza Real Felipe, Callao, en el marco de la Exposici\u00f3n Museogr\u00e1fica \u201cLos Valores de la Civilizaci\u00f3n Caral: Reflexiones para el Buen Vivir\u201d.<\/p>\n<p>Estas actividades gratuitas, dirigidas a ni\u00f1os, j\u00f3venes y adultos, buscan que la poblaci\u00f3n se acerque m\u00e1s a la cultura y aprendan sobre este Patrimonio Mundial: conocer\u00e1n sus t\u00e9cnicas de construcci\u00f3n, la ciencia, arte y producci\u00f3n agr\u00edcola, que desarrollaron hace miles de a\u00f1os.<br \/>\nSer\u00e1n diferentes talleres que se suman a la exposici\u00f3n donde, adem\u00e1s, se muestran m\u00e1s de 300 objetos museogr\u00e1ficos, esculturas hiperrealistas, juegos l\u00fadicos y otros interactivos tecnol\u00f3gicos.<\/p>\n<p>En el primer taller de dibujo, realizado el s\u00e1bado 15, los ni\u00f1os conocieron, c\u00f3mo era la milenaria sociedad de Caral. Vieron y tocaron las Shicras, usadas como un sistema antis\u00edsmico; tambi\u00e9n el algod\u00f3n natural y sobre todo, conocieron c\u00f3mo viv\u00edan en aquella \u00e9poca. Los ni\u00f1os, acompa\u00f1ados de sus padres, se divirtieron coloreando a los personajes de nuestra milenaria cultura.<\/p>\n<h3>AGENDA DE ACTIVIDADES:<\/h3>\n<h4><strong>S\u00e1bado 22 de setiembre<\/strong><\/h4>\n<p>Taller de cer\u00e1mica \u201cModelando en arcilla a la civilizaci\u00f3n Caral: los s\u00edmbolos de nuestros ancestros\u201d<br \/>\nA trav\u00e9s del modelado en arcilla, los participantes podr\u00e1n conocer algunos objetos y materiales recuperados en las excavaciones arqueol\u00f3gicas realizadas en los centros urbanos de la Civilizaci\u00f3n Caral.<\/p>\n<p><strong>Horarios:<\/strong><br \/>\nNi\u00f1os de 5 a 12 a\u00f1os: 11:00 a.m. &#8211; 11:45 a.m.<br \/>\nJ\u00f3venes y adultos: 12:00 m. &#8211; 12:45 p.m.<\/p>\n<h4><strong>S\u00e1bado 29 de setiembre.<\/strong><\/h4>\n<p>Taller de pintura \u201cPintando los Valores de la Civilizaci\u00f3n Caral\u201d<br \/>\nDirigido a: ni\u00f1os de 5 a 12 a\u00f1os<br \/>\n<strong>Horarios:<\/strong><br \/>\n1er. grupo: 11:00 a.m. &#8211; 11:45 a.m.<br \/>\n2do. grupo: 12:00 m. &#8211; 12:45 p.m.<\/p>\n<p>Cuentacuentos \u201cHistorias con valores para el Buen Vivir\u201d<br \/>\nA cargo de la Casa de la Literatura Peruana del Programa Abuelos y Abuelas Cuentacuentos del Ministerio de Educaci\u00f3n.<br \/>\nDirigido a: ni\u00f1os de 5 a 12 a\u00f1os<br \/>\nHorario: 12:30 p.m.<\/p>\n<h4><strong>Domingo 30 de setiembre.<\/strong><\/h4>\n<p><strong>Hora:<\/strong> 11:00 a.m.<br \/>\nRecorrido interactivo \u201cLos Valores de la Civilizaci\u00f3n Caral: Reflexiones para el Buen Vivir\u201d. Los participantes podr\u00e1n interactuar en diferentes puntos del circuito con personajes recreados a partir de la historia de Caral, los cuales estar\u00e1n desarrollando actividades propias de la \u00e9poca.<\/p>\n<p><strong>DATO<\/strong><\/p>\n<p>La exposici\u00f3n estar\u00e1 abierta tres semanas m\u00e1s, hasta el 30 de setiembre, de 9:00 a.m. a 4:00 p.m., de martes a domingo, en el auditorio de la Casa del Gobernador de la Fortaleza Real Felipe, ubicado en la Plaza Independencia S\/N (altura 1ra. Cdra. Av. S\u00e1enz Pe\u00f1a, Callao). No te quedes con las ganas de conocerlo.<br \/>\n<strong>INGRESO LIBRE.<\/strong><\/p>\n<p><strong>CARAL EN EL CALLAO<\/strong><\/p>\n<p>Es el resultado de la alianza estrat\u00e9gica de la ZAC y de la Direcci\u00f3n de Museos del Ej\u00e9rcito del Per\u00fa. Alianza cultural al que se sumaron la Direcci\u00f3n Desconcentrada de Cultura del Callao, la Gerencia de Educaci\u00f3n y Deporte del Gobierno Regional del Callao, C\u00e1lidda \u2013 Gas Natural del Per\u00fa, DIRCETUR del Gobierno Regional de Lima, Facultad de Ciencias Administrativas de la UNMSM, Universidad Mar\u00edtima del Per\u00fa, Centro Comercial Minka, Direcci\u00f3n Regional de Educaci\u00f3n del Callao, Cuyay Tours y los restaurantes \u201cVane Vane\u201d, \u201cTenedor Libre\u201d y \u201cSara Sara\u201d.<\/p>\n<p>Inscripciones: <a href=\"\/www.zonacaral.gob.pe\/actividades-culturales-caral\/\">zonacaral.gob.pe\/actividades-culturales-caral\/<\/a><\/p>\n<p>MAYOR INFORMACI\u00d3N:\u00a0<a href=\"\/www.zonacaral.gob.pe\/realfelipe\/\">zonacaral.gob.pe\/realfelipe\/<\/a><\/p>\n<p>&nbsp;<\/p>\n<p style=\"text-align: justify;\"><span style=\"color: #993300;\"><strong>Fuente<\/strong><strong>: Prensa ZAC<\/strong><\/span><\/p>\n<div style=\"color: #1f1f1f;\">\n<p style=\"text-align: justify;\">Fecha de publicaci\u00f3n: 18\/09\/2018<\/p>\n<\/div>\n","protected":false},"excerpt":{"rendered":"<p>La Civilizaci\u00f3n Caral, considerada la m\u00e1s antigua de Am\u00e9rica, se desarroll\u00f3 hace 5000 a\u00f1os en el \u00e1rea norcentral del Per\u00fa, [&hellip;]<\/p>\n","protected":false},"author":1,"featured_media":13336,"comment_status":"closed","ping_status":"open","sticky":false,"template":"","format":"standard","meta":{"_acf_changed":false,"site-sidebar-layout":"default","site-content-layout":"","ast-site-content-layout":"default","site-content-style":"default","site-sidebar-style":"default","ast-global-header-display":"","ast-banner-title-visibility":"","ast-main-header-display":"","ast-hfb-above-header-display":"","ast-hfb-below-header-display":"","ast-hfb-mobile-header-display":"","site-post-title":"","ast-breadcrumbs-content":"","ast-featured-img":"","footer-sml-layout":"","ast-disable-related-posts":"","theme-transparent-header-meta":"","adv-header-id-meta":"","stick-header-meta":"","header-above-stick-meta":"","header-main-stick-meta":"","header-below-stick-meta":"","astra-migrate-meta-layouts":"default","ast-page-background-enabled":"default","ast-page-background-meta":{"desktop":{"background-color":"var(--ast-global-color-5)","background-image":"","background-repeat":"repeat","background-position":"center center","background-size":"auto","background-attachment":"scroll","background-type":"","background-media":"","overlay-type":"","overlay-color":"","overlay-opacity":"","overlay-gradient":""},"tablet":{"background-color":"","background-image":"","background-repeat":"repeat","background-position":"center center","background-size":"auto","background-attachment":"scroll","background-type":"","background-media":"","overlay-type":"","overlay-color":"","overlay-opacity":"","overlay-gradient":""},"mobile":{"background-color":"","background-image":"","background-repeat":"repeat","background-position":"center center","background-size":"auto","background-attachment":"scroll","background-type":"","background-media":"","overlay-type":"","overlay-color":"","overlay-opacity":"","overlay-gradient":""}},"ast-content-background-meta":{"desktop":{"background-color":"var(--ast-global-color-4)","background-image":"","background-repeat":"repeat","background-position":"center center","background-size":"auto","background-attachment":"scroll","background-type":"","background-media":"","overlay-type":"","overlay-color":"","overlay-opacity":"","overlay-gradient":""},"tablet":{"background-color":"var(--ast-global-color-4)","background-image":"","background-repeat":"repeat","background-position":"center center","background-size":"auto","background-attachment":"scroll","background-type":"","background-media":"","overlay-type":"","overlay-color":"","overlay-opacity":"","overlay-gradient":""},"mobile":{"background-color":"var(--ast-global-color-4)","background-image":"","background-repeat":"repeat","background-position":"center center","background-size":"auto","background-attachment":"scroll","background-type":"","background-media":"","overlay-type":"","overlay-color":"","overlay-opacity":"","overlay-gradient":""}},"footnotes":""},"categories":[208],"tags":[145,72,100,176,177,114],"class_list":["post-13326","post","type-post","status-publish","format-standard","has-post-thumbnail","hentry","category-noticias","tag-ceramica","tag-cultura","tag-museo","tag-ninos","tag-pintura","tag-talleres"],"acf":[],"yoast_head":"<!-- This site is optimized with the Yoast SEO plugin v27.3 - https:\/\/yoast.com\/product\/yoast-seo-wordpress\/ -->\n<title>Actividades gratuitas este finde semana en el Callao<\/title>\n<meta name=\"description\" content=\"La Civilizaci\u00f3n Caral, considerada la m\u00e1s antigua de Am\u00e9rica, se desarroll\u00f3 hace 5000 a\u00f1os en el \u00e1rea norcentral del Per\u00fa, cambiando el orden civilizatorio del mundo.\" \/>\n<meta name=\"robots\" content=\"index, follow, max-snippet:-1, max-image-preview:large, max-video-preview:-1\" \/>\n<link rel=\"canonical\" href=\"https:\/\/zonacaral.gob.pe\/es\/noticias\/actividades-gratuitas-diviertete-conociendo-la-cultura-caral-3\/\" \/>\n<meta property=\"og:locale\" content=\"es_ES\" \/>\n<meta property=\"og:type\" content=\"article\" \/>\n<meta property=\"og:title\" content=\"Actividades gratuitas este finde semana en el Callao\" \/>\n<meta property=\"og:description\" content=\"La Civilizaci\u00f3n Caral, considerada la m\u00e1s antigua de Am\u00e9rica, se desarroll\u00f3 hace 5000 a\u00f1os en el \u00e1rea norcentral del Per\u00fa, cambiando el orden civilizatorio del mundo.\" \/>\n<meta property=\"og:url\" content=\"https:\/\/zonacaral.gob.pe\/es\/noticias\/actividades-gratuitas-diviertete-conociendo-la-cultura-caral-3\/\" \/>\n<meta property=\"og:site_name\" content=\"Zona Caral\" \/>\n<meta property=\"article:published_time\" content=\"2018-09-18T17:04:42+00:00\" \/>\n<meta property=\"og:image\" content=\"https:\/\/zonacaral.gob.pe\/wp-content\/uploads\/2018\/09\/taller-pintura-11.png\" \/>\n\t<meta property=\"og:image:width\" content=\"810\" \/>\n\t<meta property=\"og:image:height\" content=\"410\" \/>\n\t<meta property=\"og:image:type\" content=\"image\/png\" \/>\n<meta name=\"author\" content=\"Zona Caral Administrador\" \/>\n<meta name=\"twitter:card\" content=\"summary_large_image\" \/>\n<meta name=\"twitter:label1\" content=\"Written by\" \/>\n\t<meta name=\"twitter:data1\" content=\"Zona Caral Administrador\" \/>\n\t<meta name=\"twitter:label2\" content=\"Est. reading time\" \/>\n\t<meta name=\"twitter:data2\" content=\"3 minutos\" \/>\n<script type=\"application\/ld+json\" class=\"yoast-schema-graph\">{\"@context\":\"https:\\\/\\\/schema.org\",\"@graph\":[{\"@type\":\"Article\",\"@id\":\"https:\\\/\\\/zonacaral.gob.pe\\\/es\\\/noticias\\\/actividades-gratuitas-diviertete-conociendo-la-cultura-caral-3\\\/#article\",\"isPartOf\":{\"@id\":\"https:\\\/\\\/zonacaral.gob.pe\\\/es\\\/noticias\\\/actividades-gratuitas-diviertete-conociendo-la-cultura-caral-3\\\/\"},\"author\":{\"name\":\"Zona Caral Administrador\",\"@id\":\"https:\\\/\\\/zonacaral.gob.pe\\\/es\\\/#\\\/schema\\\/person\\\/beddb4d22f71a7230c5b90913270a0ee\"},\"headline\":\"Actividades gratuitas este finde semana en el Callao\",\"datePublished\":\"2018-09-18T17:04:42+00:00\",\"mainEntityOfPage\":{\"@id\":\"https:\\\/\\\/zonacaral.gob.pe\\\/es\\\/noticias\\\/actividades-gratuitas-diviertete-conociendo-la-cultura-caral-3\\\/\"},\"wordCount\":638,\"image\":{\"@id\":\"https:\\\/\\\/zonacaral.gob.pe\\\/es\\\/noticias\\\/actividades-gratuitas-diviertete-conociendo-la-cultura-caral-3\\\/#primaryimage\"},\"thumbnailUrl\":\"https:\\\/\\\/zonacaral.gob.pe\\\/wp-content\\\/uploads\\\/2018\\\/09\\\/taller-pintura-11.png\",\"keywords\":[\"ceramica\",\"Cultura\",\"museo\",\"Ni\u00f1os\",\"pintura\",\"talleres\"],\"articleSection\":[\"noticias\"],\"inLanguage\":\"es-PE\"},{\"@type\":\"WebPage\",\"@id\":\"https:\\\/\\\/zonacaral.gob.pe\\\/es\\\/noticias\\\/actividades-gratuitas-diviertete-conociendo-la-cultura-caral-3\\\/\",\"url\":\"https:\\\/\\\/zonacaral.gob.pe\\\/es\\\/noticias\\\/actividades-gratuitas-diviertete-conociendo-la-cultura-caral-3\\\/\",\"name\":\"Actividades gratuitas este finde semana en el Callao\",\"isPartOf\":{\"@id\":\"https:\\\/\\\/zonacaral.gob.pe\\\/es\\\/#website\"},\"primaryImageOfPage\":{\"@id\":\"https:\\\/\\\/zonacaral.gob.pe\\\/es\\\/noticias\\\/actividades-gratuitas-diviertete-conociendo-la-cultura-caral-3\\\/#primaryimage\"},\"image\":{\"@id\":\"https:\\\/\\\/zonacaral.gob.pe\\\/es\\\/noticias\\\/actividades-gratuitas-diviertete-conociendo-la-cultura-caral-3\\\/#primaryimage\"},\"thumbnailUrl\":\"https:\\\/\\\/zonacaral.gob.pe\\\/wp-content\\\/uploads\\\/2018\\\/09\\\/taller-pintura-11.png\",\"datePublished\":\"2018-09-18T17:04:42+00:00\",\"author\":{\"@id\":\"https:\\\/\\\/zonacaral.gob.pe\\\/es\\\/#\\\/schema\\\/person\\\/beddb4d22f71a7230c5b90913270a0ee\"},\"description\":\"La Civilizaci\u00f3n Caral, considerada la m\u00e1s antigua de Am\u00e9rica, se desarroll\u00f3 hace 5000 a\u00f1os en el \u00e1rea norcentral del Per\u00fa, cambiando el orden civilizatorio del mundo.\",\"breadcrumb\":{\"@id\":\"https:\\\/\\\/zonacaral.gob.pe\\\/es\\\/noticias\\\/actividades-gratuitas-diviertete-conociendo-la-cultura-caral-3\\\/#breadcrumb\"},\"inLanguage\":\"es-PE\",\"potentialAction\":[{\"@type\":\"ReadAction\",\"target\":[\"https:\\\/\\\/zonacaral.gob.pe\\\/es\\\/noticias\\\/actividades-gratuitas-diviertete-conociendo-la-cultura-caral-3\\\/\"]}]},{\"@type\":\"ImageObject\",\"inLanguage\":\"es-PE\",\"@id\":\"https:\\\/\\\/zonacaral.gob.pe\\\/es\\\/noticias\\\/actividades-gratuitas-diviertete-conociendo-la-cultura-caral-3\\\/#primaryimage\",\"url\":\"https:\\\/\\\/zonacaral.gob.pe\\\/wp-content\\\/uploads\\\/2018\\\/09\\\/taller-pintura-11.png\",\"contentUrl\":\"https:\\\/\\\/zonacaral.gob.pe\\\/wp-content\\\/uploads\\\/2018\\\/09\\\/taller-pintura-11.png\",\"width\":810,\"height\":410},{\"@type\":\"BreadcrumbList\",\"@id\":\"https:\\\/\\\/zonacaral.gob.pe\\\/es\\\/noticias\\\/actividades-gratuitas-diviertete-conociendo-la-cultura-caral-3\\\/#breadcrumb\",\"itemListElement\":[{\"@type\":\"ListItem\",\"position\":1,\"name\":\"Portada\",\"item\":\"https:\\\/\\\/zonacaral.gob.pe\\\/\"},{\"@type\":\"ListItem\",\"position\":2,\"name\":\"Actividades gratuitas este finde semana en el Callao\"}]},{\"@type\":\"WebSite\",\"@id\":\"https:\\\/\\\/zonacaral.gob.pe\\\/es\\\/#website\",\"url\":\"https:\\\/\\\/zonacaral.gob.pe\\\/es\\\/\",\"name\":\"Zona Caral\",\"description\":\"Investigamos, conservamos y difundimos el patrimonio cultural de la Civilizaci\u00f3n Caral, la m\u00e1s antigua de Am\u00e9rica.\",\"potentialAction\":[{\"@type\":\"SearchAction\",\"target\":{\"@type\":\"EntryPoint\",\"urlTemplate\":\"https:\\\/\\\/zonacaral.gob.pe\\\/es\\\/?s={search_term_string}\"},\"query-input\":{\"@type\":\"PropertyValueSpecification\",\"valueRequired\":true,\"valueName\":\"search_term_string\"}}],\"inLanguage\":\"es-PE\"},{\"@type\":\"Person\",\"@id\":\"https:\\\/\\\/zonacaral.gob.pe\\\/es\\\/#\\\/schema\\\/person\\\/beddb4d22f71a7230c5b90913270a0ee\",\"name\":\"Zona Caral Administrador\",\"image\":{\"@type\":\"ImageObject\",\"inLanguage\":\"es-PE\",\"@id\":\"https:\\\/\\\/secure.gravatar.com\\\/avatar\\\/e4be162918a696358376de6446614e0f0f4062bdc5d170d6d540ada3d8b58c12?s=96&d=mm&r=g\",\"url\":\"https:\\\/\\\/secure.gravatar.com\\\/avatar\\\/e4be162918a696358376de6446614e0f0f4062bdc5d170d6d540ada3d8b58c12?s=96&d=mm&r=g\",\"contentUrl\":\"https:\\\/\\\/secure.gravatar.com\\\/avatar\\\/e4be162918a696358376de6446614e0f0f4062bdc5d170d6d540ada3d8b58c12?s=96&d=mm&r=g\",\"caption\":\"Zona Caral Administrador\"},\"sameAs\":[\"https:\\\/\\\/zonacaral.gob.pe\"],\"url\":\"https:\\\/\\\/zonacaral.gob.pe\\\/es\\\/noticias\\\/author\\\/ad_zonacaral\\\/\"}]}<\/script>\n<!-- \/ Yoast SEO plugin. -->","yoast_head_json":{"title":"Actividades gratuitas este finde semana en el Callao","description":"La Civilizaci\u00f3n Caral, considerada la m\u00e1s antigua de Am\u00e9rica, se desarroll\u00f3 hace 5000 a\u00f1os en el \u00e1rea norcentral del Per\u00fa, cambiando el orden civilizatorio del mundo.","robots":{"index":"index","follow":"follow","max-snippet":"max-snippet:-1","max-image-preview":"max-image-preview:large","max-video-preview":"max-video-preview:-1"},"canonical":"https:\/\/zonacaral.gob.pe\/es\/noticias\/actividades-gratuitas-diviertete-conociendo-la-cultura-caral-3\/","og_locale":"es_ES","og_type":"article","og_title":"Actividades gratuitas este finde semana en el Callao","og_description":"La Civilizaci\u00f3n Caral, considerada la m\u00e1s antigua de Am\u00e9rica, se desarroll\u00f3 hace 5000 a\u00f1os en el \u00e1rea norcentral del Per\u00fa, cambiando el orden civilizatorio del mundo.","og_url":"https:\/\/zonacaral.gob.pe\/es\/noticias\/actividades-gratuitas-diviertete-conociendo-la-cultura-caral-3\/","og_site_name":"Zona Caral","article_published_time":"2018-09-18T17:04:42+00:00","og_image":[{"width":810,"height":410,"url":"https:\/\/zonacaral.gob.pe\/wp-content\/uploads\/2018\/09\/taller-pintura-11.png","type":"image\/png"}],"author":"Zona Caral Administrador","twitter_card":"summary_large_image","twitter_misc":{"Written by":"Zona Caral Administrador","Est. reading time":"3 minutos"},"schema":{"@context":"https:\/\/schema.org","@graph":[{"@type":"Article","@id":"https:\/\/zonacaral.gob.pe\/es\/noticias\/actividades-gratuitas-diviertete-conociendo-la-cultura-caral-3\/#article","isPartOf":{"@id":"https:\/\/zonacaral.gob.pe\/es\/noticias\/actividades-gratuitas-diviertete-conociendo-la-cultura-caral-3\/"},"author":{"name":"Zona Caral Administrador","@id":"https:\/\/zonacaral.gob.pe\/es\/#\/schema\/person\/beddb4d22f71a7230c5b90913270a0ee"},"headline":"Actividades gratuitas este finde semana en el Callao","datePublished":"2018-09-18T17:04:42+00:00","mainEntityOfPage":{"@id":"https:\/\/zonacaral.gob.pe\/es\/noticias\/actividades-gratuitas-diviertete-conociendo-la-cultura-caral-3\/"},"wordCount":638,"image":{"@id":"https:\/\/zonacaral.gob.pe\/es\/noticias\/actividades-gratuitas-diviertete-conociendo-la-cultura-caral-3\/#primaryimage"},"thumbnailUrl":"https:\/\/zonacaral.gob.pe\/wp-content\/uploads\/2018\/09\/taller-pintura-11.png","keywords":["ceramica","Cultura","museo","Ni\u00f1os","pintura","talleres"],"articleSection":["noticias"],"inLanguage":"es-PE"},{"@type":"WebPage","@id":"https:\/\/zonacaral.gob.pe\/es\/noticias\/actividades-gratuitas-diviertete-conociendo-la-cultura-caral-3\/","url":"https:\/\/zonacaral.gob.pe\/es\/noticias\/actividades-gratuitas-diviertete-conociendo-la-cultura-caral-3\/","name":"Actividades gratuitas este finde semana en el Callao","isPartOf":{"@id":"https:\/\/zonacaral.gob.pe\/es\/#website"},"primaryImageOfPage":{"@id":"https:\/\/zonacaral.gob.pe\/es\/noticias\/actividades-gratuitas-diviertete-conociendo-la-cultura-caral-3\/#primaryimage"},"image":{"@id":"https:\/\/zonacaral.gob.pe\/es\/noticias\/actividades-gratuitas-diviertete-conociendo-la-cultura-caral-3\/#primaryimage"},"thumbnailUrl":"https:\/\/zonacaral.gob.pe\/wp-content\/uploads\/2018\/09\/taller-pintura-11.png","datePublished":"2018-09-18T17:04:42+00:00","author":{"@id":"https:\/\/zonacaral.gob.pe\/es\/#\/schema\/person\/beddb4d22f71a7230c5b90913270a0ee"},"description":"La Civilizaci\u00f3n Caral, considerada la m\u00e1s antigua de Am\u00e9rica, se desarroll\u00f3 hace 5000 a\u00f1os en el \u00e1rea norcentral del Per\u00fa, cambiando el orden civilizatorio del mundo.","breadcrumb":{"@id":"https:\/\/zonacaral.gob.pe\/es\/noticias\/actividades-gratuitas-diviertete-conociendo-la-cultura-caral-3\/#breadcrumb"},"inLanguage":"es-PE","potentialAction":[{"@type":"ReadAction","target":["https:\/\/zonacaral.gob.pe\/es\/noticias\/actividades-gratuitas-diviertete-conociendo-la-cultura-caral-3\/"]}]},{"@type":"ImageObject","inLanguage":"es-PE","@id":"https:\/\/zonacaral.gob.pe\/es\/noticias\/actividades-gratuitas-diviertete-conociendo-la-cultura-caral-3\/#primaryimage","url":"https:\/\/zonacaral.gob.pe\/wp-content\/uploads\/2018\/09\/taller-pintura-11.png","contentUrl":"https:\/\/zonacaral.gob.pe\/wp-content\/uploads\/2018\/09\/taller-pintura-11.png","width":810,"height":410},{"@type":"BreadcrumbList","@id":"https:\/\/zonacaral.gob.pe\/es\/noticias\/actividades-gratuitas-diviertete-conociendo-la-cultura-caral-3\/#breadcrumb","itemListElement":[{"@type":"ListItem","position":1,"name":"Portada","item":"https:\/\/zonacaral.gob.pe\/"},{"@type":"ListItem","position":2,"name":"Actividades gratuitas este finde semana en el Callao"}]},{"@type":"WebSite","@id":"https:\/\/zonacaral.gob.pe\/es\/#website","url":"https:\/\/zonacaral.gob.pe\/es\/","name":"Zona Caral","description":"Investigamos, conservamos y difundimos el patrimonio cultural de la Civilizaci\u00f3n Caral, la m\u00e1s antigua de Am\u00e9rica.","potentialAction":[{"@type":"SearchAction","target":{"@type":"EntryPoint","urlTemplate":"https:\/\/zonacaral.gob.pe\/es\/?s={search_term_string}"},"query-input":{"@type":"PropertyValueSpecification","valueRequired":true,"valueName":"search_term_string"}}],"inLanguage":"es-PE"},{"@type":"Person","@id":"https:\/\/zonacaral.gob.pe\/es\/#\/schema\/person\/beddb4d22f71a7230c5b90913270a0ee","name":"Zona Caral Administrador","image":{"@type":"ImageObject","inLanguage":"es-PE","@id":"https:\/\/secure.gravatar.com\/avatar\/e4be162918a696358376de6446614e0f0f4062bdc5d170d6d540ada3d8b58c12?s=96&d=mm&r=g","url":"https:\/\/secure.gravatar.com\/avatar\/e4be162918a696358376de6446614e0f0f4062bdc5d170d6d540ada3d8b58c12?s=96&d=mm&r=g","contentUrl":"https:\/\/secure.gravatar.com\/avatar\/e4be162918a696358376de6446614e0f0f4062bdc5d170d6d540ada3d8b58c12?s=96&d=mm&r=g","caption":"Zona Caral Administrador"},"sameAs":["https:\/\/zonacaral.gob.pe"],"url":"https:\/\/zonacaral.gob.pe\/es\/noticias\/author\/ad_zonacaral\/"}]}},"_links":{"self":[{"href":"https:\/\/zonacaral.gob.pe\/es\/wp-json\/wp\/v2\/posts\/13326","targetHints":{"allow":["GET"]}}],"collection":[{"href":"https:\/\/zonacaral.gob.pe\/es\/wp-json\/wp\/v2\/posts"}],"about":[{"href":"https:\/\/zonacaral.gob.pe\/es\/wp-json\/wp\/v2\/types\/post"}],"author":[{"embeddable":true,"href":"https:\/\/zonacaral.gob.pe\/es\/wp-json\/wp\/v2\/users\/1"}],"replies":[{"embeddable":true,"href":"https:\/\/zonacaral.gob.pe\/es\/wp-json\/wp\/v2\/comments?post=13326"}],"version-history":[{"count":0,"href":"https:\/\/zonacaral.gob.pe\/es\/wp-json\/wp\/v2\/posts\/13326\/revisions"}],"wp:featuredmedia":[{"embeddable":true,"href":"https:\/\/zonacaral.gob.pe\/es\/wp-json\/wp\/v2\/media\/13336"}],"wp:attachment":[{"href":"https:\/\/zonacaral.gob.pe\/es\/wp-json\/wp\/v2\/media?parent=13326"}],"wp:term":[{"taxonomy":"category","embeddable":true,"href":"https:\/\/zonacaral.gob.pe\/es\/wp-json\/wp\/v2\/categories?post=13326"},{"taxonomy":"post_tag","embeddable":true,"href":"https:\/\/zonacaral.gob.pe\/es\/wp-json\/wp\/v2\/tags?post=13326"}],"curies":[{"name":"wp","href":"https:\/\/api.w.org\/{rel}","templated":true}]}}