{"id":13375,"date":"2018-09-21T12:25:03","date_gmt":"2018-09-21T17:25:03","guid":{"rendered":"http:\/\/www.zonacaral.gob.pe\/?p=13375"},"modified":"2018-09-21T12:25:03","modified_gmt":"2018-09-21T17:25:03","slug":"ruth-shady-contribuyamos-a-que-las-mujeres-se-empoderen-en-diferentes-campos-academicos","status":"publish","type":"post","link":"https:\/\/zonacaral.gob.pe\/es\/noticias\/ruth-shady-contribuyamos-a-que-las-mujeres-se-empoderen-en-diferentes-campos-academicos\/","title":{"rendered":"Ruth Shady: contribuyamos a que las mujeres se empoderen en diferentes campos acad\u00e9micos"},"content":{"rendered":"<figure class=\"pic-autor\" style=\"color: #4d4d4d; text-align: justify;\"><\/figure>\n<blockquote><p>Mostr\u00f3 cifras en las que se demuestra que las mujeres no tienen a\u00fan las mismas oportunidades que los hombres en nuestro pa\u00eds y el mundo.<\/p><\/blockquote>\n<p>La Doctora Ruth Shady Sol\u00eds, Punto Focal de Mujeres para la Ciencia del Per\u00fa, de la Red Interamericana de Academias de Ciencias (IANAS, por sus siglas en ingl\u00e9s), realiz\u00f3 una exposici\u00f3n en el marco de los coloquios de F\u00edsica organizado por la Pontifica Universidad Cat\u00f3lica del Per\u00fa (PUCP).<\/p>\n<p>En su presentaci\u00f3n, dirigida a estudiantes universitarios, entre varones y mujeres, Shady Sol\u00eds sostuvo que el desarrollo de la mujer como cient\u00edfica no solo es un problema en el Per\u00fa, sino, tambi\u00e9n a nivel mundial. \u201cLa mujer tiene restringido el acceso a su desarrollo como cient\u00edfica\u201d, indic\u00f3.<\/p>\n<p>\u201cLas Naciones Unidades se\u00f1ala que la igualdad entre los g\u00e9neros no solo es un derecho humano b\u00e1sico, sino que tiene su logro, con enormes ramificaciones socioecon\u00f3micas. Lo que pasa (actualmente), en el mundo, es por la falta de visi\u00f3n de equidad de g\u00e9nero, no somos iguales (varones y mujeres)\u201d, agreg\u00f3.<\/p>\n<p>La arque\u00f3loga coment\u00f3 que la desigualdad de g\u00e9nero est\u00e1 muy arraigada en la sociedad; y en nuestro pa\u00eds es mucho m\u00e1s intenso.<\/p>\n<p>La directora de la Zona Arqueol\u00f3gica Caral, UE 003 del Ministerio de Cultura, sostuvo que, seg\u00fan la Academia Nacional de Ciencias, en el 2013 exist\u00edan solo 875 mujeres que se dedicaban a la investigaci\u00f3n cient\u00edfica, de m\u00e1s de 10 millones de mujeres, en ese a\u00f1o.<\/p>\n<p>Asimismo, citando el II Censo Universitario del 2010, se\u00f1al\u00f3 que, de los 59 085 docentes registrados, menos de la mitad, 25 259, se dedicaban a la investigaci\u00f3n, siendo en su mayor\u00eda varones (70 %). Y que, seg\u00fan el \u00e1rea de conocimiento acad\u00e9mico, las mujeres se han enfocado m\u00e1s en Ciencias de la Salud, Psicolog\u00eda y Educaci\u00f3n.<\/p>\n<p>De igual modo, seg\u00fan la encuesta de Mujeres para la Ciencia, en el 2015, el 73 % de las mujeres que trabajan est\u00e1n en Lima y esto en la zona rural.<\/p>\n<p>La Doctora Ruth Shady, resalt\u00f3 que en Per\u00fa existen 38 congresistas mujeres de 130. Tambi\u00e9n que hay cinco ministras, de 18 carteras ministeriales, y una viceministra, la Sra. Mercedes Ar\u00e1oz; adem\u00e1s de una presidenta en el Consejo Nacional de Ciencia y Tecnolog\u00eda (CONCYTEC).<\/p>\n<p>En su presentaci\u00f3n hizo un resumen del trabajo que ha venido realizando como Punto Focal de IANAS. Comparti\u00f3, por ejemplo, su experiencia recolectando datos estad\u00edsticos y la realizaci\u00f3n de talleres descentralizados en Per\u00fa, con el fin de incentivar a las mujeres en la participaci\u00f3n y producci\u00f3n de conocimientos en ciencia y tecnolog\u00eda.<\/p>\n<p>La docente de la Universidad Mayor de San Marcos, coment\u00f3 que se est\u00e1 avanzando y hay inter\u00e9s en promover la participaci\u00f3n de las mujeres en el \u00e1mbito cient\u00edfico, como en otras \u00e1reas de la ciencia e investigaci\u00f3n.<\/p>\n<p>Resalt\u00f3 que desde que se formaron las civilizaciones las mujeres tuvieron roles importantes y accesos a los puestos de poder. \u201cEso podemos demostrarlo arqueol\u00f3gicamente, desde hace 5000 a\u00f1os, como tambi\u00e9n en sociedades como en (la cultura) Moche, hasta la Inca\u201d.<\/p>\n<p>\u201cNo podemos esperar que cuatro siglos nos hayan avasallado. Debemos contribuir a que la mujer se empodere en los diferentes campos acad\u00e9micos\u201d, dijo en el coloquio de F\u00edsica de la PUCP.<\/p>\n<p>Al finalizar sostuvo: \u201cEl mensaje de las sociedades andinas ancestrales es la igualdad de oportunidades al g\u00e9nero femenino y masculino. Es el desarrollo arm\u00f3nico, cognitivo \/emocional\u201d.<\/p>\n<p>&nbsp;<\/p>\n<p><iframe src=\"https:\/\/www.youtube.com\/embed\/NPVOq30L9eY\" width=\"560\" height=\"400\" frameborder=\"0\" allowfullscreen=\"allowfullscreen\"><\/iframe><\/p>\n<p>&nbsp;<\/p>\n<p style=\"text-align: justify;\"><span style=\"color: #993300;\"><strong>Fuente<\/strong><strong>: Prensa ZAC<\/strong><\/span><\/p>\n<div style=\"color: #1f1f1f;\">\n<p style=\"text-align: justify;\">Fecha de publicaci\u00f3n: 21\/09\/2018<\/p>\n<\/div>\n","protected":false},"excerpt":{"rendered":"<p>Mostr\u00f3 cifras en las que se demuestra que las mujeres no tienen a\u00fan las mismas oportunidades que los hombres en [&hellip;]<\/p>\n","protected":false},"author":1,"featured_media":13376,"comment_status":"closed","ping_status":"open","sticky":false,"template":"","format":"standard","meta":{"_acf_changed":false,"site-sidebar-layout":"default","site-content-layout":"","ast-site-content-layout":"default","site-content-style":"default","site-sidebar-style":"default","ast-global-header-display":"","ast-banner-title-visibility":"","ast-main-header-display":"","ast-hfb-above-header-display":"","ast-hfb-below-header-display":"","ast-hfb-mobile-header-display":"","site-post-title":"","ast-breadcrumbs-content":"","ast-featured-img":"","footer-sml-layout":"","ast-disable-related-posts":"","theme-transparent-header-meta":"","adv-header-id-meta":"","stick-header-meta":"","header-above-stick-meta":"","header-main-stick-meta":"","header-below-stick-meta":"","astra-migrate-meta-layouts":"default","ast-page-background-enabled":"default","ast-page-background-meta":{"desktop":{"background-color":"var(--ast-global-color-5)","background-image":"","background-repeat":"repeat","background-position":"center center","background-size":"auto","background-attachment":"scroll","background-type":"","background-media":"","overlay-type":"","overlay-color":"","overlay-opacity":"","overlay-gradient":""},"tablet":{"background-color":"","background-image":"","background-repeat":"repeat","background-position":"center center","background-size":"auto","background-attachment":"scroll","background-type":"","background-media":"","overlay-type":"","overlay-color":"","overlay-opacity":"","overlay-gradient":""},"mobile":{"background-color":"","background-image":"","background-repeat":"repeat","background-position":"center center","background-size":"auto","background-attachment":"scroll","background-type":"","background-media":"","overlay-type":"","overlay-color":"","overlay-opacity":"","overlay-gradient":""}},"ast-content-background-meta":{"desktop":{"background-color":"var(--ast-global-color-4)","background-image":"","background-repeat":"repeat","background-position":"center center","background-size":"auto","background-attachment":"scroll","background-type":"","background-media":"","overlay-type":"","overlay-color":"","overlay-opacity":"","overlay-gradient":""},"tablet":{"background-color":"var(--ast-global-color-4)","background-image":"","background-repeat":"repeat","background-position":"center center","background-size":"auto","background-attachment":"scroll","background-type":"","background-media":"","overlay-type":"","overlay-color":"","overlay-opacity":"","overlay-gradient":""},"mobile":{"background-color":"var(--ast-global-color-4)","background-image":"","background-repeat":"repeat","background-position":"center center","background-size":"auto","background-attachment":"scroll","background-type":"","background-media":"","overlay-type":"","overlay-color":"","overlay-opacity":"","overlay-gradient":""}},"footnotes":""},"categories":[208],"tags":[178,179,82],"class_list":["post-13375","post","type-post","status-publish","format-standard","has-post-thumbnail","hentry","category-noticias","tag-mujeres","tag-pucp","tag-ruth-shady"],"acf":[],"yoast_head":"<!-- This site is optimized with the Yoast SEO plugin v27.3 - https:\/\/yoast.com\/product\/yoast-seo-wordpress\/ -->\n<title>Ruth Shady: contribuyamos a que las mujeres se empoderen<\/title>\n<meta name=\"description\" content=\"La Civilizaci\u00f3n Caral, considerada la m\u00e1s antigua de Am\u00e9rica, se desarroll\u00f3 hace 5000 a\u00f1os en el \u00e1rea norcentral del Per\u00fa, cambiando el orden civilizatorio del mundo.\" \/>\n<meta name=\"robots\" content=\"index, follow, max-snippet:-1, max-image-preview:large, max-video-preview:-1\" \/>\n<link rel=\"canonical\" href=\"https:\/\/zonacaral.gob.pe\/es\/noticias\/ruth-shady-contribuyamos-a-que-las-mujeres-se-empoderen-en-diferentes-campos-academicos\/\" \/>\n<meta property=\"og:locale\" content=\"es_ES\" \/>\n<meta property=\"og:type\" content=\"article\" \/>\n<meta property=\"og:title\" content=\"Ruth Shady: contribuyamos a que las mujeres se empoderen\" \/>\n<meta property=\"og:description\" content=\"La Civilizaci\u00f3n Caral, considerada la m\u00e1s antigua de Am\u00e9rica, se desarroll\u00f3 hace 5000 a\u00f1os en el \u00e1rea norcentral del Per\u00fa, cambiando el orden civilizatorio del mundo.\" \/>\n<meta property=\"og:url\" content=\"https:\/\/zonacaral.gob.pe\/es\/noticias\/ruth-shady-contribuyamos-a-que-las-mujeres-se-empoderen-en-diferentes-campos-academicos\/\" \/>\n<meta property=\"og:site_name\" content=\"Zona Caral\" \/>\n<meta property=\"article:published_time\" content=\"2018-09-21T17:25:03+00:00\" \/>\n<meta property=\"og:image\" content=\"https:\/\/zonacaral.gob.pe\/wp-content\/uploads\/2018\/09\/dra-1.jpg\" \/>\n\t<meta property=\"og:image:width\" content=\"810\" \/>\n\t<meta property=\"og:image:height\" content=\"410\" \/>\n\t<meta property=\"og:image:type\" content=\"image\/jpeg\" \/>\n<meta name=\"author\" content=\"Zona Caral Administrador\" \/>\n<meta name=\"twitter:card\" content=\"summary_large_image\" \/>\n<meta name=\"twitter:label1\" content=\"Written by\" \/>\n\t<meta name=\"twitter:data1\" content=\"Zona Caral Administrador\" \/>\n\t<meta name=\"twitter:label2\" content=\"Est. reading time\" \/>\n\t<meta name=\"twitter:data2\" content=\"3 minutos\" \/>\n<script type=\"application\/ld+json\" class=\"yoast-schema-graph\">{\"@context\":\"https:\\\/\\\/schema.org\",\"@graph\":[{\"@type\":\"Article\",\"@id\":\"https:\\\/\\\/zonacaral.gob.pe\\\/es\\\/noticias\\\/ruth-shady-contribuyamos-a-que-las-mujeres-se-empoderen-en-diferentes-campos-academicos\\\/#article\",\"isPartOf\":{\"@id\":\"https:\\\/\\\/zonacaral.gob.pe\\\/es\\\/noticias\\\/ruth-shady-contribuyamos-a-que-las-mujeres-se-empoderen-en-diferentes-campos-academicos\\\/\"},\"author\":{\"name\":\"Zona Caral Administrador\",\"@id\":\"https:\\\/\\\/zonacaral.gob.pe\\\/es\\\/#\\\/schema\\\/person\\\/beddb4d22f71a7230c5b90913270a0ee\"},\"headline\":\"Ruth Shady: contribuyamos a que las mujeres se empoderen en diferentes campos acad\u00e9micos\",\"datePublished\":\"2018-09-21T17:25:03+00:00\",\"mainEntityOfPage\":{\"@id\":\"https:\\\/\\\/zonacaral.gob.pe\\\/es\\\/noticias\\\/ruth-shady-contribuyamos-a-que-las-mujeres-se-empoderen-en-diferentes-campos-academicos\\\/\"},\"wordCount\":618,\"image\":{\"@id\":\"https:\\\/\\\/zonacaral.gob.pe\\\/es\\\/noticias\\\/ruth-shady-contribuyamos-a-que-las-mujeres-se-empoderen-en-diferentes-campos-academicos\\\/#primaryimage\"},\"thumbnailUrl\":\"https:\\\/\\\/zonacaral.gob.pe\\\/wp-content\\\/uploads\\\/2018\\\/09\\\/dra-1.jpg\",\"keywords\":[\"mujeres\",\"PUCP\",\"Ruth Shady\"],\"articleSection\":[\"noticias\"],\"inLanguage\":\"es-PE\"},{\"@type\":\"WebPage\",\"@id\":\"https:\\\/\\\/zonacaral.gob.pe\\\/es\\\/noticias\\\/ruth-shady-contribuyamos-a-que-las-mujeres-se-empoderen-en-diferentes-campos-academicos\\\/\",\"url\":\"https:\\\/\\\/zonacaral.gob.pe\\\/es\\\/noticias\\\/ruth-shady-contribuyamos-a-que-las-mujeres-se-empoderen-en-diferentes-campos-academicos\\\/\",\"name\":\"Ruth Shady: contribuyamos a que las mujeres se empoderen\",\"isPartOf\":{\"@id\":\"https:\\\/\\\/zonacaral.gob.pe\\\/es\\\/#website\"},\"primaryImageOfPage\":{\"@id\":\"https:\\\/\\\/zonacaral.gob.pe\\\/es\\\/noticias\\\/ruth-shady-contribuyamos-a-que-las-mujeres-se-empoderen-en-diferentes-campos-academicos\\\/#primaryimage\"},\"image\":{\"@id\":\"https:\\\/\\\/zonacaral.gob.pe\\\/es\\\/noticias\\\/ruth-shady-contribuyamos-a-que-las-mujeres-se-empoderen-en-diferentes-campos-academicos\\\/#primaryimage\"},\"thumbnailUrl\":\"https:\\\/\\\/zonacaral.gob.pe\\\/wp-content\\\/uploads\\\/2018\\\/09\\\/dra-1.jpg\",\"datePublished\":\"2018-09-21T17:25:03+00:00\",\"author\":{\"@id\":\"https:\\\/\\\/zonacaral.gob.pe\\\/es\\\/#\\\/schema\\\/person\\\/beddb4d22f71a7230c5b90913270a0ee\"},\"description\":\"La Civilizaci\u00f3n Caral, considerada la m\u00e1s antigua de Am\u00e9rica, se desarroll\u00f3 hace 5000 a\u00f1os en el \u00e1rea norcentral del Per\u00fa, cambiando el orden civilizatorio del mundo.\",\"breadcrumb\":{\"@id\":\"https:\\\/\\\/zonacaral.gob.pe\\\/es\\\/noticias\\\/ruth-shady-contribuyamos-a-que-las-mujeres-se-empoderen-en-diferentes-campos-academicos\\\/#breadcrumb\"},\"inLanguage\":\"es-PE\",\"potentialAction\":[{\"@type\":\"ReadAction\",\"target\":[\"https:\\\/\\\/zonacaral.gob.pe\\\/es\\\/noticias\\\/ruth-shady-contribuyamos-a-que-las-mujeres-se-empoderen-en-diferentes-campos-academicos\\\/\"]}]},{\"@type\":\"ImageObject\",\"inLanguage\":\"es-PE\",\"@id\":\"https:\\\/\\\/zonacaral.gob.pe\\\/es\\\/noticias\\\/ruth-shady-contribuyamos-a-que-las-mujeres-se-empoderen-en-diferentes-campos-academicos\\\/#primaryimage\",\"url\":\"https:\\\/\\\/zonacaral.gob.pe\\\/wp-content\\\/uploads\\\/2018\\\/09\\\/dra-1.jpg\",\"contentUrl\":\"https:\\\/\\\/zonacaral.gob.pe\\\/wp-content\\\/uploads\\\/2018\\\/09\\\/dra-1.jpg\",\"width\":810,\"height\":410},{\"@type\":\"BreadcrumbList\",\"@id\":\"https:\\\/\\\/zonacaral.gob.pe\\\/es\\\/noticias\\\/ruth-shady-contribuyamos-a-que-las-mujeres-se-empoderen-en-diferentes-campos-academicos\\\/#breadcrumb\",\"itemListElement\":[{\"@type\":\"ListItem\",\"position\":1,\"name\":\"Portada\",\"item\":\"https:\\\/\\\/zonacaral.gob.pe\\\/\"},{\"@type\":\"ListItem\",\"position\":2,\"name\":\"Ruth Shady: contribuyamos a que las mujeres se empoderen en diferentes campos acad\u00e9micos\"}]},{\"@type\":\"WebSite\",\"@id\":\"https:\\\/\\\/zonacaral.gob.pe\\\/es\\\/#website\",\"url\":\"https:\\\/\\\/zonacaral.gob.pe\\\/es\\\/\",\"name\":\"Zona Caral\",\"description\":\"Investigamos, conservamos y difundimos el patrimonio cultural de la Civilizaci\u00f3n Caral, la m\u00e1s antigua de Am\u00e9rica.\",\"potentialAction\":[{\"@type\":\"SearchAction\",\"target\":{\"@type\":\"EntryPoint\",\"urlTemplate\":\"https:\\\/\\\/zonacaral.gob.pe\\\/es\\\/?s={search_term_string}\"},\"query-input\":{\"@type\":\"PropertyValueSpecification\",\"valueRequired\":true,\"valueName\":\"search_term_string\"}}],\"inLanguage\":\"es-PE\"},{\"@type\":\"Person\",\"@id\":\"https:\\\/\\\/zonacaral.gob.pe\\\/es\\\/#\\\/schema\\\/person\\\/beddb4d22f71a7230c5b90913270a0ee\",\"name\":\"Zona Caral Administrador\",\"image\":{\"@type\":\"ImageObject\",\"inLanguage\":\"es-PE\",\"@id\":\"https:\\\/\\\/secure.gravatar.com\\\/avatar\\\/e4be162918a696358376de6446614e0f0f4062bdc5d170d6d540ada3d8b58c12?s=96&d=mm&r=g\",\"url\":\"https:\\\/\\\/secure.gravatar.com\\\/avatar\\\/e4be162918a696358376de6446614e0f0f4062bdc5d170d6d540ada3d8b58c12?s=96&d=mm&r=g\",\"contentUrl\":\"https:\\\/\\\/secure.gravatar.com\\\/avatar\\\/e4be162918a696358376de6446614e0f0f4062bdc5d170d6d540ada3d8b58c12?s=96&d=mm&r=g\",\"caption\":\"Zona Caral Administrador\"},\"sameAs\":[\"https:\\\/\\\/zonacaral.gob.pe\"],\"url\":\"https:\\\/\\\/zonacaral.gob.pe\\\/es\\\/noticias\\\/author\\\/ad_zonacaral\\\/\"}]}<\/script>\n<!-- \/ Yoast SEO plugin. -->","yoast_head_json":{"title":"Ruth Shady: contribuyamos a que las mujeres se empoderen","description":"La Civilizaci\u00f3n Caral, considerada la m\u00e1s antigua de Am\u00e9rica, se desarroll\u00f3 hace 5000 a\u00f1os en el \u00e1rea norcentral del Per\u00fa, cambiando el orden civilizatorio del mundo.","robots":{"index":"index","follow":"follow","max-snippet":"max-snippet:-1","max-image-preview":"max-image-preview:large","max-video-preview":"max-video-preview:-1"},"canonical":"https:\/\/zonacaral.gob.pe\/es\/noticias\/ruth-shady-contribuyamos-a-que-las-mujeres-se-empoderen-en-diferentes-campos-academicos\/","og_locale":"es_ES","og_type":"article","og_title":"Ruth Shady: contribuyamos a que las mujeres se empoderen","og_description":"La Civilizaci\u00f3n Caral, considerada la m\u00e1s antigua de Am\u00e9rica, se desarroll\u00f3 hace 5000 a\u00f1os en el \u00e1rea norcentral del Per\u00fa, cambiando el orden civilizatorio del mundo.","og_url":"https:\/\/zonacaral.gob.pe\/es\/noticias\/ruth-shady-contribuyamos-a-que-las-mujeres-se-empoderen-en-diferentes-campos-academicos\/","og_site_name":"Zona Caral","article_published_time":"2018-09-21T17:25:03+00:00","og_image":[{"width":810,"height":410,"url":"https:\/\/zonacaral.gob.pe\/wp-content\/uploads\/2018\/09\/dra-1.jpg","type":"image\/jpeg"}],"author":"Zona Caral Administrador","twitter_card":"summary_large_image","twitter_misc":{"Written by":"Zona Caral Administrador","Est. reading time":"3 minutos"},"schema":{"@context":"https:\/\/schema.org","@graph":[{"@type":"Article","@id":"https:\/\/zonacaral.gob.pe\/es\/noticias\/ruth-shady-contribuyamos-a-que-las-mujeres-se-empoderen-en-diferentes-campos-academicos\/#article","isPartOf":{"@id":"https:\/\/zonacaral.gob.pe\/es\/noticias\/ruth-shady-contribuyamos-a-que-las-mujeres-se-empoderen-en-diferentes-campos-academicos\/"},"author":{"name":"Zona Caral Administrador","@id":"https:\/\/zonacaral.gob.pe\/es\/#\/schema\/person\/beddb4d22f71a7230c5b90913270a0ee"},"headline":"Ruth Shady: contribuyamos a que las mujeres se empoderen en diferentes campos acad\u00e9micos","datePublished":"2018-09-21T17:25:03+00:00","mainEntityOfPage":{"@id":"https:\/\/zonacaral.gob.pe\/es\/noticias\/ruth-shady-contribuyamos-a-que-las-mujeres-se-empoderen-en-diferentes-campos-academicos\/"},"wordCount":618,"image":{"@id":"https:\/\/zonacaral.gob.pe\/es\/noticias\/ruth-shady-contribuyamos-a-que-las-mujeres-se-empoderen-en-diferentes-campos-academicos\/#primaryimage"},"thumbnailUrl":"https:\/\/zonacaral.gob.pe\/wp-content\/uploads\/2018\/09\/dra-1.jpg","keywords":["mujeres","PUCP","Ruth Shady"],"articleSection":["noticias"],"inLanguage":"es-PE"},{"@type":"WebPage","@id":"https:\/\/zonacaral.gob.pe\/es\/noticias\/ruth-shady-contribuyamos-a-que-las-mujeres-se-empoderen-en-diferentes-campos-academicos\/","url":"https:\/\/zonacaral.gob.pe\/es\/noticias\/ruth-shady-contribuyamos-a-que-las-mujeres-se-empoderen-en-diferentes-campos-academicos\/","name":"Ruth Shady: contribuyamos a que las mujeres se empoderen","isPartOf":{"@id":"https:\/\/zonacaral.gob.pe\/es\/#website"},"primaryImageOfPage":{"@id":"https:\/\/zonacaral.gob.pe\/es\/noticias\/ruth-shady-contribuyamos-a-que-las-mujeres-se-empoderen-en-diferentes-campos-academicos\/#primaryimage"},"image":{"@id":"https:\/\/zonacaral.gob.pe\/es\/noticias\/ruth-shady-contribuyamos-a-que-las-mujeres-se-empoderen-en-diferentes-campos-academicos\/#primaryimage"},"thumbnailUrl":"https:\/\/zonacaral.gob.pe\/wp-content\/uploads\/2018\/09\/dra-1.jpg","datePublished":"2018-09-21T17:25:03+00:00","author":{"@id":"https:\/\/zonacaral.gob.pe\/es\/#\/schema\/person\/beddb4d22f71a7230c5b90913270a0ee"},"description":"La Civilizaci\u00f3n Caral, considerada la m\u00e1s antigua de Am\u00e9rica, se desarroll\u00f3 hace 5000 a\u00f1os en el \u00e1rea norcentral del Per\u00fa, cambiando el orden civilizatorio del mundo.","breadcrumb":{"@id":"https:\/\/zonacaral.gob.pe\/es\/noticias\/ruth-shady-contribuyamos-a-que-las-mujeres-se-empoderen-en-diferentes-campos-academicos\/#breadcrumb"},"inLanguage":"es-PE","potentialAction":[{"@type":"ReadAction","target":["https:\/\/zonacaral.gob.pe\/es\/noticias\/ruth-shady-contribuyamos-a-que-las-mujeres-se-empoderen-en-diferentes-campos-academicos\/"]}]},{"@type":"ImageObject","inLanguage":"es-PE","@id":"https:\/\/zonacaral.gob.pe\/es\/noticias\/ruth-shady-contribuyamos-a-que-las-mujeres-se-empoderen-en-diferentes-campos-academicos\/#primaryimage","url":"https:\/\/zonacaral.gob.pe\/wp-content\/uploads\/2018\/09\/dra-1.jpg","contentUrl":"https:\/\/zonacaral.gob.pe\/wp-content\/uploads\/2018\/09\/dra-1.jpg","width":810,"height":410},{"@type":"BreadcrumbList","@id":"https:\/\/zonacaral.gob.pe\/es\/noticias\/ruth-shady-contribuyamos-a-que-las-mujeres-se-empoderen-en-diferentes-campos-academicos\/#breadcrumb","itemListElement":[{"@type":"ListItem","position":1,"name":"Portada","item":"https:\/\/zonacaral.gob.pe\/"},{"@type":"ListItem","position":2,"name":"Ruth Shady: contribuyamos a que las mujeres se empoderen en diferentes campos acad\u00e9micos"}]},{"@type":"WebSite","@id":"https:\/\/zonacaral.gob.pe\/es\/#website","url":"https:\/\/zonacaral.gob.pe\/es\/","name":"Zona Caral","description":"Investigamos, conservamos y difundimos el patrimonio cultural de la Civilizaci\u00f3n Caral, la m\u00e1s antigua de Am\u00e9rica.","potentialAction":[{"@type":"SearchAction","target":{"@type":"EntryPoint","urlTemplate":"https:\/\/zonacaral.gob.pe\/es\/?s={search_term_string}"},"query-input":{"@type":"PropertyValueSpecification","valueRequired":true,"valueName":"search_term_string"}}],"inLanguage":"es-PE"},{"@type":"Person","@id":"https:\/\/zonacaral.gob.pe\/es\/#\/schema\/person\/beddb4d22f71a7230c5b90913270a0ee","name":"Zona Caral Administrador","image":{"@type":"ImageObject","inLanguage":"es-PE","@id":"https:\/\/secure.gravatar.com\/avatar\/e4be162918a696358376de6446614e0f0f4062bdc5d170d6d540ada3d8b58c12?s=96&d=mm&r=g","url":"https:\/\/secure.gravatar.com\/avatar\/e4be162918a696358376de6446614e0f0f4062bdc5d170d6d540ada3d8b58c12?s=96&d=mm&r=g","contentUrl":"https:\/\/secure.gravatar.com\/avatar\/e4be162918a696358376de6446614e0f0f4062bdc5d170d6d540ada3d8b58c12?s=96&d=mm&r=g","caption":"Zona Caral Administrador"},"sameAs":["https:\/\/zonacaral.gob.pe"],"url":"https:\/\/zonacaral.gob.pe\/es\/noticias\/author\/ad_zonacaral\/"}]}},"_links":{"self":[{"href":"https:\/\/zonacaral.gob.pe\/es\/wp-json\/wp\/v2\/posts\/13375","targetHints":{"allow":["GET"]}}],"collection":[{"href":"https:\/\/zonacaral.gob.pe\/es\/wp-json\/wp\/v2\/posts"}],"about":[{"href":"https:\/\/zonacaral.gob.pe\/es\/wp-json\/wp\/v2\/types\/post"}],"author":[{"embeddable":true,"href":"https:\/\/zonacaral.gob.pe\/es\/wp-json\/wp\/v2\/users\/1"}],"replies":[{"embeddable":true,"href":"https:\/\/zonacaral.gob.pe\/es\/wp-json\/wp\/v2\/comments?post=13375"}],"version-history":[{"count":0,"href":"https:\/\/zonacaral.gob.pe\/es\/wp-json\/wp\/v2\/posts\/13375\/revisions"}],"wp:featuredmedia":[{"embeddable":true,"href":"https:\/\/zonacaral.gob.pe\/es\/wp-json\/wp\/v2\/media\/13376"}],"wp:attachment":[{"href":"https:\/\/zonacaral.gob.pe\/es\/wp-json\/wp\/v2\/media?parent=13375"}],"wp:term":[{"taxonomy":"category","embeddable":true,"href":"https:\/\/zonacaral.gob.pe\/es\/wp-json\/wp\/v2\/categories?post=13375"},{"taxonomy":"post_tag","embeddable":true,"href":"https:\/\/zonacaral.gob.pe\/es\/wp-json\/wp\/v2\/tags?post=13375"}],"curies":[{"name":"wp","href":"https:\/\/api.w.org\/{rel}","templated":true}]}}