{"id":13408,"date":"2018-09-26T18:05:52","date_gmt":"2018-09-26T23:05:52","guid":{"rendered":"http:\/\/www.zonacaral.gob.pe\/?p=13408"},"modified":"2018-09-26T18:05:52","modified_gmt":"2018-09-26T23:05:52","slug":"unmsm-condecoro-a-ruth-shady-por-su-trayectoria-profesional","status":"publish","type":"post","link":"https:\/\/zonacaral.gob.pe\/es\/noticias\/unmsm-condecoro-a-ruth-shady-por-su-trayectoria-profesional\/","title":{"rendered":"UNMSM condecor\u00f3 a Dr. Ruth Shady por su trayectoria profesional"},"content":{"rendered":"<figure class=\"pic-autor\" style=\"color: #4d4d4d; text-align: justify;\"><\/figure>\n<blockquote><p>La actividad se desarroll\u00f3 en el marco del XXXIV Aniversario de la Facultad de Ciencias Sociales, que inici\u00f3 el lunes 24 y terminar\u00e1 el jueves 27 de setiembre.<\/p><\/blockquote>\n<p>La Facultad de Ciencias Sociales de la Universidad Nacional Mayor de San Marcos (UNMSM), entreg\u00f3 una medalla de honor al m\u00e9rito y entreg\u00f3 una placa recordatoria a la Dr. Ruth Shady Sol\u00eds, directora a de la Zona Arqueol\u00f3gica Caral (ZAC), por su trayectoria profesional, su aporte a la sociedad, a la cultura y, principalmente, a la arqueolog\u00eda del Per\u00fa.<\/p>\n<p>El encargado dicha condecoraci\u00f3n fue el decano de la Facultad de Ciencias Sociales, Dr. Julio V\u00edctor Mej\u00eda Navarrete, quien coloc\u00f3 la medalla de honor a la Directora de la Escuela Profesional de Arqueolog\u00eda de dicha casa de estudios.<\/p>\n<p>En sus breves palabras, Shady Sol\u00eds agradeci\u00f3 el reconocimiento y se\u00f1al\u00f3 que como mujer le fue \u201cdif\u00edcil\u201d lograr todo lo que ha alcanzado al frente de la ZAC. \u201cPero frente a los problemas no nos hemos rendido, no bajamos la cabeza. Con la seguridad de estar haciendo las cosas como se deben hemos sabido salir a delante, superando los avatares que no han sido pocos\u201d, coment\u00f3.<\/p>\n<p>Asimismo, ante decenas de estudiantes y docentes de la Universidad San Marcos, Shady Sol\u00eds pidi\u00f3 que en las carreras profesionales no solo se busque el bien propio, sino tambi\u00e9n el de los dem\u00e1s.<\/p>\n<p>\u201cNo nos quedemos interesados en lo que sea el beneficio individual, encerrados en nosotros mismos. (Por ejemplo) en el Valle de Supe no solo trabajamos el desarrollo cultural, tenemos un taller de Caral en la Escuela, un taller para mujeres, un taller de investigaci\u00f3n sobre la gen\u00e9tica del algod\u00f3n nativo, un taller de agricultura. Trabajamos de manera multidisciplinaria para el desarrollo de todos\u201d, indic\u00f3.<\/p>\n<p><strong>DATO<\/strong><\/p>\n<p>La Dra. Ruth Shady, particip\u00f3 en la inauguraci\u00f3n de la semana de la Facultad de Ciencias Sociales, donde expuso sobre el Rol de la Ciencias Sociales en la actualidad.<\/p>\n<p>Tambi\u00e9n particip\u00f3 en la presentaci\u00f3n del Libro \u201cEstudio Comparado de los Gobernantes de Mesoam\u00e9rica y los Andes\u00bb, del arque\u00f3logo, Eduardo Matos Moctezuma; y del historiador y antrop\u00f3logo, Luis Millones.<\/p>\n<p><iframe src=\"https:\/\/www.youtube.com\/embed\/xjlcLvv7_80\" width=\"560\" height=\"400\" frameborder=\"0\" allowfullscreen=\"allowfullscreen\"><\/iframe><\/p>\n<p style=\"text-align: justify;\"><span style=\"color: #993300;\"><strong>Fuente<\/strong><strong>: Prensa ZAC<\/strong><\/span><\/p>\n<div style=\"color: #1f1f1f;\">\n<p style=\"text-align: justify;\">Fecha de publicaci\u00f3n: 26\/09\/2018<\/p>\n<\/div>\n","protected":false},"excerpt":{"rendered":"<p>La actividad se desarroll\u00f3 en el marco del XXXIV Aniversario de la Facultad de Ciencias Sociales, que inici\u00f3 el lunes [&hellip;]<\/p>\n","protected":false},"author":1,"featured_media":13410,"comment_status":"closed","ping_status":"open","sticky":false,"template":"","format":"standard","meta":{"_acf_changed":false,"site-sidebar-layout":"default","site-content-layout":"","ast-site-content-layout":"default","site-content-style":"default","site-sidebar-style":"default","ast-global-header-display":"","ast-banner-title-visibility":"","ast-main-header-display":"","ast-hfb-above-header-display":"","ast-hfb-below-header-display":"","ast-hfb-mobile-header-display":"","site-post-title":"","ast-breadcrumbs-content":"","ast-featured-img":"","footer-sml-layout":"","ast-disable-related-posts":"","theme-transparent-header-meta":"","adv-header-id-meta":"","stick-header-meta":"","header-above-stick-meta":"","header-main-stick-meta":"","header-below-stick-meta":"","astra-migrate-meta-layouts":"default","ast-page-background-enabled":"default","ast-page-background-meta":{"desktop":{"background-color":"var(--ast-global-color-5)","background-image":"","background-repeat":"repeat","background-position":"center center","background-size":"auto","background-attachment":"scroll","background-type":"","background-media":"","overlay-type":"","overlay-color":"","overlay-opacity":"","overlay-gradient":""},"tablet":{"background-color":"","background-image":"","background-repeat":"repeat","background-position":"center center","background-size":"auto","background-attachment":"scroll","background-type":"","background-media":"","overlay-type":"","overlay-color":"","overlay-opacity":"","overlay-gradient":""},"mobile":{"background-color":"","background-image":"","background-repeat":"repeat","background-position":"center center","background-size":"auto","background-attachment":"scroll","background-type":"","background-media":"","overlay-type":"","overlay-color":"","overlay-opacity":"","overlay-gradient":""}},"ast-content-background-meta":{"desktop":{"background-color":"var(--ast-global-color-4)","background-image":"","background-repeat":"repeat","background-position":"center center","background-size":"auto","background-attachment":"scroll","background-type":"","background-media":"","overlay-type":"","overlay-color":"","overlay-opacity":"","overlay-gradient":""},"tablet":{"background-color":"var(--ast-global-color-4)","background-image":"","background-repeat":"repeat","background-position":"center center","background-size":"auto","background-attachment":"scroll","background-type":"","background-media":"","overlay-type":"","overlay-color":"","overlay-opacity":"","overlay-gradient":""},"mobile":{"background-color":"var(--ast-global-color-4)","background-image":"","background-repeat":"repeat","background-position":"center center","background-size":"auto","background-attachment":"scroll","background-type":"","background-media":"","overlay-type":"","overlay-color":"","overlay-opacity":"","overlay-gradient":""}},"footnotes":""},"categories":[208],"tags":[180,82,181],"class_list":["post-13408","post","type-post","status-publish","format-standard","has-post-thumbnail","hentry","category-noticias","tag-ciencias-sociales","tag-ruth-shady","tag-unmsm"],"acf":[],"yoast_head":"<!-- This site is optimized with the Yoast SEO plugin v27.3 - https:\/\/yoast.com\/product\/yoast-seo-wordpress\/ -->\n<title>UNMSM condecor\u00f3 a Ruth Shady por su trayectoria<\/title>\n<meta name=\"description\" content=\"La Facultad de Ciencias Sociales de la Universidad Nacional Mayor de San Marcos (UNMSM), entreg\u00f3 una medalla de honor al m\u00e9rito y entreg\u00f3 una placa recordatoria a la Dr. Ruth Shady Sol\u00eds, directora a de la Zona Arqueol\u00f3gica Caral (ZAC), por su trayectoria profesional, su aporte a la sociedad, a la cultura y, principalmente, a la arqueolog\u00eda del Per\u00fa.\" \/>\n<meta name=\"robots\" content=\"index, follow, max-snippet:-1, max-image-preview:large, max-video-preview:-1\" \/>\n<link rel=\"canonical\" href=\"https:\/\/zonacaral.gob.pe\/es\/noticias\/unmsm-condecoro-a-ruth-shady-por-su-trayectoria-profesional\/\" \/>\n<meta property=\"og:locale\" content=\"es_ES\" \/>\n<meta property=\"og:type\" content=\"article\" \/>\n<meta property=\"og:title\" content=\"UNMSM condecor\u00f3 a Ruth Shady por su trayectoria\" \/>\n<meta property=\"og:description\" content=\"La Facultad de Ciencias Sociales de la Universidad Nacional Mayor de San Marcos (UNMSM), entreg\u00f3 una medalla de honor al m\u00e9rito y entreg\u00f3 una placa recordatoria a la Dr. Ruth Shady Sol\u00eds, directora a de la Zona Arqueol\u00f3gica Caral (ZAC), por su trayectoria profesional, su aporte a la sociedad, a la cultura y, principalmente, a la arqueolog\u00eda del Per\u00fa.\" \/>\n<meta property=\"og:url\" content=\"https:\/\/zonacaral.gob.pe\/es\/noticias\/unmsm-condecoro-a-ruth-shady-por-su-trayectoria-profesional\/\" \/>\n<meta property=\"og:site_name\" content=\"Zona Caral\" \/>\n<meta property=\"article:published_time\" content=\"2018-09-26T23:05:52+00:00\" \/>\n<meta property=\"og:image\" content=\"https:\/\/zonacaral.gob.pe\/wp-content\/uploads\/2018\/09\/dra-unmsm.png\" \/>\n\t<meta property=\"og:image:width\" content=\"810\" \/>\n\t<meta property=\"og:image:height\" content=\"410\" \/>\n\t<meta property=\"og:image:type\" content=\"image\/png\" \/>\n<meta name=\"author\" content=\"Zona Caral Administrador\" \/>\n<meta name=\"twitter:card\" content=\"summary_large_image\" \/>\n<meta name=\"twitter:label1\" content=\"Written by\" \/>\n\t<meta name=\"twitter:data1\" content=\"Zona Caral Administrador\" \/>\n\t<meta name=\"twitter:label2\" content=\"Est. reading time\" \/>\n\t<meta name=\"twitter:data2\" content=\"2 minutos\" \/>\n<script type=\"application\/ld+json\" class=\"yoast-schema-graph\">{\"@context\":\"https:\\\/\\\/schema.org\",\"@graph\":[{\"@type\":\"Article\",\"@id\":\"https:\\\/\\\/zonacaral.gob.pe\\\/es\\\/noticias\\\/unmsm-condecoro-a-ruth-shady-por-su-trayectoria-profesional\\\/#article\",\"isPartOf\":{\"@id\":\"https:\\\/\\\/zonacaral.gob.pe\\\/es\\\/noticias\\\/unmsm-condecoro-a-ruth-shady-por-su-trayectoria-profesional\\\/\"},\"author\":{\"name\":\"Zona Caral Administrador\",\"@id\":\"https:\\\/\\\/zonacaral.gob.pe\\\/es\\\/#\\\/schema\\\/person\\\/beddb4d22f71a7230c5b90913270a0ee\"},\"headline\":\"UNMSM condecor\u00f3 a Dr. Ruth Shady por su trayectoria profesional\",\"datePublished\":\"2018-09-26T23:05:52+00:00\",\"mainEntityOfPage\":{\"@id\":\"https:\\\/\\\/zonacaral.gob.pe\\\/es\\\/noticias\\\/unmsm-condecoro-a-ruth-shady-por-su-trayectoria-profesional\\\/\"},\"wordCount\":385,\"image\":{\"@id\":\"https:\\\/\\\/zonacaral.gob.pe\\\/es\\\/noticias\\\/unmsm-condecoro-a-ruth-shady-por-su-trayectoria-profesional\\\/#primaryimage\"},\"thumbnailUrl\":\"https:\\\/\\\/zonacaral.gob.pe\\\/wp-content\\\/uploads\\\/2018\\\/09\\\/dra-unmsm.png\",\"keywords\":[\"Ciencias Sociales\",\"Ruth Shady\",\"UNMSM\"],\"articleSection\":[\"noticias\"],\"inLanguage\":\"es-PE\"},{\"@type\":\"WebPage\",\"@id\":\"https:\\\/\\\/zonacaral.gob.pe\\\/es\\\/noticias\\\/unmsm-condecoro-a-ruth-shady-por-su-trayectoria-profesional\\\/\",\"url\":\"https:\\\/\\\/zonacaral.gob.pe\\\/es\\\/noticias\\\/unmsm-condecoro-a-ruth-shady-por-su-trayectoria-profesional\\\/\",\"name\":\"UNMSM condecor\u00f3 a Ruth Shady por su trayectoria\",\"isPartOf\":{\"@id\":\"https:\\\/\\\/zonacaral.gob.pe\\\/es\\\/#website\"},\"primaryImageOfPage\":{\"@id\":\"https:\\\/\\\/zonacaral.gob.pe\\\/es\\\/noticias\\\/unmsm-condecoro-a-ruth-shady-por-su-trayectoria-profesional\\\/#primaryimage\"},\"image\":{\"@id\":\"https:\\\/\\\/zonacaral.gob.pe\\\/es\\\/noticias\\\/unmsm-condecoro-a-ruth-shady-por-su-trayectoria-profesional\\\/#primaryimage\"},\"thumbnailUrl\":\"https:\\\/\\\/zonacaral.gob.pe\\\/wp-content\\\/uploads\\\/2018\\\/09\\\/dra-unmsm.png\",\"datePublished\":\"2018-09-26T23:05:52+00:00\",\"author\":{\"@id\":\"https:\\\/\\\/zonacaral.gob.pe\\\/es\\\/#\\\/schema\\\/person\\\/beddb4d22f71a7230c5b90913270a0ee\"},\"description\":\"La Facultad de Ciencias Sociales de la Universidad Nacional Mayor de San Marcos (UNMSM), entreg\u00f3 una medalla de honor al m\u00e9rito y entreg\u00f3 una placa recordatoria a la Dr. Ruth Shady Sol\u00eds, directora a de la Zona Arqueol\u00f3gica Caral (ZAC), por su trayectoria profesional, su aporte a la sociedad, a la cultura y, principalmente, a la arqueolog\u00eda del Per\u00fa.\",\"breadcrumb\":{\"@id\":\"https:\\\/\\\/zonacaral.gob.pe\\\/es\\\/noticias\\\/unmsm-condecoro-a-ruth-shady-por-su-trayectoria-profesional\\\/#breadcrumb\"},\"inLanguage\":\"es-PE\",\"potentialAction\":[{\"@type\":\"ReadAction\",\"target\":[\"https:\\\/\\\/zonacaral.gob.pe\\\/es\\\/noticias\\\/unmsm-condecoro-a-ruth-shady-por-su-trayectoria-profesional\\\/\"]}]},{\"@type\":\"ImageObject\",\"inLanguage\":\"es-PE\",\"@id\":\"https:\\\/\\\/zonacaral.gob.pe\\\/es\\\/noticias\\\/unmsm-condecoro-a-ruth-shady-por-su-trayectoria-profesional\\\/#primaryimage\",\"url\":\"https:\\\/\\\/zonacaral.gob.pe\\\/wp-content\\\/uploads\\\/2018\\\/09\\\/dra-unmsm.png\",\"contentUrl\":\"https:\\\/\\\/zonacaral.gob.pe\\\/wp-content\\\/uploads\\\/2018\\\/09\\\/dra-unmsm.png\",\"width\":810,\"height\":410},{\"@type\":\"BreadcrumbList\",\"@id\":\"https:\\\/\\\/zonacaral.gob.pe\\\/es\\\/noticias\\\/unmsm-condecoro-a-ruth-shady-por-su-trayectoria-profesional\\\/#breadcrumb\",\"itemListElement\":[{\"@type\":\"ListItem\",\"position\":1,\"name\":\"Portada\",\"item\":\"https:\\\/\\\/zonacaral.gob.pe\\\/\"},{\"@type\":\"ListItem\",\"position\":2,\"name\":\"UNMSM condecor\u00f3 a Dr. Ruth Shady por su trayectoria profesional\"}]},{\"@type\":\"WebSite\",\"@id\":\"https:\\\/\\\/zonacaral.gob.pe\\\/es\\\/#website\",\"url\":\"https:\\\/\\\/zonacaral.gob.pe\\\/es\\\/\",\"name\":\"Zona Caral\",\"description\":\"Investigamos, conservamos y difundimos el patrimonio cultural de la Civilizaci\u00f3n Caral, la m\u00e1s antigua de Am\u00e9rica.\",\"potentialAction\":[{\"@type\":\"SearchAction\",\"target\":{\"@type\":\"EntryPoint\",\"urlTemplate\":\"https:\\\/\\\/zonacaral.gob.pe\\\/es\\\/?s={search_term_string}\"},\"query-input\":{\"@type\":\"PropertyValueSpecification\",\"valueRequired\":true,\"valueName\":\"search_term_string\"}}],\"inLanguage\":\"es-PE\"},{\"@type\":\"Person\",\"@id\":\"https:\\\/\\\/zonacaral.gob.pe\\\/es\\\/#\\\/schema\\\/person\\\/beddb4d22f71a7230c5b90913270a0ee\",\"name\":\"Zona Caral Administrador\",\"image\":{\"@type\":\"ImageObject\",\"inLanguage\":\"es-PE\",\"@id\":\"https:\\\/\\\/secure.gravatar.com\\\/avatar\\\/e4be162918a696358376de6446614e0f0f4062bdc5d170d6d540ada3d8b58c12?s=96&d=mm&r=g\",\"url\":\"https:\\\/\\\/secure.gravatar.com\\\/avatar\\\/e4be162918a696358376de6446614e0f0f4062bdc5d170d6d540ada3d8b58c12?s=96&d=mm&r=g\",\"contentUrl\":\"https:\\\/\\\/secure.gravatar.com\\\/avatar\\\/e4be162918a696358376de6446614e0f0f4062bdc5d170d6d540ada3d8b58c12?s=96&d=mm&r=g\",\"caption\":\"Zona Caral Administrador\"},\"sameAs\":[\"https:\\\/\\\/zonacaral.gob.pe\"],\"url\":\"https:\\\/\\\/zonacaral.gob.pe\\\/es\\\/noticias\\\/author\\\/ad_zonacaral\\\/\"}]}<\/script>\n<!-- \/ Yoast SEO plugin. -->","yoast_head_json":{"title":"UNMSM condecor\u00f3 a Ruth Shady por su trayectoria","description":"La Facultad de Ciencias Sociales de la Universidad Nacional Mayor de San Marcos (UNMSM), entreg\u00f3 una medalla de honor al m\u00e9rito y entreg\u00f3 una placa recordatoria a la Dr. Ruth Shady Sol\u00eds, directora a de la Zona Arqueol\u00f3gica Caral (ZAC), por su trayectoria profesional, su aporte a la sociedad, a la cultura y, principalmente, a la arqueolog\u00eda del Per\u00fa.","robots":{"index":"index","follow":"follow","max-snippet":"max-snippet:-1","max-image-preview":"max-image-preview:large","max-video-preview":"max-video-preview:-1"},"canonical":"https:\/\/zonacaral.gob.pe\/es\/noticias\/unmsm-condecoro-a-ruth-shady-por-su-trayectoria-profesional\/","og_locale":"es_ES","og_type":"article","og_title":"UNMSM condecor\u00f3 a Ruth Shady por su trayectoria","og_description":"La Facultad de Ciencias Sociales de la Universidad Nacional Mayor de San Marcos (UNMSM), entreg\u00f3 una medalla de honor al m\u00e9rito y entreg\u00f3 una placa recordatoria a la Dr. Ruth Shady Sol\u00eds, directora a de la Zona Arqueol\u00f3gica Caral (ZAC), por su trayectoria profesional, su aporte a la sociedad, a la cultura y, principalmente, a la arqueolog\u00eda del Per\u00fa.","og_url":"https:\/\/zonacaral.gob.pe\/es\/noticias\/unmsm-condecoro-a-ruth-shady-por-su-trayectoria-profesional\/","og_site_name":"Zona Caral","article_published_time":"2018-09-26T23:05:52+00:00","og_image":[{"width":810,"height":410,"url":"https:\/\/zonacaral.gob.pe\/wp-content\/uploads\/2018\/09\/dra-unmsm.png","type":"image\/png"}],"author":"Zona Caral Administrador","twitter_card":"summary_large_image","twitter_misc":{"Written by":"Zona Caral Administrador","Est. reading time":"2 minutos"},"schema":{"@context":"https:\/\/schema.org","@graph":[{"@type":"Article","@id":"https:\/\/zonacaral.gob.pe\/es\/noticias\/unmsm-condecoro-a-ruth-shady-por-su-trayectoria-profesional\/#article","isPartOf":{"@id":"https:\/\/zonacaral.gob.pe\/es\/noticias\/unmsm-condecoro-a-ruth-shady-por-su-trayectoria-profesional\/"},"author":{"name":"Zona Caral Administrador","@id":"https:\/\/zonacaral.gob.pe\/es\/#\/schema\/person\/beddb4d22f71a7230c5b90913270a0ee"},"headline":"UNMSM condecor\u00f3 a Dr. Ruth Shady por su trayectoria profesional","datePublished":"2018-09-26T23:05:52+00:00","mainEntityOfPage":{"@id":"https:\/\/zonacaral.gob.pe\/es\/noticias\/unmsm-condecoro-a-ruth-shady-por-su-trayectoria-profesional\/"},"wordCount":385,"image":{"@id":"https:\/\/zonacaral.gob.pe\/es\/noticias\/unmsm-condecoro-a-ruth-shady-por-su-trayectoria-profesional\/#primaryimage"},"thumbnailUrl":"https:\/\/zonacaral.gob.pe\/wp-content\/uploads\/2018\/09\/dra-unmsm.png","keywords":["Ciencias Sociales","Ruth Shady","UNMSM"],"articleSection":["noticias"],"inLanguage":"es-PE"},{"@type":"WebPage","@id":"https:\/\/zonacaral.gob.pe\/es\/noticias\/unmsm-condecoro-a-ruth-shady-por-su-trayectoria-profesional\/","url":"https:\/\/zonacaral.gob.pe\/es\/noticias\/unmsm-condecoro-a-ruth-shady-por-su-trayectoria-profesional\/","name":"UNMSM condecor\u00f3 a Ruth Shady por su trayectoria","isPartOf":{"@id":"https:\/\/zonacaral.gob.pe\/es\/#website"},"primaryImageOfPage":{"@id":"https:\/\/zonacaral.gob.pe\/es\/noticias\/unmsm-condecoro-a-ruth-shady-por-su-trayectoria-profesional\/#primaryimage"},"image":{"@id":"https:\/\/zonacaral.gob.pe\/es\/noticias\/unmsm-condecoro-a-ruth-shady-por-su-trayectoria-profesional\/#primaryimage"},"thumbnailUrl":"https:\/\/zonacaral.gob.pe\/wp-content\/uploads\/2018\/09\/dra-unmsm.png","datePublished":"2018-09-26T23:05:52+00:00","author":{"@id":"https:\/\/zonacaral.gob.pe\/es\/#\/schema\/person\/beddb4d22f71a7230c5b90913270a0ee"},"description":"La Facultad de Ciencias Sociales de la Universidad Nacional Mayor de San Marcos (UNMSM), entreg\u00f3 una medalla de honor al m\u00e9rito y entreg\u00f3 una placa recordatoria a la Dr. Ruth Shady Sol\u00eds, directora a de la Zona Arqueol\u00f3gica Caral (ZAC), por su trayectoria profesional, su aporte a la sociedad, a la cultura y, principalmente, a la arqueolog\u00eda del Per\u00fa.","breadcrumb":{"@id":"https:\/\/zonacaral.gob.pe\/es\/noticias\/unmsm-condecoro-a-ruth-shady-por-su-trayectoria-profesional\/#breadcrumb"},"inLanguage":"es-PE","potentialAction":[{"@type":"ReadAction","target":["https:\/\/zonacaral.gob.pe\/es\/noticias\/unmsm-condecoro-a-ruth-shady-por-su-trayectoria-profesional\/"]}]},{"@type":"ImageObject","inLanguage":"es-PE","@id":"https:\/\/zonacaral.gob.pe\/es\/noticias\/unmsm-condecoro-a-ruth-shady-por-su-trayectoria-profesional\/#primaryimage","url":"https:\/\/zonacaral.gob.pe\/wp-content\/uploads\/2018\/09\/dra-unmsm.png","contentUrl":"https:\/\/zonacaral.gob.pe\/wp-content\/uploads\/2018\/09\/dra-unmsm.png","width":810,"height":410},{"@type":"BreadcrumbList","@id":"https:\/\/zonacaral.gob.pe\/es\/noticias\/unmsm-condecoro-a-ruth-shady-por-su-trayectoria-profesional\/#breadcrumb","itemListElement":[{"@type":"ListItem","position":1,"name":"Portada","item":"https:\/\/zonacaral.gob.pe\/"},{"@type":"ListItem","position":2,"name":"UNMSM condecor\u00f3 a Dr. Ruth Shady por su trayectoria profesional"}]},{"@type":"WebSite","@id":"https:\/\/zonacaral.gob.pe\/es\/#website","url":"https:\/\/zonacaral.gob.pe\/es\/","name":"Zona Caral","description":"Investigamos, conservamos y difundimos el patrimonio cultural de la Civilizaci\u00f3n Caral, la m\u00e1s antigua de Am\u00e9rica.","potentialAction":[{"@type":"SearchAction","target":{"@type":"EntryPoint","urlTemplate":"https:\/\/zonacaral.gob.pe\/es\/?s={search_term_string}"},"query-input":{"@type":"PropertyValueSpecification","valueRequired":true,"valueName":"search_term_string"}}],"inLanguage":"es-PE"},{"@type":"Person","@id":"https:\/\/zonacaral.gob.pe\/es\/#\/schema\/person\/beddb4d22f71a7230c5b90913270a0ee","name":"Zona Caral Administrador","image":{"@type":"ImageObject","inLanguage":"es-PE","@id":"https:\/\/secure.gravatar.com\/avatar\/e4be162918a696358376de6446614e0f0f4062bdc5d170d6d540ada3d8b58c12?s=96&d=mm&r=g","url":"https:\/\/secure.gravatar.com\/avatar\/e4be162918a696358376de6446614e0f0f4062bdc5d170d6d540ada3d8b58c12?s=96&d=mm&r=g","contentUrl":"https:\/\/secure.gravatar.com\/avatar\/e4be162918a696358376de6446614e0f0f4062bdc5d170d6d540ada3d8b58c12?s=96&d=mm&r=g","caption":"Zona Caral Administrador"},"sameAs":["https:\/\/zonacaral.gob.pe"],"url":"https:\/\/zonacaral.gob.pe\/es\/noticias\/author\/ad_zonacaral\/"}]}},"_links":{"self":[{"href":"https:\/\/zonacaral.gob.pe\/es\/wp-json\/wp\/v2\/posts\/13408","targetHints":{"allow":["GET"]}}],"collection":[{"href":"https:\/\/zonacaral.gob.pe\/es\/wp-json\/wp\/v2\/posts"}],"about":[{"href":"https:\/\/zonacaral.gob.pe\/es\/wp-json\/wp\/v2\/types\/post"}],"author":[{"embeddable":true,"href":"https:\/\/zonacaral.gob.pe\/es\/wp-json\/wp\/v2\/users\/1"}],"replies":[{"embeddable":true,"href":"https:\/\/zonacaral.gob.pe\/es\/wp-json\/wp\/v2\/comments?post=13408"}],"version-history":[{"count":0,"href":"https:\/\/zonacaral.gob.pe\/es\/wp-json\/wp\/v2\/posts\/13408\/revisions"}],"wp:featuredmedia":[{"embeddable":true,"href":"https:\/\/zonacaral.gob.pe\/es\/wp-json\/wp\/v2\/media\/13410"}],"wp:attachment":[{"href":"https:\/\/zonacaral.gob.pe\/es\/wp-json\/wp\/v2\/media?parent=13408"}],"wp:term":[{"taxonomy":"category","embeddable":true,"href":"https:\/\/zonacaral.gob.pe\/es\/wp-json\/wp\/v2\/categories?post=13408"},{"taxonomy":"post_tag","embeddable":true,"href":"https:\/\/zonacaral.gob.pe\/es\/wp-json\/wp\/v2\/tags?post=13408"}],"curies":[{"name":"wp","href":"https:\/\/api.w.org\/{rel}","templated":true}]}}