{"id":13422,"date":"2018-09-28T16:28:07","date_gmt":"2018-09-28T21:28:07","guid":{"rendered":"http:\/\/www.zonacaral.gob.pe\/?p=13422"},"modified":"2018-09-28T16:28:07","modified_gmt":"2018-09-28T21:28:07","slug":"caral-en-el-callao-recorrido-interactivo-y-taller-de-pintura-sobre-la-civilizacion-caral","status":"publish","type":"post","link":"https:\/\/zonacaral.gob.pe\/es\/noticias\/caral-en-el-callao-recorrido-interactivo-y-taller-de-pintura-sobre-la-civilizacion-caral\/","title":{"rendered":"Caral en el Callao: recorrido interactivo y taller de pintura sobre la Civilizaci\u00f3n Caral"},"content":{"rendered":"<figure class=\"pic-autor\" style=\"color: #4d4d4d; text-align: justify;\"><\/figure>\n<blockquote><p>\u00daltimas actividades gratuitas para ni\u00f1os, j\u00f3venes y adultos; este s\u00e1bado 29 y domingo 30 de setiembre. Y clausura de la exposici\u00f3n de Caral en el Callao.<\/p><\/blockquote>\n<p>La Zona Arqueol\u00f3gica Caral, UE 003 del Ministerio de Cultura, invita a la poblaci\u00f3n en general a participar en las dos \u00faltimas actividades que se organizan en el marco de la Exposici\u00f3n Museogr\u00e1fica Exposici\u00f3n Museogr\u00e1fica \u201cLos Valores de la Civilizaci\u00f3n Caral: Reflexiones para el Buen Vivir\u201d, en la Fortaleza Real Felipe, Callao.<\/p>\n<p>Los visitantes podr\u00e1n participar de manera libre en las siguientes actividades:<\/p>\n<h4><strong>S\u00e1bado 29 de setiembre.<\/strong><\/h4>\n<p><strong>Taller de pintura \u201cPintando los Valores de la Civilizaci\u00f3n Caral\u201d<\/strong><\/p>\n<p>Dirigido a: ni\u00f1os de 5 a 12 a\u00f1os<br \/>\n<strong>Horarios:<\/strong><br \/>\n1er. grupo: 11:00 a.m. &#8211; 11:45 a.m.<br \/>\n2do. grupo: 12:00 m. &#8211; 12:45 p.m.<\/p>\n<p><strong>Cuentacuentos \u201cHistorias con valores para el Buen Vivir\u201d<\/strong><br \/>\nA cargo del profesor Miguel \u00c1ngel Guti\u00e9rrez Porras<br \/>\nDirigido a: ni\u00f1os de 5 a 12 a\u00f1os<br \/>\nHorario: 2:00 p.m.<\/p>\n<h4><strong>Domingo 30 de setiembre.<\/strong><\/h4>\n<p>Hora: 11:00 a.m.<br \/>\nRecorrido interactivo \u201cLos Valores de la Civilizaci\u00f3n Caral: Reflexiones para el Buen Vivir\u201d. Los participantes podr\u00e1n interactuar en diferentes puntos del circuito con personajes recreados a partir de la historia de Caral, los cuales estar\u00e1n desarrollando actividades propias de la \u00e9poca.<\/p>\n<p>Cabe resaltar que cerca de 20 mil personas, estudiantes de colegios, institutos, universidades; pobladores, entre j\u00f3venes y adultos, de los diferentes lugares del primer puerto y dem\u00e1s distritos de la capital; as\u00ed como tambi\u00e9n extranjeros, visitaron la muestra museogr\u00e1fica organizada por la Zona Arqueol\u00f3gica Caral, UE 003 del Ministerio de Cultura, en coordinaci\u00f3n con el Ej\u00e9rcito del Per\u00fa.<\/p>\n<p>La exposici\u00f3n inspir\u00f3 trabajos escolares y universitarios, que los docentes, como parte de sus cursos, incluyeron en las diferentes materias educativas. Tambi\u00e9n incentiv\u00f3 el inter\u00e9s por nuestra cultura, el arte y el turismo.<\/p>\n<p>En este lugar se present\u00f3, por primera vez, las tres esculturas que corresponden a una sacerdotisa; y a otros dos personajes de alta jerarqu\u00eda hallados en Vichama, Ciudad Agropesquera de V\u00e9gueta; el ajuar de la \u201cDama de los Cuatro Tupus\u201d, encontrado en \u00c1spero, Ciudad Agropesquera de Caral, y dos huesos de ballenas con tallados ancestrales de La Ciudad Sagrada de Caral. En total, fueron 332 objetos que se llevaron; adem\u00e1s de, esculturas hiperrealistas, juegos l\u00fadicos y otros interactivos tecnol\u00f3gicos para una mayor informaci\u00f3n y aprendizaje.<\/p>\n<p><strong>DATO<\/strong><\/p>\n<p>La exposici\u00f3n museogr\u00e1fica abre este s\u00e1bado 29 y domingo 30, a las 9:00 a.m. hasta las 4:00 p.m., en el auditorio de la Casa del Gobernador de la Fortaleza Real Felipe, ubicado en la Plaza Independencia S\/N (altura 1ra. Cdra. Av. S\u00e1enz Pe\u00f1a, Callao). INGRESO LIBRE.<\/p>\n<p><strong>CARAL EN EL CALLAO<\/strong><br \/>\nEs el resultado de la alianza estrat\u00e9gica de la ZAC y de la Direcci\u00f3n de Museos del Ej\u00e9rcito del Per\u00fa. Alianza cultural al que se sumaron la Direcci\u00f3n Desconcentrada de Cultura del Callao, la Gerencia de Educaci\u00f3n y Deporte del Gobierno Regional del Callao, C\u00e1lidda \u2013 Gas Natural del Per\u00fa, DIRCETUR del Gobierno Regional de Lima, Facultad de Ciencias Administrativas de la UNMSM, Universidad Mar\u00edtima del Per\u00fa, Direcci\u00f3n Regional de Educaci\u00f3n del Callao (DREC), Cuyay Tours y los restaurantes \u201cVane Vane\u201d, \u201cTenedor Libre\u201d y \u201cSara Sara\u201d.<\/p>\n<p style=\"text-align: justify;\"><span style=\"color: #993300;\"><strong>Fuente<\/strong><strong>: Prensa ZAC<\/strong><\/span><\/p>\n<div style=\"color: #1f1f1f;\">\n<p style=\"text-align: justify;\">Fecha de publicaci\u00f3n: 28\/09\/2018<\/p>\n<\/div>\n","protected":false},"excerpt":{"rendered":"<p>\u00daltimas actividades gratuitas para ni\u00f1os, j\u00f3venes y adultos; este s\u00e1bado 29 y domingo 30 de setiembre. Y clausura de la [&hellip;]<\/p>\n","protected":false},"author":1,"featured_media":13425,"comment_status":"closed","ping_status":"open","sticky":false,"template":"","format":"standard","meta":{"_acf_changed":false,"site-sidebar-layout":"default","site-content-layout":"","ast-site-content-layout":"default","site-content-style":"default","site-sidebar-style":"default","ast-global-header-display":"","ast-banner-title-visibility":"","ast-main-header-display":"","ast-hfb-above-header-display":"","ast-hfb-below-header-display":"","ast-hfb-mobile-header-display":"","site-post-title":"","ast-breadcrumbs-content":"","ast-featured-img":"","footer-sml-layout":"","ast-disable-related-posts":"","theme-transparent-header-meta":"","adv-header-id-meta":"","stick-header-meta":"","header-above-stick-meta":"","header-main-stick-meta":"","header-below-stick-meta":"","astra-migrate-meta-layouts":"default","ast-page-background-enabled":"default","ast-page-background-meta":{"desktop":{"background-color":"var(--ast-global-color-5)","background-image":"","background-repeat":"repeat","background-position":"center center","background-size":"auto","background-attachment":"scroll","background-type":"","background-media":"","overlay-type":"","overlay-color":"","overlay-opacity":"","overlay-gradient":""},"tablet":{"background-color":"","background-image":"","background-repeat":"repeat","background-position":"center center","background-size":"auto","background-attachment":"scroll","background-type":"","background-media":"","overlay-type":"","overlay-color":"","overlay-opacity":"","overlay-gradient":""},"mobile":{"background-color":"","background-image":"","background-repeat":"repeat","background-position":"center center","background-size":"auto","background-attachment":"scroll","background-type":"","background-media":"","overlay-type":"","overlay-color":"","overlay-opacity":"","overlay-gradient":""}},"ast-content-background-meta":{"desktop":{"background-color":"var(--ast-global-color-4)","background-image":"","background-repeat":"repeat","background-position":"center center","background-size":"auto","background-attachment":"scroll","background-type":"","background-media":"","overlay-type":"","overlay-color":"","overlay-opacity":"","overlay-gradient":""},"tablet":{"background-color":"var(--ast-global-color-4)","background-image":"","background-repeat":"repeat","background-position":"center center","background-size":"auto","background-attachment":"scroll","background-type":"","background-media":"","overlay-type":"","overlay-color":"","overlay-opacity":"","overlay-gradient":""},"mobile":{"background-color":"var(--ast-global-color-4)","background-image":"","background-repeat":"repeat","background-position":"center center","background-size":"auto","background-attachment":"scroll","background-type":"","background-media":"","overlay-type":"","overlay-color":"","overlay-opacity":"","overlay-gradient":""}},"footnotes":""},"categories":[208],"tags":[182,145,69],"class_list":["post-13422","post","type-post","status-publish","format-standard","has-post-thumbnail","hentry","category-noticias","tag-callao","tag-ceramica","tag-taller"],"acf":[],"yoast_head":"<!-- This site is optimized with the Yoast SEO plugin v27.3 - https:\/\/yoast.com\/product\/yoast-seo-wordpress\/ -->\n<title>Caral en el Callao: recorrido interactivo y taller de pintura sobre la Civilizaci\u00f3n Caral<\/title>\n<meta name=\"description\" content=\"La Zona Arqueol\u00f3gica Caral, UE 003 del Ministerio de Cultura, invita a la poblaci\u00f3n en general a participar en las dos \u00faltimas actividades que se organizan en el marco de la Exposici\u00f3n Museogr\u00e1fica Exposici\u00f3n Museogr\u00e1fica \u201cLos Valores de la Civilizaci\u00f3n Caral: Reflexiones para el Buen Vivir\u201d, en la Fortaleza Real Felipe, Callao.\" \/>\n<meta name=\"robots\" content=\"index, follow, max-snippet:-1, max-image-preview:large, max-video-preview:-1\" \/>\n<link rel=\"canonical\" href=\"https:\/\/zonacaral.gob.pe\/es\/noticias\/caral-en-el-callao-recorrido-interactivo-y-taller-de-pintura-sobre-la-civilizacion-caral\/\" \/>\n<meta property=\"og:locale\" content=\"es_ES\" \/>\n<meta property=\"og:type\" content=\"article\" \/>\n<meta property=\"og:title\" content=\"Caral en el Callao: recorrido interactivo y taller de pintura sobre la Civilizaci\u00f3n Caral\" \/>\n<meta property=\"og:description\" content=\"La Zona Arqueol\u00f3gica Caral, UE 003 del Ministerio de Cultura, invita a la poblaci\u00f3n en general a participar en las dos \u00faltimas actividades que se organizan en el marco de la Exposici\u00f3n Museogr\u00e1fica Exposici\u00f3n Museogr\u00e1fica \u201cLos Valores de la Civilizaci\u00f3n Caral: Reflexiones para el Buen Vivir\u201d, en la Fortaleza Real Felipe, Callao.\" \/>\n<meta property=\"og:url\" content=\"https:\/\/zonacaral.gob.pe\/es\/noticias\/caral-en-el-callao-recorrido-interactivo-y-taller-de-pintura-sobre-la-civilizacion-caral\/\" \/>\n<meta property=\"og:site_name\" content=\"Zona Caral\" \/>\n<meta property=\"article:published_time\" content=\"2018-09-28T21:28:07+00:00\" \/>\n<meta property=\"og:image\" content=\"https:\/\/zonacaral.gob.pe\/wp-content\/uploads\/2018\/09\/taller-ceramica-5.png\" \/>\n\t<meta property=\"og:image:width\" content=\"810\" \/>\n\t<meta property=\"og:image:height\" content=\"410\" \/>\n\t<meta property=\"og:image:type\" content=\"image\/png\" \/>\n<meta name=\"author\" content=\"Zona Caral Administrador\" \/>\n<meta name=\"twitter:card\" content=\"summary_large_image\" \/>\n<meta name=\"twitter:label1\" content=\"Written by\" \/>\n\t<meta name=\"twitter:data1\" content=\"Zona Caral Administrador\" \/>\n\t<meta name=\"twitter:label2\" content=\"Est. reading time\" \/>\n\t<meta name=\"twitter:data2\" content=\"3 minutos\" \/>\n<script type=\"application\/ld+json\" class=\"yoast-schema-graph\">{\"@context\":\"https:\\\/\\\/schema.org\",\"@graph\":[{\"@type\":\"Article\",\"@id\":\"https:\\\/\\\/zonacaral.gob.pe\\\/en\\\/noticias\\\/caral-en-el-callao-recorrido-interactivo-y-taller-de-pintura-sobre-la-civilizacion-caral\\\/#article\",\"isPartOf\":{\"@id\":\"https:\\\/\\\/zonacaral.gob.pe\\\/en\\\/noticias\\\/caral-en-el-callao-recorrido-interactivo-y-taller-de-pintura-sobre-la-civilizacion-caral\\\/\"},\"author\":{\"name\":\"Zona Caral Administrador\",\"@id\":\"https:\\\/\\\/zonacaral.gob.pe\\\/es\\\/#\\\/schema\\\/person\\\/beddb4d22f71a7230c5b90913270a0ee\"},\"headline\":\"Caral en el Callao: recorrido interactivo y taller de pintura sobre la Civilizaci\u00f3n Caral\",\"datePublished\":\"2018-09-28T21:28:07+00:00\",\"mainEntityOfPage\":{\"@id\":\"https:\\\/\\\/zonacaral.gob.pe\\\/en\\\/noticias\\\/caral-en-el-callao-recorrido-interactivo-y-taller-de-pintura-sobre-la-civilizacion-caral\\\/\"},\"wordCount\":573,\"image\":{\"@id\":\"https:\\\/\\\/zonacaral.gob.pe\\\/en\\\/noticias\\\/caral-en-el-callao-recorrido-interactivo-y-taller-de-pintura-sobre-la-civilizacion-caral\\\/#primaryimage\"},\"thumbnailUrl\":\"https:\\\/\\\/zonacaral.gob.pe\\\/wp-content\\\/uploads\\\/2018\\\/09\\\/taller-ceramica-5.png\",\"keywords\":[\"Callao\",\"ceramica\",\"taller\"],\"articleSection\":[\"noticias\"],\"inLanguage\":\"es-PE\"},{\"@type\":\"WebPage\",\"@id\":\"https:\\\/\\\/zonacaral.gob.pe\\\/en\\\/noticias\\\/caral-en-el-callao-recorrido-interactivo-y-taller-de-pintura-sobre-la-civilizacion-caral\\\/\",\"url\":\"https:\\\/\\\/zonacaral.gob.pe\\\/en\\\/noticias\\\/caral-en-el-callao-recorrido-interactivo-y-taller-de-pintura-sobre-la-civilizacion-caral\\\/\",\"name\":\"Caral en el Callao: recorrido interactivo y taller de pintura sobre la Civilizaci\u00f3n Caral\",\"isPartOf\":{\"@id\":\"https:\\\/\\\/zonacaral.gob.pe\\\/es\\\/#website\"},\"primaryImageOfPage\":{\"@id\":\"https:\\\/\\\/zonacaral.gob.pe\\\/en\\\/noticias\\\/caral-en-el-callao-recorrido-interactivo-y-taller-de-pintura-sobre-la-civilizacion-caral\\\/#primaryimage\"},\"image\":{\"@id\":\"https:\\\/\\\/zonacaral.gob.pe\\\/en\\\/noticias\\\/caral-en-el-callao-recorrido-interactivo-y-taller-de-pintura-sobre-la-civilizacion-caral\\\/#primaryimage\"},\"thumbnailUrl\":\"https:\\\/\\\/zonacaral.gob.pe\\\/wp-content\\\/uploads\\\/2018\\\/09\\\/taller-ceramica-5.png\",\"datePublished\":\"2018-09-28T21:28:07+00:00\",\"author\":{\"@id\":\"https:\\\/\\\/zonacaral.gob.pe\\\/es\\\/#\\\/schema\\\/person\\\/beddb4d22f71a7230c5b90913270a0ee\"},\"description\":\"La Zona Arqueol\u00f3gica Caral, UE 003 del Ministerio de Cultura, invita a la poblaci\u00f3n en general a participar en las dos \u00faltimas actividades que se organizan en el marco de la Exposici\u00f3n Museogr\u00e1fica Exposici\u00f3n Museogr\u00e1fica \u201cLos Valores de la Civilizaci\u00f3n Caral: Reflexiones para el Buen Vivir\u201d, en la Fortaleza Real Felipe, Callao.\",\"breadcrumb\":{\"@id\":\"https:\\\/\\\/zonacaral.gob.pe\\\/en\\\/noticias\\\/caral-en-el-callao-recorrido-interactivo-y-taller-de-pintura-sobre-la-civilizacion-caral\\\/#breadcrumb\"},\"inLanguage\":\"es-PE\",\"potentialAction\":[{\"@type\":\"ReadAction\",\"target\":[\"https:\\\/\\\/zonacaral.gob.pe\\\/en\\\/noticias\\\/caral-en-el-callao-recorrido-interactivo-y-taller-de-pintura-sobre-la-civilizacion-caral\\\/\"]}]},{\"@type\":\"ImageObject\",\"inLanguage\":\"es-PE\",\"@id\":\"https:\\\/\\\/zonacaral.gob.pe\\\/en\\\/noticias\\\/caral-en-el-callao-recorrido-interactivo-y-taller-de-pintura-sobre-la-civilizacion-caral\\\/#primaryimage\",\"url\":\"https:\\\/\\\/zonacaral.gob.pe\\\/wp-content\\\/uploads\\\/2018\\\/09\\\/taller-ceramica-5.png\",\"contentUrl\":\"https:\\\/\\\/zonacaral.gob.pe\\\/wp-content\\\/uploads\\\/2018\\\/09\\\/taller-ceramica-5.png\",\"width\":810,\"height\":410},{\"@type\":\"BreadcrumbList\",\"@id\":\"https:\\\/\\\/zonacaral.gob.pe\\\/en\\\/noticias\\\/caral-en-el-callao-recorrido-interactivo-y-taller-de-pintura-sobre-la-civilizacion-caral\\\/#breadcrumb\",\"itemListElement\":[{\"@type\":\"ListItem\",\"position\":1,\"name\":\"Portada\",\"item\":\"https:\\\/\\\/zonacaral.gob.pe\\\/\"},{\"@type\":\"ListItem\",\"position\":2,\"name\":\"Caral en el Callao: recorrido interactivo y taller de pintura sobre la Civilizaci\u00f3n Caral\"}]},{\"@type\":\"WebSite\",\"@id\":\"https:\\\/\\\/zonacaral.gob.pe\\\/es\\\/#website\",\"url\":\"https:\\\/\\\/zonacaral.gob.pe\\\/es\\\/\",\"name\":\"Zona Caral\",\"description\":\"Investigamos, conservamos y difundimos el patrimonio cultural de la Civilizaci\u00f3n Caral, la m\u00e1s antigua de Am\u00e9rica.\",\"potentialAction\":[{\"@type\":\"SearchAction\",\"target\":{\"@type\":\"EntryPoint\",\"urlTemplate\":\"https:\\\/\\\/zonacaral.gob.pe\\\/es\\\/?s={search_term_string}\"},\"query-input\":{\"@type\":\"PropertyValueSpecification\",\"valueRequired\":true,\"valueName\":\"search_term_string\"}}],\"inLanguage\":\"es-PE\"},{\"@type\":\"Person\",\"@id\":\"https:\\\/\\\/zonacaral.gob.pe\\\/es\\\/#\\\/schema\\\/person\\\/beddb4d22f71a7230c5b90913270a0ee\",\"name\":\"Zona Caral Administrador\",\"image\":{\"@type\":\"ImageObject\",\"inLanguage\":\"es-PE\",\"@id\":\"https:\\\/\\\/secure.gravatar.com\\\/avatar\\\/e4be162918a696358376de6446614e0f0f4062bdc5d170d6d540ada3d8b58c12?s=96&d=mm&r=g\",\"url\":\"https:\\\/\\\/secure.gravatar.com\\\/avatar\\\/e4be162918a696358376de6446614e0f0f4062bdc5d170d6d540ada3d8b58c12?s=96&d=mm&r=g\",\"contentUrl\":\"https:\\\/\\\/secure.gravatar.com\\\/avatar\\\/e4be162918a696358376de6446614e0f0f4062bdc5d170d6d540ada3d8b58c12?s=96&d=mm&r=g\",\"caption\":\"Zona Caral Administrador\"},\"sameAs\":[\"https:\\\/\\\/zonacaral.gob.pe\"],\"url\":\"https:\\\/\\\/zonacaral.gob.pe\\\/es\\\/noticias\\\/author\\\/ad_zonacaral\\\/\"}]}<\/script>\n<!-- \/ Yoast SEO plugin. -->","yoast_head_json":{"title":"Caral en el Callao: recorrido interactivo y taller de pintura sobre la Civilizaci\u00f3n Caral","description":"La Zona Arqueol\u00f3gica Caral, UE 003 del Ministerio de Cultura, invita a la poblaci\u00f3n en general a participar en las dos \u00faltimas actividades que se organizan en el marco de la Exposici\u00f3n Museogr\u00e1fica Exposici\u00f3n Museogr\u00e1fica \u201cLos Valores de la Civilizaci\u00f3n Caral: Reflexiones para el Buen Vivir\u201d, en la Fortaleza Real Felipe, Callao.","robots":{"index":"index","follow":"follow","max-snippet":"max-snippet:-1","max-image-preview":"max-image-preview:large","max-video-preview":"max-video-preview:-1"},"canonical":"https:\/\/zonacaral.gob.pe\/es\/noticias\/caral-en-el-callao-recorrido-interactivo-y-taller-de-pintura-sobre-la-civilizacion-caral\/","og_locale":"es_ES","og_type":"article","og_title":"Caral en el Callao: recorrido interactivo y taller de pintura sobre la Civilizaci\u00f3n Caral","og_description":"La Zona Arqueol\u00f3gica Caral, UE 003 del Ministerio de Cultura, invita a la poblaci\u00f3n en general a participar en las dos \u00faltimas actividades que se organizan en el marco de la Exposici\u00f3n Museogr\u00e1fica Exposici\u00f3n Museogr\u00e1fica \u201cLos Valores de la Civilizaci\u00f3n Caral: Reflexiones para el Buen Vivir\u201d, en la Fortaleza Real Felipe, Callao.","og_url":"https:\/\/zonacaral.gob.pe\/es\/noticias\/caral-en-el-callao-recorrido-interactivo-y-taller-de-pintura-sobre-la-civilizacion-caral\/","og_site_name":"Zona Caral","article_published_time":"2018-09-28T21:28:07+00:00","og_image":[{"width":810,"height":410,"url":"https:\/\/zonacaral.gob.pe\/wp-content\/uploads\/2018\/09\/taller-ceramica-5.png","type":"image\/png"}],"author":"Zona Caral Administrador","twitter_card":"summary_large_image","twitter_misc":{"Written by":"Zona Caral Administrador","Est. reading time":"3 minutos"},"schema":{"@context":"https:\/\/schema.org","@graph":[{"@type":"Article","@id":"https:\/\/zonacaral.gob.pe\/en\/noticias\/caral-en-el-callao-recorrido-interactivo-y-taller-de-pintura-sobre-la-civilizacion-caral\/#article","isPartOf":{"@id":"https:\/\/zonacaral.gob.pe\/en\/noticias\/caral-en-el-callao-recorrido-interactivo-y-taller-de-pintura-sobre-la-civilizacion-caral\/"},"author":{"name":"Zona Caral Administrador","@id":"https:\/\/zonacaral.gob.pe\/es\/#\/schema\/person\/beddb4d22f71a7230c5b90913270a0ee"},"headline":"Caral en el Callao: recorrido interactivo y taller de pintura sobre la Civilizaci\u00f3n Caral","datePublished":"2018-09-28T21:28:07+00:00","mainEntityOfPage":{"@id":"https:\/\/zonacaral.gob.pe\/en\/noticias\/caral-en-el-callao-recorrido-interactivo-y-taller-de-pintura-sobre-la-civilizacion-caral\/"},"wordCount":573,"image":{"@id":"https:\/\/zonacaral.gob.pe\/en\/noticias\/caral-en-el-callao-recorrido-interactivo-y-taller-de-pintura-sobre-la-civilizacion-caral\/#primaryimage"},"thumbnailUrl":"https:\/\/zonacaral.gob.pe\/wp-content\/uploads\/2018\/09\/taller-ceramica-5.png","keywords":["Callao","ceramica","taller"],"articleSection":["noticias"],"inLanguage":"es-PE"},{"@type":"WebPage","@id":"https:\/\/zonacaral.gob.pe\/en\/noticias\/caral-en-el-callao-recorrido-interactivo-y-taller-de-pintura-sobre-la-civilizacion-caral\/","url":"https:\/\/zonacaral.gob.pe\/en\/noticias\/caral-en-el-callao-recorrido-interactivo-y-taller-de-pintura-sobre-la-civilizacion-caral\/","name":"Caral en el Callao: recorrido interactivo y taller de pintura sobre la Civilizaci\u00f3n Caral","isPartOf":{"@id":"https:\/\/zonacaral.gob.pe\/es\/#website"},"primaryImageOfPage":{"@id":"https:\/\/zonacaral.gob.pe\/en\/noticias\/caral-en-el-callao-recorrido-interactivo-y-taller-de-pintura-sobre-la-civilizacion-caral\/#primaryimage"},"image":{"@id":"https:\/\/zonacaral.gob.pe\/en\/noticias\/caral-en-el-callao-recorrido-interactivo-y-taller-de-pintura-sobre-la-civilizacion-caral\/#primaryimage"},"thumbnailUrl":"https:\/\/zonacaral.gob.pe\/wp-content\/uploads\/2018\/09\/taller-ceramica-5.png","datePublished":"2018-09-28T21:28:07+00:00","author":{"@id":"https:\/\/zonacaral.gob.pe\/es\/#\/schema\/person\/beddb4d22f71a7230c5b90913270a0ee"},"description":"La Zona Arqueol\u00f3gica Caral, UE 003 del Ministerio de Cultura, invita a la poblaci\u00f3n en general a participar en las dos \u00faltimas actividades que se organizan en el marco de la Exposici\u00f3n Museogr\u00e1fica Exposici\u00f3n Museogr\u00e1fica \u201cLos Valores de la Civilizaci\u00f3n Caral: Reflexiones para el Buen Vivir\u201d, en la Fortaleza Real Felipe, Callao.","breadcrumb":{"@id":"https:\/\/zonacaral.gob.pe\/en\/noticias\/caral-en-el-callao-recorrido-interactivo-y-taller-de-pintura-sobre-la-civilizacion-caral\/#breadcrumb"},"inLanguage":"es-PE","potentialAction":[{"@type":"ReadAction","target":["https:\/\/zonacaral.gob.pe\/en\/noticias\/caral-en-el-callao-recorrido-interactivo-y-taller-de-pintura-sobre-la-civilizacion-caral\/"]}]},{"@type":"ImageObject","inLanguage":"es-PE","@id":"https:\/\/zonacaral.gob.pe\/en\/noticias\/caral-en-el-callao-recorrido-interactivo-y-taller-de-pintura-sobre-la-civilizacion-caral\/#primaryimage","url":"https:\/\/zonacaral.gob.pe\/wp-content\/uploads\/2018\/09\/taller-ceramica-5.png","contentUrl":"https:\/\/zonacaral.gob.pe\/wp-content\/uploads\/2018\/09\/taller-ceramica-5.png","width":810,"height":410},{"@type":"BreadcrumbList","@id":"https:\/\/zonacaral.gob.pe\/en\/noticias\/caral-en-el-callao-recorrido-interactivo-y-taller-de-pintura-sobre-la-civilizacion-caral\/#breadcrumb","itemListElement":[{"@type":"ListItem","position":1,"name":"Portada","item":"https:\/\/zonacaral.gob.pe\/"},{"@type":"ListItem","position":2,"name":"Caral en el Callao: recorrido interactivo y taller de pintura sobre la Civilizaci\u00f3n Caral"}]},{"@type":"WebSite","@id":"https:\/\/zonacaral.gob.pe\/es\/#website","url":"https:\/\/zonacaral.gob.pe\/es\/","name":"Zona Caral","description":"Investigamos, conservamos y difundimos el patrimonio cultural de la Civilizaci\u00f3n Caral, la m\u00e1s antigua de Am\u00e9rica.","potentialAction":[{"@type":"SearchAction","target":{"@type":"EntryPoint","urlTemplate":"https:\/\/zonacaral.gob.pe\/es\/?s={search_term_string}"},"query-input":{"@type":"PropertyValueSpecification","valueRequired":true,"valueName":"search_term_string"}}],"inLanguage":"es-PE"},{"@type":"Person","@id":"https:\/\/zonacaral.gob.pe\/es\/#\/schema\/person\/beddb4d22f71a7230c5b90913270a0ee","name":"Zona Caral Administrador","image":{"@type":"ImageObject","inLanguage":"es-PE","@id":"https:\/\/secure.gravatar.com\/avatar\/e4be162918a696358376de6446614e0f0f4062bdc5d170d6d540ada3d8b58c12?s=96&d=mm&r=g","url":"https:\/\/secure.gravatar.com\/avatar\/e4be162918a696358376de6446614e0f0f4062bdc5d170d6d540ada3d8b58c12?s=96&d=mm&r=g","contentUrl":"https:\/\/secure.gravatar.com\/avatar\/e4be162918a696358376de6446614e0f0f4062bdc5d170d6d540ada3d8b58c12?s=96&d=mm&r=g","caption":"Zona Caral Administrador"},"sameAs":["https:\/\/zonacaral.gob.pe"],"url":"https:\/\/zonacaral.gob.pe\/es\/noticias\/author\/ad_zonacaral\/"}]}},"_links":{"self":[{"href":"https:\/\/zonacaral.gob.pe\/es\/wp-json\/wp\/v2\/posts\/13422","targetHints":{"allow":["GET"]}}],"collection":[{"href":"https:\/\/zonacaral.gob.pe\/es\/wp-json\/wp\/v2\/posts"}],"about":[{"href":"https:\/\/zonacaral.gob.pe\/es\/wp-json\/wp\/v2\/types\/post"}],"author":[{"embeddable":true,"href":"https:\/\/zonacaral.gob.pe\/es\/wp-json\/wp\/v2\/users\/1"}],"replies":[{"embeddable":true,"href":"https:\/\/zonacaral.gob.pe\/es\/wp-json\/wp\/v2\/comments?post=13422"}],"version-history":[{"count":0,"href":"https:\/\/zonacaral.gob.pe\/es\/wp-json\/wp\/v2\/posts\/13422\/revisions"}],"wp:featuredmedia":[{"embeddable":true,"href":"https:\/\/zonacaral.gob.pe\/es\/wp-json\/wp\/v2\/media\/13425"}],"wp:attachment":[{"href":"https:\/\/zonacaral.gob.pe\/es\/wp-json\/wp\/v2\/media?parent=13422"}],"wp:term":[{"taxonomy":"category","embeddable":true,"href":"https:\/\/zonacaral.gob.pe\/es\/wp-json\/wp\/v2\/categories?post=13422"},{"taxonomy":"post_tag","embeddable":true,"href":"https:\/\/zonacaral.gob.pe\/es\/wp-json\/wp\/v2\/tags?post=13422"}],"curies":[{"name":"wp","href":"https:\/\/api.w.org\/{rel}","templated":true}]}}