{"id":13664,"date":"2018-11-19T14:58:52","date_gmt":"2018-11-19T19:58:52","guid":{"rendered":"http:\/\/www.zonacaral.gob.pe\/?p=13664"},"modified":"2018-11-19T14:58:52","modified_gmt":"2018-11-19T19:58:52","slug":"caral-y-aspero-recibieron-la-visita-de-la-asociacion-de-funcionarios-del-servicio-diplomatico","status":"publish","type":"post","link":"https:\/\/zonacaral.gob.pe\/es\/noticias\/caral-y-aspero-recibieron-la-visita-de-la-asociacion-de-funcionarios-del-servicio-diplomatico\/","title":{"rendered":"Caral y \u00c1spero recibieron la visita de la Asociaci\u00f3n de Funcionarios del Servicio Diplom\u00e1tico"},"content":{"rendered":"<figure class=\"pic-autor\" style=\"color: #4d4d4d; text-align: justify;\"><\/figure>\n<blockquote><p>El s\u00e1bado, 17 de noviembre, por la ma\u00f1ana, la Ciudad Sagrada de Caral y la Ciudad Pesquera de \u00c1spero, recibieron la vista de los integrantes de la Asociaci\u00f3n de Funcionarios del Servicio Diplom\u00e1tico del Per\u00fa, gracias a la organizaci\u00f3n de nuestros Viajes Educativos.<\/p><\/blockquote>\n<p>El grupo, de 50 personas, iniciaron su aventura, para conocer los inicios de la civilizaci\u00f3n en Am\u00e9rica, en \u00c1spero. Aqu\u00ed fueron recibidos por el jefe de sede, David Palomino, y su comitiva, entre ellos, la representaci\u00f3n de la Se\u00f1ora de los Cuatro Tupus y el Cham\u00e1n del \u00c1spero, quienes les dieron la bienvenida a ese sitio arqueol\u00f3gico.<\/p>\n<p>En el lugar, tambi\u00e9n conocieron la antigua t\u00e9cnica de cocina en piedra y, luego, de la mano de nuestros gu\u00edas, recorrieron \u00c1spero, conociendo su historia de desarrollo y c\u00f3mo fue recuperado gracias al trabajo de la Zona Arqueol\u00f3gica Caral, Unidad Ejecutora 003 del Ministerio de Cultura, y al Municipio de Supe Puerto, hace 13 a\u00f1os.<\/p>\n<p>Luego, nuestro grupo de viajeros, se dirigi\u00f3 a la Ciudad Sagrada de Caral, donde el jefe de sede, Marco Bezares, junto a la representaci\u00f3n del Se\u00f1or de Caral, y su comitiva, les dieron la bienvenida a nuestro Patrimonio Mundial.<\/p>\n<p>Aqu\u00ed, los gu\u00edas demostraron el uso de las Flautas Traversas y la ac\u00fastica del Anfiteatro de Caral, interpretando \u201cContigo Per\u00fa\u201d, de Augusto Polo Campos. Tambi\u00e9n los llevaron a conocer las edificaciones piramidales, c\u00f3mo fueron construidas y para qu\u00e9 hab\u00edan servido, hace 5000 a\u00f1os.<\/p>\n<p>La organizaci\u00f3n de Viajes Educativos, encabezado por nuestra promotora, Silvana Agurto, brind\u00f3 todas las atenciones al grupo de funcionarios, a quienes, en el almuerzo, se les ofreci\u00f3 un delicioso plato t\u00edpico del norte chico (Ceviche de Pato, Picante de Cuy y Pachamanca). \u201cS\u00f3lo con ver los rostros de satisfacci\u00f3n, diversi\u00f3n y alegr\u00eda de nuestros viajeros para saber que fue un buen paseo\u201d, cont\u00f3.<\/p>\n<p>Al finalizar el paseo, nuestros aventureros, encabezados por su presidente, el embajador peruano Julio Flori\u00e1n Alegre, agradecieron por los servicios, el guiado y todas las atenciones recibidas desde su partida de Lima, hasta su retorno.<\/p>\n<p>Nosotros tambi\u00e9n les agradecemos por elegir nuestros Viajes Educativos y por animarse a conocer los destinos de la Civilizaci\u00f3n Caral.<\/p>\n<p><strong>DATOS<\/strong><\/p>\n<p>Si deseas participar de nuestros Viajes Educativos, s\u00f3lo cont\u00e1ctanos:<\/p>\n<p>Tel\u00e9f. 2052-517 \/ 955881340<\/p>\n<p>Correo: viajeseducativos@zonacaral.gob.pe<\/p>\n<p>Web de Viajes Educativos: <a href=\"http:\/\/www.zonacaral.gob.pe\/viajes-educativos-1\/inscripciones\/\">zonacaral.gob.pe\/viajes-educativos\/inscripciones\u2028<\/a><\/p>\n<p>Web institucional: <a href=\"\/www.zonacaral.gob.pe\">zonacaral.gob.pe\/<\/a><\/p>\n<p>&nbsp;<\/p>\n<p style=\"text-align: justify;\"><span style=\"color: #993300;\"><strong>Fuente<\/strong><strong>: Prensa ZAC<\/strong><\/span><\/p>\n<div style=\"color: #1f1f1f;\">\n<p style=\"text-align: justify;\">Fecha de publicaci\u00f3n: 19\/10\/2018<\/p>\n<\/div>\n","protected":false},"excerpt":{"rendered":"<p>El s\u00e1bado, 17 de noviembre, por la ma\u00f1ana, la Ciudad Sagrada de Caral y la Ciudad Pesquera de \u00c1spero, recibieron [&hellip;]<\/p>\n","protected":false},"author":1,"featured_media":13665,"comment_status":"closed","ping_status":"open","sticky":false,"template":"","format":"standard","meta":{"_acf_changed":false,"site-sidebar-layout":"default","site-content-layout":"","ast-site-content-layout":"default","site-content-style":"default","site-sidebar-style":"default","ast-global-header-display":"","ast-banner-title-visibility":"","ast-main-header-display":"","ast-hfb-above-header-display":"","ast-hfb-below-header-display":"","ast-hfb-mobile-header-display":"","site-post-title":"","ast-breadcrumbs-content":"","ast-featured-img":"","footer-sml-layout":"","ast-disable-related-posts":"","theme-transparent-header-meta":"","adv-header-id-meta":"","stick-header-meta":"","header-above-stick-meta":"","header-main-stick-meta":"","header-below-stick-meta":"","astra-migrate-meta-layouts":"default","ast-page-background-enabled":"default","ast-page-background-meta":{"desktop":{"background-color":"var(--ast-global-color-5)","background-image":"","background-repeat":"repeat","background-position":"center center","background-size":"auto","background-attachment":"scroll","background-type":"","background-media":"","overlay-type":"","overlay-color":"","overlay-opacity":"","overlay-gradient":""},"tablet":{"background-color":"","background-image":"","background-repeat":"repeat","background-position":"center center","background-size":"auto","background-attachment":"scroll","background-type":"","background-media":"","overlay-type":"","overlay-color":"","overlay-opacity":"","overlay-gradient":""},"mobile":{"background-color":"","background-image":"","background-repeat":"repeat","background-position":"center center","background-size":"auto","background-attachment":"scroll","background-type":"","background-media":"","overlay-type":"","overlay-color":"","overlay-opacity":"","overlay-gradient":""}},"ast-content-background-meta":{"desktop":{"background-color":"var(--ast-global-color-4)","background-image":"","background-repeat":"repeat","background-position":"center center","background-size":"auto","background-attachment":"scroll","background-type":"","background-media":"","overlay-type":"","overlay-color":"","overlay-opacity":"","overlay-gradient":""},"tablet":{"background-color":"var(--ast-global-color-4)","background-image":"","background-repeat":"repeat","background-position":"center center","background-size":"auto","background-attachment":"scroll","background-type":"","background-media":"","overlay-type":"","overlay-color":"","overlay-opacity":"","overlay-gradient":""},"mobile":{"background-color":"var(--ast-global-color-4)","background-image":"","background-repeat":"repeat","background-position":"center center","background-size":"auto","background-attachment":"scroll","background-type":"","background-media":"","overlay-type":"","overlay-color":"","overlay-opacity":"","overlay-gradient":""}},"footnotes":""},"categories":[208],"tags":[63,55],"class_list":["post-13664","post","type-post","status-publish","format-standard","has-post-thumbnail","hentry","category-noticias","tag-aspero","tag-caral"],"acf":[],"yoast_head":"<!-- This site is optimized with the Yoast SEO plugin v27.3 - https:\/\/yoast.com\/product\/yoast-seo-wordpress\/ -->\n<title>Caral y \u00c1spero recibieron la visita de la Asociaci\u00f3n de Funcionarios del Servicio Diplom\u00e1tico<\/title>\n<meta name=\"description\" content=\"El s\u00e1bado, 17 de noviembre, por la ma\u00f1ana, la Ciudad Sagrada de Caral y la Ciudad Pesquera de \u00c1spero, recibieron la vista de los integrantes de la Asociaci\u00f3n de Funcionarios del Servicio Diplom\u00e1tico del Per\u00fa, gracias a la organizaci\u00f3n de nuestros Viajes Educativos.\" \/>\n<meta name=\"robots\" content=\"index, follow, max-snippet:-1, max-image-preview:large, max-video-preview:-1\" \/>\n<link rel=\"canonical\" href=\"https:\/\/zonacaral.gob.pe\/es\/noticias\/caral-y-aspero-recibieron-la-visita-de-la-asociacion-de-funcionarios-del-servicio-diplomatico\/\" \/>\n<meta property=\"og:locale\" content=\"es_ES\" \/>\n<meta property=\"og:type\" content=\"article\" \/>\n<meta property=\"og:title\" content=\"Caral y \u00c1spero recibieron la visita de la Asociaci\u00f3n de Funcionarios del Servicio Diplom\u00e1tico\" \/>\n<meta property=\"og:description\" content=\"El s\u00e1bado, 17 de noviembre, por la ma\u00f1ana, la Ciudad Sagrada de Caral y la Ciudad Pesquera de \u00c1spero, recibieron la vista de los integrantes de la Asociaci\u00f3n de Funcionarios del Servicio Diplom\u00e1tico del Per\u00fa, gracias a la organizaci\u00f3n de nuestros Viajes Educativos.\" \/>\n<meta property=\"og:url\" content=\"https:\/\/zonacaral.gob.pe\/es\/noticias\/caral-y-aspero-recibieron-la-visita-de-la-asociacion-de-funcionarios-del-servicio-diplomatico\/\" \/>\n<meta property=\"og:site_name\" content=\"Zona Caral\" \/>\n<meta property=\"article:published_time\" content=\"2018-11-19T19:58:52+00:00\" \/>\n<meta property=\"og:image\" content=\"https:\/\/zonacaral.gob.pe\/wp-content\/uploads\/2018\/11\/diplomaticos.jpg\" \/>\n\t<meta property=\"og:image:width\" content=\"810\" \/>\n\t<meta property=\"og:image:height\" content=\"410\" \/>\n\t<meta property=\"og:image:type\" content=\"image\/jpeg\" \/>\n<meta name=\"author\" content=\"Zona Caral Administrador\" \/>\n<meta name=\"twitter:card\" content=\"summary_large_image\" \/>\n<meta name=\"twitter:label1\" content=\"Written by\" \/>\n\t<meta name=\"twitter:data1\" content=\"Zona Caral Administrador\" \/>\n\t<meta name=\"twitter:label2\" content=\"Est. reading time\" \/>\n\t<meta name=\"twitter:data2\" content=\"2 minutos\" \/>\n<script type=\"application\/ld+json\" class=\"yoast-schema-graph\">{\"@context\":\"https:\\\/\\\/schema.org\",\"@graph\":[{\"@type\":\"Article\",\"@id\":\"https:\\\/\\\/zonacaral.gob.pe\\\/es\\\/noticias\\\/caral-y-aspero-recibieron-la-visita-de-la-asociacion-de-funcionarios-del-servicio-diplomatico\\\/#article\",\"isPartOf\":{\"@id\":\"https:\\\/\\\/zonacaral.gob.pe\\\/es\\\/noticias\\\/caral-y-aspero-recibieron-la-visita-de-la-asociacion-de-funcionarios-del-servicio-diplomatico\\\/\"},\"author\":{\"name\":\"Zona Caral Administrador\",\"@id\":\"https:\\\/\\\/zonacaral.gob.pe\\\/es\\\/#\\\/schema\\\/person\\\/beddb4d22f71a7230c5b90913270a0ee\"},\"headline\":\"Caral y \u00c1spero recibieron la visita de la Asociaci\u00f3n de Funcionarios del Servicio Diplom\u00e1tico\",\"datePublished\":\"2018-11-19T19:58:52+00:00\",\"mainEntityOfPage\":{\"@id\":\"https:\\\/\\\/zonacaral.gob.pe\\\/es\\\/noticias\\\/caral-y-aspero-recibieron-la-visita-de-la-asociacion-de-funcionarios-del-servicio-diplomatico\\\/\"},\"wordCount\":442,\"image\":{\"@id\":\"https:\\\/\\\/zonacaral.gob.pe\\\/es\\\/noticias\\\/caral-y-aspero-recibieron-la-visita-de-la-asociacion-de-funcionarios-del-servicio-diplomatico\\\/#primaryimage\"},\"thumbnailUrl\":\"https:\\\/\\\/zonacaral.gob.pe\\\/wp-content\\\/uploads\\\/2018\\\/11\\\/diplomaticos.jpg\",\"keywords\":[\"Aspero\",\"caral\"],\"articleSection\":[\"noticias\"],\"inLanguage\":\"es-PE\"},{\"@type\":\"WebPage\",\"@id\":\"https:\\\/\\\/zonacaral.gob.pe\\\/es\\\/noticias\\\/caral-y-aspero-recibieron-la-visita-de-la-asociacion-de-funcionarios-del-servicio-diplomatico\\\/\",\"url\":\"https:\\\/\\\/zonacaral.gob.pe\\\/es\\\/noticias\\\/caral-y-aspero-recibieron-la-visita-de-la-asociacion-de-funcionarios-del-servicio-diplomatico\\\/\",\"name\":\"Caral y \u00c1spero recibieron la visita de la Asociaci\u00f3n de Funcionarios del Servicio Diplom\u00e1tico\",\"isPartOf\":{\"@id\":\"https:\\\/\\\/zonacaral.gob.pe\\\/es\\\/#website\"},\"primaryImageOfPage\":{\"@id\":\"https:\\\/\\\/zonacaral.gob.pe\\\/es\\\/noticias\\\/caral-y-aspero-recibieron-la-visita-de-la-asociacion-de-funcionarios-del-servicio-diplomatico\\\/#primaryimage\"},\"image\":{\"@id\":\"https:\\\/\\\/zonacaral.gob.pe\\\/es\\\/noticias\\\/caral-y-aspero-recibieron-la-visita-de-la-asociacion-de-funcionarios-del-servicio-diplomatico\\\/#primaryimage\"},\"thumbnailUrl\":\"https:\\\/\\\/zonacaral.gob.pe\\\/wp-content\\\/uploads\\\/2018\\\/11\\\/diplomaticos.jpg\",\"datePublished\":\"2018-11-19T19:58:52+00:00\",\"author\":{\"@id\":\"https:\\\/\\\/zonacaral.gob.pe\\\/es\\\/#\\\/schema\\\/person\\\/beddb4d22f71a7230c5b90913270a0ee\"},\"description\":\"El s\u00e1bado, 17 de noviembre, por la ma\u00f1ana, la Ciudad Sagrada de Caral y la Ciudad Pesquera de \u00c1spero, recibieron la vista de los integrantes de la Asociaci\u00f3n de Funcionarios del Servicio Diplom\u00e1tico del Per\u00fa, gracias a la organizaci\u00f3n de nuestros Viajes Educativos.\",\"breadcrumb\":{\"@id\":\"https:\\\/\\\/zonacaral.gob.pe\\\/es\\\/noticias\\\/caral-y-aspero-recibieron-la-visita-de-la-asociacion-de-funcionarios-del-servicio-diplomatico\\\/#breadcrumb\"},\"inLanguage\":\"es-PE\",\"potentialAction\":[{\"@type\":\"ReadAction\",\"target\":[\"https:\\\/\\\/zonacaral.gob.pe\\\/es\\\/noticias\\\/caral-y-aspero-recibieron-la-visita-de-la-asociacion-de-funcionarios-del-servicio-diplomatico\\\/\"]}]},{\"@type\":\"ImageObject\",\"inLanguage\":\"es-PE\",\"@id\":\"https:\\\/\\\/zonacaral.gob.pe\\\/es\\\/noticias\\\/caral-y-aspero-recibieron-la-visita-de-la-asociacion-de-funcionarios-del-servicio-diplomatico\\\/#primaryimage\",\"url\":\"https:\\\/\\\/zonacaral.gob.pe\\\/wp-content\\\/uploads\\\/2018\\\/11\\\/diplomaticos.jpg\",\"contentUrl\":\"https:\\\/\\\/zonacaral.gob.pe\\\/wp-content\\\/uploads\\\/2018\\\/11\\\/diplomaticos.jpg\",\"width\":810,\"height\":410},{\"@type\":\"BreadcrumbList\",\"@id\":\"https:\\\/\\\/zonacaral.gob.pe\\\/es\\\/noticias\\\/caral-y-aspero-recibieron-la-visita-de-la-asociacion-de-funcionarios-del-servicio-diplomatico\\\/#breadcrumb\",\"itemListElement\":[{\"@type\":\"ListItem\",\"position\":1,\"name\":\"Portada\",\"item\":\"https:\\\/\\\/zonacaral.gob.pe\\\/\"},{\"@type\":\"ListItem\",\"position\":2,\"name\":\"Caral y \u00c1spero recibieron la visita de la Asociaci\u00f3n de Funcionarios del Servicio Diplom\u00e1tico\"}]},{\"@type\":\"WebSite\",\"@id\":\"https:\\\/\\\/zonacaral.gob.pe\\\/es\\\/#website\",\"url\":\"https:\\\/\\\/zonacaral.gob.pe\\\/es\\\/\",\"name\":\"Zona Caral\",\"description\":\"Investigamos, conservamos y difundimos el patrimonio cultural de la Civilizaci\u00f3n Caral, la m\u00e1s antigua de Am\u00e9rica.\",\"potentialAction\":[{\"@type\":\"SearchAction\",\"target\":{\"@type\":\"EntryPoint\",\"urlTemplate\":\"https:\\\/\\\/zonacaral.gob.pe\\\/es\\\/?s={search_term_string}\"},\"query-input\":{\"@type\":\"PropertyValueSpecification\",\"valueRequired\":true,\"valueName\":\"search_term_string\"}}],\"inLanguage\":\"es-PE\"},{\"@type\":\"Person\",\"@id\":\"https:\\\/\\\/zonacaral.gob.pe\\\/es\\\/#\\\/schema\\\/person\\\/beddb4d22f71a7230c5b90913270a0ee\",\"name\":\"Zona Caral Administrador\",\"image\":{\"@type\":\"ImageObject\",\"inLanguage\":\"es-PE\",\"@id\":\"https:\\\/\\\/secure.gravatar.com\\\/avatar\\\/e4be162918a696358376de6446614e0f0f4062bdc5d170d6d540ada3d8b58c12?s=96&d=mm&r=g\",\"url\":\"https:\\\/\\\/secure.gravatar.com\\\/avatar\\\/e4be162918a696358376de6446614e0f0f4062bdc5d170d6d540ada3d8b58c12?s=96&d=mm&r=g\",\"contentUrl\":\"https:\\\/\\\/secure.gravatar.com\\\/avatar\\\/e4be162918a696358376de6446614e0f0f4062bdc5d170d6d540ada3d8b58c12?s=96&d=mm&r=g\",\"caption\":\"Zona Caral Administrador\"},\"sameAs\":[\"https:\\\/\\\/zonacaral.gob.pe\"],\"url\":\"https:\\\/\\\/zonacaral.gob.pe\\\/es\\\/noticias\\\/author\\\/ad_zonacaral\\\/\"}]}<\/script>\n<!-- \/ Yoast SEO plugin. -->","yoast_head_json":{"title":"Caral y \u00c1spero recibieron la visita de la Asociaci\u00f3n de Funcionarios del Servicio Diplom\u00e1tico","description":"El s\u00e1bado, 17 de noviembre, por la ma\u00f1ana, la Ciudad Sagrada de Caral y la Ciudad Pesquera de \u00c1spero, recibieron la vista de los integrantes de la Asociaci\u00f3n de Funcionarios del Servicio Diplom\u00e1tico del Per\u00fa, gracias a la organizaci\u00f3n de nuestros Viajes Educativos.","robots":{"index":"index","follow":"follow","max-snippet":"max-snippet:-1","max-image-preview":"max-image-preview:large","max-video-preview":"max-video-preview:-1"},"canonical":"https:\/\/zonacaral.gob.pe\/es\/noticias\/caral-y-aspero-recibieron-la-visita-de-la-asociacion-de-funcionarios-del-servicio-diplomatico\/","og_locale":"es_ES","og_type":"article","og_title":"Caral y \u00c1spero recibieron la visita de la Asociaci\u00f3n de Funcionarios del Servicio Diplom\u00e1tico","og_description":"El s\u00e1bado, 17 de noviembre, por la ma\u00f1ana, la Ciudad Sagrada de Caral y la Ciudad Pesquera de \u00c1spero, recibieron la vista de los integrantes de la Asociaci\u00f3n de Funcionarios del Servicio Diplom\u00e1tico del Per\u00fa, gracias a la organizaci\u00f3n de nuestros Viajes Educativos.","og_url":"https:\/\/zonacaral.gob.pe\/es\/noticias\/caral-y-aspero-recibieron-la-visita-de-la-asociacion-de-funcionarios-del-servicio-diplomatico\/","og_site_name":"Zona Caral","article_published_time":"2018-11-19T19:58:52+00:00","og_image":[{"width":810,"height":410,"url":"https:\/\/zonacaral.gob.pe\/wp-content\/uploads\/2018\/11\/diplomaticos.jpg","type":"image\/jpeg"}],"author":"Zona Caral Administrador","twitter_card":"summary_large_image","twitter_misc":{"Written by":"Zona Caral Administrador","Est. reading time":"2 minutos"},"schema":{"@context":"https:\/\/schema.org","@graph":[{"@type":"Article","@id":"https:\/\/zonacaral.gob.pe\/es\/noticias\/caral-y-aspero-recibieron-la-visita-de-la-asociacion-de-funcionarios-del-servicio-diplomatico\/#article","isPartOf":{"@id":"https:\/\/zonacaral.gob.pe\/es\/noticias\/caral-y-aspero-recibieron-la-visita-de-la-asociacion-de-funcionarios-del-servicio-diplomatico\/"},"author":{"name":"Zona Caral Administrador","@id":"https:\/\/zonacaral.gob.pe\/es\/#\/schema\/person\/beddb4d22f71a7230c5b90913270a0ee"},"headline":"Caral y \u00c1spero recibieron la visita de la Asociaci\u00f3n de Funcionarios del Servicio Diplom\u00e1tico","datePublished":"2018-11-19T19:58:52+00:00","mainEntityOfPage":{"@id":"https:\/\/zonacaral.gob.pe\/es\/noticias\/caral-y-aspero-recibieron-la-visita-de-la-asociacion-de-funcionarios-del-servicio-diplomatico\/"},"wordCount":442,"image":{"@id":"https:\/\/zonacaral.gob.pe\/es\/noticias\/caral-y-aspero-recibieron-la-visita-de-la-asociacion-de-funcionarios-del-servicio-diplomatico\/#primaryimage"},"thumbnailUrl":"https:\/\/zonacaral.gob.pe\/wp-content\/uploads\/2018\/11\/diplomaticos.jpg","keywords":["Aspero","caral"],"articleSection":["noticias"],"inLanguage":"es-PE"},{"@type":"WebPage","@id":"https:\/\/zonacaral.gob.pe\/es\/noticias\/caral-y-aspero-recibieron-la-visita-de-la-asociacion-de-funcionarios-del-servicio-diplomatico\/","url":"https:\/\/zonacaral.gob.pe\/es\/noticias\/caral-y-aspero-recibieron-la-visita-de-la-asociacion-de-funcionarios-del-servicio-diplomatico\/","name":"Caral y \u00c1spero recibieron la visita de la Asociaci\u00f3n de Funcionarios del Servicio Diplom\u00e1tico","isPartOf":{"@id":"https:\/\/zonacaral.gob.pe\/es\/#website"},"primaryImageOfPage":{"@id":"https:\/\/zonacaral.gob.pe\/es\/noticias\/caral-y-aspero-recibieron-la-visita-de-la-asociacion-de-funcionarios-del-servicio-diplomatico\/#primaryimage"},"image":{"@id":"https:\/\/zonacaral.gob.pe\/es\/noticias\/caral-y-aspero-recibieron-la-visita-de-la-asociacion-de-funcionarios-del-servicio-diplomatico\/#primaryimage"},"thumbnailUrl":"https:\/\/zonacaral.gob.pe\/wp-content\/uploads\/2018\/11\/diplomaticos.jpg","datePublished":"2018-11-19T19:58:52+00:00","author":{"@id":"https:\/\/zonacaral.gob.pe\/es\/#\/schema\/person\/beddb4d22f71a7230c5b90913270a0ee"},"description":"El s\u00e1bado, 17 de noviembre, por la ma\u00f1ana, la Ciudad Sagrada de Caral y la Ciudad Pesquera de \u00c1spero, recibieron la vista de los integrantes de la Asociaci\u00f3n de Funcionarios del Servicio Diplom\u00e1tico del Per\u00fa, gracias a la organizaci\u00f3n de nuestros Viajes Educativos.","breadcrumb":{"@id":"https:\/\/zonacaral.gob.pe\/es\/noticias\/caral-y-aspero-recibieron-la-visita-de-la-asociacion-de-funcionarios-del-servicio-diplomatico\/#breadcrumb"},"inLanguage":"es-PE","potentialAction":[{"@type":"ReadAction","target":["https:\/\/zonacaral.gob.pe\/es\/noticias\/caral-y-aspero-recibieron-la-visita-de-la-asociacion-de-funcionarios-del-servicio-diplomatico\/"]}]},{"@type":"ImageObject","inLanguage":"es-PE","@id":"https:\/\/zonacaral.gob.pe\/es\/noticias\/caral-y-aspero-recibieron-la-visita-de-la-asociacion-de-funcionarios-del-servicio-diplomatico\/#primaryimage","url":"https:\/\/zonacaral.gob.pe\/wp-content\/uploads\/2018\/11\/diplomaticos.jpg","contentUrl":"https:\/\/zonacaral.gob.pe\/wp-content\/uploads\/2018\/11\/diplomaticos.jpg","width":810,"height":410},{"@type":"BreadcrumbList","@id":"https:\/\/zonacaral.gob.pe\/es\/noticias\/caral-y-aspero-recibieron-la-visita-de-la-asociacion-de-funcionarios-del-servicio-diplomatico\/#breadcrumb","itemListElement":[{"@type":"ListItem","position":1,"name":"Portada","item":"https:\/\/zonacaral.gob.pe\/"},{"@type":"ListItem","position":2,"name":"Caral y \u00c1spero recibieron la visita de la Asociaci\u00f3n de Funcionarios del Servicio Diplom\u00e1tico"}]},{"@type":"WebSite","@id":"https:\/\/zonacaral.gob.pe\/es\/#website","url":"https:\/\/zonacaral.gob.pe\/es\/","name":"Zona Caral","description":"Investigamos, conservamos y difundimos el patrimonio cultural de la Civilizaci\u00f3n Caral, la m\u00e1s antigua de Am\u00e9rica.","potentialAction":[{"@type":"SearchAction","target":{"@type":"EntryPoint","urlTemplate":"https:\/\/zonacaral.gob.pe\/es\/?s={search_term_string}"},"query-input":{"@type":"PropertyValueSpecification","valueRequired":true,"valueName":"search_term_string"}}],"inLanguage":"es-PE"},{"@type":"Person","@id":"https:\/\/zonacaral.gob.pe\/es\/#\/schema\/person\/beddb4d22f71a7230c5b90913270a0ee","name":"Zona Caral Administrador","image":{"@type":"ImageObject","inLanguage":"es-PE","@id":"https:\/\/secure.gravatar.com\/avatar\/e4be162918a696358376de6446614e0f0f4062bdc5d170d6d540ada3d8b58c12?s=96&d=mm&r=g","url":"https:\/\/secure.gravatar.com\/avatar\/e4be162918a696358376de6446614e0f0f4062bdc5d170d6d540ada3d8b58c12?s=96&d=mm&r=g","contentUrl":"https:\/\/secure.gravatar.com\/avatar\/e4be162918a696358376de6446614e0f0f4062bdc5d170d6d540ada3d8b58c12?s=96&d=mm&r=g","caption":"Zona Caral Administrador"},"sameAs":["https:\/\/zonacaral.gob.pe"],"url":"https:\/\/zonacaral.gob.pe\/es\/noticias\/author\/ad_zonacaral\/"}]}},"_links":{"self":[{"href":"https:\/\/zonacaral.gob.pe\/es\/wp-json\/wp\/v2\/posts\/13664","targetHints":{"allow":["GET"]}}],"collection":[{"href":"https:\/\/zonacaral.gob.pe\/es\/wp-json\/wp\/v2\/posts"}],"about":[{"href":"https:\/\/zonacaral.gob.pe\/es\/wp-json\/wp\/v2\/types\/post"}],"author":[{"embeddable":true,"href":"https:\/\/zonacaral.gob.pe\/es\/wp-json\/wp\/v2\/users\/1"}],"replies":[{"embeddable":true,"href":"https:\/\/zonacaral.gob.pe\/es\/wp-json\/wp\/v2\/comments?post=13664"}],"version-history":[{"count":0,"href":"https:\/\/zonacaral.gob.pe\/es\/wp-json\/wp\/v2\/posts\/13664\/revisions"}],"wp:featuredmedia":[{"embeddable":true,"href":"https:\/\/zonacaral.gob.pe\/es\/wp-json\/wp\/v2\/media\/13665"}],"wp:attachment":[{"href":"https:\/\/zonacaral.gob.pe\/es\/wp-json\/wp\/v2\/media?parent=13664"}],"wp:term":[{"taxonomy":"category","embeddable":true,"href":"https:\/\/zonacaral.gob.pe\/es\/wp-json\/wp\/v2\/categories?post=13664"},{"taxonomy":"post_tag","embeddable":true,"href":"https:\/\/zonacaral.gob.pe\/es\/wp-json\/wp\/v2\/tags?post=13664"}],"curies":[{"name":"wp","href":"https:\/\/api.w.org\/{rel}","templated":true}]}}