{"id":13727,"date":"2018-11-22T14:16:11","date_gmt":"2018-11-22T19:16:11","guid":{"rendered":"http:\/\/www.zonacaral.gob.pe\/?p=13727"},"modified":"2018-11-22T14:16:11","modified_gmt":"2018-11-22T19:16:11","slug":"tienda-caral-compra-tus-libros-o-recuerdos-de-la-civilizacion-caral-por-internet","status":"publish","type":"post","link":"https:\/\/zonacaral.gob.pe\/es\/noticias\/tienda-caral-compra-tus-libros-o-recuerdos-de-la-civilizacion-caral-por-internet\/","title":{"rendered":"Tienda Caral: compra tus libros o recuerdos de la Civilizaci\u00f3n Caral por internet"},"content":{"rendered":"<figure class=\"pic-autor\" style=\"color: #4d4d4d; text-align: justify;\"><\/figure>\n<blockquote><p>Por primera vez, se podr\u00e1n adquirir por Internet productos de calidad, de la Zona Arqueol\u00f3gica Caral, con dise\u00f1os de los diferentes sitios arqueol\u00f3gicos y hallazgos.<\/p><\/blockquote>\n<p>Con el objetivo de continuar con la difusi\u00f3n del patrimonio cultural, la Zona Arqueol\u00f3gica Caral (ZAC), UE 003 del Ministerio de Cultura, pone a disposici\u00f3n de la poblaci\u00f3n, en general, su plataforma web, para la compra de publicaciones o recuerdos sobre la Civilizaci\u00f3n Caral.<br \/>\nEn una primera etapa, los productos que se vender\u00e1n son los elaborados por la ZAC, pero la oferta se ampliar\u00e1 a variedades artesanales que elaboran los pobladores de las zonas aleda\u00f1as a los sitios arqueol\u00f3gicos que est\u00e1n bajo nuestra protecci\u00f3n.<\/p>\n<p>Entre algunos productos, que estar\u00e1n al alcance de los amantes de la cultura, son los libros: \u201cCentros Urbanos de la Civilizaci\u00f3n Caral, 21 a\u00f1os recuperando la historia sobre el Sistema Social\u201d, con informaci\u00f3n de m\u00e1s de 20 a\u00f1os de investigaciones y hallazgos. Difusiones como, el libro sobre el sitio arqueol\u00f3gico de \u00c1spero, Vichama, Miraya, Lurihuasi o la \u00faltima difusi\u00f3n \u201cLos Valores de la Civilizaci\u00f3n Caral, Reflexiones para el Buen Vivir\u201d.<\/p>\n<p>Tambi\u00e9n encontrar\u00e1s algunos recuerdos sobre la Civilizaci\u00f3n Caral, como polos, gorras, tazas, libretas, bolsos, canguros; para que puedas, si deseas, regalarlos en alg\u00fan motivo especial o solo coleccionarlos como un amante de nuestra cultura. Contienen dise\u00f1os de la Ciudad Sagrada de Caral; \u00c1spero, Ciudad Pesquera de Caral; y Vichama, Ciudad Agropesquera de V\u00e9gueta.<\/p>\n<p>Los precios de cada producto son c\u00f3modos, pues el \u00fanico objetivo es la difusi\u00f3n de nuestro patrimonio cultural, y a trav\u00e9s de nuestras publicaciones, impulsamos la educaci\u00f3n de calidad en el pa\u00eds.<br \/>\nLa plataforma web es sencilla y amigable, s\u00f3lo debes ingresar a <a href=\"https:\/\/tienda.zonacaral.gob.pe\/\">https:\/\/tienda.zonacaral.gob.pe\/<\/a>, buscar en nuestras categor\u00edas lo que desees adquirir y pagarlo f\u00e1cilmente, y seguro, con tu tarjeta de d\u00e9bito o cr\u00e9dito.<br \/>\nLos datos del comprador est\u00e1n protegidos y se garantiza la calidad y entrega de los productos, a la direcci\u00f3n que hayan ingresado. Por ahora, todas las entregas son s\u00f3lo en Lima Metropolitana.<\/p>\n<p>An\u00edmate a invertir en cultura, est\u00e1s s\u00f3lo a unos clics de tener un buen y bonito producto. Ingresa a <a href=\"https:\/\/tienda.zonacaral.gob.pe\/\">https:\/\/tienda.zonacaral.gob.pe\/<\/a>.<\/p>\n<p>Cualquier informaci\u00f3n o consulta ll\u00e1manos al 205 2517 o escr\u00edbenos a webmaster@zonacaral.gob.pe.<\/p>\n<p>&nbsp;<\/p>\n<p style=\"text-align: justify;\"><span style=\"color: #993300;\"><strong>Fuente<\/strong><strong>: Prensa ZAC<\/strong><\/span><\/p>\n<div style=\"color: #1f1f1f;\">\n<p style=\"text-align: justify;\">Fecha de publicaci\u00f3n: 22\/10\/2018<\/p>\n<\/div>\n","protected":false},"excerpt":{"rendered":"<p>Por primera vez, se podr\u00e1n adquirir por Internet productos de calidad, de la Zona Arqueol\u00f3gica Caral, con dise\u00f1os de los [&hellip;]<\/p>\n","protected":false},"author":1,"featured_media":13728,"comment_status":"closed","ping_status":"open","sticky":false,"template":"","format":"standard","meta":{"_acf_changed":false,"site-sidebar-layout":"default","site-content-layout":"","ast-site-content-layout":"default","site-content-style":"default","site-sidebar-style":"default","ast-global-header-display":"","ast-banner-title-visibility":"","ast-main-header-display":"","ast-hfb-above-header-display":"","ast-hfb-below-header-display":"","ast-hfb-mobile-header-display":"","site-post-title":"","ast-breadcrumbs-content":"","ast-featured-img":"","footer-sml-layout":"","ast-disable-related-posts":"","theme-transparent-header-meta":"","adv-header-id-meta":"","stick-header-meta":"","header-above-stick-meta":"","header-main-stick-meta":"","header-below-stick-meta":"","astra-migrate-meta-layouts":"default","ast-page-background-enabled":"default","ast-page-background-meta":{"desktop":{"background-color":"var(--ast-global-color-5)","background-image":"","background-repeat":"repeat","background-position":"center center","background-size":"auto","background-attachment":"scroll","background-type":"","background-media":"","overlay-type":"","overlay-color":"","overlay-opacity":"","overlay-gradient":""},"tablet":{"background-color":"","background-image":"","background-repeat":"repeat","background-position":"center center","background-size":"auto","background-attachment":"scroll","background-type":"","background-media":"","overlay-type":"","overlay-color":"","overlay-opacity":"","overlay-gradient":""},"mobile":{"background-color":"","background-image":"","background-repeat":"repeat","background-position":"center center","background-size":"auto","background-attachment":"scroll","background-type":"","background-media":"","overlay-type":"","overlay-color":"","overlay-opacity":"","overlay-gradient":""}},"ast-content-background-meta":{"desktop":{"background-color":"var(--ast-global-color-4)","background-image":"","background-repeat":"repeat","background-position":"center center","background-size":"auto","background-attachment":"scroll","background-type":"","background-media":"","overlay-type":"","overlay-color":"","overlay-opacity":"","overlay-gradient":""},"tablet":{"background-color":"var(--ast-global-color-4)","background-image":"","background-repeat":"repeat","background-position":"center center","background-size":"auto","background-attachment":"scroll","background-type":"","background-media":"","overlay-type":"","overlay-color":"","overlay-opacity":"","overlay-gradient":""},"mobile":{"background-color":"var(--ast-global-color-4)","background-image":"","background-repeat":"repeat","background-position":"center center","background-size":"auto","background-attachment":"scroll","background-type":"","background-media":"","overlay-type":"","overlay-color":"","overlay-opacity":"","overlay-gradient":""}},"footnotes":""},"categories":[208],"tags":[63,55,184,61],"class_list":["post-13727","post","type-post","status-publish","format-standard","has-post-thumbnail","hentry","category-noticias","tag-aspero","tag-caral","tag-tienda","tag-vichama"],"acf":[],"yoast_head":"<!-- This site is optimized with the Yoast SEO plugin v27.3 - https:\/\/yoast.com\/product\/yoast-seo-wordpress\/ -->\n<title>Tienda Caral: compra tus libros o recuerdos de la Civilizaci\u00f3n Caral por internet<\/title>\n<meta name=\"description\" content=\"El s\u00e1bado, 17 de noviembre, por la ma\u00f1ana, la Ciudad Sagrada de Caral y la Ciudad Pesquera de \u00c1spero, recibieron la vista de los integrantes de la Asociaci\u00f3n de Funcionarios del Servicio Diplom\u00e1tico del Per\u00fa, gracias a la organizaci\u00f3n de nuestros Viajes Educativos.\" \/>\n<meta name=\"robots\" content=\"index, follow, max-snippet:-1, max-image-preview:large, max-video-preview:-1\" \/>\n<link rel=\"canonical\" href=\"https:\/\/zonacaral.gob.pe\/es\/noticias\/tienda-caral-compra-tus-libros-o-recuerdos-de-la-civilizacion-caral-por-internet\/\" \/>\n<meta property=\"og:locale\" content=\"es_ES\" \/>\n<meta property=\"og:type\" content=\"article\" \/>\n<meta property=\"og:title\" content=\"Tienda Caral: compra tus libros o recuerdos de la Civilizaci\u00f3n Caral por internet\" \/>\n<meta property=\"og:description\" content=\"El s\u00e1bado, 17 de noviembre, por la ma\u00f1ana, la Ciudad Sagrada de Caral y la Ciudad Pesquera de \u00c1spero, recibieron la vista de los integrantes de la Asociaci\u00f3n de Funcionarios del Servicio Diplom\u00e1tico del Per\u00fa, gracias a la organizaci\u00f3n de nuestros Viajes Educativos.\" \/>\n<meta property=\"og:url\" content=\"https:\/\/zonacaral.gob.pe\/es\/noticias\/tienda-caral-compra-tus-libros-o-recuerdos-de-la-civilizacion-caral-por-internet\/\" \/>\n<meta property=\"og:site_name\" content=\"Zona Caral\" \/>\n<meta property=\"article:published_time\" content=\"2018-11-22T19:16:11+00:00\" \/>\n<meta property=\"og:image\" content=\"https:\/\/zonacaral.gob.pe\/wp-content\/uploads\/2018\/11\/Post-lanzamiento-tienda-caral-ordenador.jpg\" \/>\n\t<meta property=\"og:image:width\" content=\"2500\" \/>\n\t<meta property=\"og:image:height\" content=\"2000\" \/>\n\t<meta property=\"og:image:type\" content=\"image\/jpeg\" \/>\n<meta name=\"author\" content=\"Zona Caral Administrador\" \/>\n<meta name=\"twitter:card\" content=\"summary_large_image\" \/>\n<meta name=\"twitter:label1\" content=\"Written by\" \/>\n\t<meta name=\"twitter:data1\" content=\"Zona Caral Administrador\" \/>\n\t<meta name=\"twitter:label2\" content=\"Est. reading time\" \/>\n\t<meta name=\"twitter:data2\" content=\"2 minutos\" \/>\n<script type=\"application\/ld+json\" class=\"yoast-schema-graph\">{\"@context\":\"https:\\\/\\\/schema.org\",\"@graph\":[{\"@type\":\"Article\",\"@id\":\"https:\\\/\\\/zonacaral.gob.pe\\\/es\\\/noticias\\\/tienda-caral-compra-tus-libros-o-recuerdos-de-la-civilizacion-caral-por-internet\\\/#article\",\"isPartOf\":{\"@id\":\"https:\\\/\\\/zonacaral.gob.pe\\\/es\\\/noticias\\\/tienda-caral-compra-tus-libros-o-recuerdos-de-la-civilizacion-caral-por-internet\\\/\"},\"author\":{\"name\":\"Zona Caral Administrador\",\"@id\":\"https:\\\/\\\/zonacaral.gob.pe\\\/es\\\/#\\\/schema\\\/person\\\/beddb4d22f71a7230c5b90913270a0ee\"},\"headline\":\"Tienda Caral: compra tus libros o recuerdos de la Civilizaci\u00f3n Caral por internet\",\"datePublished\":\"2018-11-22T19:16:11+00:00\",\"mainEntityOfPage\":{\"@id\":\"https:\\\/\\\/zonacaral.gob.pe\\\/es\\\/noticias\\\/tienda-caral-compra-tus-libros-o-recuerdos-de-la-civilizacion-caral-por-internet\\\/\"},\"wordCount\":436,\"image\":{\"@id\":\"https:\\\/\\\/zonacaral.gob.pe\\\/es\\\/noticias\\\/tienda-caral-compra-tus-libros-o-recuerdos-de-la-civilizacion-caral-por-internet\\\/#primaryimage\"},\"thumbnailUrl\":\"https:\\\/\\\/zonacaral.gob.pe\\\/wp-content\\\/uploads\\\/2018\\\/11\\\/Post-lanzamiento-tienda-caral-ordenador.jpg\",\"keywords\":[\"Aspero\",\"caral\",\"Tienda\",\"vichama\"],\"articleSection\":[\"noticias\"],\"inLanguage\":\"es-PE\"},{\"@type\":\"WebPage\",\"@id\":\"https:\\\/\\\/zonacaral.gob.pe\\\/es\\\/noticias\\\/tienda-caral-compra-tus-libros-o-recuerdos-de-la-civilizacion-caral-por-internet\\\/\",\"url\":\"https:\\\/\\\/zonacaral.gob.pe\\\/es\\\/noticias\\\/tienda-caral-compra-tus-libros-o-recuerdos-de-la-civilizacion-caral-por-internet\\\/\",\"name\":\"Tienda Caral: compra tus libros o recuerdos de la Civilizaci\u00f3n Caral por internet\",\"isPartOf\":{\"@id\":\"https:\\\/\\\/zonacaral.gob.pe\\\/es\\\/#website\"},\"primaryImageOfPage\":{\"@id\":\"https:\\\/\\\/zonacaral.gob.pe\\\/es\\\/noticias\\\/tienda-caral-compra-tus-libros-o-recuerdos-de-la-civilizacion-caral-por-internet\\\/#primaryimage\"},\"image\":{\"@id\":\"https:\\\/\\\/zonacaral.gob.pe\\\/es\\\/noticias\\\/tienda-caral-compra-tus-libros-o-recuerdos-de-la-civilizacion-caral-por-internet\\\/#primaryimage\"},\"thumbnailUrl\":\"https:\\\/\\\/zonacaral.gob.pe\\\/wp-content\\\/uploads\\\/2018\\\/11\\\/Post-lanzamiento-tienda-caral-ordenador.jpg\",\"datePublished\":\"2018-11-22T19:16:11+00:00\",\"author\":{\"@id\":\"https:\\\/\\\/zonacaral.gob.pe\\\/es\\\/#\\\/schema\\\/person\\\/beddb4d22f71a7230c5b90913270a0ee\"},\"description\":\"El s\u00e1bado, 17 de noviembre, por la ma\u00f1ana, la Ciudad Sagrada de Caral y la Ciudad Pesquera de \u00c1spero, recibieron la vista de los integrantes de la Asociaci\u00f3n de Funcionarios del Servicio Diplom\u00e1tico del Per\u00fa, gracias a la organizaci\u00f3n de nuestros Viajes Educativos.\",\"breadcrumb\":{\"@id\":\"https:\\\/\\\/zonacaral.gob.pe\\\/es\\\/noticias\\\/tienda-caral-compra-tus-libros-o-recuerdos-de-la-civilizacion-caral-por-internet\\\/#breadcrumb\"},\"inLanguage\":\"es-PE\",\"potentialAction\":[{\"@type\":\"ReadAction\",\"target\":[\"https:\\\/\\\/zonacaral.gob.pe\\\/es\\\/noticias\\\/tienda-caral-compra-tus-libros-o-recuerdos-de-la-civilizacion-caral-por-internet\\\/\"]}]},{\"@type\":\"ImageObject\",\"inLanguage\":\"es-PE\",\"@id\":\"https:\\\/\\\/zonacaral.gob.pe\\\/es\\\/noticias\\\/tienda-caral-compra-tus-libros-o-recuerdos-de-la-civilizacion-caral-por-internet\\\/#primaryimage\",\"url\":\"https:\\\/\\\/zonacaral.gob.pe\\\/wp-content\\\/uploads\\\/2018\\\/11\\\/Post-lanzamiento-tienda-caral-ordenador.jpg\",\"contentUrl\":\"https:\\\/\\\/zonacaral.gob.pe\\\/wp-content\\\/uploads\\\/2018\\\/11\\\/Post-lanzamiento-tienda-caral-ordenador.jpg\",\"width\":2500,\"height\":2000},{\"@type\":\"BreadcrumbList\",\"@id\":\"https:\\\/\\\/zonacaral.gob.pe\\\/es\\\/noticias\\\/tienda-caral-compra-tus-libros-o-recuerdos-de-la-civilizacion-caral-por-internet\\\/#breadcrumb\",\"itemListElement\":[{\"@type\":\"ListItem\",\"position\":1,\"name\":\"Portada\",\"item\":\"https:\\\/\\\/zonacaral.gob.pe\\\/\"},{\"@type\":\"ListItem\",\"position\":2,\"name\":\"Tienda Caral: compra tus libros o recuerdos de la Civilizaci\u00f3n Caral por internet\"}]},{\"@type\":\"WebSite\",\"@id\":\"https:\\\/\\\/zonacaral.gob.pe\\\/es\\\/#website\",\"url\":\"https:\\\/\\\/zonacaral.gob.pe\\\/es\\\/\",\"name\":\"Zona Caral\",\"description\":\"Investigamos, conservamos y difundimos el patrimonio cultural de la Civilizaci\u00f3n Caral, la m\u00e1s antigua de Am\u00e9rica.\",\"potentialAction\":[{\"@type\":\"SearchAction\",\"target\":{\"@type\":\"EntryPoint\",\"urlTemplate\":\"https:\\\/\\\/zonacaral.gob.pe\\\/es\\\/?s={search_term_string}\"},\"query-input\":{\"@type\":\"PropertyValueSpecification\",\"valueRequired\":true,\"valueName\":\"search_term_string\"}}],\"inLanguage\":\"es-PE\"},{\"@type\":\"Person\",\"@id\":\"https:\\\/\\\/zonacaral.gob.pe\\\/es\\\/#\\\/schema\\\/person\\\/beddb4d22f71a7230c5b90913270a0ee\",\"name\":\"Zona Caral Administrador\",\"image\":{\"@type\":\"ImageObject\",\"inLanguage\":\"es-PE\",\"@id\":\"https:\\\/\\\/secure.gravatar.com\\\/avatar\\\/e4be162918a696358376de6446614e0f0f4062bdc5d170d6d540ada3d8b58c12?s=96&d=mm&r=g\",\"url\":\"https:\\\/\\\/secure.gravatar.com\\\/avatar\\\/e4be162918a696358376de6446614e0f0f4062bdc5d170d6d540ada3d8b58c12?s=96&d=mm&r=g\",\"contentUrl\":\"https:\\\/\\\/secure.gravatar.com\\\/avatar\\\/e4be162918a696358376de6446614e0f0f4062bdc5d170d6d540ada3d8b58c12?s=96&d=mm&r=g\",\"caption\":\"Zona Caral Administrador\"},\"sameAs\":[\"https:\\\/\\\/zonacaral.gob.pe\"],\"url\":\"https:\\\/\\\/zonacaral.gob.pe\\\/es\\\/noticias\\\/author\\\/ad_zonacaral\\\/\"}]}<\/script>\n<!-- \/ Yoast SEO plugin. -->","yoast_head_json":{"title":"Tienda Caral: compra tus libros o recuerdos de la Civilizaci\u00f3n Caral por internet","description":"El s\u00e1bado, 17 de noviembre, por la ma\u00f1ana, la Ciudad Sagrada de Caral y la Ciudad Pesquera de \u00c1spero, recibieron la vista de los integrantes de la Asociaci\u00f3n de Funcionarios del Servicio Diplom\u00e1tico del Per\u00fa, gracias a la organizaci\u00f3n de nuestros Viajes Educativos.","robots":{"index":"index","follow":"follow","max-snippet":"max-snippet:-1","max-image-preview":"max-image-preview:large","max-video-preview":"max-video-preview:-1"},"canonical":"https:\/\/zonacaral.gob.pe\/es\/noticias\/tienda-caral-compra-tus-libros-o-recuerdos-de-la-civilizacion-caral-por-internet\/","og_locale":"es_ES","og_type":"article","og_title":"Tienda Caral: compra tus libros o recuerdos de la Civilizaci\u00f3n Caral por internet","og_description":"El s\u00e1bado, 17 de noviembre, por la ma\u00f1ana, la Ciudad Sagrada de Caral y la Ciudad Pesquera de \u00c1spero, recibieron la vista de los integrantes de la Asociaci\u00f3n de Funcionarios del Servicio Diplom\u00e1tico del Per\u00fa, gracias a la organizaci\u00f3n de nuestros Viajes Educativos.","og_url":"https:\/\/zonacaral.gob.pe\/es\/noticias\/tienda-caral-compra-tus-libros-o-recuerdos-de-la-civilizacion-caral-por-internet\/","og_site_name":"Zona Caral","article_published_time":"2018-11-22T19:16:11+00:00","og_image":[{"width":2500,"height":2000,"url":"https:\/\/zonacaral.gob.pe\/wp-content\/uploads\/2018\/11\/Post-lanzamiento-tienda-caral-ordenador.jpg","type":"image\/jpeg"}],"author":"Zona Caral Administrador","twitter_card":"summary_large_image","twitter_misc":{"Written by":"Zona Caral Administrador","Est. reading time":"2 minutos"},"schema":{"@context":"https:\/\/schema.org","@graph":[{"@type":"Article","@id":"https:\/\/zonacaral.gob.pe\/es\/noticias\/tienda-caral-compra-tus-libros-o-recuerdos-de-la-civilizacion-caral-por-internet\/#article","isPartOf":{"@id":"https:\/\/zonacaral.gob.pe\/es\/noticias\/tienda-caral-compra-tus-libros-o-recuerdos-de-la-civilizacion-caral-por-internet\/"},"author":{"name":"Zona Caral Administrador","@id":"https:\/\/zonacaral.gob.pe\/es\/#\/schema\/person\/beddb4d22f71a7230c5b90913270a0ee"},"headline":"Tienda Caral: compra tus libros o recuerdos de la Civilizaci\u00f3n Caral por internet","datePublished":"2018-11-22T19:16:11+00:00","mainEntityOfPage":{"@id":"https:\/\/zonacaral.gob.pe\/es\/noticias\/tienda-caral-compra-tus-libros-o-recuerdos-de-la-civilizacion-caral-por-internet\/"},"wordCount":436,"image":{"@id":"https:\/\/zonacaral.gob.pe\/es\/noticias\/tienda-caral-compra-tus-libros-o-recuerdos-de-la-civilizacion-caral-por-internet\/#primaryimage"},"thumbnailUrl":"https:\/\/zonacaral.gob.pe\/wp-content\/uploads\/2018\/11\/Post-lanzamiento-tienda-caral-ordenador.jpg","keywords":["Aspero","caral","Tienda","vichama"],"articleSection":["noticias"],"inLanguage":"es-PE"},{"@type":"WebPage","@id":"https:\/\/zonacaral.gob.pe\/es\/noticias\/tienda-caral-compra-tus-libros-o-recuerdos-de-la-civilizacion-caral-por-internet\/","url":"https:\/\/zonacaral.gob.pe\/es\/noticias\/tienda-caral-compra-tus-libros-o-recuerdos-de-la-civilizacion-caral-por-internet\/","name":"Tienda Caral: compra tus libros o recuerdos de la Civilizaci\u00f3n Caral por internet","isPartOf":{"@id":"https:\/\/zonacaral.gob.pe\/es\/#website"},"primaryImageOfPage":{"@id":"https:\/\/zonacaral.gob.pe\/es\/noticias\/tienda-caral-compra-tus-libros-o-recuerdos-de-la-civilizacion-caral-por-internet\/#primaryimage"},"image":{"@id":"https:\/\/zonacaral.gob.pe\/es\/noticias\/tienda-caral-compra-tus-libros-o-recuerdos-de-la-civilizacion-caral-por-internet\/#primaryimage"},"thumbnailUrl":"https:\/\/zonacaral.gob.pe\/wp-content\/uploads\/2018\/11\/Post-lanzamiento-tienda-caral-ordenador.jpg","datePublished":"2018-11-22T19:16:11+00:00","author":{"@id":"https:\/\/zonacaral.gob.pe\/es\/#\/schema\/person\/beddb4d22f71a7230c5b90913270a0ee"},"description":"El s\u00e1bado, 17 de noviembre, por la ma\u00f1ana, la Ciudad Sagrada de Caral y la Ciudad Pesquera de \u00c1spero, recibieron la vista de los integrantes de la Asociaci\u00f3n de Funcionarios del Servicio Diplom\u00e1tico del Per\u00fa, gracias a la organizaci\u00f3n de nuestros Viajes Educativos.","breadcrumb":{"@id":"https:\/\/zonacaral.gob.pe\/es\/noticias\/tienda-caral-compra-tus-libros-o-recuerdos-de-la-civilizacion-caral-por-internet\/#breadcrumb"},"inLanguage":"es-PE","potentialAction":[{"@type":"ReadAction","target":["https:\/\/zonacaral.gob.pe\/es\/noticias\/tienda-caral-compra-tus-libros-o-recuerdos-de-la-civilizacion-caral-por-internet\/"]}]},{"@type":"ImageObject","inLanguage":"es-PE","@id":"https:\/\/zonacaral.gob.pe\/es\/noticias\/tienda-caral-compra-tus-libros-o-recuerdos-de-la-civilizacion-caral-por-internet\/#primaryimage","url":"https:\/\/zonacaral.gob.pe\/wp-content\/uploads\/2018\/11\/Post-lanzamiento-tienda-caral-ordenador.jpg","contentUrl":"https:\/\/zonacaral.gob.pe\/wp-content\/uploads\/2018\/11\/Post-lanzamiento-tienda-caral-ordenador.jpg","width":2500,"height":2000},{"@type":"BreadcrumbList","@id":"https:\/\/zonacaral.gob.pe\/es\/noticias\/tienda-caral-compra-tus-libros-o-recuerdos-de-la-civilizacion-caral-por-internet\/#breadcrumb","itemListElement":[{"@type":"ListItem","position":1,"name":"Portada","item":"https:\/\/zonacaral.gob.pe\/"},{"@type":"ListItem","position":2,"name":"Tienda Caral: compra tus libros o recuerdos de la Civilizaci\u00f3n Caral por internet"}]},{"@type":"WebSite","@id":"https:\/\/zonacaral.gob.pe\/es\/#website","url":"https:\/\/zonacaral.gob.pe\/es\/","name":"Zona Caral","description":"Investigamos, conservamos y difundimos el patrimonio cultural de la Civilizaci\u00f3n Caral, la m\u00e1s antigua de Am\u00e9rica.","potentialAction":[{"@type":"SearchAction","target":{"@type":"EntryPoint","urlTemplate":"https:\/\/zonacaral.gob.pe\/es\/?s={search_term_string}"},"query-input":{"@type":"PropertyValueSpecification","valueRequired":true,"valueName":"search_term_string"}}],"inLanguage":"es-PE"},{"@type":"Person","@id":"https:\/\/zonacaral.gob.pe\/es\/#\/schema\/person\/beddb4d22f71a7230c5b90913270a0ee","name":"Zona Caral Administrador","image":{"@type":"ImageObject","inLanguage":"es-PE","@id":"https:\/\/secure.gravatar.com\/avatar\/e4be162918a696358376de6446614e0f0f4062bdc5d170d6d540ada3d8b58c12?s=96&d=mm&r=g","url":"https:\/\/secure.gravatar.com\/avatar\/e4be162918a696358376de6446614e0f0f4062bdc5d170d6d540ada3d8b58c12?s=96&d=mm&r=g","contentUrl":"https:\/\/secure.gravatar.com\/avatar\/e4be162918a696358376de6446614e0f0f4062bdc5d170d6d540ada3d8b58c12?s=96&d=mm&r=g","caption":"Zona Caral Administrador"},"sameAs":["https:\/\/zonacaral.gob.pe"],"url":"https:\/\/zonacaral.gob.pe\/es\/noticias\/author\/ad_zonacaral\/"}]}},"_links":{"self":[{"href":"https:\/\/zonacaral.gob.pe\/es\/wp-json\/wp\/v2\/posts\/13727","targetHints":{"allow":["GET"]}}],"collection":[{"href":"https:\/\/zonacaral.gob.pe\/es\/wp-json\/wp\/v2\/posts"}],"about":[{"href":"https:\/\/zonacaral.gob.pe\/es\/wp-json\/wp\/v2\/types\/post"}],"author":[{"embeddable":true,"href":"https:\/\/zonacaral.gob.pe\/es\/wp-json\/wp\/v2\/users\/1"}],"replies":[{"embeddable":true,"href":"https:\/\/zonacaral.gob.pe\/es\/wp-json\/wp\/v2\/comments?post=13727"}],"version-history":[{"count":0,"href":"https:\/\/zonacaral.gob.pe\/es\/wp-json\/wp\/v2\/posts\/13727\/revisions"}],"wp:featuredmedia":[{"embeddable":true,"href":"https:\/\/zonacaral.gob.pe\/es\/wp-json\/wp\/v2\/media\/13728"}],"wp:attachment":[{"href":"https:\/\/zonacaral.gob.pe\/es\/wp-json\/wp\/v2\/media?parent=13727"}],"wp:term":[{"taxonomy":"category","embeddable":true,"href":"https:\/\/zonacaral.gob.pe\/es\/wp-json\/wp\/v2\/categories?post=13727"},{"taxonomy":"post_tag","embeddable":true,"href":"https:\/\/zonacaral.gob.pe\/es\/wp-json\/wp\/v2\/tags?post=13727"}],"curies":[{"name":"wp","href":"https:\/\/api.w.org\/{rel}","templated":true}]}}