{"id":13750,"date":"2018-11-29T15:35:17","date_gmt":"2018-11-29T20:35:17","guid":{"rendered":"http:\/\/www.zonacaral.gob.pe\/?p=13750"},"modified":"2018-11-29T15:35:17","modified_gmt":"2018-11-29T20:35:17","slug":"ruth-shady-a-futuro-tendremos-el-valle-sagrado-de-los-origenes-de-la-civilizacion-en-america","status":"publish","type":"post","link":"https:\/\/zonacaral.gob.pe\/es\/noticias\/ruth-shady-a-futuro-tendremos-el-valle-sagrado-de-los-origenes-de-la-civilizacion-en-america\/","title":{"rendered":"Ruth Shady: a futuro tendremos el Valle Sagrado de los or\u00edgenes de la civilizaci\u00f3n en Am\u00e9rica"},"content":{"rendered":"<figure class=\"pic-autor\" style=\"color: #4d4d4d; text-align: justify;\"><\/figure>\n<blockquote><p>La doctora Ruth Shady, directora de la Zona Arqueol\u00f3gica Caral, UE 003 del Ministerio de Cultura, sostuvo que Caral, la primera civilizaci\u00f3n de Am\u00e9rica, tiene un \u201csignificado simb\u00f3lico muy alto\u201d, para el mundo.<\/p><\/blockquote>\n<p>\u201cPorque le demuestra al mundo que, en Am\u00e9rica, tambi\u00e9n hubo la misma capacidad humana para crear una civilizaci\u00f3n tan antigua como las del \u2018viejo mundo\u2019\u201d, dijo en entrevista concedida a la secci\u00f3n Per\u00fa Sorprendente del Diario La Rep\u00fablica.<\/p>\n<p>\u201cCada vez admiro m\u00e1s todos los conocimientos, los resultados, el modo de vida que aplicaron, los conocimientos ancestrales (de Caral)\u201d, a\u00f1adi\u00f3.<\/p>\n<p>La arque\u00f3loga, principal descubridora de Caral, indic\u00f3 que desde la formaci\u00f3n de este sitio arqueol\u00f3gico (3000 a\u00f1os a.C.), tuvo mucho prestigio, \u201chasta que entr\u00f3 en un periodo de crisis y colaps\u00f3\u201d.<\/p>\n<p>Sostuvo que la Zona Arqueol\u00f3gica Caral (ZAC), trabaja en 12 zonas arqueol\u00f3gicas, las cuales tienen, \u201chasta la m\u00e1s peque\u00f1a\u201d, un edificio monumental y una plaza circular, similares a la Pir\u00e1mide Principal de Caral. Sin embargo, la Ciudad Sagrada de Caral, es el centro urbano m\u00e1s extenso, de mayor complejidad y antig\u00fcedad.<\/p>\n<p>Agreg\u00f3 que Caral es una sociedad compleja, \u201cporque hubo especialistas, producci\u00f3n de conocimientos, organizaci\u00f3n de la sociedad, porque hubo equidad de g\u00e9nero\u201d.<\/p>\n<p>La directora de la ZAC, revel\u00f3 que su visi\u00f3n a futuro es tener \u201cEl Valle Sagrado de los Or\u00edgenes de la Civilizaci\u00f3n (en Am\u00e9rica). La gente podr\u00e1 hacer Turismo Rural, quedarse en los lugares y conocer c\u00f3mo vive la poblaci\u00f3n\u201d.<\/p>\n<p><strong>R\u00c9GIMEN LABORAL PARA TRABAJADORES DE LA ZAC<\/strong><\/p>\n<p>En otro sentido, exhort\u00f3 al Gobierno Central a otorgar un r\u00e9gimen de trabajo adecuado a los trabajadores de la Zona Arqueol\u00f3gica Caral.<\/p>\n<p>\u201cAlgo que me duele en el alma es que tengo un equipo, que empez\u00f3 conmigo, hace 25 a\u00f1os, y no tiene ning\u00fan r\u00e9gimen laboral adecuado. Eso me parece que el Estado deber\u00eda comprenderlo. Ante el Gobierno anterior logr\u00e9 en el Congreso que aprobaran, por unanimidad, que seamos una OP, un Organismo P\u00fablico, logr\u00e9 que se aprobara, pero el presidente no lo quiso firmar\u201d, coment\u00f3.<\/p>\n<p><iframe style=\"border: none; overflow: hidden;\" src=\"https:\/\/www.facebook.com\/plugins\/video.php?href=https%3A%2F%2Fwww.facebook.com%2Flarepublicasorprendente%2Fvideos%2F520992128399608%2F&amp;show_text=0&amp;width=560\" width=\"560\" height=\"400\" frameborder=\"0\" scrolling=\"no\" allowfullscreen=\"allowfullscreen\"><\/iframe><\/p>\n<p style=\"text-align: justify;\"><span style=\"color: #993300;\"><strong>Fuente<\/strong><strong>: Prensa ZAC<\/strong><\/span><\/p>\n<div style=\"color: #1f1f1f;\">\n<p style=\"text-align: justify;\">Fecha de publicaci\u00f3n: 29\/11\/2018<\/p>\n<\/div>\n","protected":false},"excerpt":{"rendered":"<p>La doctora Ruth Shady, directora de la Zona Arqueol\u00f3gica Caral, UE 003 del Ministerio de Cultura, sostuvo que Caral, la [&hellip;]<\/p>\n","protected":false},"author":1,"featured_media":13751,"comment_status":"closed","ping_status":"open","sticky":false,"template":"","format":"standard","meta":{"_acf_changed":false,"site-sidebar-layout":"default","site-content-layout":"","ast-site-content-layout":"default","site-content-style":"default","site-sidebar-style":"default","ast-global-header-display":"","ast-banner-title-visibility":"","ast-main-header-display":"","ast-hfb-above-header-display":"","ast-hfb-below-header-display":"","ast-hfb-mobile-header-display":"","site-post-title":"","ast-breadcrumbs-content":"","ast-featured-img":"","footer-sml-layout":"","ast-disable-related-posts":"","theme-transparent-header-meta":"","adv-header-id-meta":"","stick-header-meta":"","header-above-stick-meta":"","header-main-stick-meta":"","header-below-stick-meta":"","astra-migrate-meta-layouts":"default","ast-page-background-enabled":"default","ast-page-background-meta":{"desktop":{"background-color":"var(--ast-global-color-5)","background-image":"","background-repeat":"repeat","background-position":"center center","background-size":"auto","background-attachment":"scroll","background-type":"","background-media":"","overlay-type":"","overlay-color":"","overlay-opacity":"","overlay-gradient":""},"tablet":{"background-color":"","background-image":"","background-repeat":"repeat","background-position":"center center","background-size":"auto","background-attachment":"scroll","background-type":"","background-media":"","overlay-type":"","overlay-color":"","overlay-opacity":"","overlay-gradient":""},"mobile":{"background-color":"","background-image":"","background-repeat":"repeat","background-position":"center center","background-size":"auto","background-attachment":"scroll","background-type":"","background-media":"","overlay-type":"","overlay-color":"","overlay-opacity":"","overlay-gradient":""}},"ast-content-background-meta":{"desktop":{"background-color":"var(--ast-global-color-4)","background-image":"","background-repeat":"repeat","background-position":"center center","background-size":"auto","background-attachment":"scroll","background-type":"","background-media":"","overlay-type":"","overlay-color":"","overlay-opacity":"","overlay-gradient":""},"tablet":{"background-color":"var(--ast-global-color-4)","background-image":"","background-repeat":"repeat","background-position":"center center","background-size":"auto","background-attachment":"scroll","background-type":"","background-media":"","overlay-type":"","overlay-color":"","overlay-opacity":"","overlay-gradient":""},"mobile":{"background-color":"var(--ast-global-color-4)","background-image":"","background-repeat":"repeat","background-position":"center center","background-size":"auto","background-attachment":"scroll","background-type":"","background-media":"","overlay-type":"","overlay-color":"","overlay-opacity":"","overlay-gradient":""}},"footnotes":""},"categories":[208],"tags":[63,55,61],"class_list":["post-13750","post","type-post","status-publish","format-standard","has-post-thumbnail","hentry","category-noticias","tag-aspero","tag-caral","tag-vichama"],"acf":[],"yoast_head":"<!-- This site is optimized with the Yoast SEO plugin v27.3 - https:\/\/yoast.com\/product\/yoast-seo-wordpress\/ -->\n<title>Ruth Shady: a futuro tendremos el Valle Sagrado de los or\u00edgenes de la civilizaci\u00f3n en Am\u00e9rica<\/title>\n<meta name=\"description\" content=\"La doctora Ruth Shady, directora de la Zona Arqueol\u00f3gica Caral, UE 003 del Ministerio de Cultura, sostuvo que Caral, la primera civilizaci\u00f3n de Am\u00e9rica, tiene un \u201csignificado simb\u00f3lico muy alto\u201d, para el mundo.\" \/>\n<meta name=\"robots\" content=\"index, follow, max-snippet:-1, max-image-preview:large, max-video-preview:-1\" \/>\n<link rel=\"canonical\" href=\"https:\/\/zonacaral.gob.pe\/es\/noticias\/ruth-shady-a-futuro-tendremos-el-valle-sagrado-de-los-origenes-de-la-civilizacion-en-america\/\" \/>\n<meta property=\"og:locale\" content=\"es_ES\" \/>\n<meta property=\"og:type\" content=\"article\" \/>\n<meta property=\"og:title\" content=\"Ruth Shady: a futuro tendremos el Valle Sagrado de los or\u00edgenes de la civilizaci\u00f3n en Am\u00e9rica\" \/>\n<meta property=\"og:description\" content=\"La doctora Ruth Shady, directora de la Zona Arqueol\u00f3gica Caral, UE 003 del Ministerio de Cultura, sostuvo que Caral, la primera civilizaci\u00f3n de Am\u00e9rica, tiene un \u201csignificado simb\u00f3lico muy alto\u201d, para el mundo.\" \/>\n<meta property=\"og:url\" content=\"https:\/\/zonacaral.gob.pe\/es\/noticias\/ruth-shady-a-futuro-tendremos-el-valle-sagrado-de-los-origenes-de-la-civilizacion-en-america\/\" \/>\n<meta property=\"og:site_name\" content=\"Zona Caral\" \/>\n<meta property=\"article:published_time\" content=\"2018-11-29T20:35:17+00:00\" \/>\n<meta property=\"og:image\" content=\"https:\/\/zonacaral.gob.pe\/wp-content\/uploads\/2018\/11\/entrevista-ruth.jpg\" \/>\n\t<meta property=\"og:image:width\" content=\"810\" \/>\n\t<meta property=\"og:image:height\" content=\"410\" \/>\n\t<meta property=\"og:image:type\" content=\"image\/jpeg\" \/>\n<meta name=\"author\" content=\"Zona Caral Administrador\" \/>\n<meta name=\"twitter:card\" content=\"summary_large_image\" \/>\n<meta name=\"twitter:label1\" content=\"Written by\" \/>\n\t<meta name=\"twitter:data1\" content=\"Zona Caral Administrador\" \/>\n\t<meta name=\"twitter:label2\" content=\"Est. reading time\" \/>\n\t<meta name=\"twitter:data2\" content=\"2 minutos\" \/>\n<script type=\"application\/ld+json\" class=\"yoast-schema-graph\">{\"@context\":\"https:\\\/\\\/schema.org\",\"@graph\":[{\"@type\":\"Article\",\"@id\":\"https:\\\/\\\/zonacaral.gob.pe\\\/es\\\/noticias\\\/ruth-shady-a-futuro-tendremos-el-valle-sagrado-de-los-origenes-de-la-civilizacion-en-america\\\/#article\",\"isPartOf\":{\"@id\":\"https:\\\/\\\/zonacaral.gob.pe\\\/es\\\/noticias\\\/ruth-shady-a-futuro-tendremos-el-valle-sagrado-de-los-origenes-de-la-civilizacion-en-america\\\/\"},\"author\":{\"name\":\"Zona Caral Administrador\",\"@id\":\"https:\\\/\\\/zonacaral.gob.pe\\\/es\\\/#\\\/schema\\\/person\\\/beddb4d22f71a7230c5b90913270a0ee\"},\"headline\":\"Ruth Shady: a futuro tendremos el Valle Sagrado de los or\u00edgenes de la civilizaci\u00f3n en Am\u00e9rica\",\"datePublished\":\"2018-11-29T20:35:17+00:00\",\"mainEntityOfPage\":{\"@id\":\"https:\\\/\\\/zonacaral.gob.pe\\\/es\\\/noticias\\\/ruth-shady-a-futuro-tendremos-el-valle-sagrado-de-los-origenes-de-la-civilizacion-en-america\\\/\"},\"wordCount\":391,\"image\":{\"@id\":\"https:\\\/\\\/zonacaral.gob.pe\\\/es\\\/noticias\\\/ruth-shady-a-futuro-tendremos-el-valle-sagrado-de-los-origenes-de-la-civilizacion-en-america\\\/#primaryimage\"},\"thumbnailUrl\":\"https:\\\/\\\/zonacaral.gob.pe\\\/wp-content\\\/uploads\\\/2018\\\/11\\\/entrevista-ruth.jpg\",\"keywords\":[\"Aspero\",\"caral\",\"vichama\"],\"articleSection\":[\"noticias\"],\"inLanguage\":\"es-PE\"},{\"@type\":\"WebPage\",\"@id\":\"https:\\\/\\\/zonacaral.gob.pe\\\/es\\\/noticias\\\/ruth-shady-a-futuro-tendremos-el-valle-sagrado-de-los-origenes-de-la-civilizacion-en-america\\\/\",\"url\":\"https:\\\/\\\/zonacaral.gob.pe\\\/es\\\/noticias\\\/ruth-shady-a-futuro-tendremos-el-valle-sagrado-de-los-origenes-de-la-civilizacion-en-america\\\/\",\"name\":\"Ruth Shady: a futuro tendremos el Valle Sagrado de los or\u00edgenes de la civilizaci\u00f3n en Am\u00e9rica\",\"isPartOf\":{\"@id\":\"https:\\\/\\\/zonacaral.gob.pe\\\/es\\\/#website\"},\"primaryImageOfPage\":{\"@id\":\"https:\\\/\\\/zonacaral.gob.pe\\\/es\\\/noticias\\\/ruth-shady-a-futuro-tendremos-el-valle-sagrado-de-los-origenes-de-la-civilizacion-en-america\\\/#primaryimage\"},\"image\":{\"@id\":\"https:\\\/\\\/zonacaral.gob.pe\\\/es\\\/noticias\\\/ruth-shady-a-futuro-tendremos-el-valle-sagrado-de-los-origenes-de-la-civilizacion-en-america\\\/#primaryimage\"},\"thumbnailUrl\":\"https:\\\/\\\/zonacaral.gob.pe\\\/wp-content\\\/uploads\\\/2018\\\/11\\\/entrevista-ruth.jpg\",\"datePublished\":\"2018-11-29T20:35:17+00:00\",\"author\":{\"@id\":\"https:\\\/\\\/zonacaral.gob.pe\\\/es\\\/#\\\/schema\\\/person\\\/beddb4d22f71a7230c5b90913270a0ee\"},\"description\":\"La doctora Ruth Shady, directora de la Zona Arqueol\u00f3gica Caral, UE 003 del Ministerio de Cultura, sostuvo que Caral, la primera civilizaci\u00f3n de Am\u00e9rica, tiene un \u201csignificado simb\u00f3lico muy alto\u201d, para el mundo.\",\"breadcrumb\":{\"@id\":\"https:\\\/\\\/zonacaral.gob.pe\\\/es\\\/noticias\\\/ruth-shady-a-futuro-tendremos-el-valle-sagrado-de-los-origenes-de-la-civilizacion-en-america\\\/#breadcrumb\"},\"inLanguage\":\"es-PE\",\"potentialAction\":[{\"@type\":\"ReadAction\",\"target\":[\"https:\\\/\\\/zonacaral.gob.pe\\\/es\\\/noticias\\\/ruth-shady-a-futuro-tendremos-el-valle-sagrado-de-los-origenes-de-la-civilizacion-en-america\\\/\"]}]},{\"@type\":\"ImageObject\",\"inLanguage\":\"es-PE\",\"@id\":\"https:\\\/\\\/zonacaral.gob.pe\\\/es\\\/noticias\\\/ruth-shady-a-futuro-tendremos-el-valle-sagrado-de-los-origenes-de-la-civilizacion-en-america\\\/#primaryimage\",\"url\":\"https:\\\/\\\/zonacaral.gob.pe\\\/wp-content\\\/uploads\\\/2018\\\/11\\\/entrevista-ruth.jpg\",\"contentUrl\":\"https:\\\/\\\/zonacaral.gob.pe\\\/wp-content\\\/uploads\\\/2018\\\/11\\\/entrevista-ruth.jpg\",\"width\":810,\"height\":410},{\"@type\":\"BreadcrumbList\",\"@id\":\"https:\\\/\\\/zonacaral.gob.pe\\\/es\\\/noticias\\\/ruth-shady-a-futuro-tendremos-el-valle-sagrado-de-los-origenes-de-la-civilizacion-en-america\\\/#breadcrumb\",\"itemListElement\":[{\"@type\":\"ListItem\",\"position\":1,\"name\":\"Portada\",\"item\":\"https:\\\/\\\/zonacaral.gob.pe\\\/\"},{\"@type\":\"ListItem\",\"position\":2,\"name\":\"Ruth Shady: a futuro tendremos el Valle Sagrado de los or\u00edgenes de la civilizaci\u00f3n en Am\u00e9rica\"}]},{\"@type\":\"WebSite\",\"@id\":\"https:\\\/\\\/zonacaral.gob.pe\\\/es\\\/#website\",\"url\":\"https:\\\/\\\/zonacaral.gob.pe\\\/es\\\/\",\"name\":\"Zona Caral\",\"description\":\"Investigamos, conservamos y difundimos el patrimonio cultural de la Civilizaci\u00f3n Caral, la m\u00e1s antigua de Am\u00e9rica.\",\"potentialAction\":[{\"@type\":\"SearchAction\",\"target\":{\"@type\":\"EntryPoint\",\"urlTemplate\":\"https:\\\/\\\/zonacaral.gob.pe\\\/es\\\/?s={search_term_string}\"},\"query-input\":{\"@type\":\"PropertyValueSpecification\",\"valueRequired\":true,\"valueName\":\"search_term_string\"}}],\"inLanguage\":\"es-PE\"},{\"@type\":\"Person\",\"@id\":\"https:\\\/\\\/zonacaral.gob.pe\\\/es\\\/#\\\/schema\\\/person\\\/beddb4d22f71a7230c5b90913270a0ee\",\"name\":\"Zona Caral Administrador\",\"image\":{\"@type\":\"ImageObject\",\"inLanguage\":\"es-PE\",\"@id\":\"https:\\\/\\\/secure.gravatar.com\\\/avatar\\\/e4be162918a696358376de6446614e0f0f4062bdc5d170d6d540ada3d8b58c12?s=96&d=mm&r=g\",\"url\":\"https:\\\/\\\/secure.gravatar.com\\\/avatar\\\/e4be162918a696358376de6446614e0f0f4062bdc5d170d6d540ada3d8b58c12?s=96&d=mm&r=g\",\"contentUrl\":\"https:\\\/\\\/secure.gravatar.com\\\/avatar\\\/e4be162918a696358376de6446614e0f0f4062bdc5d170d6d540ada3d8b58c12?s=96&d=mm&r=g\",\"caption\":\"Zona Caral Administrador\"},\"sameAs\":[\"https:\\\/\\\/zonacaral.gob.pe\"],\"url\":\"https:\\\/\\\/zonacaral.gob.pe\\\/es\\\/noticias\\\/author\\\/ad_zonacaral\\\/\"}]}<\/script>\n<!-- \/ Yoast SEO plugin. -->","yoast_head_json":{"title":"Ruth Shady: a futuro tendremos el Valle Sagrado de los or\u00edgenes de la civilizaci\u00f3n en Am\u00e9rica","description":"La doctora Ruth Shady, directora de la Zona Arqueol\u00f3gica Caral, UE 003 del Ministerio de Cultura, sostuvo que Caral, la primera civilizaci\u00f3n de Am\u00e9rica, tiene un \u201csignificado simb\u00f3lico muy alto\u201d, para el mundo.","robots":{"index":"index","follow":"follow","max-snippet":"max-snippet:-1","max-image-preview":"max-image-preview:large","max-video-preview":"max-video-preview:-1"},"canonical":"https:\/\/zonacaral.gob.pe\/es\/noticias\/ruth-shady-a-futuro-tendremos-el-valle-sagrado-de-los-origenes-de-la-civilizacion-en-america\/","og_locale":"es_ES","og_type":"article","og_title":"Ruth Shady: a futuro tendremos el Valle Sagrado de los or\u00edgenes de la civilizaci\u00f3n en Am\u00e9rica","og_description":"La doctora Ruth Shady, directora de la Zona Arqueol\u00f3gica Caral, UE 003 del Ministerio de Cultura, sostuvo que Caral, la primera civilizaci\u00f3n de Am\u00e9rica, tiene un \u201csignificado simb\u00f3lico muy alto\u201d, para el mundo.","og_url":"https:\/\/zonacaral.gob.pe\/es\/noticias\/ruth-shady-a-futuro-tendremos-el-valle-sagrado-de-los-origenes-de-la-civilizacion-en-america\/","og_site_name":"Zona Caral","article_published_time":"2018-11-29T20:35:17+00:00","og_image":[{"width":810,"height":410,"url":"https:\/\/zonacaral.gob.pe\/wp-content\/uploads\/2018\/11\/entrevista-ruth.jpg","type":"image\/jpeg"}],"author":"Zona Caral Administrador","twitter_card":"summary_large_image","twitter_misc":{"Written by":"Zona Caral Administrador","Est. reading time":"2 minutos"},"schema":{"@context":"https:\/\/schema.org","@graph":[{"@type":"Article","@id":"https:\/\/zonacaral.gob.pe\/es\/noticias\/ruth-shady-a-futuro-tendremos-el-valle-sagrado-de-los-origenes-de-la-civilizacion-en-america\/#article","isPartOf":{"@id":"https:\/\/zonacaral.gob.pe\/es\/noticias\/ruth-shady-a-futuro-tendremos-el-valle-sagrado-de-los-origenes-de-la-civilizacion-en-america\/"},"author":{"name":"Zona Caral Administrador","@id":"https:\/\/zonacaral.gob.pe\/es\/#\/schema\/person\/beddb4d22f71a7230c5b90913270a0ee"},"headline":"Ruth Shady: a futuro tendremos el Valle Sagrado de los or\u00edgenes de la civilizaci\u00f3n en Am\u00e9rica","datePublished":"2018-11-29T20:35:17+00:00","mainEntityOfPage":{"@id":"https:\/\/zonacaral.gob.pe\/es\/noticias\/ruth-shady-a-futuro-tendremos-el-valle-sagrado-de-los-origenes-de-la-civilizacion-en-america\/"},"wordCount":391,"image":{"@id":"https:\/\/zonacaral.gob.pe\/es\/noticias\/ruth-shady-a-futuro-tendremos-el-valle-sagrado-de-los-origenes-de-la-civilizacion-en-america\/#primaryimage"},"thumbnailUrl":"https:\/\/zonacaral.gob.pe\/wp-content\/uploads\/2018\/11\/entrevista-ruth.jpg","keywords":["Aspero","caral","vichama"],"articleSection":["noticias"],"inLanguage":"es-PE"},{"@type":"WebPage","@id":"https:\/\/zonacaral.gob.pe\/es\/noticias\/ruth-shady-a-futuro-tendremos-el-valle-sagrado-de-los-origenes-de-la-civilizacion-en-america\/","url":"https:\/\/zonacaral.gob.pe\/es\/noticias\/ruth-shady-a-futuro-tendremos-el-valle-sagrado-de-los-origenes-de-la-civilizacion-en-america\/","name":"Ruth Shady: a futuro tendremos el Valle Sagrado de los or\u00edgenes de la civilizaci\u00f3n en Am\u00e9rica","isPartOf":{"@id":"https:\/\/zonacaral.gob.pe\/es\/#website"},"primaryImageOfPage":{"@id":"https:\/\/zonacaral.gob.pe\/es\/noticias\/ruth-shady-a-futuro-tendremos-el-valle-sagrado-de-los-origenes-de-la-civilizacion-en-america\/#primaryimage"},"image":{"@id":"https:\/\/zonacaral.gob.pe\/es\/noticias\/ruth-shady-a-futuro-tendremos-el-valle-sagrado-de-los-origenes-de-la-civilizacion-en-america\/#primaryimage"},"thumbnailUrl":"https:\/\/zonacaral.gob.pe\/wp-content\/uploads\/2018\/11\/entrevista-ruth.jpg","datePublished":"2018-11-29T20:35:17+00:00","author":{"@id":"https:\/\/zonacaral.gob.pe\/es\/#\/schema\/person\/beddb4d22f71a7230c5b90913270a0ee"},"description":"La doctora Ruth Shady, directora de la Zona Arqueol\u00f3gica Caral, UE 003 del Ministerio de Cultura, sostuvo que Caral, la primera civilizaci\u00f3n de Am\u00e9rica, tiene un \u201csignificado simb\u00f3lico muy alto\u201d, para el mundo.","breadcrumb":{"@id":"https:\/\/zonacaral.gob.pe\/es\/noticias\/ruth-shady-a-futuro-tendremos-el-valle-sagrado-de-los-origenes-de-la-civilizacion-en-america\/#breadcrumb"},"inLanguage":"es-PE","potentialAction":[{"@type":"ReadAction","target":["https:\/\/zonacaral.gob.pe\/es\/noticias\/ruth-shady-a-futuro-tendremos-el-valle-sagrado-de-los-origenes-de-la-civilizacion-en-america\/"]}]},{"@type":"ImageObject","inLanguage":"es-PE","@id":"https:\/\/zonacaral.gob.pe\/es\/noticias\/ruth-shady-a-futuro-tendremos-el-valle-sagrado-de-los-origenes-de-la-civilizacion-en-america\/#primaryimage","url":"https:\/\/zonacaral.gob.pe\/wp-content\/uploads\/2018\/11\/entrevista-ruth.jpg","contentUrl":"https:\/\/zonacaral.gob.pe\/wp-content\/uploads\/2018\/11\/entrevista-ruth.jpg","width":810,"height":410},{"@type":"BreadcrumbList","@id":"https:\/\/zonacaral.gob.pe\/es\/noticias\/ruth-shady-a-futuro-tendremos-el-valle-sagrado-de-los-origenes-de-la-civilizacion-en-america\/#breadcrumb","itemListElement":[{"@type":"ListItem","position":1,"name":"Portada","item":"https:\/\/zonacaral.gob.pe\/"},{"@type":"ListItem","position":2,"name":"Ruth Shady: a futuro tendremos el Valle Sagrado de los or\u00edgenes de la civilizaci\u00f3n en Am\u00e9rica"}]},{"@type":"WebSite","@id":"https:\/\/zonacaral.gob.pe\/es\/#website","url":"https:\/\/zonacaral.gob.pe\/es\/","name":"Zona Caral","description":"Investigamos, conservamos y difundimos el patrimonio cultural de la Civilizaci\u00f3n Caral, la m\u00e1s antigua de Am\u00e9rica.","potentialAction":[{"@type":"SearchAction","target":{"@type":"EntryPoint","urlTemplate":"https:\/\/zonacaral.gob.pe\/es\/?s={search_term_string}"},"query-input":{"@type":"PropertyValueSpecification","valueRequired":true,"valueName":"search_term_string"}}],"inLanguage":"es-PE"},{"@type":"Person","@id":"https:\/\/zonacaral.gob.pe\/es\/#\/schema\/person\/beddb4d22f71a7230c5b90913270a0ee","name":"Zona Caral Administrador","image":{"@type":"ImageObject","inLanguage":"es-PE","@id":"https:\/\/secure.gravatar.com\/avatar\/e4be162918a696358376de6446614e0f0f4062bdc5d170d6d540ada3d8b58c12?s=96&d=mm&r=g","url":"https:\/\/secure.gravatar.com\/avatar\/e4be162918a696358376de6446614e0f0f4062bdc5d170d6d540ada3d8b58c12?s=96&d=mm&r=g","contentUrl":"https:\/\/secure.gravatar.com\/avatar\/e4be162918a696358376de6446614e0f0f4062bdc5d170d6d540ada3d8b58c12?s=96&d=mm&r=g","caption":"Zona Caral Administrador"},"sameAs":["https:\/\/zonacaral.gob.pe"],"url":"https:\/\/zonacaral.gob.pe\/es\/noticias\/author\/ad_zonacaral\/"}]}},"_links":{"self":[{"href":"https:\/\/zonacaral.gob.pe\/es\/wp-json\/wp\/v2\/posts\/13750","targetHints":{"allow":["GET"]}}],"collection":[{"href":"https:\/\/zonacaral.gob.pe\/es\/wp-json\/wp\/v2\/posts"}],"about":[{"href":"https:\/\/zonacaral.gob.pe\/es\/wp-json\/wp\/v2\/types\/post"}],"author":[{"embeddable":true,"href":"https:\/\/zonacaral.gob.pe\/es\/wp-json\/wp\/v2\/users\/1"}],"replies":[{"embeddable":true,"href":"https:\/\/zonacaral.gob.pe\/es\/wp-json\/wp\/v2\/comments?post=13750"}],"version-history":[{"count":0,"href":"https:\/\/zonacaral.gob.pe\/es\/wp-json\/wp\/v2\/posts\/13750\/revisions"}],"wp:featuredmedia":[{"embeddable":true,"href":"https:\/\/zonacaral.gob.pe\/es\/wp-json\/wp\/v2\/media\/13751"}],"wp:attachment":[{"href":"https:\/\/zonacaral.gob.pe\/es\/wp-json\/wp\/v2\/media?parent=13750"}],"wp:term":[{"taxonomy":"category","embeddable":true,"href":"https:\/\/zonacaral.gob.pe\/es\/wp-json\/wp\/v2\/categories?post=13750"},{"taxonomy":"post_tag","embeddable":true,"href":"https:\/\/zonacaral.gob.pe\/es\/wp-json\/wp\/v2\/tags?post=13750"}],"curies":[{"name":"wp","href":"https:\/\/api.w.org\/{rel}","templated":true}]}}