{"id":13753,"date":"2018-11-29T16:20:36","date_gmt":"2018-11-29T21:20:36","guid":{"rendered":"http:\/\/www.zonacaral.gob.pe\/?p=13753"},"modified":"2018-11-29T16:20:36","modified_gmt":"2018-11-29T21:20:36","slug":"ingresa-gratis-a-los-sitios-arqueologicos-de-caral-aspero-y-vichama","status":"publish","type":"post","link":"https:\/\/zonacaral.gob.pe\/es\/noticias\/ingresa-gratis-a-los-sitios-arqueologicos-de-caral-aspero-y-vichama\/","title":{"rendered":"Ingresa gratis a los sitios arqueol\u00f3gicos de Caral, \u00c1spero y Vichama"},"content":{"rendered":"<figure class=\"pic-autor\" style=\"color: #4d4d4d; text-align: justify;\"><\/figure>\n<blockquote><p>Conoce los destinos de la Civilizaci\u00f3n Caral con los Viajes Educativos que promueve el Ministerio de Cultura.<\/p><\/blockquote>\n<p>Este domingo, 2 de diciembre, ingresa gratis a la Ciudad Sagrada de Caral; \u00c1spero, Ciudad Pesquera de Caral y Vichama, Ciudad Agropesquera de V\u00e9gueta, sitios arqueol\u00f3gicos cerca de Lima, bajo la protecci\u00f3n de la Zona Arqueol\u00f3gica Caral, UE 003 del Ministerio de Cultura.<\/p>\n<p>Los destinos tur\u00edsticos, ubicados en las provincias de Barranca y Huaura, atienden desde las 9:00 a.m. hasta las 6:00 p.m. En estos lugares encontrar\u00e1s gu\u00edas locales, quienes, por el costo de un sol por persona y en grupo de 20, recorrer\u00e1n contigo estos sitios arqueol\u00f3gicos, explic\u00e1ndote su importancia y resolviendo tus consultas.<\/p>\n<p>Re\u00fanete con tu familia o amigos y emprende tu viaje al inicio de la Civilizaci\u00f3n en Am\u00e9rica, disfruta del paisaje, conoce nuestra riqueza cultural y participa de las actividades gratuitas que hemos preparado para ti.<br \/>\nAdem\u00e1s, ingresa libre a los muesos comunitarios de Supe y V\u00e9gueta, donde conocer\u00e1s m\u00e1s sobre la historia de desarrollo de Caral. Ver\u00e1s los hallazgos, su producci\u00f3n de conocimientos y los valores sociales que nos dejaron.<\/p>\n<p><strong>\u00bfQU\u00c9 CONOCER\u00c1S?<\/strong><\/p>\n<p>&#8211; La Ciudad Sagrada de Caral (ubicado en el valle de Supe-Barranca) te impresionar\u00e1 por la monumentalidad de sus construcciones piramidales antis\u00edsmicas, edificadas hace 5000 mil a\u00f1os (3800 a.C.) en un extenso valle. Conocer\u00e1s la historia de la segunda civilizaci\u00f3n m\u00e1s antigua del mundo. En el lugar se habilit\u00f3 un Centro de Interpretaci\u00f3n donde ver\u00e1s algunos de los hallazgos y, en el T\u00fanel de la Ciencia, con la informaci\u00f3n que adquirimos en m\u00e1s de 20 a\u00f1os de investigaciones.<\/p>\n<p>&#8211; \u00c1spero (ubicado en Supe Puerto-Barranca) te cautivar\u00e1 con las historias que se formaron tras los hallazgos. Por ejemplo, el hallazgo de la Dama de los Cuatro Tupus: una mujer de alta jerarqu\u00eda, enterrada con diversos adornos, que comprueba que hace miles de a\u00f1os existi\u00f3 la equidad de g\u00e9nero. El principal trabajo que ten\u00edan era la pesca, en su mayor\u00eda de anchoveta, as\u00ed como su conservaci\u00f3n y trasladado a otros lugares. En este sitio tambi\u00e9n encontrar\u00e1s un Centro de Interpretaci\u00f3n para complementar lo conocido.<\/p>\n<p>&#8211; Y en Vichama (ubicado en V\u00e9gueta-Huacho, Huaura) te impactar\u00e1n los relieves que hicieron en los muros de sus edificios p\u00fablicos. Relieves con im\u00e1genes antropomorfas, ictiomorfas y el \u00faltimo hallazgo: cabezas humanas (al parecer muertos) rodeadas por serpientes. Se dice que Vichama cuenta su historia en sus muros y que se form\u00f3 tras la migraci\u00f3n de los pobladores de Caral. En \u00c1spero y Vichama, te encantar\u00e1 tambi\u00e9n el paisaje, pues se encuentran cerca a nuestro hermoso mar.<\/p>\n<p><strong>DATOS<\/strong><\/p>\n<p>Una mejor manera de conocer estos destinos tur\u00edsticos es participando de los Viajes Educativos que la Zona Arqueol\u00f3gica Caral organiza.<\/p>\n<p>Inf\u00f3rmate m\u00e1s llamando a los tel\u00e9fonos 2052-517 \/ 955881340 o en la <a href=\"\/www.zonacaral.gob.pe\/viajes-educativos\/inscripciones\">zonacaral.gob.pe\/viajes-educativos\/inscripciones<\/a>.<\/p>\n<p>Tambi\u00e9n puedes escribirnos a viajeseducativos@zonacaral.gob.pe.<\/p>\n<p>Seg\u00fan Ley N\u00ba 30599, se dispone el acceso gratuito, el primer domingo de cada mes, para todos los ciudadanos peruanos, a los sitios arqueol\u00f3gicos, museos y lugares hist\u00f3ricos administrados por el Estado.<\/p>\n<p><iframe style=\"border: none; overflow: hidden;\" src=\"https:\/\/www.facebook.com\/plugins\/video.php?href=https%3A%2F%2Fwww.facebook.com%2FCARALPERU%2Fvideos%2F2026554874087514%2F&amp;show_text=0&amp;width=560\" width=\"560\" height=\"400\" frameborder=\"0\" scrolling=\"no\" allowfullscreen=\"allowfullscreen\"><\/iframe><\/p>\n<p style=\"text-align: justify;\"><span style=\"color: #993300;\"><strong>Fuente<\/strong><strong>: Prensa ZAC<\/strong><\/span><\/p>\n<div style=\"color: #1f1f1f;\">\n<p style=\"text-align: justify;\">Fecha de publicaci\u00f3n: 29\/11\/2018<\/p>\n<\/div>\n","protected":false},"excerpt":{"rendered":"<p>Conoce los destinos de la Civilizaci\u00f3n Caral con los Viajes Educativos que promueve el Ministerio de Cultura. Este domingo, 2 [&hellip;]<\/p>\n","protected":false},"author":1,"featured_media":13754,"comment_status":"closed","ping_status":"open","sticky":false,"template":"","format":"standard","meta":{"_acf_changed":false,"site-sidebar-layout":"default","site-content-layout":"","ast-site-content-layout":"default","site-content-style":"default","site-sidebar-style":"default","ast-global-header-display":"","ast-banner-title-visibility":"","ast-main-header-display":"","ast-hfb-above-header-display":"","ast-hfb-below-header-display":"","ast-hfb-mobile-header-display":"","site-post-title":"","ast-breadcrumbs-content":"","ast-featured-img":"","footer-sml-layout":"","ast-disable-related-posts":"","theme-transparent-header-meta":"","adv-header-id-meta":"","stick-header-meta":"","header-above-stick-meta":"","header-main-stick-meta":"","header-below-stick-meta":"","astra-migrate-meta-layouts":"default","ast-page-background-enabled":"default","ast-page-background-meta":{"desktop":{"background-color":"var(--ast-global-color-5)","background-image":"","background-repeat":"repeat","background-position":"center center","background-size":"auto","background-attachment":"scroll","background-type":"","background-media":"","overlay-type":"","overlay-color":"","overlay-opacity":"","overlay-gradient":""},"tablet":{"background-color":"","background-image":"","background-repeat":"repeat","background-position":"center center","background-size":"auto","background-attachment":"scroll","background-type":"","background-media":"","overlay-type":"","overlay-color":"","overlay-opacity":"","overlay-gradient":""},"mobile":{"background-color":"","background-image":"","background-repeat":"repeat","background-position":"center center","background-size":"auto","background-attachment":"scroll","background-type":"","background-media":"","overlay-type":"","overlay-color":"","overlay-opacity":"","overlay-gradient":""}},"ast-content-background-meta":{"desktop":{"background-color":"var(--ast-global-color-4)","background-image":"","background-repeat":"repeat","background-position":"center center","background-size":"auto","background-attachment":"scroll","background-type":"","background-media":"","overlay-type":"","overlay-color":"","overlay-opacity":"","overlay-gradient":""},"tablet":{"background-color":"var(--ast-global-color-4)","background-image":"","background-repeat":"repeat","background-position":"center center","background-size":"auto","background-attachment":"scroll","background-type":"","background-media":"","overlay-type":"","overlay-color":"","overlay-opacity":"","overlay-gradient":""},"mobile":{"background-color":"var(--ast-global-color-4)","background-image":"","background-repeat":"repeat","background-position":"center center","background-size":"auto","background-attachment":"scroll","background-type":"","background-media":"","overlay-type":"","overlay-color":"","overlay-opacity":"","overlay-gradient":""}},"footnotes":""},"categories":[208],"tags":[63,55,61],"class_list":["post-13753","post","type-post","status-publish","format-standard","has-post-thumbnail","hentry","category-noticias","tag-aspero","tag-caral","tag-vichama"],"acf":[],"yoast_head":"<!-- This site is optimized with the Yoast SEO plugin v27.3 - https:\/\/yoast.com\/product\/yoast-seo-wordpress\/ -->\n<title>Ingresa gratis a los sitios arqueol\u00f3gicos de Caral, \u00c1spero y Vichama<\/title>\n<meta name=\"description\" content=\"Conoce los destinos de la Civilizaci\u00f3n Caral con los Viajes Educativos que promueve el Ministerio de Cultura. Este domingo, 2 de diciembre, ingresa gratis a la Ciudad Sagrada de Caral; \u00c1spero, Ciudad Pesquera de Caral y Vichama, Ciudad Agropesquera de V\u00e9gueta, sitios arqueol\u00f3gicos cerca de Lima, bajo la protecci\u00f3n de la Zona Arqueol\u00f3gica Caral, UE 003 del Ministerio de Cultura.\" \/>\n<meta name=\"robots\" content=\"index, follow, max-snippet:-1, max-image-preview:large, max-video-preview:-1\" \/>\n<link rel=\"canonical\" href=\"https:\/\/zonacaral.gob.pe\/es\/noticias\/ingresa-gratis-a-los-sitios-arqueologicos-de-caral-aspero-y-vichama\/\" \/>\n<meta property=\"og:locale\" content=\"es_ES\" \/>\n<meta property=\"og:type\" content=\"article\" \/>\n<meta property=\"og:title\" content=\"Ingresa gratis a los sitios arqueol\u00f3gicos de Caral, \u00c1spero y Vichama\" \/>\n<meta property=\"og:description\" content=\"Conoce los destinos de la Civilizaci\u00f3n Caral con los Viajes Educativos que promueve el Ministerio de Cultura. Este domingo, 2 de diciembre, ingresa gratis a la Ciudad Sagrada de Caral; \u00c1spero, Ciudad Pesquera de Caral y Vichama, Ciudad Agropesquera de V\u00e9gueta, sitios arqueol\u00f3gicos cerca de Lima, bajo la protecci\u00f3n de la Zona Arqueol\u00f3gica Caral, UE 003 del Ministerio de Cultura.\" \/>\n<meta property=\"og:url\" content=\"https:\/\/zonacaral.gob.pe\/es\/noticias\/ingresa-gratis-a-los-sitios-arqueologicos-de-caral-aspero-y-vichama\/\" \/>\n<meta property=\"og:site_name\" content=\"Zona Caral\" \/>\n<meta property=\"article:published_time\" content=\"2018-11-29T21:20:36+00:00\" \/>\n<meta property=\"og:image\" content=\"https:\/\/zonacaral.gob.pe\/wp-content\/uploads\/2018\/11\/1.jpg\" \/>\n\t<meta property=\"og:image:width\" content=\"810\" \/>\n\t<meta property=\"og:image:height\" content=\"410\" \/>\n\t<meta property=\"og:image:type\" content=\"image\/jpeg\" \/>\n<meta name=\"author\" content=\"Zona Caral Administrador\" \/>\n<meta name=\"twitter:card\" content=\"summary_large_image\" \/>\n<meta name=\"twitter:label1\" content=\"Written by\" \/>\n\t<meta name=\"twitter:data1\" content=\"Zona Caral Administrador\" \/>\n\t<meta name=\"twitter:label2\" content=\"Est. reading time\" \/>\n\t<meta name=\"twitter:data2\" content=\"3 minutos\" \/>\n<script type=\"application\/ld+json\" class=\"yoast-schema-graph\">{\"@context\":\"https:\\\/\\\/schema.org\",\"@graph\":[{\"@type\":\"Article\",\"@id\":\"https:\\\/\\\/zonacaral.gob.pe\\\/es\\\/noticias\\\/ingresa-gratis-a-los-sitios-arqueologicos-de-caral-aspero-y-vichama\\\/#article\",\"isPartOf\":{\"@id\":\"https:\\\/\\\/zonacaral.gob.pe\\\/es\\\/noticias\\\/ingresa-gratis-a-los-sitios-arqueologicos-de-caral-aspero-y-vichama\\\/\"},\"author\":{\"name\":\"Zona Caral Administrador\",\"@id\":\"https:\\\/\\\/zonacaral.gob.pe\\\/es\\\/#\\\/schema\\\/person\\\/beddb4d22f71a7230c5b90913270a0ee\"},\"headline\":\"Ingresa gratis a los sitios arqueol\u00f3gicos de Caral, \u00c1spero y Vichama\",\"datePublished\":\"2018-11-29T21:20:36+00:00\",\"mainEntityOfPage\":{\"@id\":\"https:\\\/\\\/zonacaral.gob.pe\\\/es\\\/noticias\\\/ingresa-gratis-a-los-sitios-arqueologicos-de-caral-aspero-y-vichama\\\/\"},\"wordCount\":568,\"image\":{\"@id\":\"https:\\\/\\\/zonacaral.gob.pe\\\/es\\\/noticias\\\/ingresa-gratis-a-los-sitios-arqueologicos-de-caral-aspero-y-vichama\\\/#primaryimage\"},\"thumbnailUrl\":\"https:\\\/\\\/zonacaral.gob.pe\\\/wp-content\\\/uploads\\\/2018\\\/11\\\/1.jpg\",\"keywords\":[\"Aspero\",\"caral\",\"vichama\"],\"articleSection\":[\"noticias\"],\"inLanguage\":\"es-PE\"},{\"@type\":\"WebPage\",\"@id\":\"https:\\\/\\\/zonacaral.gob.pe\\\/es\\\/noticias\\\/ingresa-gratis-a-los-sitios-arqueologicos-de-caral-aspero-y-vichama\\\/\",\"url\":\"https:\\\/\\\/zonacaral.gob.pe\\\/es\\\/noticias\\\/ingresa-gratis-a-los-sitios-arqueologicos-de-caral-aspero-y-vichama\\\/\",\"name\":\"Ingresa gratis a los sitios arqueol\u00f3gicos de Caral, \u00c1spero y Vichama\",\"isPartOf\":{\"@id\":\"https:\\\/\\\/zonacaral.gob.pe\\\/es\\\/#website\"},\"primaryImageOfPage\":{\"@id\":\"https:\\\/\\\/zonacaral.gob.pe\\\/es\\\/noticias\\\/ingresa-gratis-a-los-sitios-arqueologicos-de-caral-aspero-y-vichama\\\/#primaryimage\"},\"image\":{\"@id\":\"https:\\\/\\\/zonacaral.gob.pe\\\/es\\\/noticias\\\/ingresa-gratis-a-los-sitios-arqueologicos-de-caral-aspero-y-vichama\\\/#primaryimage\"},\"thumbnailUrl\":\"https:\\\/\\\/zonacaral.gob.pe\\\/wp-content\\\/uploads\\\/2018\\\/11\\\/1.jpg\",\"datePublished\":\"2018-11-29T21:20:36+00:00\",\"author\":{\"@id\":\"https:\\\/\\\/zonacaral.gob.pe\\\/es\\\/#\\\/schema\\\/person\\\/beddb4d22f71a7230c5b90913270a0ee\"},\"description\":\"Conoce los destinos de la Civilizaci\u00f3n Caral con los Viajes Educativos que promueve el Ministerio de Cultura. Este domingo, 2 de diciembre, ingresa gratis a la Ciudad Sagrada de Caral; \u00c1spero, Ciudad Pesquera de Caral y Vichama, Ciudad Agropesquera de V\u00e9gueta, sitios arqueol\u00f3gicos cerca de Lima, bajo la protecci\u00f3n de la Zona Arqueol\u00f3gica Caral, UE 003 del Ministerio de Cultura.\",\"breadcrumb\":{\"@id\":\"https:\\\/\\\/zonacaral.gob.pe\\\/es\\\/noticias\\\/ingresa-gratis-a-los-sitios-arqueologicos-de-caral-aspero-y-vichama\\\/#breadcrumb\"},\"inLanguage\":\"es-PE\",\"potentialAction\":[{\"@type\":\"ReadAction\",\"target\":[\"https:\\\/\\\/zonacaral.gob.pe\\\/es\\\/noticias\\\/ingresa-gratis-a-los-sitios-arqueologicos-de-caral-aspero-y-vichama\\\/\"]}]},{\"@type\":\"ImageObject\",\"inLanguage\":\"es-PE\",\"@id\":\"https:\\\/\\\/zonacaral.gob.pe\\\/es\\\/noticias\\\/ingresa-gratis-a-los-sitios-arqueologicos-de-caral-aspero-y-vichama\\\/#primaryimage\",\"url\":\"https:\\\/\\\/zonacaral.gob.pe\\\/wp-content\\\/uploads\\\/2018\\\/11\\\/1.jpg\",\"contentUrl\":\"https:\\\/\\\/zonacaral.gob.pe\\\/wp-content\\\/uploads\\\/2018\\\/11\\\/1.jpg\",\"width\":810,\"height\":410},{\"@type\":\"BreadcrumbList\",\"@id\":\"https:\\\/\\\/zonacaral.gob.pe\\\/es\\\/noticias\\\/ingresa-gratis-a-los-sitios-arqueologicos-de-caral-aspero-y-vichama\\\/#breadcrumb\",\"itemListElement\":[{\"@type\":\"ListItem\",\"position\":1,\"name\":\"Portada\",\"item\":\"https:\\\/\\\/zonacaral.gob.pe\\\/\"},{\"@type\":\"ListItem\",\"position\":2,\"name\":\"Ingresa gratis a los sitios arqueol\u00f3gicos de Caral, \u00c1spero y Vichama\"}]},{\"@type\":\"WebSite\",\"@id\":\"https:\\\/\\\/zonacaral.gob.pe\\\/es\\\/#website\",\"url\":\"https:\\\/\\\/zonacaral.gob.pe\\\/es\\\/\",\"name\":\"Zona Caral\",\"description\":\"Investigamos, conservamos y difundimos el patrimonio cultural de la Civilizaci\u00f3n Caral, la m\u00e1s antigua de Am\u00e9rica.\",\"potentialAction\":[{\"@type\":\"SearchAction\",\"target\":{\"@type\":\"EntryPoint\",\"urlTemplate\":\"https:\\\/\\\/zonacaral.gob.pe\\\/es\\\/?s={search_term_string}\"},\"query-input\":{\"@type\":\"PropertyValueSpecification\",\"valueRequired\":true,\"valueName\":\"search_term_string\"}}],\"inLanguage\":\"es-PE\"},{\"@type\":\"Person\",\"@id\":\"https:\\\/\\\/zonacaral.gob.pe\\\/es\\\/#\\\/schema\\\/person\\\/beddb4d22f71a7230c5b90913270a0ee\",\"name\":\"Zona Caral Administrador\",\"image\":{\"@type\":\"ImageObject\",\"inLanguage\":\"es-PE\",\"@id\":\"https:\\\/\\\/secure.gravatar.com\\\/avatar\\\/e4be162918a696358376de6446614e0f0f4062bdc5d170d6d540ada3d8b58c12?s=96&d=mm&r=g\",\"url\":\"https:\\\/\\\/secure.gravatar.com\\\/avatar\\\/e4be162918a696358376de6446614e0f0f4062bdc5d170d6d540ada3d8b58c12?s=96&d=mm&r=g\",\"contentUrl\":\"https:\\\/\\\/secure.gravatar.com\\\/avatar\\\/e4be162918a696358376de6446614e0f0f4062bdc5d170d6d540ada3d8b58c12?s=96&d=mm&r=g\",\"caption\":\"Zona Caral Administrador\"},\"sameAs\":[\"https:\\\/\\\/zonacaral.gob.pe\"],\"url\":\"https:\\\/\\\/zonacaral.gob.pe\\\/es\\\/noticias\\\/author\\\/ad_zonacaral\\\/\"}]}<\/script>\n<!-- \/ Yoast SEO plugin. -->","yoast_head_json":{"title":"Ingresa gratis a los sitios arqueol\u00f3gicos de Caral, \u00c1spero y Vichama","description":"Conoce los destinos de la Civilizaci\u00f3n Caral con los Viajes Educativos que promueve el Ministerio de Cultura. Este domingo, 2 de diciembre, ingresa gratis a la Ciudad Sagrada de Caral; \u00c1spero, Ciudad Pesquera de Caral y Vichama, Ciudad Agropesquera de V\u00e9gueta, sitios arqueol\u00f3gicos cerca de Lima, bajo la protecci\u00f3n de la Zona Arqueol\u00f3gica Caral, UE 003 del Ministerio de Cultura.","robots":{"index":"index","follow":"follow","max-snippet":"max-snippet:-1","max-image-preview":"max-image-preview:large","max-video-preview":"max-video-preview:-1"},"canonical":"https:\/\/zonacaral.gob.pe\/es\/noticias\/ingresa-gratis-a-los-sitios-arqueologicos-de-caral-aspero-y-vichama\/","og_locale":"es_ES","og_type":"article","og_title":"Ingresa gratis a los sitios arqueol\u00f3gicos de Caral, \u00c1spero y Vichama","og_description":"Conoce los destinos de la Civilizaci\u00f3n Caral con los Viajes Educativos que promueve el Ministerio de Cultura. Este domingo, 2 de diciembre, ingresa gratis a la Ciudad Sagrada de Caral; \u00c1spero, Ciudad Pesquera de Caral y Vichama, Ciudad Agropesquera de V\u00e9gueta, sitios arqueol\u00f3gicos cerca de Lima, bajo la protecci\u00f3n de la Zona Arqueol\u00f3gica Caral, UE 003 del Ministerio de Cultura.","og_url":"https:\/\/zonacaral.gob.pe\/es\/noticias\/ingresa-gratis-a-los-sitios-arqueologicos-de-caral-aspero-y-vichama\/","og_site_name":"Zona Caral","article_published_time":"2018-11-29T21:20:36+00:00","og_image":[{"width":810,"height":410,"url":"https:\/\/zonacaral.gob.pe\/wp-content\/uploads\/2018\/11\/1.jpg","type":"image\/jpeg"}],"author":"Zona Caral Administrador","twitter_card":"summary_large_image","twitter_misc":{"Written by":"Zona Caral Administrador","Est. reading time":"3 minutos"},"schema":{"@context":"https:\/\/schema.org","@graph":[{"@type":"Article","@id":"https:\/\/zonacaral.gob.pe\/es\/noticias\/ingresa-gratis-a-los-sitios-arqueologicos-de-caral-aspero-y-vichama\/#article","isPartOf":{"@id":"https:\/\/zonacaral.gob.pe\/es\/noticias\/ingresa-gratis-a-los-sitios-arqueologicos-de-caral-aspero-y-vichama\/"},"author":{"name":"Zona Caral Administrador","@id":"https:\/\/zonacaral.gob.pe\/es\/#\/schema\/person\/beddb4d22f71a7230c5b90913270a0ee"},"headline":"Ingresa gratis a los sitios arqueol\u00f3gicos de Caral, \u00c1spero y Vichama","datePublished":"2018-11-29T21:20:36+00:00","mainEntityOfPage":{"@id":"https:\/\/zonacaral.gob.pe\/es\/noticias\/ingresa-gratis-a-los-sitios-arqueologicos-de-caral-aspero-y-vichama\/"},"wordCount":568,"image":{"@id":"https:\/\/zonacaral.gob.pe\/es\/noticias\/ingresa-gratis-a-los-sitios-arqueologicos-de-caral-aspero-y-vichama\/#primaryimage"},"thumbnailUrl":"https:\/\/zonacaral.gob.pe\/wp-content\/uploads\/2018\/11\/1.jpg","keywords":["Aspero","caral","vichama"],"articleSection":["noticias"],"inLanguage":"es-PE"},{"@type":"WebPage","@id":"https:\/\/zonacaral.gob.pe\/es\/noticias\/ingresa-gratis-a-los-sitios-arqueologicos-de-caral-aspero-y-vichama\/","url":"https:\/\/zonacaral.gob.pe\/es\/noticias\/ingresa-gratis-a-los-sitios-arqueologicos-de-caral-aspero-y-vichama\/","name":"Ingresa gratis a los sitios arqueol\u00f3gicos de Caral, \u00c1spero y Vichama","isPartOf":{"@id":"https:\/\/zonacaral.gob.pe\/es\/#website"},"primaryImageOfPage":{"@id":"https:\/\/zonacaral.gob.pe\/es\/noticias\/ingresa-gratis-a-los-sitios-arqueologicos-de-caral-aspero-y-vichama\/#primaryimage"},"image":{"@id":"https:\/\/zonacaral.gob.pe\/es\/noticias\/ingresa-gratis-a-los-sitios-arqueologicos-de-caral-aspero-y-vichama\/#primaryimage"},"thumbnailUrl":"https:\/\/zonacaral.gob.pe\/wp-content\/uploads\/2018\/11\/1.jpg","datePublished":"2018-11-29T21:20:36+00:00","author":{"@id":"https:\/\/zonacaral.gob.pe\/es\/#\/schema\/person\/beddb4d22f71a7230c5b90913270a0ee"},"description":"Conoce los destinos de la Civilizaci\u00f3n Caral con los Viajes Educativos que promueve el Ministerio de Cultura. Este domingo, 2 de diciembre, ingresa gratis a la Ciudad Sagrada de Caral; \u00c1spero, Ciudad Pesquera de Caral y Vichama, Ciudad Agropesquera de V\u00e9gueta, sitios arqueol\u00f3gicos cerca de Lima, bajo la protecci\u00f3n de la Zona Arqueol\u00f3gica Caral, UE 003 del Ministerio de Cultura.","breadcrumb":{"@id":"https:\/\/zonacaral.gob.pe\/es\/noticias\/ingresa-gratis-a-los-sitios-arqueologicos-de-caral-aspero-y-vichama\/#breadcrumb"},"inLanguage":"es-PE","potentialAction":[{"@type":"ReadAction","target":["https:\/\/zonacaral.gob.pe\/es\/noticias\/ingresa-gratis-a-los-sitios-arqueologicos-de-caral-aspero-y-vichama\/"]}]},{"@type":"ImageObject","inLanguage":"es-PE","@id":"https:\/\/zonacaral.gob.pe\/es\/noticias\/ingresa-gratis-a-los-sitios-arqueologicos-de-caral-aspero-y-vichama\/#primaryimage","url":"https:\/\/zonacaral.gob.pe\/wp-content\/uploads\/2018\/11\/1.jpg","contentUrl":"https:\/\/zonacaral.gob.pe\/wp-content\/uploads\/2018\/11\/1.jpg","width":810,"height":410},{"@type":"BreadcrumbList","@id":"https:\/\/zonacaral.gob.pe\/es\/noticias\/ingresa-gratis-a-los-sitios-arqueologicos-de-caral-aspero-y-vichama\/#breadcrumb","itemListElement":[{"@type":"ListItem","position":1,"name":"Portada","item":"https:\/\/zonacaral.gob.pe\/"},{"@type":"ListItem","position":2,"name":"Ingresa gratis a los sitios arqueol\u00f3gicos de Caral, \u00c1spero y Vichama"}]},{"@type":"WebSite","@id":"https:\/\/zonacaral.gob.pe\/es\/#website","url":"https:\/\/zonacaral.gob.pe\/es\/","name":"Zona Caral","description":"Investigamos, conservamos y difundimos el patrimonio cultural de la Civilizaci\u00f3n Caral, la m\u00e1s antigua de Am\u00e9rica.","potentialAction":[{"@type":"SearchAction","target":{"@type":"EntryPoint","urlTemplate":"https:\/\/zonacaral.gob.pe\/es\/?s={search_term_string}"},"query-input":{"@type":"PropertyValueSpecification","valueRequired":true,"valueName":"search_term_string"}}],"inLanguage":"es-PE"},{"@type":"Person","@id":"https:\/\/zonacaral.gob.pe\/es\/#\/schema\/person\/beddb4d22f71a7230c5b90913270a0ee","name":"Zona Caral Administrador","image":{"@type":"ImageObject","inLanguage":"es-PE","@id":"https:\/\/secure.gravatar.com\/avatar\/e4be162918a696358376de6446614e0f0f4062bdc5d170d6d540ada3d8b58c12?s=96&d=mm&r=g","url":"https:\/\/secure.gravatar.com\/avatar\/e4be162918a696358376de6446614e0f0f4062bdc5d170d6d540ada3d8b58c12?s=96&d=mm&r=g","contentUrl":"https:\/\/secure.gravatar.com\/avatar\/e4be162918a696358376de6446614e0f0f4062bdc5d170d6d540ada3d8b58c12?s=96&d=mm&r=g","caption":"Zona Caral Administrador"},"sameAs":["https:\/\/zonacaral.gob.pe"],"url":"https:\/\/zonacaral.gob.pe\/es\/noticias\/author\/ad_zonacaral\/"}]}},"_links":{"self":[{"href":"https:\/\/zonacaral.gob.pe\/es\/wp-json\/wp\/v2\/posts\/13753","targetHints":{"allow":["GET"]}}],"collection":[{"href":"https:\/\/zonacaral.gob.pe\/es\/wp-json\/wp\/v2\/posts"}],"about":[{"href":"https:\/\/zonacaral.gob.pe\/es\/wp-json\/wp\/v2\/types\/post"}],"author":[{"embeddable":true,"href":"https:\/\/zonacaral.gob.pe\/es\/wp-json\/wp\/v2\/users\/1"}],"replies":[{"embeddable":true,"href":"https:\/\/zonacaral.gob.pe\/es\/wp-json\/wp\/v2\/comments?post=13753"}],"version-history":[{"count":0,"href":"https:\/\/zonacaral.gob.pe\/es\/wp-json\/wp\/v2\/posts\/13753\/revisions"}],"wp:featuredmedia":[{"embeddable":true,"href":"https:\/\/zonacaral.gob.pe\/es\/wp-json\/wp\/v2\/media\/13754"}],"wp:attachment":[{"href":"https:\/\/zonacaral.gob.pe\/es\/wp-json\/wp\/v2\/media?parent=13753"}],"wp:term":[{"taxonomy":"category","embeddable":true,"href":"https:\/\/zonacaral.gob.pe\/es\/wp-json\/wp\/v2\/categories?post=13753"},{"taxonomy":"post_tag","embeddable":true,"href":"https:\/\/zonacaral.gob.pe\/es\/wp-json\/wp\/v2\/tags?post=13753"}],"curies":[{"name":"wp","href":"https:\/\/api.w.org\/{rel}","templated":true}]}}