{"id":13786,"date":"2018-12-13T16:50:44","date_gmt":"2018-12-13T21:50:44","guid":{"rendered":"http:\/\/www.zonacaral.gob.pe\/?p=13786"},"modified":"2018-12-13T16:50:44","modified_gmt":"2018-12-13T21:50:44","slug":"ano-nuevo-2019-la-milenaria-ciudad-sagrada-de-caral-se-ilumina-este-fin-de-ano","status":"publish","type":"post","link":"https:\/\/zonacaral.gob.pe\/es\/noticias\/ano-nuevo-2019-la-milenaria-ciudad-sagrada-de-caral-se-ilumina-este-fin-de-ano\/","title":{"rendered":"A\u00f1o Nuevo 2019: la milenaria Ciudad Sagrada de Caral se ilumina este fin de a\u00f1o"},"content":{"rendered":"<figure class=\"pic-autor\" style=\"color: #4d4d4d; text-align: justify;\"><\/figure>\n<blockquote><p>\u00bfBuscas una nueva forma de recibir el a\u00f1o nuevo, rodeado de la naturaleza, cultura y hermosos paisajes? Tenemos una excelente propuesta cultural, de aventura y diversi\u00f3n, muy cerca de Lima.<\/p><\/blockquote>\n<p>\u00a1Despedimos el 2018 a lo grande! La Ciudad Sagrada de Caral, una de las m\u00e1s antiguas de Am\u00e9rica y expresi\u00f3n universal del genio creador humano, ser\u00e1 iluminada este fin de a\u00f1o, para recibir a todos los amantes de nuestra cultura y naturaleza, y que buscan un modo diferente de recibir el nuevo a\u00f1o 2019.<\/p>\n<p>Bajo el lema \u201cRegresa al pasado y encu\u00e9ntrate con los or\u00edgenes de la civilizaci\u00f3n en Am\u00e9rica\u201d, el lunes, 31 de diciembre, se iluminar\u00e1n los edificios piramidales, Edificio Piramidal Mayor y La Huanca, de este importante Patrimonial Mundial. Asimismo, se iluminar\u00e1 el sendero que llega hasta el Apu Gozne, donde estar\u00e1 encendido el Altar del Fuego Sagrado.<\/p>\n<p>En este lugar todos los visitantes, acompa\u00f1ados de m\u00fasicos, participar\u00e1n de un especial de cuentos andinos y de la ceremonia de \u201cPago a la Pachamama\u201d, para agradecer a los Apus por todo lo bueno del 2018 y atraer nuevas energ\u00edas, nuevas metas y un tener as\u00ed nuevo comienzo.<\/p>\n<p>Nuestros viajeros tendr\u00e1n una adecuada y segura zona de campamento. Tambi\u00e9n degustar\u00e1n de la deliciosa gastronom\u00eda local y participar\u00e1n de otras actividades culturales que se realizar\u00e1n en las primeras horas del A\u00f1o Nuevo, en un ambiente rural y acogedor.<\/p>\n<p>El ingreso es para todo p\u00fablico, viajeros habituales, mochileros o aventureros. Se pide a los interesados, de vivir esta experiencia en Caral, registrarse en el correo: viajeseducativos@zonacaral.gob.pe, pues el aforo del campamento es limitado.<\/p>\n<p>El evento de fin de a\u00f1o, contar\u00e1 con la participaci\u00f3n del m\u00fasico especializado en meditaci\u00f3n, relajaci\u00f3n y sanaci\u00f3n, Ruy Hinostroza, y la Asociaci\u00f3n Cultural Wasi.<\/p>\n<p><strong>VIAJES ORGANIZADOS<\/strong><\/p>\n<p>Puedes ser parte de esta gran celebraci\u00f3n participando de los Viajes Educativos que organiza la Zona Arqueol\u00f3gica Caral. La cual incluye, en dos d\u00edas y una noche, el campamento, almuerzo, traslado, guiado, entre otros detalles, como la visita a otro sitio arqueol\u00f3gico y a la Playa La Isla, una de las playas m\u00e1s sublimes de Puerto Supe, Barranca, para disfrutar del paisaje, del sol y de las c\u00e1lidas aguas del mar peruano.<\/p>\n<p>Inf\u00f3rmate m\u00e1s de este viaje en: 2052-517 \/ 955881340 o escribe viajeseducativos@zonacaral.gob.pe.<\/p>\n<p>Conoce el itinerario del viaje ingresando al siguiente link: <a href=\"https:\/\/bit.ly\/2L6xpWS.\">https:\/\/bit.ly\/2L6xpWS.<\/a><\/p>\n<p><strong>DATO IMPORTANTE<\/strong><\/p>\n<p>La atenci\u00f3n ser\u00e1 normal, los feriados 25 de diciembre y 1 de enero, en los tres sitios arqueol\u00f3gicos, que est\u00e1n bajo la protecci\u00f3n de la Zona Arqueol\u00f3gica Caral; es decir, la Ciudad Sagrada de Caral, \u00c1spero y Vichama.<\/p>\n<p>No se incrementar\u00e1n los precios de entrada: precio general S\/. 11.00; ni\u00f1os y adultos mayores S\/. 1.00; escolares, universitarios y docentes S\/. 4.00 soles. Los pobladores locales ingresan gratis. Es importante que los visitantes porten su identificaci\u00f3n y se comprometan a respetar las normas de visitas establecidas en cada sitio arqueol\u00f3gico, para el cuidado y protecci\u00f3n de nuestros espacios culturales y naturales. Se recomienda llevar carpas, bloqueador solar, casaca cortaviento, dinero en efectivo y bolsas para reciclar la basura. Est\u00e1 permitido llevar parrillas.<\/p>\n<p><iframe width=\"560\" height=\"400\" src=\"https:\/\/www.youtube.com\/embed\/Cx2jY0_Cjhk\" frameborder=\"0\" allow=\"accelerometer; autoplay; encrypted-media; gyroscope; picture-in-picture\" allowfullscreen><\/iframe><\/p>\n<p style=\"text-align: justify;\"><span style=\"color: #993300;\"><strong>Fuente<\/strong><strong>: Prensa ZAC<\/strong><\/span><\/p>\n<div style=\"color: #1f1f1f;\">\n<p style=\"text-align: justify;\">Fecha de publicaci\u00f3n: 13\/12\/2018<\/p>\n<\/div>\n","protected":false},"excerpt":{"rendered":"<p>\u00bfBuscas una nueva forma de recibir el a\u00f1o nuevo, rodeado de la naturaleza, cultura y hermosos paisajes? Tenemos una excelente [&hellip;]<\/p>\n","protected":false},"author":1,"featured_media":13787,"comment_status":"closed","ping_status":"open","sticky":false,"template":"","format":"standard","meta":{"_acf_changed":false,"site-sidebar-layout":"default","site-content-layout":"","ast-site-content-layout":"default","site-content-style":"default","site-sidebar-style":"default","ast-global-header-display":"","ast-banner-title-visibility":"","ast-main-header-display":"","ast-hfb-above-header-display":"","ast-hfb-below-header-display":"","ast-hfb-mobile-header-display":"","site-post-title":"","ast-breadcrumbs-content":"","ast-featured-img":"","footer-sml-layout":"","ast-disable-related-posts":"","theme-transparent-header-meta":"","adv-header-id-meta":"","stick-header-meta":"","header-above-stick-meta":"","header-main-stick-meta":"","header-below-stick-meta":"","astra-migrate-meta-layouts":"default","ast-page-background-enabled":"default","ast-page-background-meta":{"desktop":{"background-color":"var(--ast-global-color-5)","background-image":"","background-repeat":"repeat","background-position":"center center","background-size":"auto","background-attachment":"scroll","background-type":"","background-media":"","overlay-type":"","overlay-color":"","overlay-opacity":"","overlay-gradient":""},"tablet":{"background-color":"","background-image":"","background-repeat":"repeat","background-position":"center center","background-size":"auto","background-attachment":"scroll","background-type":"","background-media":"","overlay-type":"","overlay-color":"","overlay-opacity":"","overlay-gradient":""},"mobile":{"background-color":"","background-image":"","background-repeat":"repeat","background-position":"center center","background-size":"auto","background-attachment":"scroll","background-type":"","background-media":"","overlay-type":"","overlay-color":"","overlay-opacity":"","overlay-gradient":""}},"ast-content-background-meta":{"desktop":{"background-color":"var(--ast-global-color-4)","background-image":"","background-repeat":"repeat","background-position":"center center","background-size":"auto","background-attachment":"scroll","background-type":"","background-media":"","overlay-type":"","overlay-color":"","overlay-opacity":"","overlay-gradient":""},"tablet":{"background-color":"var(--ast-global-color-4)","background-image":"","background-repeat":"repeat","background-position":"center center","background-size":"auto","background-attachment":"scroll","background-type":"","background-media":"","overlay-type":"","overlay-color":"","overlay-opacity":"","overlay-gradient":""},"mobile":{"background-color":"var(--ast-global-color-4)","background-image":"","background-repeat":"repeat","background-position":"center center","background-size":"auto","background-attachment":"scroll","background-type":"","background-media":"","overlay-type":"","overlay-color":"","overlay-opacity":"","overlay-gradient":""}},"footnotes":""},"categories":[208],"tags":[143,63,55,185],"class_list":["post-13786","post","type-post","status-publish","format-standard","has-post-thumbnail","hentry","category-noticias","tag-ano-nuevo","tag-aspero","tag-caral","tag-fin-de-ano"],"acf":[],"yoast_head":"<!-- This site is optimized with the Yoast SEO plugin v27.3 - https:\/\/yoast.com\/product\/yoast-seo-wordpress\/ -->\n<title>A\u00f1o Nuevo 2019: la milenaria Ciudad Sagrada de Caral se ilumina este fin de a\u00f1o<\/title>\n<meta name=\"description\" content=\"\u00bfBuscas una nueva forma de recibir el a\u00f1o nuevo, rodeado de la naturaleza, cultura y hermosos paisajes? Tenemos una excelente propuesta cultural, de aventura y diversi\u00f3n, muy cerca de Lima.\" \/>\n<meta name=\"robots\" content=\"index, follow, max-snippet:-1, max-image-preview:large, max-video-preview:-1\" \/>\n<link rel=\"canonical\" href=\"https:\/\/zonacaral.gob.pe\/es\/noticias\/ano-nuevo-2019-la-milenaria-ciudad-sagrada-de-caral-se-ilumina-este-fin-de-ano\/\" \/>\n<meta property=\"og:locale\" content=\"es_ES\" \/>\n<meta property=\"og:type\" content=\"article\" \/>\n<meta property=\"og:title\" content=\"A\u00f1o Nuevo 2019: la milenaria Ciudad Sagrada de Caral se ilumina este fin de a\u00f1o\" \/>\n<meta property=\"og:description\" content=\"\u00bfBuscas una nueva forma de recibir el a\u00f1o nuevo, rodeado de la naturaleza, cultura y hermosos paisajes? Tenemos una excelente propuesta cultural, de aventura y diversi\u00f3n, muy cerca de Lima.\" \/>\n<meta property=\"og:url\" content=\"https:\/\/zonacaral.gob.pe\/es\/noticias\/ano-nuevo-2019-la-milenaria-ciudad-sagrada-de-caral-se-ilumina-este-fin-de-ano\/\" \/>\n<meta property=\"og:site_name\" content=\"Zona Caral\" \/>\n<meta property=\"article:published_time\" content=\"2018-12-13T21:50:44+00:00\" \/>\n<meta property=\"og:image\" content=\"https:\/\/zonacaral.gob.pe\/wp-content\/uploads\/2018\/12\/ano-nuevo.jpg\" \/>\n\t<meta property=\"og:image:width\" content=\"810\" \/>\n\t<meta property=\"og:image:height\" content=\"410\" \/>\n\t<meta property=\"og:image:type\" content=\"image\/jpeg\" \/>\n<meta name=\"author\" content=\"Zona Caral Administrador\" \/>\n<meta name=\"twitter:card\" content=\"summary_large_image\" \/>\n<meta name=\"twitter:label1\" content=\"Written by\" \/>\n\t<meta name=\"twitter:data1\" content=\"Zona Caral Administrador\" \/>\n\t<meta name=\"twitter:label2\" content=\"Est. reading time\" \/>\n\t<meta name=\"twitter:data2\" content=\"3 minutos\" \/>\n<script type=\"application\/ld+json\" class=\"yoast-schema-graph\">{\"@context\":\"https:\\\/\\\/schema.org\",\"@graph\":[{\"@type\":\"Article\",\"@id\":\"https:\\\/\\\/zonacaral.gob.pe\\\/es\\\/noticias\\\/ano-nuevo-2019-la-milenaria-ciudad-sagrada-de-caral-se-ilumina-este-fin-de-ano\\\/#article\",\"isPartOf\":{\"@id\":\"https:\\\/\\\/zonacaral.gob.pe\\\/es\\\/noticias\\\/ano-nuevo-2019-la-milenaria-ciudad-sagrada-de-caral-se-ilumina-este-fin-de-ano\\\/\"},\"author\":{\"name\":\"Zona Caral Administrador\",\"@id\":\"https:\\\/\\\/zonacaral.gob.pe\\\/es\\\/#\\\/schema\\\/person\\\/beddb4d22f71a7230c5b90913270a0ee\"},\"headline\":\"A\u00f1o Nuevo 2019: la milenaria Ciudad Sagrada de Caral se ilumina este fin de a\u00f1o\",\"datePublished\":\"2018-12-13T21:50:44+00:00\",\"mainEntityOfPage\":{\"@id\":\"https:\\\/\\\/zonacaral.gob.pe\\\/es\\\/noticias\\\/ano-nuevo-2019-la-milenaria-ciudad-sagrada-de-caral-se-ilumina-este-fin-de-ano\\\/\"},\"wordCount\":576,\"image\":{\"@id\":\"https:\\\/\\\/zonacaral.gob.pe\\\/es\\\/noticias\\\/ano-nuevo-2019-la-milenaria-ciudad-sagrada-de-caral-se-ilumina-este-fin-de-ano\\\/#primaryimage\"},\"thumbnailUrl\":\"https:\\\/\\\/zonacaral.gob.pe\\\/wp-content\\\/uploads\\\/2018\\\/12\\\/ano-nuevo.jpg\",\"keywords\":[\"a\u00f1o nuevo\",\"Aspero\",\"caral\",\"Fin de A\u00f1o\"],\"articleSection\":[\"noticias\"],\"inLanguage\":\"es-PE\"},{\"@type\":\"WebPage\",\"@id\":\"https:\\\/\\\/zonacaral.gob.pe\\\/es\\\/noticias\\\/ano-nuevo-2019-la-milenaria-ciudad-sagrada-de-caral-se-ilumina-este-fin-de-ano\\\/\",\"url\":\"https:\\\/\\\/zonacaral.gob.pe\\\/es\\\/noticias\\\/ano-nuevo-2019-la-milenaria-ciudad-sagrada-de-caral-se-ilumina-este-fin-de-ano\\\/\",\"name\":\"A\u00f1o Nuevo 2019: la milenaria Ciudad Sagrada de Caral se ilumina este fin de a\u00f1o\",\"isPartOf\":{\"@id\":\"https:\\\/\\\/zonacaral.gob.pe\\\/es\\\/#website\"},\"primaryImageOfPage\":{\"@id\":\"https:\\\/\\\/zonacaral.gob.pe\\\/es\\\/noticias\\\/ano-nuevo-2019-la-milenaria-ciudad-sagrada-de-caral-se-ilumina-este-fin-de-ano\\\/#primaryimage\"},\"image\":{\"@id\":\"https:\\\/\\\/zonacaral.gob.pe\\\/es\\\/noticias\\\/ano-nuevo-2019-la-milenaria-ciudad-sagrada-de-caral-se-ilumina-este-fin-de-ano\\\/#primaryimage\"},\"thumbnailUrl\":\"https:\\\/\\\/zonacaral.gob.pe\\\/wp-content\\\/uploads\\\/2018\\\/12\\\/ano-nuevo.jpg\",\"datePublished\":\"2018-12-13T21:50:44+00:00\",\"author\":{\"@id\":\"https:\\\/\\\/zonacaral.gob.pe\\\/es\\\/#\\\/schema\\\/person\\\/beddb4d22f71a7230c5b90913270a0ee\"},\"description\":\"\u00bfBuscas una nueva forma de recibir el a\u00f1o nuevo, rodeado de la naturaleza, cultura y hermosos paisajes? Tenemos una excelente propuesta cultural, de aventura y diversi\u00f3n, muy cerca de Lima.\",\"breadcrumb\":{\"@id\":\"https:\\\/\\\/zonacaral.gob.pe\\\/es\\\/noticias\\\/ano-nuevo-2019-la-milenaria-ciudad-sagrada-de-caral-se-ilumina-este-fin-de-ano\\\/#breadcrumb\"},\"inLanguage\":\"es-PE\",\"potentialAction\":[{\"@type\":\"ReadAction\",\"target\":[\"https:\\\/\\\/zonacaral.gob.pe\\\/es\\\/noticias\\\/ano-nuevo-2019-la-milenaria-ciudad-sagrada-de-caral-se-ilumina-este-fin-de-ano\\\/\"]}]},{\"@type\":\"ImageObject\",\"inLanguage\":\"es-PE\",\"@id\":\"https:\\\/\\\/zonacaral.gob.pe\\\/es\\\/noticias\\\/ano-nuevo-2019-la-milenaria-ciudad-sagrada-de-caral-se-ilumina-este-fin-de-ano\\\/#primaryimage\",\"url\":\"https:\\\/\\\/zonacaral.gob.pe\\\/wp-content\\\/uploads\\\/2018\\\/12\\\/ano-nuevo.jpg\",\"contentUrl\":\"https:\\\/\\\/zonacaral.gob.pe\\\/wp-content\\\/uploads\\\/2018\\\/12\\\/ano-nuevo.jpg\",\"width\":810,\"height\":410},{\"@type\":\"BreadcrumbList\",\"@id\":\"https:\\\/\\\/zonacaral.gob.pe\\\/es\\\/noticias\\\/ano-nuevo-2019-la-milenaria-ciudad-sagrada-de-caral-se-ilumina-este-fin-de-ano\\\/#breadcrumb\",\"itemListElement\":[{\"@type\":\"ListItem\",\"position\":1,\"name\":\"Portada\",\"item\":\"https:\\\/\\\/zonacaral.gob.pe\\\/\"},{\"@type\":\"ListItem\",\"position\":2,\"name\":\"A\u00f1o Nuevo 2019: la milenaria Ciudad Sagrada de Caral se ilumina este fin de a\u00f1o\"}]},{\"@type\":\"WebSite\",\"@id\":\"https:\\\/\\\/zonacaral.gob.pe\\\/es\\\/#website\",\"url\":\"https:\\\/\\\/zonacaral.gob.pe\\\/es\\\/\",\"name\":\"Zona Caral\",\"description\":\"Investigamos, conservamos y difundimos el patrimonio cultural de la Civilizaci\u00f3n Caral, la m\u00e1s antigua de Am\u00e9rica.\",\"potentialAction\":[{\"@type\":\"SearchAction\",\"target\":{\"@type\":\"EntryPoint\",\"urlTemplate\":\"https:\\\/\\\/zonacaral.gob.pe\\\/es\\\/?s={search_term_string}\"},\"query-input\":{\"@type\":\"PropertyValueSpecification\",\"valueRequired\":true,\"valueName\":\"search_term_string\"}}],\"inLanguage\":\"es-PE\"},{\"@type\":\"Person\",\"@id\":\"https:\\\/\\\/zonacaral.gob.pe\\\/es\\\/#\\\/schema\\\/person\\\/beddb4d22f71a7230c5b90913270a0ee\",\"name\":\"Zona Caral Administrador\",\"image\":{\"@type\":\"ImageObject\",\"inLanguage\":\"es-PE\",\"@id\":\"https:\\\/\\\/secure.gravatar.com\\\/avatar\\\/e4be162918a696358376de6446614e0f0f4062bdc5d170d6d540ada3d8b58c12?s=96&d=mm&r=g\",\"url\":\"https:\\\/\\\/secure.gravatar.com\\\/avatar\\\/e4be162918a696358376de6446614e0f0f4062bdc5d170d6d540ada3d8b58c12?s=96&d=mm&r=g\",\"contentUrl\":\"https:\\\/\\\/secure.gravatar.com\\\/avatar\\\/e4be162918a696358376de6446614e0f0f4062bdc5d170d6d540ada3d8b58c12?s=96&d=mm&r=g\",\"caption\":\"Zona Caral Administrador\"},\"sameAs\":[\"https:\\\/\\\/zonacaral.gob.pe\"],\"url\":\"https:\\\/\\\/zonacaral.gob.pe\\\/es\\\/noticias\\\/author\\\/ad_zonacaral\\\/\"}]}<\/script>\n<!-- \/ Yoast SEO plugin. -->","yoast_head_json":{"title":"A\u00f1o Nuevo 2019: la milenaria Ciudad Sagrada de Caral se ilumina este fin de a\u00f1o","description":"\u00bfBuscas una nueva forma de recibir el a\u00f1o nuevo, rodeado de la naturaleza, cultura y hermosos paisajes? Tenemos una excelente propuesta cultural, de aventura y diversi\u00f3n, muy cerca de Lima.","robots":{"index":"index","follow":"follow","max-snippet":"max-snippet:-1","max-image-preview":"max-image-preview:large","max-video-preview":"max-video-preview:-1"},"canonical":"https:\/\/zonacaral.gob.pe\/es\/noticias\/ano-nuevo-2019-la-milenaria-ciudad-sagrada-de-caral-se-ilumina-este-fin-de-ano\/","og_locale":"es_ES","og_type":"article","og_title":"A\u00f1o Nuevo 2019: la milenaria Ciudad Sagrada de Caral se ilumina este fin de a\u00f1o","og_description":"\u00bfBuscas una nueva forma de recibir el a\u00f1o nuevo, rodeado de la naturaleza, cultura y hermosos paisajes? Tenemos una excelente propuesta cultural, de aventura y diversi\u00f3n, muy cerca de Lima.","og_url":"https:\/\/zonacaral.gob.pe\/es\/noticias\/ano-nuevo-2019-la-milenaria-ciudad-sagrada-de-caral-se-ilumina-este-fin-de-ano\/","og_site_name":"Zona Caral","article_published_time":"2018-12-13T21:50:44+00:00","og_image":[{"width":810,"height":410,"url":"https:\/\/zonacaral.gob.pe\/wp-content\/uploads\/2018\/12\/ano-nuevo.jpg","type":"image\/jpeg"}],"author":"Zona Caral Administrador","twitter_card":"summary_large_image","twitter_misc":{"Written by":"Zona Caral Administrador","Est. reading time":"3 minutos"},"schema":{"@context":"https:\/\/schema.org","@graph":[{"@type":"Article","@id":"https:\/\/zonacaral.gob.pe\/es\/noticias\/ano-nuevo-2019-la-milenaria-ciudad-sagrada-de-caral-se-ilumina-este-fin-de-ano\/#article","isPartOf":{"@id":"https:\/\/zonacaral.gob.pe\/es\/noticias\/ano-nuevo-2019-la-milenaria-ciudad-sagrada-de-caral-se-ilumina-este-fin-de-ano\/"},"author":{"name":"Zona Caral Administrador","@id":"https:\/\/zonacaral.gob.pe\/es\/#\/schema\/person\/beddb4d22f71a7230c5b90913270a0ee"},"headline":"A\u00f1o Nuevo 2019: la milenaria Ciudad Sagrada de Caral se ilumina este fin de a\u00f1o","datePublished":"2018-12-13T21:50:44+00:00","mainEntityOfPage":{"@id":"https:\/\/zonacaral.gob.pe\/es\/noticias\/ano-nuevo-2019-la-milenaria-ciudad-sagrada-de-caral-se-ilumina-este-fin-de-ano\/"},"wordCount":576,"image":{"@id":"https:\/\/zonacaral.gob.pe\/es\/noticias\/ano-nuevo-2019-la-milenaria-ciudad-sagrada-de-caral-se-ilumina-este-fin-de-ano\/#primaryimage"},"thumbnailUrl":"https:\/\/zonacaral.gob.pe\/wp-content\/uploads\/2018\/12\/ano-nuevo.jpg","keywords":["a\u00f1o nuevo","Aspero","caral","Fin de A\u00f1o"],"articleSection":["noticias"],"inLanguage":"es-PE"},{"@type":"WebPage","@id":"https:\/\/zonacaral.gob.pe\/es\/noticias\/ano-nuevo-2019-la-milenaria-ciudad-sagrada-de-caral-se-ilumina-este-fin-de-ano\/","url":"https:\/\/zonacaral.gob.pe\/es\/noticias\/ano-nuevo-2019-la-milenaria-ciudad-sagrada-de-caral-se-ilumina-este-fin-de-ano\/","name":"A\u00f1o Nuevo 2019: la milenaria Ciudad Sagrada de Caral se ilumina este fin de a\u00f1o","isPartOf":{"@id":"https:\/\/zonacaral.gob.pe\/es\/#website"},"primaryImageOfPage":{"@id":"https:\/\/zonacaral.gob.pe\/es\/noticias\/ano-nuevo-2019-la-milenaria-ciudad-sagrada-de-caral-se-ilumina-este-fin-de-ano\/#primaryimage"},"image":{"@id":"https:\/\/zonacaral.gob.pe\/es\/noticias\/ano-nuevo-2019-la-milenaria-ciudad-sagrada-de-caral-se-ilumina-este-fin-de-ano\/#primaryimage"},"thumbnailUrl":"https:\/\/zonacaral.gob.pe\/wp-content\/uploads\/2018\/12\/ano-nuevo.jpg","datePublished":"2018-12-13T21:50:44+00:00","author":{"@id":"https:\/\/zonacaral.gob.pe\/es\/#\/schema\/person\/beddb4d22f71a7230c5b90913270a0ee"},"description":"\u00bfBuscas una nueva forma de recibir el a\u00f1o nuevo, rodeado de la naturaleza, cultura y hermosos paisajes? Tenemos una excelente propuesta cultural, de aventura y diversi\u00f3n, muy cerca de Lima.","breadcrumb":{"@id":"https:\/\/zonacaral.gob.pe\/es\/noticias\/ano-nuevo-2019-la-milenaria-ciudad-sagrada-de-caral-se-ilumina-este-fin-de-ano\/#breadcrumb"},"inLanguage":"es-PE","potentialAction":[{"@type":"ReadAction","target":["https:\/\/zonacaral.gob.pe\/es\/noticias\/ano-nuevo-2019-la-milenaria-ciudad-sagrada-de-caral-se-ilumina-este-fin-de-ano\/"]}]},{"@type":"ImageObject","inLanguage":"es-PE","@id":"https:\/\/zonacaral.gob.pe\/es\/noticias\/ano-nuevo-2019-la-milenaria-ciudad-sagrada-de-caral-se-ilumina-este-fin-de-ano\/#primaryimage","url":"https:\/\/zonacaral.gob.pe\/wp-content\/uploads\/2018\/12\/ano-nuevo.jpg","contentUrl":"https:\/\/zonacaral.gob.pe\/wp-content\/uploads\/2018\/12\/ano-nuevo.jpg","width":810,"height":410},{"@type":"BreadcrumbList","@id":"https:\/\/zonacaral.gob.pe\/es\/noticias\/ano-nuevo-2019-la-milenaria-ciudad-sagrada-de-caral-se-ilumina-este-fin-de-ano\/#breadcrumb","itemListElement":[{"@type":"ListItem","position":1,"name":"Portada","item":"https:\/\/zonacaral.gob.pe\/"},{"@type":"ListItem","position":2,"name":"A\u00f1o Nuevo 2019: la milenaria Ciudad Sagrada de Caral se ilumina este fin de a\u00f1o"}]},{"@type":"WebSite","@id":"https:\/\/zonacaral.gob.pe\/es\/#website","url":"https:\/\/zonacaral.gob.pe\/es\/","name":"Zona Caral","description":"Investigamos, conservamos y difundimos el patrimonio cultural de la Civilizaci\u00f3n Caral, la m\u00e1s antigua de Am\u00e9rica.","potentialAction":[{"@type":"SearchAction","target":{"@type":"EntryPoint","urlTemplate":"https:\/\/zonacaral.gob.pe\/es\/?s={search_term_string}"},"query-input":{"@type":"PropertyValueSpecification","valueRequired":true,"valueName":"search_term_string"}}],"inLanguage":"es-PE"},{"@type":"Person","@id":"https:\/\/zonacaral.gob.pe\/es\/#\/schema\/person\/beddb4d22f71a7230c5b90913270a0ee","name":"Zona Caral Administrador","image":{"@type":"ImageObject","inLanguage":"es-PE","@id":"https:\/\/secure.gravatar.com\/avatar\/e4be162918a696358376de6446614e0f0f4062bdc5d170d6d540ada3d8b58c12?s=96&d=mm&r=g","url":"https:\/\/secure.gravatar.com\/avatar\/e4be162918a696358376de6446614e0f0f4062bdc5d170d6d540ada3d8b58c12?s=96&d=mm&r=g","contentUrl":"https:\/\/secure.gravatar.com\/avatar\/e4be162918a696358376de6446614e0f0f4062bdc5d170d6d540ada3d8b58c12?s=96&d=mm&r=g","caption":"Zona Caral Administrador"},"sameAs":["https:\/\/zonacaral.gob.pe"],"url":"https:\/\/zonacaral.gob.pe\/es\/noticias\/author\/ad_zonacaral\/"}]}},"_links":{"self":[{"href":"https:\/\/zonacaral.gob.pe\/es\/wp-json\/wp\/v2\/posts\/13786","targetHints":{"allow":["GET"]}}],"collection":[{"href":"https:\/\/zonacaral.gob.pe\/es\/wp-json\/wp\/v2\/posts"}],"about":[{"href":"https:\/\/zonacaral.gob.pe\/es\/wp-json\/wp\/v2\/types\/post"}],"author":[{"embeddable":true,"href":"https:\/\/zonacaral.gob.pe\/es\/wp-json\/wp\/v2\/users\/1"}],"replies":[{"embeddable":true,"href":"https:\/\/zonacaral.gob.pe\/es\/wp-json\/wp\/v2\/comments?post=13786"}],"version-history":[{"count":0,"href":"https:\/\/zonacaral.gob.pe\/es\/wp-json\/wp\/v2\/posts\/13786\/revisions"}],"wp:featuredmedia":[{"embeddable":true,"href":"https:\/\/zonacaral.gob.pe\/es\/wp-json\/wp\/v2\/media\/13787"}],"wp:attachment":[{"href":"https:\/\/zonacaral.gob.pe\/es\/wp-json\/wp\/v2\/media?parent=13786"}],"wp:term":[{"taxonomy":"category","embeddable":true,"href":"https:\/\/zonacaral.gob.pe\/es\/wp-json\/wp\/v2\/categories?post=13786"},{"taxonomy":"post_tag","embeddable":true,"href":"https:\/\/zonacaral.gob.pe\/es\/wp-json\/wp\/v2\/tags?post=13786"}],"curies":[{"name":"wp","href":"https:\/\/api.w.org\/{rel}","templated":true}]}}