{"id":13858,"date":"2019-01-04T16:57:59","date_gmt":"2019-01-04T21:57:59","guid":{"rendered":"http:\/\/www.zonacaral.gob.pe\/?p=13858"},"modified":"2019-01-04T16:57:59","modified_gmt":"2019-01-04T21:57:59","slug":"ruth-shady-en-caral-han-producido-conocimiento-cientifico","status":"publish","type":"post","link":"https:\/\/zonacaral.gob.pe\/es\/noticias\/ruth-shady-en-caral-han-producido-conocimiento-cientifico\/","title":{"rendered":"Ruth Shady: \u00aben Caral han producido conocimiento cient\u00edfico\u201d"},"content":{"rendered":"<figure class=\"pic-autor\" style=\"color: #4d4d4d; text-align: justify;\"><\/figure>\n<blockquote><p>\u201cObservaban el espacio sideral y ten\u00edan en cuenta el movimiento de los astros. En Caral hemos hallado un observatorio astron\u00f3mico. Diciembre es un mes muy importante, porque se da el solsticio, que es cuando pod\u00edan predecir c\u00f3mo ser\u00e1 el pr\u00f3ximo a\u00f1o\u201d, explica.<\/p><\/blockquote>\n<p>En el club de museos del colegio eran \u201csolo dos gatos\u201d. Uno de ellos, la entonces adolescente Ruth Shady. Cada cumplea\u00f1os recib\u00eda de regalo libros. A\u00fan conserva las lecturas sobre Chav\u00edn y Garcilaso de la Vega que recibi\u00f3 de ni\u00f1a. Le gustaba estudiar y ya viv\u00eda fascinada por el pasado. Termin\u00f3 la secundaria con excelencia.<\/p>\n<p>En la ma\u00f1ana estudiaba Arqueolog\u00eda y Antropolog\u00eda. Su padre fue su mayor inspiraci\u00f3n. En la tarde segu\u00eda Ingl\u00e9s y en la noche, Pedagog\u00eda. Esta \u00faltima carrera porque su madre le dijo que estudie una profesi\u00f3n que le d\u00e9 trabajo. Hoy, no solo tiene trabajo, sino, adem\u00e1s, ha publicado unos 200 libros y es directora de la Zona Arqueol\u00f3gica Caral, la primera civilizaci\u00f3n de Am\u00e9rica.<\/p>\n<p>Llego a las oficinas administrativas de Caral, en La Molina, y en la zona de ingreso est\u00e1 una de las mascotas (un perro peruano) que la doctora Shady ha recogido de la calle. En casa tiene otros seis perros que tambi\u00e9n los rescat\u00f3 de malos due\u00f1os o en estado de abandono. Me dice que no hay consciencia de identificaci\u00f3n con los animales, pero que la indiferencia no es solo con ellos, sino entre los seres humanos.<\/p>\n<p><strong>\u00bfEsa sensibilidad tambi\u00e9n hay que tenerla para ser un profesional de la arqueolog\u00eda?<\/strong><\/p>\n<p>La sensibilidad por la arqueolog\u00eda proviene de mi padre, que nos llevaba a los pueblos antiguos. \u00c9l era de Rep\u00fablica Checa (lleg\u00f3 a Per\u00fa por la Guerra Mundial), pero ten\u00eda mucha admiraci\u00f3n por el patrimonio del Per\u00fa. Me llevaba a las poblaciones y me dec\u00eda: \u201cMira, hija, c\u00f3mo han sido tus antepasados y c\u00f3mo hasta el d\u00eda de hoy se mantienen sus construcciones\u201d. Yo era peque\u00f1a, tendr\u00eda 8 a\u00f1os.<\/p>\n<p><strong>\u00bfNuestros ancestros tambi\u00e9n fueron indiferentes?<\/strong><\/p>\n<p>En el pasado no eran as\u00ed. Hab\u00eda organizaci\u00f3n de las poblaciones; es decir, el colectivo social era organizado. Hab\u00eda autoridades sociales, no se esperaba que todo lo hicieran los pol\u00edticos. Los centros poblados ten\u00edan su organizaci\u00f3n. Era el caso de Caral y hasta la \u00e9poca inca.<\/p>\n<p>Hoy nuestra civilizaci\u00f3n celebra el cambio de a\u00f1o. \u00bfEn Caral c\u00f3mo era el concepto del tiempo?<br \/>\nEra otra visi\u00f3n de la vida. Ellos observaban el espacio sideral y ten\u00edan en cuenta el movimiento de los astros. Hemos hallado un observatorio astron\u00f3mico. En las noches, los expertos miraban los cambios que se iban dando hasta que se dieron cuenta de que pod\u00edan generar un calendario y prever los efectos de los cambios clim\u00e1ticos. Los solsticios y equinoccios fueron b\u00e1sicos. Diciembre es un mes muy importante, porque se da el solsticio, que es cuando estaban observando y pod\u00edan predecir c\u00f3mo ser\u00e1 el pr\u00f3ximo a\u00f1o: si habr\u00e1 agua o no. Hubo un cambio clim\u00e1tico muy intenso, que ocasion\u00f3 la crisis y colapso de Caral. M\u00e1s o menos ocurri\u00f3 hacia los a\u00f1os 1800 antes de Cristo. Estamos investigando.<\/p>\n<p><strong>\u00bfEn Caral hab\u00eda un punto de quiebre en el tiempo que representara algo as\u00ed como un a\u00f1o nuevo o volver a empezar?<\/strong><\/p>\n<p>Eso es verdad. Hemos encontrado espirales representadas en piedras, talladas, y tambi\u00e9n hemos encontrado dos espirales muy grandes, que han sido representadas en la parte saliente de Caral. Son como geoglifos, una es circular y otra cuadrangular. Cada circuito representar\u00eda una \u00e9poca.<\/p>\n<p><strong>\u00bfY cu\u00e1nto duraba cada ciclo?<\/strong><\/p>\n<p>No sabemos a\u00fan. Pero tenemos un anfiteatro, una plaza circular hundida. Cuando uno se para en el centro con un p\u00e9ndulo, este se queda quieto. Cuando se camina de la plaza central hacia el muro, en el lado derecho, el p\u00e9ndulo hace c\u00edrculos hacia la derecha. Lo mismo sucede hacia la izquierda. Ellos han construido teniendo en consideraci\u00f3n la energ\u00eda que quiz\u00e1 emana de los cerros. No sabemos hasta ahora la causa. Pero justamente ese centro est\u00e1 relacionado con energ\u00edas de dos cordilleras que en determinadas circunstancias, en las noches, emanan como dos luces, que llegan hasta la zona central, se detienen y vuelven a los cerros. Es como una energ\u00eda f\u00edsica producida por alg\u00fan movimiento de minerales. Es mi interpretaci\u00f3n. Todas sus construcciones est\u00e1n alineadas con determinados astros.<\/p>\n<p><strong>Es un nivel de perfecci\u00f3n que limita con la ciencia.<\/strong><br \/>\nHan producido conocimiento cient\u00edfico, porque han tratado de dar soluci\u00f3n a los problemas. Eso es ciencia. No han sido artesanos \u00fanicamente. En los edificios m\u00e1s importantes y en la misma zona de viviendas hab\u00eda un altar con ductos de ventilaci\u00f3n subterr\u00e1neos. Cuando un f\u00edsico lo vio, se agarr\u00f3 la cabeza (en se\u00f1al de asombro). Esos ductos captaban la energ\u00eda del viento a trav\u00e9s de conductos subterr\u00e1neos orientados para generar un fuego de alta intensidad. Y el cient\u00edfico me dec\u00eda que ese principio es el que se aplica en los aviones.<\/p>\n<p><strong>Esta es temporada de balances y proyecciones. \u00bfQu\u00e9 nos ense\u00f1a Caral al respecto?<\/strong><\/p>\n<p>Eso se llama planificaci\u00f3n. Hemos encontrado una maqueta que representa a un centro urbano, hecha de arcilla, grande, donde se ven los edificios, las calles, las plazas circulares, etc., y eso nos indica que ellos no hac\u00edan las cosas de manera improvisada, sino que ten\u00edan el dise\u00f1o que les permit\u00eda calcular cu\u00e1nta mano de obra iban a necesitar, cu\u00e1nto de material y tiempo. Caral tuvo organizaci\u00f3n social, del espacio, respeto por la tierra, el agua y la naturaleza, que lo hemos ido perdiendo.<\/p>\n<p><strong>\u00bfQu\u00e9 m\u00e1s tiene por darnos Caral?<\/strong><\/p>\n<p>Estamos recuperando la informaci\u00f3n de c\u00f3mo se manej\u00f3 el territorio en el pasado, qu\u00e9 productos fueron domestic\u00e1ndose, tratando de que se le d\u00e9 importancia al algod\u00f3n de colores. Nadie conoce c\u00f3mo se cultiv\u00f3 la chira; sin embargo, en pa\u00edses como Colombia hasta la exportan, y estuvo en Caral, domesticada.<\/p>\n<p><strong>\u00bfY qu\u00e9 m\u00e1s tiene por darnos Ruth Shady?<\/strong><\/p>\n<p>\u00bfYo? (Risas). Quisiera tener m\u00e1s vida para trabajar en lo que me gusta: recuperar nuestra historia social para generar reflexiones sobre lo que fuimos y los logros que tuvimos, y lo que hacemos en el presente y cu\u00e1les son las condiciones de vida que debemos cambiar.<\/p>\n<p><strong>Autoficha:<\/strong><\/p>\n<ul>\n<li>\u00a0\u201cSoy la hija mayor de cuatro hermanos. Mi mam\u00e1 naci\u00f3 en Pacar\u00e1n, Ca\u00f1ete. Nac\u00ed en Bellavista, Callao. Estudi\u00e9 en la Gran Unidad Escolar Juana Alarco de Dammert, luego en San Marcos y empec\u00e9 a trabajar como arque\u00f3loga e investigadora en el Museo Nacional de Antropolog\u00eda y Arqueolog\u00eda, durante unos 20 a\u00f1os\u201d.<\/li>\n<li>\u201cCumpl\u00ed 73 a\u00f1os de edad este 29 de diciembre. Soy la \u00fanica de la familia que se dedic\u00f3 a la arqueolog\u00eda. Tengo dos hijos economistas. Fui jefa de pr\u00e1cticas de Jos\u00e9 Matos Mar, quien me invit\u00f3 a hacer mis pr\u00e1cticas en el Instituto de Estudios Peruanos (IEP)\u201d.<\/li>\n<li>\u201cHemos sacado una publicaci\u00f3n para diferentes p\u00fablicos, que se llama El buen vivir de la civilizaci\u00f3n Caral. He publicado unos 200 libros. Si uno no est\u00e1 produciendo, para qu\u00e9 se investiga. Hay que transmitir ese conocimiento. Ense\u00f1o en San Marcos y estoy encargada de la Direcci\u00f3n de Arqueolog\u00eda\u201d.<\/li>\n<\/ul>\n<p><img fetchpriority=\"high\" decoding=\"async\" class=\"alignnone wp-image-13861\" src=\"http:\/\/www.zonacaral.gob.pe\/wp-content\/uploads\/2019\/01\/peru-21-1024x559.jpg\" alt=\"peru-21\" width=\"800\" height=\"437\" srcset=\"https:\/\/zonacaral.gob.pe\/wp-content\/uploads\/2019\/01\/peru-21-1024x559.jpg 1024w, https:\/\/zonacaral.gob.pe\/wp-content\/uploads\/2019\/01\/peru-21-300x164.jpg 300w, https:\/\/zonacaral.gob.pe\/wp-content\/uploads\/2019\/01\/peru-21-768x419.jpg 768w, https:\/\/zonacaral.gob.pe\/wp-content\/uploads\/2019\/01\/peru-21-1536x839.jpg 1536w, https:\/\/zonacaral.gob.pe\/wp-content\/uploads\/2019\/01\/peru-21-18x10.jpg 18w, https:\/\/zonacaral.gob.pe\/wp-content\/uploads\/2019\/01\/peru-21-600x328.jpg 600w, https:\/\/zonacaral.gob.pe\/wp-content\/uploads\/2019\/01\/peru-21.jpg 1584w\" sizes=\"(max-width: 800px) 100vw, 800px\" \/><\/p>\n<p style=\"text-align: justify;\"><span style=\"color: #993300;\"><strong>Fuente<\/strong><strong>: Per\u00fa 21<\/strong><\/span><\/p>\n<div style=\"color: #1f1f1f;\">\n<p style=\"text-align: justify;\">Fecha de publicaci\u00f3n: 04\/01\/2019<\/p>\n<\/div>\n","protected":false},"excerpt":{"rendered":"<p>\u201cObservaban el espacio sideral y ten\u00edan en cuenta el movimiento de los astros. En Caral hemos hallado un observatorio astron\u00f3mico. [&hellip;]<\/p>\n","protected":false},"author":1,"featured_media":13859,"comment_status":"closed","ping_status":"open","sticky":false,"template":"","format":"standard","meta":{"_acf_changed":false,"site-sidebar-layout":"default","site-content-layout":"","ast-site-content-layout":"default","site-content-style":"default","site-sidebar-style":"default","ast-global-header-display":"","ast-banner-title-visibility":"","ast-main-header-display":"","ast-hfb-above-header-display":"","ast-hfb-below-header-display":"","ast-hfb-mobile-header-display":"","site-post-title":"","ast-breadcrumbs-content":"","ast-featured-img":"","footer-sml-layout":"","ast-disable-related-posts":"","theme-transparent-header-meta":"","adv-header-id-meta":"","stick-header-meta":"","header-above-stick-meta":"","header-main-stick-meta":"","header-below-stick-meta":"","astra-migrate-meta-layouts":"default","ast-page-background-enabled":"default","ast-page-background-meta":{"desktop":{"background-color":"var(--ast-global-color-5)","background-image":"","background-repeat":"repeat","background-position":"center center","background-size":"auto","background-attachment":"scroll","background-type":"","background-media":"","overlay-type":"","overlay-color":"","overlay-opacity":"","overlay-gradient":""},"tablet":{"background-color":"","background-image":"","background-repeat":"repeat","background-position":"center center","background-size":"auto","background-attachment":"scroll","background-type":"","background-media":"","overlay-type":"","overlay-color":"","overlay-opacity":"","overlay-gradient":""},"mobile":{"background-color":"","background-image":"","background-repeat":"repeat","background-position":"center center","background-size":"auto","background-attachment":"scroll","background-type":"","background-media":"","overlay-type":"","overlay-color":"","overlay-opacity":"","overlay-gradient":""}},"ast-content-background-meta":{"desktop":{"background-color":"var(--ast-global-color-4)","background-image":"","background-repeat":"repeat","background-position":"center center","background-size":"auto","background-attachment":"scroll","background-type":"","background-media":"","overlay-type":"","overlay-color":"","overlay-opacity":"","overlay-gradient":""},"tablet":{"background-color":"var(--ast-global-color-4)","background-image":"","background-repeat":"repeat","background-position":"center center","background-size":"auto","background-attachment":"scroll","background-type":"","background-media":"","overlay-type":"","overlay-color":"","overlay-opacity":"","overlay-gradient":""},"mobile":{"background-color":"var(--ast-global-color-4)","background-image":"","background-repeat":"repeat","background-position":"center center","background-size":"auto","background-attachment":"scroll","background-type":"","background-media":"","overlay-type":"","overlay-color":"","overlay-opacity":"","overlay-gradient":""}},"footnotes":""},"categories":[208],"tags":[63,55,61],"class_list":["post-13858","post","type-post","status-publish","format-standard","has-post-thumbnail","hentry","category-noticias","tag-aspero","tag-caral","tag-vichama"],"acf":[],"yoast_head":"<!-- This site is optimized with the Yoast SEO plugin v27.3 - https:\/\/yoast.com\/product\/yoast-seo-wordpress\/ -->\n<title>Ruth Shady: &quot;en Caral han producido conocimiento cient\u00edfico\u201d<\/title>\n<meta name=\"description\" content=\"\u201cObservaban el espacio sideral y ten\u00edan en cuenta el movimiento de los astros. En Caral hemos hallado un observatorio astron\u00f3mico. Diciembre es un mes muy importante, porque se da el solsticio, que es cuando pod\u00edan predecir c\u00f3mo ser\u00e1 el pr\u00f3ximo a\u00f1o\u201d, explica.\" \/>\n<meta name=\"robots\" content=\"index, follow, max-snippet:-1, max-image-preview:large, max-video-preview:-1\" \/>\n<link rel=\"canonical\" href=\"https:\/\/zonacaral.gob.pe\/es\/noticias\/ruth-shady-en-caral-han-producido-conocimiento-cientifico\/\" \/>\n<meta property=\"og:locale\" content=\"es_ES\" \/>\n<meta property=\"og:type\" content=\"article\" \/>\n<meta property=\"og:title\" content=\"Ruth Shady: &quot;en Caral han producido conocimiento cient\u00edfico\u201d\" \/>\n<meta property=\"og:description\" content=\"\u201cObservaban el espacio sideral y ten\u00edan en cuenta el movimiento de los astros. En Caral hemos hallado un observatorio astron\u00f3mico. Diciembre es un mes muy importante, porque se da el solsticio, que es cuando pod\u00edan predecir c\u00f3mo ser\u00e1 el pr\u00f3ximo a\u00f1o\u201d, explica.\" \/>\n<meta property=\"og:url\" content=\"https:\/\/zonacaral.gob.pe\/es\/noticias\/ruth-shady-en-caral-han-producido-conocimiento-cientifico\/\" \/>\n<meta property=\"og:site_name\" content=\"Zona Caral\" \/>\n<meta property=\"article:published_time\" content=\"2019-01-04T21:57:59+00:00\" \/>\n<meta property=\"og:image\" content=\"https:\/\/zonacaral.gob.pe\/wp-content\/uploads\/2019\/01\/doctora.jpg\" \/>\n\t<meta property=\"og:image:width\" content=\"810\" \/>\n\t<meta property=\"og:image:height\" content=\"410\" \/>\n\t<meta property=\"og:image:type\" content=\"image\/jpeg\" \/>\n<meta name=\"author\" content=\"Zona Caral Administrador\" \/>\n<meta name=\"twitter:card\" content=\"summary_large_image\" \/>\n<meta name=\"twitter:label1\" content=\"Written by\" \/>\n\t<meta name=\"twitter:data1\" content=\"Zona Caral Administrador\" \/>\n\t<meta name=\"twitter:label2\" content=\"Est. reading time\" \/>\n\t<meta name=\"twitter:data2\" content=\"6 minutos\" \/>\n<script type=\"application\/ld+json\" class=\"yoast-schema-graph\">{\"@context\":\"https:\\\/\\\/schema.org\",\"@graph\":[{\"@type\":\"Article\",\"@id\":\"https:\\\/\\\/zonacaral.gob.pe\\\/es\\\/noticias\\\/ruth-shady-en-caral-han-producido-conocimiento-cientifico\\\/#article\",\"isPartOf\":{\"@id\":\"https:\\\/\\\/zonacaral.gob.pe\\\/es\\\/noticias\\\/ruth-shady-en-caral-han-producido-conocimiento-cientifico\\\/\"},\"author\":{\"name\":\"Zona Caral Administrador\",\"@id\":\"https:\\\/\\\/zonacaral.gob.pe\\\/es\\\/#\\\/schema\\\/person\\\/beddb4d22f71a7230c5b90913270a0ee\"},\"headline\":\"Ruth Shady: \u00aben Caral han producido conocimiento cient\u00edfico\u201d\",\"datePublished\":\"2019-01-04T21:57:59+00:00\",\"mainEntityOfPage\":{\"@id\":\"https:\\\/\\\/zonacaral.gob.pe\\\/es\\\/noticias\\\/ruth-shady-en-caral-han-producido-conocimiento-cientifico\\\/\"},\"wordCount\":1291,\"image\":{\"@id\":\"https:\\\/\\\/zonacaral.gob.pe\\\/es\\\/noticias\\\/ruth-shady-en-caral-han-producido-conocimiento-cientifico\\\/#primaryimage\"},\"thumbnailUrl\":\"https:\\\/\\\/zonacaral.gob.pe\\\/wp-content\\\/uploads\\\/2019\\\/01\\\/doctora.jpg\",\"keywords\":[\"Aspero\",\"caral\",\"vichama\"],\"articleSection\":[\"noticias\"],\"inLanguage\":\"es-PE\"},{\"@type\":\"WebPage\",\"@id\":\"https:\\\/\\\/zonacaral.gob.pe\\\/es\\\/noticias\\\/ruth-shady-en-caral-han-producido-conocimiento-cientifico\\\/\",\"url\":\"https:\\\/\\\/zonacaral.gob.pe\\\/es\\\/noticias\\\/ruth-shady-en-caral-han-producido-conocimiento-cientifico\\\/\",\"name\":\"Ruth Shady: \\\"en Caral han producido conocimiento cient\u00edfico\u201d\",\"isPartOf\":{\"@id\":\"https:\\\/\\\/zonacaral.gob.pe\\\/es\\\/#website\"},\"primaryImageOfPage\":{\"@id\":\"https:\\\/\\\/zonacaral.gob.pe\\\/es\\\/noticias\\\/ruth-shady-en-caral-han-producido-conocimiento-cientifico\\\/#primaryimage\"},\"image\":{\"@id\":\"https:\\\/\\\/zonacaral.gob.pe\\\/es\\\/noticias\\\/ruth-shady-en-caral-han-producido-conocimiento-cientifico\\\/#primaryimage\"},\"thumbnailUrl\":\"https:\\\/\\\/zonacaral.gob.pe\\\/wp-content\\\/uploads\\\/2019\\\/01\\\/doctora.jpg\",\"datePublished\":\"2019-01-04T21:57:59+00:00\",\"author\":{\"@id\":\"https:\\\/\\\/zonacaral.gob.pe\\\/es\\\/#\\\/schema\\\/person\\\/beddb4d22f71a7230c5b90913270a0ee\"},\"description\":\"\u201cObservaban el espacio sideral y ten\u00edan en cuenta el movimiento de los astros. En Caral hemos hallado un observatorio astron\u00f3mico. Diciembre es un mes muy importante, porque se da el solsticio, que es cuando pod\u00edan predecir c\u00f3mo ser\u00e1 el pr\u00f3ximo a\u00f1o\u201d, explica.\",\"breadcrumb\":{\"@id\":\"https:\\\/\\\/zonacaral.gob.pe\\\/es\\\/noticias\\\/ruth-shady-en-caral-han-producido-conocimiento-cientifico\\\/#breadcrumb\"},\"inLanguage\":\"es-PE\",\"potentialAction\":[{\"@type\":\"ReadAction\",\"target\":[\"https:\\\/\\\/zonacaral.gob.pe\\\/es\\\/noticias\\\/ruth-shady-en-caral-han-producido-conocimiento-cientifico\\\/\"]}]},{\"@type\":\"ImageObject\",\"inLanguage\":\"es-PE\",\"@id\":\"https:\\\/\\\/zonacaral.gob.pe\\\/es\\\/noticias\\\/ruth-shady-en-caral-han-producido-conocimiento-cientifico\\\/#primaryimage\",\"url\":\"https:\\\/\\\/zonacaral.gob.pe\\\/wp-content\\\/uploads\\\/2019\\\/01\\\/doctora.jpg\",\"contentUrl\":\"https:\\\/\\\/zonacaral.gob.pe\\\/wp-content\\\/uploads\\\/2019\\\/01\\\/doctora.jpg\",\"width\":810,\"height\":410},{\"@type\":\"BreadcrumbList\",\"@id\":\"https:\\\/\\\/zonacaral.gob.pe\\\/es\\\/noticias\\\/ruth-shady-en-caral-han-producido-conocimiento-cientifico\\\/#breadcrumb\",\"itemListElement\":[{\"@type\":\"ListItem\",\"position\":1,\"name\":\"Portada\",\"item\":\"https:\\\/\\\/zonacaral.gob.pe\\\/\"},{\"@type\":\"ListItem\",\"position\":2,\"name\":\"Ruth Shady: \u00aben Caral han producido conocimiento cient\u00edfico\u201d\"}]},{\"@type\":\"WebSite\",\"@id\":\"https:\\\/\\\/zonacaral.gob.pe\\\/es\\\/#website\",\"url\":\"https:\\\/\\\/zonacaral.gob.pe\\\/es\\\/\",\"name\":\"Zona Caral\",\"description\":\"Investigamos, conservamos y difundimos el patrimonio cultural de la Civilizaci\u00f3n Caral, la m\u00e1s antigua de Am\u00e9rica.\",\"potentialAction\":[{\"@type\":\"SearchAction\",\"target\":{\"@type\":\"EntryPoint\",\"urlTemplate\":\"https:\\\/\\\/zonacaral.gob.pe\\\/es\\\/?s={search_term_string}\"},\"query-input\":{\"@type\":\"PropertyValueSpecification\",\"valueRequired\":true,\"valueName\":\"search_term_string\"}}],\"inLanguage\":\"es-PE\"},{\"@type\":\"Person\",\"@id\":\"https:\\\/\\\/zonacaral.gob.pe\\\/es\\\/#\\\/schema\\\/person\\\/beddb4d22f71a7230c5b90913270a0ee\",\"name\":\"Zona Caral Administrador\",\"image\":{\"@type\":\"ImageObject\",\"inLanguage\":\"es-PE\",\"@id\":\"https:\\\/\\\/secure.gravatar.com\\\/avatar\\\/e4be162918a696358376de6446614e0f0f4062bdc5d170d6d540ada3d8b58c12?s=96&d=mm&r=g\",\"url\":\"https:\\\/\\\/secure.gravatar.com\\\/avatar\\\/e4be162918a696358376de6446614e0f0f4062bdc5d170d6d540ada3d8b58c12?s=96&d=mm&r=g\",\"contentUrl\":\"https:\\\/\\\/secure.gravatar.com\\\/avatar\\\/e4be162918a696358376de6446614e0f0f4062bdc5d170d6d540ada3d8b58c12?s=96&d=mm&r=g\",\"caption\":\"Zona Caral Administrador\"},\"sameAs\":[\"https:\\\/\\\/zonacaral.gob.pe\"],\"url\":\"https:\\\/\\\/zonacaral.gob.pe\\\/es\\\/noticias\\\/author\\\/ad_zonacaral\\\/\"}]}<\/script>\n<!-- \/ Yoast SEO plugin. -->","yoast_head_json":{"title":"Ruth Shady: \"en Caral han producido conocimiento cient\u00edfico\u201d","description":"\u201cObservaban el espacio sideral y ten\u00edan en cuenta el movimiento de los astros. En Caral hemos hallado un observatorio astron\u00f3mico. Diciembre es un mes muy importante, porque se da el solsticio, que es cuando pod\u00edan predecir c\u00f3mo ser\u00e1 el pr\u00f3ximo a\u00f1o\u201d, explica.","robots":{"index":"index","follow":"follow","max-snippet":"max-snippet:-1","max-image-preview":"max-image-preview:large","max-video-preview":"max-video-preview:-1"},"canonical":"https:\/\/zonacaral.gob.pe\/es\/noticias\/ruth-shady-en-caral-han-producido-conocimiento-cientifico\/","og_locale":"es_ES","og_type":"article","og_title":"Ruth Shady: \"en Caral han producido conocimiento cient\u00edfico\u201d","og_description":"\u201cObservaban el espacio sideral y ten\u00edan en cuenta el movimiento de los astros. En Caral hemos hallado un observatorio astron\u00f3mico. Diciembre es un mes muy importante, porque se da el solsticio, que es cuando pod\u00edan predecir c\u00f3mo ser\u00e1 el pr\u00f3ximo a\u00f1o\u201d, explica.","og_url":"https:\/\/zonacaral.gob.pe\/es\/noticias\/ruth-shady-en-caral-han-producido-conocimiento-cientifico\/","og_site_name":"Zona Caral","article_published_time":"2019-01-04T21:57:59+00:00","og_image":[{"width":810,"height":410,"url":"https:\/\/zonacaral.gob.pe\/wp-content\/uploads\/2019\/01\/doctora.jpg","type":"image\/jpeg"}],"author":"Zona Caral Administrador","twitter_card":"summary_large_image","twitter_misc":{"Written by":"Zona Caral Administrador","Est. reading time":"6 minutos"},"schema":{"@context":"https:\/\/schema.org","@graph":[{"@type":"Article","@id":"https:\/\/zonacaral.gob.pe\/es\/noticias\/ruth-shady-en-caral-han-producido-conocimiento-cientifico\/#article","isPartOf":{"@id":"https:\/\/zonacaral.gob.pe\/es\/noticias\/ruth-shady-en-caral-han-producido-conocimiento-cientifico\/"},"author":{"name":"Zona Caral Administrador","@id":"https:\/\/zonacaral.gob.pe\/es\/#\/schema\/person\/beddb4d22f71a7230c5b90913270a0ee"},"headline":"Ruth Shady: \u00aben Caral han producido conocimiento cient\u00edfico\u201d","datePublished":"2019-01-04T21:57:59+00:00","mainEntityOfPage":{"@id":"https:\/\/zonacaral.gob.pe\/es\/noticias\/ruth-shady-en-caral-han-producido-conocimiento-cientifico\/"},"wordCount":1291,"image":{"@id":"https:\/\/zonacaral.gob.pe\/es\/noticias\/ruth-shady-en-caral-han-producido-conocimiento-cientifico\/#primaryimage"},"thumbnailUrl":"https:\/\/zonacaral.gob.pe\/wp-content\/uploads\/2019\/01\/doctora.jpg","keywords":["Aspero","caral","vichama"],"articleSection":["noticias"],"inLanguage":"es-PE"},{"@type":"WebPage","@id":"https:\/\/zonacaral.gob.pe\/es\/noticias\/ruth-shady-en-caral-han-producido-conocimiento-cientifico\/","url":"https:\/\/zonacaral.gob.pe\/es\/noticias\/ruth-shady-en-caral-han-producido-conocimiento-cientifico\/","name":"Ruth Shady: \"en Caral han producido conocimiento cient\u00edfico\u201d","isPartOf":{"@id":"https:\/\/zonacaral.gob.pe\/es\/#website"},"primaryImageOfPage":{"@id":"https:\/\/zonacaral.gob.pe\/es\/noticias\/ruth-shady-en-caral-han-producido-conocimiento-cientifico\/#primaryimage"},"image":{"@id":"https:\/\/zonacaral.gob.pe\/es\/noticias\/ruth-shady-en-caral-han-producido-conocimiento-cientifico\/#primaryimage"},"thumbnailUrl":"https:\/\/zonacaral.gob.pe\/wp-content\/uploads\/2019\/01\/doctora.jpg","datePublished":"2019-01-04T21:57:59+00:00","author":{"@id":"https:\/\/zonacaral.gob.pe\/es\/#\/schema\/person\/beddb4d22f71a7230c5b90913270a0ee"},"description":"\u201cObservaban el espacio sideral y ten\u00edan en cuenta el movimiento de los astros. En Caral hemos hallado un observatorio astron\u00f3mico. Diciembre es un mes muy importante, porque se da el solsticio, que es cuando pod\u00edan predecir c\u00f3mo ser\u00e1 el pr\u00f3ximo a\u00f1o\u201d, explica.","breadcrumb":{"@id":"https:\/\/zonacaral.gob.pe\/es\/noticias\/ruth-shady-en-caral-han-producido-conocimiento-cientifico\/#breadcrumb"},"inLanguage":"es-PE","potentialAction":[{"@type":"ReadAction","target":["https:\/\/zonacaral.gob.pe\/es\/noticias\/ruth-shady-en-caral-han-producido-conocimiento-cientifico\/"]}]},{"@type":"ImageObject","inLanguage":"es-PE","@id":"https:\/\/zonacaral.gob.pe\/es\/noticias\/ruth-shady-en-caral-han-producido-conocimiento-cientifico\/#primaryimage","url":"https:\/\/zonacaral.gob.pe\/wp-content\/uploads\/2019\/01\/doctora.jpg","contentUrl":"https:\/\/zonacaral.gob.pe\/wp-content\/uploads\/2019\/01\/doctora.jpg","width":810,"height":410},{"@type":"BreadcrumbList","@id":"https:\/\/zonacaral.gob.pe\/es\/noticias\/ruth-shady-en-caral-han-producido-conocimiento-cientifico\/#breadcrumb","itemListElement":[{"@type":"ListItem","position":1,"name":"Portada","item":"https:\/\/zonacaral.gob.pe\/"},{"@type":"ListItem","position":2,"name":"Ruth Shady: \u00aben Caral han producido conocimiento cient\u00edfico\u201d"}]},{"@type":"WebSite","@id":"https:\/\/zonacaral.gob.pe\/es\/#website","url":"https:\/\/zonacaral.gob.pe\/es\/","name":"Zona Caral","description":"Investigamos, conservamos y difundimos el patrimonio cultural de la Civilizaci\u00f3n Caral, la m\u00e1s antigua de Am\u00e9rica.","potentialAction":[{"@type":"SearchAction","target":{"@type":"EntryPoint","urlTemplate":"https:\/\/zonacaral.gob.pe\/es\/?s={search_term_string}"},"query-input":{"@type":"PropertyValueSpecification","valueRequired":true,"valueName":"search_term_string"}}],"inLanguage":"es-PE"},{"@type":"Person","@id":"https:\/\/zonacaral.gob.pe\/es\/#\/schema\/person\/beddb4d22f71a7230c5b90913270a0ee","name":"Zona Caral Administrador","image":{"@type":"ImageObject","inLanguage":"es-PE","@id":"https:\/\/secure.gravatar.com\/avatar\/e4be162918a696358376de6446614e0f0f4062bdc5d170d6d540ada3d8b58c12?s=96&d=mm&r=g","url":"https:\/\/secure.gravatar.com\/avatar\/e4be162918a696358376de6446614e0f0f4062bdc5d170d6d540ada3d8b58c12?s=96&d=mm&r=g","contentUrl":"https:\/\/secure.gravatar.com\/avatar\/e4be162918a696358376de6446614e0f0f4062bdc5d170d6d540ada3d8b58c12?s=96&d=mm&r=g","caption":"Zona Caral Administrador"},"sameAs":["https:\/\/zonacaral.gob.pe"],"url":"https:\/\/zonacaral.gob.pe\/es\/noticias\/author\/ad_zonacaral\/"}]}},"_links":{"self":[{"href":"https:\/\/zonacaral.gob.pe\/es\/wp-json\/wp\/v2\/posts\/13858","targetHints":{"allow":["GET"]}}],"collection":[{"href":"https:\/\/zonacaral.gob.pe\/es\/wp-json\/wp\/v2\/posts"}],"about":[{"href":"https:\/\/zonacaral.gob.pe\/es\/wp-json\/wp\/v2\/types\/post"}],"author":[{"embeddable":true,"href":"https:\/\/zonacaral.gob.pe\/es\/wp-json\/wp\/v2\/users\/1"}],"replies":[{"embeddable":true,"href":"https:\/\/zonacaral.gob.pe\/es\/wp-json\/wp\/v2\/comments?post=13858"}],"version-history":[{"count":0,"href":"https:\/\/zonacaral.gob.pe\/es\/wp-json\/wp\/v2\/posts\/13858\/revisions"}],"wp:featuredmedia":[{"embeddable":true,"href":"https:\/\/zonacaral.gob.pe\/es\/wp-json\/wp\/v2\/media\/13859"}],"wp:attachment":[{"href":"https:\/\/zonacaral.gob.pe\/es\/wp-json\/wp\/v2\/media?parent=13858"}],"wp:term":[{"taxonomy":"category","embeddable":true,"href":"https:\/\/zonacaral.gob.pe\/es\/wp-json\/wp\/v2\/categories?post=13858"},{"taxonomy":"post_tag","embeddable":true,"href":"https:\/\/zonacaral.gob.pe\/es\/wp-json\/wp\/v2\/tags?post=13858"}],"curies":[{"name":"wp","href":"https:\/\/api.w.org\/{rel}","templated":true}]}}