{"id":13921,"date":"2019-01-21T17:56:19","date_gmt":"2019-01-21T22:56:19","guid":{"rendered":"http:\/\/www.zonacaral.gob.pe\/?p=13921"},"modified":"2019-01-21T17:56:19","modified_gmt":"2019-01-21T22:56:19","slug":"caral-antiguos-pobladores-vivieron-en-armonia-con-la-naturaleza","status":"publish","type":"post","link":"https:\/\/zonacaral.gob.pe\/es\/noticias\/caral-antiguos-pobladores-vivieron-en-armonia-con-la-naturaleza\/","title":{"rendered":"Caral: antiguos pobladores vivieron en armon\u00eda con la naturaleza"},"content":{"rendered":"<figure class=\"pic-autor\" style=\"color: #4d4d4d; text-align: justify;\"><\/figure>\n<blockquote><p>La doctora Ruth Shady, directora de la Zona Arqueol\u00f3gico Caral, UE 003 del Ministerio de Cultura, expuso sobre el desarrollo de la Civilizaci\u00f3n Caral ante los integrantes de la organizaci\u00f3n Tawantinsuyo Kamachiq Rimaq MarKa, en la Casona de la Universidad Nacional Mayor de San Marcos, en el Centro de Lima.<\/p><\/blockquote>\n<p>En su presentaci\u00f3n, la Dra. Shady Sol\u00eds expuso sobre los valores sociales y culturales, y los conocimientos en ciencia y tecnolog\u00eda que dejaron los pobladores de la primera civilizaci\u00f3n de Am\u00e9rica (3000 \u2013 1800 a.C.), para las posteriores sociedades.<\/p>\n<p>Explic\u00f3 que el \u00e9xito de su desarrollo se debi\u00f3 a su organizaci\u00f3n social, su conocimiento y adecuado manejo del territorio, el respeto a la naturaleza y a las diferentes comunidades.<\/p>\n<p>\u201cSupieron dar soluci\u00f3n a los problemas a trav\u00e9s de la producci\u00f3n de conocimientos en ciencia y tecnolog\u00eda (\u2026) Vivieron en armon\u00eda con la naturaleza respetando las tierras productivas; sin embargo, en la actualidad no se tiene en cuenta eso\u201d, indic\u00f3 en la conferencia titulada: \u201cWaka: Patrimonio Arqueol\u00f3gico, Gesti\u00f3n del Buen Vivir y Desarrollo Integral\u201d.<\/p>\n<p>\u201cCuando llegu\u00e9 a Caral (hace 25 a\u00f1os) en este sitio arqueol\u00f3gico encontr\u00e9 venados, vizcachas, ahora ya no hay nada, el bosque no se ha respetado, ni hay gaviones que defienda las tierras del r\u00edo. No se respeta las tierras\u201d, agreg\u00f3.<\/p>\n<p>Esta actividad se hizo en homenaje a los \u00faltimos kurakas de Rimaq Marka: Tawlichuko, Kaxapaxa y Asarpay, presidido por Gerson Paredes Coz, representante de la organizaci\u00f3n Tawantinsuyo Kamachiq Rimaq MarKa.<\/p>\n<p>Al finalizar su presentaci\u00f3n, la doctora Ruth Shady respondi\u00f3 una serie de preguntas del p\u00fablico asistente y fue reconocida como \u201cWarmi wirakocha Unay hatun llata Caralmanta\u201d (Se\u00f1ora de la milenaria ciudad de Caral).<\/p>\n<p>Mira la presentaci\u00f3n completa aqu\u00ed:<\/p>\n<p><iframe style=\"border: none; overflow: hidden;\" src=\"https:\/\/www.facebook.com\/plugins\/video.php?href=https%3A%2F%2Fwww.facebook.com%2FCARALPERU%2Fvideos%2F2282490325410155%2F&amp;show_text=0&amp;width=560\" width=\"560\" height=\"400\" frameborder=\"0\" scrolling=\"no\" allowfullscreen=\"allowfullscreen\"><\/iframe><\/p>\n<p style=\"text-align: justify;\"><span style=\"color: #993300;\"><strong>Fuente<\/strong><strong>: Prensa ZAC<\/strong><\/span><\/p>\n<div style=\"color: #1f1f1f;\">\n<p style=\"text-align: justify;\">Fecha de publicaci\u00f3n: 21\/01\/2019<\/p>\n<\/div>\n","protected":false},"excerpt":{"rendered":"<p>La doctora Ruth Shady, directora de la Zona Arqueol\u00f3gico Caral, UE 003 del Ministerio de Cultura, expuso sobre el desarrollo [&hellip;]<\/p>\n","protected":false},"author":1,"featured_media":13923,"comment_status":"closed","ping_status":"open","sticky":false,"template":"","format":"standard","meta":{"_acf_changed":false,"site-sidebar-layout":"default","site-content-layout":"","ast-site-content-layout":"default","site-content-style":"default","site-sidebar-style":"default","ast-global-header-display":"","ast-banner-title-visibility":"","ast-main-header-display":"","ast-hfb-above-header-display":"","ast-hfb-below-header-display":"","ast-hfb-mobile-header-display":"","site-post-title":"","ast-breadcrumbs-content":"","ast-featured-img":"","footer-sml-layout":"","ast-disable-related-posts":"","theme-transparent-header-meta":"","adv-header-id-meta":"","stick-header-meta":"","header-above-stick-meta":"","header-main-stick-meta":"","header-below-stick-meta":"","astra-migrate-meta-layouts":"default","ast-page-background-enabled":"default","ast-page-background-meta":{"desktop":{"background-color":"var(--ast-global-color-5)","background-image":"","background-repeat":"repeat","background-position":"center center","background-size":"auto","background-attachment":"scroll","background-type":"","background-media":"","overlay-type":"","overlay-color":"","overlay-opacity":"","overlay-gradient":""},"tablet":{"background-color":"","background-image":"","background-repeat":"repeat","background-position":"center center","background-size":"auto","background-attachment":"scroll","background-type":"","background-media":"","overlay-type":"","overlay-color":"","overlay-opacity":"","overlay-gradient":""},"mobile":{"background-color":"","background-image":"","background-repeat":"repeat","background-position":"center center","background-size":"auto","background-attachment":"scroll","background-type":"","background-media":"","overlay-type":"","overlay-color":"","overlay-opacity":"","overlay-gradient":""}},"ast-content-background-meta":{"desktop":{"background-color":"var(--ast-global-color-4)","background-image":"","background-repeat":"repeat","background-position":"center center","background-size":"auto","background-attachment":"scroll","background-type":"","background-media":"","overlay-type":"","overlay-color":"","overlay-opacity":"","overlay-gradient":""},"tablet":{"background-color":"var(--ast-global-color-4)","background-image":"","background-repeat":"repeat","background-position":"center center","background-size":"auto","background-attachment":"scroll","background-type":"","background-media":"","overlay-type":"","overlay-color":"","overlay-opacity":"","overlay-gradient":""},"mobile":{"background-color":"var(--ast-global-color-4)","background-image":"","background-repeat":"repeat","background-position":"center center","background-size":"auto","background-attachment":"scroll","background-type":"","background-media":"","overlay-type":"","overlay-color":"","overlay-opacity":"","overlay-gradient":""}},"footnotes":""},"categories":[208],"tags":[55],"class_list":["post-13921","post","type-post","status-publish","format-standard","has-post-thumbnail","hentry","category-noticias","tag-caral"],"acf":[],"yoast_head":"<!-- This site is optimized with the Yoast SEO plugin v27.3 - https:\/\/yoast.com\/product\/yoast-seo-wordpress\/ -->\n<title>Caral: antiguos pobladores vivieron en armon\u00eda con la naturaleza<\/title>\n<meta name=\"description\" content=\"La doctora Ruth Shady, directora de la Zona Arqueol\u00f3gico Caral, UE 003 del Ministerio de Cultura, expuso sobre el desarrollo de la Civilizaci\u00f3n Caral ante los integrantes de la organizaci\u00f3n Tawantinsuyo Kamachiq Rimaq MarKa, en la Casona de la Universidad Nacional Mayor de San Marcos, en el Centro de Lima.\" \/>\n<meta name=\"robots\" content=\"index, follow, max-snippet:-1, max-image-preview:large, max-video-preview:-1\" \/>\n<link rel=\"canonical\" href=\"https:\/\/zonacaral.gob.pe\/es\/noticias\/caral-antiguos-pobladores-vivieron-en-armonia-con-la-naturaleza\/\" \/>\n<meta property=\"og:locale\" content=\"es_ES\" \/>\n<meta property=\"og:type\" content=\"article\" \/>\n<meta property=\"og:title\" content=\"Caral: antiguos pobladores vivieron en armon\u00eda con la naturaleza\" \/>\n<meta property=\"og:description\" content=\"La doctora Ruth Shady, directora de la Zona Arqueol\u00f3gico Caral, UE 003 del Ministerio de Cultura, expuso sobre el desarrollo de la Civilizaci\u00f3n Caral ante los integrantes de la organizaci\u00f3n Tawantinsuyo Kamachiq Rimaq MarKa, en la Casona de la Universidad Nacional Mayor de San Marcos, en el Centro de Lima.\" \/>\n<meta property=\"og:url\" content=\"https:\/\/zonacaral.gob.pe\/es\/noticias\/caral-antiguos-pobladores-vivieron-en-armonia-con-la-naturaleza\/\" \/>\n<meta property=\"og:site_name\" content=\"Zona Caral\" \/>\n<meta property=\"article:published_time\" content=\"2019-01-21T22:56:19+00:00\" \/>\n<meta property=\"og:image\" content=\"https:\/\/zonacaral.gob.pe\/wp-content\/uploads\/2019\/01\/doctora-incas.jpg\" \/>\n\t<meta property=\"og:image:width\" content=\"810\" \/>\n\t<meta property=\"og:image:height\" content=\"410\" \/>\n\t<meta property=\"og:image:type\" content=\"image\/jpeg\" \/>\n<meta name=\"author\" content=\"Zona Caral Administrador\" \/>\n<meta name=\"twitter:card\" content=\"summary_large_image\" \/>\n<meta name=\"twitter:label1\" content=\"Written by\" \/>\n\t<meta name=\"twitter:data1\" content=\"Zona Caral Administrador\" \/>\n\t<meta name=\"twitter:label2\" content=\"Est. reading time\" \/>\n\t<meta name=\"twitter:data2\" content=\"2 minutos\" \/>\n<script type=\"application\/ld+json\" class=\"yoast-schema-graph\">{\"@context\":\"https:\\\/\\\/schema.org\",\"@graph\":[{\"@type\":\"Article\",\"@id\":\"https:\\\/\\\/zonacaral.gob.pe\\\/en\\\/noticias\\\/caral-antiguos-pobladores-vivieron-en-armonia-con-la-naturaleza\\\/#article\",\"isPartOf\":{\"@id\":\"https:\\\/\\\/zonacaral.gob.pe\\\/en\\\/noticias\\\/caral-antiguos-pobladores-vivieron-en-armonia-con-la-naturaleza\\\/\"},\"author\":{\"name\":\"Zona Caral Administrador\",\"@id\":\"https:\\\/\\\/zonacaral.gob.pe\\\/es\\\/#\\\/schema\\\/person\\\/beddb4d22f71a7230c5b90913270a0ee\"},\"headline\":\"Caral: antiguos pobladores vivieron en armon\u00eda con la naturaleza\",\"datePublished\":\"2019-01-21T22:56:19+00:00\",\"mainEntityOfPage\":{\"@id\":\"https:\\\/\\\/zonacaral.gob.pe\\\/en\\\/noticias\\\/caral-antiguos-pobladores-vivieron-en-armonia-con-la-naturaleza\\\/\"},\"wordCount\":317,\"image\":{\"@id\":\"https:\\\/\\\/zonacaral.gob.pe\\\/en\\\/noticias\\\/caral-antiguos-pobladores-vivieron-en-armonia-con-la-naturaleza\\\/#primaryimage\"},\"thumbnailUrl\":\"https:\\\/\\\/zonacaral.gob.pe\\\/wp-content\\\/uploads\\\/2019\\\/01\\\/doctora-incas.jpg\",\"keywords\":[\"caral\"],\"articleSection\":[\"noticias\"],\"inLanguage\":\"es-PE\"},{\"@type\":\"WebPage\",\"@id\":\"https:\\\/\\\/zonacaral.gob.pe\\\/en\\\/noticias\\\/caral-antiguos-pobladores-vivieron-en-armonia-con-la-naturaleza\\\/\",\"url\":\"https:\\\/\\\/zonacaral.gob.pe\\\/en\\\/noticias\\\/caral-antiguos-pobladores-vivieron-en-armonia-con-la-naturaleza\\\/\",\"name\":\"Caral: antiguos pobladores vivieron en armon\u00eda con la naturaleza\",\"isPartOf\":{\"@id\":\"https:\\\/\\\/zonacaral.gob.pe\\\/es\\\/#website\"},\"primaryImageOfPage\":{\"@id\":\"https:\\\/\\\/zonacaral.gob.pe\\\/en\\\/noticias\\\/caral-antiguos-pobladores-vivieron-en-armonia-con-la-naturaleza\\\/#primaryimage\"},\"image\":{\"@id\":\"https:\\\/\\\/zonacaral.gob.pe\\\/en\\\/noticias\\\/caral-antiguos-pobladores-vivieron-en-armonia-con-la-naturaleza\\\/#primaryimage\"},\"thumbnailUrl\":\"https:\\\/\\\/zonacaral.gob.pe\\\/wp-content\\\/uploads\\\/2019\\\/01\\\/doctora-incas.jpg\",\"datePublished\":\"2019-01-21T22:56:19+00:00\",\"author\":{\"@id\":\"https:\\\/\\\/zonacaral.gob.pe\\\/es\\\/#\\\/schema\\\/person\\\/beddb4d22f71a7230c5b90913270a0ee\"},\"description\":\"La doctora Ruth Shady, directora de la Zona Arqueol\u00f3gico Caral, UE 003 del Ministerio de Cultura, expuso sobre el desarrollo de la Civilizaci\u00f3n Caral ante los integrantes de la organizaci\u00f3n Tawantinsuyo Kamachiq Rimaq MarKa, en la Casona de la Universidad Nacional Mayor de San Marcos, en el Centro de Lima.\",\"breadcrumb\":{\"@id\":\"https:\\\/\\\/zonacaral.gob.pe\\\/en\\\/noticias\\\/caral-antiguos-pobladores-vivieron-en-armonia-con-la-naturaleza\\\/#breadcrumb\"},\"inLanguage\":\"es-PE\",\"potentialAction\":[{\"@type\":\"ReadAction\",\"target\":[\"https:\\\/\\\/zonacaral.gob.pe\\\/en\\\/noticias\\\/caral-antiguos-pobladores-vivieron-en-armonia-con-la-naturaleza\\\/\"]}]},{\"@type\":\"ImageObject\",\"inLanguage\":\"es-PE\",\"@id\":\"https:\\\/\\\/zonacaral.gob.pe\\\/en\\\/noticias\\\/caral-antiguos-pobladores-vivieron-en-armonia-con-la-naturaleza\\\/#primaryimage\",\"url\":\"https:\\\/\\\/zonacaral.gob.pe\\\/wp-content\\\/uploads\\\/2019\\\/01\\\/doctora-incas.jpg\",\"contentUrl\":\"https:\\\/\\\/zonacaral.gob.pe\\\/wp-content\\\/uploads\\\/2019\\\/01\\\/doctora-incas.jpg\",\"width\":810,\"height\":410},{\"@type\":\"BreadcrumbList\",\"@id\":\"https:\\\/\\\/zonacaral.gob.pe\\\/en\\\/noticias\\\/caral-antiguos-pobladores-vivieron-en-armonia-con-la-naturaleza\\\/#breadcrumb\",\"itemListElement\":[{\"@type\":\"ListItem\",\"position\":1,\"name\":\"Portada\",\"item\":\"https:\\\/\\\/zonacaral.gob.pe\\\/\"},{\"@type\":\"ListItem\",\"position\":2,\"name\":\"Caral: antiguos pobladores vivieron en armon\u00eda con la naturaleza\"}]},{\"@type\":\"WebSite\",\"@id\":\"https:\\\/\\\/zonacaral.gob.pe\\\/es\\\/#website\",\"url\":\"https:\\\/\\\/zonacaral.gob.pe\\\/es\\\/\",\"name\":\"Zona Caral\",\"description\":\"Investigamos, conservamos y difundimos el patrimonio cultural de la Civilizaci\u00f3n Caral, la m\u00e1s antigua de Am\u00e9rica.\",\"potentialAction\":[{\"@type\":\"SearchAction\",\"target\":{\"@type\":\"EntryPoint\",\"urlTemplate\":\"https:\\\/\\\/zonacaral.gob.pe\\\/es\\\/?s={search_term_string}\"},\"query-input\":{\"@type\":\"PropertyValueSpecification\",\"valueRequired\":true,\"valueName\":\"search_term_string\"}}],\"inLanguage\":\"es-PE\"},{\"@type\":\"Person\",\"@id\":\"https:\\\/\\\/zonacaral.gob.pe\\\/es\\\/#\\\/schema\\\/person\\\/beddb4d22f71a7230c5b90913270a0ee\",\"name\":\"Zona Caral Administrador\",\"image\":{\"@type\":\"ImageObject\",\"inLanguage\":\"es-PE\",\"@id\":\"https:\\\/\\\/secure.gravatar.com\\\/avatar\\\/e4be162918a696358376de6446614e0f0f4062bdc5d170d6d540ada3d8b58c12?s=96&d=mm&r=g\",\"url\":\"https:\\\/\\\/secure.gravatar.com\\\/avatar\\\/e4be162918a696358376de6446614e0f0f4062bdc5d170d6d540ada3d8b58c12?s=96&d=mm&r=g\",\"contentUrl\":\"https:\\\/\\\/secure.gravatar.com\\\/avatar\\\/e4be162918a696358376de6446614e0f0f4062bdc5d170d6d540ada3d8b58c12?s=96&d=mm&r=g\",\"caption\":\"Zona Caral Administrador\"},\"sameAs\":[\"https:\\\/\\\/zonacaral.gob.pe\"],\"url\":\"https:\\\/\\\/zonacaral.gob.pe\\\/es\\\/noticias\\\/author\\\/ad_zonacaral\\\/\"}]}<\/script>\n<!-- \/ Yoast SEO plugin. -->","yoast_head_json":{"title":"Caral: antiguos pobladores vivieron en armon\u00eda con la naturaleza","description":"La doctora Ruth Shady, directora de la Zona Arqueol\u00f3gico Caral, UE 003 del Ministerio de Cultura, expuso sobre el desarrollo de la Civilizaci\u00f3n Caral ante los integrantes de la organizaci\u00f3n Tawantinsuyo Kamachiq Rimaq MarKa, en la Casona de la Universidad Nacional Mayor de San Marcos, en el Centro de Lima.","robots":{"index":"index","follow":"follow","max-snippet":"max-snippet:-1","max-image-preview":"max-image-preview:large","max-video-preview":"max-video-preview:-1"},"canonical":"https:\/\/zonacaral.gob.pe\/es\/noticias\/caral-antiguos-pobladores-vivieron-en-armonia-con-la-naturaleza\/","og_locale":"es_ES","og_type":"article","og_title":"Caral: antiguos pobladores vivieron en armon\u00eda con la naturaleza","og_description":"La doctora Ruth Shady, directora de la Zona Arqueol\u00f3gico Caral, UE 003 del Ministerio de Cultura, expuso sobre el desarrollo de la Civilizaci\u00f3n Caral ante los integrantes de la organizaci\u00f3n Tawantinsuyo Kamachiq Rimaq MarKa, en la Casona de la Universidad Nacional Mayor de San Marcos, en el Centro de Lima.","og_url":"https:\/\/zonacaral.gob.pe\/es\/noticias\/caral-antiguos-pobladores-vivieron-en-armonia-con-la-naturaleza\/","og_site_name":"Zona Caral","article_published_time":"2019-01-21T22:56:19+00:00","og_image":[{"width":810,"height":410,"url":"https:\/\/zonacaral.gob.pe\/wp-content\/uploads\/2019\/01\/doctora-incas.jpg","type":"image\/jpeg"}],"author":"Zona Caral Administrador","twitter_card":"summary_large_image","twitter_misc":{"Written by":"Zona Caral Administrador","Est. reading time":"2 minutos"},"schema":{"@context":"https:\/\/schema.org","@graph":[{"@type":"Article","@id":"https:\/\/zonacaral.gob.pe\/en\/noticias\/caral-antiguos-pobladores-vivieron-en-armonia-con-la-naturaleza\/#article","isPartOf":{"@id":"https:\/\/zonacaral.gob.pe\/en\/noticias\/caral-antiguos-pobladores-vivieron-en-armonia-con-la-naturaleza\/"},"author":{"name":"Zona Caral Administrador","@id":"https:\/\/zonacaral.gob.pe\/es\/#\/schema\/person\/beddb4d22f71a7230c5b90913270a0ee"},"headline":"Caral: antiguos pobladores vivieron en armon\u00eda con la naturaleza","datePublished":"2019-01-21T22:56:19+00:00","mainEntityOfPage":{"@id":"https:\/\/zonacaral.gob.pe\/en\/noticias\/caral-antiguos-pobladores-vivieron-en-armonia-con-la-naturaleza\/"},"wordCount":317,"image":{"@id":"https:\/\/zonacaral.gob.pe\/en\/noticias\/caral-antiguos-pobladores-vivieron-en-armonia-con-la-naturaleza\/#primaryimage"},"thumbnailUrl":"https:\/\/zonacaral.gob.pe\/wp-content\/uploads\/2019\/01\/doctora-incas.jpg","keywords":["caral"],"articleSection":["noticias"],"inLanguage":"es-PE"},{"@type":"WebPage","@id":"https:\/\/zonacaral.gob.pe\/en\/noticias\/caral-antiguos-pobladores-vivieron-en-armonia-con-la-naturaleza\/","url":"https:\/\/zonacaral.gob.pe\/en\/noticias\/caral-antiguos-pobladores-vivieron-en-armonia-con-la-naturaleza\/","name":"Caral: antiguos pobladores vivieron en armon\u00eda con la naturaleza","isPartOf":{"@id":"https:\/\/zonacaral.gob.pe\/es\/#website"},"primaryImageOfPage":{"@id":"https:\/\/zonacaral.gob.pe\/en\/noticias\/caral-antiguos-pobladores-vivieron-en-armonia-con-la-naturaleza\/#primaryimage"},"image":{"@id":"https:\/\/zonacaral.gob.pe\/en\/noticias\/caral-antiguos-pobladores-vivieron-en-armonia-con-la-naturaleza\/#primaryimage"},"thumbnailUrl":"https:\/\/zonacaral.gob.pe\/wp-content\/uploads\/2019\/01\/doctora-incas.jpg","datePublished":"2019-01-21T22:56:19+00:00","author":{"@id":"https:\/\/zonacaral.gob.pe\/es\/#\/schema\/person\/beddb4d22f71a7230c5b90913270a0ee"},"description":"La doctora Ruth Shady, directora de la Zona Arqueol\u00f3gico Caral, UE 003 del Ministerio de Cultura, expuso sobre el desarrollo de la Civilizaci\u00f3n Caral ante los integrantes de la organizaci\u00f3n Tawantinsuyo Kamachiq Rimaq MarKa, en la Casona de la Universidad Nacional Mayor de San Marcos, en el Centro de Lima.","breadcrumb":{"@id":"https:\/\/zonacaral.gob.pe\/en\/noticias\/caral-antiguos-pobladores-vivieron-en-armonia-con-la-naturaleza\/#breadcrumb"},"inLanguage":"es-PE","potentialAction":[{"@type":"ReadAction","target":["https:\/\/zonacaral.gob.pe\/en\/noticias\/caral-antiguos-pobladores-vivieron-en-armonia-con-la-naturaleza\/"]}]},{"@type":"ImageObject","inLanguage":"es-PE","@id":"https:\/\/zonacaral.gob.pe\/en\/noticias\/caral-antiguos-pobladores-vivieron-en-armonia-con-la-naturaleza\/#primaryimage","url":"https:\/\/zonacaral.gob.pe\/wp-content\/uploads\/2019\/01\/doctora-incas.jpg","contentUrl":"https:\/\/zonacaral.gob.pe\/wp-content\/uploads\/2019\/01\/doctora-incas.jpg","width":810,"height":410},{"@type":"BreadcrumbList","@id":"https:\/\/zonacaral.gob.pe\/en\/noticias\/caral-antiguos-pobladores-vivieron-en-armonia-con-la-naturaleza\/#breadcrumb","itemListElement":[{"@type":"ListItem","position":1,"name":"Portada","item":"https:\/\/zonacaral.gob.pe\/"},{"@type":"ListItem","position":2,"name":"Caral: antiguos pobladores vivieron en armon\u00eda con la naturaleza"}]},{"@type":"WebSite","@id":"https:\/\/zonacaral.gob.pe\/es\/#website","url":"https:\/\/zonacaral.gob.pe\/es\/","name":"Zona Caral","description":"Investigamos, conservamos y difundimos el patrimonio cultural de la Civilizaci\u00f3n Caral, la m\u00e1s antigua de Am\u00e9rica.","potentialAction":[{"@type":"SearchAction","target":{"@type":"EntryPoint","urlTemplate":"https:\/\/zonacaral.gob.pe\/es\/?s={search_term_string}"},"query-input":{"@type":"PropertyValueSpecification","valueRequired":true,"valueName":"search_term_string"}}],"inLanguage":"es-PE"},{"@type":"Person","@id":"https:\/\/zonacaral.gob.pe\/es\/#\/schema\/person\/beddb4d22f71a7230c5b90913270a0ee","name":"Zona Caral Administrador","image":{"@type":"ImageObject","inLanguage":"es-PE","@id":"https:\/\/secure.gravatar.com\/avatar\/e4be162918a696358376de6446614e0f0f4062bdc5d170d6d540ada3d8b58c12?s=96&d=mm&r=g","url":"https:\/\/secure.gravatar.com\/avatar\/e4be162918a696358376de6446614e0f0f4062bdc5d170d6d540ada3d8b58c12?s=96&d=mm&r=g","contentUrl":"https:\/\/secure.gravatar.com\/avatar\/e4be162918a696358376de6446614e0f0f4062bdc5d170d6d540ada3d8b58c12?s=96&d=mm&r=g","caption":"Zona Caral Administrador"},"sameAs":["https:\/\/zonacaral.gob.pe"],"url":"https:\/\/zonacaral.gob.pe\/es\/noticias\/author\/ad_zonacaral\/"}]}},"_links":{"self":[{"href":"https:\/\/zonacaral.gob.pe\/es\/wp-json\/wp\/v2\/posts\/13921","targetHints":{"allow":["GET"]}}],"collection":[{"href":"https:\/\/zonacaral.gob.pe\/es\/wp-json\/wp\/v2\/posts"}],"about":[{"href":"https:\/\/zonacaral.gob.pe\/es\/wp-json\/wp\/v2\/types\/post"}],"author":[{"embeddable":true,"href":"https:\/\/zonacaral.gob.pe\/es\/wp-json\/wp\/v2\/users\/1"}],"replies":[{"embeddable":true,"href":"https:\/\/zonacaral.gob.pe\/es\/wp-json\/wp\/v2\/comments?post=13921"}],"version-history":[{"count":0,"href":"https:\/\/zonacaral.gob.pe\/es\/wp-json\/wp\/v2\/posts\/13921\/revisions"}],"wp:featuredmedia":[{"embeddable":true,"href":"https:\/\/zonacaral.gob.pe\/es\/wp-json\/wp\/v2\/media\/13923"}],"wp:attachment":[{"href":"https:\/\/zonacaral.gob.pe\/es\/wp-json\/wp\/v2\/media?parent=13921"}],"wp:term":[{"taxonomy":"category","embeddable":true,"href":"https:\/\/zonacaral.gob.pe\/es\/wp-json\/wp\/v2\/categories?post=13921"},{"taxonomy":"post_tag","embeddable":true,"href":"https:\/\/zonacaral.gob.pe\/es\/wp-json\/wp\/v2\/tags?post=13921"}],"curies":[{"name":"wp","href":"https:\/\/api.w.org\/{rel}","templated":true}]}}