{"id":13967,"date":"2019-02-07T10:11:12","date_gmt":"2019-02-07T15:11:12","guid":{"rendered":"http:\/\/www.zonacaral.gob.pe\/?p=13967"},"modified":"2019-02-07T10:11:12","modified_gmt":"2019-02-07T15:11:12","slug":"ruth-shady-queremos-generar-un-polo-de-desarrollo-en-el-area-norcentral-del-pais","status":"publish","type":"post","link":"https:\/\/zonacaral.gob.pe\/es\/noticias\/ruth-shady-queremos-generar-un-polo-de-desarrollo-en-el-area-norcentral-del-pais\/","title":{"rendered":"Ruth Shady: queremos generar un polo de desarrollo en el \u00e1rea norcentral del pa\u00eds"},"content":{"rendered":"<figure class=\"pic-autor\" style=\"color: #4d4d4d; text-align: justify;\"><\/figure>\n<blockquote><p>A trav\u00e9s de mayor difusi\u00f3n y visitas a los sitios arqueol\u00f3gicos que conformaron la Civilizaci\u00f3n Caral, la m\u00e1s antigua de Am\u00e9rica (3000 \u2013 1900 a.C.).<\/p><\/blockquote>\n<p>La doctora Ruth Shady Sol\u00eds, directora de la Zona Arqueol\u00f3gica Caral, Unidad Ejecutora 003 del Ministerio de Cultura, y la directora de Promoci\u00f3n del Turismo de Promper\u00fa, Mar\u00eda Soledad Acosta Torrelly, encabezaron el Seminario Tur\u00edstico: \u201cLa Civilizaci\u00f3n Caral y el Turismo Responsable para Promover el Desarrollo Social\u201d, realizada ayer en el auditorio de esta \u00faltima instituci\u00f3n, ubicada en San Isidro.<\/p>\n<p>En dicha actividad, Shady Sol\u00eds sostuvo que, hace 25 a\u00f1os, cuando empez\u00f3 a investigar en la Ciudad Sagrada de Caral, en el valle de Supe, encontr\u00f3 diversas deficiencias. \u201cCuando llegamos, hace 25 a\u00f1os, encontramos un valle sin carretera adecuada, sin agua y desag\u00fce y una serie de inconvenientes\u201d, dijo.<\/p>\n<p>En ese sentido, coment\u00f3 que, tras diversos acuerdos con los grupos sociales, empresas privadas, instituciones y ministerios del Estado, gobiernos locales y el gobierno regional de Lima, se ha logrado la puesta en valor y apertura al turismo, de la<a href=\"http:\/\/www.zonacaral.gob.pe\/caralperu\/civilizacion\/ciudadsagradadecaral.html\"> Ciudad Sagrada de Caral<\/a>; de <a href=\"http:\/\/www.zonacaral.gob.pe\/caralperu\/civilizacion\/aspero.html\">\u00c1spero, Ciudad Pesquera de Caral<\/a>; y de <a href=\"http:\/\/www.zonacaral.gob.pe\/caralperu\/civilizacion\/vichama1.html\">Vichama, Ciudad Agropesquera de V\u00e9gueta<\/a>.<\/p>\n<p>Asimismo, inform\u00f3 que tambi\u00e9n trabaja en la investigaci\u00f3n de otros 9 sitios arqueol\u00f3gicos que conformaron la civilizaci\u00f3n Caral, con el objetivo de recuperar su historia, y abrir sus puertas al p\u00fablico nacional e internacional, lo que generar\u00e1 el desarrollo de las poblaciones locales, quienes se beneficiar\u00e1n con el turismo.<\/p>\n<p>Al respecto, la doctora Ruth Shady sostuvo que todos esos esfuerzos tienen el objetivo de generar un \u201cpolo de desarrollo en el \u00e1rea norcentral del pa\u00eds\u201d, para el beneficio de las provincias y distritos de la Regi\u00f3n Lima, y de todos los peruanos.<\/p>\n<p>Finalmente, agradeci\u00f3 que Promper\u00fa haya abierto sus puertas para apoyar la difusi\u00f3n de los viajes o visitas al norte chico, pues eso permitir\u00e1 que m\u00e1s personas conozcan sobre nuestra riqueza cultural, gastron\u00f3mica, naturaleza y m\u00e1s.<\/p>\n<p>Por su parte, la directora de Turismo de Promper\u00fa, Mar\u00eda Soledad Acosta, resalt\u00f3 la importancia de los trabajos de investigaci\u00f3n y de los hallazgos que se hicieron entorno a la civilizaci\u00f3n Caral, y que es importante generar mayores visitas a los sitios arqueol\u00f3gicos, para conocer sobre nuestra cultura y apoyar al desarrollo de las personas que se encuentran alrededor de esas \u00e1reas.<\/p>\n<p>A este seminario asistieron diversas personas involucradas con el sector turismo, como empresas de viajes, revistas y blogs de turismo, estudiantes de turismo y arqueolog\u00eda, y p\u00fablico en general, quienes participaron con sus preguntas y se mostraron muy interesados con el trabajo de la doctora Shady Sol\u00eds.<\/p>\n<p><strong>DATOS<\/strong><\/p>\n<p>Si deseas conocer la civilizaci\u00f3n Caral, comun\u00edcate al: 2052-517 \/ 955881340 o en la web: zonacaral.gob.pe\/viajes-educativos\/inscripciones. Tambi\u00e9n puedes escribirnos a: <a href=\"\/viajeseducativos@zonacaral.gob.pe\">viajeseducativos@zonacaral.gob.pe<\/a>.<\/p>\n<p>Puedes comprar alguna publicaci\u00f3n o recuerdo en:<br \/>\n<a href=\"https:\/\/tienda.zonacaral.gob.pe\/\">https:\/\/tienda.zonacaral.gob.pe\/<\/a><br \/>\nMira la exposici\u00f3n aqu\u00ed:<\/p>\n<p><iframe src=\"https:\/\/www.facebook.com\/plugins\/video.php?href=https%3A%2F%2Fwww.facebook.com%2Fpromperu%2Fvideos%2F448821218990765%2F&#038;show_text=0&#038;width=560\" width=\"560\" height=\"400\" style=\"border:none;overflow:hidden\" scrolling=\"no\" frameborder=\"0\" allowTransparency=\"true\" allowFullScreen=\"true\"><\/iframe><\/p>\n<p style=\"text-align: justify;\"><span style=\"color: #993300;\"><strong>Fuente<\/strong><strong>: Prensa ZAC<\/strong><\/span><\/p>\n<div style=\"color: #1f1f1f;\">\n<p style=\"text-align: justify;\">Fecha de publicaci\u00f3n: 07\/02\/2019<\/p>\n<\/div>\n","protected":false},"excerpt":{"rendered":"<p>A trav\u00e9s de mayor difusi\u00f3n y visitas a los sitios arqueol\u00f3gicos que conformaron la Civilizaci\u00f3n Caral, la m\u00e1s antigua de [&hellip;]<\/p>\n","protected":false},"author":1,"featured_media":13968,"comment_status":"closed","ping_status":"open","sticky":false,"template":"","format":"standard","meta":{"_acf_changed":false,"site-sidebar-layout":"default","site-content-layout":"","ast-site-content-layout":"default","site-content-style":"default","site-sidebar-style":"default","ast-global-header-display":"","ast-banner-title-visibility":"","ast-main-header-display":"","ast-hfb-above-header-display":"","ast-hfb-below-header-display":"","ast-hfb-mobile-header-display":"","site-post-title":"","ast-breadcrumbs-content":"","ast-featured-img":"","footer-sml-layout":"","ast-disable-related-posts":"","theme-transparent-header-meta":"","adv-header-id-meta":"","stick-header-meta":"","header-above-stick-meta":"","header-main-stick-meta":"","header-below-stick-meta":"","astra-migrate-meta-layouts":"default","ast-page-background-enabled":"default","ast-page-background-meta":{"desktop":{"background-color":"var(--ast-global-color-5)","background-image":"","background-repeat":"repeat","background-position":"center center","background-size":"auto","background-attachment":"scroll","background-type":"","background-media":"","overlay-type":"","overlay-color":"","overlay-opacity":"","overlay-gradient":""},"tablet":{"background-color":"","background-image":"","background-repeat":"repeat","background-position":"center center","background-size":"auto","background-attachment":"scroll","background-type":"","background-media":"","overlay-type":"","overlay-color":"","overlay-opacity":"","overlay-gradient":""},"mobile":{"background-color":"","background-image":"","background-repeat":"repeat","background-position":"center center","background-size":"auto","background-attachment":"scroll","background-type":"","background-media":"","overlay-type":"","overlay-color":"","overlay-opacity":"","overlay-gradient":""}},"ast-content-background-meta":{"desktop":{"background-color":"var(--ast-global-color-4)","background-image":"","background-repeat":"repeat","background-position":"center center","background-size":"auto","background-attachment":"scroll","background-type":"","background-media":"","overlay-type":"","overlay-color":"","overlay-opacity":"","overlay-gradient":""},"tablet":{"background-color":"var(--ast-global-color-4)","background-image":"","background-repeat":"repeat","background-position":"center center","background-size":"auto","background-attachment":"scroll","background-type":"","background-media":"","overlay-type":"","overlay-color":"","overlay-opacity":"","overlay-gradient":""},"mobile":{"background-color":"var(--ast-global-color-4)","background-image":"","background-repeat":"repeat","background-position":"center center","background-size":"auto","background-attachment":"scroll","background-type":"","background-media":"","overlay-type":"","overlay-color":"","overlay-opacity":"","overlay-gradient":""}},"footnotes":""},"categories":[208],"tags":[55,82],"class_list":["post-13967","post","type-post","status-publish","format-standard","has-post-thumbnail","hentry","category-noticias","tag-caral","tag-ruth-shady"],"acf":[],"yoast_head":"<!-- This site is optimized with the Yoast SEO plugin v27.3 - https:\/\/yoast.com\/product\/yoast-seo-wordpress\/ -->\n<title>Ruth Shady: queremos generar un polo de desarrollo en el \u00e1rea norcentral del pa\u00eds<\/title>\n<meta name=\"description\" content=\"A trav\u00e9s de mayor difusi\u00f3n y visitas a los sitios arqueol\u00f3gicos que conformaron la Civilizaci\u00f3n Caral, la m\u00e1s antigua de Am\u00e9rica (3000 \u2013 1900 a.C.).\" \/>\n<meta name=\"robots\" content=\"index, follow, max-snippet:-1, max-image-preview:large, max-video-preview:-1\" \/>\n<link rel=\"canonical\" href=\"https:\/\/zonacaral.gob.pe\/es\/noticias\/ruth-shady-queremos-generar-un-polo-de-desarrollo-en-el-area-norcentral-del-pais\/\" \/>\n<meta property=\"og:locale\" content=\"es_ES\" \/>\n<meta property=\"og:type\" content=\"article\" \/>\n<meta property=\"og:title\" content=\"Ruth Shady: queremos generar un polo de desarrollo en el \u00e1rea norcentral del pa\u00eds\" \/>\n<meta property=\"og:description\" content=\"A trav\u00e9s de mayor difusi\u00f3n y visitas a los sitios arqueol\u00f3gicos que conformaron la Civilizaci\u00f3n Caral, la m\u00e1s antigua de Am\u00e9rica (3000 \u2013 1900 a.C.).\" \/>\n<meta property=\"og:url\" content=\"https:\/\/zonacaral.gob.pe\/es\/noticias\/ruth-shady-queremos-generar-un-polo-de-desarrollo-en-el-area-norcentral-del-pais\/\" \/>\n<meta property=\"og:site_name\" content=\"Zona Caral\" \/>\n<meta property=\"article:published_time\" content=\"2019-02-07T15:11:12+00:00\" \/>\n<meta property=\"og:image\" content=\"https:\/\/zonacaral.gob.pe\/wp-content\/uploads\/2019\/02\/doctora-promperu-1.png\" \/>\n\t<meta property=\"og:image:width\" content=\"810\" \/>\n\t<meta property=\"og:image:height\" content=\"410\" \/>\n\t<meta property=\"og:image:type\" content=\"image\/png\" \/>\n<meta name=\"author\" content=\"Zona Caral Administrador\" \/>\n<meta name=\"twitter:card\" content=\"summary_large_image\" \/>\n<meta name=\"twitter:label1\" content=\"Written by\" \/>\n\t<meta name=\"twitter:data1\" content=\"Zona Caral Administrador\" \/>\n\t<meta name=\"twitter:label2\" content=\"Est. reading time\" \/>\n\t<meta name=\"twitter:data2\" content=\"3 minutos\" \/>\n<script type=\"application\/ld+json\" class=\"yoast-schema-graph\">{\"@context\":\"https:\\\/\\\/schema.org\",\"@graph\":[{\"@type\":\"Article\",\"@id\":\"https:\\\/\\\/zonacaral.gob.pe\\\/es\\\/noticias\\\/ruth-shady-queremos-generar-un-polo-de-desarrollo-en-el-area-norcentral-del-pais\\\/#article\",\"isPartOf\":{\"@id\":\"https:\\\/\\\/zonacaral.gob.pe\\\/es\\\/noticias\\\/ruth-shady-queremos-generar-un-polo-de-desarrollo-en-el-area-norcentral-del-pais\\\/\"},\"author\":{\"name\":\"Zona Caral Administrador\",\"@id\":\"https:\\\/\\\/zonacaral.gob.pe\\\/es\\\/#\\\/schema\\\/person\\\/beddb4d22f71a7230c5b90913270a0ee\"},\"headline\":\"Ruth Shady: queremos generar un polo de desarrollo en el \u00e1rea norcentral del pa\u00eds\",\"datePublished\":\"2019-02-07T15:11:12+00:00\",\"mainEntityOfPage\":{\"@id\":\"https:\\\/\\\/zonacaral.gob.pe\\\/es\\\/noticias\\\/ruth-shady-queremos-generar-un-polo-de-desarrollo-en-el-area-norcentral-del-pais\\\/\"},\"wordCount\":528,\"image\":{\"@id\":\"https:\\\/\\\/zonacaral.gob.pe\\\/es\\\/noticias\\\/ruth-shady-queremos-generar-un-polo-de-desarrollo-en-el-area-norcentral-del-pais\\\/#primaryimage\"},\"thumbnailUrl\":\"https:\\\/\\\/zonacaral.gob.pe\\\/wp-content\\\/uploads\\\/2019\\\/02\\\/doctora-promperu-1.png\",\"keywords\":[\"caral\",\"Ruth Shady\"],\"articleSection\":[\"noticias\"],\"inLanguage\":\"es-PE\"},{\"@type\":\"WebPage\",\"@id\":\"https:\\\/\\\/zonacaral.gob.pe\\\/es\\\/noticias\\\/ruth-shady-queremos-generar-un-polo-de-desarrollo-en-el-area-norcentral-del-pais\\\/\",\"url\":\"https:\\\/\\\/zonacaral.gob.pe\\\/es\\\/noticias\\\/ruth-shady-queremos-generar-un-polo-de-desarrollo-en-el-area-norcentral-del-pais\\\/\",\"name\":\"Ruth Shady: queremos generar un polo de desarrollo en el \u00e1rea norcentral del pa\u00eds\",\"isPartOf\":{\"@id\":\"https:\\\/\\\/zonacaral.gob.pe\\\/es\\\/#website\"},\"primaryImageOfPage\":{\"@id\":\"https:\\\/\\\/zonacaral.gob.pe\\\/es\\\/noticias\\\/ruth-shady-queremos-generar-un-polo-de-desarrollo-en-el-area-norcentral-del-pais\\\/#primaryimage\"},\"image\":{\"@id\":\"https:\\\/\\\/zonacaral.gob.pe\\\/es\\\/noticias\\\/ruth-shady-queremos-generar-un-polo-de-desarrollo-en-el-area-norcentral-del-pais\\\/#primaryimage\"},\"thumbnailUrl\":\"https:\\\/\\\/zonacaral.gob.pe\\\/wp-content\\\/uploads\\\/2019\\\/02\\\/doctora-promperu-1.png\",\"datePublished\":\"2019-02-07T15:11:12+00:00\",\"author\":{\"@id\":\"https:\\\/\\\/zonacaral.gob.pe\\\/es\\\/#\\\/schema\\\/person\\\/beddb4d22f71a7230c5b90913270a0ee\"},\"description\":\"A trav\u00e9s de mayor difusi\u00f3n y visitas a los sitios arqueol\u00f3gicos que conformaron la Civilizaci\u00f3n Caral, la m\u00e1s antigua de Am\u00e9rica (3000 \u2013 1900 a.C.).\",\"breadcrumb\":{\"@id\":\"https:\\\/\\\/zonacaral.gob.pe\\\/es\\\/noticias\\\/ruth-shady-queremos-generar-un-polo-de-desarrollo-en-el-area-norcentral-del-pais\\\/#breadcrumb\"},\"inLanguage\":\"es-PE\",\"potentialAction\":[{\"@type\":\"ReadAction\",\"target\":[\"https:\\\/\\\/zonacaral.gob.pe\\\/es\\\/noticias\\\/ruth-shady-queremos-generar-un-polo-de-desarrollo-en-el-area-norcentral-del-pais\\\/\"]}]},{\"@type\":\"ImageObject\",\"inLanguage\":\"es-PE\",\"@id\":\"https:\\\/\\\/zonacaral.gob.pe\\\/es\\\/noticias\\\/ruth-shady-queremos-generar-un-polo-de-desarrollo-en-el-area-norcentral-del-pais\\\/#primaryimage\",\"url\":\"https:\\\/\\\/zonacaral.gob.pe\\\/wp-content\\\/uploads\\\/2019\\\/02\\\/doctora-promperu-1.png\",\"contentUrl\":\"https:\\\/\\\/zonacaral.gob.pe\\\/wp-content\\\/uploads\\\/2019\\\/02\\\/doctora-promperu-1.png\",\"width\":810,\"height\":410},{\"@type\":\"BreadcrumbList\",\"@id\":\"https:\\\/\\\/zonacaral.gob.pe\\\/es\\\/noticias\\\/ruth-shady-queremos-generar-un-polo-de-desarrollo-en-el-area-norcentral-del-pais\\\/#breadcrumb\",\"itemListElement\":[{\"@type\":\"ListItem\",\"position\":1,\"name\":\"Portada\",\"item\":\"https:\\\/\\\/zonacaral.gob.pe\\\/\"},{\"@type\":\"ListItem\",\"position\":2,\"name\":\"Ruth Shady: queremos generar un polo de desarrollo en el \u00e1rea norcentral del pa\u00eds\"}]},{\"@type\":\"WebSite\",\"@id\":\"https:\\\/\\\/zonacaral.gob.pe\\\/es\\\/#website\",\"url\":\"https:\\\/\\\/zonacaral.gob.pe\\\/es\\\/\",\"name\":\"Zona Caral\",\"description\":\"Investigamos, conservamos y difundimos el patrimonio cultural de la Civilizaci\u00f3n Caral, la m\u00e1s antigua de Am\u00e9rica.\",\"potentialAction\":[{\"@type\":\"SearchAction\",\"target\":{\"@type\":\"EntryPoint\",\"urlTemplate\":\"https:\\\/\\\/zonacaral.gob.pe\\\/es\\\/?s={search_term_string}\"},\"query-input\":{\"@type\":\"PropertyValueSpecification\",\"valueRequired\":true,\"valueName\":\"search_term_string\"}}],\"inLanguage\":\"es-PE\"},{\"@type\":\"Person\",\"@id\":\"https:\\\/\\\/zonacaral.gob.pe\\\/es\\\/#\\\/schema\\\/person\\\/beddb4d22f71a7230c5b90913270a0ee\",\"name\":\"Zona Caral Administrador\",\"image\":{\"@type\":\"ImageObject\",\"inLanguage\":\"es-PE\",\"@id\":\"https:\\\/\\\/secure.gravatar.com\\\/avatar\\\/e4be162918a696358376de6446614e0f0f4062bdc5d170d6d540ada3d8b58c12?s=96&d=mm&r=g\",\"url\":\"https:\\\/\\\/secure.gravatar.com\\\/avatar\\\/e4be162918a696358376de6446614e0f0f4062bdc5d170d6d540ada3d8b58c12?s=96&d=mm&r=g\",\"contentUrl\":\"https:\\\/\\\/secure.gravatar.com\\\/avatar\\\/e4be162918a696358376de6446614e0f0f4062bdc5d170d6d540ada3d8b58c12?s=96&d=mm&r=g\",\"caption\":\"Zona Caral Administrador\"},\"sameAs\":[\"https:\\\/\\\/zonacaral.gob.pe\"],\"url\":\"https:\\\/\\\/zonacaral.gob.pe\\\/es\\\/noticias\\\/author\\\/ad_zonacaral\\\/\"}]}<\/script>\n<!-- \/ Yoast SEO plugin. -->","yoast_head_json":{"title":"Ruth Shady: queremos generar un polo de desarrollo en el \u00e1rea norcentral del pa\u00eds","description":"A trav\u00e9s de mayor difusi\u00f3n y visitas a los sitios arqueol\u00f3gicos que conformaron la Civilizaci\u00f3n Caral, la m\u00e1s antigua de Am\u00e9rica (3000 \u2013 1900 a.C.).","robots":{"index":"index","follow":"follow","max-snippet":"max-snippet:-1","max-image-preview":"max-image-preview:large","max-video-preview":"max-video-preview:-1"},"canonical":"https:\/\/zonacaral.gob.pe\/es\/noticias\/ruth-shady-queremos-generar-un-polo-de-desarrollo-en-el-area-norcentral-del-pais\/","og_locale":"es_ES","og_type":"article","og_title":"Ruth Shady: queremos generar un polo de desarrollo en el \u00e1rea norcentral del pa\u00eds","og_description":"A trav\u00e9s de mayor difusi\u00f3n y visitas a los sitios arqueol\u00f3gicos que conformaron la Civilizaci\u00f3n Caral, la m\u00e1s antigua de Am\u00e9rica (3000 \u2013 1900 a.C.).","og_url":"https:\/\/zonacaral.gob.pe\/es\/noticias\/ruth-shady-queremos-generar-un-polo-de-desarrollo-en-el-area-norcentral-del-pais\/","og_site_name":"Zona Caral","article_published_time":"2019-02-07T15:11:12+00:00","og_image":[{"width":810,"height":410,"url":"https:\/\/zonacaral.gob.pe\/wp-content\/uploads\/2019\/02\/doctora-promperu-1.png","type":"image\/png"}],"author":"Zona Caral Administrador","twitter_card":"summary_large_image","twitter_misc":{"Written by":"Zona Caral Administrador","Est. reading time":"3 minutos"},"schema":{"@context":"https:\/\/schema.org","@graph":[{"@type":"Article","@id":"https:\/\/zonacaral.gob.pe\/es\/noticias\/ruth-shady-queremos-generar-un-polo-de-desarrollo-en-el-area-norcentral-del-pais\/#article","isPartOf":{"@id":"https:\/\/zonacaral.gob.pe\/es\/noticias\/ruth-shady-queremos-generar-un-polo-de-desarrollo-en-el-area-norcentral-del-pais\/"},"author":{"name":"Zona Caral Administrador","@id":"https:\/\/zonacaral.gob.pe\/es\/#\/schema\/person\/beddb4d22f71a7230c5b90913270a0ee"},"headline":"Ruth Shady: queremos generar un polo de desarrollo en el \u00e1rea norcentral del pa\u00eds","datePublished":"2019-02-07T15:11:12+00:00","mainEntityOfPage":{"@id":"https:\/\/zonacaral.gob.pe\/es\/noticias\/ruth-shady-queremos-generar-un-polo-de-desarrollo-en-el-area-norcentral-del-pais\/"},"wordCount":528,"image":{"@id":"https:\/\/zonacaral.gob.pe\/es\/noticias\/ruth-shady-queremos-generar-un-polo-de-desarrollo-en-el-area-norcentral-del-pais\/#primaryimage"},"thumbnailUrl":"https:\/\/zonacaral.gob.pe\/wp-content\/uploads\/2019\/02\/doctora-promperu-1.png","keywords":["caral","Ruth Shady"],"articleSection":["noticias"],"inLanguage":"es-PE"},{"@type":"WebPage","@id":"https:\/\/zonacaral.gob.pe\/es\/noticias\/ruth-shady-queremos-generar-un-polo-de-desarrollo-en-el-area-norcentral-del-pais\/","url":"https:\/\/zonacaral.gob.pe\/es\/noticias\/ruth-shady-queremos-generar-un-polo-de-desarrollo-en-el-area-norcentral-del-pais\/","name":"Ruth Shady: queremos generar un polo de desarrollo en el \u00e1rea norcentral del pa\u00eds","isPartOf":{"@id":"https:\/\/zonacaral.gob.pe\/es\/#website"},"primaryImageOfPage":{"@id":"https:\/\/zonacaral.gob.pe\/es\/noticias\/ruth-shady-queremos-generar-un-polo-de-desarrollo-en-el-area-norcentral-del-pais\/#primaryimage"},"image":{"@id":"https:\/\/zonacaral.gob.pe\/es\/noticias\/ruth-shady-queremos-generar-un-polo-de-desarrollo-en-el-area-norcentral-del-pais\/#primaryimage"},"thumbnailUrl":"https:\/\/zonacaral.gob.pe\/wp-content\/uploads\/2019\/02\/doctora-promperu-1.png","datePublished":"2019-02-07T15:11:12+00:00","author":{"@id":"https:\/\/zonacaral.gob.pe\/es\/#\/schema\/person\/beddb4d22f71a7230c5b90913270a0ee"},"description":"A trav\u00e9s de mayor difusi\u00f3n y visitas a los sitios arqueol\u00f3gicos que conformaron la Civilizaci\u00f3n Caral, la m\u00e1s antigua de Am\u00e9rica (3000 \u2013 1900 a.C.).","breadcrumb":{"@id":"https:\/\/zonacaral.gob.pe\/es\/noticias\/ruth-shady-queremos-generar-un-polo-de-desarrollo-en-el-area-norcentral-del-pais\/#breadcrumb"},"inLanguage":"es-PE","potentialAction":[{"@type":"ReadAction","target":["https:\/\/zonacaral.gob.pe\/es\/noticias\/ruth-shady-queremos-generar-un-polo-de-desarrollo-en-el-area-norcentral-del-pais\/"]}]},{"@type":"ImageObject","inLanguage":"es-PE","@id":"https:\/\/zonacaral.gob.pe\/es\/noticias\/ruth-shady-queremos-generar-un-polo-de-desarrollo-en-el-area-norcentral-del-pais\/#primaryimage","url":"https:\/\/zonacaral.gob.pe\/wp-content\/uploads\/2019\/02\/doctora-promperu-1.png","contentUrl":"https:\/\/zonacaral.gob.pe\/wp-content\/uploads\/2019\/02\/doctora-promperu-1.png","width":810,"height":410},{"@type":"BreadcrumbList","@id":"https:\/\/zonacaral.gob.pe\/es\/noticias\/ruth-shady-queremos-generar-un-polo-de-desarrollo-en-el-area-norcentral-del-pais\/#breadcrumb","itemListElement":[{"@type":"ListItem","position":1,"name":"Portada","item":"https:\/\/zonacaral.gob.pe\/"},{"@type":"ListItem","position":2,"name":"Ruth Shady: queremos generar un polo de desarrollo en el \u00e1rea norcentral del pa\u00eds"}]},{"@type":"WebSite","@id":"https:\/\/zonacaral.gob.pe\/es\/#website","url":"https:\/\/zonacaral.gob.pe\/es\/","name":"Zona Caral","description":"Investigamos, conservamos y difundimos el patrimonio cultural de la Civilizaci\u00f3n Caral, la m\u00e1s antigua de Am\u00e9rica.","potentialAction":[{"@type":"SearchAction","target":{"@type":"EntryPoint","urlTemplate":"https:\/\/zonacaral.gob.pe\/es\/?s={search_term_string}"},"query-input":{"@type":"PropertyValueSpecification","valueRequired":true,"valueName":"search_term_string"}}],"inLanguage":"es-PE"},{"@type":"Person","@id":"https:\/\/zonacaral.gob.pe\/es\/#\/schema\/person\/beddb4d22f71a7230c5b90913270a0ee","name":"Zona Caral Administrador","image":{"@type":"ImageObject","inLanguage":"es-PE","@id":"https:\/\/secure.gravatar.com\/avatar\/e4be162918a696358376de6446614e0f0f4062bdc5d170d6d540ada3d8b58c12?s=96&d=mm&r=g","url":"https:\/\/secure.gravatar.com\/avatar\/e4be162918a696358376de6446614e0f0f4062bdc5d170d6d540ada3d8b58c12?s=96&d=mm&r=g","contentUrl":"https:\/\/secure.gravatar.com\/avatar\/e4be162918a696358376de6446614e0f0f4062bdc5d170d6d540ada3d8b58c12?s=96&d=mm&r=g","caption":"Zona Caral Administrador"},"sameAs":["https:\/\/zonacaral.gob.pe"],"url":"https:\/\/zonacaral.gob.pe\/es\/noticias\/author\/ad_zonacaral\/"}]}},"_links":{"self":[{"href":"https:\/\/zonacaral.gob.pe\/es\/wp-json\/wp\/v2\/posts\/13967","targetHints":{"allow":["GET"]}}],"collection":[{"href":"https:\/\/zonacaral.gob.pe\/es\/wp-json\/wp\/v2\/posts"}],"about":[{"href":"https:\/\/zonacaral.gob.pe\/es\/wp-json\/wp\/v2\/types\/post"}],"author":[{"embeddable":true,"href":"https:\/\/zonacaral.gob.pe\/es\/wp-json\/wp\/v2\/users\/1"}],"replies":[{"embeddable":true,"href":"https:\/\/zonacaral.gob.pe\/es\/wp-json\/wp\/v2\/comments?post=13967"}],"version-history":[{"count":0,"href":"https:\/\/zonacaral.gob.pe\/es\/wp-json\/wp\/v2\/posts\/13967\/revisions"}],"wp:featuredmedia":[{"embeddable":true,"href":"https:\/\/zonacaral.gob.pe\/es\/wp-json\/wp\/v2\/media\/13968"}],"wp:attachment":[{"href":"https:\/\/zonacaral.gob.pe\/es\/wp-json\/wp\/v2\/media?parent=13967"}],"wp:term":[{"taxonomy":"category","embeddable":true,"href":"https:\/\/zonacaral.gob.pe\/es\/wp-json\/wp\/v2\/categories?post=13967"},{"taxonomy":"post_tag","embeddable":true,"href":"https:\/\/zonacaral.gob.pe\/es\/wp-json\/wp\/v2\/tags?post=13967"}],"curies":[{"name":"wp","href":"https:\/\/api.w.org\/{rel}","templated":true}]}}