{"id":13976,"date":"2019-02-11T18:34:03","date_gmt":"2019-02-11T23:34:03","guid":{"rendered":"http:\/\/www.zonacaral.gob.pe\/?p=13976"},"modified":"2019-02-11T18:34:03","modified_gmt":"2019-02-11T23:34:03","slug":"ruth-shady-pide-impulsar-el-desarrollo-social-y-el-turismo-en-distritos-de-barranca","status":"publish","type":"post","link":"https:\/\/zonacaral.gob.pe\/es\/noticias\/ruth-shady-pide-impulsar-el-desarrollo-social-y-el-turismo-en-distritos-de-barranca\/","title":{"rendered":"Ruth shady pide impulsar el desarrollo social y el turismo en distritos de Barranca"},"content":{"rendered":"<figure class=\"pic-autor\" style=\"color: #4d4d4d; text-align: justify;\"><\/figure>\n<blockquote><p>Se reuni\u00f3 con autoridades locales con el objetivo de fortalecer las labores de difusi\u00f3n de la cultura y el turismo en Supe y Barranca.<\/p><\/blockquote>\n<p>La Zona Arqueol\u00f3gica Caral (ZAC), Unidad Ejecutora 003 del Ministerio de Cultura, realiz\u00f3 una importante reuni\u00f3n con las autoridades y representantes de las provincias de Lima (del \u00e1rea norcentral), del Gobierno Regional de Lima y del Centro Nacional de Planeamiento Estrat\u00e9gico \u2013 CEPLAN, para evaluar y fortalecer el Plan Maestro creado el 2005, que beneficia a los pobladores de Supe y Barranca.<\/p>\n<p>En la actividad, realizada el \u00faltimo viernes en el Coliseo de la Municipalidad de Barranca, la directora de la ZAC, Ruth Shady Sol\u00eds, sostuvo que existe la necesidad de unir esfuerzos con las autoridades locales, municipios y centros poblados, con el Gobierno Regional de Lima y el Estado Central, para ayudar al desarrollo de sus localidades, y crecimiento cultural y econ\u00f3mico de su poblaci\u00f3n.<\/p>\n<p>\u201cA nosotros, como Zona Arqueol\u00f3gica, s\u00f3lo nos piden preocuparnos por los sitios arqueol\u00f3gicos (\u2026) pero no podemos trabajar si vemos que la poblaci\u00f3n aleda\u00f1a vive en la pobreza. C\u00f3mo presentamos al mundo este importante sitio, el m\u00e1s destacado en Am\u00e9rica, en un contexto de pobreza. Por eso hemos elaborado el Plan Maestro, sin embargo, no se avanz\u00f3 mucho\u201d, sostuvo.<\/p>\n<p>\u201c(La ZAC) est\u00e1 trabajando en 12 sitios arqueol\u00f3gicos para generar un polo de desarrollo, para que los visitantes no solo vengan a Caral y se vayan, sino vengan a quedarse, a conocer el Valle de los Or\u00edgenes de la Civilizaci\u00f3n, que conozcan los centros urbanos de la Civilizaci\u00f3n Caral, y aprecien las actividades de la poblaci\u00f3n porque hay mucho inter\u00e9s en el turismo vivencial, rural\u201d, indic\u00f3 tras pedir a los alcaldes y representantes de los centros poblados que preparen a la poblaci\u00f3n para brindar diferentes servicios a los turistas.<\/p>\n<p>En ese sentido, exhort\u00f3 a las autoridades que involucran a la poblaci\u00f3n, para que juntos alcancen las metas del Plan Maestro. \u201cDebemos promover los cambios necesarios para lograr los fines y objetivos. Debemos tener metas bien trazadas\u2026 Nos centramos en Supe, pero queremos irradiar, como en el pasado, a otras comunidades\u201d, indic\u00f3.<\/p>\n<p>Por su parte, el gerente de Desarrollo Econ\u00f3mico del Gobierno Regional de Lima, Antenor Pacheco, sostuvo que la nueva gesti\u00f3n, que ingres\u00f3 este a\u00f1o, est\u00e1 trabajando para promover la producci\u00f3n de servicios para el turismo, y que adem\u00e1s apoyar\u00e1n en la construcci\u00f3n de una nueva carretera para ingresar a la Ciudad Sagrada de Caral. \u201cSer\u00e1 una prioridad, ese es nuestro compromiso\u201d, a\u00f1adi\u00f3.<\/p>\n<p>De otro lado, el alcalde de Supe Puerto, \u00d3scar Mor\u00e1n, sostuvo que su gesti\u00f3n apoyar\u00e1 las diversas actividades que se realicen para impulsar el turismo, pues considera que es una ciudad importante, desde la civilizaci\u00f3n Caral, hasta la actualidad pues ha sido lugar de inspiraci\u00f3n para reconocidos poetas y escritores. \u201cMi distrito dar\u00e1 la prioridad al turismo para mostrar al mundo Supe Puerto\u201d, coment\u00f3.<\/p>\n<p>Asimismo, el alcalde de Barranca, Ricardo Zender, sostuvo que \u201cdesde ahora\u201d, asumir\u00e1n el compromiso para realizar diversas acciones para impulsar el turismo en su localidad y apoyar as\u00ed a que la poblaci\u00f3n consiga m\u00e1s recursos para su crecimiento.<\/p>\n<p>Durante el evento, el ex viceministro de Pol\u00edticas Agrarias del Ministerio de Agricultura, C\u00e9sar Sotomayor, resalt\u00f3 que, gracias al Plan Maestro, que se elabor\u00f3 en beneficio de Supe y Barranca, las comunidades del norte chico se beneficiaron gracias al turismo, entorno a la Civilizaci\u00f3n Caral. Salud\u00f3 el trabajo de Relaciones Comunitarias, que ayuda al desarrollo de agricultores, artesanos, restaurantes y escuelas, pero; sin embargo, \u201chay mucho por hacer\u201d.<\/p>\n<p>Finalmente, Leydi Cayotopa Mesones, representante de CEPLAN, pidi\u00f3 a las diferentes autoridades trabajar de una manera integral y no individual. \u201cEs lo que llamamos desarrollo de fronteras, porque (la civilizaci\u00f3n) Caral no solo se desarrolla en un distrito, sino en diferentes comunidades, por lo que el trabajo es articulado\u201d, dijo, y agreg\u00f3 que apoyar\u00e1n en la elaboraci\u00f3n del Plan de Desarrollo Local Concertado \u2013 PDLC, los planes estrat\u00e9gicos institucionales \u2013 PEI y los planes operativos institucionales \u2013 POI, de las provincias y distritos de la regi\u00f3n Lima.<\/p>\n<p><strong>DATO<\/strong><\/p>\n<p>En la actividad tambi\u00e9n participaron diversas autoridades del Centro Poblado El Molino, de Allpacoto, de El Porvenir. Representantes de Supe Puerto, de la Municipalidad de V\u00e9gueta, de \u00c1mbar, del DIRCETUR, de AGUA-C, entre otros pobladores de las localidades aleda\u00f1as a Supe y Barranca.<\/p>\n<p style=\"text-align: justify;\"><span style=\"color: #993300;\"><strong>Fuente<\/strong><strong>: Prensa ZAC<\/strong><\/span><\/p>\n<div style=\"color: #1f1f1f;\">\n<p style=\"text-align: justify;\">Fecha de publicaci\u00f3n: 11\/02\/2019<\/p>\n<\/div>\n","protected":false},"excerpt":{"rendered":"<p>Se reuni\u00f3 con autoridades locales con el objetivo de fortalecer las labores de difusi\u00f3n de la cultura y el turismo [&hellip;]<\/p>\n","protected":false},"author":1,"featured_media":13977,"comment_status":"closed","ping_status":"open","sticky":false,"template":"","format":"standard","meta":{"_acf_changed":false,"site-sidebar-layout":"default","site-content-layout":"","ast-site-content-layout":"default","site-content-style":"default","site-sidebar-style":"default","ast-global-header-display":"","ast-banner-title-visibility":"","ast-main-header-display":"","ast-hfb-above-header-display":"","ast-hfb-below-header-display":"","ast-hfb-mobile-header-display":"","site-post-title":"","ast-breadcrumbs-content":"","ast-featured-img":"","footer-sml-layout":"","ast-disable-related-posts":"","theme-transparent-header-meta":"","adv-header-id-meta":"","stick-header-meta":"","header-above-stick-meta":"","header-main-stick-meta":"","header-below-stick-meta":"","astra-migrate-meta-layouts":"default","ast-page-background-enabled":"default","ast-page-background-meta":{"desktop":{"background-color":"var(--ast-global-color-5)","background-image":"","background-repeat":"repeat","background-position":"center center","background-size":"auto","background-attachment":"scroll","background-type":"","background-media":"","overlay-type":"","overlay-color":"","overlay-opacity":"","overlay-gradient":""},"tablet":{"background-color":"","background-image":"","background-repeat":"repeat","background-position":"center center","background-size":"auto","background-attachment":"scroll","background-type":"","background-media":"","overlay-type":"","overlay-color":"","overlay-opacity":"","overlay-gradient":""},"mobile":{"background-color":"","background-image":"","background-repeat":"repeat","background-position":"center center","background-size":"auto","background-attachment":"scroll","background-type":"","background-media":"","overlay-type":"","overlay-color":"","overlay-opacity":"","overlay-gradient":""}},"ast-content-background-meta":{"desktop":{"background-color":"var(--ast-global-color-4)","background-image":"","background-repeat":"repeat","background-position":"center center","background-size":"auto","background-attachment":"scroll","background-type":"","background-media":"","overlay-type":"","overlay-color":"","overlay-opacity":"","overlay-gradient":""},"tablet":{"background-color":"var(--ast-global-color-4)","background-image":"","background-repeat":"repeat","background-position":"center center","background-size":"auto","background-attachment":"scroll","background-type":"","background-media":"","overlay-type":"","overlay-color":"","overlay-opacity":"","overlay-gradient":""},"mobile":{"background-color":"var(--ast-global-color-4)","background-image":"","background-repeat":"repeat","background-position":"center center","background-size":"auto","background-attachment":"scroll","background-type":"","background-media":"","overlay-type":"","overlay-color":"","overlay-opacity":"","overlay-gradient":""}},"footnotes":""},"categories":[208],"tags":[55,72,74,82],"class_list":["post-13976","post","type-post","status-publish","format-standard","has-post-thumbnail","hentry","category-noticias","tag-caral","tag-cultura","tag-ministerio-de-cultura","tag-ruth-shady"],"acf":[],"yoast_head":"<!-- This site is optimized with the Yoast SEO plugin v27.3 - https:\/\/yoast.com\/product\/yoast-seo-wordpress\/ -->\n<title>Ruth shady pide impulsar el desarrollo social y el turismo en distritos de Barranca<\/title>\n<meta name=\"description\" content=\"Se reuni\u00f3 con autoridades locales con el objetivo de fortalecer las labores de difusi\u00f3n de la cultura y el turismo en Supe y Barranca.\" \/>\n<meta name=\"robots\" content=\"index, follow, max-snippet:-1, max-image-preview:large, max-video-preview:-1\" \/>\n<link rel=\"canonical\" href=\"https:\/\/zonacaral.gob.pe\/es\/noticias\/ruth-shady-pide-impulsar-el-desarrollo-social-y-el-turismo-en-distritos-de-barranca\/\" \/>\n<meta property=\"og:locale\" content=\"es_ES\" \/>\n<meta property=\"og:type\" content=\"article\" \/>\n<meta property=\"og:title\" content=\"Ruth shady pide impulsar el desarrollo social y el turismo en distritos de Barranca\" \/>\n<meta property=\"og:description\" content=\"Se reuni\u00f3 con autoridades locales con el objetivo de fortalecer las labores de difusi\u00f3n de la cultura y el turismo en Supe y Barranca.\" \/>\n<meta property=\"og:url\" content=\"https:\/\/zonacaral.gob.pe\/es\/noticias\/ruth-shady-pide-impulsar-el-desarrollo-social-y-el-turismo-en-distritos-de-barranca\/\" \/>\n<meta property=\"og:site_name\" content=\"Zona Caral\" \/>\n<meta property=\"article:published_time\" content=\"2019-02-11T23:34:03+00:00\" \/>\n<meta property=\"og:image\" content=\"https:\/\/zonacaral.gob.pe\/wp-content\/uploads\/2019\/02\/doctora-barranca.jpg\" \/>\n\t<meta property=\"og:image:width\" content=\"810\" \/>\n\t<meta property=\"og:image:height\" content=\"410\" \/>\n\t<meta property=\"og:image:type\" content=\"image\/jpeg\" \/>\n<meta name=\"author\" content=\"Zona Caral Administrador\" \/>\n<meta name=\"twitter:card\" content=\"summary_large_image\" \/>\n<meta name=\"twitter:label1\" content=\"Written by\" \/>\n\t<meta name=\"twitter:data1\" content=\"Zona Caral Administrador\" \/>\n\t<meta name=\"twitter:label2\" content=\"Est. reading time\" \/>\n\t<meta name=\"twitter:data2\" content=\"4 minutos\" \/>\n<script type=\"application\/ld+json\" class=\"yoast-schema-graph\">{\"@context\":\"https:\\\/\\\/schema.org\",\"@graph\":[{\"@type\":\"Article\",\"@id\":\"https:\\\/\\\/zonacaral.gob.pe\\\/es\\\/noticias\\\/ruth-shady-pide-impulsar-el-desarrollo-social-y-el-turismo-en-distritos-de-barranca\\\/#article\",\"isPartOf\":{\"@id\":\"https:\\\/\\\/zonacaral.gob.pe\\\/es\\\/noticias\\\/ruth-shady-pide-impulsar-el-desarrollo-social-y-el-turismo-en-distritos-de-barranca\\\/\"},\"author\":{\"name\":\"Zona Caral Administrador\",\"@id\":\"https:\\\/\\\/zonacaral.gob.pe\\\/es\\\/#\\\/schema\\\/person\\\/beddb4d22f71a7230c5b90913270a0ee\"},\"headline\":\"Ruth shady pide impulsar el desarrollo social y el turismo en distritos de Barranca\",\"datePublished\":\"2019-02-11T23:34:03+00:00\",\"mainEntityOfPage\":{\"@id\":\"https:\\\/\\\/zonacaral.gob.pe\\\/es\\\/noticias\\\/ruth-shady-pide-impulsar-el-desarrollo-social-y-el-turismo-en-distritos-de-barranca\\\/\"},\"wordCount\":775,\"image\":{\"@id\":\"https:\\\/\\\/zonacaral.gob.pe\\\/es\\\/noticias\\\/ruth-shady-pide-impulsar-el-desarrollo-social-y-el-turismo-en-distritos-de-barranca\\\/#primaryimage\"},\"thumbnailUrl\":\"https:\\\/\\\/zonacaral.gob.pe\\\/wp-content\\\/uploads\\\/2019\\\/02\\\/doctora-barranca.jpg\",\"keywords\":[\"caral\",\"Cultura\",\"Ministerio de Cultura\",\"Ruth Shady\"],\"articleSection\":[\"noticias\"],\"inLanguage\":\"es-PE\"},{\"@type\":\"WebPage\",\"@id\":\"https:\\\/\\\/zonacaral.gob.pe\\\/es\\\/noticias\\\/ruth-shady-pide-impulsar-el-desarrollo-social-y-el-turismo-en-distritos-de-barranca\\\/\",\"url\":\"https:\\\/\\\/zonacaral.gob.pe\\\/es\\\/noticias\\\/ruth-shady-pide-impulsar-el-desarrollo-social-y-el-turismo-en-distritos-de-barranca\\\/\",\"name\":\"Ruth shady pide impulsar el desarrollo social y el turismo en distritos de Barranca\",\"isPartOf\":{\"@id\":\"https:\\\/\\\/zonacaral.gob.pe\\\/es\\\/#website\"},\"primaryImageOfPage\":{\"@id\":\"https:\\\/\\\/zonacaral.gob.pe\\\/es\\\/noticias\\\/ruth-shady-pide-impulsar-el-desarrollo-social-y-el-turismo-en-distritos-de-barranca\\\/#primaryimage\"},\"image\":{\"@id\":\"https:\\\/\\\/zonacaral.gob.pe\\\/es\\\/noticias\\\/ruth-shady-pide-impulsar-el-desarrollo-social-y-el-turismo-en-distritos-de-barranca\\\/#primaryimage\"},\"thumbnailUrl\":\"https:\\\/\\\/zonacaral.gob.pe\\\/wp-content\\\/uploads\\\/2019\\\/02\\\/doctora-barranca.jpg\",\"datePublished\":\"2019-02-11T23:34:03+00:00\",\"author\":{\"@id\":\"https:\\\/\\\/zonacaral.gob.pe\\\/es\\\/#\\\/schema\\\/person\\\/beddb4d22f71a7230c5b90913270a0ee\"},\"description\":\"Se reuni\u00f3 con autoridades locales con el objetivo de fortalecer las labores de difusi\u00f3n de la cultura y el turismo en Supe y Barranca.\",\"breadcrumb\":{\"@id\":\"https:\\\/\\\/zonacaral.gob.pe\\\/es\\\/noticias\\\/ruth-shady-pide-impulsar-el-desarrollo-social-y-el-turismo-en-distritos-de-barranca\\\/#breadcrumb\"},\"inLanguage\":\"es-PE\",\"potentialAction\":[{\"@type\":\"ReadAction\",\"target\":[\"https:\\\/\\\/zonacaral.gob.pe\\\/es\\\/noticias\\\/ruth-shady-pide-impulsar-el-desarrollo-social-y-el-turismo-en-distritos-de-barranca\\\/\"]}]},{\"@type\":\"ImageObject\",\"inLanguage\":\"es-PE\",\"@id\":\"https:\\\/\\\/zonacaral.gob.pe\\\/es\\\/noticias\\\/ruth-shady-pide-impulsar-el-desarrollo-social-y-el-turismo-en-distritos-de-barranca\\\/#primaryimage\",\"url\":\"https:\\\/\\\/zonacaral.gob.pe\\\/wp-content\\\/uploads\\\/2019\\\/02\\\/doctora-barranca.jpg\",\"contentUrl\":\"https:\\\/\\\/zonacaral.gob.pe\\\/wp-content\\\/uploads\\\/2019\\\/02\\\/doctora-barranca.jpg\",\"width\":810,\"height\":410},{\"@type\":\"BreadcrumbList\",\"@id\":\"https:\\\/\\\/zonacaral.gob.pe\\\/es\\\/noticias\\\/ruth-shady-pide-impulsar-el-desarrollo-social-y-el-turismo-en-distritos-de-barranca\\\/#breadcrumb\",\"itemListElement\":[{\"@type\":\"ListItem\",\"position\":1,\"name\":\"Portada\",\"item\":\"https:\\\/\\\/zonacaral.gob.pe\\\/\"},{\"@type\":\"ListItem\",\"position\":2,\"name\":\"Ruth shady pide impulsar el desarrollo social y el turismo en distritos de Barranca\"}]},{\"@type\":\"WebSite\",\"@id\":\"https:\\\/\\\/zonacaral.gob.pe\\\/es\\\/#website\",\"url\":\"https:\\\/\\\/zonacaral.gob.pe\\\/es\\\/\",\"name\":\"Zona Caral\",\"description\":\"Investigamos, conservamos y difundimos el patrimonio cultural de la Civilizaci\u00f3n Caral, la m\u00e1s antigua de Am\u00e9rica.\",\"potentialAction\":[{\"@type\":\"SearchAction\",\"target\":{\"@type\":\"EntryPoint\",\"urlTemplate\":\"https:\\\/\\\/zonacaral.gob.pe\\\/es\\\/?s={search_term_string}\"},\"query-input\":{\"@type\":\"PropertyValueSpecification\",\"valueRequired\":true,\"valueName\":\"search_term_string\"}}],\"inLanguage\":\"es-PE\"},{\"@type\":\"Person\",\"@id\":\"https:\\\/\\\/zonacaral.gob.pe\\\/es\\\/#\\\/schema\\\/person\\\/beddb4d22f71a7230c5b90913270a0ee\",\"name\":\"Zona Caral Administrador\",\"image\":{\"@type\":\"ImageObject\",\"inLanguage\":\"es-PE\",\"@id\":\"https:\\\/\\\/secure.gravatar.com\\\/avatar\\\/e4be162918a696358376de6446614e0f0f4062bdc5d170d6d540ada3d8b58c12?s=96&d=mm&r=g\",\"url\":\"https:\\\/\\\/secure.gravatar.com\\\/avatar\\\/e4be162918a696358376de6446614e0f0f4062bdc5d170d6d540ada3d8b58c12?s=96&d=mm&r=g\",\"contentUrl\":\"https:\\\/\\\/secure.gravatar.com\\\/avatar\\\/e4be162918a696358376de6446614e0f0f4062bdc5d170d6d540ada3d8b58c12?s=96&d=mm&r=g\",\"caption\":\"Zona Caral Administrador\"},\"sameAs\":[\"https:\\\/\\\/zonacaral.gob.pe\"],\"url\":\"https:\\\/\\\/zonacaral.gob.pe\\\/es\\\/noticias\\\/author\\\/ad_zonacaral\\\/\"}]}<\/script>\n<!-- \/ Yoast SEO plugin. -->","yoast_head_json":{"title":"Ruth shady pide impulsar el desarrollo social y el turismo en distritos de Barranca","description":"Se reuni\u00f3 con autoridades locales con el objetivo de fortalecer las labores de difusi\u00f3n de la cultura y el turismo en Supe y Barranca.","robots":{"index":"index","follow":"follow","max-snippet":"max-snippet:-1","max-image-preview":"max-image-preview:large","max-video-preview":"max-video-preview:-1"},"canonical":"https:\/\/zonacaral.gob.pe\/es\/noticias\/ruth-shady-pide-impulsar-el-desarrollo-social-y-el-turismo-en-distritos-de-barranca\/","og_locale":"es_ES","og_type":"article","og_title":"Ruth shady pide impulsar el desarrollo social y el turismo en distritos de Barranca","og_description":"Se reuni\u00f3 con autoridades locales con el objetivo de fortalecer las labores de difusi\u00f3n de la cultura y el turismo en Supe y Barranca.","og_url":"https:\/\/zonacaral.gob.pe\/es\/noticias\/ruth-shady-pide-impulsar-el-desarrollo-social-y-el-turismo-en-distritos-de-barranca\/","og_site_name":"Zona Caral","article_published_time":"2019-02-11T23:34:03+00:00","og_image":[{"width":810,"height":410,"url":"https:\/\/zonacaral.gob.pe\/wp-content\/uploads\/2019\/02\/doctora-barranca.jpg","type":"image\/jpeg"}],"author":"Zona Caral Administrador","twitter_card":"summary_large_image","twitter_misc":{"Written by":"Zona Caral Administrador","Est. reading time":"4 minutos"},"schema":{"@context":"https:\/\/schema.org","@graph":[{"@type":"Article","@id":"https:\/\/zonacaral.gob.pe\/es\/noticias\/ruth-shady-pide-impulsar-el-desarrollo-social-y-el-turismo-en-distritos-de-barranca\/#article","isPartOf":{"@id":"https:\/\/zonacaral.gob.pe\/es\/noticias\/ruth-shady-pide-impulsar-el-desarrollo-social-y-el-turismo-en-distritos-de-barranca\/"},"author":{"name":"Zona Caral Administrador","@id":"https:\/\/zonacaral.gob.pe\/es\/#\/schema\/person\/beddb4d22f71a7230c5b90913270a0ee"},"headline":"Ruth shady pide impulsar el desarrollo social y el turismo en distritos de Barranca","datePublished":"2019-02-11T23:34:03+00:00","mainEntityOfPage":{"@id":"https:\/\/zonacaral.gob.pe\/es\/noticias\/ruth-shady-pide-impulsar-el-desarrollo-social-y-el-turismo-en-distritos-de-barranca\/"},"wordCount":775,"image":{"@id":"https:\/\/zonacaral.gob.pe\/es\/noticias\/ruth-shady-pide-impulsar-el-desarrollo-social-y-el-turismo-en-distritos-de-barranca\/#primaryimage"},"thumbnailUrl":"https:\/\/zonacaral.gob.pe\/wp-content\/uploads\/2019\/02\/doctora-barranca.jpg","keywords":["caral","Cultura","Ministerio de Cultura","Ruth Shady"],"articleSection":["noticias"],"inLanguage":"es-PE"},{"@type":"WebPage","@id":"https:\/\/zonacaral.gob.pe\/es\/noticias\/ruth-shady-pide-impulsar-el-desarrollo-social-y-el-turismo-en-distritos-de-barranca\/","url":"https:\/\/zonacaral.gob.pe\/es\/noticias\/ruth-shady-pide-impulsar-el-desarrollo-social-y-el-turismo-en-distritos-de-barranca\/","name":"Ruth shady pide impulsar el desarrollo social y el turismo en distritos de Barranca","isPartOf":{"@id":"https:\/\/zonacaral.gob.pe\/es\/#website"},"primaryImageOfPage":{"@id":"https:\/\/zonacaral.gob.pe\/es\/noticias\/ruth-shady-pide-impulsar-el-desarrollo-social-y-el-turismo-en-distritos-de-barranca\/#primaryimage"},"image":{"@id":"https:\/\/zonacaral.gob.pe\/es\/noticias\/ruth-shady-pide-impulsar-el-desarrollo-social-y-el-turismo-en-distritos-de-barranca\/#primaryimage"},"thumbnailUrl":"https:\/\/zonacaral.gob.pe\/wp-content\/uploads\/2019\/02\/doctora-barranca.jpg","datePublished":"2019-02-11T23:34:03+00:00","author":{"@id":"https:\/\/zonacaral.gob.pe\/es\/#\/schema\/person\/beddb4d22f71a7230c5b90913270a0ee"},"description":"Se reuni\u00f3 con autoridades locales con el objetivo de fortalecer las labores de difusi\u00f3n de la cultura y el turismo en Supe y Barranca.","breadcrumb":{"@id":"https:\/\/zonacaral.gob.pe\/es\/noticias\/ruth-shady-pide-impulsar-el-desarrollo-social-y-el-turismo-en-distritos-de-barranca\/#breadcrumb"},"inLanguage":"es-PE","potentialAction":[{"@type":"ReadAction","target":["https:\/\/zonacaral.gob.pe\/es\/noticias\/ruth-shady-pide-impulsar-el-desarrollo-social-y-el-turismo-en-distritos-de-barranca\/"]}]},{"@type":"ImageObject","inLanguage":"es-PE","@id":"https:\/\/zonacaral.gob.pe\/es\/noticias\/ruth-shady-pide-impulsar-el-desarrollo-social-y-el-turismo-en-distritos-de-barranca\/#primaryimage","url":"https:\/\/zonacaral.gob.pe\/wp-content\/uploads\/2019\/02\/doctora-barranca.jpg","contentUrl":"https:\/\/zonacaral.gob.pe\/wp-content\/uploads\/2019\/02\/doctora-barranca.jpg","width":810,"height":410},{"@type":"BreadcrumbList","@id":"https:\/\/zonacaral.gob.pe\/es\/noticias\/ruth-shady-pide-impulsar-el-desarrollo-social-y-el-turismo-en-distritos-de-barranca\/#breadcrumb","itemListElement":[{"@type":"ListItem","position":1,"name":"Portada","item":"https:\/\/zonacaral.gob.pe\/"},{"@type":"ListItem","position":2,"name":"Ruth shady pide impulsar el desarrollo social y el turismo en distritos de Barranca"}]},{"@type":"WebSite","@id":"https:\/\/zonacaral.gob.pe\/es\/#website","url":"https:\/\/zonacaral.gob.pe\/es\/","name":"Zona Caral","description":"Investigamos, conservamos y difundimos el patrimonio cultural de la Civilizaci\u00f3n Caral, la m\u00e1s antigua de Am\u00e9rica.","potentialAction":[{"@type":"SearchAction","target":{"@type":"EntryPoint","urlTemplate":"https:\/\/zonacaral.gob.pe\/es\/?s={search_term_string}"},"query-input":{"@type":"PropertyValueSpecification","valueRequired":true,"valueName":"search_term_string"}}],"inLanguage":"es-PE"},{"@type":"Person","@id":"https:\/\/zonacaral.gob.pe\/es\/#\/schema\/person\/beddb4d22f71a7230c5b90913270a0ee","name":"Zona Caral Administrador","image":{"@type":"ImageObject","inLanguage":"es-PE","@id":"https:\/\/secure.gravatar.com\/avatar\/e4be162918a696358376de6446614e0f0f4062bdc5d170d6d540ada3d8b58c12?s=96&d=mm&r=g","url":"https:\/\/secure.gravatar.com\/avatar\/e4be162918a696358376de6446614e0f0f4062bdc5d170d6d540ada3d8b58c12?s=96&d=mm&r=g","contentUrl":"https:\/\/secure.gravatar.com\/avatar\/e4be162918a696358376de6446614e0f0f4062bdc5d170d6d540ada3d8b58c12?s=96&d=mm&r=g","caption":"Zona Caral Administrador"},"sameAs":["https:\/\/zonacaral.gob.pe"],"url":"https:\/\/zonacaral.gob.pe\/es\/noticias\/author\/ad_zonacaral\/"}]}},"_links":{"self":[{"href":"https:\/\/zonacaral.gob.pe\/es\/wp-json\/wp\/v2\/posts\/13976","targetHints":{"allow":["GET"]}}],"collection":[{"href":"https:\/\/zonacaral.gob.pe\/es\/wp-json\/wp\/v2\/posts"}],"about":[{"href":"https:\/\/zonacaral.gob.pe\/es\/wp-json\/wp\/v2\/types\/post"}],"author":[{"embeddable":true,"href":"https:\/\/zonacaral.gob.pe\/es\/wp-json\/wp\/v2\/users\/1"}],"replies":[{"embeddable":true,"href":"https:\/\/zonacaral.gob.pe\/es\/wp-json\/wp\/v2\/comments?post=13976"}],"version-history":[{"count":0,"href":"https:\/\/zonacaral.gob.pe\/es\/wp-json\/wp\/v2\/posts\/13976\/revisions"}],"wp:featuredmedia":[{"embeddable":true,"href":"https:\/\/zonacaral.gob.pe\/es\/wp-json\/wp\/v2\/media\/13977"}],"wp:attachment":[{"href":"https:\/\/zonacaral.gob.pe\/es\/wp-json\/wp\/v2\/media?parent=13976"}],"wp:term":[{"taxonomy":"category","embeddable":true,"href":"https:\/\/zonacaral.gob.pe\/es\/wp-json\/wp\/v2\/categories?post=13976"},{"taxonomy":"post_tag","embeddable":true,"href":"https:\/\/zonacaral.gob.pe\/es\/wp-json\/wp\/v2\/tags?post=13976"}],"curies":[{"name":"wp","href":"https:\/\/api.w.org\/{rel}","templated":true}]}}