{"id":14012,"date":"2019-02-26T16:30:13","date_gmt":"2019-02-26T21:30:13","guid":{"rendered":"http:\/\/www.zonacaral.gob.pe\/?p=14012"},"modified":"2019-02-26T16:30:13","modified_gmt":"2019-02-26T21:30:13","slug":"ruth-shady-inaugura-exposicion-fotografica-de-la-civilizacion-caral-en-estados-unidos","status":"publish","type":"post","link":"https:\/\/zonacaral.gob.pe\/es\/noticias\/ruth-shady-inaugura-exposicion-fotografica-de-la-civilizacion-caral-en-estados-unidos\/","title":{"rendered":"Ruth Shady Inaugura exposici\u00f3n fotogr\u00e1fica de la Civilizaci\u00f3n Caral en Estados Unidos"},"content":{"rendered":"<figure class=\"pic-autor\" style=\"color: #4d4d4d; text-align: justify;\"><\/figure>\n<blockquote><p>La muestra se encuentra en la Galer\u00eda de Arte <strong>\u201cFernando de Szyszlo\u201d<\/strong>, en la Embajada de Per\u00fa en EE.UU., ubicada en Washington D. C. El ingreso es libre y estar\u00e1 desde el viernes, 22 de febrero, al jueves, 25 de abril, de 10: 00 a.m. a 4:00 p.m.<\/p><\/blockquote>\n<p>La doctora Ruth Shady Sol\u00eds, Directora de la Zona Arqueol\u00f3gica Caral, UE 003 del Ministerio de Cultura, el Ministro en el Servicio Diplom\u00e1tico de la Rep\u00fablica, Agust\u00edn De Madalengoitia, y el reconocido fot\u00f3grafo, Christopher Kleihege, inauguraron, el pasado viernes. la exposici\u00f3n fotogr\u00e1fica \u201cCaral: the earliest civilization en the americas\u201d, en la Embajada de Per\u00fa en Estados Unidos.<\/p>\n<p>En su intervenci\u00f3n, Shady Sol\u00eds sostuvo que esta muestra fotogr\u00e1fica busca explicar c\u00f3mo la civilizaci\u00f3n Caral, con 5000 a\u00f1os de antig\u00fcedad, lleg\u00f3 a tener una organizaci\u00f3n compleja, como su organizaci\u00f3n social, econ\u00f3mica, pol\u00edtica, ideol\u00f3gica, y c\u00f3mo fue su relaci\u00f3n con las otras sociedades.<\/p>\n<p>En ese sentido, explic\u00f3 que actualmente investiga en 12 sitios arqueol\u00f3gicos, con un equipo multidisciplinario, y que, en 25 a\u00f1os de trabajos, se ha avanzado mucho. \u201cHemos logrado tener 220 fechados radio carb\u00f3nicos que sustentan el planteamiento de que (Caral) es la civilizaci\u00f3n m\u00e1s antigua que se form\u00f3 en el continente americano, y tuvo una duraci\u00f3n de casi mil a\u00f1os\u201d.<\/p>\n<p>Asimismo, destac\u00f3 diversos aspectos de esta civilizaci\u00f3n, como las redes de interacci\u00f3n con otras sociedades, su desarrollo en paz y sin conflictos ni guerras, la elaboraci\u00f3n de conocimientos que trascendieron en el tiempo y lleg\u00f3 a otras culturas. Tambi\u00e9n, el hallazgo de objetos que pertenecen o se encuentran en otros pa\u00edses y regiones.<\/p>\n<p>Al finalizar, la arque\u00f3loga sostuvo que los trabajos que realiza buscan conocer c\u00f3mo, los habitantes de Caral, manejaron el territorio y sus recursos \u201cy qu\u00e9 resultados tuvieron, para reflexionar sobre ellos, y ver en el presente, como una experiencia del pasado, para mejorar nuestro presente y ver el futuro con mejores condiciones\u201d.<\/p>\n<p>Por su lado, Agust\u00edn De Madalengoitia y Christopher Kleihege, expresaron su admiraci\u00f3n por la civilizaci\u00f3n Caral, y por el trabajo de la doctora Ruth Shady. Del mismo modo, resaltaron el valor cultural de la muestra fotogr\u00e1fica y de los hallazgos que se hicieron en los diferentes centros urbanos de esta civilizaci\u00f3n, la primera de Am\u00e9rica.<\/p>\n<p><strong>\u201cAnd this is only the first 25 years of understanding\u201d<\/strong>.<\/p>\n<h4>DATO<\/h4>\n<p>Esta muestra fotogr\u00e1fica ha sido posible gracias al apoyo del Ministerio de Relaciones Exteriores, y a la Embajada de Per\u00fa en Estados Unidos, con sede en Whashinton, en el marco del Programa de Promoci\u00f3n Cultural de Per\u00fa en el exterior.<\/p>\n<p>Se exhiben 22 fotos, de la autor\u00eda de Christopher Kleihege, cuyas im\u00e1genes contribuir\u00e1n a la promoci\u00f3n del patrimonio cultural de la civilizaci\u00f3n Caral en Estados Unidos. Conoce algunas de sus fotos aqu\u00ed: http:\/\/www.ckphoto.org\/caral<\/p>\n<p>Cabe resaltar que los trabajos de investigaci\u00f3n, conservaci\u00f3n y difusi\u00f3n de la civilizaci\u00f3n Caral est\u00e1n bajo la responsabilidad de la Zona Arqueol\u00f3gica Caral. Inf\u00f3rmate m\u00e1s en nuestras actividades en la web: zonacaral.gob.pe\/<\/p>\n<p>Conoce la civilizaci\u00f3n Caral viajando con nosotros. Inf\u00f3rmate en: 2052-517 \/ 955881340 o en la web: <a href=\"\/www.zonacaral.gob.pe\/viajes-educativos\/inscripciones\">zonacaral.gob.pe\/viajes-educativos\/inscripciones<\/a>.<br \/>\nTambi\u00e9n puedes escribirnos a: <a href=\"\/viajeseducativos@zonacaral.gob.pe\">viajeseducativos@zonacaral.gob.pe<\/a>.<\/p>\n<p>Puedes comprar nuestras publicaciones o alg\u00fan recuerdo en: <a href=\"https:\/\/tienda.zonacaral.gob.pe\/\">https:\/\/tienda.zonacaral.gob.pe\/<\/a>.<\/p>\n<p><iframe src=\"https:\/\/www.youtube.com\/embed\/1QNmMQFTbAA\" width=\"560\" height=\"400\" frameborder=\"0\" allowfullscreen=\"allowfullscreen\"><\/iframe><\/p>\n<p style=\"text-align: justify;\"><span style=\"color: #993300;\"><strong>Fuente<\/strong><strong>: Prensa ZAC<\/strong><\/span><\/p>\n<div style=\"color: #1f1f1f;\">\n<p style=\"text-align: justify;\">Fecha de publicaci\u00f3n: 26\/02\/2019<\/p>\n<\/div>\n","protected":false},"excerpt":{"rendered":"<p>La muestra se encuentra en la Galer\u00eda de Arte \u201cFernando de Szyszlo\u201d, en la Embajada de Per\u00fa en EE.UU., ubicada [&hellip;]<\/p>\n","protected":false},"author":1,"featured_media":14013,"comment_status":"closed","ping_status":"open","sticky":false,"template":"","format":"standard","meta":{"_acf_changed":false,"site-sidebar-layout":"default","site-content-layout":"","ast-site-content-layout":"default","site-content-style":"default","site-sidebar-style":"default","ast-global-header-display":"","ast-banner-title-visibility":"","ast-main-header-display":"","ast-hfb-above-header-display":"","ast-hfb-below-header-display":"","ast-hfb-mobile-header-display":"","site-post-title":"","ast-breadcrumbs-content":"","ast-featured-img":"","footer-sml-layout":"","ast-disable-related-posts":"","theme-transparent-header-meta":"","adv-header-id-meta":"","stick-header-meta":"","header-above-stick-meta":"","header-main-stick-meta":"","header-below-stick-meta":"","astra-migrate-meta-layouts":"default","ast-page-background-enabled":"default","ast-page-background-meta":{"desktop":{"background-color":"var(--ast-global-color-5)","background-image":"","background-repeat":"repeat","background-position":"center center","background-size":"auto","background-attachment":"scroll","background-type":"","background-media":"","overlay-type":"","overlay-color":"","overlay-opacity":"","overlay-gradient":""},"tablet":{"background-color":"","background-image":"","background-repeat":"repeat","background-position":"center center","background-size":"auto","background-attachment":"scroll","background-type":"","background-media":"","overlay-type":"","overlay-color":"","overlay-opacity":"","overlay-gradient":""},"mobile":{"background-color":"","background-image":"","background-repeat":"repeat","background-position":"center center","background-size":"auto","background-attachment":"scroll","background-type":"","background-media":"","overlay-type":"","overlay-color":"","overlay-opacity":"","overlay-gradient":""}},"ast-content-background-meta":{"desktop":{"background-color":"var(--ast-global-color-4)","background-image":"","background-repeat":"repeat","background-position":"center center","background-size":"auto","background-attachment":"scroll","background-type":"","background-media":"","overlay-type":"","overlay-color":"","overlay-opacity":"","overlay-gradient":""},"tablet":{"background-color":"var(--ast-global-color-4)","background-image":"","background-repeat":"repeat","background-position":"center center","background-size":"auto","background-attachment":"scroll","background-type":"","background-media":"","overlay-type":"","overlay-color":"","overlay-opacity":"","overlay-gradient":""},"mobile":{"background-color":"var(--ast-global-color-4)","background-image":"","background-repeat":"repeat","background-position":"center center","background-size":"auto","background-attachment":"scroll","background-type":"","background-media":"","overlay-type":"","overlay-color":"","overlay-opacity":"","overlay-gradient":""}},"footnotes":""},"categories":[208],"tags":[127,141,82],"class_list":["post-14012","post","type-post","status-publish","format-standard","has-post-thumbnail","hentry","category-noticias","tag-arqueologia","tag-concytec","tag-ruth-shady"],"acf":[],"yoast_head":"<!-- This site is optimized with the Yoast SEO plugin v27.3 - https:\/\/yoast.com\/product\/yoast-seo-wordpress\/ -->\n<title>Ruth Shady Inaugura exposici\u00f3n fotogr\u00e1fica de la Civilizaci\u00f3n Caral en Estados Unidos<\/title>\n<meta name=\"description\" content=\"La muestra se encuentra en la Galer\u00eda de Arte \u201cFernando de Szyszlo\u201d, en la Embajada de Per\u00fa en EE.UU., ubicada en Washington D. C. El ingreso es libre y estar\u00e1 desde el viernes, 22 de febrero, al jueves, 25 de abril, de 10: 00 a.m. a 4:00 p.m.\" \/>\n<meta name=\"robots\" content=\"index, follow, max-snippet:-1, max-image-preview:large, max-video-preview:-1\" \/>\n<link rel=\"canonical\" href=\"https:\/\/zonacaral.gob.pe\/es\/noticias\/ruth-shady-inaugura-exposicion-fotografica-de-la-civilizacion-caral-en-estados-unidos\/\" \/>\n<meta property=\"og:locale\" content=\"es_ES\" \/>\n<meta property=\"og:type\" content=\"article\" \/>\n<meta property=\"og:title\" content=\"Ruth Shady Inaugura exposici\u00f3n fotogr\u00e1fica de la Civilizaci\u00f3n Caral en Estados Unidos\" \/>\n<meta property=\"og:description\" content=\"La muestra se encuentra en la Galer\u00eda de Arte \u201cFernando de Szyszlo\u201d, en la Embajada de Per\u00fa en EE.UU., ubicada en Washington D. C. El ingreso es libre y estar\u00e1 desde el viernes, 22 de febrero, al jueves, 25 de abril, de 10: 00 a.m. a 4:00 p.m.\" \/>\n<meta property=\"og:url\" content=\"https:\/\/zonacaral.gob.pe\/es\/noticias\/ruth-shady-inaugura-exposicion-fotografica-de-la-civilizacion-caral-en-estados-unidos\/\" \/>\n<meta property=\"og:site_name\" content=\"Zona Caral\" \/>\n<meta property=\"article:published_time\" content=\"2019-02-26T21:30:13+00:00\" \/>\n<meta property=\"og:image\" content=\"https:\/\/zonacaral.gob.pe\/wp-content\/uploads\/2019\/02\/doctora-estados-unidos.jpg\" \/>\n\t<meta property=\"og:image:width\" content=\"810\" \/>\n\t<meta property=\"og:image:height\" content=\"410\" \/>\n\t<meta property=\"og:image:type\" content=\"image\/jpeg\" \/>\n<meta name=\"author\" content=\"Zona Caral Administrador\" \/>\n<meta name=\"twitter:card\" content=\"summary_large_image\" \/>\n<meta name=\"twitter:label1\" content=\"Written by\" \/>\n\t<meta name=\"twitter:data1\" content=\"Zona Caral Administrador\" \/>\n\t<meta name=\"twitter:label2\" content=\"Est. reading time\" \/>\n\t<meta name=\"twitter:data2\" content=\"3 minutos\" \/>\n<script type=\"application\/ld+json\" class=\"yoast-schema-graph\">{\"@context\":\"https:\\\/\\\/schema.org\",\"@graph\":[{\"@type\":\"Article\",\"@id\":\"https:\\\/\\\/zonacaral.gob.pe\\\/es\\\/noticias\\\/ruth-shady-inaugura-exposicion-fotografica-de-la-civilizacion-caral-en-estados-unidos\\\/#article\",\"isPartOf\":{\"@id\":\"https:\\\/\\\/zonacaral.gob.pe\\\/es\\\/noticias\\\/ruth-shady-inaugura-exposicion-fotografica-de-la-civilizacion-caral-en-estados-unidos\\\/\"},\"author\":{\"name\":\"Zona Caral Administrador\",\"@id\":\"https:\\\/\\\/zonacaral.gob.pe\\\/es\\\/#\\\/schema\\\/person\\\/beddb4d22f71a7230c5b90913270a0ee\"},\"headline\":\"Ruth Shady Inaugura exposici\u00f3n fotogr\u00e1fica de la Civilizaci\u00f3n Caral en Estados Unidos\",\"datePublished\":\"2019-02-26T21:30:13+00:00\",\"mainEntityOfPage\":{\"@id\":\"https:\\\/\\\/zonacaral.gob.pe\\\/es\\\/noticias\\\/ruth-shady-inaugura-exposicion-fotografica-de-la-civilizacion-caral-en-estados-unidos\\\/\"},\"wordCount\":605,\"image\":{\"@id\":\"https:\\\/\\\/zonacaral.gob.pe\\\/es\\\/noticias\\\/ruth-shady-inaugura-exposicion-fotografica-de-la-civilizacion-caral-en-estados-unidos\\\/#primaryimage\"},\"thumbnailUrl\":\"https:\\\/\\\/zonacaral.gob.pe\\\/wp-content\\\/uploads\\\/2019\\\/02\\\/doctora-estados-unidos.jpg\",\"keywords\":[\"arqueolog\u00eda\",\"concytec\",\"Ruth Shady\"],\"articleSection\":[\"noticias\"],\"inLanguage\":\"es-PE\"},{\"@type\":\"WebPage\",\"@id\":\"https:\\\/\\\/zonacaral.gob.pe\\\/es\\\/noticias\\\/ruth-shady-inaugura-exposicion-fotografica-de-la-civilizacion-caral-en-estados-unidos\\\/\",\"url\":\"https:\\\/\\\/zonacaral.gob.pe\\\/es\\\/noticias\\\/ruth-shady-inaugura-exposicion-fotografica-de-la-civilizacion-caral-en-estados-unidos\\\/\",\"name\":\"Ruth Shady Inaugura exposici\u00f3n fotogr\u00e1fica de la Civilizaci\u00f3n Caral en Estados Unidos\",\"isPartOf\":{\"@id\":\"https:\\\/\\\/zonacaral.gob.pe\\\/es\\\/#website\"},\"primaryImageOfPage\":{\"@id\":\"https:\\\/\\\/zonacaral.gob.pe\\\/es\\\/noticias\\\/ruth-shady-inaugura-exposicion-fotografica-de-la-civilizacion-caral-en-estados-unidos\\\/#primaryimage\"},\"image\":{\"@id\":\"https:\\\/\\\/zonacaral.gob.pe\\\/es\\\/noticias\\\/ruth-shady-inaugura-exposicion-fotografica-de-la-civilizacion-caral-en-estados-unidos\\\/#primaryimage\"},\"thumbnailUrl\":\"https:\\\/\\\/zonacaral.gob.pe\\\/wp-content\\\/uploads\\\/2019\\\/02\\\/doctora-estados-unidos.jpg\",\"datePublished\":\"2019-02-26T21:30:13+00:00\",\"author\":{\"@id\":\"https:\\\/\\\/zonacaral.gob.pe\\\/es\\\/#\\\/schema\\\/person\\\/beddb4d22f71a7230c5b90913270a0ee\"},\"description\":\"La muestra se encuentra en la Galer\u00eda de Arte \u201cFernando de Szyszlo\u201d, en la Embajada de Per\u00fa en EE.UU., ubicada en Washington D. C. El ingreso es libre y estar\u00e1 desde el viernes, 22 de febrero, al jueves, 25 de abril, de 10: 00 a.m. a 4:00 p.m.\",\"breadcrumb\":{\"@id\":\"https:\\\/\\\/zonacaral.gob.pe\\\/es\\\/noticias\\\/ruth-shady-inaugura-exposicion-fotografica-de-la-civilizacion-caral-en-estados-unidos\\\/#breadcrumb\"},\"inLanguage\":\"es-PE\",\"potentialAction\":[{\"@type\":\"ReadAction\",\"target\":[\"https:\\\/\\\/zonacaral.gob.pe\\\/es\\\/noticias\\\/ruth-shady-inaugura-exposicion-fotografica-de-la-civilizacion-caral-en-estados-unidos\\\/\"]}]},{\"@type\":\"ImageObject\",\"inLanguage\":\"es-PE\",\"@id\":\"https:\\\/\\\/zonacaral.gob.pe\\\/es\\\/noticias\\\/ruth-shady-inaugura-exposicion-fotografica-de-la-civilizacion-caral-en-estados-unidos\\\/#primaryimage\",\"url\":\"https:\\\/\\\/zonacaral.gob.pe\\\/wp-content\\\/uploads\\\/2019\\\/02\\\/doctora-estados-unidos.jpg\",\"contentUrl\":\"https:\\\/\\\/zonacaral.gob.pe\\\/wp-content\\\/uploads\\\/2019\\\/02\\\/doctora-estados-unidos.jpg\",\"width\":810,\"height\":410},{\"@type\":\"BreadcrumbList\",\"@id\":\"https:\\\/\\\/zonacaral.gob.pe\\\/es\\\/noticias\\\/ruth-shady-inaugura-exposicion-fotografica-de-la-civilizacion-caral-en-estados-unidos\\\/#breadcrumb\",\"itemListElement\":[{\"@type\":\"ListItem\",\"position\":1,\"name\":\"Portada\",\"item\":\"https:\\\/\\\/zonacaral.gob.pe\\\/\"},{\"@type\":\"ListItem\",\"position\":2,\"name\":\"Ruth Shady Inaugura exposici\u00f3n fotogr\u00e1fica de la Civilizaci\u00f3n Caral en Estados Unidos\"}]},{\"@type\":\"WebSite\",\"@id\":\"https:\\\/\\\/zonacaral.gob.pe\\\/es\\\/#website\",\"url\":\"https:\\\/\\\/zonacaral.gob.pe\\\/es\\\/\",\"name\":\"Zona Caral\",\"description\":\"Investigamos, conservamos y difundimos el patrimonio cultural de la Civilizaci\u00f3n Caral, la m\u00e1s antigua de Am\u00e9rica.\",\"potentialAction\":[{\"@type\":\"SearchAction\",\"target\":{\"@type\":\"EntryPoint\",\"urlTemplate\":\"https:\\\/\\\/zonacaral.gob.pe\\\/es\\\/?s={search_term_string}\"},\"query-input\":{\"@type\":\"PropertyValueSpecification\",\"valueRequired\":true,\"valueName\":\"search_term_string\"}}],\"inLanguage\":\"es-PE\"},{\"@type\":\"Person\",\"@id\":\"https:\\\/\\\/zonacaral.gob.pe\\\/es\\\/#\\\/schema\\\/person\\\/beddb4d22f71a7230c5b90913270a0ee\",\"name\":\"Zona Caral Administrador\",\"image\":{\"@type\":\"ImageObject\",\"inLanguage\":\"es-PE\",\"@id\":\"https:\\\/\\\/secure.gravatar.com\\\/avatar\\\/e4be162918a696358376de6446614e0f0f4062bdc5d170d6d540ada3d8b58c12?s=96&d=mm&r=g\",\"url\":\"https:\\\/\\\/secure.gravatar.com\\\/avatar\\\/e4be162918a696358376de6446614e0f0f4062bdc5d170d6d540ada3d8b58c12?s=96&d=mm&r=g\",\"contentUrl\":\"https:\\\/\\\/secure.gravatar.com\\\/avatar\\\/e4be162918a696358376de6446614e0f0f4062bdc5d170d6d540ada3d8b58c12?s=96&d=mm&r=g\",\"caption\":\"Zona Caral Administrador\"},\"sameAs\":[\"https:\\\/\\\/zonacaral.gob.pe\"],\"url\":\"https:\\\/\\\/zonacaral.gob.pe\\\/es\\\/noticias\\\/author\\\/ad_zonacaral\\\/\"}]}<\/script>\n<!-- \/ Yoast SEO plugin. -->","yoast_head_json":{"title":"Ruth Shady Inaugura exposici\u00f3n fotogr\u00e1fica de la Civilizaci\u00f3n Caral en Estados Unidos","description":"La muestra se encuentra en la Galer\u00eda de Arte \u201cFernando de Szyszlo\u201d, en la Embajada de Per\u00fa en EE.UU., ubicada en Washington D. C. El ingreso es libre y estar\u00e1 desde el viernes, 22 de febrero, al jueves, 25 de abril, de 10: 00 a.m. a 4:00 p.m.","robots":{"index":"index","follow":"follow","max-snippet":"max-snippet:-1","max-image-preview":"max-image-preview:large","max-video-preview":"max-video-preview:-1"},"canonical":"https:\/\/zonacaral.gob.pe\/es\/noticias\/ruth-shady-inaugura-exposicion-fotografica-de-la-civilizacion-caral-en-estados-unidos\/","og_locale":"es_ES","og_type":"article","og_title":"Ruth Shady Inaugura exposici\u00f3n fotogr\u00e1fica de la Civilizaci\u00f3n Caral en Estados Unidos","og_description":"La muestra se encuentra en la Galer\u00eda de Arte \u201cFernando de Szyszlo\u201d, en la Embajada de Per\u00fa en EE.UU., ubicada en Washington D. C. El ingreso es libre y estar\u00e1 desde el viernes, 22 de febrero, al jueves, 25 de abril, de 10: 00 a.m. a 4:00 p.m.","og_url":"https:\/\/zonacaral.gob.pe\/es\/noticias\/ruth-shady-inaugura-exposicion-fotografica-de-la-civilizacion-caral-en-estados-unidos\/","og_site_name":"Zona Caral","article_published_time":"2019-02-26T21:30:13+00:00","og_image":[{"width":810,"height":410,"url":"https:\/\/zonacaral.gob.pe\/wp-content\/uploads\/2019\/02\/doctora-estados-unidos.jpg","type":"image\/jpeg"}],"author":"Zona Caral Administrador","twitter_card":"summary_large_image","twitter_misc":{"Written by":"Zona Caral Administrador","Est. reading time":"3 minutos"},"schema":{"@context":"https:\/\/schema.org","@graph":[{"@type":"Article","@id":"https:\/\/zonacaral.gob.pe\/es\/noticias\/ruth-shady-inaugura-exposicion-fotografica-de-la-civilizacion-caral-en-estados-unidos\/#article","isPartOf":{"@id":"https:\/\/zonacaral.gob.pe\/es\/noticias\/ruth-shady-inaugura-exposicion-fotografica-de-la-civilizacion-caral-en-estados-unidos\/"},"author":{"name":"Zona Caral Administrador","@id":"https:\/\/zonacaral.gob.pe\/es\/#\/schema\/person\/beddb4d22f71a7230c5b90913270a0ee"},"headline":"Ruth Shady Inaugura exposici\u00f3n fotogr\u00e1fica de la Civilizaci\u00f3n Caral en Estados Unidos","datePublished":"2019-02-26T21:30:13+00:00","mainEntityOfPage":{"@id":"https:\/\/zonacaral.gob.pe\/es\/noticias\/ruth-shady-inaugura-exposicion-fotografica-de-la-civilizacion-caral-en-estados-unidos\/"},"wordCount":605,"image":{"@id":"https:\/\/zonacaral.gob.pe\/es\/noticias\/ruth-shady-inaugura-exposicion-fotografica-de-la-civilizacion-caral-en-estados-unidos\/#primaryimage"},"thumbnailUrl":"https:\/\/zonacaral.gob.pe\/wp-content\/uploads\/2019\/02\/doctora-estados-unidos.jpg","keywords":["arqueolog\u00eda","concytec","Ruth Shady"],"articleSection":["noticias"],"inLanguage":"es-PE"},{"@type":"WebPage","@id":"https:\/\/zonacaral.gob.pe\/es\/noticias\/ruth-shady-inaugura-exposicion-fotografica-de-la-civilizacion-caral-en-estados-unidos\/","url":"https:\/\/zonacaral.gob.pe\/es\/noticias\/ruth-shady-inaugura-exposicion-fotografica-de-la-civilizacion-caral-en-estados-unidos\/","name":"Ruth Shady Inaugura exposici\u00f3n fotogr\u00e1fica de la Civilizaci\u00f3n Caral en Estados Unidos","isPartOf":{"@id":"https:\/\/zonacaral.gob.pe\/es\/#website"},"primaryImageOfPage":{"@id":"https:\/\/zonacaral.gob.pe\/es\/noticias\/ruth-shady-inaugura-exposicion-fotografica-de-la-civilizacion-caral-en-estados-unidos\/#primaryimage"},"image":{"@id":"https:\/\/zonacaral.gob.pe\/es\/noticias\/ruth-shady-inaugura-exposicion-fotografica-de-la-civilizacion-caral-en-estados-unidos\/#primaryimage"},"thumbnailUrl":"https:\/\/zonacaral.gob.pe\/wp-content\/uploads\/2019\/02\/doctora-estados-unidos.jpg","datePublished":"2019-02-26T21:30:13+00:00","author":{"@id":"https:\/\/zonacaral.gob.pe\/es\/#\/schema\/person\/beddb4d22f71a7230c5b90913270a0ee"},"description":"La muestra se encuentra en la Galer\u00eda de Arte \u201cFernando de Szyszlo\u201d, en la Embajada de Per\u00fa en EE.UU., ubicada en Washington D. C. El ingreso es libre y estar\u00e1 desde el viernes, 22 de febrero, al jueves, 25 de abril, de 10: 00 a.m. a 4:00 p.m.","breadcrumb":{"@id":"https:\/\/zonacaral.gob.pe\/es\/noticias\/ruth-shady-inaugura-exposicion-fotografica-de-la-civilizacion-caral-en-estados-unidos\/#breadcrumb"},"inLanguage":"es-PE","potentialAction":[{"@type":"ReadAction","target":["https:\/\/zonacaral.gob.pe\/es\/noticias\/ruth-shady-inaugura-exposicion-fotografica-de-la-civilizacion-caral-en-estados-unidos\/"]}]},{"@type":"ImageObject","inLanguage":"es-PE","@id":"https:\/\/zonacaral.gob.pe\/es\/noticias\/ruth-shady-inaugura-exposicion-fotografica-de-la-civilizacion-caral-en-estados-unidos\/#primaryimage","url":"https:\/\/zonacaral.gob.pe\/wp-content\/uploads\/2019\/02\/doctora-estados-unidos.jpg","contentUrl":"https:\/\/zonacaral.gob.pe\/wp-content\/uploads\/2019\/02\/doctora-estados-unidos.jpg","width":810,"height":410},{"@type":"BreadcrumbList","@id":"https:\/\/zonacaral.gob.pe\/es\/noticias\/ruth-shady-inaugura-exposicion-fotografica-de-la-civilizacion-caral-en-estados-unidos\/#breadcrumb","itemListElement":[{"@type":"ListItem","position":1,"name":"Portada","item":"https:\/\/zonacaral.gob.pe\/"},{"@type":"ListItem","position":2,"name":"Ruth Shady Inaugura exposici\u00f3n fotogr\u00e1fica de la Civilizaci\u00f3n Caral en Estados Unidos"}]},{"@type":"WebSite","@id":"https:\/\/zonacaral.gob.pe\/es\/#website","url":"https:\/\/zonacaral.gob.pe\/es\/","name":"Zona Caral","description":"Investigamos, conservamos y difundimos el patrimonio cultural de la Civilizaci\u00f3n Caral, la m\u00e1s antigua de Am\u00e9rica.","potentialAction":[{"@type":"SearchAction","target":{"@type":"EntryPoint","urlTemplate":"https:\/\/zonacaral.gob.pe\/es\/?s={search_term_string}"},"query-input":{"@type":"PropertyValueSpecification","valueRequired":true,"valueName":"search_term_string"}}],"inLanguage":"es-PE"},{"@type":"Person","@id":"https:\/\/zonacaral.gob.pe\/es\/#\/schema\/person\/beddb4d22f71a7230c5b90913270a0ee","name":"Zona Caral Administrador","image":{"@type":"ImageObject","inLanguage":"es-PE","@id":"https:\/\/secure.gravatar.com\/avatar\/e4be162918a696358376de6446614e0f0f4062bdc5d170d6d540ada3d8b58c12?s=96&d=mm&r=g","url":"https:\/\/secure.gravatar.com\/avatar\/e4be162918a696358376de6446614e0f0f4062bdc5d170d6d540ada3d8b58c12?s=96&d=mm&r=g","contentUrl":"https:\/\/secure.gravatar.com\/avatar\/e4be162918a696358376de6446614e0f0f4062bdc5d170d6d540ada3d8b58c12?s=96&d=mm&r=g","caption":"Zona Caral Administrador"},"sameAs":["https:\/\/zonacaral.gob.pe"],"url":"https:\/\/zonacaral.gob.pe\/es\/noticias\/author\/ad_zonacaral\/"}]}},"_links":{"self":[{"href":"https:\/\/zonacaral.gob.pe\/es\/wp-json\/wp\/v2\/posts\/14012","targetHints":{"allow":["GET"]}}],"collection":[{"href":"https:\/\/zonacaral.gob.pe\/es\/wp-json\/wp\/v2\/posts"}],"about":[{"href":"https:\/\/zonacaral.gob.pe\/es\/wp-json\/wp\/v2\/types\/post"}],"author":[{"embeddable":true,"href":"https:\/\/zonacaral.gob.pe\/es\/wp-json\/wp\/v2\/users\/1"}],"replies":[{"embeddable":true,"href":"https:\/\/zonacaral.gob.pe\/es\/wp-json\/wp\/v2\/comments?post=14012"}],"version-history":[{"count":0,"href":"https:\/\/zonacaral.gob.pe\/es\/wp-json\/wp\/v2\/posts\/14012\/revisions"}],"wp:featuredmedia":[{"embeddable":true,"href":"https:\/\/zonacaral.gob.pe\/es\/wp-json\/wp\/v2\/media\/14013"}],"wp:attachment":[{"href":"https:\/\/zonacaral.gob.pe\/es\/wp-json\/wp\/v2\/media?parent=14012"}],"wp:term":[{"taxonomy":"category","embeddable":true,"href":"https:\/\/zonacaral.gob.pe\/es\/wp-json\/wp\/v2\/categories?post=14012"},{"taxonomy":"post_tag","embeddable":true,"href":"https:\/\/zonacaral.gob.pe\/es\/wp-json\/wp\/v2\/tags?post=14012"}],"curies":[{"name":"wp","href":"https:\/\/api.w.org\/{rel}","templated":true}]}}