{"id":14040,"date":"2019-03-19T12:30:16","date_gmt":"2019-03-19T17:30:16","guid":{"rendered":"http:\/\/www.zonacaral.gob.pe\/?p=14040"},"modified":"2019-03-19T12:30:16","modified_gmt":"2019-03-19T17:30:16","slug":"camara-de-comercio-de-lima-entrega-reconocimiento-a-la-doctora-ruth-shady","status":"publish","type":"post","link":"https:\/\/zonacaral.gob.pe\/es\/noticias\/camara-de-comercio-de-lima-entrega-reconocimiento-a-la-doctora-ruth-shady\/","title":{"rendered":"C\u00e1mara de Comercio de Lima entrega reconocimiento a la doctora Ruth Shady"},"content":{"rendered":"<figure class=\"pic-autor\" style=\"color: #4d4d4d; text-align: justify;\"><\/figure>\n<blockquote>\n<p style=\"text-align: justify;\">En el mes de la mujer, la CCL realiz\u00f3 un importante evento dirigido a las mujeres emprendedoras, el martes, 12 de marzo.<\/p>\n<\/blockquote>\n<p style=\"text-align: justify;\">La doctora Ruth Shady, directora de la Zona Arqueol\u00f3gica Caral (ZAC), unidad ejecutora del Ministerio de Cultura, recibi\u00f3 el reconocimiento de la C\u00e1mara de Comercio de Lima (CCL), en el marco del XVI Foro Internacional de la Mujer, denominado \u201cEmprendedoras Rumbo al Bicentenario\u201d.<\/p>\n<p style=\"text-align: justify;\">En el evento, realizado en el Centro de Convenciones de la CCL, se reconoci\u00f3 el trabajo de la arque\u00f3loga y antrop\u00f3loga, por su aporte en el \u00e1rea de la ciencia, de la investigaci\u00f3n y por su trabajo en Caral, la civilizaci\u00f3n m\u00e1s antigua de Am\u00e9rica.<\/p>\n<p style=\"text-align: justify;\">Luego de la actividad, Shady Sol\u00eds agradeci\u00f3 el homenaje que recibi\u00f3, junto a otras mujeres emprendedoras en diferentes \u00e1reas. \u201cMuchas gracias a este reconocimiento a la labor que venimos haciendo, no solo sobre el patrimonio arqueol\u00f3gico, sino para promover cambios en las poblaciones del entorno\u201d, dijo.<\/p>\n<p style=\"text-align: justify;\">\u201cDesde Caral, la mujer tuvo respeto y comprensi\u00f3n por el otro g\u00e9nero. (De que las mujeres) necesit\u00e1bamos participar en la sociedad para promover desarrollo y las mujeres ten\u00edan acceso al poder. Por eso, cuando llegaron los espa\u00f1oles, dijeron que los hombres de esta parte del mundo eran muy d\u00e9biles, porque permiten que las mujeres lleguen al poder. Y no es que sean d\u00e9biles, sino que comprendieron que deb\u00edan complementarse, entre hombres y mujeres, para hacer las actividades que promovieran mejores condiciones de vida en la sociedad\u201d, indic\u00f3.<\/p>\n<p style=\"text-align: justify;\">La doctora Ruth Shady, record\u00f3 que la Ciudad Sagrada de Caral, cumple, en junio, 10 a\u00f1os de denominaci\u00f3n de Patrimonio Mundial y, en octubre, 25 a\u00f1os de investigaciones, por lo que se necesita un mayor reconocimiento y apoyo, por su valor para toda Am\u00e9rica.<\/p>\n<p style=\"text-align: justify;\">\u201cSi antes hemos podido llegar a crear y formar una civilizaci\u00f3n tan importante, porqu\u00e9 en el presente no podemos llegar a ser pa\u00edses desarrollados en toda Am\u00e9rica\u201d, se\u00f1al\u00f3 a modo de reflexi\u00f3n.<\/p>\n<p style=\"text-align: justify;\">Mira sus declaraciones\u00a0<span><span style=\"color: #800000;\"><a href=\"https:\/\/www.youtube.com\/watch?v=3uBaxav_-zc\"><span style=\"color: #800000; text-decoration: underline;\">aqu\u00ed<\/span><\/a><\/span><\/span>.<\/p>\n<h5 style=\"text-align: justify;\">DATO<\/h5>\n<p style=\"text-align: justify;\">Los trabajos de investigaci\u00f3n, conservaci\u00f3n y difusi\u00f3n de la civilizaci\u00f3n Caral est\u00e1n bajo la responsabilidad de la Zona Arqueol\u00f3gica Caral. Actualmente, son 25 centros urbanos en investigaci\u00f3n, de los cuales, s\u00f3lo tres est\u00e1n abiertos al p\u00fablico: \u00c1spero, ciudad Pesquera, Vichama, ciudad agropesquera y la Ciudad Sagrada de Caral. Inf\u00f3rmate m\u00e1s de nuestras actividades en la web: zonacaral.gob.pe\/<\/p>\n<p style=\"text-align: justify;\">Conoce la civilizaci\u00f3n Caral viajando con nosotros. Inf\u00f3rmate en: 2052-517 \/ 955881340 o en la <span style=\"text-decoration: underline;\"><span style=\"color: #800000;\"><a href=\"\/www.zonacaral.gob.pe\/viajes-educativos\/inscripciones\"><span style=\"color: #800000; text-decoration: underline;\">web<\/span><\/a><\/span><\/span>.<br \/>\nTambi\u00e9n puedes escribirnos a: viajeseducativos@zonacaral.gob.pe.<\/p>\n<p style=\"text-align: justify;\">Puedes comprar nuestras publicaciones o alg\u00fan recuerdo en <span style=\"text-decoration: underline; color: #800000;\"><a href=\"https:\/\/tienda.zonacaral.gob.pe\/\"><span style=\"color: #800000; text-decoration: underline;\">La Tienda Caral<\/span><\/a><\/span>.<\/p>\n<p style=\"text-align: justify;\">Mira sus declaraciones <span style=\"text-decoration: underline;\"><span style=\"color: #800000;\"><a href=\"https:\/\/www.youtube.com\/watch?v=3uBaxav_-zc\"><span style=\"color: #800000; text-decoration: underline;\">aqu\u00ed<\/span><\/a><\/span><\/span>.<\/p>\n<p><iframe style=\"border: none; overflow: hidden;\" src=\"https:\/\/www.facebook.com\/plugins\/video.php?href=https%3A%2F%2Fwww.facebook.com%2FCARALPERU%2Fvideos%2F351123272408878%2F&amp;show_text=0&amp;width=560\" width=\"560\" height=\"400\" frameborder=\"0\" scrolling=\"no\" allowfullscreen=\"allowfullscreen\"><\/iframe><\/p>\n<p style=\"text-align: justify;\"><span style=\"color: #993300;\"><strong>Fuente<\/strong><strong>: Prensa ZAC<\/strong><\/span><\/p>\n<div style=\"color: #1f1f1f;\">\n<p style=\"text-align: justify;\">Fecha de publicaci\u00f3n: 19\/03\/2019<\/p>\n<\/div>\n","protected":false},"excerpt":{"rendered":"<p>En el mes de la mujer, la CCL realiz\u00f3 un importante evento dirigido a las mujeres emprendedoras, el martes, 12 [&hellip;]<\/p>\n","protected":false},"author":1,"featured_media":14041,"comment_status":"closed","ping_status":"open","sticky":false,"template":"","format":"standard","meta":{"_acf_changed":false,"site-sidebar-layout":"default","site-content-layout":"","ast-site-content-layout":"default","site-content-style":"default","site-sidebar-style":"default","ast-global-header-display":"","ast-banner-title-visibility":"","ast-main-header-display":"","ast-hfb-above-header-display":"","ast-hfb-below-header-display":"","ast-hfb-mobile-header-display":"","site-post-title":"","ast-breadcrumbs-content":"","ast-featured-img":"","footer-sml-layout":"","ast-disable-related-posts":"","theme-transparent-header-meta":"","adv-header-id-meta":"","stick-header-meta":"","header-above-stick-meta":"","header-main-stick-meta":"","header-below-stick-meta":"","astra-migrate-meta-layouts":"default","ast-page-background-enabled":"default","ast-page-background-meta":{"desktop":{"background-color":"var(--ast-global-color-5)","background-image":"","background-repeat":"repeat","background-position":"center center","background-size":"auto","background-attachment":"scroll","background-type":"","background-media":"","overlay-type":"","overlay-color":"","overlay-opacity":"","overlay-gradient":""},"tablet":{"background-color":"","background-image":"","background-repeat":"repeat","background-position":"center center","background-size":"auto","background-attachment":"scroll","background-type":"","background-media":"","overlay-type":"","overlay-color":"","overlay-opacity":"","overlay-gradient":""},"mobile":{"background-color":"","background-image":"","background-repeat":"repeat","background-position":"center center","background-size":"auto","background-attachment":"scroll","background-type":"","background-media":"","overlay-type":"","overlay-color":"","overlay-opacity":"","overlay-gradient":""}},"ast-content-background-meta":{"desktop":{"background-color":"var(--ast-global-color-4)","background-image":"","background-repeat":"repeat","background-position":"center center","background-size":"auto","background-attachment":"scroll","background-type":"","background-media":"","overlay-type":"","overlay-color":"","overlay-opacity":"","overlay-gradient":""},"tablet":{"background-color":"var(--ast-global-color-4)","background-image":"","background-repeat":"repeat","background-position":"center center","background-size":"auto","background-attachment":"scroll","background-type":"","background-media":"","overlay-type":"","overlay-color":"","overlay-opacity":"","overlay-gradient":""},"mobile":{"background-color":"var(--ast-global-color-4)","background-image":"","background-repeat":"repeat","background-position":"center center","background-size":"auto","background-attachment":"scroll","background-type":"","background-media":"","overlay-type":"","overlay-color":"","overlay-opacity":"","overlay-gradient":""}},"footnotes":""},"categories":[208],"tags":[55,65,82],"class_list":["post-14040","post","type-post","status-publish","format-standard","has-post-thumbnail","hentry","category-noticias","tag-caral","tag-mujer","tag-ruth-shady"],"acf":[],"yoast_head":"<!-- This site is optimized with the Yoast SEO plugin v27.3 - https:\/\/yoast.com\/product\/yoast-seo-wordpress\/ -->\n<title>C\u00e1mara de Comercio de Lima entrega reconocimiento a la doctora Ruth Shady<\/title>\n<meta name=\"description\" content=\"En el mes de la mujer, la CCL realiz\u00f3 un importante evento dirigido a las mujeres emprendedoras, el martes, 12 de marzo.\" \/>\n<meta name=\"robots\" content=\"index, follow, max-snippet:-1, max-image-preview:large, max-video-preview:-1\" \/>\n<link rel=\"canonical\" href=\"https:\/\/zonacaral.gob.pe\/es\/noticias\/camara-de-comercio-de-lima-entrega-reconocimiento-a-la-doctora-ruth-shady\/\" \/>\n<meta property=\"og:locale\" content=\"es_ES\" \/>\n<meta property=\"og:type\" content=\"article\" \/>\n<meta property=\"og:title\" content=\"C\u00e1mara de Comercio de Lima entrega reconocimiento a la doctora Ruth Shady\" \/>\n<meta property=\"og:description\" content=\"En el mes de la mujer, la CCL realiz\u00f3 un importante evento dirigido a las mujeres emprendedoras, el martes, 12 de marzo.\" \/>\n<meta property=\"og:url\" content=\"https:\/\/zonacaral.gob.pe\/es\/noticias\/camara-de-comercio-de-lima-entrega-reconocimiento-a-la-doctora-ruth-shady\/\" \/>\n<meta property=\"og:site_name\" content=\"Zona Caral\" \/>\n<meta property=\"article:published_time\" content=\"2019-03-19T17:30:16+00:00\" \/>\n<meta property=\"og:image\" content=\"https:\/\/zonacaral.gob.pe\/wp-content\/uploads\/2019\/03\/ruth.shady-camara.jpg\" \/>\n\t<meta property=\"og:image:width\" content=\"810\" \/>\n\t<meta property=\"og:image:height\" content=\"410\" \/>\n\t<meta property=\"og:image:type\" content=\"image\/jpeg\" \/>\n<meta name=\"author\" content=\"Zona Caral Administrador\" \/>\n<meta name=\"twitter:card\" content=\"summary_large_image\" \/>\n<meta name=\"twitter:label1\" content=\"Written by\" \/>\n\t<meta name=\"twitter:data1\" content=\"Zona Caral Administrador\" \/>\n\t<meta name=\"twitter:label2\" content=\"Est. reading time\" \/>\n\t<meta name=\"twitter:data2\" content=\"2 minutos\" \/>\n<script type=\"application\/ld+json\" class=\"yoast-schema-graph\">{\"@context\":\"https:\\\/\\\/schema.org\",\"@graph\":[{\"@type\":\"Article\",\"@id\":\"https:\\\/\\\/zonacaral.gob.pe\\\/es\\\/noticias\\\/camara-de-comercio-de-lima-entrega-reconocimiento-a-la-doctora-ruth-shady\\\/#article\",\"isPartOf\":{\"@id\":\"https:\\\/\\\/zonacaral.gob.pe\\\/es\\\/noticias\\\/camara-de-comercio-de-lima-entrega-reconocimiento-a-la-doctora-ruth-shady\\\/\"},\"author\":{\"name\":\"Zona Caral Administrador\",\"@id\":\"https:\\\/\\\/zonacaral.gob.pe\\\/es\\\/#\\\/schema\\\/person\\\/beddb4d22f71a7230c5b90913270a0ee\"},\"headline\":\"C\u00e1mara de Comercio de Lima entrega reconocimiento a la doctora Ruth Shady\",\"datePublished\":\"2019-03-19T17:30:16+00:00\",\"mainEntityOfPage\":{\"@id\":\"https:\\\/\\\/zonacaral.gob.pe\\\/es\\\/noticias\\\/camara-de-comercio-de-lima-entrega-reconocimiento-a-la-doctora-ruth-shady\\\/\"},\"wordCount\":479,\"image\":{\"@id\":\"https:\\\/\\\/zonacaral.gob.pe\\\/es\\\/noticias\\\/camara-de-comercio-de-lima-entrega-reconocimiento-a-la-doctora-ruth-shady\\\/#primaryimage\"},\"thumbnailUrl\":\"https:\\\/\\\/zonacaral.gob.pe\\\/wp-content\\\/uploads\\\/2019\\\/03\\\/ruth.shady-camara.jpg\",\"keywords\":[\"caral\",\"mujer\",\"Ruth Shady\"],\"articleSection\":[\"noticias\"],\"inLanguage\":\"es-PE\"},{\"@type\":\"WebPage\",\"@id\":\"https:\\\/\\\/zonacaral.gob.pe\\\/es\\\/noticias\\\/camara-de-comercio-de-lima-entrega-reconocimiento-a-la-doctora-ruth-shady\\\/\",\"url\":\"https:\\\/\\\/zonacaral.gob.pe\\\/es\\\/noticias\\\/camara-de-comercio-de-lima-entrega-reconocimiento-a-la-doctora-ruth-shady\\\/\",\"name\":\"C\u00e1mara de Comercio de Lima entrega reconocimiento a la doctora Ruth Shady\",\"isPartOf\":{\"@id\":\"https:\\\/\\\/zonacaral.gob.pe\\\/es\\\/#website\"},\"primaryImageOfPage\":{\"@id\":\"https:\\\/\\\/zonacaral.gob.pe\\\/es\\\/noticias\\\/camara-de-comercio-de-lima-entrega-reconocimiento-a-la-doctora-ruth-shady\\\/#primaryimage\"},\"image\":{\"@id\":\"https:\\\/\\\/zonacaral.gob.pe\\\/es\\\/noticias\\\/camara-de-comercio-de-lima-entrega-reconocimiento-a-la-doctora-ruth-shady\\\/#primaryimage\"},\"thumbnailUrl\":\"https:\\\/\\\/zonacaral.gob.pe\\\/wp-content\\\/uploads\\\/2019\\\/03\\\/ruth.shady-camara.jpg\",\"datePublished\":\"2019-03-19T17:30:16+00:00\",\"author\":{\"@id\":\"https:\\\/\\\/zonacaral.gob.pe\\\/es\\\/#\\\/schema\\\/person\\\/beddb4d22f71a7230c5b90913270a0ee\"},\"description\":\"En el mes de la mujer, la CCL realiz\u00f3 un importante evento dirigido a las mujeres emprendedoras, el martes, 12 de marzo.\",\"breadcrumb\":{\"@id\":\"https:\\\/\\\/zonacaral.gob.pe\\\/es\\\/noticias\\\/camara-de-comercio-de-lima-entrega-reconocimiento-a-la-doctora-ruth-shady\\\/#breadcrumb\"},\"inLanguage\":\"es-PE\",\"potentialAction\":[{\"@type\":\"ReadAction\",\"target\":[\"https:\\\/\\\/zonacaral.gob.pe\\\/es\\\/noticias\\\/camara-de-comercio-de-lima-entrega-reconocimiento-a-la-doctora-ruth-shady\\\/\"]}]},{\"@type\":\"ImageObject\",\"inLanguage\":\"es-PE\",\"@id\":\"https:\\\/\\\/zonacaral.gob.pe\\\/es\\\/noticias\\\/camara-de-comercio-de-lima-entrega-reconocimiento-a-la-doctora-ruth-shady\\\/#primaryimage\",\"url\":\"https:\\\/\\\/zonacaral.gob.pe\\\/wp-content\\\/uploads\\\/2019\\\/03\\\/ruth.shady-camara.jpg\",\"contentUrl\":\"https:\\\/\\\/zonacaral.gob.pe\\\/wp-content\\\/uploads\\\/2019\\\/03\\\/ruth.shady-camara.jpg\",\"width\":810,\"height\":410},{\"@type\":\"BreadcrumbList\",\"@id\":\"https:\\\/\\\/zonacaral.gob.pe\\\/es\\\/noticias\\\/camara-de-comercio-de-lima-entrega-reconocimiento-a-la-doctora-ruth-shady\\\/#breadcrumb\",\"itemListElement\":[{\"@type\":\"ListItem\",\"position\":1,\"name\":\"Portada\",\"item\":\"https:\\\/\\\/zonacaral.gob.pe\\\/\"},{\"@type\":\"ListItem\",\"position\":2,\"name\":\"C\u00e1mara de Comercio de Lima entrega reconocimiento a la doctora Ruth Shady\"}]},{\"@type\":\"WebSite\",\"@id\":\"https:\\\/\\\/zonacaral.gob.pe\\\/es\\\/#website\",\"url\":\"https:\\\/\\\/zonacaral.gob.pe\\\/es\\\/\",\"name\":\"Zona Caral\",\"description\":\"Investigamos, conservamos y difundimos el patrimonio cultural de la Civilizaci\u00f3n Caral, la m\u00e1s antigua de Am\u00e9rica.\",\"potentialAction\":[{\"@type\":\"SearchAction\",\"target\":{\"@type\":\"EntryPoint\",\"urlTemplate\":\"https:\\\/\\\/zonacaral.gob.pe\\\/es\\\/?s={search_term_string}\"},\"query-input\":{\"@type\":\"PropertyValueSpecification\",\"valueRequired\":true,\"valueName\":\"search_term_string\"}}],\"inLanguage\":\"es-PE\"},{\"@type\":\"Person\",\"@id\":\"https:\\\/\\\/zonacaral.gob.pe\\\/es\\\/#\\\/schema\\\/person\\\/beddb4d22f71a7230c5b90913270a0ee\",\"name\":\"Zona Caral Administrador\",\"image\":{\"@type\":\"ImageObject\",\"inLanguage\":\"es-PE\",\"@id\":\"https:\\\/\\\/secure.gravatar.com\\\/avatar\\\/e4be162918a696358376de6446614e0f0f4062bdc5d170d6d540ada3d8b58c12?s=96&d=mm&r=g\",\"url\":\"https:\\\/\\\/secure.gravatar.com\\\/avatar\\\/e4be162918a696358376de6446614e0f0f4062bdc5d170d6d540ada3d8b58c12?s=96&d=mm&r=g\",\"contentUrl\":\"https:\\\/\\\/secure.gravatar.com\\\/avatar\\\/e4be162918a696358376de6446614e0f0f4062bdc5d170d6d540ada3d8b58c12?s=96&d=mm&r=g\",\"caption\":\"Zona Caral Administrador\"},\"sameAs\":[\"https:\\\/\\\/zonacaral.gob.pe\"],\"url\":\"https:\\\/\\\/zonacaral.gob.pe\\\/es\\\/noticias\\\/author\\\/ad_zonacaral\\\/\"}]}<\/script>\n<!-- \/ Yoast SEO plugin. -->","yoast_head_json":{"title":"C\u00e1mara de Comercio de Lima entrega reconocimiento a la doctora Ruth Shady","description":"En el mes de la mujer, la CCL realiz\u00f3 un importante evento dirigido a las mujeres emprendedoras, el martes, 12 de marzo.","robots":{"index":"index","follow":"follow","max-snippet":"max-snippet:-1","max-image-preview":"max-image-preview:large","max-video-preview":"max-video-preview:-1"},"canonical":"https:\/\/zonacaral.gob.pe\/es\/noticias\/camara-de-comercio-de-lima-entrega-reconocimiento-a-la-doctora-ruth-shady\/","og_locale":"es_ES","og_type":"article","og_title":"C\u00e1mara de Comercio de Lima entrega reconocimiento a la doctora Ruth Shady","og_description":"En el mes de la mujer, la CCL realiz\u00f3 un importante evento dirigido a las mujeres emprendedoras, el martes, 12 de marzo.","og_url":"https:\/\/zonacaral.gob.pe\/es\/noticias\/camara-de-comercio-de-lima-entrega-reconocimiento-a-la-doctora-ruth-shady\/","og_site_name":"Zona Caral","article_published_time":"2019-03-19T17:30:16+00:00","og_image":[{"width":810,"height":410,"url":"https:\/\/zonacaral.gob.pe\/wp-content\/uploads\/2019\/03\/ruth.shady-camara.jpg","type":"image\/jpeg"}],"author":"Zona Caral Administrador","twitter_card":"summary_large_image","twitter_misc":{"Written by":"Zona Caral Administrador","Est. reading time":"2 minutos"},"schema":{"@context":"https:\/\/schema.org","@graph":[{"@type":"Article","@id":"https:\/\/zonacaral.gob.pe\/es\/noticias\/camara-de-comercio-de-lima-entrega-reconocimiento-a-la-doctora-ruth-shady\/#article","isPartOf":{"@id":"https:\/\/zonacaral.gob.pe\/es\/noticias\/camara-de-comercio-de-lima-entrega-reconocimiento-a-la-doctora-ruth-shady\/"},"author":{"name":"Zona Caral Administrador","@id":"https:\/\/zonacaral.gob.pe\/es\/#\/schema\/person\/beddb4d22f71a7230c5b90913270a0ee"},"headline":"C\u00e1mara de Comercio de Lima entrega reconocimiento a la doctora Ruth Shady","datePublished":"2019-03-19T17:30:16+00:00","mainEntityOfPage":{"@id":"https:\/\/zonacaral.gob.pe\/es\/noticias\/camara-de-comercio-de-lima-entrega-reconocimiento-a-la-doctora-ruth-shady\/"},"wordCount":479,"image":{"@id":"https:\/\/zonacaral.gob.pe\/es\/noticias\/camara-de-comercio-de-lima-entrega-reconocimiento-a-la-doctora-ruth-shady\/#primaryimage"},"thumbnailUrl":"https:\/\/zonacaral.gob.pe\/wp-content\/uploads\/2019\/03\/ruth.shady-camara.jpg","keywords":["caral","mujer","Ruth Shady"],"articleSection":["noticias"],"inLanguage":"es-PE"},{"@type":"WebPage","@id":"https:\/\/zonacaral.gob.pe\/es\/noticias\/camara-de-comercio-de-lima-entrega-reconocimiento-a-la-doctora-ruth-shady\/","url":"https:\/\/zonacaral.gob.pe\/es\/noticias\/camara-de-comercio-de-lima-entrega-reconocimiento-a-la-doctora-ruth-shady\/","name":"C\u00e1mara de Comercio de Lima entrega reconocimiento a la doctora Ruth Shady","isPartOf":{"@id":"https:\/\/zonacaral.gob.pe\/es\/#website"},"primaryImageOfPage":{"@id":"https:\/\/zonacaral.gob.pe\/es\/noticias\/camara-de-comercio-de-lima-entrega-reconocimiento-a-la-doctora-ruth-shady\/#primaryimage"},"image":{"@id":"https:\/\/zonacaral.gob.pe\/es\/noticias\/camara-de-comercio-de-lima-entrega-reconocimiento-a-la-doctora-ruth-shady\/#primaryimage"},"thumbnailUrl":"https:\/\/zonacaral.gob.pe\/wp-content\/uploads\/2019\/03\/ruth.shady-camara.jpg","datePublished":"2019-03-19T17:30:16+00:00","author":{"@id":"https:\/\/zonacaral.gob.pe\/es\/#\/schema\/person\/beddb4d22f71a7230c5b90913270a0ee"},"description":"En el mes de la mujer, la CCL realiz\u00f3 un importante evento dirigido a las mujeres emprendedoras, el martes, 12 de marzo.","breadcrumb":{"@id":"https:\/\/zonacaral.gob.pe\/es\/noticias\/camara-de-comercio-de-lima-entrega-reconocimiento-a-la-doctora-ruth-shady\/#breadcrumb"},"inLanguage":"es-PE","potentialAction":[{"@type":"ReadAction","target":["https:\/\/zonacaral.gob.pe\/es\/noticias\/camara-de-comercio-de-lima-entrega-reconocimiento-a-la-doctora-ruth-shady\/"]}]},{"@type":"ImageObject","inLanguage":"es-PE","@id":"https:\/\/zonacaral.gob.pe\/es\/noticias\/camara-de-comercio-de-lima-entrega-reconocimiento-a-la-doctora-ruth-shady\/#primaryimage","url":"https:\/\/zonacaral.gob.pe\/wp-content\/uploads\/2019\/03\/ruth.shady-camara.jpg","contentUrl":"https:\/\/zonacaral.gob.pe\/wp-content\/uploads\/2019\/03\/ruth.shady-camara.jpg","width":810,"height":410},{"@type":"BreadcrumbList","@id":"https:\/\/zonacaral.gob.pe\/es\/noticias\/camara-de-comercio-de-lima-entrega-reconocimiento-a-la-doctora-ruth-shady\/#breadcrumb","itemListElement":[{"@type":"ListItem","position":1,"name":"Portada","item":"https:\/\/zonacaral.gob.pe\/"},{"@type":"ListItem","position":2,"name":"C\u00e1mara de Comercio de Lima entrega reconocimiento a la doctora Ruth Shady"}]},{"@type":"WebSite","@id":"https:\/\/zonacaral.gob.pe\/es\/#website","url":"https:\/\/zonacaral.gob.pe\/es\/","name":"Zona Caral","description":"Investigamos, conservamos y difundimos el patrimonio cultural de la Civilizaci\u00f3n Caral, la m\u00e1s antigua de Am\u00e9rica.","potentialAction":[{"@type":"SearchAction","target":{"@type":"EntryPoint","urlTemplate":"https:\/\/zonacaral.gob.pe\/es\/?s={search_term_string}"},"query-input":{"@type":"PropertyValueSpecification","valueRequired":true,"valueName":"search_term_string"}}],"inLanguage":"es-PE"},{"@type":"Person","@id":"https:\/\/zonacaral.gob.pe\/es\/#\/schema\/person\/beddb4d22f71a7230c5b90913270a0ee","name":"Zona Caral Administrador","image":{"@type":"ImageObject","inLanguage":"es-PE","@id":"https:\/\/secure.gravatar.com\/avatar\/e4be162918a696358376de6446614e0f0f4062bdc5d170d6d540ada3d8b58c12?s=96&d=mm&r=g","url":"https:\/\/secure.gravatar.com\/avatar\/e4be162918a696358376de6446614e0f0f4062bdc5d170d6d540ada3d8b58c12?s=96&d=mm&r=g","contentUrl":"https:\/\/secure.gravatar.com\/avatar\/e4be162918a696358376de6446614e0f0f4062bdc5d170d6d540ada3d8b58c12?s=96&d=mm&r=g","caption":"Zona Caral Administrador"},"sameAs":["https:\/\/zonacaral.gob.pe"],"url":"https:\/\/zonacaral.gob.pe\/es\/noticias\/author\/ad_zonacaral\/"}]}},"_links":{"self":[{"href":"https:\/\/zonacaral.gob.pe\/es\/wp-json\/wp\/v2\/posts\/14040","targetHints":{"allow":["GET"]}}],"collection":[{"href":"https:\/\/zonacaral.gob.pe\/es\/wp-json\/wp\/v2\/posts"}],"about":[{"href":"https:\/\/zonacaral.gob.pe\/es\/wp-json\/wp\/v2\/types\/post"}],"author":[{"embeddable":true,"href":"https:\/\/zonacaral.gob.pe\/es\/wp-json\/wp\/v2\/users\/1"}],"replies":[{"embeddable":true,"href":"https:\/\/zonacaral.gob.pe\/es\/wp-json\/wp\/v2\/comments?post=14040"}],"version-history":[{"count":0,"href":"https:\/\/zonacaral.gob.pe\/es\/wp-json\/wp\/v2\/posts\/14040\/revisions"}],"wp:featuredmedia":[{"embeddable":true,"href":"https:\/\/zonacaral.gob.pe\/es\/wp-json\/wp\/v2\/media\/14041"}],"wp:attachment":[{"href":"https:\/\/zonacaral.gob.pe\/es\/wp-json\/wp\/v2\/media?parent=14040"}],"wp:term":[{"taxonomy":"category","embeddable":true,"href":"https:\/\/zonacaral.gob.pe\/es\/wp-json\/wp\/v2\/categories?post=14040"},{"taxonomy":"post_tag","embeddable":true,"href":"https:\/\/zonacaral.gob.pe\/es\/wp-json\/wp\/v2\/tags?post=14040"}],"curies":[{"name":"wp","href":"https:\/\/api.w.org\/{rel}","templated":true}]}}