{"id":14050,"date":"2019-03-25T17:52:00","date_gmt":"2019-03-25T22:52:00","guid":{"rendered":"http:\/\/www.zonacaral.gob.pe\/?p=14050"},"modified":"2019-03-25T17:52:00","modified_gmt":"2019-03-25T22:52:00","slug":"hallazgos-arqueologicos-en-aspero-prueban-la-interaccion-intercultural-en-peru-hace-5000-anos","status":"publish","type":"post","link":"https:\/\/zonacaral.gob.pe\/es\/noticias\/hallazgos-arqueologicos-en-aspero-prueban-la-interaccion-intercultural-en-peru-hace-5000-anos\/","title":{"rendered":"Hallazgos arqueol\u00f3gicos en \u00c1spero prueban la interacci\u00f3n intercultural en Per\u00fa, hace 5000 a\u00f1os"},"content":{"rendered":"<figure class=\"pic-autor\" style=\"color: #4d4d4d; text-align: justify;\"><\/figure>\n<blockquote>\n<p style=\"text-align: justify;\">Las poblaciones ancestrales de costa, sierra y selva del Per\u00fa se relacionaron con una visi\u00f3n de beneficio compartido.<\/p>\n<\/blockquote>\n<p style=\"text-align: justify;\">Los habitantes de la ciudad pesquera de \u00c1spero, centro urbano de la civilizaci\u00f3n Caral, desarrollaron un elaborado sistema de interacci\u00f3n interregional con poblaciones de costa, sierra y selva, a trav\u00e9s de v\u00edas terrestres y mar\u00edtimas, sostuvo, en conferencia de prensa, la doctora Ruth Shady Sol\u00eds, Directora de la Zona Arqueol\u00f3gica Caral (ZAC), Unidad Ejecutora del Ministerio de Cultura del Per\u00fa.<\/p>\n<p style=\"text-align: justify;\">Las interacciones incluyeron el intercambio de bienes, conocimientos y experiencias, en un marco de beneficio compartido y de respeto intercultural, a las costumbres, ideolog\u00eda e idiomas, pues el Per\u00fa, desde que se form\u00f3 la civilizaci\u00f3n Caral, la m\u00e1s antigua de Am\u00e9rica &#8211; entre los a\u00f1os 3000 y 1800 a.C.- ha sido un pa\u00eds pluricultural y multiling\u00fce.<\/p>\n<p style=\"text-align: justify;\">El intercambio est\u00e1 evidenciado en los hallazgos recuperados durante los catorce a\u00f1os de investigaciones de la ZAC en la ciudad pesquera de \u00c1spero, de bienes provenientes de la Amazon\u00eda, como los denominados \u201cOjos de Dios\u201d, los caracoles (Megalobulimus sp.), las plumas de guacamayo y representaciones en tupus de monos aulladores.<\/p>\n<p style=\"text-align: justify;\">Cabe destacar que en la denominada Huaca de los \u00cddolos se recuperaron un total de 28 \u201cOjos de Dios\u201d, dos en el Edificio Menor \u201cO\u201d, uno en Huaca Alta y uno en Huaca de Los Sacrificios.<\/p>\n<p style=\"text-align: justify;\">La intensificaci\u00f3n de la interacci\u00f3n con la poblaci\u00f3n de la selva se relaciona con importantes cambios sociales en \u00c1spero. Estos cambios se observan en la remodelaci\u00f3n del dise\u00f1o urbano de la ciudad, en la fundaci\u00f3n de nuevos subconjuntos residenciales y en el enterramiento de la Dama de los Cuatro Tupus, hallazgo considerado por el Instituto de Arqueolog\u00eda de Am\u00e9rica, como uno de los m\u00e1s importantes del mundo en 2016.<\/p>\n<p style=\"text-align: justify;\">De la sierra obtuvieron algunos productos como oca, y del intercambio a larga distancia tuvieron acceso al Spondylus, proveniente de Ecuador, con el cual manufacturaron cuentas para collares.<\/p>\n<p style=\"text-align: justify;\">El centro urbano \u00c1spero destaca por su importancia en la producci\u00f3n y tecnolog\u00eda pesquera. El mar fue una fuente principal para el intercambio a trav\u00e9s de la implementaci\u00f3n de redes comerciales. Entre los instrumentos de pesca resaltan: las redes hechas de algod\u00f3n, las pesas l\u00edticas y los flotadores de mate, adem\u00e1s de anzuelos elaborados con valvas de choros.<\/p>\n<p style=\"text-align: justify;\">Las investigaciones han revelado que los pobladores de \u00c1spero consum\u00edan anchoveta seca y salada, entre otros peces y especies marinas, como las machas y el choro zapato. Entre los productos agr\u00edcolas consumidos se ha registrado achira, guayaba, pacae, frijol, pallar y zapallo.<\/p>\n<p style=\"text-align: justify;\">La arque\u00f3loga Ruth Shady, junto con el Jefe de la sede ubicada en Supe Puerto, arque\u00f3logo David Palomino, y su equipo multidisciplinario, dio a conocer los resultados de las investigaciones, al conmemorarse el d\u00e9cimo cuarto aniversario del inicio de las investigaciones en \u00c1spero, ciudad pesquera de la civilizaci\u00f3n Caral. Record\u00f3 que, antes de iniciar los trabajos, se tuvo que retirar, con apoyo del alcalde de entonces, ocho mil toneladas de basura, que cubr\u00edan el sitio arqueol\u00f3gico.<\/p>\n<p style=\"text-align: justify;\">Por este aniversario, la Zona Arqueol\u00f3gica Caral ha organizado un programa cultural, que se realizar\u00e1 los d\u00edas viernes 26 y s\u00e1bado 27 de abril, en el sitio arqueol\u00f3gico \u00c1spero, en Supe Puerto. Entre las actividades que se realizar\u00e1n el viernes 26 se encuentran el Pasacalle y Corso con la participaci\u00f3n de las instituciones educativas de Supe Puerto, Supe y Barranca. El s\u00e1bado 27 se har\u00e1 la visita guiada, los estudiantes participar\u00e1n, tambi\u00e9n, en los concursos de Cometas, Maquetas y Modelado en Arcilla. Finalmente, se disfrutar\u00e1 del Festival Art\u00edstico Cultural: \u201cLo mejor de mi Tierra\u201d. La entrada al p\u00fablico ser\u00e1 gratuita.<\/p>\n<p style=\"text-align: justify;\">Para llegar al sitio arqueol\u00f3gico \u00c1spero se ingresa al distrito de Supe Puerto, provincia de Barranca, a la altura del kil\u00f3metro 191 de la Panamericana Norte, y se contin\u00faa por la plaza Grau, siguiendo los letreros de se\u00f1alizaci\u00f3n.<\/p>\n<h4>DATOS<\/h4>\n<p style=\"text-align: justify;\">El complejo arqueol\u00f3gico \u00c1spero tiene una extensi\u00f3n de 18,8 hect\u00e1reas, sobre la cual se observan 22 conjuntos arquitect\u00f3nicos, de los que se infieren la diferenciaci\u00f3n social y las actividades especializadas de sus habitantes. En un principio, sus poblaciones habr\u00edan sido itinerantes, y con el tiempo formaron aldeas de pescadores y marisqueros.<\/p>\n<p style=\"text-align: justify;\">Las t\u00e9cnicas de construcci\u00f3n que aplicaron, al igual que la forma que dieron a los edificios p\u00fablicos, son similares a aquellas que se observan en la Ciudad Sagrada de Caral. La distribuci\u00f3n arquitect\u00f3nica de \u00c1spero es arm\u00f3nica con la naturaleza.<\/p>\n<p style=\"text-align: justify;\">Desde 2005, a partir de un convenio entre la Zona Arqueol\u00f3gica Caral y la Municipalidad Distrital de Supe Puerto, se empez\u00f3 a retirar la basura que cubr\u00eda el sitio arqueol\u00f3gico y, a continuaci\u00f3n, se dio inicio a la puesta en valor y transformaci\u00f3n del sitio en un eje del desarrollo social y econ\u00f3mico de la poblaci\u00f3n circundante.<\/p>\n<p style=\"text-align: justify;\">El sitio arqueol\u00f3gico \u00c1spero est\u00e1 abierto al p\u00fablico, durante todo el a\u00f1o, de 9:00 a.m. a 4:00 p.m., de lunes a viernes, y de 9:00 a.m. a 6:00 p.m., los s\u00e1bados y domingos. Una forma de conocer \u00c1spero es participando en los Viajes Educativos que organiza la ZAC. Mayor informaci\u00f3n en: 205-2517 \/ 955881340 o en la p\u00e1gina web \u00a0\u00a0<a href=\"\/www.zonacaral.gob.pe\/viajes-educativos-2\/\">zonacaral.gob.pe\/viajes-educativos-2\/<\/a>.<\/p>\n<p style=\"text-align: justify;\"><iframe src=\"https:\/\/www.youtube.com\/embed\/U8kr1wLhvqU\" width=\"560\" height=\"400\" frameborder=\"0\" allowfullscreen=\"allowfullscreen\"><\/iframe><\/p>\n<p style=\"text-align: justify;\"><span style=\"color: #993300;\"><strong>Fuente<\/strong><strong>: Prensa ZAC<\/strong><\/span><\/p>\n<div style=\"color: #1f1f1f;\">\n<p style=\"text-align: justify;\">Fecha de publicaci\u00f3n: 25\/03\/2019<\/p>\n<\/div>\n","protected":false},"excerpt":{"rendered":"<p>Las poblaciones ancestrales de costa, sierra y selva del Per\u00fa se relacionaron con una visi\u00f3n de beneficio compartido. Los habitantes [&hellip;]<\/p>\n","protected":false},"author":1,"featured_media":14051,"comment_status":"closed","ping_status":"open","sticky":false,"template":"","format":"standard","meta":{"_acf_changed":false,"site-sidebar-layout":"default","site-content-layout":"","ast-site-content-layout":"default","site-content-style":"default","site-sidebar-style":"default","ast-global-header-display":"","ast-banner-title-visibility":"","ast-main-header-display":"","ast-hfb-above-header-display":"","ast-hfb-below-header-display":"","ast-hfb-mobile-header-display":"","site-post-title":"","ast-breadcrumbs-content":"","ast-featured-img":"","footer-sml-layout":"","ast-disable-related-posts":"","theme-transparent-header-meta":"","adv-header-id-meta":"","stick-header-meta":"","header-above-stick-meta":"","header-main-stick-meta":"","header-below-stick-meta":"","astra-migrate-meta-layouts":"default","ast-page-background-enabled":"default","ast-page-background-meta":{"desktop":{"background-color":"var(--ast-global-color-5)","background-image":"","background-repeat":"repeat","background-position":"center center","background-size":"auto","background-attachment":"scroll","background-type":"","background-media":"","overlay-type":"","overlay-color":"","overlay-opacity":"","overlay-gradient":""},"tablet":{"background-color":"","background-image":"","background-repeat":"repeat","background-position":"center center","background-size":"auto","background-attachment":"scroll","background-type":"","background-media":"","overlay-type":"","overlay-color":"","overlay-opacity":"","overlay-gradient":""},"mobile":{"background-color":"","background-image":"","background-repeat":"repeat","background-position":"center center","background-size":"auto","background-attachment":"scroll","background-type":"","background-media":"","overlay-type":"","overlay-color":"","overlay-opacity":"","overlay-gradient":""}},"ast-content-background-meta":{"desktop":{"background-color":"var(--ast-global-color-4)","background-image":"","background-repeat":"repeat","background-position":"center center","background-size":"auto","background-attachment":"scroll","background-type":"","background-media":"","overlay-type":"","overlay-color":"","overlay-opacity":"","overlay-gradient":""},"tablet":{"background-color":"var(--ast-global-color-4)","background-image":"","background-repeat":"repeat","background-position":"center center","background-size":"auto","background-attachment":"scroll","background-type":"","background-media":"","overlay-type":"","overlay-color":"","overlay-opacity":"","overlay-gradient":""},"mobile":{"background-color":"var(--ast-global-color-4)","background-image":"","background-repeat":"repeat","background-position":"center center","background-size":"auto","background-attachment":"scroll","background-type":"","background-media":"","overlay-type":"","overlay-color":"","overlay-opacity":"","overlay-gradient":""}},"footnotes":""},"categories":[208],"tags":[63,55,82],"class_list":["post-14050","post","type-post","status-publish","format-standard","has-post-thumbnail","hentry","category-noticias","tag-aspero","tag-caral","tag-ruth-shady"],"acf":[],"yoast_head":"<!-- This site is optimized with the Yoast SEO plugin v27.3 - https:\/\/yoast.com\/product\/yoast-seo-wordpress\/ -->\n<title>Hallazgos arqueol\u00f3gicos en \u00c1spero prueban la interacci\u00f3n intercultural en Per\u00fa, hace 5000 a\u00f1os<\/title>\n<meta name=\"description\" content=\"Las poblaciones ancestrales de costa, sierra y selva del Per\u00fa se relacionaron con una visi\u00f3n de beneficio compartido.\" \/>\n<meta name=\"robots\" content=\"index, follow, max-snippet:-1, max-image-preview:large, max-video-preview:-1\" \/>\n<link rel=\"canonical\" href=\"https:\/\/zonacaral.gob.pe\/es\/noticias\/hallazgos-arqueologicos-en-aspero-prueban-la-interaccion-intercultural-en-peru-hace-5000-anos\/\" \/>\n<meta property=\"og:locale\" content=\"es_ES\" \/>\n<meta property=\"og:type\" content=\"article\" \/>\n<meta property=\"og:title\" content=\"Hallazgos arqueol\u00f3gicos en \u00c1spero prueban la interacci\u00f3n intercultural en Per\u00fa, hace 5000 a\u00f1os\" \/>\n<meta property=\"og:description\" content=\"Las poblaciones ancestrales de costa, sierra y selva del Per\u00fa se relacionaron con una visi\u00f3n de beneficio compartido.\" \/>\n<meta property=\"og:url\" content=\"https:\/\/zonacaral.gob.pe\/es\/noticias\/hallazgos-arqueologicos-en-aspero-prueban-la-interaccion-intercultural-en-peru-hace-5000-anos\/\" \/>\n<meta property=\"og:site_name\" content=\"Zona Caral\" \/>\n<meta property=\"article:published_time\" content=\"2019-03-25T22:52:00+00:00\" \/>\n<meta property=\"og:image\" content=\"https:\/\/zonacaral.gob.pe\/wp-content\/uploads\/2019\/03\/ruth-shady-14-aspero.jpg\" \/>\n\t<meta property=\"og:image:width\" content=\"810\" \/>\n\t<meta property=\"og:image:height\" content=\"410\" \/>\n\t<meta property=\"og:image:type\" content=\"image\/jpeg\" \/>\n<meta name=\"author\" content=\"Zona Caral Administrador\" \/>\n<meta name=\"twitter:card\" content=\"summary_large_image\" \/>\n<meta name=\"twitter:label1\" content=\"Written by\" \/>\n\t<meta name=\"twitter:data1\" content=\"Zona Caral Administrador\" \/>\n\t<meta name=\"twitter:label2\" content=\"Est. reading time\" \/>\n\t<meta name=\"twitter:data2\" content=\"5 minutos\" \/>\n<script type=\"application\/ld+json\" class=\"yoast-schema-graph\">{\"@context\":\"https:\\\/\\\/schema.org\",\"@graph\":[{\"@type\":\"Article\",\"@id\":\"https:\\\/\\\/zonacaral.gob.pe\\\/es\\\/noticias\\\/hallazgos-arqueologicos-en-aspero-prueban-la-interaccion-intercultural-en-peru-hace-5000-anos\\\/#article\",\"isPartOf\":{\"@id\":\"https:\\\/\\\/zonacaral.gob.pe\\\/es\\\/noticias\\\/hallazgos-arqueologicos-en-aspero-prueban-la-interaccion-intercultural-en-peru-hace-5000-anos\\\/\"},\"author\":{\"name\":\"Zona Caral Administrador\",\"@id\":\"https:\\\/\\\/zonacaral.gob.pe\\\/es\\\/#\\\/schema\\\/person\\\/beddb4d22f71a7230c5b90913270a0ee\"},\"headline\":\"Hallazgos arqueol\u00f3gicos en \u00c1spero prueban la interacci\u00f3n intercultural en Per\u00fa, hace 5000 a\u00f1os\",\"datePublished\":\"2019-03-25T22:52:00+00:00\",\"mainEntityOfPage\":{\"@id\":\"https:\\\/\\\/zonacaral.gob.pe\\\/es\\\/noticias\\\/hallazgos-arqueologicos-en-aspero-prueban-la-interaccion-intercultural-en-peru-hace-5000-anos\\\/\"},\"wordCount\":935,\"image\":{\"@id\":\"https:\\\/\\\/zonacaral.gob.pe\\\/es\\\/noticias\\\/hallazgos-arqueologicos-en-aspero-prueban-la-interaccion-intercultural-en-peru-hace-5000-anos\\\/#primaryimage\"},\"thumbnailUrl\":\"https:\\\/\\\/zonacaral.gob.pe\\\/wp-content\\\/uploads\\\/2019\\\/03\\\/ruth-shady-14-aspero.jpg\",\"keywords\":[\"Aspero\",\"caral\",\"Ruth Shady\"],\"articleSection\":[\"noticias\"],\"inLanguage\":\"es-PE\"},{\"@type\":\"WebPage\",\"@id\":\"https:\\\/\\\/zonacaral.gob.pe\\\/es\\\/noticias\\\/hallazgos-arqueologicos-en-aspero-prueban-la-interaccion-intercultural-en-peru-hace-5000-anos\\\/\",\"url\":\"https:\\\/\\\/zonacaral.gob.pe\\\/es\\\/noticias\\\/hallazgos-arqueologicos-en-aspero-prueban-la-interaccion-intercultural-en-peru-hace-5000-anos\\\/\",\"name\":\"Hallazgos arqueol\u00f3gicos en \u00c1spero prueban la interacci\u00f3n intercultural en Per\u00fa, hace 5000 a\u00f1os\",\"isPartOf\":{\"@id\":\"https:\\\/\\\/zonacaral.gob.pe\\\/es\\\/#website\"},\"primaryImageOfPage\":{\"@id\":\"https:\\\/\\\/zonacaral.gob.pe\\\/es\\\/noticias\\\/hallazgos-arqueologicos-en-aspero-prueban-la-interaccion-intercultural-en-peru-hace-5000-anos\\\/#primaryimage\"},\"image\":{\"@id\":\"https:\\\/\\\/zonacaral.gob.pe\\\/es\\\/noticias\\\/hallazgos-arqueologicos-en-aspero-prueban-la-interaccion-intercultural-en-peru-hace-5000-anos\\\/#primaryimage\"},\"thumbnailUrl\":\"https:\\\/\\\/zonacaral.gob.pe\\\/wp-content\\\/uploads\\\/2019\\\/03\\\/ruth-shady-14-aspero.jpg\",\"datePublished\":\"2019-03-25T22:52:00+00:00\",\"author\":{\"@id\":\"https:\\\/\\\/zonacaral.gob.pe\\\/es\\\/#\\\/schema\\\/person\\\/beddb4d22f71a7230c5b90913270a0ee\"},\"description\":\"Las poblaciones ancestrales de costa, sierra y selva del Per\u00fa se relacionaron con una visi\u00f3n de beneficio compartido.\",\"breadcrumb\":{\"@id\":\"https:\\\/\\\/zonacaral.gob.pe\\\/es\\\/noticias\\\/hallazgos-arqueologicos-en-aspero-prueban-la-interaccion-intercultural-en-peru-hace-5000-anos\\\/#breadcrumb\"},\"inLanguage\":\"es-PE\",\"potentialAction\":[{\"@type\":\"ReadAction\",\"target\":[\"https:\\\/\\\/zonacaral.gob.pe\\\/es\\\/noticias\\\/hallazgos-arqueologicos-en-aspero-prueban-la-interaccion-intercultural-en-peru-hace-5000-anos\\\/\"]}]},{\"@type\":\"ImageObject\",\"inLanguage\":\"es-PE\",\"@id\":\"https:\\\/\\\/zonacaral.gob.pe\\\/es\\\/noticias\\\/hallazgos-arqueologicos-en-aspero-prueban-la-interaccion-intercultural-en-peru-hace-5000-anos\\\/#primaryimage\",\"url\":\"https:\\\/\\\/zonacaral.gob.pe\\\/wp-content\\\/uploads\\\/2019\\\/03\\\/ruth-shady-14-aspero.jpg\",\"contentUrl\":\"https:\\\/\\\/zonacaral.gob.pe\\\/wp-content\\\/uploads\\\/2019\\\/03\\\/ruth-shady-14-aspero.jpg\",\"width\":810,\"height\":410},{\"@type\":\"BreadcrumbList\",\"@id\":\"https:\\\/\\\/zonacaral.gob.pe\\\/es\\\/noticias\\\/hallazgos-arqueologicos-en-aspero-prueban-la-interaccion-intercultural-en-peru-hace-5000-anos\\\/#breadcrumb\",\"itemListElement\":[{\"@type\":\"ListItem\",\"position\":1,\"name\":\"Portada\",\"item\":\"https:\\\/\\\/zonacaral.gob.pe\\\/\"},{\"@type\":\"ListItem\",\"position\":2,\"name\":\"Hallazgos arqueol\u00f3gicos en \u00c1spero prueban la interacci\u00f3n intercultural en Per\u00fa, hace 5000 a\u00f1os\"}]},{\"@type\":\"WebSite\",\"@id\":\"https:\\\/\\\/zonacaral.gob.pe\\\/es\\\/#website\",\"url\":\"https:\\\/\\\/zonacaral.gob.pe\\\/es\\\/\",\"name\":\"Zona Caral\",\"description\":\"Investigamos, conservamos y difundimos el patrimonio cultural de la Civilizaci\u00f3n Caral, la m\u00e1s antigua de Am\u00e9rica.\",\"potentialAction\":[{\"@type\":\"SearchAction\",\"target\":{\"@type\":\"EntryPoint\",\"urlTemplate\":\"https:\\\/\\\/zonacaral.gob.pe\\\/es\\\/?s={search_term_string}\"},\"query-input\":{\"@type\":\"PropertyValueSpecification\",\"valueRequired\":true,\"valueName\":\"search_term_string\"}}],\"inLanguage\":\"es-PE\"},{\"@type\":\"Person\",\"@id\":\"https:\\\/\\\/zonacaral.gob.pe\\\/es\\\/#\\\/schema\\\/person\\\/beddb4d22f71a7230c5b90913270a0ee\",\"name\":\"Zona Caral Administrador\",\"image\":{\"@type\":\"ImageObject\",\"inLanguage\":\"es-PE\",\"@id\":\"https:\\\/\\\/secure.gravatar.com\\\/avatar\\\/e4be162918a696358376de6446614e0f0f4062bdc5d170d6d540ada3d8b58c12?s=96&d=mm&r=g\",\"url\":\"https:\\\/\\\/secure.gravatar.com\\\/avatar\\\/e4be162918a696358376de6446614e0f0f4062bdc5d170d6d540ada3d8b58c12?s=96&d=mm&r=g\",\"contentUrl\":\"https:\\\/\\\/secure.gravatar.com\\\/avatar\\\/e4be162918a696358376de6446614e0f0f4062bdc5d170d6d540ada3d8b58c12?s=96&d=mm&r=g\",\"caption\":\"Zona Caral Administrador\"},\"sameAs\":[\"https:\\\/\\\/zonacaral.gob.pe\"],\"url\":\"https:\\\/\\\/zonacaral.gob.pe\\\/es\\\/noticias\\\/author\\\/ad_zonacaral\\\/\"}]}<\/script>\n<!-- \/ Yoast SEO plugin. -->","yoast_head_json":{"title":"Hallazgos arqueol\u00f3gicos en \u00c1spero prueban la interacci\u00f3n intercultural en Per\u00fa, hace 5000 a\u00f1os","description":"Las poblaciones ancestrales de costa, sierra y selva del Per\u00fa se relacionaron con una visi\u00f3n de beneficio compartido.","robots":{"index":"index","follow":"follow","max-snippet":"max-snippet:-1","max-image-preview":"max-image-preview:large","max-video-preview":"max-video-preview:-1"},"canonical":"https:\/\/zonacaral.gob.pe\/es\/noticias\/hallazgos-arqueologicos-en-aspero-prueban-la-interaccion-intercultural-en-peru-hace-5000-anos\/","og_locale":"es_ES","og_type":"article","og_title":"Hallazgos arqueol\u00f3gicos en \u00c1spero prueban la interacci\u00f3n intercultural en Per\u00fa, hace 5000 a\u00f1os","og_description":"Las poblaciones ancestrales de costa, sierra y selva del Per\u00fa se relacionaron con una visi\u00f3n de beneficio compartido.","og_url":"https:\/\/zonacaral.gob.pe\/es\/noticias\/hallazgos-arqueologicos-en-aspero-prueban-la-interaccion-intercultural-en-peru-hace-5000-anos\/","og_site_name":"Zona Caral","article_published_time":"2019-03-25T22:52:00+00:00","og_image":[{"width":810,"height":410,"url":"https:\/\/zonacaral.gob.pe\/wp-content\/uploads\/2019\/03\/ruth-shady-14-aspero.jpg","type":"image\/jpeg"}],"author":"Zona Caral Administrador","twitter_card":"summary_large_image","twitter_misc":{"Written by":"Zona Caral Administrador","Est. reading time":"5 minutos"},"schema":{"@context":"https:\/\/schema.org","@graph":[{"@type":"Article","@id":"https:\/\/zonacaral.gob.pe\/es\/noticias\/hallazgos-arqueologicos-en-aspero-prueban-la-interaccion-intercultural-en-peru-hace-5000-anos\/#article","isPartOf":{"@id":"https:\/\/zonacaral.gob.pe\/es\/noticias\/hallazgos-arqueologicos-en-aspero-prueban-la-interaccion-intercultural-en-peru-hace-5000-anos\/"},"author":{"name":"Zona Caral Administrador","@id":"https:\/\/zonacaral.gob.pe\/es\/#\/schema\/person\/beddb4d22f71a7230c5b90913270a0ee"},"headline":"Hallazgos arqueol\u00f3gicos en \u00c1spero prueban la interacci\u00f3n intercultural en Per\u00fa, hace 5000 a\u00f1os","datePublished":"2019-03-25T22:52:00+00:00","mainEntityOfPage":{"@id":"https:\/\/zonacaral.gob.pe\/es\/noticias\/hallazgos-arqueologicos-en-aspero-prueban-la-interaccion-intercultural-en-peru-hace-5000-anos\/"},"wordCount":935,"image":{"@id":"https:\/\/zonacaral.gob.pe\/es\/noticias\/hallazgos-arqueologicos-en-aspero-prueban-la-interaccion-intercultural-en-peru-hace-5000-anos\/#primaryimage"},"thumbnailUrl":"https:\/\/zonacaral.gob.pe\/wp-content\/uploads\/2019\/03\/ruth-shady-14-aspero.jpg","keywords":["Aspero","caral","Ruth Shady"],"articleSection":["noticias"],"inLanguage":"es-PE"},{"@type":"WebPage","@id":"https:\/\/zonacaral.gob.pe\/es\/noticias\/hallazgos-arqueologicos-en-aspero-prueban-la-interaccion-intercultural-en-peru-hace-5000-anos\/","url":"https:\/\/zonacaral.gob.pe\/es\/noticias\/hallazgos-arqueologicos-en-aspero-prueban-la-interaccion-intercultural-en-peru-hace-5000-anos\/","name":"Hallazgos arqueol\u00f3gicos en \u00c1spero prueban la interacci\u00f3n intercultural en Per\u00fa, hace 5000 a\u00f1os","isPartOf":{"@id":"https:\/\/zonacaral.gob.pe\/es\/#website"},"primaryImageOfPage":{"@id":"https:\/\/zonacaral.gob.pe\/es\/noticias\/hallazgos-arqueologicos-en-aspero-prueban-la-interaccion-intercultural-en-peru-hace-5000-anos\/#primaryimage"},"image":{"@id":"https:\/\/zonacaral.gob.pe\/es\/noticias\/hallazgos-arqueologicos-en-aspero-prueban-la-interaccion-intercultural-en-peru-hace-5000-anos\/#primaryimage"},"thumbnailUrl":"https:\/\/zonacaral.gob.pe\/wp-content\/uploads\/2019\/03\/ruth-shady-14-aspero.jpg","datePublished":"2019-03-25T22:52:00+00:00","author":{"@id":"https:\/\/zonacaral.gob.pe\/es\/#\/schema\/person\/beddb4d22f71a7230c5b90913270a0ee"},"description":"Las poblaciones ancestrales de costa, sierra y selva del Per\u00fa se relacionaron con una visi\u00f3n de beneficio compartido.","breadcrumb":{"@id":"https:\/\/zonacaral.gob.pe\/es\/noticias\/hallazgos-arqueologicos-en-aspero-prueban-la-interaccion-intercultural-en-peru-hace-5000-anos\/#breadcrumb"},"inLanguage":"es-PE","potentialAction":[{"@type":"ReadAction","target":["https:\/\/zonacaral.gob.pe\/es\/noticias\/hallazgos-arqueologicos-en-aspero-prueban-la-interaccion-intercultural-en-peru-hace-5000-anos\/"]}]},{"@type":"ImageObject","inLanguage":"es-PE","@id":"https:\/\/zonacaral.gob.pe\/es\/noticias\/hallazgos-arqueologicos-en-aspero-prueban-la-interaccion-intercultural-en-peru-hace-5000-anos\/#primaryimage","url":"https:\/\/zonacaral.gob.pe\/wp-content\/uploads\/2019\/03\/ruth-shady-14-aspero.jpg","contentUrl":"https:\/\/zonacaral.gob.pe\/wp-content\/uploads\/2019\/03\/ruth-shady-14-aspero.jpg","width":810,"height":410},{"@type":"BreadcrumbList","@id":"https:\/\/zonacaral.gob.pe\/es\/noticias\/hallazgos-arqueologicos-en-aspero-prueban-la-interaccion-intercultural-en-peru-hace-5000-anos\/#breadcrumb","itemListElement":[{"@type":"ListItem","position":1,"name":"Portada","item":"https:\/\/zonacaral.gob.pe\/"},{"@type":"ListItem","position":2,"name":"Hallazgos arqueol\u00f3gicos en \u00c1spero prueban la interacci\u00f3n intercultural en Per\u00fa, hace 5000 a\u00f1os"}]},{"@type":"WebSite","@id":"https:\/\/zonacaral.gob.pe\/es\/#website","url":"https:\/\/zonacaral.gob.pe\/es\/","name":"Zona Caral","description":"Investigamos, conservamos y difundimos el patrimonio cultural de la Civilizaci\u00f3n Caral, la m\u00e1s antigua de Am\u00e9rica.","potentialAction":[{"@type":"SearchAction","target":{"@type":"EntryPoint","urlTemplate":"https:\/\/zonacaral.gob.pe\/es\/?s={search_term_string}"},"query-input":{"@type":"PropertyValueSpecification","valueRequired":true,"valueName":"search_term_string"}}],"inLanguage":"es-PE"},{"@type":"Person","@id":"https:\/\/zonacaral.gob.pe\/es\/#\/schema\/person\/beddb4d22f71a7230c5b90913270a0ee","name":"Zona Caral Administrador","image":{"@type":"ImageObject","inLanguage":"es-PE","@id":"https:\/\/secure.gravatar.com\/avatar\/e4be162918a696358376de6446614e0f0f4062bdc5d170d6d540ada3d8b58c12?s=96&d=mm&r=g","url":"https:\/\/secure.gravatar.com\/avatar\/e4be162918a696358376de6446614e0f0f4062bdc5d170d6d540ada3d8b58c12?s=96&d=mm&r=g","contentUrl":"https:\/\/secure.gravatar.com\/avatar\/e4be162918a696358376de6446614e0f0f4062bdc5d170d6d540ada3d8b58c12?s=96&d=mm&r=g","caption":"Zona Caral Administrador"},"sameAs":["https:\/\/zonacaral.gob.pe"],"url":"https:\/\/zonacaral.gob.pe\/es\/noticias\/author\/ad_zonacaral\/"}]}},"_links":{"self":[{"href":"https:\/\/zonacaral.gob.pe\/es\/wp-json\/wp\/v2\/posts\/14050","targetHints":{"allow":["GET"]}}],"collection":[{"href":"https:\/\/zonacaral.gob.pe\/es\/wp-json\/wp\/v2\/posts"}],"about":[{"href":"https:\/\/zonacaral.gob.pe\/es\/wp-json\/wp\/v2\/types\/post"}],"author":[{"embeddable":true,"href":"https:\/\/zonacaral.gob.pe\/es\/wp-json\/wp\/v2\/users\/1"}],"replies":[{"embeddable":true,"href":"https:\/\/zonacaral.gob.pe\/es\/wp-json\/wp\/v2\/comments?post=14050"}],"version-history":[{"count":0,"href":"https:\/\/zonacaral.gob.pe\/es\/wp-json\/wp\/v2\/posts\/14050\/revisions"}],"wp:featuredmedia":[{"embeddable":true,"href":"https:\/\/zonacaral.gob.pe\/es\/wp-json\/wp\/v2\/media\/14051"}],"wp:attachment":[{"href":"https:\/\/zonacaral.gob.pe\/es\/wp-json\/wp\/v2\/media?parent=14050"}],"wp:term":[{"taxonomy":"category","embeddable":true,"href":"https:\/\/zonacaral.gob.pe\/es\/wp-json\/wp\/v2\/categories?post=14050"},{"taxonomy":"post_tag","embeddable":true,"href":"https:\/\/zonacaral.gob.pe\/es\/wp-json\/wp\/v2\/tags?post=14050"}],"curies":[{"name":"wp","href":"https:\/\/api.w.org\/{rel}","templated":true}]}}