{"id":14066,"date":"2019-04-02T18:22:39","date_gmt":"2019-04-02T23:22:39","guid":{"rendered":"http:\/\/www.zonacaral.gob.pe\/?p=14066"},"modified":"2019-04-02T18:22:39","modified_gmt":"2019-04-02T23:22:39","slug":"ruth-shady-recibe-maxima-condecoracion-del-gobierno-regional-de-lima","status":"publish","type":"post","link":"https:\/\/zonacaral.gob.pe\/es\/noticias\/ruth-shady-recibe-maxima-condecoracion-del-gobierno-regional-de-lima\/","title":{"rendered":"Ruth Shady recibe m\u00e1xima condecoraci\u00f3n del Gobierno Regional de Lima"},"content":{"rendered":"<figure class=\"pic-autor\" style=\"color: #4d4d4d; text-align: justify;\"><\/figure>\n<blockquote><p>La doctora <strong>Ruth Shady Sol\u00eds<\/strong>, Directora de la Zona Arqueol\u00f3gica Caral, unidad ejecutora del Ministerio de Cultura, recibi\u00f3 la m\u00e1xima condecoraci\u00f3n del Gobierno Regional de Lima, denominada: General Don Jos\u00e9 de San Mart\u00edn, en el grado de Libertador de la Rep\u00fablica, en Honor al Intelecto.<\/p><\/blockquote>\n<p>El reconocimiento, entregado el \u00faltimo viernes en el Centro de Recepci\u00f3n de la Ciudad Sagrada de Caral, ubicado en el valle de Supe \u2013 Barranca, por el gobernador Ricardo Chevarr\u00eda, se debe al trabajo de la arque\u00f3loga al frente de las investigaciones sobre la civilizaci\u00f3n Caral y la puesta en valor de los sitios arqueol\u00f3gicos que la conforman.<\/p>\n<p>\u201cPor su distinguida labor y compromiso inquebrantable en la investigaci\u00f3n y conservaci\u00f3n del patrimonio cultural y natural que han impactado positivamente en la sociedad y han dejado en alto a la Regi\u00f3n\u201d, reza en la redacci\u00f3n de la Resoluci\u00f3n Directiva Regional que se entreg\u00f3 a la Directora de la ZAC.<\/p>\n<p>\u201cPara nosotros es un honor hacerle entrega de este reconocimiento pues la consideramos una gran profesional que nos ha dado muchos logros en la Ciudad Sagrada de Caral. Nuestras felicitaciones sinceras, que siga este trabajo y con nuestro compromiso de seguir trabajando con usted y de promocionar la Ciudad Sagrada de Caral, al pa\u00eds y al mundo. Queremos considerar a Machu Picchu, para la Regi\u00f3n Cusco, y a la Ciudad Sagrada de Caral, para la Regi\u00f3n Lima\u201d, dijo en su alocuci\u00f3n el gobernador Chevarr\u00eda, tras colocarle la medalla de honor y entregarle la respectiva resoluci\u00f3n.<\/p>\n<p>A su turno, la doctora Ruth Shady, resalt\u00f3 que en la civilizaci\u00f3n Caral existi\u00f3 la producci\u00f3n de conocimientos en ciencia y tecnolog\u00eda, y que adem\u00e1s supieron identificar el espacio y \u00e1rea natural donde constru\u00edan, \u201cy es algo que debemos hacer en la actualidad, pues no todos los territorios son iguales\u201d.<\/p>\n<p>\u201cLas regiones se formaron sobre la base de los departamentos existentes y los departamentos se formaron sobre la base de las intendencias espa\u00f1olas que no tuvieron en cuenta la diversidad del territorio. Es por ello que a la fecha no sabemos manejarlo\u2026 Espero que, a la llegada del Bicentenario, en el 2021, podamos reflexionar qu\u00e9 hemos cambiado de aquello que nos impusieron en tres siglos los espa\u00f1oles, que era un modelo que no respond\u00eda a la realidad de nuestros pa\u00edses, qu\u00e9 debemos superar, modificar\u201d, dijo en su breve presentaci\u00f3n.<\/p>\n<p>Esta actividad se desarroll\u00f3 en el marco de la presentaci\u00f3n del Plan \u201cRegi\u00f3n Lima, Rumbo al Bicentenario\u201d del GORE Lima, que se desarroll\u00f3 en la provincia de Huacho, con la participaci\u00f3n de diversas autoridades de esa regi\u00f3n y de las provincias, distritos, centros poblados, y de otras instituciones p\u00fablicas y privadas.<\/p>\n<p>Al evento tambi\u00e9n asistieron los representantes del sector agrario y artesanal, de las diferentes zonas de la Regi\u00f3n Lima, quienes mostraron sus productos. Asimismo, se presentaron danzas costumbristas y la gastronom\u00eda del lugar.<\/p>\n<h4>DATO<\/h4>\n<p>La antrop\u00f3loga, arque\u00f3loga y educadora sanmarquina, <strong>Ruth Shady<\/strong>, es ganadora del <strong>Premio Nacional L\u2019Or\u00e9al \u2013 UNESCO \u2013 CONCYTEC \u2013 ANC \u2013 \u201cPor las mujeres en la Ciencia\u201d 2018<\/strong>, promovido por el Fondo Nacional de Desarrollo Cient\u00edfico, Tecnol\u00f3gico y de Innovaci\u00f3n Tecnol\u00f3gica \u2013 FONDECYT, en el campo cient\u00edfico de Arqueolog\u00eda.<\/p>\n<p>De igual manera, a lo largo de su carrera, ha sido reconocida por diversas instituciones, como la Presidencia del Consejo de Ministros, el Congreso de la Rep\u00fablica, entre otras entidades p\u00fablicas y privadas, las cuales valoran su importante aporte al patrimonio cultural del pa\u00eds.<\/p>\n<p>Conoce m\u00e1s sobre Caral, participando en el programa de difusi\u00f3n cultural \u201cViajes Educativos\u201d. Inf\u00f3rmate en: 2052-517 \/ 955881340 (WhatsApp) o en la web: <a href=\"\/www.zonacaral.gob.pe\/viajes-educativos\/inscripciones\">zonacaral.gob.pe\/viajes-educativos\/inscripciones<\/a>. Tambi\u00e9n puedes escribirnos a: viajeseducativos@zonacaral.gob.pe.<\/p>\n<p style=\"text-align: justify;\"><span style=\"color: #993300;\"><strong>Fuente<\/strong><strong>: Prensa ZAC<\/strong><\/span><\/p>\n<div style=\"color: #1f1f1f;\">\n<p style=\"text-align: justify;\">Fecha de publicaci\u00f3n: 03\/04\/2019<\/p>\n<\/div>\n","protected":false},"excerpt":{"rendered":"<p>La doctora Ruth Shady Sol\u00eds, Directora de la Zona Arqueol\u00f3gica Caral, unidad ejecutora del Ministerio de Cultura, recibi\u00f3 la m\u00e1xima [&hellip;]<\/p>\n","protected":false},"author":1,"featured_media":14068,"comment_status":"closed","ping_status":"open","sticky":false,"template":"","format":"standard","meta":{"_acf_changed":false,"site-sidebar-layout":"default","site-content-layout":"","ast-site-content-layout":"default","site-content-style":"default","site-sidebar-style":"default","ast-global-header-display":"","ast-banner-title-visibility":"","ast-main-header-display":"","ast-hfb-above-header-display":"","ast-hfb-below-header-display":"","ast-hfb-mobile-header-display":"","site-post-title":"","ast-breadcrumbs-content":"","ast-featured-img":"","footer-sml-layout":"","ast-disable-related-posts":"","theme-transparent-header-meta":"","adv-header-id-meta":"","stick-header-meta":"","header-above-stick-meta":"","header-main-stick-meta":"","header-below-stick-meta":"","astra-migrate-meta-layouts":"default","ast-page-background-enabled":"default","ast-page-background-meta":{"desktop":{"background-color":"var(--ast-global-color-5)","background-image":"","background-repeat":"repeat","background-position":"center center","background-size":"auto","background-attachment":"scroll","background-type":"","background-media":"","overlay-type":"","overlay-color":"","overlay-opacity":"","overlay-gradient":""},"tablet":{"background-color":"","background-image":"","background-repeat":"repeat","background-position":"center center","background-size":"auto","background-attachment":"scroll","background-type":"","background-media":"","overlay-type":"","overlay-color":"","overlay-opacity":"","overlay-gradient":""},"mobile":{"background-color":"","background-image":"","background-repeat":"repeat","background-position":"center center","background-size":"auto","background-attachment":"scroll","background-type":"","background-media":"","overlay-type":"","overlay-color":"","overlay-opacity":"","overlay-gradient":""}},"ast-content-background-meta":{"desktop":{"background-color":"var(--ast-global-color-4)","background-image":"","background-repeat":"repeat","background-position":"center center","background-size":"auto","background-attachment":"scroll","background-type":"","background-media":"","overlay-type":"","overlay-color":"","overlay-opacity":"","overlay-gradient":""},"tablet":{"background-color":"var(--ast-global-color-4)","background-image":"","background-repeat":"repeat","background-position":"center center","background-size":"auto","background-attachment":"scroll","background-type":"","background-media":"","overlay-type":"","overlay-color":"","overlay-opacity":"","overlay-gradient":""},"mobile":{"background-color":"var(--ast-global-color-4)","background-image":"","background-repeat":"repeat","background-position":"center center","background-size":"auto","background-attachment":"scroll","background-type":"","background-media":"","overlay-type":"","overlay-color":"","overlay-opacity":"","overlay-gradient":""}},"footnotes":""},"categories":[208],"tags":[55,82],"class_list":["post-14066","post","type-post","status-publish","format-standard","has-post-thumbnail","hentry","category-noticias","tag-caral","tag-ruth-shady"],"acf":[],"yoast_head":"<!-- This site is optimized with the Yoast SEO plugin v27.3 - https:\/\/yoast.com\/product\/yoast-seo-wordpress\/ -->\n<title>Ruth Shady recibe m\u00e1xima condecoraci\u00f3n del Gobierno Regional de Lima<\/title>\n<meta name=\"description\" content=\"La doctora Ruth Shady Sol\u00eds, Directora de la Zona Arqueol\u00f3gica Caral, unidad ejecutora del Ministerio de Cultura, recibi\u00f3 la m\u00e1xima condecoraci\u00f3n del Gobierno Regional de Lima, denominada: General Don Jos\u00e9 de San Mart\u00edn, en el grado de Libertador de la Rep\u00fablica, en Honor al Intelecto.\" \/>\n<meta name=\"robots\" content=\"index, follow, max-snippet:-1, max-image-preview:large, max-video-preview:-1\" \/>\n<link rel=\"canonical\" href=\"https:\/\/zonacaral.gob.pe\/es\/noticias\/ruth-shady-recibe-maxima-condecoracion-del-gobierno-regional-de-lima\/\" \/>\n<meta property=\"og:locale\" content=\"es_ES\" \/>\n<meta property=\"og:type\" content=\"article\" \/>\n<meta property=\"og:title\" content=\"Ruth Shady recibe m\u00e1xima condecoraci\u00f3n del Gobierno Regional de Lima\" \/>\n<meta property=\"og:description\" content=\"La doctora Ruth Shady Sol\u00eds, Directora de la Zona Arqueol\u00f3gica Caral, unidad ejecutora del Ministerio de Cultura, recibi\u00f3 la m\u00e1xima condecoraci\u00f3n del Gobierno Regional de Lima, denominada: General Don Jos\u00e9 de San Mart\u00edn, en el grado de Libertador de la Rep\u00fablica, en Honor al Intelecto.\" \/>\n<meta property=\"og:url\" content=\"https:\/\/zonacaral.gob.pe\/es\/noticias\/ruth-shady-recibe-maxima-condecoracion-del-gobierno-regional-de-lima\/\" \/>\n<meta property=\"og:site_name\" content=\"Zona Caral\" \/>\n<meta property=\"article:published_time\" content=\"2019-04-02T23:22:39+00:00\" \/>\n<meta property=\"og:image\" content=\"https:\/\/zonacaral.gob.pe\/wp-content\/uploads\/2019\/04\/Ruth-shady-condecoracion-2.jpg\" \/>\n\t<meta property=\"og:image:width\" content=\"810\" \/>\n\t<meta property=\"og:image:height\" content=\"410\" \/>\n\t<meta property=\"og:image:type\" content=\"image\/jpeg\" \/>\n<meta name=\"author\" content=\"Zona Caral Administrador\" \/>\n<meta name=\"twitter:card\" content=\"summary_large_image\" \/>\n<meta name=\"twitter:label1\" content=\"Written by\" \/>\n\t<meta name=\"twitter:data1\" content=\"Zona Caral Administrador\" \/>\n\t<meta name=\"twitter:label2\" content=\"Est. reading time\" \/>\n\t<meta name=\"twitter:data2\" content=\"3 minutos\" \/>\n<script type=\"application\/ld+json\" class=\"yoast-schema-graph\">{\"@context\":\"https:\\\/\\\/schema.org\",\"@graph\":[{\"@type\":\"Article\",\"@id\":\"https:\\\/\\\/zonacaral.gob.pe\\\/es\\\/noticias\\\/ruth-shady-recibe-maxima-condecoracion-del-gobierno-regional-de-lima\\\/#article\",\"isPartOf\":{\"@id\":\"https:\\\/\\\/zonacaral.gob.pe\\\/es\\\/noticias\\\/ruth-shady-recibe-maxima-condecoracion-del-gobierno-regional-de-lima\\\/\"},\"author\":{\"name\":\"Zona Caral Administrador\",\"@id\":\"https:\\\/\\\/zonacaral.gob.pe\\\/es\\\/#\\\/schema\\\/person\\\/beddb4d22f71a7230c5b90913270a0ee\"},\"headline\":\"Ruth Shady recibe m\u00e1xima condecoraci\u00f3n del Gobierno Regional de Lima\",\"datePublished\":\"2019-04-02T23:22:39+00:00\",\"mainEntityOfPage\":{\"@id\":\"https:\\\/\\\/zonacaral.gob.pe\\\/es\\\/noticias\\\/ruth-shady-recibe-maxima-condecoracion-del-gobierno-regional-de-lima\\\/\"},\"wordCount\":667,\"image\":{\"@id\":\"https:\\\/\\\/zonacaral.gob.pe\\\/es\\\/noticias\\\/ruth-shady-recibe-maxima-condecoracion-del-gobierno-regional-de-lima\\\/#primaryimage\"},\"thumbnailUrl\":\"https:\\\/\\\/zonacaral.gob.pe\\\/wp-content\\\/uploads\\\/2019\\\/04\\\/Ruth-shady-condecoracion-2.jpg\",\"keywords\":[\"caral\",\"Ruth Shady\"],\"articleSection\":[\"noticias\"],\"inLanguage\":\"es-PE\"},{\"@type\":\"WebPage\",\"@id\":\"https:\\\/\\\/zonacaral.gob.pe\\\/es\\\/noticias\\\/ruth-shady-recibe-maxima-condecoracion-del-gobierno-regional-de-lima\\\/\",\"url\":\"https:\\\/\\\/zonacaral.gob.pe\\\/es\\\/noticias\\\/ruth-shady-recibe-maxima-condecoracion-del-gobierno-regional-de-lima\\\/\",\"name\":\"Ruth Shady recibe m\u00e1xima condecoraci\u00f3n del Gobierno Regional de Lima\",\"isPartOf\":{\"@id\":\"https:\\\/\\\/zonacaral.gob.pe\\\/es\\\/#website\"},\"primaryImageOfPage\":{\"@id\":\"https:\\\/\\\/zonacaral.gob.pe\\\/es\\\/noticias\\\/ruth-shady-recibe-maxima-condecoracion-del-gobierno-regional-de-lima\\\/#primaryimage\"},\"image\":{\"@id\":\"https:\\\/\\\/zonacaral.gob.pe\\\/es\\\/noticias\\\/ruth-shady-recibe-maxima-condecoracion-del-gobierno-regional-de-lima\\\/#primaryimage\"},\"thumbnailUrl\":\"https:\\\/\\\/zonacaral.gob.pe\\\/wp-content\\\/uploads\\\/2019\\\/04\\\/Ruth-shady-condecoracion-2.jpg\",\"datePublished\":\"2019-04-02T23:22:39+00:00\",\"author\":{\"@id\":\"https:\\\/\\\/zonacaral.gob.pe\\\/es\\\/#\\\/schema\\\/person\\\/beddb4d22f71a7230c5b90913270a0ee\"},\"description\":\"La doctora Ruth Shady Sol\u00eds, Directora de la Zona Arqueol\u00f3gica Caral, unidad ejecutora del Ministerio de Cultura, recibi\u00f3 la m\u00e1xima condecoraci\u00f3n del Gobierno Regional de Lima, denominada: General Don Jos\u00e9 de San Mart\u00edn, en el grado de Libertador de la Rep\u00fablica, en Honor al Intelecto.\",\"breadcrumb\":{\"@id\":\"https:\\\/\\\/zonacaral.gob.pe\\\/es\\\/noticias\\\/ruth-shady-recibe-maxima-condecoracion-del-gobierno-regional-de-lima\\\/#breadcrumb\"},\"inLanguage\":\"es-PE\",\"potentialAction\":[{\"@type\":\"ReadAction\",\"target\":[\"https:\\\/\\\/zonacaral.gob.pe\\\/es\\\/noticias\\\/ruth-shady-recibe-maxima-condecoracion-del-gobierno-regional-de-lima\\\/\"]}]},{\"@type\":\"ImageObject\",\"inLanguage\":\"es-PE\",\"@id\":\"https:\\\/\\\/zonacaral.gob.pe\\\/es\\\/noticias\\\/ruth-shady-recibe-maxima-condecoracion-del-gobierno-regional-de-lima\\\/#primaryimage\",\"url\":\"https:\\\/\\\/zonacaral.gob.pe\\\/wp-content\\\/uploads\\\/2019\\\/04\\\/Ruth-shady-condecoracion-2.jpg\",\"contentUrl\":\"https:\\\/\\\/zonacaral.gob.pe\\\/wp-content\\\/uploads\\\/2019\\\/04\\\/Ruth-shady-condecoracion-2.jpg\",\"width\":810,\"height\":410},{\"@type\":\"BreadcrumbList\",\"@id\":\"https:\\\/\\\/zonacaral.gob.pe\\\/es\\\/noticias\\\/ruth-shady-recibe-maxima-condecoracion-del-gobierno-regional-de-lima\\\/#breadcrumb\",\"itemListElement\":[{\"@type\":\"ListItem\",\"position\":1,\"name\":\"Portada\",\"item\":\"https:\\\/\\\/zonacaral.gob.pe\\\/\"},{\"@type\":\"ListItem\",\"position\":2,\"name\":\"Ruth Shady recibe m\u00e1xima condecoraci\u00f3n del Gobierno Regional de Lima\"}]},{\"@type\":\"WebSite\",\"@id\":\"https:\\\/\\\/zonacaral.gob.pe\\\/es\\\/#website\",\"url\":\"https:\\\/\\\/zonacaral.gob.pe\\\/es\\\/\",\"name\":\"Zona Caral\",\"description\":\"Investigamos, conservamos y difundimos el patrimonio cultural de la Civilizaci\u00f3n Caral, la m\u00e1s antigua de Am\u00e9rica.\",\"potentialAction\":[{\"@type\":\"SearchAction\",\"target\":{\"@type\":\"EntryPoint\",\"urlTemplate\":\"https:\\\/\\\/zonacaral.gob.pe\\\/es\\\/?s={search_term_string}\"},\"query-input\":{\"@type\":\"PropertyValueSpecification\",\"valueRequired\":true,\"valueName\":\"search_term_string\"}}],\"inLanguage\":\"es-PE\"},{\"@type\":\"Person\",\"@id\":\"https:\\\/\\\/zonacaral.gob.pe\\\/es\\\/#\\\/schema\\\/person\\\/beddb4d22f71a7230c5b90913270a0ee\",\"name\":\"Zona Caral Administrador\",\"image\":{\"@type\":\"ImageObject\",\"inLanguage\":\"es-PE\",\"@id\":\"https:\\\/\\\/secure.gravatar.com\\\/avatar\\\/e4be162918a696358376de6446614e0f0f4062bdc5d170d6d540ada3d8b58c12?s=96&d=mm&r=g\",\"url\":\"https:\\\/\\\/secure.gravatar.com\\\/avatar\\\/e4be162918a696358376de6446614e0f0f4062bdc5d170d6d540ada3d8b58c12?s=96&d=mm&r=g\",\"contentUrl\":\"https:\\\/\\\/secure.gravatar.com\\\/avatar\\\/e4be162918a696358376de6446614e0f0f4062bdc5d170d6d540ada3d8b58c12?s=96&d=mm&r=g\",\"caption\":\"Zona Caral Administrador\"},\"sameAs\":[\"https:\\\/\\\/zonacaral.gob.pe\"],\"url\":\"https:\\\/\\\/zonacaral.gob.pe\\\/es\\\/noticias\\\/author\\\/ad_zonacaral\\\/\"}]}<\/script>\n<!-- \/ Yoast SEO plugin. -->","yoast_head_json":{"title":"Ruth Shady recibe m\u00e1xima condecoraci\u00f3n del Gobierno Regional de Lima","description":"La doctora Ruth Shady Sol\u00eds, Directora de la Zona Arqueol\u00f3gica Caral, unidad ejecutora del Ministerio de Cultura, recibi\u00f3 la m\u00e1xima condecoraci\u00f3n del Gobierno Regional de Lima, denominada: General Don Jos\u00e9 de San Mart\u00edn, en el grado de Libertador de la Rep\u00fablica, en Honor al Intelecto.","robots":{"index":"index","follow":"follow","max-snippet":"max-snippet:-1","max-image-preview":"max-image-preview:large","max-video-preview":"max-video-preview:-1"},"canonical":"https:\/\/zonacaral.gob.pe\/es\/noticias\/ruth-shady-recibe-maxima-condecoracion-del-gobierno-regional-de-lima\/","og_locale":"es_ES","og_type":"article","og_title":"Ruth Shady recibe m\u00e1xima condecoraci\u00f3n del Gobierno Regional de Lima","og_description":"La doctora Ruth Shady Sol\u00eds, Directora de la Zona Arqueol\u00f3gica Caral, unidad ejecutora del Ministerio de Cultura, recibi\u00f3 la m\u00e1xima condecoraci\u00f3n del Gobierno Regional de Lima, denominada: General Don Jos\u00e9 de San Mart\u00edn, en el grado de Libertador de la Rep\u00fablica, en Honor al Intelecto.","og_url":"https:\/\/zonacaral.gob.pe\/es\/noticias\/ruth-shady-recibe-maxima-condecoracion-del-gobierno-regional-de-lima\/","og_site_name":"Zona Caral","article_published_time":"2019-04-02T23:22:39+00:00","og_image":[{"width":810,"height":410,"url":"https:\/\/zonacaral.gob.pe\/wp-content\/uploads\/2019\/04\/Ruth-shady-condecoracion-2.jpg","type":"image\/jpeg"}],"author":"Zona Caral Administrador","twitter_card":"summary_large_image","twitter_misc":{"Written by":"Zona Caral Administrador","Est. reading time":"3 minutos"},"schema":{"@context":"https:\/\/schema.org","@graph":[{"@type":"Article","@id":"https:\/\/zonacaral.gob.pe\/es\/noticias\/ruth-shady-recibe-maxima-condecoracion-del-gobierno-regional-de-lima\/#article","isPartOf":{"@id":"https:\/\/zonacaral.gob.pe\/es\/noticias\/ruth-shady-recibe-maxima-condecoracion-del-gobierno-regional-de-lima\/"},"author":{"name":"Zona Caral Administrador","@id":"https:\/\/zonacaral.gob.pe\/es\/#\/schema\/person\/beddb4d22f71a7230c5b90913270a0ee"},"headline":"Ruth Shady recibe m\u00e1xima condecoraci\u00f3n del Gobierno Regional de Lima","datePublished":"2019-04-02T23:22:39+00:00","mainEntityOfPage":{"@id":"https:\/\/zonacaral.gob.pe\/es\/noticias\/ruth-shady-recibe-maxima-condecoracion-del-gobierno-regional-de-lima\/"},"wordCount":667,"image":{"@id":"https:\/\/zonacaral.gob.pe\/es\/noticias\/ruth-shady-recibe-maxima-condecoracion-del-gobierno-regional-de-lima\/#primaryimage"},"thumbnailUrl":"https:\/\/zonacaral.gob.pe\/wp-content\/uploads\/2019\/04\/Ruth-shady-condecoracion-2.jpg","keywords":["caral","Ruth Shady"],"articleSection":["noticias"],"inLanguage":"es-PE"},{"@type":"WebPage","@id":"https:\/\/zonacaral.gob.pe\/es\/noticias\/ruth-shady-recibe-maxima-condecoracion-del-gobierno-regional-de-lima\/","url":"https:\/\/zonacaral.gob.pe\/es\/noticias\/ruth-shady-recibe-maxima-condecoracion-del-gobierno-regional-de-lima\/","name":"Ruth Shady recibe m\u00e1xima condecoraci\u00f3n del Gobierno Regional de Lima","isPartOf":{"@id":"https:\/\/zonacaral.gob.pe\/es\/#website"},"primaryImageOfPage":{"@id":"https:\/\/zonacaral.gob.pe\/es\/noticias\/ruth-shady-recibe-maxima-condecoracion-del-gobierno-regional-de-lima\/#primaryimage"},"image":{"@id":"https:\/\/zonacaral.gob.pe\/es\/noticias\/ruth-shady-recibe-maxima-condecoracion-del-gobierno-regional-de-lima\/#primaryimage"},"thumbnailUrl":"https:\/\/zonacaral.gob.pe\/wp-content\/uploads\/2019\/04\/Ruth-shady-condecoracion-2.jpg","datePublished":"2019-04-02T23:22:39+00:00","author":{"@id":"https:\/\/zonacaral.gob.pe\/es\/#\/schema\/person\/beddb4d22f71a7230c5b90913270a0ee"},"description":"La doctora Ruth Shady Sol\u00eds, Directora de la Zona Arqueol\u00f3gica Caral, unidad ejecutora del Ministerio de Cultura, recibi\u00f3 la m\u00e1xima condecoraci\u00f3n del Gobierno Regional de Lima, denominada: General Don Jos\u00e9 de San Mart\u00edn, en el grado de Libertador de la Rep\u00fablica, en Honor al Intelecto.","breadcrumb":{"@id":"https:\/\/zonacaral.gob.pe\/es\/noticias\/ruth-shady-recibe-maxima-condecoracion-del-gobierno-regional-de-lima\/#breadcrumb"},"inLanguage":"es-PE","potentialAction":[{"@type":"ReadAction","target":["https:\/\/zonacaral.gob.pe\/es\/noticias\/ruth-shady-recibe-maxima-condecoracion-del-gobierno-regional-de-lima\/"]}]},{"@type":"ImageObject","inLanguage":"es-PE","@id":"https:\/\/zonacaral.gob.pe\/es\/noticias\/ruth-shady-recibe-maxima-condecoracion-del-gobierno-regional-de-lima\/#primaryimage","url":"https:\/\/zonacaral.gob.pe\/wp-content\/uploads\/2019\/04\/Ruth-shady-condecoracion-2.jpg","contentUrl":"https:\/\/zonacaral.gob.pe\/wp-content\/uploads\/2019\/04\/Ruth-shady-condecoracion-2.jpg","width":810,"height":410},{"@type":"BreadcrumbList","@id":"https:\/\/zonacaral.gob.pe\/es\/noticias\/ruth-shady-recibe-maxima-condecoracion-del-gobierno-regional-de-lima\/#breadcrumb","itemListElement":[{"@type":"ListItem","position":1,"name":"Portada","item":"https:\/\/zonacaral.gob.pe\/"},{"@type":"ListItem","position":2,"name":"Ruth Shady recibe m\u00e1xima condecoraci\u00f3n del Gobierno Regional de Lima"}]},{"@type":"WebSite","@id":"https:\/\/zonacaral.gob.pe\/es\/#website","url":"https:\/\/zonacaral.gob.pe\/es\/","name":"Zona Caral","description":"Investigamos, conservamos y difundimos el patrimonio cultural de la Civilizaci\u00f3n Caral, la m\u00e1s antigua de Am\u00e9rica.","potentialAction":[{"@type":"SearchAction","target":{"@type":"EntryPoint","urlTemplate":"https:\/\/zonacaral.gob.pe\/es\/?s={search_term_string}"},"query-input":{"@type":"PropertyValueSpecification","valueRequired":true,"valueName":"search_term_string"}}],"inLanguage":"es-PE"},{"@type":"Person","@id":"https:\/\/zonacaral.gob.pe\/es\/#\/schema\/person\/beddb4d22f71a7230c5b90913270a0ee","name":"Zona Caral Administrador","image":{"@type":"ImageObject","inLanguage":"es-PE","@id":"https:\/\/secure.gravatar.com\/avatar\/e4be162918a696358376de6446614e0f0f4062bdc5d170d6d540ada3d8b58c12?s=96&d=mm&r=g","url":"https:\/\/secure.gravatar.com\/avatar\/e4be162918a696358376de6446614e0f0f4062bdc5d170d6d540ada3d8b58c12?s=96&d=mm&r=g","contentUrl":"https:\/\/secure.gravatar.com\/avatar\/e4be162918a696358376de6446614e0f0f4062bdc5d170d6d540ada3d8b58c12?s=96&d=mm&r=g","caption":"Zona Caral Administrador"},"sameAs":["https:\/\/zonacaral.gob.pe"],"url":"https:\/\/zonacaral.gob.pe\/es\/noticias\/author\/ad_zonacaral\/"}]}},"_links":{"self":[{"href":"https:\/\/zonacaral.gob.pe\/es\/wp-json\/wp\/v2\/posts\/14066","targetHints":{"allow":["GET"]}}],"collection":[{"href":"https:\/\/zonacaral.gob.pe\/es\/wp-json\/wp\/v2\/posts"}],"about":[{"href":"https:\/\/zonacaral.gob.pe\/es\/wp-json\/wp\/v2\/types\/post"}],"author":[{"embeddable":true,"href":"https:\/\/zonacaral.gob.pe\/es\/wp-json\/wp\/v2\/users\/1"}],"replies":[{"embeddable":true,"href":"https:\/\/zonacaral.gob.pe\/es\/wp-json\/wp\/v2\/comments?post=14066"}],"version-history":[{"count":0,"href":"https:\/\/zonacaral.gob.pe\/es\/wp-json\/wp\/v2\/posts\/14066\/revisions"}],"wp:featuredmedia":[{"embeddable":true,"href":"https:\/\/zonacaral.gob.pe\/es\/wp-json\/wp\/v2\/media\/14068"}],"wp:attachment":[{"href":"https:\/\/zonacaral.gob.pe\/es\/wp-json\/wp\/v2\/media?parent=14066"}],"wp:term":[{"taxonomy":"category","embeddable":true,"href":"https:\/\/zonacaral.gob.pe\/es\/wp-json\/wp\/v2\/categories?post=14066"},{"taxonomy":"post_tag","embeddable":true,"href":"https:\/\/zonacaral.gob.pe\/es\/wp-json\/wp\/v2\/tags?post=14066"}],"curies":[{"name":"wp","href":"https:\/\/api.w.org\/{rel}","templated":true}]}}