{"id":14072,"date":"2019-04-04T17:00:21","date_gmt":"2019-04-04T22:00:21","guid":{"rendered":"http:\/\/www.zonacaral.gob.pe\/?p=14072"},"modified":"2019-04-04T17:00:21","modified_gmt":"2019-04-04T22:00:21","slug":"ruth-shady-integra-comite-para-promover-el-rol-de-la-mujer-en-ciencia-tecnologia-e-innovacion-del-concytec","status":"publish","type":"post","link":"https:\/\/zonacaral.gob.pe\/es\/noticias\/ruth-shady-integra-comite-para-promover-el-rol-de-la-mujer-en-ciencia-tecnologia-e-innovacion-del-concytec\/","title":{"rendered":"Ruth Shady integra comit\u00e9 para promover el rol de la mujer en ciencia, tecnolog\u00eda e innovaci\u00f3n del CONCYTEC"},"content":{"rendered":"<figure class=\"pic-autor\" style=\"color: #4d4d4d; text-align: justify;\"><\/figure>\n<blockquote>\n<p style=\"text-align: justify;\">La doctora <strong>Ruth Shady Sol\u00eds<\/strong>, directora de la Zona Arqueol\u00f3gica Caral, unidad ejecutora del Ministerio de Cultura, fue elegida, junto a otras nueve mujeres profesionales, para integrar el Comit\u00e9 Pro Mujer en CTI, creado por el Consejo Nacional de Ciencia, Tecnolog\u00eda e Innovaci\u00f3n Tecnol\u00f3gica (CONCYTEC).<\/p>\n<\/blockquote>\n<p style=\"text-align: justify;\">Dicho grupo de trabajo se cre\u00f3 con la Resoluci\u00f3n N\u00ba 034-2019-CONCYTEC-P del 08 de marzo \u00faltimo y busca visibilizar e impulsar la labor de la mujer en este campo para promover pr\u00e1cticas m\u00e1s inclusivas en la conducci\u00f3n de las instituciones acad\u00e9micas y de investigaci\u00f3n, que forman parte del Sistema Nacional de Ciencia, Tecnolog\u00eda e Innovaci\u00f3n Tecnol\u00f3gica (SINACYT).<\/p>\n<p style=\"text-align: justify;\">En ese sentido, Shady Sol\u00eds, doctora en Arqueolog\u00eda y Antropolog\u00eda, fue elegida por su inagotable labor en la recuperaci\u00f3n y revaloraci\u00f3n de nuestro patrimonio cultural, la cual contin\u00faa al frente de las investigaciones en Caral, la primera civilizaci\u00f3n de Am\u00e9rica y por su funci\u00f3n como educadora en la Universidad Nacional Mayor de San Marcos. Trabajos que le han ayudado a obtener el Premio Nacional \u201cPor las Mujeres en la Ciencia 2018\u201d.<\/p>\n<p style=\"text-align: justify;\">Seg\u00fan se inform\u00f3, el mencionado comit\u00e9 estar\u00e1 vigente hasta diciembre de 2019, con posibilidad de ser prorrogado, y funcionar\u00e1 como un \u00f3rgano colegiado consultivo para incentivar la labor de las mujeres en el ecosistema nacional cient\u00edfico, sin demandar gastos adicionales, puesto que la participaci\u00f3n de sus integrantes ser\u00e1 ad hon\u00f3rem.<\/p>\n<p style=\"text-align: justify;\">La presidenta del CONCYTEC, Fabiola Le\u00f3n-Velarde, destac\u00f3 la participaci\u00f3n de las integrantes del Comit\u00e9, \u201ca trav\u00e9s del cual buscamos fomentar acciones concretas que permitan que la presencia de la mujer sea mayor en todos los campos de la ciencia\u201d.<\/p>\n<p style=\"text-align: justify;\">Consider\u00f3 que es necesario que se corrija la gran ausencia de la mujer que existe en el \u00e1mbito de la ciencia y tecnolog\u00eda; y asegur\u00f3 que desde el CONCYTEC se buscar\u00e1 empoderarla, as\u00ed \u201ccomo ya lo han hecho en otros pa\u00edses donde trabajan para generar ese gran cambio\u201d.<\/p>\n<p style=\"text-align: justify;\">Las dem\u00e1s integrantes son:<\/p>\n<ul style=\"text-align: justify;\">\n<li><strong>Beatrice Avolio Alecchi.-<\/strong> Doctora en Administraci\u00f3n de Empresas por la Maastricht School of Management, Pa\u00edses Bajos, y en Administraci\u00f3n Estrat\u00e9gica de Empresas por la Pontificia Universidad Cat\u00f3lica del Per\u00fa, Mag\u00edster en Administraci\u00f3n de Empresas de la Escuela de Administraci\u00f3n de Negocios para Graduados, Licenciada en Administraci\u00f3n de Empresas y en Contabilidad por la Universidad del Pac\u00edfico.<\/li>\n<li><strong>Delia Barriga Ciudad.- <\/strong>Difusora de la ciencia y tecnolog\u00eda en Per\u00fa y activista por los derechos de la mujer peruana. Estudi\u00f3 Derecho en la PUCP; y Econom\u00eda en la Universidad Nacional Federico Villarreal y actualmente es directora ejecutiva de la instituci\u00f3n Fab Lab Lima, dedicada a la promoci\u00f3n de la fabricaci\u00f3n digital y la biolog\u00eda sint\u00e9tica.<\/li>\n<li><strong>In\u00e9s Carazo de Cabellos.-<\/strong> Licenciada en f\u00edsica en la Universidad Nacional de Buenos Aires, con maestr\u00eda en Econom\u00eda del Centro de Investigaci\u00f3n y Docencia Econ\u00f3micas. Recibi\u00f3 su segunda especializaci\u00f3n en Energ\u00edas no Convencionales en la Universidad Nacional de Ingenier\u00eda. Fue directora ejecutiva cient\u00edfica del entonces Instituto Tecnol\u00f3gico Pesquero y particip\u00f3 de la reforma de creaci\u00f3n del ahora Instituto Tecnol\u00f3gico de la Producci\u00f3n. Actualmente, es miembro del Consejo Directivo de esta instituci\u00f3n.<\/li>\n<li><strong>Patricia Garc\u00eda Funegra.-<\/strong> M\u00e9dica de la Universidad Peruana Cayetano Heredia, con posgrado y especializaci\u00f3n en Enfermedades Infecciosas en la Universidad de Washington, Seattle. En 1997 recibi\u00f3 el premio Marco A. Aguayo de la Organizaci\u00f3n Mundial de la Salud. Entre 2016 y 2017 fue ministra de Salud. Es profesora adjunta de Salud Global de la Universidad de Washington y de Epidemiologia de la Universidad de Tulane, Estados Unidos.<\/li>\n<li><strong>Sara Purca Cuicapusa.-<\/strong> Ingeniera pesquera por la Universidad Nacional Federico Villarreal y doctora en Oceanograf\u00eda en la Universidad de Concepci\u00f3n, Chile. Investigadora del Instituto del Mar del Per\u00fa que particip\u00f3 en m\u00e1s de 20 publicaciones relacionadas con el efecto de la variabilidad de El Ni\u00f1o en el ecosistema marino frente a Per\u00fa. Premio Nacional \u201cPor las Mujeres en la Ciencia 2017\u201d.<\/li>\n<li><strong>Gladys Rojas Cangahuala.-<\/strong> Doctora en Administraci\u00f3n con t\u00edtulo en Ingenier\u00eda Qu\u00edmica, labora en la Subdirecci\u00f3n de Investigaci\u00f3n y Desarrollo de la Direcci\u00f3n de Desarrollo Tecnol\u00f3gico del Ej\u00e9rcito del Per\u00fa.<\/li>\n<li><strong>Yolanda Torriani del Castillo.-<\/strong> Egresada del Programa de Alta Direcci\u00f3n de la Universidad de Piura, ha sido vicepresidenta de la C\u00e1mara de Comercio de Lima y directora en cinco periodos. Es presidenta de la Comisi\u00f3n de Desarrollo de la Mujer Empresaria y del Gremio de Servicios de la CCL y del directorio de W. Moller, organizaci\u00f3n internacional de ajustadores y peritos de seguros.<\/li>\n<li><strong>Josefina Takahashi Sato.-<\/strong> Bi\u00f3loga y M\u00e1ster en Ciencias de la Universidad Nacional Agraria La Molina y Ph.D. de la Universidad de Birmingham, Inglaterra. Es directora ejecutiva de la Asociaci\u00f3n Peruana del Bamb\u00fa, rectora de la Universidad Cient\u00edfica del Sur y miembro del Consejo Consultivo de la Comisi\u00f3n de Ciencia y Tecnolog\u00eda del Congreso de la Rep\u00fablica.<\/li>\n<li><strong>Carmen Velezmoro S\u00e1nchez.-<\/strong> Ingeniera en Industrias Alimentarias de la Universidad Nacional Agraria La Molina (UNALM), donde tambi\u00e9n obtuvo el grado de Mag\u00edster en Tecnolog\u00eda de Alimentos. Es doctora en Ingenier\u00eda de los Alimentos por la Universidad Estadual de Campinas, Brasil. Es vicerrectora de Investigaci\u00f3n de la Universidad Nacional Agraria La Molina.<\/li>\n<\/ul>\n<h4 style=\"text-align: justify;\">DATO<\/h4>\n<p style=\"text-align: justify;\">Conoce m\u00e1s sobre Caral, participando en el programa de difusi\u00f3n cultural \u201cViajes Educativos\u201d. Inf\u00f3rmate en: 2052-517 \/ 955881340 (WhatsApp) o en la web: <a href=\"\/www.zonacaral.gob.pe\/viajes-educativos\/inscripciones\">zonacaral.gob.pe\/viajes-educativos\/inscripciones<\/a>. Tambi\u00e9n puedes escribirnos a: <a href=\"\/viajeseducativos@zonacaral.gob.pe\">viajeseducativos@zonacaral.gob.pe<\/a>.<\/p>\n<p style=\"text-align: justify;\"><span style=\"color: #993300;\"><strong>Fuente<\/strong><strong>: Prensa ZAC<\/strong><\/span><\/p>\n<div style=\"color: #1f1f1f;\">\n<p style=\"text-align: justify;\">Fecha de publicaci\u00f3n: 04\/04\/2019<\/p>\n<\/div>\n","protected":false},"excerpt":{"rendered":"<p>La doctora Ruth Shady Sol\u00eds, directora de la Zona Arqueol\u00f3gica Caral, unidad ejecutora del Ministerio de Cultura, fue elegida, junto [&hellip;]<\/p>\n","protected":false},"author":1,"featured_media":14073,"comment_status":"closed","ping_status":"open","sticky":false,"template":"","format":"standard","meta":{"_acf_changed":false,"site-sidebar-layout":"default","site-content-layout":"","ast-site-content-layout":"default","site-content-style":"default","site-sidebar-style":"default","ast-global-header-display":"","ast-banner-title-visibility":"","ast-main-header-display":"","ast-hfb-above-header-display":"","ast-hfb-below-header-display":"","ast-hfb-mobile-header-display":"","site-post-title":"","ast-breadcrumbs-content":"","ast-featured-img":"","footer-sml-layout":"","ast-disable-related-posts":"","theme-transparent-header-meta":"","adv-header-id-meta":"","stick-header-meta":"","header-above-stick-meta":"","header-main-stick-meta":"","header-below-stick-meta":"","astra-migrate-meta-layouts":"default","ast-page-background-enabled":"default","ast-page-background-meta":{"desktop":{"background-color":"var(--ast-global-color-5)","background-image":"","background-repeat":"repeat","background-position":"center center","background-size":"auto","background-attachment":"scroll","background-type":"","background-media":"","overlay-type":"","overlay-color":"","overlay-opacity":"","overlay-gradient":""},"tablet":{"background-color":"","background-image":"","background-repeat":"repeat","background-position":"center center","background-size":"auto","background-attachment":"scroll","background-type":"","background-media":"","overlay-type":"","overlay-color":"","overlay-opacity":"","overlay-gradient":""},"mobile":{"background-color":"","background-image":"","background-repeat":"repeat","background-position":"center center","background-size":"auto","background-attachment":"scroll","background-type":"","background-media":"","overlay-type":"","overlay-color":"","overlay-opacity":"","overlay-gradient":""}},"ast-content-background-meta":{"desktop":{"background-color":"var(--ast-global-color-4)","background-image":"","background-repeat":"repeat","background-position":"center center","background-size":"auto","background-attachment":"scroll","background-type":"","background-media":"","overlay-type":"","overlay-color":"","overlay-opacity":"","overlay-gradient":""},"tablet":{"background-color":"var(--ast-global-color-4)","background-image":"","background-repeat":"repeat","background-position":"center center","background-size":"auto","background-attachment":"scroll","background-type":"","background-media":"","overlay-type":"","overlay-color":"","overlay-opacity":"","overlay-gradient":""},"mobile":{"background-color":"var(--ast-global-color-4)","background-image":"","background-repeat":"repeat","background-position":"center center","background-size":"auto","background-attachment":"scroll","background-type":"","background-media":"","overlay-type":"","overlay-color":"","overlay-opacity":"","overlay-gradient":""}},"footnotes":""},"categories":[208],"tags":[55,141,82],"class_list":["post-14072","post","type-post","status-publish","format-standard","has-post-thumbnail","hentry","category-noticias","tag-caral","tag-concytec","tag-ruth-shady"],"acf":[],"yoast_head":"<!-- This site is optimized with the Yoast SEO plugin v27.3 - https:\/\/yoast.com\/product\/yoast-seo-wordpress\/ -->\n<title>Ruth Shady integra comit\u00e9 para promover el rol de la mujer en ciencia, tecnolog\u00eda e innovaci\u00f3n del CONCYTEC<\/title>\n<meta name=\"description\" content=\"La doctora Ruth Shady Sol\u00eds, directora de la Zona Arqueol\u00f3gica Caral, unidad ejecutora del Ministerio de Cultura, fue elegida, junto a otras nueve mujeres profesionales, para integrar el Comit\u00e9 Pro Mujer en CTI, creado por el Consejo Nacional de Ciencia, Tecnolog\u00eda e Innovaci\u00f3n Tecnol\u00f3gica (CONCYTEC).\" \/>\n<meta name=\"robots\" content=\"index, follow, max-snippet:-1, max-image-preview:large, max-video-preview:-1\" \/>\n<link rel=\"canonical\" href=\"https:\/\/zonacaral.gob.pe\/es\/noticias\/ruth-shady-integra-comite-para-promover-el-rol-de-la-mujer-en-ciencia-tecnologia-e-innovacion-del-concytec\/\" \/>\n<meta property=\"og:locale\" content=\"es_ES\" \/>\n<meta property=\"og:type\" content=\"article\" \/>\n<meta property=\"og:title\" content=\"Ruth Shady integra comit\u00e9 para promover el rol de la mujer en ciencia, tecnolog\u00eda e innovaci\u00f3n del CONCYTEC\" \/>\n<meta property=\"og:description\" content=\"La doctora Ruth Shady Sol\u00eds, directora de la Zona Arqueol\u00f3gica Caral, unidad ejecutora del Ministerio de Cultura, fue elegida, junto a otras nueve mujeres profesionales, para integrar el Comit\u00e9 Pro Mujer en CTI, creado por el Consejo Nacional de Ciencia, Tecnolog\u00eda e Innovaci\u00f3n Tecnol\u00f3gica (CONCYTEC).\" \/>\n<meta property=\"og:url\" content=\"https:\/\/zonacaral.gob.pe\/es\/noticias\/ruth-shady-integra-comite-para-promover-el-rol-de-la-mujer-en-ciencia-tecnologia-e-innovacion-del-concytec\/\" \/>\n<meta property=\"og:site_name\" content=\"Zona Caral\" \/>\n<meta property=\"article:published_time\" content=\"2019-04-04T22:00:21+00:00\" \/>\n<meta property=\"og:image\" content=\"https:\/\/zonacaral.gob.pe\/wp-content\/uploads\/2019\/04\/ruth-shady-concytec-2.jpg\" \/>\n\t<meta property=\"og:image:width\" content=\"810\" \/>\n\t<meta property=\"og:image:height\" content=\"410\" \/>\n\t<meta property=\"og:image:type\" content=\"image\/jpeg\" \/>\n<meta name=\"author\" content=\"Zona Caral Administrador\" \/>\n<meta name=\"twitter:card\" content=\"summary_large_image\" \/>\n<meta name=\"twitter:label1\" content=\"Written by\" \/>\n\t<meta name=\"twitter:data1\" content=\"Zona Caral Administrador\" \/>\n\t<meta name=\"twitter:label2\" content=\"Est. reading time\" \/>\n\t<meta name=\"twitter:data2\" content=\"5 minutos\" \/>\n<script type=\"application\/ld+json\" class=\"yoast-schema-graph\">{\"@context\":\"https:\\\/\\\/schema.org\",\"@graph\":[{\"@type\":\"Article\",\"@id\":\"https:\\\/\\\/zonacaral.gob.pe\\\/es\\\/noticias\\\/ruth-shady-integra-comite-para-promover-el-rol-de-la-mujer-en-ciencia-tecnologia-e-innovacion-del-concytec\\\/#article\",\"isPartOf\":{\"@id\":\"https:\\\/\\\/zonacaral.gob.pe\\\/es\\\/noticias\\\/ruth-shady-integra-comite-para-promover-el-rol-de-la-mujer-en-ciencia-tecnologia-e-innovacion-del-concytec\\\/\"},\"author\":{\"name\":\"Zona Caral Administrador\",\"@id\":\"https:\\\/\\\/zonacaral.gob.pe\\\/es\\\/#\\\/schema\\\/person\\\/beddb4d22f71a7230c5b90913270a0ee\"},\"headline\":\"Ruth Shady integra comit\u00e9 para promover el rol de la mujer en ciencia, tecnolog\u00eda e innovaci\u00f3n del CONCYTEC\",\"datePublished\":\"2019-04-04T22:00:21+00:00\",\"mainEntityOfPage\":{\"@id\":\"https:\\\/\\\/zonacaral.gob.pe\\\/es\\\/noticias\\\/ruth-shady-integra-comite-para-promover-el-rol-de-la-mujer-en-ciencia-tecnologia-e-innovacion-del-concytec\\\/\"},\"wordCount\":992,\"image\":{\"@id\":\"https:\\\/\\\/zonacaral.gob.pe\\\/es\\\/noticias\\\/ruth-shady-integra-comite-para-promover-el-rol-de-la-mujer-en-ciencia-tecnologia-e-innovacion-del-concytec\\\/#primaryimage\"},\"thumbnailUrl\":\"https:\\\/\\\/zonacaral.gob.pe\\\/wp-content\\\/uploads\\\/2019\\\/04\\\/ruth-shady-concytec-2.jpg\",\"keywords\":[\"caral\",\"concytec\",\"Ruth Shady\"],\"articleSection\":[\"noticias\"],\"inLanguage\":\"es-PE\"},{\"@type\":\"WebPage\",\"@id\":\"https:\\\/\\\/zonacaral.gob.pe\\\/es\\\/noticias\\\/ruth-shady-integra-comite-para-promover-el-rol-de-la-mujer-en-ciencia-tecnologia-e-innovacion-del-concytec\\\/\",\"url\":\"https:\\\/\\\/zonacaral.gob.pe\\\/es\\\/noticias\\\/ruth-shady-integra-comite-para-promover-el-rol-de-la-mujer-en-ciencia-tecnologia-e-innovacion-del-concytec\\\/\",\"name\":\"Ruth Shady integra comit\u00e9 para promover el rol de la mujer en ciencia, tecnolog\u00eda e innovaci\u00f3n del CONCYTEC\",\"isPartOf\":{\"@id\":\"https:\\\/\\\/zonacaral.gob.pe\\\/es\\\/#website\"},\"primaryImageOfPage\":{\"@id\":\"https:\\\/\\\/zonacaral.gob.pe\\\/es\\\/noticias\\\/ruth-shady-integra-comite-para-promover-el-rol-de-la-mujer-en-ciencia-tecnologia-e-innovacion-del-concytec\\\/#primaryimage\"},\"image\":{\"@id\":\"https:\\\/\\\/zonacaral.gob.pe\\\/es\\\/noticias\\\/ruth-shady-integra-comite-para-promover-el-rol-de-la-mujer-en-ciencia-tecnologia-e-innovacion-del-concytec\\\/#primaryimage\"},\"thumbnailUrl\":\"https:\\\/\\\/zonacaral.gob.pe\\\/wp-content\\\/uploads\\\/2019\\\/04\\\/ruth-shady-concytec-2.jpg\",\"datePublished\":\"2019-04-04T22:00:21+00:00\",\"author\":{\"@id\":\"https:\\\/\\\/zonacaral.gob.pe\\\/es\\\/#\\\/schema\\\/person\\\/beddb4d22f71a7230c5b90913270a0ee\"},\"description\":\"La doctora Ruth Shady Sol\u00eds, directora de la Zona Arqueol\u00f3gica Caral, unidad ejecutora del Ministerio de Cultura, fue elegida, junto a otras nueve mujeres profesionales, para integrar el Comit\u00e9 Pro Mujer en CTI, creado por el Consejo Nacional de Ciencia, Tecnolog\u00eda e Innovaci\u00f3n Tecnol\u00f3gica (CONCYTEC).\",\"breadcrumb\":{\"@id\":\"https:\\\/\\\/zonacaral.gob.pe\\\/es\\\/noticias\\\/ruth-shady-integra-comite-para-promover-el-rol-de-la-mujer-en-ciencia-tecnologia-e-innovacion-del-concytec\\\/#breadcrumb\"},\"inLanguage\":\"es-PE\",\"potentialAction\":[{\"@type\":\"ReadAction\",\"target\":[\"https:\\\/\\\/zonacaral.gob.pe\\\/es\\\/noticias\\\/ruth-shady-integra-comite-para-promover-el-rol-de-la-mujer-en-ciencia-tecnologia-e-innovacion-del-concytec\\\/\"]}]},{\"@type\":\"ImageObject\",\"inLanguage\":\"es-PE\",\"@id\":\"https:\\\/\\\/zonacaral.gob.pe\\\/es\\\/noticias\\\/ruth-shady-integra-comite-para-promover-el-rol-de-la-mujer-en-ciencia-tecnologia-e-innovacion-del-concytec\\\/#primaryimage\",\"url\":\"https:\\\/\\\/zonacaral.gob.pe\\\/wp-content\\\/uploads\\\/2019\\\/04\\\/ruth-shady-concytec-2.jpg\",\"contentUrl\":\"https:\\\/\\\/zonacaral.gob.pe\\\/wp-content\\\/uploads\\\/2019\\\/04\\\/ruth-shady-concytec-2.jpg\",\"width\":810,\"height\":410},{\"@type\":\"BreadcrumbList\",\"@id\":\"https:\\\/\\\/zonacaral.gob.pe\\\/es\\\/noticias\\\/ruth-shady-integra-comite-para-promover-el-rol-de-la-mujer-en-ciencia-tecnologia-e-innovacion-del-concytec\\\/#breadcrumb\",\"itemListElement\":[{\"@type\":\"ListItem\",\"position\":1,\"name\":\"Portada\",\"item\":\"https:\\\/\\\/zonacaral.gob.pe\\\/\"},{\"@type\":\"ListItem\",\"position\":2,\"name\":\"Ruth Shady integra comit\u00e9 para promover el rol de la mujer en ciencia, tecnolog\u00eda e innovaci\u00f3n del CONCYTEC\"}]},{\"@type\":\"WebSite\",\"@id\":\"https:\\\/\\\/zonacaral.gob.pe\\\/es\\\/#website\",\"url\":\"https:\\\/\\\/zonacaral.gob.pe\\\/es\\\/\",\"name\":\"Zona Caral\",\"description\":\"Investigamos, conservamos y difundimos el patrimonio cultural de la Civilizaci\u00f3n Caral, la m\u00e1s antigua de Am\u00e9rica.\",\"potentialAction\":[{\"@type\":\"SearchAction\",\"target\":{\"@type\":\"EntryPoint\",\"urlTemplate\":\"https:\\\/\\\/zonacaral.gob.pe\\\/es\\\/?s={search_term_string}\"},\"query-input\":{\"@type\":\"PropertyValueSpecification\",\"valueRequired\":true,\"valueName\":\"search_term_string\"}}],\"inLanguage\":\"es-PE\"},{\"@type\":\"Person\",\"@id\":\"https:\\\/\\\/zonacaral.gob.pe\\\/es\\\/#\\\/schema\\\/person\\\/beddb4d22f71a7230c5b90913270a0ee\",\"name\":\"Zona Caral Administrador\",\"image\":{\"@type\":\"ImageObject\",\"inLanguage\":\"es-PE\",\"@id\":\"https:\\\/\\\/secure.gravatar.com\\\/avatar\\\/e4be162918a696358376de6446614e0f0f4062bdc5d170d6d540ada3d8b58c12?s=96&d=mm&r=g\",\"url\":\"https:\\\/\\\/secure.gravatar.com\\\/avatar\\\/e4be162918a696358376de6446614e0f0f4062bdc5d170d6d540ada3d8b58c12?s=96&d=mm&r=g\",\"contentUrl\":\"https:\\\/\\\/secure.gravatar.com\\\/avatar\\\/e4be162918a696358376de6446614e0f0f4062bdc5d170d6d540ada3d8b58c12?s=96&d=mm&r=g\",\"caption\":\"Zona Caral Administrador\"},\"sameAs\":[\"https:\\\/\\\/zonacaral.gob.pe\"],\"url\":\"https:\\\/\\\/zonacaral.gob.pe\\\/es\\\/noticias\\\/author\\\/ad_zonacaral\\\/\"}]}<\/script>\n<!-- \/ Yoast SEO plugin. -->","yoast_head_json":{"title":"Ruth Shady integra comit\u00e9 para promover el rol de la mujer en ciencia, tecnolog\u00eda e innovaci\u00f3n del CONCYTEC","description":"La doctora Ruth Shady Sol\u00eds, directora de la Zona Arqueol\u00f3gica Caral, unidad ejecutora del Ministerio de Cultura, fue elegida, junto a otras nueve mujeres profesionales, para integrar el Comit\u00e9 Pro Mujer en CTI, creado por el Consejo Nacional de Ciencia, Tecnolog\u00eda e Innovaci\u00f3n Tecnol\u00f3gica (CONCYTEC).","robots":{"index":"index","follow":"follow","max-snippet":"max-snippet:-1","max-image-preview":"max-image-preview:large","max-video-preview":"max-video-preview:-1"},"canonical":"https:\/\/zonacaral.gob.pe\/es\/noticias\/ruth-shady-integra-comite-para-promover-el-rol-de-la-mujer-en-ciencia-tecnologia-e-innovacion-del-concytec\/","og_locale":"es_ES","og_type":"article","og_title":"Ruth Shady integra comit\u00e9 para promover el rol de la mujer en ciencia, tecnolog\u00eda e innovaci\u00f3n del CONCYTEC","og_description":"La doctora Ruth Shady Sol\u00eds, directora de la Zona Arqueol\u00f3gica Caral, unidad ejecutora del Ministerio de Cultura, fue elegida, junto a otras nueve mujeres profesionales, para integrar el Comit\u00e9 Pro Mujer en CTI, creado por el Consejo Nacional de Ciencia, Tecnolog\u00eda e Innovaci\u00f3n Tecnol\u00f3gica (CONCYTEC).","og_url":"https:\/\/zonacaral.gob.pe\/es\/noticias\/ruth-shady-integra-comite-para-promover-el-rol-de-la-mujer-en-ciencia-tecnologia-e-innovacion-del-concytec\/","og_site_name":"Zona Caral","article_published_time":"2019-04-04T22:00:21+00:00","og_image":[{"width":810,"height":410,"url":"https:\/\/zonacaral.gob.pe\/wp-content\/uploads\/2019\/04\/ruth-shady-concytec-2.jpg","type":"image\/jpeg"}],"author":"Zona Caral Administrador","twitter_card":"summary_large_image","twitter_misc":{"Written by":"Zona Caral Administrador","Est. reading time":"5 minutos"},"schema":{"@context":"https:\/\/schema.org","@graph":[{"@type":"Article","@id":"https:\/\/zonacaral.gob.pe\/es\/noticias\/ruth-shady-integra-comite-para-promover-el-rol-de-la-mujer-en-ciencia-tecnologia-e-innovacion-del-concytec\/#article","isPartOf":{"@id":"https:\/\/zonacaral.gob.pe\/es\/noticias\/ruth-shady-integra-comite-para-promover-el-rol-de-la-mujer-en-ciencia-tecnologia-e-innovacion-del-concytec\/"},"author":{"name":"Zona Caral Administrador","@id":"https:\/\/zonacaral.gob.pe\/es\/#\/schema\/person\/beddb4d22f71a7230c5b90913270a0ee"},"headline":"Ruth Shady integra comit\u00e9 para promover el rol de la mujer en ciencia, tecnolog\u00eda e innovaci\u00f3n del CONCYTEC","datePublished":"2019-04-04T22:00:21+00:00","mainEntityOfPage":{"@id":"https:\/\/zonacaral.gob.pe\/es\/noticias\/ruth-shady-integra-comite-para-promover-el-rol-de-la-mujer-en-ciencia-tecnologia-e-innovacion-del-concytec\/"},"wordCount":992,"image":{"@id":"https:\/\/zonacaral.gob.pe\/es\/noticias\/ruth-shady-integra-comite-para-promover-el-rol-de-la-mujer-en-ciencia-tecnologia-e-innovacion-del-concytec\/#primaryimage"},"thumbnailUrl":"https:\/\/zonacaral.gob.pe\/wp-content\/uploads\/2019\/04\/ruth-shady-concytec-2.jpg","keywords":["caral","concytec","Ruth Shady"],"articleSection":["noticias"],"inLanguage":"es-PE"},{"@type":"WebPage","@id":"https:\/\/zonacaral.gob.pe\/es\/noticias\/ruth-shady-integra-comite-para-promover-el-rol-de-la-mujer-en-ciencia-tecnologia-e-innovacion-del-concytec\/","url":"https:\/\/zonacaral.gob.pe\/es\/noticias\/ruth-shady-integra-comite-para-promover-el-rol-de-la-mujer-en-ciencia-tecnologia-e-innovacion-del-concytec\/","name":"Ruth Shady integra comit\u00e9 para promover el rol de la mujer en ciencia, tecnolog\u00eda e innovaci\u00f3n del CONCYTEC","isPartOf":{"@id":"https:\/\/zonacaral.gob.pe\/es\/#website"},"primaryImageOfPage":{"@id":"https:\/\/zonacaral.gob.pe\/es\/noticias\/ruth-shady-integra-comite-para-promover-el-rol-de-la-mujer-en-ciencia-tecnologia-e-innovacion-del-concytec\/#primaryimage"},"image":{"@id":"https:\/\/zonacaral.gob.pe\/es\/noticias\/ruth-shady-integra-comite-para-promover-el-rol-de-la-mujer-en-ciencia-tecnologia-e-innovacion-del-concytec\/#primaryimage"},"thumbnailUrl":"https:\/\/zonacaral.gob.pe\/wp-content\/uploads\/2019\/04\/ruth-shady-concytec-2.jpg","datePublished":"2019-04-04T22:00:21+00:00","author":{"@id":"https:\/\/zonacaral.gob.pe\/es\/#\/schema\/person\/beddb4d22f71a7230c5b90913270a0ee"},"description":"La doctora Ruth Shady Sol\u00eds, directora de la Zona Arqueol\u00f3gica Caral, unidad ejecutora del Ministerio de Cultura, fue elegida, junto a otras nueve mujeres profesionales, para integrar el Comit\u00e9 Pro Mujer en CTI, creado por el Consejo Nacional de Ciencia, Tecnolog\u00eda e Innovaci\u00f3n Tecnol\u00f3gica (CONCYTEC).","breadcrumb":{"@id":"https:\/\/zonacaral.gob.pe\/es\/noticias\/ruth-shady-integra-comite-para-promover-el-rol-de-la-mujer-en-ciencia-tecnologia-e-innovacion-del-concytec\/#breadcrumb"},"inLanguage":"es-PE","potentialAction":[{"@type":"ReadAction","target":["https:\/\/zonacaral.gob.pe\/es\/noticias\/ruth-shady-integra-comite-para-promover-el-rol-de-la-mujer-en-ciencia-tecnologia-e-innovacion-del-concytec\/"]}]},{"@type":"ImageObject","inLanguage":"es-PE","@id":"https:\/\/zonacaral.gob.pe\/es\/noticias\/ruth-shady-integra-comite-para-promover-el-rol-de-la-mujer-en-ciencia-tecnologia-e-innovacion-del-concytec\/#primaryimage","url":"https:\/\/zonacaral.gob.pe\/wp-content\/uploads\/2019\/04\/ruth-shady-concytec-2.jpg","contentUrl":"https:\/\/zonacaral.gob.pe\/wp-content\/uploads\/2019\/04\/ruth-shady-concytec-2.jpg","width":810,"height":410},{"@type":"BreadcrumbList","@id":"https:\/\/zonacaral.gob.pe\/es\/noticias\/ruth-shady-integra-comite-para-promover-el-rol-de-la-mujer-en-ciencia-tecnologia-e-innovacion-del-concytec\/#breadcrumb","itemListElement":[{"@type":"ListItem","position":1,"name":"Portada","item":"https:\/\/zonacaral.gob.pe\/"},{"@type":"ListItem","position":2,"name":"Ruth Shady integra comit\u00e9 para promover el rol de la mujer en ciencia, tecnolog\u00eda e innovaci\u00f3n del CONCYTEC"}]},{"@type":"WebSite","@id":"https:\/\/zonacaral.gob.pe\/es\/#website","url":"https:\/\/zonacaral.gob.pe\/es\/","name":"Zona Caral","description":"Investigamos, conservamos y difundimos el patrimonio cultural de la Civilizaci\u00f3n Caral, la m\u00e1s antigua de Am\u00e9rica.","potentialAction":[{"@type":"SearchAction","target":{"@type":"EntryPoint","urlTemplate":"https:\/\/zonacaral.gob.pe\/es\/?s={search_term_string}"},"query-input":{"@type":"PropertyValueSpecification","valueRequired":true,"valueName":"search_term_string"}}],"inLanguage":"es-PE"},{"@type":"Person","@id":"https:\/\/zonacaral.gob.pe\/es\/#\/schema\/person\/beddb4d22f71a7230c5b90913270a0ee","name":"Zona Caral Administrador","image":{"@type":"ImageObject","inLanguage":"es-PE","@id":"https:\/\/secure.gravatar.com\/avatar\/e4be162918a696358376de6446614e0f0f4062bdc5d170d6d540ada3d8b58c12?s=96&d=mm&r=g","url":"https:\/\/secure.gravatar.com\/avatar\/e4be162918a696358376de6446614e0f0f4062bdc5d170d6d540ada3d8b58c12?s=96&d=mm&r=g","contentUrl":"https:\/\/secure.gravatar.com\/avatar\/e4be162918a696358376de6446614e0f0f4062bdc5d170d6d540ada3d8b58c12?s=96&d=mm&r=g","caption":"Zona Caral Administrador"},"sameAs":["https:\/\/zonacaral.gob.pe"],"url":"https:\/\/zonacaral.gob.pe\/es\/noticias\/author\/ad_zonacaral\/"}]}},"_links":{"self":[{"href":"https:\/\/zonacaral.gob.pe\/es\/wp-json\/wp\/v2\/posts\/14072","targetHints":{"allow":["GET"]}}],"collection":[{"href":"https:\/\/zonacaral.gob.pe\/es\/wp-json\/wp\/v2\/posts"}],"about":[{"href":"https:\/\/zonacaral.gob.pe\/es\/wp-json\/wp\/v2\/types\/post"}],"author":[{"embeddable":true,"href":"https:\/\/zonacaral.gob.pe\/es\/wp-json\/wp\/v2\/users\/1"}],"replies":[{"embeddable":true,"href":"https:\/\/zonacaral.gob.pe\/es\/wp-json\/wp\/v2\/comments?post=14072"}],"version-history":[{"count":0,"href":"https:\/\/zonacaral.gob.pe\/es\/wp-json\/wp\/v2\/posts\/14072\/revisions"}],"wp:featuredmedia":[{"embeddable":true,"href":"https:\/\/zonacaral.gob.pe\/es\/wp-json\/wp\/v2\/media\/14073"}],"wp:attachment":[{"href":"https:\/\/zonacaral.gob.pe\/es\/wp-json\/wp\/v2\/media?parent=14072"}],"wp:term":[{"taxonomy":"category","embeddable":true,"href":"https:\/\/zonacaral.gob.pe\/es\/wp-json\/wp\/v2\/categories?post=14072"},{"taxonomy":"post_tag","embeddable":true,"href":"https:\/\/zonacaral.gob.pe\/es\/wp-json\/wp\/v2\/tags?post=14072"}],"curies":[{"name":"wp","href":"https:\/\/api.w.org\/{rel}","templated":true}]}}