{"id":14087,"date":"2019-04-09T18:27:29","date_gmt":"2019-04-09T23:27:29","guid":{"rendered":"http:\/\/www.zonacaral.gob.pe\/?p=14087"},"modified":"2019-04-09T18:27:29","modified_gmt":"2019-04-09T23:27:29","slug":"ruth-shady-premio-por-la-mujeres-en-la-ciencia-reconoce-a-la-arqueologia-y-ciencias-sociales","status":"publish","type":"post","link":"https:\/\/zonacaral.gob.pe\/es\/noticias\/ruth-shady-premio-por-la-mujeres-en-la-ciencia-reconoce-a-la-arqueologia-y-ciencias-sociales\/","title":{"rendered":"Ruth Shady: Premio \u201cPor la Mujeres en la Ciencia\u201d reconoce a la Arqueolog\u00eda y Ciencias Sociales"},"content":{"rendered":"<figure class=\"pic-autor\" style=\"color: #4d4d4d; text-align: justify;\"><\/figure>\n<blockquote>\n<p style=\"text-align: justify;\">En evento desarrollado en el auditorio Los Incas del Ministerio de Cultura, en San Borja \u2013 Lima.<\/p>\n<\/blockquote>\n<p style=\"text-align: justify;\">La doctora <strong>Ruth Shady Sol\u00eds<\/strong>, Directora de la Zona Arqueol\u00f3gica Caral, unidad ejecutora del Ministerio de Cultura, recibi\u00f3 ayer el Premio Nacional L\u2019Or\u00e9al \u2013 UNESCO \u2013 CONCYTEC \u2013 ANC \u2013 \u201cPor las mujeres en la Ciencia\u201d 2018, promovido por el Fondo Nacional de Desarrollo Cient\u00edfico, Tecnol\u00f3gico y de Innovaci\u00f3n Tecnol\u00f3gica \u2013 FONDECYT, en el campo cient\u00edfico de la Arqueolog\u00eda.<\/p>\n<p style=\"text-align: justify;\">En sus palabras, Shady Sol\u00eds sostuvo que este premio identifica a las mujeres con el campo cient\u00edfico y demuestra que el g\u00e9nero femenino tambi\u00e9n tiene la capacidad de contribuir con la sociedad y promover cambios que la beneficien a esta.<\/p>\n<p style=\"text-align: justify;\">\u201cY sobre mi caso, quiero se\u00f1alar el reconocimiento al rol que la Arqueolog\u00eda y las Ciencias Sociales tienen con la sociedad, para fomentar reflexiones y lograr mejores condiciones de vida, en el presente, con una perspectiva de integraci\u00f3n y no quedarnos en aspectos puntuales\u201d, indic\u00f3.<\/p>\n<p style=\"text-align: justify;\">A\u00f1adi\u00f3, que ambas ramas acad\u00e9micas recuperan la importancia de nuestra historia ancestral: \u201cSi no tenemos en cuenta nuestro pasado no podremos evaluar nuestro presente y promover los cambios que nuestra sociedad requiere\u201d.<\/p>\n<p style=\"text-align: justify;\">La arque\u00f3loga propuso el trabajo multidisciplinario, con visi\u00f3n integral, para la soluci\u00f3n de los problemas que afectan al pa\u00eds: \u201cEsa visi\u00f3n integral la debemos recuperar porque en el pasado hemos tendido sociedades desarrolladas, en cada parte de nuestro territorio, y ahora tambi\u00e9n debemos conseguir que ese equilibrio beneficie a todas las poblaciones\u201d.<\/p>\n<p style=\"text-align: justify;\">\u201cHay mucho por hacer en nuestro pa\u00eds para que podamos, en conjunto, promover los cambios que se requiera, desde cada una de nuestras disciplinas, con un granito de arena\u201d, indic\u00f3.<\/p>\n<p style=\"text-align: justify;\">Por otro lado, agradeci\u00f3 el trabajo que realiza el equipo que colabora con ella en la Zona Arqueol\u00f3gica Caral.<\/p>\n<p style=\"text-align: justify;\">\u201cMi agradecimiento a todo el equipo, que trabaja conmigo, quienes est\u00e1n siempre identificados y compartiendo ese deseo de que el patrimonio arqueol\u00f3gico no sea solo visto como turismo, sino que se le d\u00e9 el rol tan importante que tiene como recuperar nuestra historia para comprender mejor como ha sido nuestra realidad, tan diversa, y aqu\u00ed esta Carlos Amat, quien nos ha instruido mucho al respecto\u201d, se\u00f1al\u00f3.<br \/>\nFinalmente, expres\u00f3 su deseo de que todos los peruanos contribuyan a generar mejores condiciones de vida. \u201cSomos un pa\u00eds megadiverso, naturalmente, donde se desarrollaron culturas e idiomas diferentes, y esa visi\u00f3n de pa\u00eds con un desarrollo armonioso y equilibrado la hemos perdido, en tres siglos, debemos recuperar eso\u201d.<\/p>\n<p style=\"text-align: justify;\">Cabe se\u00f1alar que la doctora Ruth Shady fue acreedora de este premio, junto a Luz Mar\u00eda Paucar, doctora en Tecnolog\u00eda de Alimentos, en el campo cient\u00edfico de Ciencias de la Vida. Ambas recibieron los aplausos y saludos de todos los asistentes a este importante evento, denominado \u201cPor las Mujeres en la Ciencia\u201d.<\/p>\n<p style=\"text-align: justify;\">Esta actividad cont\u00f3 con la participaci\u00f3n de la Ministra de Cultura, Ulla Holmquist; de Fabiola Le\u00f3n-Velarde Servetto, presidenta del <a href=\"https:\/\/portal.concytec.gob.pe\/\">CONCYTEC<\/a>; de la representante de la UNESCO en Per\u00fa, Magaly Robalino; del representante de Lorea\u2019l en Per\u00fa, Renato Abramovich; tambi\u00e9n de la representante de la Academia Nacional de Ciencias, doctora Ver\u00f3nica Rub\u00edn de Celis; entre otras destacadas personalidades, del \u00e1mbito cultural y acad\u00e9mico.<\/p>\n<p><iframe style=\"border: none; overflow: hidden;\" src=\"https:\/\/www.facebook.com\/plugins\/video.php?href=https%3A%2F%2Fwww.facebook.com%2FCARALPERU%2Fvideos%2F1156549661191762%2F&amp;show_text=0&amp;width=560\" width=\"560\" height=\"400\" frameborder=\"0\" scrolling=\"no\" allowfullscreen=\"allowfullscreen\"><\/iframe><\/p>\n<p style=\"text-align: justify;\"><span style=\"color: #993300;\"><strong>Fuente<\/strong><strong>: Prensa ZAC<\/strong><\/span><\/p>\n<div style=\"color: #1f1f1f;\">\n<p style=\"text-align: justify;\">Fecha de publicaci\u00f3n: 09\/04\/2019<\/p>\n<\/div>\n","protected":false},"excerpt":{"rendered":"<p>En evento desarrollado en el auditorio Los Incas del Ministerio de Cultura, en San Borja \u2013 Lima. La doctora Ruth [&hellip;]<\/p>\n","protected":false},"author":1,"featured_media":14088,"comment_status":"closed","ping_status":"open","sticky":false,"template":"","format":"standard","meta":{"_acf_changed":false,"site-sidebar-layout":"default","site-content-layout":"","ast-site-content-layout":"default","site-content-style":"default","site-sidebar-style":"default","ast-global-header-display":"","ast-banner-title-visibility":"","ast-main-header-display":"","ast-hfb-above-header-display":"","ast-hfb-below-header-display":"","ast-hfb-mobile-header-display":"","site-post-title":"","ast-breadcrumbs-content":"","ast-featured-img":"","footer-sml-layout":"","ast-disable-related-posts":"","theme-transparent-header-meta":"","adv-header-id-meta":"","stick-header-meta":"","header-above-stick-meta":"","header-main-stick-meta":"","header-below-stick-meta":"","astra-migrate-meta-layouts":"default","ast-page-background-enabled":"default","ast-page-background-meta":{"desktop":{"background-color":"var(--ast-global-color-5)","background-image":"","background-repeat":"repeat","background-position":"center center","background-size":"auto","background-attachment":"scroll","background-type":"","background-media":"","overlay-type":"","overlay-color":"","overlay-opacity":"","overlay-gradient":""},"tablet":{"background-color":"","background-image":"","background-repeat":"repeat","background-position":"center center","background-size":"auto","background-attachment":"scroll","background-type":"","background-media":"","overlay-type":"","overlay-color":"","overlay-opacity":"","overlay-gradient":""},"mobile":{"background-color":"","background-image":"","background-repeat":"repeat","background-position":"center center","background-size":"auto","background-attachment":"scroll","background-type":"","background-media":"","overlay-type":"","overlay-color":"","overlay-opacity":"","overlay-gradient":""}},"ast-content-background-meta":{"desktop":{"background-color":"var(--ast-global-color-4)","background-image":"","background-repeat":"repeat","background-position":"center center","background-size":"auto","background-attachment":"scroll","background-type":"","background-media":"","overlay-type":"","overlay-color":"","overlay-opacity":"","overlay-gradient":""},"tablet":{"background-color":"var(--ast-global-color-4)","background-image":"","background-repeat":"repeat","background-position":"center center","background-size":"auto","background-attachment":"scroll","background-type":"","background-media":"","overlay-type":"","overlay-color":"","overlay-opacity":"","overlay-gradient":""},"mobile":{"background-color":"var(--ast-global-color-4)","background-image":"","background-repeat":"repeat","background-position":"center center","background-size":"auto","background-attachment":"scroll","background-type":"","background-media":"","overlay-type":"","overlay-color":"","overlay-opacity":"","overlay-gradient":""}},"footnotes":""},"categories":[208],"tags":[55],"class_list":["post-14087","post","type-post","status-publish","format-standard","has-post-thumbnail","hentry","category-noticias","tag-caral"],"acf":[],"yoast_head":"<!-- This site is optimized with the Yoast SEO plugin v27.3 - https:\/\/yoast.com\/product\/yoast-seo-wordpress\/ -->\n<title>Ruth Shady: Premio \u201cPor la Mujeres en la Ciencia\u201d reconoce a la Arqueolog\u00eda y Ciencias Sociales<\/title>\n<meta name=\"description\" content=\"En evento desarrollado en el auditorio Los Incas del Ministerio de Cultura, en San Borja \u2013 Lima. La doctora Ruth Shady Sol\u00eds, Directora de la Zona Arqueol\u00f3gica Caral, unidad ejecutora del Ministerio de Cultura, recibi\u00f3 ayer el Premio Nacional L\u2019Or\u00e9al \u2013 UNESCO \u2013 CONCYTEC \u2013 ANC \u2013 \u201cPor las mujeres en la Ciencia\u201d 2018, promovido por el Fondo Nacional de Desarrollo Cient\u00edfico, Tecnol\u00f3gico y de Innovaci\u00f3n Tecnol\u00f3gica \u2013 FONDECYT, en el campo cient\u00edfico de la Arqueolog\u00eda.\" \/>\n<meta name=\"robots\" content=\"index, follow, max-snippet:-1, max-image-preview:large, max-video-preview:-1\" \/>\n<link rel=\"canonical\" href=\"https:\/\/zonacaral.gob.pe\/es\/noticias\/ruth-shady-premio-por-la-mujeres-en-la-ciencia-reconoce-a-la-arqueologia-y-ciencias-sociales\/\" \/>\n<meta property=\"og:locale\" content=\"es_ES\" \/>\n<meta property=\"og:type\" content=\"article\" \/>\n<meta property=\"og:title\" content=\"Ruth Shady: Premio \u201cPor la Mujeres en la Ciencia\u201d reconoce a la Arqueolog\u00eda y Ciencias Sociales\" \/>\n<meta property=\"og:description\" content=\"En evento desarrollado en el auditorio Los Incas del Ministerio de Cultura, en San Borja \u2013 Lima. La doctora Ruth Shady Sol\u00eds, Directora de la Zona Arqueol\u00f3gica Caral, unidad ejecutora del Ministerio de Cultura, recibi\u00f3 ayer el Premio Nacional L\u2019Or\u00e9al \u2013 UNESCO \u2013 CONCYTEC \u2013 ANC \u2013 \u201cPor las mujeres en la Ciencia\u201d 2018, promovido por el Fondo Nacional de Desarrollo Cient\u00edfico, Tecnol\u00f3gico y de Innovaci\u00f3n Tecnol\u00f3gica \u2013 FONDECYT, en el campo cient\u00edfico de la Arqueolog\u00eda.\" \/>\n<meta property=\"og:url\" content=\"https:\/\/zonacaral.gob.pe\/es\/noticias\/ruth-shady-premio-por-la-mujeres-en-la-ciencia-reconoce-a-la-arqueologia-y-ciencias-sociales\/\" \/>\n<meta property=\"og:site_name\" content=\"Zona Caral\" \/>\n<meta property=\"article:published_time\" content=\"2019-04-09T23:27:29+00:00\" \/>\n<meta property=\"og:image\" content=\"https:\/\/zonacaral.gob.pe\/wp-content\/uploads\/2019\/04\/ruth-shady-premio-loreal-unesco.jpg\" \/>\n\t<meta property=\"og:image:width\" content=\"810\" \/>\n\t<meta property=\"og:image:height\" content=\"410\" \/>\n\t<meta property=\"og:image:type\" content=\"image\/jpeg\" \/>\n<meta name=\"author\" content=\"Zona Caral Administrador\" \/>\n<meta name=\"twitter:card\" content=\"summary_large_image\" \/>\n<meta name=\"twitter:label1\" content=\"Written by\" \/>\n\t<meta name=\"twitter:data1\" content=\"Zona Caral Administrador\" \/>\n\t<meta name=\"twitter:label2\" content=\"Est. reading time\" \/>\n\t<meta name=\"twitter:data2\" content=\"3 minutos\" \/>\n<script type=\"application\/ld+json\" class=\"yoast-schema-graph\">{\"@context\":\"https:\\\/\\\/schema.org\",\"@graph\":[{\"@type\":\"Article\",\"@id\":\"https:\\\/\\\/zonacaral.gob.pe\\\/es\\\/noticias\\\/ruth-shady-premio-por-la-mujeres-en-la-ciencia-reconoce-a-la-arqueologia-y-ciencias-sociales\\\/#article\",\"isPartOf\":{\"@id\":\"https:\\\/\\\/zonacaral.gob.pe\\\/es\\\/noticias\\\/ruth-shady-premio-por-la-mujeres-en-la-ciencia-reconoce-a-la-arqueologia-y-ciencias-sociales\\\/\"},\"author\":{\"name\":\"Zona Caral Administrador\",\"@id\":\"https:\\\/\\\/zonacaral.gob.pe\\\/es\\\/#\\\/schema\\\/person\\\/beddb4d22f71a7230c5b90913270a0ee\"},\"headline\":\"Ruth Shady: Premio \u201cPor la Mujeres en la Ciencia\u201d reconoce a la Arqueolog\u00eda y Ciencias Sociales\",\"datePublished\":\"2019-04-09T23:27:29+00:00\",\"mainEntityOfPage\":{\"@id\":\"https:\\\/\\\/zonacaral.gob.pe\\\/es\\\/noticias\\\/ruth-shady-premio-por-la-mujeres-en-la-ciencia-reconoce-a-la-arqueologia-y-ciencias-sociales\\\/\"},\"wordCount\":583,\"image\":{\"@id\":\"https:\\\/\\\/zonacaral.gob.pe\\\/es\\\/noticias\\\/ruth-shady-premio-por-la-mujeres-en-la-ciencia-reconoce-a-la-arqueologia-y-ciencias-sociales\\\/#primaryimage\"},\"thumbnailUrl\":\"https:\\\/\\\/zonacaral.gob.pe\\\/wp-content\\\/uploads\\\/2019\\\/04\\\/ruth-shady-premio-loreal-unesco.jpg\",\"keywords\":[\"caral\"],\"articleSection\":[\"noticias\"],\"inLanguage\":\"es-PE\"},{\"@type\":\"WebPage\",\"@id\":\"https:\\\/\\\/zonacaral.gob.pe\\\/es\\\/noticias\\\/ruth-shady-premio-por-la-mujeres-en-la-ciencia-reconoce-a-la-arqueologia-y-ciencias-sociales\\\/\",\"url\":\"https:\\\/\\\/zonacaral.gob.pe\\\/es\\\/noticias\\\/ruth-shady-premio-por-la-mujeres-en-la-ciencia-reconoce-a-la-arqueologia-y-ciencias-sociales\\\/\",\"name\":\"Ruth Shady: Premio \u201cPor la Mujeres en la Ciencia\u201d reconoce a la Arqueolog\u00eda y Ciencias Sociales\",\"isPartOf\":{\"@id\":\"https:\\\/\\\/zonacaral.gob.pe\\\/es\\\/#website\"},\"primaryImageOfPage\":{\"@id\":\"https:\\\/\\\/zonacaral.gob.pe\\\/es\\\/noticias\\\/ruth-shady-premio-por-la-mujeres-en-la-ciencia-reconoce-a-la-arqueologia-y-ciencias-sociales\\\/#primaryimage\"},\"image\":{\"@id\":\"https:\\\/\\\/zonacaral.gob.pe\\\/es\\\/noticias\\\/ruth-shady-premio-por-la-mujeres-en-la-ciencia-reconoce-a-la-arqueologia-y-ciencias-sociales\\\/#primaryimage\"},\"thumbnailUrl\":\"https:\\\/\\\/zonacaral.gob.pe\\\/wp-content\\\/uploads\\\/2019\\\/04\\\/ruth-shady-premio-loreal-unesco.jpg\",\"datePublished\":\"2019-04-09T23:27:29+00:00\",\"author\":{\"@id\":\"https:\\\/\\\/zonacaral.gob.pe\\\/es\\\/#\\\/schema\\\/person\\\/beddb4d22f71a7230c5b90913270a0ee\"},\"description\":\"En evento desarrollado en el auditorio Los Incas del Ministerio de Cultura, en San Borja \u2013 Lima. La doctora Ruth Shady Sol\u00eds, Directora de la Zona Arqueol\u00f3gica Caral, unidad ejecutora del Ministerio de Cultura, recibi\u00f3 ayer el Premio Nacional L\u2019Or\u00e9al \u2013 UNESCO \u2013 CONCYTEC \u2013 ANC \u2013 \u201cPor las mujeres en la Ciencia\u201d 2018, promovido por el Fondo Nacional de Desarrollo Cient\u00edfico, Tecnol\u00f3gico y de Innovaci\u00f3n Tecnol\u00f3gica \u2013 FONDECYT, en el campo cient\u00edfico de la Arqueolog\u00eda.\",\"breadcrumb\":{\"@id\":\"https:\\\/\\\/zonacaral.gob.pe\\\/es\\\/noticias\\\/ruth-shady-premio-por-la-mujeres-en-la-ciencia-reconoce-a-la-arqueologia-y-ciencias-sociales\\\/#breadcrumb\"},\"inLanguage\":\"es-PE\",\"potentialAction\":[{\"@type\":\"ReadAction\",\"target\":[\"https:\\\/\\\/zonacaral.gob.pe\\\/es\\\/noticias\\\/ruth-shady-premio-por-la-mujeres-en-la-ciencia-reconoce-a-la-arqueologia-y-ciencias-sociales\\\/\"]}]},{\"@type\":\"ImageObject\",\"inLanguage\":\"es-PE\",\"@id\":\"https:\\\/\\\/zonacaral.gob.pe\\\/es\\\/noticias\\\/ruth-shady-premio-por-la-mujeres-en-la-ciencia-reconoce-a-la-arqueologia-y-ciencias-sociales\\\/#primaryimage\",\"url\":\"https:\\\/\\\/zonacaral.gob.pe\\\/wp-content\\\/uploads\\\/2019\\\/04\\\/ruth-shady-premio-loreal-unesco.jpg\",\"contentUrl\":\"https:\\\/\\\/zonacaral.gob.pe\\\/wp-content\\\/uploads\\\/2019\\\/04\\\/ruth-shady-premio-loreal-unesco.jpg\",\"width\":810,\"height\":410},{\"@type\":\"BreadcrumbList\",\"@id\":\"https:\\\/\\\/zonacaral.gob.pe\\\/es\\\/noticias\\\/ruth-shady-premio-por-la-mujeres-en-la-ciencia-reconoce-a-la-arqueologia-y-ciencias-sociales\\\/#breadcrumb\",\"itemListElement\":[{\"@type\":\"ListItem\",\"position\":1,\"name\":\"Portada\",\"item\":\"https:\\\/\\\/zonacaral.gob.pe\\\/\"},{\"@type\":\"ListItem\",\"position\":2,\"name\":\"Ruth Shady: Premio \u201cPor la Mujeres en la Ciencia\u201d reconoce a la Arqueolog\u00eda y Ciencias Sociales\"}]},{\"@type\":\"WebSite\",\"@id\":\"https:\\\/\\\/zonacaral.gob.pe\\\/es\\\/#website\",\"url\":\"https:\\\/\\\/zonacaral.gob.pe\\\/es\\\/\",\"name\":\"Zona Caral\",\"description\":\"Investigamos, conservamos y difundimos el patrimonio cultural de la Civilizaci\u00f3n Caral, la m\u00e1s antigua de Am\u00e9rica.\",\"potentialAction\":[{\"@type\":\"SearchAction\",\"target\":{\"@type\":\"EntryPoint\",\"urlTemplate\":\"https:\\\/\\\/zonacaral.gob.pe\\\/es\\\/?s={search_term_string}\"},\"query-input\":{\"@type\":\"PropertyValueSpecification\",\"valueRequired\":true,\"valueName\":\"search_term_string\"}}],\"inLanguage\":\"es-PE\"},{\"@type\":\"Person\",\"@id\":\"https:\\\/\\\/zonacaral.gob.pe\\\/es\\\/#\\\/schema\\\/person\\\/beddb4d22f71a7230c5b90913270a0ee\",\"name\":\"Zona Caral Administrador\",\"image\":{\"@type\":\"ImageObject\",\"inLanguage\":\"es-PE\",\"@id\":\"https:\\\/\\\/secure.gravatar.com\\\/avatar\\\/e4be162918a696358376de6446614e0f0f4062bdc5d170d6d540ada3d8b58c12?s=96&d=mm&r=g\",\"url\":\"https:\\\/\\\/secure.gravatar.com\\\/avatar\\\/e4be162918a696358376de6446614e0f0f4062bdc5d170d6d540ada3d8b58c12?s=96&d=mm&r=g\",\"contentUrl\":\"https:\\\/\\\/secure.gravatar.com\\\/avatar\\\/e4be162918a696358376de6446614e0f0f4062bdc5d170d6d540ada3d8b58c12?s=96&d=mm&r=g\",\"caption\":\"Zona Caral Administrador\"},\"sameAs\":[\"https:\\\/\\\/zonacaral.gob.pe\"],\"url\":\"https:\\\/\\\/zonacaral.gob.pe\\\/es\\\/noticias\\\/author\\\/ad_zonacaral\\\/\"}]}<\/script>\n<!-- \/ Yoast SEO plugin. -->","yoast_head_json":{"title":"Ruth Shady: Premio \u201cPor la Mujeres en la Ciencia\u201d reconoce a la Arqueolog\u00eda y Ciencias Sociales","description":"En evento desarrollado en el auditorio Los Incas del Ministerio de Cultura, en San Borja \u2013 Lima. La doctora Ruth Shady Sol\u00eds, Directora de la Zona Arqueol\u00f3gica Caral, unidad ejecutora del Ministerio de Cultura, recibi\u00f3 ayer el Premio Nacional L\u2019Or\u00e9al \u2013 UNESCO \u2013 CONCYTEC \u2013 ANC \u2013 \u201cPor las mujeres en la Ciencia\u201d 2018, promovido por el Fondo Nacional de Desarrollo Cient\u00edfico, Tecnol\u00f3gico y de Innovaci\u00f3n Tecnol\u00f3gica \u2013 FONDECYT, en el campo cient\u00edfico de la Arqueolog\u00eda.","robots":{"index":"index","follow":"follow","max-snippet":"max-snippet:-1","max-image-preview":"max-image-preview:large","max-video-preview":"max-video-preview:-1"},"canonical":"https:\/\/zonacaral.gob.pe\/es\/noticias\/ruth-shady-premio-por-la-mujeres-en-la-ciencia-reconoce-a-la-arqueologia-y-ciencias-sociales\/","og_locale":"es_ES","og_type":"article","og_title":"Ruth Shady: Premio \u201cPor la Mujeres en la Ciencia\u201d reconoce a la Arqueolog\u00eda y Ciencias Sociales","og_description":"En evento desarrollado en el auditorio Los Incas del Ministerio de Cultura, en San Borja \u2013 Lima. La doctora Ruth Shady Sol\u00eds, Directora de la Zona Arqueol\u00f3gica Caral, unidad ejecutora del Ministerio de Cultura, recibi\u00f3 ayer el Premio Nacional L\u2019Or\u00e9al \u2013 UNESCO \u2013 CONCYTEC \u2013 ANC \u2013 \u201cPor las mujeres en la Ciencia\u201d 2018, promovido por el Fondo Nacional de Desarrollo Cient\u00edfico, Tecnol\u00f3gico y de Innovaci\u00f3n Tecnol\u00f3gica \u2013 FONDECYT, en el campo cient\u00edfico de la Arqueolog\u00eda.","og_url":"https:\/\/zonacaral.gob.pe\/es\/noticias\/ruth-shady-premio-por-la-mujeres-en-la-ciencia-reconoce-a-la-arqueologia-y-ciencias-sociales\/","og_site_name":"Zona Caral","article_published_time":"2019-04-09T23:27:29+00:00","og_image":[{"width":810,"height":410,"url":"https:\/\/zonacaral.gob.pe\/wp-content\/uploads\/2019\/04\/ruth-shady-premio-loreal-unesco.jpg","type":"image\/jpeg"}],"author":"Zona Caral Administrador","twitter_card":"summary_large_image","twitter_misc":{"Written by":"Zona Caral Administrador","Est. reading time":"3 minutos"},"schema":{"@context":"https:\/\/schema.org","@graph":[{"@type":"Article","@id":"https:\/\/zonacaral.gob.pe\/es\/noticias\/ruth-shady-premio-por-la-mujeres-en-la-ciencia-reconoce-a-la-arqueologia-y-ciencias-sociales\/#article","isPartOf":{"@id":"https:\/\/zonacaral.gob.pe\/es\/noticias\/ruth-shady-premio-por-la-mujeres-en-la-ciencia-reconoce-a-la-arqueologia-y-ciencias-sociales\/"},"author":{"name":"Zona Caral Administrador","@id":"https:\/\/zonacaral.gob.pe\/es\/#\/schema\/person\/beddb4d22f71a7230c5b90913270a0ee"},"headline":"Ruth Shady: Premio \u201cPor la Mujeres en la Ciencia\u201d reconoce a la Arqueolog\u00eda y Ciencias Sociales","datePublished":"2019-04-09T23:27:29+00:00","mainEntityOfPage":{"@id":"https:\/\/zonacaral.gob.pe\/es\/noticias\/ruth-shady-premio-por-la-mujeres-en-la-ciencia-reconoce-a-la-arqueologia-y-ciencias-sociales\/"},"wordCount":583,"image":{"@id":"https:\/\/zonacaral.gob.pe\/es\/noticias\/ruth-shady-premio-por-la-mujeres-en-la-ciencia-reconoce-a-la-arqueologia-y-ciencias-sociales\/#primaryimage"},"thumbnailUrl":"https:\/\/zonacaral.gob.pe\/wp-content\/uploads\/2019\/04\/ruth-shady-premio-loreal-unesco.jpg","keywords":["caral"],"articleSection":["noticias"],"inLanguage":"es-PE"},{"@type":"WebPage","@id":"https:\/\/zonacaral.gob.pe\/es\/noticias\/ruth-shady-premio-por-la-mujeres-en-la-ciencia-reconoce-a-la-arqueologia-y-ciencias-sociales\/","url":"https:\/\/zonacaral.gob.pe\/es\/noticias\/ruth-shady-premio-por-la-mujeres-en-la-ciencia-reconoce-a-la-arqueologia-y-ciencias-sociales\/","name":"Ruth Shady: Premio \u201cPor la Mujeres en la Ciencia\u201d reconoce a la Arqueolog\u00eda y Ciencias Sociales","isPartOf":{"@id":"https:\/\/zonacaral.gob.pe\/es\/#website"},"primaryImageOfPage":{"@id":"https:\/\/zonacaral.gob.pe\/es\/noticias\/ruth-shady-premio-por-la-mujeres-en-la-ciencia-reconoce-a-la-arqueologia-y-ciencias-sociales\/#primaryimage"},"image":{"@id":"https:\/\/zonacaral.gob.pe\/es\/noticias\/ruth-shady-premio-por-la-mujeres-en-la-ciencia-reconoce-a-la-arqueologia-y-ciencias-sociales\/#primaryimage"},"thumbnailUrl":"https:\/\/zonacaral.gob.pe\/wp-content\/uploads\/2019\/04\/ruth-shady-premio-loreal-unesco.jpg","datePublished":"2019-04-09T23:27:29+00:00","author":{"@id":"https:\/\/zonacaral.gob.pe\/es\/#\/schema\/person\/beddb4d22f71a7230c5b90913270a0ee"},"description":"En evento desarrollado en el auditorio Los Incas del Ministerio de Cultura, en San Borja \u2013 Lima. La doctora Ruth Shady Sol\u00eds, Directora de la Zona Arqueol\u00f3gica Caral, unidad ejecutora del Ministerio de Cultura, recibi\u00f3 ayer el Premio Nacional L\u2019Or\u00e9al \u2013 UNESCO \u2013 CONCYTEC \u2013 ANC \u2013 \u201cPor las mujeres en la Ciencia\u201d 2018, promovido por el Fondo Nacional de Desarrollo Cient\u00edfico, Tecnol\u00f3gico y de Innovaci\u00f3n Tecnol\u00f3gica \u2013 FONDECYT, en el campo cient\u00edfico de la Arqueolog\u00eda.","breadcrumb":{"@id":"https:\/\/zonacaral.gob.pe\/es\/noticias\/ruth-shady-premio-por-la-mujeres-en-la-ciencia-reconoce-a-la-arqueologia-y-ciencias-sociales\/#breadcrumb"},"inLanguage":"es-PE","potentialAction":[{"@type":"ReadAction","target":["https:\/\/zonacaral.gob.pe\/es\/noticias\/ruth-shady-premio-por-la-mujeres-en-la-ciencia-reconoce-a-la-arqueologia-y-ciencias-sociales\/"]}]},{"@type":"ImageObject","inLanguage":"es-PE","@id":"https:\/\/zonacaral.gob.pe\/es\/noticias\/ruth-shady-premio-por-la-mujeres-en-la-ciencia-reconoce-a-la-arqueologia-y-ciencias-sociales\/#primaryimage","url":"https:\/\/zonacaral.gob.pe\/wp-content\/uploads\/2019\/04\/ruth-shady-premio-loreal-unesco.jpg","contentUrl":"https:\/\/zonacaral.gob.pe\/wp-content\/uploads\/2019\/04\/ruth-shady-premio-loreal-unesco.jpg","width":810,"height":410},{"@type":"BreadcrumbList","@id":"https:\/\/zonacaral.gob.pe\/es\/noticias\/ruth-shady-premio-por-la-mujeres-en-la-ciencia-reconoce-a-la-arqueologia-y-ciencias-sociales\/#breadcrumb","itemListElement":[{"@type":"ListItem","position":1,"name":"Portada","item":"https:\/\/zonacaral.gob.pe\/"},{"@type":"ListItem","position":2,"name":"Ruth Shady: Premio \u201cPor la Mujeres en la Ciencia\u201d reconoce a la Arqueolog\u00eda y Ciencias Sociales"}]},{"@type":"WebSite","@id":"https:\/\/zonacaral.gob.pe\/es\/#website","url":"https:\/\/zonacaral.gob.pe\/es\/","name":"Zona Caral","description":"Investigamos, conservamos y difundimos el patrimonio cultural de la Civilizaci\u00f3n Caral, la m\u00e1s antigua de Am\u00e9rica.","potentialAction":[{"@type":"SearchAction","target":{"@type":"EntryPoint","urlTemplate":"https:\/\/zonacaral.gob.pe\/es\/?s={search_term_string}"},"query-input":{"@type":"PropertyValueSpecification","valueRequired":true,"valueName":"search_term_string"}}],"inLanguage":"es-PE"},{"@type":"Person","@id":"https:\/\/zonacaral.gob.pe\/es\/#\/schema\/person\/beddb4d22f71a7230c5b90913270a0ee","name":"Zona Caral Administrador","image":{"@type":"ImageObject","inLanguage":"es-PE","@id":"https:\/\/secure.gravatar.com\/avatar\/e4be162918a696358376de6446614e0f0f4062bdc5d170d6d540ada3d8b58c12?s=96&d=mm&r=g","url":"https:\/\/secure.gravatar.com\/avatar\/e4be162918a696358376de6446614e0f0f4062bdc5d170d6d540ada3d8b58c12?s=96&d=mm&r=g","contentUrl":"https:\/\/secure.gravatar.com\/avatar\/e4be162918a696358376de6446614e0f0f4062bdc5d170d6d540ada3d8b58c12?s=96&d=mm&r=g","caption":"Zona Caral Administrador"},"sameAs":["https:\/\/zonacaral.gob.pe"],"url":"https:\/\/zonacaral.gob.pe\/es\/noticias\/author\/ad_zonacaral\/"}]}},"_links":{"self":[{"href":"https:\/\/zonacaral.gob.pe\/es\/wp-json\/wp\/v2\/posts\/14087","targetHints":{"allow":["GET"]}}],"collection":[{"href":"https:\/\/zonacaral.gob.pe\/es\/wp-json\/wp\/v2\/posts"}],"about":[{"href":"https:\/\/zonacaral.gob.pe\/es\/wp-json\/wp\/v2\/types\/post"}],"author":[{"embeddable":true,"href":"https:\/\/zonacaral.gob.pe\/es\/wp-json\/wp\/v2\/users\/1"}],"replies":[{"embeddable":true,"href":"https:\/\/zonacaral.gob.pe\/es\/wp-json\/wp\/v2\/comments?post=14087"}],"version-history":[{"count":0,"href":"https:\/\/zonacaral.gob.pe\/es\/wp-json\/wp\/v2\/posts\/14087\/revisions"}],"wp:featuredmedia":[{"embeddable":true,"href":"https:\/\/zonacaral.gob.pe\/es\/wp-json\/wp\/v2\/media\/14088"}],"wp:attachment":[{"href":"https:\/\/zonacaral.gob.pe\/es\/wp-json\/wp\/v2\/media?parent=14087"}],"wp:term":[{"taxonomy":"category","embeddable":true,"href":"https:\/\/zonacaral.gob.pe\/es\/wp-json\/wp\/v2\/categories?post=14087"},{"taxonomy":"post_tag","embeddable":true,"href":"https:\/\/zonacaral.gob.pe\/es\/wp-json\/wp\/v2\/tags?post=14087"}],"curies":[{"name":"wp","href":"https:\/\/api.w.org\/{rel}","templated":true}]}}