{"id":14090,"date":"2019-04-09T18:31:44","date_gmt":"2019-04-09T23:31:44","guid":{"rendered":"http:\/\/www.zonacaral.gob.pe\/?p=14090"},"modified":"2019-04-09T18:31:44","modified_gmt":"2019-04-09T23:31:44","slug":"semana-santa-campamento-yoga-y-meditacion-en-la-ciudad-sagrada-de-caral","status":"publish","type":"post","link":"https:\/\/zonacaral.gob.pe\/es\/noticias\/semana-santa-campamento-yoga-y-meditacion-en-la-ciudad-sagrada-de-caral\/","title":{"rendered":"Semana Santa: campamento, yoga y meditaci\u00f3n en la Ciudad Sagrada de Caral"},"content":{"rendered":"<figure class=\"pic-autor\" style=\"color: #4d4d4d; text-align: justify;\"><\/figure>\n<blockquote><p>El programa contempla un viaje de dos d\u00edas y una noche. El viernes 19 (tarde &#8211; noche) y s\u00e1bado 20 (ma\u00f1ana &#8211; tarde).<\/p><\/blockquote>\n<p>\u00a1Imperdible! Esta <strong>Semana Santa<\/strong>, la Zona Arqueol\u00f3gica Caral, unidad ejecutora del Ministerio de Cultura, ha organizado una experiencia inolvidable en la Ciudad Sagrada de Caral, la cual mezcla cultura, naturaleza, diversi\u00f3n, y una sesi\u00f3n de meditaci\u00f3n y sanaci\u00f3n.<\/p>\n<h4>\u00bfQu\u00e9 actividades se realizar\u00e1n?<\/h4>\n<p>Seg\u00fan el itinerario, del viernes 19, los participantes se dirigir\u00e1n de Lima a la Ciudad Sagrada de Caral donde armar\u00e1n sus carpas, en una zona segura y protegida, para luego dirigirse, bajo la luz de la luna llena, al Altar del Fuego Sagrado, en el Apu Gozne, donde se desarrollar\u00e1 la sesi\u00f3n de meditaci\u00f3n, relajaci\u00f3n y sanaci\u00f3n a cargo del m\u00fasico, compositor y terapeuta en C\u00edrculos de Sonidos, <strong>Ruy Hinostroza<\/strong>.<\/p>\n<p>Luego, en la zona de campamento, se desarrollar\u00e1n diversas actividades de confraternidad, acompa\u00f1ados de m\u00fasica. Cabe se\u00f1alar que este ambiente cuenta con los servicios b\u00e1sicos para comodidad de los viajeros.<\/p>\n<p>Al d\u00eda siguiente, el s\u00e1bado 20, de la mano de gu\u00edas y arque\u00f3logos profesionales, recorrer\u00e1n la Ciudad Sagrada de Caral para conocer los edificios piramidales m\u00e1s antiguos de Per\u00fa y de Am\u00e9rica, c\u00f3mo fueron construidos, y qu\u00e9 conocimientos produjeron, hace 5000 a\u00f1os, los pobladores del principal centro urbano de la civilizaci\u00f3n Caral.<\/p>\n<p>El viaje terminar\u00e1 con la vista a la playa La Isla del Fara\u00f3n, una de las m\u00e1s hermosas playas del norte chico, donde los viajeros podr\u00e1n aprovechar del sol, del mar y la arena, antes de retornar a Lima.<br \/>\nEl paseo no podr\u00e1 estar completo sin la gastronom\u00eda, por ello, el programa contempla la cena (el primer d\u00eda) y el desayuno y almuerzo (el segundo d\u00eda), con los mejores platos t\u00edpicos de Supe \u2013 Barranca.<\/p>\n<h4>\u00bfC\u00d3MO PARTICIPAR?<\/h4>\n<p>Los interesados de participar en este viaje especial, deben comunicarse con nuestro Programa de Viajes Educativos, a los n\u00fameros: 205-2517 \/ 955881340 o enviar un correo a: <a href=\"\/viajeseducativos@zonacaral.gob.pe\">viajeseducativos@zonacaral.gob.pe<\/a>.<\/p>\n<p>\u00a1ATENCI\u00d3N!\u2028\u2028Por seguridad y un buen servicio, las actividades programadas son s\u00f3lo para los que participen del Viaje Educativo, el cual incluye contempla el campamento (menos carpa), alimentos, traslados (en bus autorizado y seguro), tour conducto a bordo, gu\u00edas profesionales y asesor\u00eda de arque\u00f3logos. Conoce el itinerario completo aqu\u00ed: https:\/\/bit.ly\/2YSNo1b<\/p>\n<h4>DATO<\/h4>\n<p>Las personas que deseen conocer la Ciudad Sagrada de Caral, de manera particular, pueden hacerlo de 9:00 a.m. a 6:00 p.m. Les recomendamos ingresar por el Parador Tur\u00edstico, cuyo acceso es por el pueblo de Caral, a 23 kil\u00f3metros de la Panamericana Norte. Inf\u00f3rmate m\u00e1s <a href=\"\/www.zonacaral.gob.pe\/conoce-caral\/como-llegar-a-caral\/\">aqu\u00ed<\/a>.<\/p>\n<p>Cabe se\u00f1alar que lo sitios arqueol\u00f3gicos de \u00c1spero y Vichama, ubicados en Supe Puerto-Barranca y V\u00e9gueta-Huaura, respectivamente, tambi\u00e9n abrir\u00e1n sus puertas este feriado largo para recibir a todos los visitantes, interesados en conocer m\u00e1s de nuestro patrimonio cultural. Conoce las actividades de estos lugares <a href=\"\/www.zonacaral.gob.pe\/agenda%20cultural\/agenda-caral-abril.html\">aqu\u00ed<\/a>.<\/p>\n<p><iframe style=\"border: none; overflow: hidden;\" src=\"https:\/\/www.facebook.com\/plugins\/video.php?href=https%3A%2F%2Fwww.facebook.com%2FCARALPERU%2Fvideos%2F2026554874087514%2F&amp;show_text=0&amp;width=560\" width=\"560\" height=\"400\" frameborder=\"0\" scrolling=\"no\" allowfullscreen=\"allowfullscreen\"><\/iframe><\/p>\n<p style=\"text-align: justify;\"><span style=\"color: #993300;\"><strong>Fuente<\/strong><strong>: Prensa ZAC<\/strong><\/span><\/p>\n<div style=\"color: #1f1f1f;\">\n<p style=\"text-align: justify;\">Fecha de publicaci\u00f3n: 09\/04\/2019<\/p>\n<\/div>\n","protected":false},"excerpt":{"rendered":"<p>El programa contempla un viaje de dos d\u00edas y una noche. El viernes 19 (tarde &#8211; noche) y s\u00e1bado 20 [&hellip;]<\/p>\n","protected":false},"author":1,"featured_media":14139,"comment_status":"closed","ping_status":"open","sticky":false,"template":"","format":"standard","meta":{"_acf_changed":false,"site-sidebar-layout":"default","site-content-layout":"","ast-site-content-layout":"default","site-content-style":"default","site-sidebar-style":"default","ast-global-header-display":"","ast-banner-title-visibility":"","ast-main-header-display":"","ast-hfb-above-header-display":"","ast-hfb-below-header-display":"","ast-hfb-mobile-header-display":"","site-post-title":"","ast-breadcrumbs-content":"","ast-featured-img":"","footer-sml-layout":"","ast-disable-related-posts":"","theme-transparent-header-meta":"","adv-header-id-meta":"","stick-header-meta":"","header-above-stick-meta":"","header-main-stick-meta":"","header-below-stick-meta":"","astra-migrate-meta-layouts":"default","ast-page-background-enabled":"default","ast-page-background-meta":{"desktop":{"background-color":"var(--ast-global-color-5)","background-image":"","background-repeat":"repeat","background-position":"center center","background-size":"auto","background-attachment":"scroll","background-type":"","background-media":"","overlay-type":"","overlay-color":"","overlay-opacity":"","overlay-gradient":""},"tablet":{"background-color":"","background-image":"","background-repeat":"repeat","background-position":"center center","background-size":"auto","background-attachment":"scroll","background-type":"","background-media":"","overlay-type":"","overlay-color":"","overlay-opacity":"","overlay-gradient":""},"mobile":{"background-color":"","background-image":"","background-repeat":"repeat","background-position":"center center","background-size":"auto","background-attachment":"scroll","background-type":"","background-media":"","overlay-type":"","overlay-color":"","overlay-opacity":"","overlay-gradient":""}},"ast-content-background-meta":{"desktop":{"background-color":"var(--ast-global-color-4)","background-image":"","background-repeat":"repeat","background-position":"center center","background-size":"auto","background-attachment":"scroll","background-type":"","background-media":"","overlay-type":"","overlay-color":"","overlay-opacity":"","overlay-gradient":""},"tablet":{"background-color":"var(--ast-global-color-4)","background-image":"","background-repeat":"repeat","background-position":"center center","background-size":"auto","background-attachment":"scroll","background-type":"","background-media":"","overlay-type":"","overlay-color":"","overlay-opacity":"","overlay-gradient":""},"mobile":{"background-color":"var(--ast-global-color-4)","background-image":"","background-repeat":"repeat","background-position":"center center","background-size":"auto","background-attachment":"scroll","background-type":"","background-media":"","overlay-type":"","overlay-color":"","overlay-opacity":"","overlay-gradient":""}},"footnotes":""},"categories":[208],"tags":[55],"class_list":["post-14090","post","type-post","status-publish","format-standard","has-post-thumbnail","hentry","category-noticias","tag-caral"],"acf":[],"yoast_head":"<!-- This site is optimized with the Yoast SEO plugin v27.3 - https:\/\/yoast.com\/product\/yoast-seo-wordpress\/ -->\n<title>Semana Santa: campamento, yoga y meditaci\u00f3n en la Ciudad Sagrada de Caral<\/title>\n<meta name=\"description\" content=\"\u00a1Imperdible! La Zona Arqueol\u00f3gica Caral, unidad ejecutora del Ministerio de Cultura, ha organizado una experiencia inolvidable en la Ciudad Sagrada de Caral por Semana Santa, la cual busca que los viajeros conozcan nuestra cultura y la complementen con la pr\u00e1ctica ancestral del Yoga y la meditaci\u00f3n, en un paseo de dos d\u00edas y una noche.\" \/>\n<meta name=\"robots\" content=\"index, follow, max-snippet:-1, max-image-preview:large, max-video-preview:-1\" \/>\n<link rel=\"canonical\" href=\"https:\/\/zonacaral.gob.pe\/es\/noticias\/semana-santa-campamento-yoga-y-meditacion-en-la-ciudad-sagrada-de-caral\/\" \/>\n<meta property=\"og:locale\" content=\"es_ES\" \/>\n<meta property=\"og:type\" content=\"article\" \/>\n<meta property=\"og:title\" content=\"Semana Santa: campamento, yoga y meditaci\u00f3n en la Ciudad Sagrada de Caral\" \/>\n<meta property=\"og:description\" content=\"\u00a1Imperdible! La Zona Arqueol\u00f3gica Caral, unidad ejecutora del Ministerio de Cultura, ha organizado una experiencia inolvidable en la Ciudad Sagrada de Caral por Semana Santa, la cual busca que los viajeros conozcan nuestra cultura y la complementen con la pr\u00e1ctica ancestral del Yoga y la meditaci\u00f3n, en un paseo de dos d\u00edas y una noche.\" \/>\n<meta property=\"og:url\" content=\"https:\/\/zonacaral.gob.pe\/es\/noticias\/semana-santa-campamento-yoga-y-meditacion-en-la-ciudad-sagrada-de-caral\/\" \/>\n<meta property=\"og:site_name\" content=\"Zona Caral\" \/>\n<meta property=\"article:published_time\" content=\"2019-04-09T23:31:44+00:00\" \/>\n<meta property=\"og:image\" content=\"https:\/\/zonacaral.gob.pe\/wp-content\/uploads\/2019\/04\/semana-santa-2.jpg\" \/>\n\t<meta property=\"og:image:width\" content=\"810\" \/>\n\t<meta property=\"og:image:height\" content=\"410\" \/>\n\t<meta property=\"og:image:type\" content=\"image\/jpeg\" \/>\n<meta name=\"author\" content=\"Zona Caral Administrador\" \/>\n<meta name=\"twitter:card\" content=\"summary_large_image\" \/>\n<meta name=\"twitter:label1\" content=\"Written by\" \/>\n\t<meta name=\"twitter:data1\" content=\"Zona Caral Administrador\" \/>\n\t<meta name=\"twitter:label2\" content=\"Est. reading time\" \/>\n\t<meta name=\"twitter:data2\" content=\"3 minutos\" \/>\n<script type=\"application\/ld+json\" class=\"yoast-schema-graph\">{\"@context\":\"https:\\\/\\\/schema.org\",\"@graph\":[{\"@type\":\"Article\",\"@id\":\"https:\\\/\\\/zonacaral.gob.pe\\\/es\\\/noticias\\\/semana-santa-campamento-yoga-y-meditacion-en-la-ciudad-sagrada-de-caral\\\/#article\",\"isPartOf\":{\"@id\":\"https:\\\/\\\/zonacaral.gob.pe\\\/es\\\/noticias\\\/semana-santa-campamento-yoga-y-meditacion-en-la-ciudad-sagrada-de-caral\\\/\"},\"author\":{\"name\":\"Zona Caral Administrador\",\"@id\":\"https:\\\/\\\/zonacaral.gob.pe\\\/es\\\/#\\\/schema\\\/person\\\/beddb4d22f71a7230c5b90913270a0ee\"},\"headline\":\"Semana Santa: campamento, yoga y meditaci\u00f3n en la Ciudad Sagrada de Caral\",\"datePublished\":\"2019-04-09T23:31:44+00:00\",\"mainEntityOfPage\":{\"@id\":\"https:\\\/\\\/zonacaral.gob.pe\\\/es\\\/noticias\\\/semana-santa-campamento-yoga-y-meditacion-en-la-ciudad-sagrada-de-caral\\\/\"},\"wordCount\":539,\"image\":{\"@id\":\"https:\\\/\\\/zonacaral.gob.pe\\\/es\\\/noticias\\\/semana-santa-campamento-yoga-y-meditacion-en-la-ciudad-sagrada-de-caral\\\/#primaryimage\"},\"thumbnailUrl\":\"https:\\\/\\\/zonacaral.gob.pe\\\/wp-content\\\/uploads\\\/2019\\\/04\\\/semana-santa-2.jpg\",\"keywords\":[\"caral\"],\"articleSection\":[\"noticias\"],\"inLanguage\":\"es-PE\"},{\"@type\":\"WebPage\",\"@id\":\"https:\\\/\\\/zonacaral.gob.pe\\\/es\\\/noticias\\\/semana-santa-campamento-yoga-y-meditacion-en-la-ciudad-sagrada-de-caral\\\/\",\"url\":\"https:\\\/\\\/zonacaral.gob.pe\\\/es\\\/noticias\\\/semana-santa-campamento-yoga-y-meditacion-en-la-ciudad-sagrada-de-caral\\\/\",\"name\":\"Semana Santa: campamento, yoga y meditaci\u00f3n en la Ciudad Sagrada de Caral\",\"isPartOf\":{\"@id\":\"https:\\\/\\\/zonacaral.gob.pe\\\/es\\\/#website\"},\"primaryImageOfPage\":{\"@id\":\"https:\\\/\\\/zonacaral.gob.pe\\\/es\\\/noticias\\\/semana-santa-campamento-yoga-y-meditacion-en-la-ciudad-sagrada-de-caral\\\/#primaryimage\"},\"image\":{\"@id\":\"https:\\\/\\\/zonacaral.gob.pe\\\/es\\\/noticias\\\/semana-santa-campamento-yoga-y-meditacion-en-la-ciudad-sagrada-de-caral\\\/#primaryimage\"},\"thumbnailUrl\":\"https:\\\/\\\/zonacaral.gob.pe\\\/wp-content\\\/uploads\\\/2019\\\/04\\\/semana-santa-2.jpg\",\"datePublished\":\"2019-04-09T23:31:44+00:00\",\"author\":{\"@id\":\"https:\\\/\\\/zonacaral.gob.pe\\\/es\\\/#\\\/schema\\\/person\\\/beddb4d22f71a7230c5b90913270a0ee\"},\"description\":\"\u00a1Imperdible! La Zona Arqueol\u00f3gica Caral, unidad ejecutora del Ministerio de Cultura, ha organizado una experiencia inolvidable en la Ciudad Sagrada de Caral por Semana Santa, la cual busca que los viajeros conozcan nuestra cultura y la complementen con la pr\u00e1ctica ancestral del Yoga y la meditaci\u00f3n, en un paseo de dos d\u00edas y una noche.\",\"breadcrumb\":{\"@id\":\"https:\\\/\\\/zonacaral.gob.pe\\\/es\\\/noticias\\\/semana-santa-campamento-yoga-y-meditacion-en-la-ciudad-sagrada-de-caral\\\/#breadcrumb\"},\"inLanguage\":\"es-PE\",\"potentialAction\":[{\"@type\":\"ReadAction\",\"target\":[\"https:\\\/\\\/zonacaral.gob.pe\\\/es\\\/noticias\\\/semana-santa-campamento-yoga-y-meditacion-en-la-ciudad-sagrada-de-caral\\\/\"]}]},{\"@type\":\"ImageObject\",\"inLanguage\":\"es-PE\",\"@id\":\"https:\\\/\\\/zonacaral.gob.pe\\\/es\\\/noticias\\\/semana-santa-campamento-yoga-y-meditacion-en-la-ciudad-sagrada-de-caral\\\/#primaryimage\",\"url\":\"https:\\\/\\\/zonacaral.gob.pe\\\/wp-content\\\/uploads\\\/2019\\\/04\\\/semana-santa-2.jpg\",\"contentUrl\":\"https:\\\/\\\/zonacaral.gob.pe\\\/wp-content\\\/uploads\\\/2019\\\/04\\\/semana-santa-2.jpg\",\"width\":810,\"height\":410},{\"@type\":\"BreadcrumbList\",\"@id\":\"https:\\\/\\\/zonacaral.gob.pe\\\/es\\\/noticias\\\/semana-santa-campamento-yoga-y-meditacion-en-la-ciudad-sagrada-de-caral\\\/#breadcrumb\",\"itemListElement\":[{\"@type\":\"ListItem\",\"position\":1,\"name\":\"Portada\",\"item\":\"https:\\\/\\\/zonacaral.gob.pe\\\/\"},{\"@type\":\"ListItem\",\"position\":2,\"name\":\"Semana Santa: campamento, yoga y meditaci\u00f3n en la Ciudad Sagrada de Caral\"}]},{\"@type\":\"WebSite\",\"@id\":\"https:\\\/\\\/zonacaral.gob.pe\\\/es\\\/#website\",\"url\":\"https:\\\/\\\/zonacaral.gob.pe\\\/es\\\/\",\"name\":\"Zona Caral\",\"description\":\"Investigamos, conservamos y difundimos el patrimonio cultural de la Civilizaci\u00f3n Caral, la m\u00e1s antigua de Am\u00e9rica.\",\"potentialAction\":[{\"@type\":\"SearchAction\",\"target\":{\"@type\":\"EntryPoint\",\"urlTemplate\":\"https:\\\/\\\/zonacaral.gob.pe\\\/es\\\/?s={search_term_string}\"},\"query-input\":{\"@type\":\"PropertyValueSpecification\",\"valueRequired\":true,\"valueName\":\"search_term_string\"}}],\"inLanguage\":\"es-PE\"},{\"@type\":\"Person\",\"@id\":\"https:\\\/\\\/zonacaral.gob.pe\\\/es\\\/#\\\/schema\\\/person\\\/beddb4d22f71a7230c5b90913270a0ee\",\"name\":\"Zona Caral Administrador\",\"image\":{\"@type\":\"ImageObject\",\"inLanguage\":\"es-PE\",\"@id\":\"https:\\\/\\\/secure.gravatar.com\\\/avatar\\\/e4be162918a696358376de6446614e0f0f4062bdc5d170d6d540ada3d8b58c12?s=96&d=mm&r=g\",\"url\":\"https:\\\/\\\/secure.gravatar.com\\\/avatar\\\/e4be162918a696358376de6446614e0f0f4062bdc5d170d6d540ada3d8b58c12?s=96&d=mm&r=g\",\"contentUrl\":\"https:\\\/\\\/secure.gravatar.com\\\/avatar\\\/e4be162918a696358376de6446614e0f0f4062bdc5d170d6d540ada3d8b58c12?s=96&d=mm&r=g\",\"caption\":\"Zona Caral Administrador\"},\"sameAs\":[\"https:\\\/\\\/zonacaral.gob.pe\"],\"url\":\"https:\\\/\\\/zonacaral.gob.pe\\\/es\\\/noticias\\\/author\\\/ad_zonacaral\\\/\"}]}<\/script>\n<!-- \/ Yoast SEO plugin. -->","yoast_head_json":{"title":"Semana Santa: campamento, yoga y meditaci\u00f3n en la Ciudad Sagrada de Caral","description":"\u00a1Imperdible! La Zona Arqueol\u00f3gica Caral, unidad ejecutora del Ministerio de Cultura, ha organizado una experiencia inolvidable en la Ciudad Sagrada de Caral por Semana Santa, la cual busca que los viajeros conozcan nuestra cultura y la complementen con la pr\u00e1ctica ancestral del Yoga y la meditaci\u00f3n, en un paseo de dos d\u00edas y una noche.","robots":{"index":"index","follow":"follow","max-snippet":"max-snippet:-1","max-image-preview":"max-image-preview:large","max-video-preview":"max-video-preview:-1"},"canonical":"https:\/\/zonacaral.gob.pe\/es\/noticias\/semana-santa-campamento-yoga-y-meditacion-en-la-ciudad-sagrada-de-caral\/","og_locale":"es_ES","og_type":"article","og_title":"Semana Santa: campamento, yoga y meditaci\u00f3n en la Ciudad Sagrada de Caral","og_description":"\u00a1Imperdible! La Zona Arqueol\u00f3gica Caral, unidad ejecutora del Ministerio de Cultura, ha organizado una experiencia inolvidable en la Ciudad Sagrada de Caral por Semana Santa, la cual busca que los viajeros conozcan nuestra cultura y la complementen con la pr\u00e1ctica ancestral del Yoga y la meditaci\u00f3n, en un paseo de dos d\u00edas y una noche.","og_url":"https:\/\/zonacaral.gob.pe\/es\/noticias\/semana-santa-campamento-yoga-y-meditacion-en-la-ciudad-sagrada-de-caral\/","og_site_name":"Zona Caral","article_published_time":"2019-04-09T23:31:44+00:00","og_image":[{"width":810,"height":410,"url":"https:\/\/zonacaral.gob.pe\/wp-content\/uploads\/2019\/04\/semana-santa-2.jpg","type":"image\/jpeg"}],"author":"Zona Caral Administrador","twitter_card":"summary_large_image","twitter_misc":{"Written by":"Zona Caral Administrador","Est. reading time":"3 minutos"},"schema":{"@context":"https:\/\/schema.org","@graph":[{"@type":"Article","@id":"https:\/\/zonacaral.gob.pe\/es\/noticias\/semana-santa-campamento-yoga-y-meditacion-en-la-ciudad-sagrada-de-caral\/#article","isPartOf":{"@id":"https:\/\/zonacaral.gob.pe\/es\/noticias\/semana-santa-campamento-yoga-y-meditacion-en-la-ciudad-sagrada-de-caral\/"},"author":{"name":"Zona Caral Administrador","@id":"https:\/\/zonacaral.gob.pe\/es\/#\/schema\/person\/beddb4d22f71a7230c5b90913270a0ee"},"headline":"Semana Santa: campamento, yoga y meditaci\u00f3n en la Ciudad Sagrada de Caral","datePublished":"2019-04-09T23:31:44+00:00","mainEntityOfPage":{"@id":"https:\/\/zonacaral.gob.pe\/es\/noticias\/semana-santa-campamento-yoga-y-meditacion-en-la-ciudad-sagrada-de-caral\/"},"wordCount":539,"image":{"@id":"https:\/\/zonacaral.gob.pe\/es\/noticias\/semana-santa-campamento-yoga-y-meditacion-en-la-ciudad-sagrada-de-caral\/#primaryimage"},"thumbnailUrl":"https:\/\/zonacaral.gob.pe\/wp-content\/uploads\/2019\/04\/semana-santa-2.jpg","keywords":["caral"],"articleSection":["noticias"],"inLanguage":"es-PE"},{"@type":"WebPage","@id":"https:\/\/zonacaral.gob.pe\/es\/noticias\/semana-santa-campamento-yoga-y-meditacion-en-la-ciudad-sagrada-de-caral\/","url":"https:\/\/zonacaral.gob.pe\/es\/noticias\/semana-santa-campamento-yoga-y-meditacion-en-la-ciudad-sagrada-de-caral\/","name":"Semana Santa: campamento, yoga y meditaci\u00f3n en la Ciudad Sagrada de Caral","isPartOf":{"@id":"https:\/\/zonacaral.gob.pe\/es\/#website"},"primaryImageOfPage":{"@id":"https:\/\/zonacaral.gob.pe\/es\/noticias\/semana-santa-campamento-yoga-y-meditacion-en-la-ciudad-sagrada-de-caral\/#primaryimage"},"image":{"@id":"https:\/\/zonacaral.gob.pe\/es\/noticias\/semana-santa-campamento-yoga-y-meditacion-en-la-ciudad-sagrada-de-caral\/#primaryimage"},"thumbnailUrl":"https:\/\/zonacaral.gob.pe\/wp-content\/uploads\/2019\/04\/semana-santa-2.jpg","datePublished":"2019-04-09T23:31:44+00:00","author":{"@id":"https:\/\/zonacaral.gob.pe\/es\/#\/schema\/person\/beddb4d22f71a7230c5b90913270a0ee"},"description":"\u00a1Imperdible! La Zona Arqueol\u00f3gica Caral, unidad ejecutora del Ministerio de Cultura, ha organizado una experiencia inolvidable en la Ciudad Sagrada de Caral por Semana Santa, la cual busca que los viajeros conozcan nuestra cultura y la complementen con la pr\u00e1ctica ancestral del Yoga y la meditaci\u00f3n, en un paseo de dos d\u00edas y una noche.","breadcrumb":{"@id":"https:\/\/zonacaral.gob.pe\/es\/noticias\/semana-santa-campamento-yoga-y-meditacion-en-la-ciudad-sagrada-de-caral\/#breadcrumb"},"inLanguage":"es-PE","potentialAction":[{"@type":"ReadAction","target":["https:\/\/zonacaral.gob.pe\/es\/noticias\/semana-santa-campamento-yoga-y-meditacion-en-la-ciudad-sagrada-de-caral\/"]}]},{"@type":"ImageObject","inLanguage":"es-PE","@id":"https:\/\/zonacaral.gob.pe\/es\/noticias\/semana-santa-campamento-yoga-y-meditacion-en-la-ciudad-sagrada-de-caral\/#primaryimage","url":"https:\/\/zonacaral.gob.pe\/wp-content\/uploads\/2019\/04\/semana-santa-2.jpg","contentUrl":"https:\/\/zonacaral.gob.pe\/wp-content\/uploads\/2019\/04\/semana-santa-2.jpg","width":810,"height":410},{"@type":"BreadcrumbList","@id":"https:\/\/zonacaral.gob.pe\/es\/noticias\/semana-santa-campamento-yoga-y-meditacion-en-la-ciudad-sagrada-de-caral\/#breadcrumb","itemListElement":[{"@type":"ListItem","position":1,"name":"Portada","item":"https:\/\/zonacaral.gob.pe\/"},{"@type":"ListItem","position":2,"name":"Semana Santa: campamento, yoga y meditaci\u00f3n en la Ciudad Sagrada de Caral"}]},{"@type":"WebSite","@id":"https:\/\/zonacaral.gob.pe\/es\/#website","url":"https:\/\/zonacaral.gob.pe\/es\/","name":"Zona Caral","description":"Investigamos, conservamos y difundimos el patrimonio cultural de la Civilizaci\u00f3n Caral, la m\u00e1s antigua de Am\u00e9rica.","potentialAction":[{"@type":"SearchAction","target":{"@type":"EntryPoint","urlTemplate":"https:\/\/zonacaral.gob.pe\/es\/?s={search_term_string}"},"query-input":{"@type":"PropertyValueSpecification","valueRequired":true,"valueName":"search_term_string"}}],"inLanguage":"es-PE"},{"@type":"Person","@id":"https:\/\/zonacaral.gob.pe\/es\/#\/schema\/person\/beddb4d22f71a7230c5b90913270a0ee","name":"Zona Caral Administrador","image":{"@type":"ImageObject","inLanguage":"es-PE","@id":"https:\/\/secure.gravatar.com\/avatar\/e4be162918a696358376de6446614e0f0f4062bdc5d170d6d540ada3d8b58c12?s=96&d=mm&r=g","url":"https:\/\/secure.gravatar.com\/avatar\/e4be162918a696358376de6446614e0f0f4062bdc5d170d6d540ada3d8b58c12?s=96&d=mm&r=g","contentUrl":"https:\/\/secure.gravatar.com\/avatar\/e4be162918a696358376de6446614e0f0f4062bdc5d170d6d540ada3d8b58c12?s=96&d=mm&r=g","caption":"Zona Caral Administrador"},"sameAs":["https:\/\/zonacaral.gob.pe"],"url":"https:\/\/zonacaral.gob.pe\/es\/noticias\/author\/ad_zonacaral\/"}]}},"_links":{"self":[{"href":"https:\/\/zonacaral.gob.pe\/es\/wp-json\/wp\/v2\/posts\/14090","targetHints":{"allow":["GET"]}}],"collection":[{"href":"https:\/\/zonacaral.gob.pe\/es\/wp-json\/wp\/v2\/posts"}],"about":[{"href":"https:\/\/zonacaral.gob.pe\/es\/wp-json\/wp\/v2\/types\/post"}],"author":[{"embeddable":true,"href":"https:\/\/zonacaral.gob.pe\/es\/wp-json\/wp\/v2\/users\/1"}],"replies":[{"embeddable":true,"href":"https:\/\/zonacaral.gob.pe\/es\/wp-json\/wp\/v2\/comments?post=14090"}],"version-history":[{"count":0,"href":"https:\/\/zonacaral.gob.pe\/es\/wp-json\/wp\/v2\/posts\/14090\/revisions"}],"wp:featuredmedia":[{"embeddable":true,"href":"https:\/\/zonacaral.gob.pe\/es\/wp-json\/wp\/v2\/media\/14139"}],"wp:attachment":[{"href":"https:\/\/zonacaral.gob.pe\/es\/wp-json\/wp\/v2\/media?parent=14090"}],"wp:term":[{"taxonomy":"category","embeddable":true,"href":"https:\/\/zonacaral.gob.pe\/es\/wp-json\/wp\/v2\/categories?post=14090"},{"taxonomy":"post_tag","embeddable":true,"href":"https:\/\/zonacaral.gob.pe\/es\/wp-json\/wp\/v2\/tags?post=14090"}],"curies":[{"name":"wp","href":"https:\/\/api.w.org\/{rel}","templated":true}]}}