{"id":14186,"date":"2019-04-16T16:12:15","date_gmt":"2019-04-16T21:12:15","guid":{"rendered":"http:\/\/www.zonacaral.gob.pe\/?p=14186"},"modified":"2019-04-16T16:12:15","modified_gmt":"2019-04-16T21:12:15","slug":"caral-en-bolivia-realizan-conversatorio-sobre-los-valores-de-la-civilizacion-caral","status":"publish","type":"post","link":"https:\/\/zonacaral.gob.pe\/es\/noticias\/caral-en-bolivia-realizan-conversatorio-sobre-los-valores-de-la-civilizacion-caral\/","title":{"rendered":"Inauguramos la primera exposici\u00f3n sobre la civilizaci\u00f3n Caral en Bolivia"},"content":{"rendered":"<figure class=\"pic-autor\" style=\"color: #4d4d4d; text-align: justify;\"><\/figure>\n<blockquote><p>Con auditorio lleno se inaugura la primera exposici\u00f3n sobre la civilizaci\u00f3n Caral en el Estado Plurinacional de Bolivia.<\/p><\/blockquote>\n<p>La Zona Arqueol\u00f3gica Caral (ZAC), unidad ejecutora del Ministerio de Cultura, inaugur\u00f3 su primera exposici\u00f3n en el exterior, precisamente, en Bolivia, gracias al apoyo del Ministerio de Relaciones Exteriores, a trav\u00e9s de la Embajada en dicho pa\u00eds.<\/p>\n<p>La exposici\u00f3n, denominada \u201cLos Valores de la Civilizaci\u00f3n Caral y su Trascendencia\u201d, estar\u00e1 abierta desde el 15 de abril hasta al 5 de mayo, en la Sala N\u00fa\u00f1ez del Prado, del Museo de Etnograf\u00eda y Folklore (MUSEF) de la ciudad de La Paz (<a href=\"https:\/\/www.google.com\/maps\/search\/ubicado+en+la+Calle+Ingavi+N%C2%BA+916,+Esq.+Jenaro+Sanjin%C3%A9s+Casilla+N%C2%BA+5817\/@-16.4943897,-68.137211,17z\/data=!3m1!4b1\">ubicado en la Calle Ingavi N\u00ba 916, Esq. Jenaro Sanjin\u00e9s Casilla N\u00ba 5817<\/a>). El ingreso es gratuito.<\/p>\n<p>Cabe se\u00f1alar que, la muestra se realiza en el marco de las celebraciones por el XXV aniversario del inicio de las investigaciones sobre la civilizaci\u00f3n Caral y X aniversario de la inclusi\u00f3n de la Ciudad Sagrada de Caral en la Lista del Patrimonio Mundial.<\/p>\n<p>En la inauguraci\u00f3n participaron el Subdirector de Investigaci\u00f3n y Conservaci\u00f3n de Sitios Arqueol\u00f3gicos de la ZAC, <strong>Marco Machacuay Romero<\/strong>; el Embajador de Per\u00fa en Bolivia, <strong>Jorge Antonio L\u00e1zaro Geldres<\/strong>; la Presidenta de la Academia Boliviana de Historia, <strong>Mar\u00eda Luisa Soux<\/strong>; y la Directora del MUSEF, <strong>Elvira Espejo Ayca<\/strong>.<\/p>\n<p>Cabe se\u00f1alar que, previo a esta actividad se desarroll\u00f3 un Conversatorio de Historia de la Cultura Andina, con la participaci\u00f3n del arque\u00f3logo, <strong>Marco Machacuay<\/strong>, y de la historiadora, <strong>Mar\u00eda Luisa Soux<\/strong>.<\/p>\n<p>Durante la inauguraci\u00f3n, Machacuay Romero agradeci\u00f3 a la Embajada de Per\u00fa en Bolivia, al Banco Central de Bolivia, Fundaci\u00f3n Cultural del Banco Central Bolivia y al MUSEF, por alojar la exposici\u00f3n, que presenta 39 im\u00e1genes (entre fotos, infograf\u00edas y gigantograf\u00edas) de los aspectos m\u00e1s relevantes de la civilizaci\u00f3n Caral. Asimismo, se exhiben doce piezas museables de la colecci\u00f3n de la ZAC y pantallas para que los visitantes interact\u00faen con los hallazgos e informaci\u00f3n.<\/p>\n<p>Asimismo, resalt\u00f3 que, en las investigaciones, sobre esta civilizaci\u00f3n, se identificaron 25 centros urbanos que se caracterizan por su planificaci\u00f3n espacial, la construcci\u00f3n de edificios p\u00fablicos piramidales escalonados, con plazas circulares hundidas, y de residencias y subconjuntos residenciales. Entre estos centros -dijo- destaca la Ciudad Sagrada de Caral, cual fue una sociedad organizada, con autoridades civiles y pol\u00edticas, bajo una administraci\u00f3n estatal centralizada.<\/p>\n<p>Al finalizar, invit\u00f3 a toda la poblaci\u00f3n boliviana y a los turistas, en general, a visitar esta exposici\u00f3n y conocer m\u00e1s sobre esta pr\u00edstina civilizaci\u00f3n, una de las m\u00e1s antiguas del mundo.<\/p>\n<p>A su turno, la Directora del MUSEF, Elvira Espejo, detall\u00f3 que su instituci\u00f3n trabaja al servicio de la cultura, y que es importante rescatar los conocimientos ancestrales en arquitectura, en arte, en ciencia y tecnolog\u00eda, \u201ccomo la producci\u00f3n de los algodones de colores\u201d.<\/p>\n<h4>DATO<\/h4>\n<p>Cabe destacar que la Embajada del Per\u00fa en Bolivia, se encarg\u00f3 de la coordinaci\u00f3n de todas las actividades que se realizan en el marco de la presentaci\u00f3n de la primera exposici\u00f3n sobre la civilizaci\u00f3n Caral en el extranjero.<\/p>\n<p>La civilizaci\u00f3n Caral naci\u00f3 hace 5000 a\u00f1os, en el \u00e1rea norcentral del Per\u00fa, en el valle de Supe &#8211; Barranca. De sus diferentes centros urbanos, s\u00f3lo tres est\u00e1n abiertos al turismo: La Ciudad Sagrada de Caral, principal centro urbano; \u00c1spero, ciudad pesquera de Caral; y Vichama, ciudad agropesquera de V\u00e9gueta-Huaura.<\/p>\n<p>Una manera de conocer estos destinos culturales es participando en el programa de difusi\u00f3n cultural Viajes Educativos que organiza la ZAC. Inf\u00f3rmate m\u00e1s llamando al 205 2517 \/ 955881340 o <a href=\"http:\/\/www.zonacaral.gob.pe\/viajes-educativos-2\/planea-tu-visita.html\">aqu\u00ed<\/a>. Tambi\u00e9n puedes escribirnos a: <a href=\"\/viajeseducativos@zonacaral.gob.pe\">viajeseducativos@zonacaral.gob.pe<\/a><\/p>\n<p style=\"text-align: justify;\"><span style=\"color: #993300;\"><strong>Fuente<\/strong><strong>: Prensa ZAC<\/strong><\/span><\/p>\n<div style=\"color: #1f1f1f;\">\n<p style=\"text-align: justify;\">Fecha de publicaci\u00f3n: 16\/04\/2019<\/p>\n<\/div>\n","protected":false},"excerpt":{"rendered":"<p>Con auditorio lleno se inaugura la primera exposici\u00f3n sobre la civilizaci\u00f3n Caral en el Estado Plurinacional de Bolivia. La Zona [&hellip;]<\/p>\n","protected":false},"author":1,"featured_media":14192,"comment_status":"closed","ping_status":"open","sticky":false,"template":"","format":"standard","meta":{"_acf_changed":false,"site-sidebar-layout":"default","site-content-layout":"","ast-site-content-layout":"default","site-content-style":"default","site-sidebar-style":"default","ast-global-header-display":"","ast-banner-title-visibility":"","ast-main-header-display":"","ast-hfb-above-header-display":"","ast-hfb-below-header-display":"","ast-hfb-mobile-header-display":"","site-post-title":"","ast-breadcrumbs-content":"","ast-featured-img":"","footer-sml-layout":"","ast-disable-related-posts":"","theme-transparent-header-meta":"","adv-header-id-meta":"","stick-header-meta":"","header-above-stick-meta":"","header-main-stick-meta":"","header-below-stick-meta":"","astra-migrate-meta-layouts":"default","ast-page-background-enabled":"default","ast-page-background-meta":{"desktop":{"background-color":"var(--ast-global-color-5)","background-image":"","background-repeat":"repeat","background-position":"center center","background-size":"auto","background-attachment":"scroll","background-type":"","background-media":"","overlay-type":"","overlay-color":"","overlay-opacity":"","overlay-gradient":""},"tablet":{"background-color":"","background-image":"","background-repeat":"repeat","background-position":"center center","background-size":"auto","background-attachment":"scroll","background-type":"","background-media":"","overlay-type":"","overlay-color":"","overlay-opacity":"","overlay-gradient":""},"mobile":{"background-color":"","background-image":"","background-repeat":"repeat","background-position":"center center","background-size":"auto","background-attachment":"scroll","background-type":"","background-media":"","overlay-type":"","overlay-color":"","overlay-opacity":"","overlay-gradient":""}},"ast-content-background-meta":{"desktop":{"background-color":"var(--ast-global-color-4)","background-image":"","background-repeat":"repeat","background-position":"center center","background-size":"auto","background-attachment":"scroll","background-type":"","background-media":"","overlay-type":"","overlay-color":"","overlay-opacity":"","overlay-gradient":""},"tablet":{"background-color":"var(--ast-global-color-4)","background-image":"","background-repeat":"repeat","background-position":"center center","background-size":"auto","background-attachment":"scroll","background-type":"","background-media":"","overlay-type":"","overlay-color":"","overlay-opacity":"","overlay-gradient":""},"mobile":{"background-color":"var(--ast-global-color-4)","background-image":"","background-repeat":"repeat","background-position":"center center","background-size":"auto","background-attachment":"scroll","background-type":"","background-media":"","overlay-type":"","overlay-color":"","overlay-opacity":"","overlay-gradient":""}},"footnotes":""},"categories":[208],"tags":[55],"class_list":["post-14186","post","type-post","status-publish","format-standard","has-post-thumbnail","hentry","category-noticias","tag-caral"],"acf":[],"yoast_head":"<!-- This site is optimized with the Yoast SEO plugin v27.3 - https:\/\/yoast.com\/product\/yoast-seo-wordpress\/ -->\n<title>Inauguramos la primera exposici\u00f3n sobre la civilizaci\u00f3n Caral en Bolivia<\/title>\n<meta name=\"description\" content=\"Con auditorio lleno se inaugura la primera exposici\u00f3n sobre la civilizaci\u00f3n Caral en el Estado Plurinacional de Bolivia. La Zona Arqueol\u00f3gica Caral (ZAC), unidad ejecutora del Ministerio de Cultura, inaugur\u00f3 su primera exposici\u00f3n en el exterior, precisamente, en Bolivia, gracias al apoyo del Ministerio de Relaciones Exteriores, a trav\u00e9s de la Embajada en dicho pa\u00eds.\" \/>\n<meta name=\"robots\" content=\"index, follow, max-snippet:-1, max-image-preview:large, max-video-preview:-1\" \/>\n<link rel=\"canonical\" href=\"https:\/\/zonacaral.gob.pe\/es\/noticias\/caral-en-bolivia-realizan-conversatorio-sobre-los-valores-de-la-civilizacion-caral\/\" \/>\n<meta property=\"og:locale\" content=\"es_ES\" \/>\n<meta property=\"og:type\" content=\"article\" \/>\n<meta property=\"og:title\" content=\"Inauguramos la primera exposici\u00f3n sobre la civilizaci\u00f3n Caral en Bolivia\" \/>\n<meta property=\"og:description\" content=\"Con auditorio lleno se inaugura la primera exposici\u00f3n sobre la civilizaci\u00f3n Caral en el Estado Plurinacional de Bolivia. La Zona Arqueol\u00f3gica Caral (ZAC), unidad ejecutora del Ministerio de Cultura, inaugur\u00f3 su primera exposici\u00f3n en el exterior, precisamente, en Bolivia, gracias al apoyo del Ministerio de Relaciones Exteriores, a trav\u00e9s de la Embajada en dicho pa\u00eds.\" \/>\n<meta property=\"og:url\" content=\"https:\/\/zonacaral.gob.pe\/es\/noticias\/caral-en-bolivia-realizan-conversatorio-sobre-los-valores-de-la-civilizacion-caral\/\" \/>\n<meta property=\"og:site_name\" content=\"Zona Caral\" \/>\n<meta property=\"article:published_time\" content=\"2019-04-16T21:12:15+00:00\" \/>\n<meta property=\"og:image\" content=\"https:\/\/zonacaral.gob.pe\/wp-content\/uploads\/2019\/04\/inauguracion-bolivia-1.jpg\" \/>\n\t<meta property=\"og:image:width\" content=\"810\" \/>\n\t<meta property=\"og:image:height\" content=\"410\" \/>\n\t<meta property=\"og:image:type\" content=\"image\/jpeg\" \/>\n<meta name=\"author\" content=\"Zona Caral Administrador\" \/>\n<meta name=\"twitter:card\" content=\"summary_large_image\" \/>\n<meta name=\"twitter:label1\" content=\"Written by\" \/>\n\t<meta name=\"twitter:data1\" content=\"Zona Caral Administrador\" \/>\n\t<meta name=\"twitter:label2\" content=\"Est. reading time\" \/>\n\t<meta name=\"twitter:data2\" content=\"3 minutos\" \/>\n<script type=\"application\/ld+json\" class=\"yoast-schema-graph\">{\"@context\":\"https:\\\/\\\/schema.org\",\"@graph\":[{\"@type\":\"Article\",\"@id\":\"https:\\\/\\\/zonacaral.gob.pe\\\/en\\\/noticias\\\/caral-en-bolivia-realizan-conversatorio-sobre-los-valores-de-la-civilizacion-caral\\\/#article\",\"isPartOf\":{\"@id\":\"https:\\\/\\\/zonacaral.gob.pe\\\/en\\\/noticias\\\/caral-en-bolivia-realizan-conversatorio-sobre-los-valores-de-la-civilizacion-caral\\\/\"},\"author\":{\"name\":\"Zona Caral Administrador\",\"@id\":\"https:\\\/\\\/zonacaral.gob.pe\\\/es\\\/#\\\/schema\\\/person\\\/beddb4d22f71a7230c5b90913270a0ee\"},\"headline\":\"Inauguramos la primera exposici\u00f3n sobre la civilizaci\u00f3n Caral en Bolivia\",\"datePublished\":\"2019-04-16T21:12:15+00:00\",\"mainEntityOfPage\":{\"@id\":\"https:\\\/\\\/zonacaral.gob.pe\\\/en\\\/noticias\\\/caral-en-bolivia-realizan-conversatorio-sobre-los-valores-de-la-civilizacion-caral\\\/\"},\"wordCount\":648,\"image\":{\"@id\":\"https:\\\/\\\/zonacaral.gob.pe\\\/en\\\/noticias\\\/caral-en-bolivia-realizan-conversatorio-sobre-los-valores-de-la-civilizacion-caral\\\/#primaryimage\"},\"thumbnailUrl\":\"https:\\\/\\\/zonacaral.gob.pe\\\/wp-content\\\/uploads\\\/2019\\\/04\\\/inauguracion-bolivia-1.jpg\",\"keywords\":[\"caral\"],\"articleSection\":[\"noticias\"],\"inLanguage\":\"es-PE\"},{\"@type\":\"WebPage\",\"@id\":\"https:\\\/\\\/zonacaral.gob.pe\\\/en\\\/noticias\\\/caral-en-bolivia-realizan-conversatorio-sobre-los-valores-de-la-civilizacion-caral\\\/\",\"url\":\"https:\\\/\\\/zonacaral.gob.pe\\\/en\\\/noticias\\\/caral-en-bolivia-realizan-conversatorio-sobre-los-valores-de-la-civilizacion-caral\\\/\",\"name\":\"Inauguramos la primera exposici\u00f3n sobre la civilizaci\u00f3n Caral en Bolivia\",\"isPartOf\":{\"@id\":\"https:\\\/\\\/zonacaral.gob.pe\\\/es\\\/#website\"},\"primaryImageOfPage\":{\"@id\":\"https:\\\/\\\/zonacaral.gob.pe\\\/en\\\/noticias\\\/caral-en-bolivia-realizan-conversatorio-sobre-los-valores-de-la-civilizacion-caral\\\/#primaryimage\"},\"image\":{\"@id\":\"https:\\\/\\\/zonacaral.gob.pe\\\/en\\\/noticias\\\/caral-en-bolivia-realizan-conversatorio-sobre-los-valores-de-la-civilizacion-caral\\\/#primaryimage\"},\"thumbnailUrl\":\"https:\\\/\\\/zonacaral.gob.pe\\\/wp-content\\\/uploads\\\/2019\\\/04\\\/inauguracion-bolivia-1.jpg\",\"datePublished\":\"2019-04-16T21:12:15+00:00\",\"author\":{\"@id\":\"https:\\\/\\\/zonacaral.gob.pe\\\/es\\\/#\\\/schema\\\/person\\\/beddb4d22f71a7230c5b90913270a0ee\"},\"description\":\"Con auditorio lleno se inaugura la primera exposici\u00f3n sobre la civilizaci\u00f3n Caral en el Estado Plurinacional de Bolivia. La Zona Arqueol\u00f3gica Caral (ZAC), unidad ejecutora del Ministerio de Cultura, inaugur\u00f3 su primera exposici\u00f3n en el exterior, precisamente, en Bolivia, gracias al apoyo del Ministerio de Relaciones Exteriores, a trav\u00e9s de la Embajada en dicho pa\u00eds.\",\"breadcrumb\":{\"@id\":\"https:\\\/\\\/zonacaral.gob.pe\\\/en\\\/noticias\\\/caral-en-bolivia-realizan-conversatorio-sobre-los-valores-de-la-civilizacion-caral\\\/#breadcrumb\"},\"inLanguage\":\"es-PE\",\"potentialAction\":[{\"@type\":\"ReadAction\",\"target\":[\"https:\\\/\\\/zonacaral.gob.pe\\\/en\\\/noticias\\\/caral-en-bolivia-realizan-conversatorio-sobre-los-valores-de-la-civilizacion-caral\\\/\"]}]},{\"@type\":\"ImageObject\",\"inLanguage\":\"es-PE\",\"@id\":\"https:\\\/\\\/zonacaral.gob.pe\\\/en\\\/noticias\\\/caral-en-bolivia-realizan-conversatorio-sobre-los-valores-de-la-civilizacion-caral\\\/#primaryimage\",\"url\":\"https:\\\/\\\/zonacaral.gob.pe\\\/wp-content\\\/uploads\\\/2019\\\/04\\\/inauguracion-bolivia-1.jpg\",\"contentUrl\":\"https:\\\/\\\/zonacaral.gob.pe\\\/wp-content\\\/uploads\\\/2019\\\/04\\\/inauguracion-bolivia-1.jpg\",\"width\":810,\"height\":410},{\"@type\":\"BreadcrumbList\",\"@id\":\"https:\\\/\\\/zonacaral.gob.pe\\\/en\\\/noticias\\\/caral-en-bolivia-realizan-conversatorio-sobre-los-valores-de-la-civilizacion-caral\\\/#breadcrumb\",\"itemListElement\":[{\"@type\":\"ListItem\",\"position\":1,\"name\":\"Portada\",\"item\":\"https:\\\/\\\/zonacaral.gob.pe\\\/\"},{\"@type\":\"ListItem\",\"position\":2,\"name\":\"Inauguramos la primera exposici\u00f3n sobre la civilizaci\u00f3n Caral en Bolivia\"}]},{\"@type\":\"WebSite\",\"@id\":\"https:\\\/\\\/zonacaral.gob.pe\\\/es\\\/#website\",\"url\":\"https:\\\/\\\/zonacaral.gob.pe\\\/es\\\/\",\"name\":\"Zona Caral\",\"description\":\"Investigamos, conservamos y difundimos el patrimonio cultural de la Civilizaci\u00f3n Caral, la m\u00e1s antigua de Am\u00e9rica.\",\"potentialAction\":[{\"@type\":\"SearchAction\",\"target\":{\"@type\":\"EntryPoint\",\"urlTemplate\":\"https:\\\/\\\/zonacaral.gob.pe\\\/es\\\/?s={search_term_string}\"},\"query-input\":{\"@type\":\"PropertyValueSpecification\",\"valueRequired\":true,\"valueName\":\"search_term_string\"}}],\"inLanguage\":\"es-PE\"},{\"@type\":\"Person\",\"@id\":\"https:\\\/\\\/zonacaral.gob.pe\\\/es\\\/#\\\/schema\\\/person\\\/beddb4d22f71a7230c5b90913270a0ee\",\"name\":\"Zona Caral Administrador\",\"image\":{\"@type\":\"ImageObject\",\"inLanguage\":\"es-PE\",\"@id\":\"https:\\\/\\\/secure.gravatar.com\\\/avatar\\\/e4be162918a696358376de6446614e0f0f4062bdc5d170d6d540ada3d8b58c12?s=96&d=mm&r=g\",\"url\":\"https:\\\/\\\/secure.gravatar.com\\\/avatar\\\/e4be162918a696358376de6446614e0f0f4062bdc5d170d6d540ada3d8b58c12?s=96&d=mm&r=g\",\"contentUrl\":\"https:\\\/\\\/secure.gravatar.com\\\/avatar\\\/e4be162918a696358376de6446614e0f0f4062bdc5d170d6d540ada3d8b58c12?s=96&d=mm&r=g\",\"caption\":\"Zona Caral Administrador\"},\"sameAs\":[\"https:\\\/\\\/zonacaral.gob.pe\"],\"url\":\"https:\\\/\\\/zonacaral.gob.pe\\\/es\\\/noticias\\\/author\\\/ad_zonacaral\\\/\"}]}<\/script>\n<!-- \/ Yoast SEO plugin. -->","yoast_head_json":{"title":"Inauguramos la primera exposici\u00f3n sobre la civilizaci\u00f3n Caral en Bolivia","description":"Con auditorio lleno se inaugura la primera exposici\u00f3n sobre la civilizaci\u00f3n Caral en el Estado Plurinacional de Bolivia. La Zona Arqueol\u00f3gica Caral (ZAC), unidad ejecutora del Ministerio de Cultura, inaugur\u00f3 su primera exposici\u00f3n en el exterior, precisamente, en Bolivia, gracias al apoyo del Ministerio de Relaciones Exteriores, a trav\u00e9s de la Embajada en dicho pa\u00eds.","robots":{"index":"index","follow":"follow","max-snippet":"max-snippet:-1","max-image-preview":"max-image-preview:large","max-video-preview":"max-video-preview:-1"},"canonical":"https:\/\/zonacaral.gob.pe\/es\/noticias\/caral-en-bolivia-realizan-conversatorio-sobre-los-valores-de-la-civilizacion-caral\/","og_locale":"es_ES","og_type":"article","og_title":"Inauguramos la primera exposici\u00f3n sobre la civilizaci\u00f3n Caral en Bolivia","og_description":"Con auditorio lleno se inaugura la primera exposici\u00f3n sobre la civilizaci\u00f3n Caral en el Estado Plurinacional de Bolivia. La Zona Arqueol\u00f3gica Caral (ZAC), unidad ejecutora del Ministerio de Cultura, inaugur\u00f3 su primera exposici\u00f3n en el exterior, precisamente, en Bolivia, gracias al apoyo del Ministerio de Relaciones Exteriores, a trav\u00e9s de la Embajada en dicho pa\u00eds.","og_url":"https:\/\/zonacaral.gob.pe\/es\/noticias\/caral-en-bolivia-realizan-conversatorio-sobre-los-valores-de-la-civilizacion-caral\/","og_site_name":"Zona Caral","article_published_time":"2019-04-16T21:12:15+00:00","og_image":[{"width":810,"height":410,"url":"https:\/\/zonacaral.gob.pe\/wp-content\/uploads\/2019\/04\/inauguracion-bolivia-1.jpg","type":"image\/jpeg"}],"author":"Zona Caral Administrador","twitter_card":"summary_large_image","twitter_misc":{"Written by":"Zona Caral Administrador","Est. reading time":"3 minutos"},"schema":{"@context":"https:\/\/schema.org","@graph":[{"@type":"Article","@id":"https:\/\/zonacaral.gob.pe\/en\/noticias\/caral-en-bolivia-realizan-conversatorio-sobre-los-valores-de-la-civilizacion-caral\/#article","isPartOf":{"@id":"https:\/\/zonacaral.gob.pe\/en\/noticias\/caral-en-bolivia-realizan-conversatorio-sobre-los-valores-de-la-civilizacion-caral\/"},"author":{"name":"Zona Caral Administrador","@id":"https:\/\/zonacaral.gob.pe\/es\/#\/schema\/person\/beddb4d22f71a7230c5b90913270a0ee"},"headline":"Inauguramos la primera exposici\u00f3n sobre la civilizaci\u00f3n Caral en Bolivia","datePublished":"2019-04-16T21:12:15+00:00","mainEntityOfPage":{"@id":"https:\/\/zonacaral.gob.pe\/en\/noticias\/caral-en-bolivia-realizan-conversatorio-sobre-los-valores-de-la-civilizacion-caral\/"},"wordCount":648,"image":{"@id":"https:\/\/zonacaral.gob.pe\/en\/noticias\/caral-en-bolivia-realizan-conversatorio-sobre-los-valores-de-la-civilizacion-caral\/#primaryimage"},"thumbnailUrl":"https:\/\/zonacaral.gob.pe\/wp-content\/uploads\/2019\/04\/inauguracion-bolivia-1.jpg","keywords":["caral"],"articleSection":["noticias"],"inLanguage":"es-PE"},{"@type":"WebPage","@id":"https:\/\/zonacaral.gob.pe\/en\/noticias\/caral-en-bolivia-realizan-conversatorio-sobre-los-valores-de-la-civilizacion-caral\/","url":"https:\/\/zonacaral.gob.pe\/en\/noticias\/caral-en-bolivia-realizan-conversatorio-sobre-los-valores-de-la-civilizacion-caral\/","name":"Inauguramos la primera exposici\u00f3n sobre la civilizaci\u00f3n Caral en Bolivia","isPartOf":{"@id":"https:\/\/zonacaral.gob.pe\/es\/#website"},"primaryImageOfPage":{"@id":"https:\/\/zonacaral.gob.pe\/en\/noticias\/caral-en-bolivia-realizan-conversatorio-sobre-los-valores-de-la-civilizacion-caral\/#primaryimage"},"image":{"@id":"https:\/\/zonacaral.gob.pe\/en\/noticias\/caral-en-bolivia-realizan-conversatorio-sobre-los-valores-de-la-civilizacion-caral\/#primaryimage"},"thumbnailUrl":"https:\/\/zonacaral.gob.pe\/wp-content\/uploads\/2019\/04\/inauguracion-bolivia-1.jpg","datePublished":"2019-04-16T21:12:15+00:00","author":{"@id":"https:\/\/zonacaral.gob.pe\/es\/#\/schema\/person\/beddb4d22f71a7230c5b90913270a0ee"},"description":"Con auditorio lleno se inaugura la primera exposici\u00f3n sobre la civilizaci\u00f3n Caral en el Estado Plurinacional de Bolivia. La Zona Arqueol\u00f3gica Caral (ZAC), unidad ejecutora del Ministerio de Cultura, inaugur\u00f3 su primera exposici\u00f3n en el exterior, precisamente, en Bolivia, gracias al apoyo del Ministerio de Relaciones Exteriores, a trav\u00e9s de la Embajada en dicho pa\u00eds.","breadcrumb":{"@id":"https:\/\/zonacaral.gob.pe\/en\/noticias\/caral-en-bolivia-realizan-conversatorio-sobre-los-valores-de-la-civilizacion-caral\/#breadcrumb"},"inLanguage":"es-PE","potentialAction":[{"@type":"ReadAction","target":["https:\/\/zonacaral.gob.pe\/en\/noticias\/caral-en-bolivia-realizan-conversatorio-sobre-los-valores-de-la-civilizacion-caral\/"]}]},{"@type":"ImageObject","inLanguage":"es-PE","@id":"https:\/\/zonacaral.gob.pe\/en\/noticias\/caral-en-bolivia-realizan-conversatorio-sobre-los-valores-de-la-civilizacion-caral\/#primaryimage","url":"https:\/\/zonacaral.gob.pe\/wp-content\/uploads\/2019\/04\/inauguracion-bolivia-1.jpg","contentUrl":"https:\/\/zonacaral.gob.pe\/wp-content\/uploads\/2019\/04\/inauguracion-bolivia-1.jpg","width":810,"height":410},{"@type":"BreadcrumbList","@id":"https:\/\/zonacaral.gob.pe\/en\/noticias\/caral-en-bolivia-realizan-conversatorio-sobre-los-valores-de-la-civilizacion-caral\/#breadcrumb","itemListElement":[{"@type":"ListItem","position":1,"name":"Portada","item":"https:\/\/zonacaral.gob.pe\/"},{"@type":"ListItem","position":2,"name":"Inauguramos la primera exposici\u00f3n sobre la civilizaci\u00f3n Caral en Bolivia"}]},{"@type":"WebSite","@id":"https:\/\/zonacaral.gob.pe\/es\/#website","url":"https:\/\/zonacaral.gob.pe\/es\/","name":"Zona Caral","description":"Investigamos, conservamos y difundimos el patrimonio cultural de la Civilizaci\u00f3n Caral, la m\u00e1s antigua de Am\u00e9rica.","potentialAction":[{"@type":"SearchAction","target":{"@type":"EntryPoint","urlTemplate":"https:\/\/zonacaral.gob.pe\/es\/?s={search_term_string}"},"query-input":{"@type":"PropertyValueSpecification","valueRequired":true,"valueName":"search_term_string"}}],"inLanguage":"es-PE"},{"@type":"Person","@id":"https:\/\/zonacaral.gob.pe\/es\/#\/schema\/person\/beddb4d22f71a7230c5b90913270a0ee","name":"Zona Caral Administrador","image":{"@type":"ImageObject","inLanguage":"es-PE","@id":"https:\/\/secure.gravatar.com\/avatar\/e4be162918a696358376de6446614e0f0f4062bdc5d170d6d540ada3d8b58c12?s=96&d=mm&r=g","url":"https:\/\/secure.gravatar.com\/avatar\/e4be162918a696358376de6446614e0f0f4062bdc5d170d6d540ada3d8b58c12?s=96&d=mm&r=g","contentUrl":"https:\/\/secure.gravatar.com\/avatar\/e4be162918a696358376de6446614e0f0f4062bdc5d170d6d540ada3d8b58c12?s=96&d=mm&r=g","caption":"Zona Caral Administrador"},"sameAs":["https:\/\/zonacaral.gob.pe"],"url":"https:\/\/zonacaral.gob.pe\/es\/noticias\/author\/ad_zonacaral\/"}]}},"_links":{"self":[{"href":"https:\/\/zonacaral.gob.pe\/es\/wp-json\/wp\/v2\/posts\/14186","targetHints":{"allow":["GET"]}}],"collection":[{"href":"https:\/\/zonacaral.gob.pe\/es\/wp-json\/wp\/v2\/posts"}],"about":[{"href":"https:\/\/zonacaral.gob.pe\/es\/wp-json\/wp\/v2\/types\/post"}],"author":[{"embeddable":true,"href":"https:\/\/zonacaral.gob.pe\/es\/wp-json\/wp\/v2\/users\/1"}],"replies":[{"embeddable":true,"href":"https:\/\/zonacaral.gob.pe\/es\/wp-json\/wp\/v2\/comments?post=14186"}],"version-history":[{"count":0,"href":"https:\/\/zonacaral.gob.pe\/es\/wp-json\/wp\/v2\/posts\/14186\/revisions"}],"wp:featuredmedia":[{"embeddable":true,"href":"https:\/\/zonacaral.gob.pe\/es\/wp-json\/wp\/v2\/media\/14192"}],"wp:attachment":[{"href":"https:\/\/zonacaral.gob.pe\/es\/wp-json\/wp\/v2\/media?parent=14186"}],"wp:term":[{"taxonomy":"category","embeddable":true,"href":"https:\/\/zonacaral.gob.pe\/es\/wp-json\/wp\/v2\/categories?post=14186"},{"taxonomy":"post_tag","embeddable":true,"href":"https:\/\/zonacaral.gob.pe\/es\/wp-json\/wp\/v2\/tags?post=14186"}],"curies":[{"name":"wp","href":"https:\/\/api.w.org\/{rel}","templated":true}]}}