{"id":14195,"date":"2019-04-12T20:15:43","date_gmt":"2019-04-13T01:15:43","guid":{"rendered":"http:\/\/www.zonacaral.gob.pe\/?p=14195"},"modified":"2019-04-12T20:15:43","modified_gmt":"2019-04-13T01:15:43","slug":"caral-en-bolivia-presentan-la-exposicion-sobre-los-valores-de-la-civilizacion-caral","status":"publish","type":"post","link":"https:\/\/zonacaral.gob.pe\/es\/noticias\/caral-en-bolivia-presentan-la-exposicion-sobre-los-valores-de-la-civilizacion-caral\/","title":{"rendered":"Caral en Bolivia: presentan la exposici\u00f3n sobre los valores de la civilizaci\u00f3n Caral"},"content":{"rendered":"<figure class=\"pic-autor\" style=\"color: #4d4d4d; text-align: justify;\"><\/figure>\n<blockquote><p>Actividad organizada en el marco de la presentaci\u00f3n de la primera exposici\u00f3n sobre la civilizaci\u00f3n Caral en el extranjero.<\/p><\/blockquote>\n<p><strong>La Embajada del Per\u00fa en el Estado Plurinacional de Bolivia<\/strong>, el <strong>Museo Nacional de Etnograf\u00eda y Folklore<\/strong> (MUSEF), la <strong>Zona Arqueol\u00f3gica Caral<\/strong> (ZAC), unidad ejecutora del <strong>Ministerio de Cultura<\/strong>, y la <strong>Carrera de Historia de la Universidad Mayor de San Andr\u00e9s<\/strong>, organizaron en la ciudad de La Paz la conferencia de prensa para presentar el conversatorio y exposici\u00f3n: <strong>\u201cLos Valores de la Civilizaci\u00f3n Caral y su Trascendencia\u201d<\/strong>.<\/p>\n<p>En dicha actividad, organizada el 12 de abril, particip\u00f3 Yoshio Cano Inugay, jefe de la Unidad de Museograf\u00eda y Dise\u00f1o Arquitect\u00f3nico de la ZAC; Jorge Antonio L\u00e1zaro Geldres, Embajador de Per\u00fa en Bolivia; Vanessa Calvimontes, responsable de Relaciones P\u00fablicas del MUSEF; y la directora de la carrera de Historia de la Universidad Mayor de San Andr\u00e9s, Esther Ayll\u00f3n.<\/p>\n<p>Durante su alocuci\u00f3n, el Embajador L\u00e1zaro Geldres, resalt\u00f3 la monumentalidad de las construcciones arquitect\u00f3nicas de Caral y su conocimiento especializado, aplicado en el campo agrario, en el control del tiempo y cambios del clima, y en el registro de la informaci\u00f3n o quipu.<\/p>\n<p>Por su parte, el arquitecto Cano Inugay, dio a conocer la importancia y valor cultural que tiene la civilizaci\u00f3n Caral para el Per\u00fa y el mundo. Asimismo, agradeci\u00f3 a la Embajada y al MUSEF, por la primera exposici\u00f3n que se presentar\u00e1 sobre la mencionada civilizaci\u00f3n en el extranjero.<\/p>\n<p>Cabe destacar que esta actividad se presenta en el marco de las celebraciones del XXV Aniversario del inicio de las investigaciones de la civilizaci\u00f3n Caral y X Aniversario de la inclusi\u00f3n a la lista de Patrimonio Mundial de la Ciudad Sagrada de Caral.<\/p>\n<p>A su turno, la docente de Historia, Esther Ayll\u00f3n, indic\u00f3 que Per\u00fa y Bolivia han tendido lazos desde hace miles de a\u00f1os. Sostuvo que para la Universidad de San Andr\u00e9s es importante seguir contribuyendo con las investigaciones de las poblaciones ancestrales que se desarrollaron en la costa del continente de Am\u00e9rica del Sur.<\/p>\n<h4>DATO<\/h4>\n<p>La primera exposici\u00f3n sobre la civilizaci\u00f3n Caral en el extranjero, denominada \u201cLos Valores de la Civilizaci\u00f3n Caral y su Trascendencia\u201d, estar\u00e1 abierta desde el 15 de abril hasta al 5 de mayo, en la Sala N\u00fa\u00f1ez del Prado, del Museo de Etnograf\u00eda y Folklore (MUSEF) de la ciudad de La Paz (ubicado en la Calle Ingavi N\u00ba 916, Esq. Jenaro Sanjin\u00e9s Casilla N\u00ba 5817). El ingreso es gratuito.<\/p>\n<p>La civilizaci\u00f3n Caral naci\u00f3 hace 5000 a\u00f1os, en el \u00e1rea norcentral del Per\u00fa, en el valle de Supe &#8211; Barranca. De sus diferentes centros urbanos, s\u00f3lo tres est\u00e1n abiertos al turismo: La Ciudad Sagrada de Caral, principal centro urbano; \u00c1spero, ciudad pesquera de Caral; y Vichama, ciudad agropesquera de V\u00e9gueta-Huaura.<\/p>\n<p>Una manera de conocer estos destinos culturales es participando en el programa de difusi\u00f3n cultural Viajes Educativos que organiza la ZAC. Inf\u00f3rmate m\u00e1s llamando al 205 2517 \/ 955881340 o revise <a href=\"http:\/\/www.zonacaral.gob.pe\/viajes-educativos-2\/planea-tu-visita.html\">aqu\u00ed<\/a>. Tambi\u00e9n puedes escribirnos a: <a href=\"\/viajeseducativos@zonacaral.gob.pe\">viajeseducativos@zonacaral.gob.pe<\/a>.<\/p>\n<p style=\"text-align: justify;\"><span style=\"color: #993300;\"><strong>Fuente<\/strong><strong>: Prensa ZAC<\/strong><\/span><\/p>\n<div style=\"color: #1f1f1f;\">\n<p style=\"text-align: justify;\">Fecha de publicaci\u00f3n: 12\/04\/2019<\/p>\n<\/div>\n","protected":false},"excerpt":{"rendered":"<p>Actividad organizada en el marco de la presentaci\u00f3n de la primera exposici\u00f3n sobre la civilizaci\u00f3n Caral en el extranjero. La [&hellip;]<\/p>\n","protected":false},"author":1,"featured_media":14198,"comment_status":"closed","ping_status":"open","sticky":false,"template":"","format":"standard","meta":{"_acf_changed":false,"site-sidebar-layout":"default","site-content-layout":"","ast-site-content-layout":"default","site-content-style":"default","site-sidebar-style":"default","ast-global-header-display":"","ast-banner-title-visibility":"","ast-main-header-display":"","ast-hfb-above-header-display":"","ast-hfb-below-header-display":"","ast-hfb-mobile-header-display":"","site-post-title":"","ast-breadcrumbs-content":"","ast-featured-img":"","footer-sml-layout":"","ast-disable-related-posts":"","theme-transparent-header-meta":"","adv-header-id-meta":"","stick-header-meta":"","header-above-stick-meta":"","header-main-stick-meta":"","header-below-stick-meta":"","astra-migrate-meta-layouts":"default","ast-page-background-enabled":"default","ast-page-background-meta":{"desktop":{"background-color":"var(--ast-global-color-5)","background-image":"","background-repeat":"repeat","background-position":"center center","background-size":"auto","background-attachment":"scroll","background-type":"","background-media":"","overlay-type":"","overlay-color":"","overlay-opacity":"","overlay-gradient":""},"tablet":{"background-color":"","background-image":"","background-repeat":"repeat","background-position":"center center","background-size":"auto","background-attachment":"scroll","background-type":"","background-media":"","overlay-type":"","overlay-color":"","overlay-opacity":"","overlay-gradient":""},"mobile":{"background-color":"","background-image":"","background-repeat":"repeat","background-position":"center center","background-size":"auto","background-attachment":"scroll","background-type":"","background-media":"","overlay-type":"","overlay-color":"","overlay-opacity":"","overlay-gradient":""}},"ast-content-background-meta":{"desktop":{"background-color":"var(--ast-global-color-4)","background-image":"","background-repeat":"repeat","background-position":"center center","background-size":"auto","background-attachment":"scroll","background-type":"","background-media":"","overlay-type":"","overlay-color":"","overlay-opacity":"","overlay-gradient":""},"tablet":{"background-color":"var(--ast-global-color-4)","background-image":"","background-repeat":"repeat","background-position":"center center","background-size":"auto","background-attachment":"scroll","background-type":"","background-media":"","overlay-type":"","overlay-color":"","overlay-opacity":"","overlay-gradient":""},"mobile":{"background-color":"var(--ast-global-color-4)","background-image":"","background-repeat":"repeat","background-position":"center center","background-size":"auto","background-attachment":"scroll","background-type":"","background-media":"","overlay-type":"","overlay-color":"","overlay-opacity":"","overlay-gradient":""}},"footnotes":""},"categories":[208],"tags":[55],"class_list":["post-14195","post","type-post","status-publish","format-standard","has-post-thumbnail","hentry","category-noticias","tag-caral"],"acf":[],"yoast_head":"<!-- This site is optimized with the Yoast SEO plugin v27.3 - https:\/\/yoast.com\/product\/yoast-seo-wordpress\/ -->\n<title>Inauguramos la primera exposici\u00f3n sobre la civilizaci\u00f3n Caral en Bolivia<\/title>\n<meta name=\"description\" content=\"Con auditorio lleno se inaugura la primera exposici\u00f3n sobre la civilizaci\u00f3n Caral en el Estado Plurinacional de Bolivia. La Zona Arqueol\u00f3gica Caral (ZAC), unidad ejecutora del Ministerio de Cultura, inaugur\u00f3 su primera exposici\u00f3n en el exterior, precisamente, en Bolivia, gracias al apoyo del Ministerio de Relaciones Exteriores, a trav\u00e9s de la Embajada en dicho pa\u00eds.\" \/>\n<meta name=\"robots\" content=\"index, follow, max-snippet:-1, max-image-preview:large, max-video-preview:-1\" \/>\n<link rel=\"canonical\" href=\"https:\/\/zonacaral.gob.pe\/es\/noticias\/caral-en-bolivia-presentan-la-exposicion-sobre-los-valores-de-la-civilizacion-caral\/\" \/>\n<meta property=\"og:locale\" content=\"es_ES\" \/>\n<meta property=\"og:type\" content=\"article\" \/>\n<meta property=\"og:title\" content=\"Inauguramos la primera exposici\u00f3n sobre la civilizaci\u00f3n Caral en Bolivia\" \/>\n<meta property=\"og:description\" content=\"Con auditorio lleno se inaugura la primera exposici\u00f3n sobre la civilizaci\u00f3n Caral en el Estado Plurinacional de Bolivia. La Zona Arqueol\u00f3gica Caral (ZAC), unidad ejecutora del Ministerio de Cultura, inaugur\u00f3 su primera exposici\u00f3n en el exterior, precisamente, en Bolivia, gracias al apoyo del Ministerio de Relaciones Exteriores, a trav\u00e9s de la Embajada en dicho pa\u00eds.\" \/>\n<meta property=\"og:url\" content=\"https:\/\/zonacaral.gob.pe\/es\/noticias\/caral-en-bolivia-presentan-la-exposicion-sobre-los-valores-de-la-civilizacion-caral\/\" \/>\n<meta property=\"og:site_name\" content=\"Zona Caral\" \/>\n<meta property=\"article:published_time\" content=\"2019-04-13T01:15:43+00:00\" \/>\n<meta property=\"og:image\" content=\"https:\/\/zonacaral.gob.pe\/wp-content\/uploads\/2019\/04\/conferencia-de-prensa-bolivia-2.jpg\" \/>\n\t<meta property=\"og:image:width\" content=\"810\" \/>\n\t<meta property=\"og:image:height\" content=\"410\" \/>\n\t<meta property=\"og:image:type\" content=\"image\/jpeg\" \/>\n<meta name=\"author\" content=\"Zona Caral Administrador\" \/>\n<meta name=\"twitter:card\" content=\"summary_large_image\" \/>\n<meta name=\"twitter:label1\" content=\"Written by\" \/>\n\t<meta name=\"twitter:data1\" content=\"Zona Caral Administrador\" \/>\n\t<meta name=\"twitter:label2\" content=\"Est. reading time\" \/>\n\t<meta name=\"twitter:data2\" content=\"3 minutos\" \/>\n<script type=\"application\/ld+json\" class=\"yoast-schema-graph\">{\"@context\":\"https:\\\/\\\/schema.org\",\"@graph\":[{\"@type\":\"Article\",\"@id\":\"https:\\\/\\\/zonacaral.gob.pe\\\/es\\\/noticias\\\/caral-en-bolivia-presentan-la-exposicion-sobre-los-valores-de-la-civilizacion-caral\\\/#article\",\"isPartOf\":{\"@id\":\"https:\\\/\\\/zonacaral.gob.pe\\\/es\\\/noticias\\\/caral-en-bolivia-presentan-la-exposicion-sobre-los-valores-de-la-civilizacion-caral\\\/\"},\"author\":{\"name\":\"Zona Caral Administrador\",\"@id\":\"https:\\\/\\\/zonacaral.gob.pe\\\/es\\\/#\\\/schema\\\/person\\\/beddb4d22f71a7230c5b90913270a0ee\"},\"headline\":\"Caral en Bolivia: presentan la exposici\u00f3n sobre los valores de la civilizaci\u00f3n Caral\",\"datePublished\":\"2019-04-13T01:15:43+00:00\",\"mainEntityOfPage\":{\"@id\":\"https:\\\/\\\/zonacaral.gob.pe\\\/es\\\/noticias\\\/caral-en-bolivia-presentan-la-exposicion-sobre-los-valores-de-la-civilizacion-caral\\\/\"},\"wordCount\":545,\"image\":{\"@id\":\"https:\\\/\\\/zonacaral.gob.pe\\\/es\\\/noticias\\\/caral-en-bolivia-presentan-la-exposicion-sobre-los-valores-de-la-civilizacion-caral\\\/#primaryimage\"},\"thumbnailUrl\":\"https:\\\/\\\/zonacaral.gob.pe\\\/wp-content\\\/uploads\\\/2019\\\/04\\\/conferencia-de-prensa-bolivia-2.jpg\",\"keywords\":[\"caral\"],\"articleSection\":[\"noticias\"],\"inLanguage\":\"es-PE\"},{\"@type\":\"WebPage\",\"@id\":\"https:\\\/\\\/zonacaral.gob.pe\\\/es\\\/noticias\\\/caral-en-bolivia-presentan-la-exposicion-sobre-los-valores-de-la-civilizacion-caral\\\/\",\"url\":\"https:\\\/\\\/zonacaral.gob.pe\\\/es\\\/noticias\\\/caral-en-bolivia-presentan-la-exposicion-sobre-los-valores-de-la-civilizacion-caral\\\/\",\"name\":\"Inauguramos la primera exposici\u00f3n sobre la civilizaci\u00f3n Caral en Bolivia\",\"isPartOf\":{\"@id\":\"https:\\\/\\\/zonacaral.gob.pe\\\/es\\\/#website\"},\"primaryImageOfPage\":{\"@id\":\"https:\\\/\\\/zonacaral.gob.pe\\\/es\\\/noticias\\\/caral-en-bolivia-presentan-la-exposicion-sobre-los-valores-de-la-civilizacion-caral\\\/#primaryimage\"},\"image\":{\"@id\":\"https:\\\/\\\/zonacaral.gob.pe\\\/es\\\/noticias\\\/caral-en-bolivia-presentan-la-exposicion-sobre-los-valores-de-la-civilizacion-caral\\\/#primaryimage\"},\"thumbnailUrl\":\"https:\\\/\\\/zonacaral.gob.pe\\\/wp-content\\\/uploads\\\/2019\\\/04\\\/conferencia-de-prensa-bolivia-2.jpg\",\"datePublished\":\"2019-04-13T01:15:43+00:00\",\"author\":{\"@id\":\"https:\\\/\\\/zonacaral.gob.pe\\\/es\\\/#\\\/schema\\\/person\\\/beddb4d22f71a7230c5b90913270a0ee\"},\"description\":\"Con auditorio lleno se inaugura la primera exposici\u00f3n sobre la civilizaci\u00f3n Caral en el Estado Plurinacional de Bolivia. La Zona Arqueol\u00f3gica Caral (ZAC), unidad ejecutora del Ministerio de Cultura, inaugur\u00f3 su primera exposici\u00f3n en el exterior, precisamente, en Bolivia, gracias al apoyo del Ministerio de Relaciones Exteriores, a trav\u00e9s de la Embajada en dicho pa\u00eds.\",\"breadcrumb\":{\"@id\":\"https:\\\/\\\/zonacaral.gob.pe\\\/es\\\/noticias\\\/caral-en-bolivia-presentan-la-exposicion-sobre-los-valores-de-la-civilizacion-caral\\\/#breadcrumb\"},\"inLanguage\":\"es-PE\",\"potentialAction\":[{\"@type\":\"ReadAction\",\"target\":[\"https:\\\/\\\/zonacaral.gob.pe\\\/es\\\/noticias\\\/caral-en-bolivia-presentan-la-exposicion-sobre-los-valores-de-la-civilizacion-caral\\\/\"]}]},{\"@type\":\"ImageObject\",\"inLanguage\":\"es-PE\",\"@id\":\"https:\\\/\\\/zonacaral.gob.pe\\\/es\\\/noticias\\\/caral-en-bolivia-presentan-la-exposicion-sobre-los-valores-de-la-civilizacion-caral\\\/#primaryimage\",\"url\":\"https:\\\/\\\/zonacaral.gob.pe\\\/wp-content\\\/uploads\\\/2019\\\/04\\\/conferencia-de-prensa-bolivia-2.jpg\",\"contentUrl\":\"https:\\\/\\\/zonacaral.gob.pe\\\/wp-content\\\/uploads\\\/2019\\\/04\\\/conferencia-de-prensa-bolivia-2.jpg\",\"width\":810,\"height\":410},{\"@type\":\"BreadcrumbList\",\"@id\":\"https:\\\/\\\/zonacaral.gob.pe\\\/es\\\/noticias\\\/caral-en-bolivia-presentan-la-exposicion-sobre-los-valores-de-la-civilizacion-caral\\\/#breadcrumb\",\"itemListElement\":[{\"@type\":\"ListItem\",\"position\":1,\"name\":\"Portada\",\"item\":\"https:\\\/\\\/zonacaral.gob.pe\\\/\"},{\"@type\":\"ListItem\",\"position\":2,\"name\":\"Caral en Bolivia: presentan la exposici\u00f3n sobre los valores de la civilizaci\u00f3n Caral\"}]},{\"@type\":\"WebSite\",\"@id\":\"https:\\\/\\\/zonacaral.gob.pe\\\/es\\\/#website\",\"url\":\"https:\\\/\\\/zonacaral.gob.pe\\\/es\\\/\",\"name\":\"Zona Caral\",\"description\":\"Investigamos, conservamos y difundimos el patrimonio cultural de la Civilizaci\u00f3n Caral, la m\u00e1s antigua de Am\u00e9rica.\",\"potentialAction\":[{\"@type\":\"SearchAction\",\"target\":{\"@type\":\"EntryPoint\",\"urlTemplate\":\"https:\\\/\\\/zonacaral.gob.pe\\\/es\\\/?s={search_term_string}\"},\"query-input\":{\"@type\":\"PropertyValueSpecification\",\"valueRequired\":true,\"valueName\":\"search_term_string\"}}],\"inLanguage\":\"es-PE\"},{\"@type\":\"Person\",\"@id\":\"https:\\\/\\\/zonacaral.gob.pe\\\/es\\\/#\\\/schema\\\/person\\\/beddb4d22f71a7230c5b90913270a0ee\",\"name\":\"Zona Caral Administrador\",\"image\":{\"@type\":\"ImageObject\",\"inLanguage\":\"es-PE\",\"@id\":\"https:\\\/\\\/secure.gravatar.com\\\/avatar\\\/e4be162918a696358376de6446614e0f0f4062bdc5d170d6d540ada3d8b58c12?s=96&d=mm&r=g\",\"url\":\"https:\\\/\\\/secure.gravatar.com\\\/avatar\\\/e4be162918a696358376de6446614e0f0f4062bdc5d170d6d540ada3d8b58c12?s=96&d=mm&r=g\",\"contentUrl\":\"https:\\\/\\\/secure.gravatar.com\\\/avatar\\\/e4be162918a696358376de6446614e0f0f4062bdc5d170d6d540ada3d8b58c12?s=96&d=mm&r=g\",\"caption\":\"Zona Caral Administrador\"},\"sameAs\":[\"https:\\\/\\\/zonacaral.gob.pe\"],\"url\":\"https:\\\/\\\/zonacaral.gob.pe\\\/es\\\/noticias\\\/author\\\/ad_zonacaral\\\/\"}]}<\/script>\n<!-- \/ Yoast SEO plugin. -->","yoast_head_json":{"title":"Inauguramos la primera exposici\u00f3n sobre la civilizaci\u00f3n Caral en Bolivia","description":"Con auditorio lleno se inaugura la primera exposici\u00f3n sobre la civilizaci\u00f3n Caral en el Estado Plurinacional de Bolivia. La Zona Arqueol\u00f3gica Caral (ZAC), unidad ejecutora del Ministerio de Cultura, inaugur\u00f3 su primera exposici\u00f3n en el exterior, precisamente, en Bolivia, gracias al apoyo del Ministerio de Relaciones Exteriores, a trav\u00e9s de la Embajada en dicho pa\u00eds.","robots":{"index":"index","follow":"follow","max-snippet":"max-snippet:-1","max-image-preview":"max-image-preview:large","max-video-preview":"max-video-preview:-1"},"canonical":"https:\/\/zonacaral.gob.pe\/es\/noticias\/caral-en-bolivia-presentan-la-exposicion-sobre-los-valores-de-la-civilizacion-caral\/","og_locale":"es_ES","og_type":"article","og_title":"Inauguramos la primera exposici\u00f3n sobre la civilizaci\u00f3n Caral en Bolivia","og_description":"Con auditorio lleno se inaugura la primera exposici\u00f3n sobre la civilizaci\u00f3n Caral en el Estado Plurinacional de Bolivia. La Zona Arqueol\u00f3gica Caral (ZAC), unidad ejecutora del Ministerio de Cultura, inaugur\u00f3 su primera exposici\u00f3n en el exterior, precisamente, en Bolivia, gracias al apoyo del Ministerio de Relaciones Exteriores, a trav\u00e9s de la Embajada en dicho pa\u00eds.","og_url":"https:\/\/zonacaral.gob.pe\/es\/noticias\/caral-en-bolivia-presentan-la-exposicion-sobre-los-valores-de-la-civilizacion-caral\/","og_site_name":"Zona Caral","article_published_time":"2019-04-13T01:15:43+00:00","og_image":[{"width":810,"height":410,"url":"https:\/\/zonacaral.gob.pe\/wp-content\/uploads\/2019\/04\/conferencia-de-prensa-bolivia-2.jpg","type":"image\/jpeg"}],"author":"Zona Caral Administrador","twitter_card":"summary_large_image","twitter_misc":{"Written by":"Zona Caral Administrador","Est. reading time":"3 minutos"},"schema":{"@context":"https:\/\/schema.org","@graph":[{"@type":"Article","@id":"https:\/\/zonacaral.gob.pe\/es\/noticias\/caral-en-bolivia-presentan-la-exposicion-sobre-los-valores-de-la-civilizacion-caral\/#article","isPartOf":{"@id":"https:\/\/zonacaral.gob.pe\/es\/noticias\/caral-en-bolivia-presentan-la-exposicion-sobre-los-valores-de-la-civilizacion-caral\/"},"author":{"name":"Zona Caral Administrador","@id":"https:\/\/zonacaral.gob.pe\/es\/#\/schema\/person\/beddb4d22f71a7230c5b90913270a0ee"},"headline":"Caral en Bolivia: presentan la exposici\u00f3n sobre los valores de la civilizaci\u00f3n Caral","datePublished":"2019-04-13T01:15:43+00:00","mainEntityOfPage":{"@id":"https:\/\/zonacaral.gob.pe\/es\/noticias\/caral-en-bolivia-presentan-la-exposicion-sobre-los-valores-de-la-civilizacion-caral\/"},"wordCount":545,"image":{"@id":"https:\/\/zonacaral.gob.pe\/es\/noticias\/caral-en-bolivia-presentan-la-exposicion-sobre-los-valores-de-la-civilizacion-caral\/#primaryimage"},"thumbnailUrl":"https:\/\/zonacaral.gob.pe\/wp-content\/uploads\/2019\/04\/conferencia-de-prensa-bolivia-2.jpg","keywords":["caral"],"articleSection":["noticias"],"inLanguage":"es-PE"},{"@type":"WebPage","@id":"https:\/\/zonacaral.gob.pe\/es\/noticias\/caral-en-bolivia-presentan-la-exposicion-sobre-los-valores-de-la-civilizacion-caral\/","url":"https:\/\/zonacaral.gob.pe\/es\/noticias\/caral-en-bolivia-presentan-la-exposicion-sobre-los-valores-de-la-civilizacion-caral\/","name":"Inauguramos la primera exposici\u00f3n sobre la civilizaci\u00f3n Caral en Bolivia","isPartOf":{"@id":"https:\/\/zonacaral.gob.pe\/es\/#website"},"primaryImageOfPage":{"@id":"https:\/\/zonacaral.gob.pe\/es\/noticias\/caral-en-bolivia-presentan-la-exposicion-sobre-los-valores-de-la-civilizacion-caral\/#primaryimage"},"image":{"@id":"https:\/\/zonacaral.gob.pe\/es\/noticias\/caral-en-bolivia-presentan-la-exposicion-sobre-los-valores-de-la-civilizacion-caral\/#primaryimage"},"thumbnailUrl":"https:\/\/zonacaral.gob.pe\/wp-content\/uploads\/2019\/04\/conferencia-de-prensa-bolivia-2.jpg","datePublished":"2019-04-13T01:15:43+00:00","author":{"@id":"https:\/\/zonacaral.gob.pe\/es\/#\/schema\/person\/beddb4d22f71a7230c5b90913270a0ee"},"description":"Con auditorio lleno se inaugura la primera exposici\u00f3n sobre la civilizaci\u00f3n Caral en el Estado Plurinacional de Bolivia. La Zona Arqueol\u00f3gica Caral (ZAC), unidad ejecutora del Ministerio de Cultura, inaugur\u00f3 su primera exposici\u00f3n en el exterior, precisamente, en Bolivia, gracias al apoyo del Ministerio de Relaciones Exteriores, a trav\u00e9s de la Embajada en dicho pa\u00eds.","breadcrumb":{"@id":"https:\/\/zonacaral.gob.pe\/es\/noticias\/caral-en-bolivia-presentan-la-exposicion-sobre-los-valores-de-la-civilizacion-caral\/#breadcrumb"},"inLanguage":"es-PE","potentialAction":[{"@type":"ReadAction","target":["https:\/\/zonacaral.gob.pe\/es\/noticias\/caral-en-bolivia-presentan-la-exposicion-sobre-los-valores-de-la-civilizacion-caral\/"]}]},{"@type":"ImageObject","inLanguage":"es-PE","@id":"https:\/\/zonacaral.gob.pe\/es\/noticias\/caral-en-bolivia-presentan-la-exposicion-sobre-los-valores-de-la-civilizacion-caral\/#primaryimage","url":"https:\/\/zonacaral.gob.pe\/wp-content\/uploads\/2019\/04\/conferencia-de-prensa-bolivia-2.jpg","contentUrl":"https:\/\/zonacaral.gob.pe\/wp-content\/uploads\/2019\/04\/conferencia-de-prensa-bolivia-2.jpg","width":810,"height":410},{"@type":"BreadcrumbList","@id":"https:\/\/zonacaral.gob.pe\/es\/noticias\/caral-en-bolivia-presentan-la-exposicion-sobre-los-valores-de-la-civilizacion-caral\/#breadcrumb","itemListElement":[{"@type":"ListItem","position":1,"name":"Portada","item":"https:\/\/zonacaral.gob.pe\/"},{"@type":"ListItem","position":2,"name":"Caral en Bolivia: presentan la exposici\u00f3n sobre los valores de la civilizaci\u00f3n Caral"}]},{"@type":"WebSite","@id":"https:\/\/zonacaral.gob.pe\/es\/#website","url":"https:\/\/zonacaral.gob.pe\/es\/","name":"Zona Caral","description":"Investigamos, conservamos y difundimos el patrimonio cultural de la Civilizaci\u00f3n Caral, la m\u00e1s antigua de Am\u00e9rica.","potentialAction":[{"@type":"SearchAction","target":{"@type":"EntryPoint","urlTemplate":"https:\/\/zonacaral.gob.pe\/es\/?s={search_term_string}"},"query-input":{"@type":"PropertyValueSpecification","valueRequired":true,"valueName":"search_term_string"}}],"inLanguage":"es-PE"},{"@type":"Person","@id":"https:\/\/zonacaral.gob.pe\/es\/#\/schema\/person\/beddb4d22f71a7230c5b90913270a0ee","name":"Zona Caral Administrador","image":{"@type":"ImageObject","inLanguage":"es-PE","@id":"https:\/\/secure.gravatar.com\/avatar\/e4be162918a696358376de6446614e0f0f4062bdc5d170d6d540ada3d8b58c12?s=96&d=mm&r=g","url":"https:\/\/secure.gravatar.com\/avatar\/e4be162918a696358376de6446614e0f0f4062bdc5d170d6d540ada3d8b58c12?s=96&d=mm&r=g","contentUrl":"https:\/\/secure.gravatar.com\/avatar\/e4be162918a696358376de6446614e0f0f4062bdc5d170d6d540ada3d8b58c12?s=96&d=mm&r=g","caption":"Zona Caral Administrador"},"sameAs":["https:\/\/zonacaral.gob.pe"],"url":"https:\/\/zonacaral.gob.pe\/es\/noticias\/author\/ad_zonacaral\/"}]}},"_links":{"self":[{"href":"https:\/\/zonacaral.gob.pe\/es\/wp-json\/wp\/v2\/posts\/14195","targetHints":{"allow":["GET"]}}],"collection":[{"href":"https:\/\/zonacaral.gob.pe\/es\/wp-json\/wp\/v2\/posts"}],"about":[{"href":"https:\/\/zonacaral.gob.pe\/es\/wp-json\/wp\/v2\/types\/post"}],"author":[{"embeddable":true,"href":"https:\/\/zonacaral.gob.pe\/es\/wp-json\/wp\/v2\/users\/1"}],"replies":[{"embeddable":true,"href":"https:\/\/zonacaral.gob.pe\/es\/wp-json\/wp\/v2\/comments?post=14195"}],"version-history":[{"count":0,"href":"https:\/\/zonacaral.gob.pe\/es\/wp-json\/wp\/v2\/posts\/14195\/revisions"}],"wp:featuredmedia":[{"embeddable":true,"href":"https:\/\/zonacaral.gob.pe\/es\/wp-json\/wp\/v2\/media\/14198"}],"wp:attachment":[{"href":"https:\/\/zonacaral.gob.pe\/es\/wp-json\/wp\/v2\/media?parent=14195"}],"wp:term":[{"taxonomy":"category","embeddable":true,"href":"https:\/\/zonacaral.gob.pe\/es\/wp-json\/wp\/v2\/categories?post=14195"},{"taxonomy":"post_tag","embeddable":true,"href":"https:\/\/zonacaral.gob.pe\/es\/wp-json\/wp\/v2\/tags?post=14195"}],"curies":[{"name":"wp","href":"https:\/\/api.w.org\/{rel}","templated":true}]}}