{"id":14218,"date":"2019-04-23T08:21:49","date_gmt":"2019-04-23T13:21:49","guid":{"rendered":"http:\/\/www.zonacaral.gob.pe\/?p=14218"},"modified":"2019-04-23T08:21:49","modified_gmt":"2019-04-23T13:21:49","slug":"caral-en-bolivia-realizan-conversatorio-sobre-las-investigaciones-en-el-valle-de-supe-peru","status":"publish","type":"post","link":"https:\/\/zonacaral.gob.pe\/es\/noticias\/caral-en-bolivia-realizan-conversatorio-sobre-las-investigaciones-en-el-valle-de-supe-peru\/","title":{"rendered":"Caral en Bolivia: realizan conversatorio sobre las investigaciones en el valle de Supe \u2013 Per\u00fa"},"content":{"rendered":"<figure class=\"pic-autor\" style=\"color: #4d4d4d; text-align: justify;\"><\/figure>\n<blockquote>\n<p style=\"text-align: justify;\">La actividad cont\u00f3 con la participaci\u00f3n de m\u00e1s de 100 estudiantes de arqueolog\u00eda y antropolog\u00eda, reconocidos arque\u00f3logos, historiadores, y autoridades de la <strong>UMSA<\/strong>.<\/p>\n<\/blockquote>\n<p style=\"text-align: justify;\">En el marco de la conmemoraci\u00f3n del XXV aniversario del inicio de las investigaciones sobre la civilizaci\u00f3n Caral y X aniversario de la inclusi\u00f3n del sitio arqueol\u00f3gico Ciudad Sagrada de Caral en la Lista del Patrimonio Mundial, se realiz\u00f3 el conversatorio \u201cAlcances de las Investigaciones del Formativo Inicial en el valle de Supe, Per\u00fa: Caral y otros sitios contempor\u00e1neos\u00bb, con la participaci\u00f3n de representantes de Per\u00fa y de Bolivia, en el sal\u00f3n de Honor de la Universidad Mayor de San Andr\u00e9s, ubicada en la ciudad de La Paz, Bolivia.<\/p>\n<p style=\"text-align: justify;\">El arque\u00f3logo <strong>Marco Antonio Machacuay Romero<\/strong>, Subdirector de Investigaci\u00f3n y Conservaci\u00f3n de Sitios Arqueol\u00f3gicos de la Zona Arqueol\u00f3gica Caral, estuvo a cargo de la ponencia magistral sobre la Ciudad Sagrada de Caral, destacando el dise\u00f1o planificado del espacio construido y la monumentalidad de las construcciones arquitect\u00f3nicas.<\/p>\n<p style=\"text-align: justify;\">Asimismo, expuso sobre el conocimiento especializado de los pobladores de la civilizaci\u00f3n Caral, aplicado en el campo agrario, la estabilidad estructural de los edificios, la mec\u00e1nica de fluidos, el control del tiempo y cambios del clima, el registro de la informaci\u00f3n o quipu. Asimismo, subray\u00f3 el tratamiento armonioso que la civilizaci\u00f3n Caral dio al ser humano, fomentando la ejecuci\u00f3n musical y otras artes.<\/p>\n<p style=\"text-align: justify;\">Por Bolivia, participaron como comentaristas el arque\u00f3logo J\u00e9du Sag\u00e1rnaga, catedr\u00e1tico de la carrera de Historia de la Universidad Mayor de San Andr\u00e9s; la doctora Claudia Rivera, catedr\u00e1tica de la carrera de Arqueolog\u00eda y Antropolog\u00eda de la Universidad Mayor de San Andr\u00e9s; y la Directora de la carrera de Historia, doctora Esther Aill\u00f3n.<\/p>\n<p style=\"text-align: justify;\">Los arque\u00f3logos resaltaron la importancia que tiene la civilizaci\u00f3n Caral para el mundo y sostuvieron que, los hallazgos han demostrado que en Am\u00e9rica tambi\u00e9n se form\u00f3 una civilizaci\u00f3n con avanzadas tecnolog\u00edas, a la par de las culturas del antiguo continente.<\/p>\n<p style=\"text-align: justify;\">Cabe indicar que el Ministerio de Relaciones Exteriores, a trav\u00e9s de la Embajada del Per\u00fa en Bolivia, y la Zona Arqueol\u00f3gica Caral, inauguraron el pasado 15 de abril, la exposici\u00f3n <strong>\u201cLos Valores de la Civilizaci\u00f3n Caral y su Trascendencia\u201d<\/strong>. La muestra puede ser visitada hasta al 5 de mayo, en la Sala N\u00fa\u00f1ez del Prado, del Museo de Etnograf\u00eda y Folklore<strong> (MUSEF)<\/strong> de la ciudad de La Paz (ubicado en la Calle Ingavi N\u00ba 916, Esq. Jenaro Sanjin\u00e9s Casilla N\u00ba 5817). El ingreso es gratuito.<\/p>\n<h4 style=\"text-align: justify;\">DATO<\/h4>\n<p style=\"text-align: justify;\">La civilizaci\u00f3n Caral surgi\u00f3 hace 5000 a\u00f1os, en el \u00e1rea Norcentral del Per\u00fa, en el valle de Supe &#8211; Barranca. De sus diferentes centros urbanos, s\u00f3lo tres est\u00e1n abiertos al turismo: la Ciudad Sagrada de Caral, principal centro urbano; \u00c1spero, ciudad pesquera de Caral; y Vichama, ciudad agropesquera de V\u00e9gueta-Huaura.<\/p>\n<p style=\"text-align: justify;\">Una manera de conocer estos destinos culturales es participando en el programa de difusi\u00f3n cultural Viajes Educativos que organiza la ZAC. Inf\u00f3rmate m\u00e1s llamando al 205 2517 \/ 955881340 o <a href=\"http:\/\/www.zonacaral.gob.pe\/viajes-educativos-2\/planea-tu-visita.html\">aqu\u00ed<\/a>.<\/p>\n<p style=\"text-align: justify;\">Tambi\u00e9n puedes escribirnos a: <a href=\"\/viajeseducativos@zonacaral.gob.pe\">viajeseducativos@zonacaral.gob.pe<\/a><\/p>\n<p style=\"text-align: justify;\"><span style=\"color: #993300;\"><strong>Fuente<\/strong><strong>: Prensa ZAC<\/strong><\/span><\/p>\n<div style=\"color: #1f1f1f;\">\n<p style=\"text-align: justify;\">Fecha de publicaci\u00f3n: 23\/04\/2019<\/p>\n<\/div>\n","protected":false},"excerpt":{"rendered":"<p>La actividad cont\u00f3 con la participaci\u00f3n de m\u00e1s de 100 estudiantes de arqueolog\u00eda y antropolog\u00eda, reconocidos arque\u00f3logos, historiadores, y autoridades [&hellip;]<\/p>\n","protected":false},"author":1,"featured_media":14223,"comment_status":"closed","ping_status":"open","sticky":false,"template":"","format":"standard","meta":{"_acf_changed":false,"site-sidebar-layout":"default","site-content-layout":"","ast-site-content-layout":"default","site-content-style":"default","site-sidebar-style":"default","ast-global-header-display":"","ast-banner-title-visibility":"","ast-main-header-display":"","ast-hfb-above-header-display":"","ast-hfb-below-header-display":"","ast-hfb-mobile-header-display":"","site-post-title":"","ast-breadcrumbs-content":"","ast-featured-img":"","footer-sml-layout":"","ast-disable-related-posts":"","theme-transparent-header-meta":"","adv-header-id-meta":"","stick-header-meta":"","header-above-stick-meta":"","header-main-stick-meta":"","header-below-stick-meta":"","astra-migrate-meta-layouts":"default","ast-page-background-enabled":"default","ast-page-background-meta":{"desktop":{"background-color":"var(--ast-global-color-5)","background-image":"","background-repeat":"repeat","background-position":"center center","background-size":"auto","background-attachment":"scroll","background-type":"","background-media":"","overlay-type":"","overlay-color":"","overlay-opacity":"","overlay-gradient":""},"tablet":{"background-color":"","background-image":"","background-repeat":"repeat","background-position":"center center","background-size":"auto","background-attachment":"scroll","background-type":"","background-media":"","overlay-type":"","overlay-color":"","overlay-opacity":"","overlay-gradient":""},"mobile":{"background-color":"","background-image":"","background-repeat":"repeat","background-position":"center center","background-size":"auto","background-attachment":"scroll","background-type":"","background-media":"","overlay-type":"","overlay-color":"","overlay-opacity":"","overlay-gradient":""}},"ast-content-background-meta":{"desktop":{"background-color":"var(--ast-global-color-4)","background-image":"","background-repeat":"repeat","background-position":"center center","background-size":"auto","background-attachment":"scroll","background-type":"","background-media":"","overlay-type":"","overlay-color":"","overlay-opacity":"","overlay-gradient":""},"tablet":{"background-color":"var(--ast-global-color-4)","background-image":"","background-repeat":"repeat","background-position":"center center","background-size":"auto","background-attachment":"scroll","background-type":"","background-media":"","overlay-type":"","overlay-color":"","overlay-opacity":"","overlay-gradient":""},"mobile":{"background-color":"var(--ast-global-color-4)","background-image":"","background-repeat":"repeat","background-position":"center center","background-size":"auto","background-attachment":"scroll","background-type":"","background-media":"","overlay-type":"","overlay-color":"","overlay-opacity":"","overlay-gradient":""}},"footnotes":""},"categories":[208],"tags":[78,63,71],"class_list":["post-14218","post","type-post","status-publish","format-standard","has-post-thumbnail","hentry","category-noticias","tag-aniverario","tag-aspero","tag-viajes-educativos"],"acf":[],"yoast_head":"<!-- This site is optimized with the Yoast SEO plugin v27.3 - https:\/\/yoast.com\/product\/yoast-seo-wordpress\/ -->\n<title>Caral en Bolivia: realizan conversatorio sobre las investigaciones en el valle de Supe \u2013 Per\u00fa<\/title>\n<meta name=\"description\" content=\"Al conmemorarse el XIV Aniversario de \u00c1spero, ciudad pesquera de la civilizaci\u00f3n Caral, invitamos a la poblaci\u00f3n a participar del denominado \u201c\u00c1spero Raymi\u201d o Fiesta de \u00c1spero, a realizarse el s\u00e1bado, 27 de abril, en el centro de recepci\u00f3n del mencionado sitio arqueol\u00f3gico, ubicado en Supe Puerto \u2013 Barranca.\" \/>\n<meta name=\"robots\" content=\"index, follow, max-snippet:-1, max-image-preview:large, max-video-preview:-1\" \/>\n<link rel=\"canonical\" href=\"https:\/\/zonacaral.gob.pe\/es\/noticias\/caral-en-bolivia-realizan-conversatorio-sobre-las-investigaciones-en-el-valle-de-supe-peru\/\" \/>\n<meta property=\"og:locale\" content=\"es_ES\" \/>\n<meta property=\"og:type\" content=\"article\" \/>\n<meta property=\"og:title\" content=\"Caral en Bolivia: realizan conversatorio sobre las investigaciones en el valle de Supe \u2013 Per\u00fa\" \/>\n<meta property=\"og:description\" content=\"Al conmemorarse el XIV Aniversario de \u00c1spero, ciudad pesquera de la civilizaci\u00f3n Caral, invitamos a la poblaci\u00f3n a participar del denominado \u201c\u00c1spero Raymi\u201d o Fiesta de \u00c1spero, a realizarse el s\u00e1bado, 27 de abril, en el centro de recepci\u00f3n del mencionado sitio arqueol\u00f3gico, ubicado en Supe Puerto \u2013 Barranca.\" \/>\n<meta property=\"og:url\" content=\"https:\/\/zonacaral.gob.pe\/es\/noticias\/caral-en-bolivia-realizan-conversatorio-sobre-las-investigaciones-en-el-valle-de-supe-peru\/\" \/>\n<meta property=\"og:site_name\" content=\"Zona Caral\" \/>\n<meta property=\"article:published_time\" content=\"2019-04-23T13:21:49+00:00\" \/>\n<meta property=\"og:image\" content=\"https:\/\/zonacaral.gob.pe\/wp-content\/uploads\/2019\/04\/conversatorio-caral-bolivia-5.jpg\" \/>\n\t<meta property=\"og:image:width\" content=\"810\" \/>\n\t<meta property=\"og:image:height\" content=\"410\" \/>\n\t<meta property=\"og:image:type\" content=\"image\/jpeg\" \/>\n<meta name=\"author\" content=\"Zona Caral Administrador\" \/>\n<meta name=\"twitter:card\" content=\"summary_large_image\" \/>\n<meta name=\"twitter:label1\" content=\"Written by\" \/>\n\t<meta name=\"twitter:data1\" content=\"Zona Caral Administrador\" \/>\n\t<meta name=\"twitter:label2\" content=\"Est. reading time\" \/>\n\t<meta name=\"twitter:data2\" content=\"3 minutos\" \/>\n<script type=\"application\/ld+json\" class=\"yoast-schema-graph\">{\"@context\":\"https:\\\/\\\/schema.org\",\"@graph\":[{\"@type\":\"Article\",\"@id\":\"https:\\\/\\\/zonacaral.gob.pe\\\/es\\\/noticias\\\/caral-en-bolivia-realizan-conversatorio-sobre-las-investigaciones-en-el-valle-de-supe-peru\\\/#article\",\"isPartOf\":{\"@id\":\"https:\\\/\\\/zonacaral.gob.pe\\\/es\\\/noticias\\\/caral-en-bolivia-realizan-conversatorio-sobre-las-investigaciones-en-el-valle-de-supe-peru\\\/\"},\"author\":{\"name\":\"Zona Caral Administrador\",\"@id\":\"https:\\\/\\\/zonacaral.gob.pe\\\/es\\\/#\\\/schema\\\/person\\\/beddb4d22f71a7230c5b90913270a0ee\"},\"headline\":\"Caral en Bolivia: realizan conversatorio sobre las investigaciones en el valle de Supe \u2013 Per\u00fa\",\"datePublished\":\"2019-04-23T13:21:49+00:00\",\"mainEntityOfPage\":{\"@id\":\"https:\\\/\\\/zonacaral.gob.pe\\\/es\\\/noticias\\\/caral-en-bolivia-realizan-conversatorio-sobre-las-investigaciones-en-el-valle-de-supe-peru\\\/\"},\"wordCount\":556,\"image\":{\"@id\":\"https:\\\/\\\/zonacaral.gob.pe\\\/es\\\/noticias\\\/caral-en-bolivia-realizan-conversatorio-sobre-las-investigaciones-en-el-valle-de-supe-peru\\\/#primaryimage\"},\"thumbnailUrl\":\"https:\\\/\\\/zonacaral.gob.pe\\\/wp-content\\\/uploads\\\/2019\\\/04\\\/conversatorio-caral-bolivia-5.jpg\",\"keywords\":[\"aniverario\",\"Aspero\",\"viajes educativos\"],\"articleSection\":[\"noticias\"],\"inLanguage\":\"es-PE\"},{\"@type\":\"WebPage\",\"@id\":\"https:\\\/\\\/zonacaral.gob.pe\\\/es\\\/noticias\\\/caral-en-bolivia-realizan-conversatorio-sobre-las-investigaciones-en-el-valle-de-supe-peru\\\/\",\"url\":\"https:\\\/\\\/zonacaral.gob.pe\\\/es\\\/noticias\\\/caral-en-bolivia-realizan-conversatorio-sobre-las-investigaciones-en-el-valle-de-supe-peru\\\/\",\"name\":\"Caral en Bolivia: realizan conversatorio sobre las investigaciones en el valle de Supe \u2013 Per\u00fa\",\"isPartOf\":{\"@id\":\"https:\\\/\\\/zonacaral.gob.pe\\\/es\\\/#website\"},\"primaryImageOfPage\":{\"@id\":\"https:\\\/\\\/zonacaral.gob.pe\\\/es\\\/noticias\\\/caral-en-bolivia-realizan-conversatorio-sobre-las-investigaciones-en-el-valle-de-supe-peru\\\/#primaryimage\"},\"image\":{\"@id\":\"https:\\\/\\\/zonacaral.gob.pe\\\/es\\\/noticias\\\/caral-en-bolivia-realizan-conversatorio-sobre-las-investigaciones-en-el-valle-de-supe-peru\\\/#primaryimage\"},\"thumbnailUrl\":\"https:\\\/\\\/zonacaral.gob.pe\\\/wp-content\\\/uploads\\\/2019\\\/04\\\/conversatorio-caral-bolivia-5.jpg\",\"datePublished\":\"2019-04-23T13:21:49+00:00\",\"author\":{\"@id\":\"https:\\\/\\\/zonacaral.gob.pe\\\/es\\\/#\\\/schema\\\/person\\\/beddb4d22f71a7230c5b90913270a0ee\"},\"description\":\"Al conmemorarse el XIV Aniversario de \u00c1spero, ciudad pesquera de la civilizaci\u00f3n Caral, invitamos a la poblaci\u00f3n a participar del denominado \u201c\u00c1spero Raymi\u201d o Fiesta de \u00c1spero, a realizarse el s\u00e1bado, 27 de abril, en el centro de recepci\u00f3n del mencionado sitio arqueol\u00f3gico, ubicado en Supe Puerto \u2013 Barranca.\",\"breadcrumb\":{\"@id\":\"https:\\\/\\\/zonacaral.gob.pe\\\/es\\\/noticias\\\/caral-en-bolivia-realizan-conversatorio-sobre-las-investigaciones-en-el-valle-de-supe-peru\\\/#breadcrumb\"},\"inLanguage\":\"es-PE\",\"potentialAction\":[{\"@type\":\"ReadAction\",\"target\":[\"https:\\\/\\\/zonacaral.gob.pe\\\/es\\\/noticias\\\/caral-en-bolivia-realizan-conversatorio-sobre-las-investigaciones-en-el-valle-de-supe-peru\\\/\"]}]},{\"@type\":\"ImageObject\",\"inLanguage\":\"es-PE\",\"@id\":\"https:\\\/\\\/zonacaral.gob.pe\\\/es\\\/noticias\\\/caral-en-bolivia-realizan-conversatorio-sobre-las-investigaciones-en-el-valle-de-supe-peru\\\/#primaryimage\",\"url\":\"https:\\\/\\\/zonacaral.gob.pe\\\/wp-content\\\/uploads\\\/2019\\\/04\\\/conversatorio-caral-bolivia-5.jpg\",\"contentUrl\":\"https:\\\/\\\/zonacaral.gob.pe\\\/wp-content\\\/uploads\\\/2019\\\/04\\\/conversatorio-caral-bolivia-5.jpg\",\"width\":810,\"height\":410},{\"@type\":\"BreadcrumbList\",\"@id\":\"https:\\\/\\\/zonacaral.gob.pe\\\/es\\\/noticias\\\/caral-en-bolivia-realizan-conversatorio-sobre-las-investigaciones-en-el-valle-de-supe-peru\\\/#breadcrumb\",\"itemListElement\":[{\"@type\":\"ListItem\",\"position\":1,\"name\":\"Portada\",\"item\":\"https:\\\/\\\/zonacaral.gob.pe\\\/\"},{\"@type\":\"ListItem\",\"position\":2,\"name\":\"Caral en Bolivia: realizan conversatorio sobre las investigaciones en el valle de Supe \u2013 Per\u00fa\"}]},{\"@type\":\"WebSite\",\"@id\":\"https:\\\/\\\/zonacaral.gob.pe\\\/es\\\/#website\",\"url\":\"https:\\\/\\\/zonacaral.gob.pe\\\/es\\\/\",\"name\":\"Zona Caral\",\"description\":\"Investigamos, conservamos y difundimos el patrimonio cultural de la Civilizaci\u00f3n Caral, la m\u00e1s antigua de Am\u00e9rica.\",\"potentialAction\":[{\"@type\":\"SearchAction\",\"target\":{\"@type\":\"EntryPoint\",\"urlTemplate\":\"https:\\\/\\\/zonacaral.gob.pe\\\/es\\\/?s={search_term_string}\"},\"query-input\":{\"@type\":\"PropertyValueSpecification\",\"valueRequired\":true,\"valueName\":\"search_term_string\"}}],\"inLanguage\":\"es-PE\"},{\"@type\":\"Person\",\"@id\":\"https:\\\/\\\/zonacaral.gob.pe\\\/es\\\/#\\\/schema\\\/person\\\/beddb4d22f71a7230c5b90913270a0ee\",\"name\":\"Zona Caral Administrador\",\"image\":{\"@type\":\"ImageObject\",\"inLanguage\":\"es-PE\",\"@id\":\"https:\\\/\\\/secure.gravatar.com\\\/avatar\\\/e4be162918a696358376de6446614e0f0f4062bdc5d170d6d540ada3d8b58c12?s=96&d=mm&r=g\",\"url\":\"https:\\\/\\\/secure.gravatar.com\\\/avatar\\\/e4be162918a696358376de6446614e0f0f4062bdc5d170d6d540ada3d8b58c12?s=96&d=mm&r=g\",\"contentUrl\":\"https:\\\/\\\/secure.gravatar.com\\\/avatar\\\/e4be162918a696358376de6446614e0f0f4062bdc5d170d6d540ada3d8b58c12?s=96&d=mm&r=g\",\"caption\":\"Zona Caral Administrador\"},\"sameAs\":[\"https:\\\/\\\/zonacaral.gob.pe\"],\"url\":\"https:\\\/\\\/zonacaral.gob.pe\\\/es\\\/noticias\\\/author\\\/ad_zonacaral\\\/\"}]}<\/script>\n<!-- \/ Yoast SEO plugin. -->","yoast_head_json":{"title":"Caral en Bolivia: realizan conversatorio sobre las investigaciones en el valle de Supe \u2013 Per\u00fa","description":"Al conmemorarse el XIV Aniversario de \u00c1spero, ciudad pesquera de la civilizaci\u00f3n Caral, invitamos a la poblaci\u00f3n a participar del denominado \u201c\u00c1spero Raymi\u201d o Fiesta de \u00c1spero, a realizarse el s\u00e1bado, 27 de abril, en el centro de recepci\u00f3n del mencionado sitio arqueol\u00f3gico, ubicado en Supe Puerto \u2013 Barranca.","robots":{"index":"index","follow":"follow","max-snippet":"max-snippet:-1","max-image-preview":"max-image-preview:large","max-video-preview":"max-video-preview:-1"},"canonical":"https:\/\/zonacaral.gob.pe\/es\/noticias\/caral-en-bolivia-realizan-conversatorio-sobre-las-investigaciones-en-el-valle-de-supe-peru\/","og_locale":"es_ES","og_type":"article","og_title":"Caral en Bolivia: realizan conversatorio sobre las investigaciones en el valle de Supe \u2013 Per\u00fa","og_description":"Al conmemorarse el XIV Aniversario de \u00c1spero, ciudad pesquera de la civilizaci\u00f3n Caral, invitamos a la poblaci\u00f3n a participar del denominado \u201c\u00c1spero Raymi\u201d o Fiesta de \u00c1spero, a realizarse el s\u00e1bado, 27 de abril, en el centro de recepci\u00f3n del mencionado sitio arqueol\u00f3gico, ubicado en Supe Puerto \u2013 Barranca.","og_url":"https:\/\/zonacaral.gob.pe\/es\/noticias\/caral-en-bolivia-realizan-conversatorio-sobre-las-investigaciones-en-el-valle-de-supe-peru\/","og_site_name":"Zona Caral","article_published_time":"2019-04-23T13:21:49+00:00","og_image":[{"width":810,"height":410,"url":"https:\/\/zonacaral.gob.pe\/wp-content\/uploads\/2019\/04\/conversatorio-caral-bolivia-5.jpg","type":"image\/jpeg"}],"author":"Zona Caral Administrador","twitter_card":"summary_large_image","twitter_misc":{"Written by":"Zona Caral Administrador","Est. reading time":"3 minutos"},"schema":{"@context":"https:\/\/schema.org","@graph":[{"@type":"Article","@id":"https:\/\/zonacaral.gob.pe\/es\/noticias\/caral-en-bolivia-realizan-conversatorio-sobre-las-investigaciones-en-el-valle-de-supe-peru\/#article","isPartOf":{"@id":"https:\/\/zonacaral.gob.pe\/es\/noticias\/caral-en-bolivia-realizan-conversatorio-sobre-las-investigaciones-en-el-valle-de-supe-peru\/"},"author":{"name":"Zona Caral Administrador","@id":"https:\/\/zonacaral.gob.pe\/es\/#\/schema\/person\/beddb4d22f71a7230c5b90913270a0ee"},"headline":"Caral en Bolivia: realizan conversatorio sobre las investigaciones en el valle de Supe \u2013 Per\u00fa","datePublished":"2019-04-23T13:21:49+00:00","mainEntityOfPage":{"@id":"https:\/\/zonacaral.gob.pe\/es\/noticias\/caral-en-bolivia-realizan-conversatorio-sobre-las-investigaciones-en-el-valle-de-supe-peru\/"},"wordCount":556,"image":{"@id":"https:\/\/zonacaral.gob.pe\/es\/noticias\/caral-en-bolivia-realizan-conversatorio-sobre-las-investigaciones-en-el-valle-de-supe-peru\/#primaryimage"},"thumbnailUrl":"https:\/\/zonacaral.gob.pe\/wp-content\/uploads\/2019\/04\/conversatorio-caral-bolivia-5.jpg","keywords":["aniverario","Aspero","viajes educativos"],"articleSection":["noticias"],"inLanguage":"es-PE"},{"@type":"WebPage","@id":"https:\/\/zonacaral.gob.pe\/es\/noticias\/caral-en-bolivia-realizan-conversatorio-sobre-las-investigaciones-en-el-valle-de-supe-peru\/","url":"https:\/\/zonacaral.gob.pe\/es\/noticias\/caral-en-bolivia-realizan-conversatorio-sobre-las-investigaciones-en-el-valle-de-supe-peru\/","name":"Caral en Bolivia: realizan conversatorio sobre las investigaciones en el valle de Supe \u2013 Per\u00fa","isPartOf":{"@id":"https:\/\/zonacaral.gob.pe\/es\/#website"},"primaryImageOfPage":{"@id":"https:\/\/zonacaral.gob.pe\/es\/noticias\/caral-en-bolivia-realizan-conversatorio-sobre-las-investigaciones-en-el-valle-de-supe-peru\/#primaryimage"},"image":{"@id":"https:\/\/zonacaral.gob.pe\/es\/noticias\/caral-en-bolivia-realizan-conversatorio-sobre-las-investigaciones-en-el-valle-de-supe-peru\/#primaryimage"},"thumbnailUrl":"https:\/\/zonacaral.gob.pe\/wp-content\/uploads\/2019\/04\/conversatorio-caral-bolivia-5.jpg","datePublished":"2019-04-23T13:21:49+00:00","author":{"@id":"https:\/\/zonacaral.gob.pe\/es\/#\/schema\/person\/beddb4d22f71a7230c5b90913270a0ee"},"description":"Al conmemorarse el XIV Aniversario de \u00c1spero, ciudad pesquera de la civilizaci\u00f3n Caral, invitamos a la poblaci\u00f3n a participar del denominado \u201c\u00c1spero Raymi\u201d o Fiesta de \u00c1spero, a realizarse el s\u00e1bado, 27 de abril, en el centro de recepci\u00f3n del mencionado sitio arqueol\u00f3gico, ubicado en Supe Puerto \u2013 Barranca.","breadcrumb":{"@id":"https:\/\/zonacaral.gob.pe\/es\/noticias\/caral-en-bolivia-realizan-conversatorio-sobre-las-investigaciones-en-el-valle-de-supe-peru\/#breadcrumb"},"inLanguage":"es-PE","potentialAction":[{"@type":"ReadAction","target":["https:\/\/zonacaral.gob.pe\/es\/noticias\/caral-en-bolivia-realizan-conversatorio-sobre-las-investigaciones-en-el-valle-de-supe-peru\/"]}]},{"@type":"ImageObject","inLanguage":"es-PE","@id":"https:\/\/zonacaral.gob.pe\/es\/noticias\/caral-en-bolivia-realizan-conversatorio-sobre-las-investigaciones-en-el-valle-de-supe-peru\/#primaryimage","url":"https:\/\/zonacaral.gob.pe\/wp-content\/uploads\/2019\/04\/conversatorio-caral-bolivia-5.jpg","contentUrl":"https:\/\/zonacaral.gob.pe\/wp-content\/uploads\/2019\/04\/conversatorio-caral-bolivia-5.jpg","width":810,"height":410},{"@type":"BreadcrumbList","@id":"https:\/\/zonacaral.gob.pe\/es\/noticias\/caral-en-bolivia-realizan-conversatorio-sobre-las-investigaciones-en-el-valle-de-supe-peru\/#breadcrumb","itemListElement":[{"@type":"ListItem","position":1,"name":"Portada","item":"https:\/\/zonacaral.gob.pe\/"},{"@type":"ListItem","position":2,"name":"Caral en Bolivia: realizan conversatorio sobre las investigaciones en el valle de Supe \u2013 Per\u00fa"}]},{"@type":"WebSite","@id":"https:\/\/zonacaral.gob.pe\/es\/#website","url":"https:\/\/zonacaral.gob.pe\/es\/","name":"Zona Caral","description":"Investigamos, conservamos y difundimos el patrimonio cultural de la Civilizaci\u00f3n Caral, la m\u00e1s antigua de Am\u00e9rica.","potentialAction":[{"@type":"SearchAction","target":{"@type":"EntryPoint","urlTemplate":"https:\/\/zonacaral.gob.pe\/es\/?s={search_term_string}"},"query-input":{"@type":"PropertyValueSpecification","valueRequired":true,"valueName":"search_term_string"}}],"inLanguage":"es-PE"},{"@type":"Person","@id":"https:\/\/zonacaral.gob.pe\/es\/#\/schema\/person\/beddb4d22f71a7230c5b90913270a0ee","name":"Zona Caral Administrador","image":{"@type":"ImageObject","inLanguage":"es-PE","@id":"https:\/\/secure.gravatar.com\/avatar\/e4be162918a696358376de6446614e0f0f4062bdc5d170d6d540ada3d8b58c12?s=96&d=mm&r=g","url":"https:\/\/secure.gravatar.com\/avatar\/e4be162918a696358376de6446614e0f0f4062bdc5d170d6d540ada3d8b58c12?s=96&d=mm&r=g","contentUrl":"https:\/\/secure.gravatar.com\/avatar\/e4be162918a696358376de6446614e0f0f4062bdc5d170d6d540ada3d8b58c12?s=96&d=mm&r=g","caption":"Zona Caral Administrador"},"sameAs":["https:\/\/zonacaral.gob.pe"],"url":"https:\/\/zonacaral.gob.pe\/es\/noticias\/author\/ad_zonacaral\/"}]}},"_links":{"self":[{"href":"https:\/\/zonacaral.gob.pe\/es\/wp-json\/wp\/v2\/posts\/14218","targetHints":{"allow":["GET"]}}],"collection":[{"href":"https:\/\/zonacaral.gob.pe\/es\/wp-json\/wp\/v2\/posts"}],"about":[{"href":"https:\/\/zonacaral.gob.pe\/es\/wp-json\/wp\/v2\/types\/post"}],"author":[{"embeddable":true,"href":"https:\/\/zonacaral.gob.pe\/es\/wp-json\/wp\/v2\/users\/1"}],"replies":[{"embeddable":true,"href":"https:\/\/zonacaral.gob.pe\/es\/wp-json\/wp\/v2\/comments?post=14218"}],"version-history":[{"count":0,"href":"https:\/\/zonacaral.gob.pe\/es\/wp-json\/wp\/v2\/posts\/14218\/revisions"}],"wp:featuredmedia":[{"embeddable":true,"href":"https:\/\/zonacaral.gob.pe\/es\/wp-json\/wp\/v2\/media\/14223"}],"wp:attachment":[{"href":"https:\/\/zonacaral.gob.pe\/es\/wp-json\/wp\/v2\/media?parent=14218"}],"wp:term":[{"taxonomy":"category","embeddable":true,"href":"https:\/\/zonacaral.gob.pe\/es\/wp-json\/wp\/v2\/categories?post=14218"},{"taxonomy":"post_tag","embeddable":true,"href":"https:\/\/zonacaral.gob.pe\/es\/wp-json\/wp\/v2\/tags?post=14218"}],"curies":[{"name":"wp","href":"https:\/\/api.w.org\/{rel}","templated":true}]}}