{"id":14281,"date":"2019-04-23T08:40:39","date_gmt":"2019-04-23T13:40:39","guid":{"rendered":"http:\/\/www.zonacaral.gob.pe\/?p=14281"},"modified":"2019-04-23T08:40:39","modified_gmt":"2019-04-23T13:40:39","slug":"la-zona-arqueologica-caral-participa-en-encuentro-de-intercambio-de-experiencias-sobre-conservacion-y-gestion-del-patrimonio-cultural-entre-peru-y-bolivia","status":"publish","type":"post","link":"https:\/\/zonacaral.gob.pe\/es\/noticias\/la-zona-arqueologica-caral-participa-en-encuentro-de-intercambio-de-experiencias-sobre-conservacion-y-gestion-del-patrimonio-cultural-entre-peru-y-bolivia\/","title":{"rendered":"La Zona Arqueol\u00f3gica Caral participa en encuentro de intercambio de experiencias sobre conservaci\u00f3n y gesti\u00f3n del patrimonio cultural entre Per\u00fa y Bolivia"},"content":{"rendered":"<figure class=\"pic-autor\" style=\"color: #4d4d4d; text-align: justify;\"><\/figure>\n<p>Per\u00fa y Bolivia realizaron un fruct\u00edfero intercambio de experiencias sobre conservaci\u00f3n y gesti\u00f3n de los sitios arqueol\u00f3gicos Ciudad Sagrada de Caral y Tiahuanaco, el pasado, mi\u00e9rcoles 18 de abril, en el marco de la conmemoraci\u00f3n del XXV aniversario del inicio de las investigaciones sobre la civilizaci\u00f3n Caral y X aniversario de la inclusi\u00f3n del sitio arqueol\u00f3gico Ciudad Sagrada de Caral en la Lista del Patrimonio Mundial.<\/p>\n<p>La Embajada del Per\u00fa en el Estado Plurinacional de Bolivia y el Centro de Investigaciones Arqueol\u00f3gicas, Antropol\u00f3gicas y Administraci\u00f3n de <strong>Tiwanaku (CIAAT)<\/strong>, organizaron este importante encuentro cultural en el que particip\u00f3 el Subdirector de Investigaci\u00f3n y Conservaci\u00f3n de Sitios Arqueol\u00f3gicos de la Zona Arqueol\u00f3gica Caral, <strong>Marco Antonio Machacuay<\/strong>, quien comparti\u00f3 sus experiencias con sus hom\u00f3logos bolivianos.<\/p>\n<p>El Director del Centro de Investigaciones Arqueol\u00f3gicas, Antropol\u00f3gicas y Administraci\u00f3n de <strong>Tiwanaku (CIAAT)<\/strong>, Julio Condori, en compa\u00f1\u00eda de las comunidades originarias de Tiahuanaco, dieron un afectuoso recibimiento al arque\u00f3logo Machacuay y al Encargado de Cultura de la Embajada de Per\u00fa en Bolivia, Jes\u00fas Chacaltana.<\/p>\n<p>Asimismo, los asistentes recorrieron los grandes templos del conjunto arquitect\u00f3nico de Tiahuanaco como Kalasasaya, Templete Semisubterr\u00e1neo, Kantatayita, Pir\u00e1mide de Akapana, Pumapunku, Kerikala, y Putuni. \u2028\u2028Asimismo, visitaron el <strong>\u00abMuseo Regional de Tiahuanaco\u00bb<\/strong>, donde se exhibe parte de una importante colecci\u00f3n, apreci\u00e1ndose hermosas piezas de cer\u00e1mica, l\u00edticas, met\u00e1licas, artefactos fabricados en hueso y restos humanos.<\/p>\n<p>Cabe indicar que el Ministerio de Relaciones Exteriores, a trav\u00e9s de la Embajada del Per\u00fa en Bolivia, y la Zona Arqueol\u00f3gica Caral, inauguraron el pasado 15 de abril, la exposici\u00f3n <strong>\u201cLos Valores de la Civilizaci\u00f3n Caral y su Trascendencia\u201d<\/strong>. La muestra puede ser visitada hasta al 5 de mayo, en la Sala N\u00fa\u00f1ez del Prado, del Museo de Etnograf\u00eda y Folklore (MUSEF) de la ciudad de La Paz (ubicado en la Calle Ingavi N\u00ba 916, Esq. Jenaro Sanjin\u00e9s Casilla N\u00ba 5817). El ingreso es gratuito.<\/p>\n<h4>DATO<\/h4>\n<p>La civilizaci\u00f3n Caral surgi\u00f3 hace 5000 a\u00f1os, en el \u00e1rea Norcentral del Per\u00fa, en el valle de Supe &#8211; Barranca. De sus diferentes centros urbanos, s\u00f3lo tres est\u00e1n abiertos al turismo: la Ciudad Sagrada de Caral, principal centro urbano; \u00c1spero, ciudad pesquera de Caral; y Vichama, ciudad agropesquera de V\u00e9gueta-Huaura.<\/p>\n<p>Una manera de conocer estos destinos culturales es participando en el programa de difusi\u00f3n cultural Viajes Educativos que organiza la ZAC. Inf\u00f3rmate m\u00e1s llamando al 205 2517 \/ 955881340 o <a href=\"http:\/\/www.zonacaral.gob.pe\/viajes-educativos-2\/planea-tu-visita.html\">aqu\u00ed<\/a>.<br \/>\nTambi\u00e9n puedes escribirnos a: <a href=\"\/viajeseducativos@zonacaral.gob.pe\">viajeseducativos@zonacaral.gob.pe<\/a><\/p>\n<p style=\"text-align: justify;\"><span style=\"color: #993300;\"><strong>Fuente<\/strong><strong>: Prensa ZAC<\/strong><\/span><\/p>\n<div style=\"color: #1f1f1f;\">\n<p style=\"text-align: justify;\">Fecha de publicaci\u00f3n: 24\/04\/2019<\/p>\n<\/div>\n","protected":false},"excerpt":{"rendered":"<p>Per\u00fa y Bolivia realizaron un fruct\u00edfero intercambio de experiencias sobre conservaci\u00f3n y gesti\u00f3n de los sitios arqueol\u00f3gicos Ciudad Sagrada de [&hellip;]<\/p>\n","protected":false},"author":1,"featured_media":14289,"comment_status":"closed","ping_status":"open","sticky":false,"template":"","format":"standard","meta":{"_acf_changed":false,"site-sidebar-layout":"default","site-content-layout":"","ast-site-content-layout":"default","site-content-style":"default","site-sidebar-style":"default","ast-global-header-display":"","ast-banner-title-visibility":"","ast-main-header-display":"","ast-hfb-above-header-display":"","ast-hfb-below-header-display":"","ast-hfb-mobile-header-display":"","site-post-title":"","ast-breadcrumbs-content":"","ast-featured-img":"","footer-sml-layout":"","ast-disable-related-posts":"","theme-transparent-header-meta":"","adv-header-id-meta":"","stick-header-meta":"","header-above-stick-meta":"","header-main-stick-meta":"","header-below-stick-meta":"","astra-migrate-meta-layouts":"default","ast-page-background-enabled":"default","ast-page-background-meta":{"desktop":{"background-color":"var(--ast-global-color-5)","background-image":"","background-repeat":"repeat","background-position":"center center","background-size":"auto","background-attachment":"scroll","background-type":"","background-media":"","overlay-type":"","overlay-color":"","overlay-opacity":"","overlay-gradient":""},"tablet":{"background-color":"","background-image":"","background-repeat":"repeat","background-position":"center center","background-size":"auto","background-attachment":"scroll","background-type":"","background-media":"","overlay-type":"","overlay-color":"","overlay-opacity":"","overlay-gradient":""},"mobile":{"background-color":"","background-image":"","background-repeat":"repeat","background-position":"center center","background-size":"auto","background-attachment":"scroll","background-type":"","background-media":"","overlay-type":"","overlay-color":"","overlay-opacity":"","overlay-gradient":""}},"ast-content-background-meta":{"desktop":{"background-color":"var(--ast-global-color-4)","background-image":"","background-repeat":"repeat","background-position":"center center","background-size":"auto","background-attachment":"scroll","background-type":"","background-media":"","overlay-type":"","overlay-color":"","overlay-opacity":"","overlay-gradient":""},"tablet":{"background-color":"var(--ast-global-color-4)","background-image":"","background-repeat":"repeat","background-position":"center center","background-size":"auto","background-attachment":"scroll","background-type":"","background-media":"","overlay-type":"","overlay-color":"","overlay-opacity":"","overlay-gradient":""},"mobile":{"background-color":"var(--ast-global-color-4)","background-image":"","background-repeat":"repeat","background-position":"center center","background-size":"auto","background-attachment":"scroll","background-type":"","background-media":"","overlay-type":"","overlay-color":"","overlay-opacity":"","overlay-gradient":""}},"footnotes":""},"categories":[208],"tags":[78,63,71],"class_list":["post-14281","post","type-post","status-publish","format-standard","has-post-thumbnail","hentry","category-noticias","tag-aniverario","tag-aspero","tag-viajes-educativos"],"acf":[],"yoast_head":"<!-- This site is optimized with the Yoast SEO plugin v27.3 - https:\/\/yoast.com\/product\/yoast-seo-wordpress\/ -->\n<title>La Zona Arqueol\u00f3gica Caral participa en encuentro de intercambio de experiencias sobre conservaci\u00f3n y gesti\u00f3n del patrimonio cultural entre Per\u00fa y Bolivia<\/title>\n<meta name=\"description\" content=\"Per\u00fa y Bolivia realizaron un fruct\u00edfero intercambio de experiencias sobre conservaci\u00f3n y gesti\u00f3n de los sitios arqueol\u00f3gicos Ciudad Sagrada de Caral y Tiahuanaco, el pasado, mi\u00e9rcoles 18 de abril, en el marco de la conmemoraci\u00f3n del XXV aniversario del inicio de las investigaciones sobre la civilizaci\u00f3n Caral y X aniversario de la inclusi\u00f3n del sitio arqueol\u00f3gico Ciudad Sagrada de Caral en la Lista del Patrimonio Mundial.\" \/>\n<meta name=\"robots\" content=\"index, follow, max-snippet:-1, max-image-preview:large, max-video-preview:-1\" \/>\n<link rel=\"canonical\" href=\"https:\/\/zonacaral.gob.pe\/es\/noticias\/la-zona-arqueologica-caral-participa-en-encuentro-de-intercambio-de-experiencias-sobre-conservacion-y-gestion-del-patrimonio-cultural-entre-peru-y-bolivia\/\" \/>\n<meta property=\"og:locale\" content=\"es_ES\" \/>\n<meta property=\"og:type\" content=\"article\" \/>\n<meta property=\"og:title\" content=\"La Zona Arqueol\u00f3gica Caral participa en encuentro de intercambio de experiencias sobre conservaci\u00f3n y gesti\u00f3n del patrimonio cultural entre Per\u00fa y Bolivia\" \/>\n<meta property=\"og:description\" content=\"Per\u00fa y Bolivia realizaron un fruct\u00edfero intercambio de experiencias sobre conservaci\u00f3n y gesti\u00f3n de los sitios arqueol\u00f3gicos Ciudad Sagrada de Caral y Tiahuanaco, el pasado, mi\u00e9rcoles 18 de abril, en el marco de la conmemoraci\u00f3n del XXV aniversario del inicio de las investigaciones sobre la civilizaci\u00f3n Caral y X aniversario de la inclusi\u00f3n del sitio arqueol\u00f3gico Ciudad Sagrada de Caral en la Lista del Patrimonio Mundial.\" \/>\n<meta property=\"og:url\" content=\"https:\/\/zonacaral.gob.pe\/es\/noticias\/la-zona-arqueologica-caral-participa-en-encuentro-de-intercambio-de-experiencias-sobre-conservacion-y-gestion-del-patrimonio-cultural-entre-peru-y-bolivia\/\" \/>\n<meta property=\"og:site_name\" content=\"Zona Caral\" \/>\n<meta property=\"article:published_time\" content=\"2019-04-23T13:40:39+00:00\" \/>\n<meta property=\"og:image\" content=\"https:\/\/zonacaral.gob.pe\/wp-content\/uploads\/2019\/04\/tiahuanako-8.jpg\" \/>\n\t<meta property=\"og:image:width\" content=\"810\" \/>\n\t<meta property=\"og:image:height\" content=\"410\" \/>\n\t<meta property=\"og:image:type\" content=\"image\/jpeg\" \/>\n<meta name=\"author\" content=\"Zona Caral Administrador\" \/>\n<meta name=\"twitter:card\" content=\"summary_large_image\" \/>\n<meta name=\"twitter:label1\" content=\"Written by\" \/>\n\t<meta name=\"twitter:data1\" content=\"Zona Caral Administrador\" \/>\n\t<meta name=\"twitter:label2\" content=\"Est. reading time\" \/>\n\t<meta name=\"twitter:data2\" content=\"2 minutos\" \/>\n<script type=\"application\/ld+json\" class=\"yoast-schema-graph\">{\"@context\":\"https:\\\/\\\/schema.org\",\"@graph\":[{\"@type\":\"Article\",\"@id\":\"https:\\\/\\\/zonacaral.gob.pe\\\/es\\\/noticias\\\/la-zona-arqueologica-caral-participa-en-encuentro-de-intercambio-de-experiencias-sobre-conservacion-y-gestion-del-patrimonio-cultural-entre-peru-y-bolivia\\\/#article\",\"isPartOf\":{\"@id\":\"https:\\\/\\\/zonacaral.gob.pe\\\/es\\\/noticias\\\/la-zona-arqueologica-caral-participa-en-encuentro-de-intercambio-de-experiencias-sobre-conservacion-y-gestion-del-patrimonio-cultural-entre-peru-y-bolivia\\\/\"},\"author\":{\"name\":\"Zona Caral Administrador\",\"@id\":\"https:\\\/\\\/zonacaral.gob.pe\\\/es\\\/#\\\/schema\\\/person\\\/beddb4d22f71a7230c5b90913270a0ee\"},\"headline\":\"La Zona Arqueol\u00f3gica Caral participa en encuentro de intercambio de experiencias sobre conservaci\u00f3n y gesti\u00f3n del patrimonio cultural entre Per\u00fa y Bolivia\",\"datePublished\":\"2019-04-23T13:40:39+00:00\",\"mainEntityOfPage\":{\"@id\":\"https:\\\/\\\/zonacaral.gob.pe\\\/es\\\/noticias\\\/la-zona-arqueologica-caral-participa-en-encuentro-de-intercambio-de-experiencias-sobre-conservacion-y-gestion-del-patrimonio-cultural-entre-peru-y-bolivia\\\/\"},\"wordCount\":463,\"image\":{\"@id\":\"https:\\\/\\\/zonacaral.gob.pe\\\/es\\\/noticias\\\/la-zona-arqueologica-caral-participa-en-encuentro-de-intercambio-de-experiencias-sobre-conservacion-y-gestion-del-patrimonio-cultural-entre-peru-y-bolivia\\\/#primaryimage\"},\"thumbnailUrl\":\"https:\\\/\\\/zonacaral.gob.pe\\\/wp-content\\\/uploads\\\/2019\\\/04\\\/tiahuanako-8.jpg\",\"keywords\":[\"aniverario\",\"Aspero\",\"viajes educativos\"],\"articleSection\":[\"noticias\"],\"inLanguage\":\"es-PE\"},{\"@type\":\"WebPage\",\"@id\":\"https:\\\/\\\/zonacaral.gob.pe\\\/es\\\/noticias\\\/la-zona-arqueologica-caral-participa-en-encuentro-de-intercambio-de-experiencias-sobre-conservacion-y-gestion-del-patrimonio-cultural-entre-peru-y-bolivia\\\/\",\"url\":\"https:\\\/\\\/zonacaral.gob.pe\\\/es\\\/noticias\\\/la-zona-arqueologica-caral-participa-en-encuentro-de-intercambio-de-experiencias-sobre-conservacion-y-gestion-del-patrimonio-cultural-entre-peru-y-bolivia\\\/\",\"name\":\"La Zona Arqueol\u00f3gica Caral participa en encuentro de intercambio de experiencias sobre conservaci\u00f3n y gesti\u00f3n del patrimonio cultural entre Per\u00fa y Bolivia\",\"isPartOf\":{\"@id\":\"https:\\\/\\\/zonacaral.gob.pe\\\/es\\\/#website\"},\"primaryImageOfPage\":{\"@id\":\"https:\\\/\\\/zonacaral.gob.pe\\\/es\\\/noticias\\\/la-zona-arqueologica-caral-participa-en-encuentro-de-intercambio-de-experiencias-sobre-conservacion-y-gestion-del-patrimonio-cultural-entre-peru-y-bolivia\\\/#primaryimage\"},\"image\":{\"@id\":\"https:\\\/\\\/zonacaral.gob.pe\\\/es\\\/noticias\\\/la-zona-arqueologica-caral-participa-en-encuentro-de-intercambio-de-experiencias-sobre-conservacion-y-gestion-del-patrimonio-cultural-entre-peru-y-bolivia\\\/#primaryimage\"},\"thumbnailUrl\":\"https:\\\/\\\/zonacaral.gob.pe\\\/wp-content\\\/uploads\\\/2019\\\/04\\\/tiahuanako-8.jpg\",\"datePublished\":\"2019-04-23T13:40:39+00:00\",\"author\":{\"@id\":\"https:\\\/\\\/zonacaral.gob.pe\\\/es\\\/#\\\/schema\\\/person\\\/beddb4d22f71a7230c5b90913270a0ee\"},\"description\":\"Per\u00fa y Bolivia realizaron un fruct\u00edfero intercambio de experiencias sobre conservaci\u00f3n y gesti\u00f3n de los sitios arqueol\u00f3gicos Ciudad Sagrada de Caral y Tiahuanaco, el pasado, mi\u00e9rcoles 18 de abril, en el marco de la conmemoraci\u00f3n del XXV aniversario del inicio de las investigaciones sobre la civilizaci\u00f3n Caral y X aniversario de la inclusi\u00f3n del sitio arqueol\u00f3gico Ciudad Sagrada de Caral en la Lista del Patrimonio Mundial.\",\"breadcrumb\":{\"@id\":\"https:\\\/\\\/zonacaral.gob.pe\\\/es\\\/noticias\\\/la-zona-arqueologica-caral-participa-en-encuentro-de-intercambio-de-experiencias-sobre-conservacion-y-gestion-del-patrimonio-cultural-entre-peru-y-bolivia\\\/#breadcrumb\"},\"inLanguage\":\"es-PE\",\"potentialAction\":[{\"@type\":\"ReadAction\",\"target\":[\"https:\\\/\\\/zonacaral.gob.pe\\\/es\\\/noticias\\\/la-zona-arqueologica-caral-participa-en-encuentro-de-intercambio-de-experiencias-sobre-conservacion-y-gestion-del-patrimonio-cultural-entre-peru-y-bolivia\\\/\"]}]},{\"@type\":\"ImageObject\",\"inLanguage\":\"es-PE\",\"@id\":\"https:\\\/\\\/zonacaral.gob.pe\\\/es\\\/noticias\\\/la-zona-arqueologica-caral-participa-en-encuentro-de-intercambio-de-experiencias-sobre-conservacion-y-gestion-del-patrimonio-cultural-entre-peru-y-bolivia\\\/#primaryimage\",\"url\":\"https:\\\/\\\/zonacaral.gob.pe\\\/wp-content\\\/uploads\\\/2019\\\/04\\\/tiahuanako-8.jpg\",\"contentUrl\":\"https:\\\/\\\/zonacaral.gob.pe\\\/wp-content\\\/uploads\\\/2019\\\/04\\\/tiahuanako-8.jpg\",\"width\":810,\"height\":410},{\"@type\":\"BreadcrumbList\",\"@id\":\"https:\\\/\\\/zonacaral.gob.pe\\\/es\\\/noticias\\\/la-zona-arqueologica-caral-participa-en-encuentro-de-intercambio-de-experiencias-sobre-conservacion-y-gestion-del-patrimonio-cultural-entre-peru-y-bolivia\\\/#breadcrumb\",\"itemListElement\":[{\"@type\":\"ListItem\",\"position\":1,\"name\":\"Portada\",\"item\":\"https:\\\/\\\/zonacaral.gob.pe\\\/\"},{\"@type\":\"ListItem\",\"position\":2,\"name\":\"La Zona Arqueol\u00f3gica Caral participa en encuentro de intercambio de experiencias sobre conservaci\u00f3n y gesti\u00f3n del patrimonio cultural entre Per\u00fa y Bolivia\"}]},{\"@type\":\"WebSite\",\"@id\":\"https:\\\/\\\/zonacaral.gob.pe\\\/es\\\/#website\",\"url\":\"https:\\\/\\\/zonacaral.gob.pe\\\/es\\\/\",\"name\":\"Zona Caral\",\"description\":\"Investigamos, conservamos y difundimos el patrimonio cultural de la Civilizaci\u00f3n Caral, la m\u00e1s antigua de Am\u00e9rica.\",\"potentialAction\":[{\"@type\":\"SearchAction\",\"target\":{\"@type\":\"EntryPoint\",\"urlTemplate\":\"https:\\\/\\\/zonacaral.gob.pe\\\/es\\\/?s={search_term_string}\"},\"query-input\":{\"@type\":\"PropertyValueSpecification\",\"valueRequired\":true,\"valueName\":\"search_term_string\"}}],\"inLanguage\":\"es-PE\"},{\"@type\":\"Person\",\"@id\":\"https:\\\/\\\/zonacaral.gob.pe\\\/es\\\/#\\\/schema\\\/person\\\/beddb4d22f71a7230c5b90913270a0ee\",\"name\":\"Zona Caral Administrador\",\"image\":{\"@type\":\"ImageObject\",\"inLanguage\":\"es-PE\",\"@id\":\"https:\\\/\\\/secure.gravatar.com\\\/avatar\\\/e4be162918a696358376de6446614e0f0f4062bdc5d170d6d540ada3d8b58c12?s=96&d=mm&r=g\",\"url\":\"https:\\\/\\\/secure.gravatar.com\\\/avatar\\\/e4be162918a696358376de6446614e0f0f4062bdc5d170d6d540ada3d8b58c12?s=96&d=mm&r=g\",\"contentUrl\":\"https:\\\/\\\/secure.gravatar.com\\\/avatar\\\/e4be162918a696358376de6446614e0f0f4062bdc5d170d6d540ada3d8b58c12?s=96&d=mm&r=g\",\"caption\":\"Zona Caral Administrador\"},\"sameAs\":[\"https:\\\/\\\/zonacaral.gob.pe\"],\"url\":\"https:\\\/\\\/zonacaral.gob.pe\\\/es\\\/noticias\\\/author\\\/ad_zonacaral\\\/\"}]}<\/script>\n<!-- \/ Yoast SEO plugin. -->","yoast_head_json":{"title":"La Zona Arqueol\u00f3gica Caral participa en encuentro de intercambio de experiencias sobre conservaci\u00f3n y gesti\u00f3n del patrimonio cultural entre Per\u00fa y Bolivia","description":"Per\u00fa y Bolivia realizaron un fruct\u00edfero intercambio de experiencias sobre conservaci\u00f3n y gesti\u00f3n de los sitios arqueol\u00f3gicos Ciudad Sagrada de Caral y Tiahuanaco, el pasado, mi\u00e9rcoles 18 de abril, en el marco de la conmemoraci\u00f3n del XXV aniversario del inicio de las investigaciones sobre la civilizaci\u00f3n Caral y X aniversario de la inclusi\u00f3n del sitio arqueol\u00f3gico Ciudad Sagrada de Caral en la Lista del Patrimonio Mundial.","robots":{"index":"index","follow":"follow","max-snippet":"max-snippet:-1","max-image-preview":"max-image-preview:large","max-video-preview":"max-video-preview:-1"},"canonical":"https:\/\/zonacaral.gob.pe\/es\/noticias\/la-zona-arqueologica-caral-participa-en-encuentro-de-intercambio-de-experiencias-sobre-conservacion-y-gestion-del-patrimonio-cultural-entre-peru-y-bolivia\/","og_locale":"es_ES","og_type":"article","og_title":"La Zona Arqueol\u00f3gica Caral participa en encuentro de intercambio de experiencias sobre conservaci\u00f3n y gesti\u00f3n del patrimonio cultural entre Per\u00fa y Bolivia","og_description":"Per\u00fa y Bolivia realizaron un fruct\u00edfero intercambio de experiencias sobre conservaci\u00f3n y gesti\u00f3n de los sitios arqueol\u00f3gicos Ciudad Sagrada de Caral y Tiahuanaco, el pasado, mi\u00e9rcoles 18 de abril, en el marco de la conmemoraci\u00f3n del XXV aniversario del inicio de las investigaciones sobre la civilizaci\u00f3n Caral y X aniversario de la inclusi\u00f3n del sitio arqueol\u00f3gico Ciudad Sagrada de Caral en la Lista del Patrimonio Mundial.","og_url":"https:\/\/zonacaral.gob.pe\/es\/noticias\/la-zona-arqueologica-caral-participa-en-encuentro-de-intercambio-de-experiencias-sobre-conservacion-y-gestion-del-patrimonio-cultural-entre-peru-y-bolivia\/","og_site_name":"Zona Caral","article_published_time":"2019-04-23T13:40:39+00:00","og_image":[{"width":810,"height":410,"url":"https:\/\/zonacaral.gob.pe\/wp-content\/uploads\/2019\/04\/tiahuanako-8.jpg","type":"image\/jpeg"}],"author":"Zona Caral Administrador","twitter_card":"summary_large_image","twitter_misc":{"Written by":"Zona Caral Administrador","Est. reading time":"2 minutos"},"schema":{"@context":"https:\/\/schema.org","@graph":[{"@type":"Article","@id":"https:\/\/zonacaral.gob.pe\/es\/noticias\/la-zona-arqueologica-caral-participa-en-encuentro-de-intercambio-de-experiencias-sobre-conservacion-y-gestion-del-patrimonio-cultural-entre-peru-y-bolivia\/#article","isPartOf":{"@id":"https:\/\/zonacaral.gob.pe\/es\/noticias\/la-zona-arqueologica-caral-participa-en-encuentro-de-intercambio-de-experiencias-sobre-conservacion-y-gestion-del-patrimonio-cultural-entre-peru-y-bolivia\/"},"author":{"name":"Zona Caral Administrador","@id":"https:\/\/zonacaral.gob.pe\/es\/#\/schema\/person\/beddb4d22f71a7230c5b90913270a0ee"},"headline":"La Zona Arqueol\u00f3gica Caral participa en encuentro de intercambio de experiencias sobre conservaci\u00f3n y gesti\u00f3n del patrimonio cultural entre Per\u00fa y Bolivia","datePublished":"2019-04-23T13:40:39+00:00","mainEntityOfPage":{"@id":"https:\/\/zonacaral.gob.pe\/es\/noticias\/la-zona-arqueologica-caral-participa-en-encuentro-de-intercambio-de-experiencias-sobre-conservacion-y-gestion-del-patrimonio-cultural-entre-peru-y-bolivia\/"},"wordCount":463,"image":{"@id":"https:\/\/zonacaral.gob.pe\/es\/noticias\/la-zona-arqueologica-caral-participa-en-encuentro-de-intercambio-de-experiencias-sobre-conservacion-y-gestion-del-patrimonio-cultural-entre-peru-y-bolivia\/#primaryimage"},"thumbnailUrl":"https:\/\/zonacaral.gob.pe\/wp-content\/uploads\/2019\/04\/tiahuanako-8.jpg","keywords":["aniverario","Aspero","viajes educativos"],"articleSection":["noticias"],"inLanguage":"es-PE"},{"@type":"WebPage","@id":"https:\/\/zonacaral.gob.pe\/es\/noticias\/la-zona-arqueologica-caral-participa-en-encuentro-de-intercambio-de-experiencias-sobre-conservacion-y-gestion-del-patrimonio-cultural-entre-peru-y-bolivia\/","url":"https:\/\/zonacaral.gob.pe\/es\/noticias\/la-zona-arqueologica-caral-participa-en-encuentro-de-intercambio-de-experiencias-sobre-conservacion-y-gestion-del-patrimonio-cultural-entre-peru-y-bolivia\/","name":"La Zona Arqueol\u00f3gica Caral participa en encuentro de intercambio de experiencias sobre conservaci\u00f3n y gesti\u00f3n del patrimonio cultural entre Per\u00fa y Bolivia","isPartOf":{"@id":"https:\/\/zonacaral.gob.pe\/es\/#website"},"primaryImageOfPage":{"@id":"https:\/\/zonacaral.gob.pe\/es\/noticias\/la-zona-arqueologica-caral-participa-en-encuentro-de-intercambio-de-experiencias-sobre-conservacion-y-gestion-del-patrimonio-cultural-entre-peru-y-bolivia\/#primaryimage"},"image":{"@id":"https:\/\/zonacaral.gob.pe\/es\/noticias\/la-zona-arqueologica-caral-participa-en-encuentro-de-intercambio-de-experiencias-sobre-conservacion-y-gestion-del-patrimonio-cultural-entre-peru-y-bolivia\/#primaryimage"},"thumbnailUrl":"https:\/\/zonacaral.gob.pe\/wp-content\/uploads\/2019\/04\/tiahuanako-8.jpg","datePublished":"2019-04-23T13:40:39+00:00","author":{"@id":"https:\/\/zonacaral.gob.pe\/es\/#\/schema\/person\/beddb4d22f71a7230c5b90913270a0ee"},"description":"Per\u00fa y Bolivia realizaron un fruct\u00edfero intercambio de experiencias sobre conservaci\u00f3n y gesti\u00f3n de los sitios arqueol\u00f3gicos Ciudad Sagrada de Caral y Tiahuanaco, el pasado, mi\u00e9rcoles 18 de abril, en el marco de la conmemoraci\u00f3n del XXV aniversario del inicio de las investigaciones sobre la civilizaci\u00f3n Caral y X aniversario de la inclusi\u00f3n del sitio arqueol\u00f3gico Ciudad Sagrada de Caral en la Lista del Patrimonio Mundial.","breadcrumb":{"@id":"https:\/\/zonacaral.gob.pe\/es\/noticias\/la-zona-arqueologica-caral-participa-en-encuentro-de-intercambio-de-experiencias-sobre-conservacion-y-gestion-del-patrimonio-cultural-entre-peru-y-bolivia\/#breadcrumb"},"inLanguage":"es-PE","potentialAction":[{"@type":"ReadAction","target":["https:\/\/zonacaral.gob.pe\/es\/noticias\/la-zona-arqueologica-caral-participa-en-encuentro-de-intercambio-de-experiencias-sobre-conservacion-y-gestion-del-patrimonio-cultural-entre-peru-y-bolivia\/"]}]},{"@type":"ImageObject","inLanguage":"es-PE","@id":"https:\/\/zonacaral.gob.pe\/es\/noticias\/la-zona-arqueologica-caral-participa-en-encuentro-de-intercambio-de-experiencias-sobre-conservacion-y-gestion-del-patrimonio-cultural-entre-peru-y-bolivia\/#primaryimage","url":"https:\/\/zonacaral.gob.pe\/wp-content\/uploads\/2019\/04\/tiahuanako-8.jpg","contentUrl":"https:\/\/zonacaral.gob.pe\/wp-content\/uploads\/2019\/04\/tiahuanako-8.jpg","width":810,"height":410},{"@type":"BreadcrumbList","@id":"https:\/\/zonacaral.gob.pe\/es\/noticias\/la-zona-arqueologica-caral-participa-en-encuentro-de-intercambio-de-experiencias-sobre-conservacion-y-gestion-del-patrimonio-cultural-entre-peru-y-bolivia\/#breadcrumb","itemListElement":[{"@type":"ListItem","position":1,"name":"Portada","item":"https:\/\/zonacaral.gob.pe\/"},{"@type":"ListItem","position":2,"name":"La Zona Arqueol\u00f3gica Caral participa en encuentro de intercambio de experiencias sobre conservaci\u00f3n y gesti\u00f3n del patrimonio cultural entre Per\u00fa y Bolivia"}]},{"@type":"WebSite","@id":"https:\/\/zonacaral.gob.pe\/es\/#website","url":"https:\/\/zonacaral.gob.pe\/es\/","name":"Zona Caral","description":"Investigamos, conservamos y difundimos el patrimonio cultural de la Civilizaci\u00f3n Caral, la m\u00e1s antigua de Am\u00e9rica.","potentialAction":[{"@type":"SearchAction","target":{"@type":"EntryPoint","urlTemplate":"https:\/\/zonacaral.gob.pe\/es\/?s={search_term_string}"},"query-input":{"@type":"PropertyValueSpecification","valueRequired":true,"valueName":"search_term_string"}}],"inLanguage":"es-PE"},{"@type":"Person","@id":"https:\/\/zonacaral.gob.pe\/es\/#\/schema\/person\/beddb4d22f71a7230c5b90913270a0ee","name":"Zona Caral Administrador","image":{"@type":"ImageObject","inLanguage":"es-PE","@id":"https:\/\/secure.gravatar.com\/avatar\/e4be162918a696358376de6446614e0f0f4062bdc5d170d6d540ada3d8b58c12?s=96&d=mm&r=g","url":"https:\/\/secure.gravatar.com\/avatar\/e4be162918a696358376de6446614e0f0f4062bdc5d170d6d540ada3d8b58c12?s=96&d=mm&r=g","contentUrl":"https:\/\/secure.gravatar.com\/avatar\/e4be162918a696358376de6446614e0f0f4062bdc5d170d6d540ada3d8b58c12?s=96&d=mm&r=g","caption":"Zona Caral Administrador"},"sameAs":["https:\/\/zonacaral.gob.pe"],"url":"https:\/\/zonacaral.gob.pe\/es\/noticias\/author\/ad_zonacaral\/"}]}},"_links":{"self":[{"href":"https:\/\/zonacaral.gob.pe\/es\/wp-json\/wp\/v2\/posts\/14281","targetHints":{"allow":["GET"]}}],"collection":[{"href":"https:\/\/zonacaral.gob.pe\/es\/wp-json\/wp\/v2\/posts"}],"about":[{"href":"https:\/\/zonacaral.gob.pe\/es\/wp-json\/wp\/v2\/types\/post"}],"author":[{"embeddable":true,"href":"https:\/\/zonacaral.gob.pe\/es\/wp-json\/wp\/v2\/users\/1"}],"replies":[{"embeddable":true,"href":"https:\/\/zonacaral.gob.pe\/es\/wp-json\/wp\/v2\/comments?post=14281"}],"version-history":[{"count":0,"href":"https:\/\/zonacaral.gob.pe\/es\/wp-json\/wp\/v2\/posts\/14281\/revisions"}],"wp:featuredmedia":[{"embeddable":true,"href":"https:\/\/zonacaral.gob.pe\/es\/wp-json\/wp\/v2\/media\/14289"}],"wp:attachment":[{"href":"https:\/\/zonacaral.gob.pe\/es\/wp-json\/wp\/v2\/media?parent=14281"}],"wp:term":[{"taxonomy":"category","embeddable":true,"href":"https:\/\/zonacaral.gob.pe\/es\/wp-json\/wp\/v2\/categories?post=14281"},{"taxonomy":"post_tag","embeddable":true,"href":"https:\/\/zonacaral.gob.pe\/es\/wp-json\/wp\/v2\/tags?post=14281"}],"curies":[{"name":"wp","href":"https:\/\/api.w.org\/{rel}","templated":true}]}}