{"id":14298,"date":"2019-04-30T17:59:20","date_gmt":"2019-04-30T22:59:20","guid":{"rendered":"http:\/\/www.zonacaral.gob.pe\/?p=14298"},"modified":"2019-04-30T17:59:20","modified_gmt":"2019-04-30T22:59:20","slug":"aspero-raymi-2019-asi-fue-la-fiesta-de-la-ciudad-pesquera-de-la-civilizacion-caral","status":"publish","type":"post","link":"https:\/\/zonacaral.gob.pe\/es\/noticias\/aspero-raymi-2019-asi-fue-la-fiesta-de-la-ciudad-pesquera-de-la-civilizacion-caral\/","title":{"rendered":"\u00c1spero Raymi 2019: as\u00ed fue la fiesta de la ciudad pesquera de la civilizaci\u00f3n Caral"},"content":{"rendered":"<figure class=\"pic-autor\" style=\"color: #4d4d4d; text-align: justify;\"><\/figure>\n<blockquote>\n<p style=\"text-align: justify;\">La poblaci\u00f3n de la provincia de Barranca y de diversas partes del pa\u00eds participaron de las actividades culturales gratuitas, organizadas en conmemoraci\u00f3n del inicio de la puesta en valor del sitio arqueol\u00f3gico \u00c1spero, ciudad pesquera de la civilizaci\u00f3n Caral.<\/p>\n<\/blockquote>\n<p style=\"text-align: justify;\">Cientos de personas disfrutaron del tradicional<strong> \u201c\u00c1spero Raymi 2019\u201d<\/strong>, organizado por la Zona Arqueol\u00f3gica Caral (ZAC), unidad ejecutora del Ministerio de Cultura, en el distrito de Supe Puerto &#8211; Barranca, los d\u00edas viernes 26 y s\u00e1bado 27 de abril, en el marco del 14 aniversario del inicio de la investigaci\u00f3n, conservaci\u00f3n y difusi\u00f3n del sitio arqueol\u00f3gico \u00c1spero, ciudad pesquera de la civilizaci\u00f3n Caral.<\/p>\n<p style=\"text-align: justify;\">Las actividades culturales, encabezadas por la doctora Ruth Shady, Directora de la ZAC, iniciaron el viernes con el Gran Corso y Pasacalle Escolar, en el que estudiantes de inicial, primaria y secundaria, de diferentes centros educativos de la provincia de Barranca, vestidos con trajes hechos a mano y de materiales reciclados, hicieron un llamado al cuidado del medio ambiente; adem\u00e1s de relatar la trascendencia cultural de la civilizaci\u00f3n Caral, la m\u00e1s antigua de Am\u00e9rica (3000-1800 a\u00f1os a.C.).<\/p>\n<p style=\"text-align: justify;\">Luego, por la noche, en el Centro de Recepci\u00f3n del sitio arqueol\u00f3gico \u00c1spero, se efectu\u00f3 la ceremonia de agradecimiento y ofrenda al mar, conocida por la poblaci\u00f3n del \u00e1rea andina como Pago a la Cochamama. Alumnos del colegio <strong>\u201cDecisi\u00f3n Campesina\u201d<\/strong> de Barranca interpretaron a la Se\u00f1ora del \u00c1spero, la Dama de los Cuatro Tupus y su s\u00e9quito. Asimismo, alrededor de la fogata, la chamana Am\u00e9rica Bazalar se encarg\u00f3 de celebrar el ritual de Pago a la Cochamama, con la presencia de decenas de personas y autoridades invitadas.<\/p>\n<p style=\"text-align: justify;\">El s\u00e1bado, los visitantes presenciaron el Concurso de Cometas \u201cVolando por los Cielos\u201d, Concurso de Maqueta <strong>\u201cPaisaje Cultural y Recurso Pesquero en \u00c1spero hace 5,000 a\u00f1os\u201d<\/strong> y el Concurso de Cer\u00e1mica <strong>\u201cAplicando el arte de la Sociedad del \u00c1spero\u201d<\/strong>. Tambi\u00e9n del Festival Art\u00edstico <strong>\u201cLo mejor de mi Tierra\u201d<\/strong>: danzas, m\u00fasica y cantos, a cargo de las instituciones y asociaciones culturales del lugar.<\/p>\n<p style=\"text-align: justify;\">Los visitantes tambi\u00e9n disfrutaron del \u201cCatu \u00c1spero\u201d o expo-feria:<strong> \u201cProducci\u00f3n social actual\u201d<\/strong>, exposici\u00f3n y venta de productos agroecol\u00f3gicos y artesanales, IX Festival de la Anchoveta, pescados y mariscos: venta y degustaci\u00f3n de platos de la gastronom\u00eda local, elaborados con pescados y mariscos. Todos los visitantes ingresaron gratis al sitio arqueol\u00f3gico, incluido el guiado por el lugar.<\/p>\n<p style=\"text-align: justify;\">En breves declaraciones, la doctora Ruth Shady, sostuvo que \u201ces importante conocer c\u00f3mo se manej\u00f3 en el pasado nuestros recursos. Este conocimiento no solo debe quedar en el mundo acad\u00e9mico, sino es importante transmitirlo a las poblaciones del entorno en general\u201d.<\/p>\n<p style=\"text-align: justify;\">\u201cEstamos tratando de que haya una identificaci\u00f3n con nuestra historia social, pues es necesaria para generar reflexiones, para entender c\u00f3mo vivimos en el pasado, c\u00f3mo vivimos en el presente y generar mejores condiciones de vida, como lo hicieron nuestras sociedades ancestrales\u201d, agreg\u00f3.<\/p>\n<p style=\"text-align: justify;\">Asimismo, resalt\u00f3 que este sitio arqueol\u00f3gico fue recuperado de m\u00e1s de ocho toneladas de basura, y en 14 a\u00f1os se ha recuperado su historia e hicieron importantes hallazgos. Precis\u00f3, que los pobladores llegaron a realizar intercambios comerciales, de bienes, de conocimiento con habitantes de la costa, sierra y selva, del pa\u00eds, en condiciones de paz, respeto y armon\u00eda.<\/p>\n<p style=\"text-align: justify;\">Cabe destacar la participaci\u00f3n, por primera vez, del Programa Nacional <a href=\"http:\/\/www.acomerpescado.gob.pe\/\"><strong>\u201cA Comer Pescado\u201d<\/strong><\/a>, del Ministerio de la Producci\u00f3n, con una importante contribuci\u00f3n, a trav\u00e9s de la promoci\u00f3n de h\u00e1bitos de consumo de pescado, en particular anchoveta, y brindando informaci\u00f3n sobre su alto valor nutricional. Realizaron dos cocinas demostrativas y el p\u00fablico presente se pudo deleitar con la degustaci\u00f3n de platos elaborados a base de anchoveta.<\/p>\n<h4 style=\"text-align: justify;\">DATO<\/h4>\n<p style=\"text-align: justify;\">Hace 14 a\u00f1os, la ZAC trabaja en la investigaci\u00f3n, conservaci\u00f3n y difusi\u00f3n de \u00c1spero, ubicado a la altura del kil\u00f3metro 191 de la Panamericana Norte. Atiende al p\u00fablico, durante todo el a\u00f1o, de 9:00 a.m. a 4:00 p.m., de lunes a viernes, y de 9:00 a.m. a 6:00 p.m., los s\u00e1bados y domingos (incluyendo feriados).<\/p>\n<p style=\"text-align: justify;\">Conoce \u00c1spero, Vichama y la Ciudad Sagrada de Caral con el programa de difusi\u00f3n del patrimonio cultural Viajes Educativos que organiza la Zona Arqueol\u00f3gica Caral (ZAC). Inf\u00f3rmate en: 205 2517 \/ 955 881 340 o enviar un correo a: <a href=\"\/viajeseducativos@zonacaral.gob.pe\">viajeseducativos@zonacaral.gob.pe<\/a>.<\/p>\n<p style=\"text-align: justify;\"><span style=\"color: #993300;\"><strong>Fuente<\/strong><strong>: Prensa ZAC<\/strong><\/span><\/p>\n<div style=\"color: #1f1f1f;\">\n<p style=\"text-align: justify;\">Fecha de publicaci\u00f3n: 30\/04\/2019<\/p>\n<\/div>\n","protected":false},"excerpt":{"rendered":"<p>La poblaci\u00f3n de la provincia de Barranca y de diversas partes del pa\u00eds participaron de las actividades culturales gratuitas, organizadas [&hellip;]<\/p>\n","protected":false},"author":1,"featured_media":14303,"comment_status":"closed","ping_status":"open","sticky":false,"template":"","format":"standard","meta":{"_acf_changed":false,"site-sidebar-layout":"default","site-content-layout":"","ast-site-content-layout":"default","site-content-style":"default","site-sidebar-style":"default","ast-global-header-display":"","ast-banner-title-visibility":"","ast-main-header-display":"","ast-hfb-above-header-display":"","ast-hfb-below-header-display":"","ast-hfb-mobile-header-display":"","site-post-title":"","ast-breadcrumbs-content":"","ast-featured-img":"","footer-sml-layout":"","ast-disable-related-posts":"","theme-transparent-header-meta":"","adv-header-id-meta":"","stick-header-meta":"","header-above-stick-meta":"","header-main-stick-meta":"","header-below-stick-meta":"","astra-migrate-meta-layouts":"default","ast-page-background-enabled":"default","ast-page-background-meta":{"desktop":{"background-color":"var(--ast-global-color-5)","background-image":"","background-repeat":"repeat","background-position":"center center","background-size":"auto","background-attachment":"scroll","background-type":"","background-media":"","overlay-type":"","overlay-color":"","overlay-opacity":"","overlay-gradient":""},"tablet":{"background-color":"","background-image":"","background-repeat":"repeat","background-position":"center center","background-size":"auto","background-attachment":"scroll","background-type":"","background-media":"","overlay-type":"","overlay-color":"","overlay-opacity":"","overlay-gradient":""},"mobile":{"background-color":"","background-image":"","background-repeat":"repeat","background-position":"center center","background-size":"auto","background-attachment":"scroll","background-type":"","background-media":"","overlay-type":"","overlay-color":"","overlay-opacity":"","overlay-gradient":""}},"ast-content-background-meta":{"desktop":{"background-color":"var(--ast-global-color-4)","background-image":"","background-repeat":"repeat","background-position":"center center","background-size":"auto","background-attachment":"scroll","background-type":"","background-media":"","overlay-type":"","overlay-color":"","overlay-opacity":"","overlay-gradient":""},"tablet":{"background-color":"var(--ast-global-color-4)","background-image":"","background-repeat":"repeat","background-position":"center center","background-size":"auto","background-attachment":"scroll","background-type":"","background-media":"","overlay-type":"","overlay-color":"","overlay-opacity":"","overlay-gradient":""},"mobile":{"background-color":"var(--ast-global-color-4)","background-image":"","background-repeat":"repeat","background-position":"center center","background-size":"auto","background-attachment":"scroll","background-type":"","background-media":"","overlay-type":"","overlay-color":"","overlay-opacity":"","overlay-gradient":""}},"footnotes":""},"categories":[208],"tags":[78,63,71],"class_list":["post-14298","post","type-post","status-publish","format-standard","has-post-thumbnail","hentry","category-noticias","tag-aniverario","tag-aspero","tag-viajes-educativos"],"acf":[],"yoast_head":"<!-- This site is optimized with the Yoast SEO plugin v27.3 - https:\/\/yoast.com\/product\/yoast-seo-wordpress\/ -->\n<title>\u00c1spero Raymi 2019: as\u00ed fue la fiesta de la ciudad pesquera de la civilizaci\u00f3n Caral<\/title>\n<meta name=\"description\" content=\"La poblaci\u00f3n de la provincia de Barranca y de diversas partes del pa\u00eds participaron de las actividades culturales gratuitas, organizadas en conmemoraci\u00f3n del inicio de la puesta en valor del sitio arqueol\u00f3gico \u00c1spero, ciudad pesquera de la civilizaci\u00f3n Caral.\" \/>\n<meta name=\"robots\" content=\"index, follow, max-snippet:-1, max-image-preview:large, max-video-preview:-1\" \/>\n<link rel=\"canonical\" href=\"https:\/\/zonacaral.gob.pe\/es\/noticias\/aspero-raymi-2019-asi-fue-la-fiesta-de-la-ciudad-pesquera-de-la-civilizacion-caral\/\" \/>\n<meta property=\"og:locale\" content=\"es_ES\" \/>\n<meta property=\"og:type\" content=\"article\" \/>\n<meta property=\"og:title\" content=\"\u00c1spero Raymi 2019: as\u00ed fue la fiesta de la ciudad pesquera de la civilizaci\u00f3n Caral\" \/>\n<meta property=\"og:description\" content=\"La poblaci\u00f3n de la provincia de Barranca y de diversas partes del pa\u00eds participaron de las actividades culturales gratuitas, organizadas en conmemoraci\u00f3n del inicio de la puesta en valor del sitio arqueol\u00f3gico \u00c1spero, ciudad pesquera de la civilizaci\u00f3n Caral.\" \/>\n<meta property=\"og:url\" content=\"https:\/\/zonacaral.gob.pe\/es\/noticias\/aspero-raymi-2019-asi-fue-la-fiesta-de-la-ciudad-pesquera-de-la-civilizacion-caral\/\" \/>\n<meta property=\"og:site_name\" content=\"Zona Caral\" \/>\n<meta property=\"article:published_time\" content=\"2019-04-30T22:59:20+00:00\" \/>\n<meta property=\"og:image\" content=\"https:\/\/zonacaral.gob.pe\/wp-content\/uploads\/2019\/04\/aspero-14-5.png\" \/>\n\t<meta property=\"og:image:width\" content=\"810\" \/>\n\t<meta property=\"og:image:height\" content=\"410\" \/>\n\t<meta property=\"og:image:type\" content=\"image\/png\" \/>\n<meta name=\"author\" content=\"Zona Caral Administrador\" \/>\n<meta name=\"twitter:card\" content=\"summary_large_image\" \/>\n<meta name=\"twitter:label1\" content=\"Written by\" \/>\n\t<meta name=\"twitter:data1\" content=\"Zona Caral Administrador\" \/>\n\t<meta name=\"twitter:label2\" content=\"Est. reading time\" \/>\n\t<meta name=\"twitter:data2\" content=\"4 minutos\" \/>\n<script type=\"application\/ld+json\" class=\"yoast-schema-graph\">{\"@context\":\"https:\\\/\\\/schema.org\",\"@graph\":[{\"@type\":\"Article\",\"@id\":\"https:\\\/\\\/zonacaral.gob.pe\\\/en\\\/noticias\\\/aspero-raymi-2019-asi-fue-la-fiesta-de-la-ciudad-pesquera-de-la-civilizacion-caral\\\/#article\",\"isPartOf\":{\"@id\":\"https:\\\/\\\/zonacaral.gob.pe\\\/en\\\/noticias\\\/aspero-raymi-2019-asi-fue-la-fiesta-de-la-ciudad-pesquera-de-la-civilizacion-caral\\\/\"},\"author\":{\"name\":\"Zona Caral Administrador\",\"@id\":\"https:\\\/\\\/zonacaral.gob.pe\\\/es\\\/#\\\/schema\\\/person\\\/beddb4d22f71a7230c5b90913270a0ee\"},\"headline\":\"\u00c1spero Raymi 2019: as\u00ed fue la fiesta de la ciudad pesquera de la civilizaci\u00f3n Caral\",\"datePublished\":\"2019-04-30T22:59:20+00:00\",\"mainEntityOfPage\":{\"@id\":\"https:\\\/\\\/zonacaral.gob.pe\\\/en\\\/noticias\\\/aspero-raymi-2019-asi-fue-la-fiesta-de-la-ciudad-pesquera-de-la-civilizacion-caral\\\/\"},\"wordCount\":766,\"image\":{\"@id\":\"https:\\\/\\\/zonacaral.gob.pe\\\/en\\\/noticias\\\/aspero-raymi-2019-asi-fue-la-fiesta-de-la-ciudad-pesquera-de-la-civilizacion-caral\\\/#primaryimage\"},\"thumbnailUrl\":\"https:\\\/\\\/zonacaral.gob.pe\\\/wp-content\\\/uploads\\\/2019\\\/04\\\/aspero-14-5.png\",\"keywords\":[\"aniverario\",\"Aspero\",\"viajes educativos\"],\"articleSection\":[\"noticias\"],\"inLanguage\":\"es-PE\"},{\"@type\":\"WebPage\",\"@id\":\"https:\\\/\\\/zonacaral.gob.pe\\\/en\\\/noticias\\\/aspero-raymi-2019-asi-fue-la-fiesta-de-la-ciudad-pesquera-de-la-civilizacion-caral\\\/\",\"url\":\"https:\\\/\\\/zonacaral.gob.pe\\\/en\\\/noticias\\\/aspero-raymi-2019-asi-fue-la-fiesta-de-la-ciudad-pesquera-de-la-civilizacion-caral\\\/\",\"name\":\"\u00c1spero Raymi 2019: as\u00ed fue la fiesta de la ciudad pesquera de la civilizaci\u00f3n Caral\",\"isPartOf\":{\"@id\":\"https:\\\/\\\/zonacaral.gob.pe\\\/es\\\/#website\"},\"primaryImageOfPage\":{\"@id\":\"https:\\\/\\\/zonacaral.gob.pe\\\/en\\\/noticias\\\/aspero-raymi-2019-asi-fue-la-fiesta-de-la-ciudad-pesquera-de-la-civilizacion-caral\\\/#primaryimage\"},\"image\":{\"@id\":\"https:\\\/\\\/zonacaral.gob.pe\\\/en\\\/noticias\\\/aspero-raymi-2019-asi-fue-la-fiesta-de-la-ciudad-pesquera-de-la-civilizacion-caral\\\/#primaryimage\"},\"thumbnailUrl\":\"https:\\\/\\\/zonacaral.gob.pe\\\/wp-content\\\/uploads\\\/2019\\\/04\\\/aspero-14-5.png\",\"datePublished\":\"2019-04-30T22:59:20+00:00\",\"author\":{\"@id\":\"https:\\\/\\\/zonacaral.gob.pe\\\/es\\\/#\\\/schema\\\/person\\\/beddb4d22f71a7230c5b90913270a0ee\"},\"description\":\"La poblaci\u00f3n de la provincia de Barranca y de diversas partes del pa\u00eds participaron de las actividades culturales gratuitas, organizadas en conmemoraci\u00f3n del inicio de la puesta en valor del sitio arqueol\u00f3gico \u00c1spero, ciudad pesquera de la civilizaci\u00f3n Caral.\",\"breadcrumb\":{\"@id\":\"https:\\\/\\\/zonacaral.gob.pe\\\/en\\\/noticias\\\/aspero-raymi-2019-asi-fue-la-fiesta-de-la-ciudad-pesquera-de-la-civilizacion-caral\\\/#breadcrumb\"},\"inLanguage\":\"es-PE\",\"potentialAction\":[{\"@type\":\"ReadAction\",\"target\":[\"https:\\\/\\\/zonacaral.gob.pe\\\/en\\\/noticias\\\/aspero-raymi-2019-asi-fue-la-fiesta-de-la-ciudad-pesquera-de-la-civilizacion-caral\\\/\"]}]},{\"@type\":\"ImageObject\",\"inLanguage\":\"es-PE\",\"@id\":\"https:\\\/\\\/zonacaral.gob.pe\\\/en\\\/noticias\\\/aspero-raymi-2019-asi-fue-la-fiesta-de-la-ciudad-pesquera-de-la-civilizacion-caral\\\/#primaryimage\",\"url\":\"https:\\\/\\\/zonacaral.gob.pe\\\/wp-content\\\/uploads\\\/2019\\\/04\\\/aspero-14-5.png\",\"contentUrl\":\"https:\\\/\\\/zonacaral.gob.pe\\\/wp-content\\\/uploads\\\/2019\\\/04\\\/aspero-14-5.png\",\"width\":810,\"height\":410},{\"@type\":\"BreadcrumbList\",\"@id\":\"https:\\\/\\\/zonacaral.gob.pe\\\/en\\\/noticias\\\/aspero-raymi-2019-asi-fue-la-fiesta-de-la-ciudad-pesquera-de-la-civilizacion-caral\\\/#breadcrumb\",\"itemListElement\":[{\"@type\":\"ListItem\",\"position\":1,\"name\":\"Portada\",\"item\":\"https:\\\/\\\/zonacaral.gob.pe\\\/\"},{\"@type\":\"ListItem\",\"position\":2,\"name\":\"\u00c1spero Raymi 2019: as\u00ed fue la fiesta de la ciudad pesquera de la civilizaci\u00f3n Caral\"}]},{\"@type\":\"WebSite\",\"@id\":\"https:\\\/\\\/zonacaral.gob.pe\\\/es\\\/#website\",\"url\":\"https:\\\/\\\/zonacaral.gob.pe\\\/es\\\/\",\"name\":\"Zona Caral\",\"description\":\"Investigamos, conservamos y difundimos el patrimonio cultural de la Civilizaci\u00f3n Caral, la m\u00e1s antigua de Am\u00e9rica.\",\"potentialAction\":[{\"@type\":\"SearchAction\",\"target\":{\"@type\":\"EntryPoint\",\"urlTemplate\":\"https:\\\/\\\/zonacaral.gob.pe\\\/es\\\/?s={search_term_string}\"},\"query-input\":{\"@type\":\"PropertyValueSpecification\",\"valueRequired\":true,\"valueName\":\"search_term_string\"}}],\"inLanguage\":\"es-PE\"},{\"@type\":\"Person\",\"@id\":\"https:\\\/\\\/zonacaral.gob.pe\\\/es\\\/#\\\/schema\\\/person\\\/beddb4d22f71a7230c5b90913270a0ee\",\"name\":\"Zona Caral Administrador\",\"image\":{\"@type\":\"ImageObject\",\"inLanguage\":\"es-PE\",\"@id\":\"https:\\\/\\\/secure.gravatar.com\\\/avatar\\\/e4be162918a696358376de6446614e0f0f4062bdc5d170d6d540ada3d8b58c12?s=96&d=mm&r=g\",\"url\":\"https:\\\/\\\/secure.gravatar.com\\\/avatar\\\/e4be162918a696358376de6446614e0f0f4062bdc5d170d6d540ada3d8b58c12?s=96&d=mm&r=g\",\"contentUrl\":\"https:\\\/\\\/secure.gravatar.com\\\/avatar\\\/e4be162918a696358376de6446614e0f0f4062bdc5d170d6d540ada3d8b58c12?s=96&d=mm&r=g\",\"caption\":\"Zona Caral Administrador\"},\"sameAs\":[\"https:\\\/\\\/zonacaral.gob.pe\"],\"url\":\"https:\\\/\\\/zonacaral.gob.pe\\\/es\\\/noticias\\\/author\\\/ad_zonacaral\\\/\"}]}<\/script>\n<!-- \/ Yoast SEO plugin. -->","yoast_head_json":{"title":"\u00c1spero Raymi 2019: as\u00ed fue la fiesta de la ciudad pesquera de la civilizaci\u00f3n Caral","description":"La poblaci\u00f3n de la provincia de Barranca y de diversas partes del pa\u00eds participaron de las actividades culturales gratuitas, organizadas en conmemoraci\u00f3n del inicio de la puesta en valor del sitio arqueol\u00f3gico \u00c1spero, ciudad pesquera de la civilizaci\u00f3n Caral.","robots":{"index":"index","follow":"follow","max-snippet":"max-snippet:-1","max-image-preview":"max-image-preview:large","max-video-preview":"max-video-preview:-1"},"canonical":"https:\/\/zonacaral.gob.pe\/es\/noticias\/aspero-raymi-2019-asi-fue-la-fiesta-de-la-ciudad-pesquera-de-la-civilizacion-caral\/","og_locale":"es_ES","og_type":"article","og_title":"\u00c1spero Raymi 2019: as\u00ed fue la fiesta de la ciudad pesquera de la civilizaci\u00f3n Caral","og_description":"La poblaci\u00f3n de la provincia de Barranca y de diversas partes del pa\u00eds participaron de las actividades culturales gratuitas, organizadas en conmemoraci\u00f3n del inicio de la puesta en valor del sitio arqueol\u00f3gico \u00c1spero, ciudad pesquera de la civilizaci\u00f3n Caral.","og_url":"https:\/\/zonacaral.gob.pe\/es\/noticias\/aspero-raymi-2019-asi-fue-la-fiesta-de-la-ciudad-pesquera-de-la-civilizacion-caral\/","og_site_name":"Zona Caral","article_published_time":"2019-04-30T22:59:20+00:00","og_image":[{"width":810,"height":410,"url":"https:\/\/zonacaral.gob.pe\/wp-content\/uploads\/2019\/04\/aspero-14-5.png","type":"image\/png"}],"author":"Zona Caral Administrador","twitter_card":"summary_large_image","twitter_misc":{"Written by":"Zona Caral Administrador","Est. reading time":"4 minutos"},"schema":{"@context":"https:\/\/schema.org","@graph":[{"@type":"Article","@id":"https:\/\/zonacaral.gob.pe\/en\/noticias\/aspero-raymi-2019-asi-fue-la-fiesta-de-la-ciudad-pesquera-de-la-civilizacion-caral\/#article","isPartOf":{"@id":"https:\/\/zonacaral.gob.pe\/en\/noticias\/aspero-raymi-2019-asi-fue-la-fiesta-de-la-ciudad-pesquera-de-la-civilizacion-caral\/"},"author":{"name":"Zona Caral Administrador","@id":"https:\/\/zonacaral.gob.pe\/es\/#\/schema\/person\/beddb4d22f71a7230c5b90913270a0ee"},"headline":"\u00c1spero Raymi 2019: as\u00ed fue la fiesta de la ciudad pesquera de la civilizaci\u00f3n Caral","datePublished":"2019-04-30T22:59:20+00:00","mainEntityOfPage":{"@id":"https:\/\/zonacaral.gob.pe\/en\/noticias\/aspero-raymi-2019-asi-fue-la-fiesta-de-la-ciudad-pesquera-de-la-civilizacion-caral\/"},"wordCount":766,"image":{"@id":"https:\/\/zonacaral.gob.pe\/en\/noticias\/aspero-raymi-2019-asi-fue-la-fiesta-de-la-ciudad-pesquera-de-la-civilizacion-caral\/#primaryimage"},"thumbnailUrl":"https:\/\/zonacaral.gob.pe\/wp-content\/uploads\/2019\/04\/aspero-14-5.png","keywords":["aniverario","Aspero","viajes educativos"],"articleSection":["noticias"],"inLanguage":"es-PE"},{"@type":"WebPage","@id":"https:\/\/zonacaral.gob.pe\/en\/noticias\/aspero-raymi-2019-asi-fue-la-fiesta-de-la-ciudad-pesquera-de-la-civilizacion-caral\/","url":"https:\/\/zonacaral.gob.pe\/en\/noticias\/aspero-raymi-2019-asi-fue-la-fiesta-de-la-ciudad-pesquera-de-la-civilizacion-caral\/","name":"\u00c1spero Raymi 2019: as\u00ed fue la fiesta de la ciudad pesquera de la civilizaci\u00f3n Caral","isPartOf":{"@id":"https:\/\/zonacaral.gob.pe\/es\/#website"},"primaryImageOfPage":{"@id":"https:\/\/zonacaral.gob.pe\/en\/noticias\/aspero-raymi-2019-asi-fue-la-fiesta-de-la-ciudad-pesquera-de-la-civilizacion-caral\/#primaryimage"},"image":{"@id":"https:\/\/zonacaral.gob.pe\/en\/noticias\/aspero-raymi-2019-asi-fue-la-fiesta-de-la-ciudad-pesquera-de-la-civilizacion-caral\/#primaryimage"},"thumbnailUrl":"https:\/\/zonacaral.gob.pe\/wp-content\/uploads\/2019\/04\/aspero-14-5.png","datePublished":"2019-04-30T22:59:20+00:00","author":{"@id":"https:\/\/zonacaral.gob.pe\/es\/#\/schema\/person\/beddb4d22f71a7230c5b90913270a0ee"},"description":"La poblaci\u00f3n de la provincia de Barranca y de diversas partes del pa\u00eds participaron de las actividades culturales gratuitas, organizadas en conmemoraci\u00f3n del inicio de la puesta en valor del sitio arqueol\u00f3gico \u00c1spero, ciudad pesquera de la civilizaci\u00f3n Caral.","breadcrumb":{"@id":"https:\/\/zonacaral.gob.pe\/en\/noticias\/aspero-raymi-2019-asi-fue-la-fiesta-de-la-ciudad-pesquera-de-la-civilizacion-caral\/#breadcrumb"},"inLanguage":"es-PE","potentialAction":[{"@type":"ReadAction","target":["https:\/\/zonacaral.gob.pe\/en\/noticias\/aspero-raymi-2019-asi-fue-la-fiesta-de-la-ciudad-pesquera-de-la-civilizacion-caral\/"]}]},{"@type":"ImageObject","inLanguage":"es-PE","@id":"https:\/\/zonacaral.gob.pe\/en\/noticias\/aspero-raymi-2019-asi-fue-la-fiesta-de-la-ciudad-pesquera-de-la-civilizacion-caral\/#primaryimage","url":"https:\/\/zonacaral.gob.pe\/wp-content\/uploads\/2019\/04\/aspero-14-5.png","contentUrl":"https:\/\/zonacaral.gob.pe\/wp-content\/uploads\/2019\/04\/aspero-14-5.png","width":810,"height":410},{"@type":"BreadcrumbList","@id":"https:\/\/zonacaral.gob.pe\/en\/noticias\/aspero-raymi-2019-asi-fue-la-fiesta-de-la-ciudad-pesquera-de-la-civilizacion-caral\/#breadcrumb","itemListElement":[{"@type":"ListItem","position":1,"name":"Portada","item":"https:\/\/zonacaral.gob.pe\/"},{"@type":"ListItem","position":2,"name":"\u00c1spero Raymi 2019: as\u00ed fue la fiesta de la ciudad pesquera de la civilizaci\u00f3n Caral"}]},{"@type":"WebSite","@id":"https:\/\/zonacaral.gob.pe\/es\/#website","url":"https:\/\/zonacaral.gob.pe\/es\/","name":"Zona Caral","description":"Investigamos, conservamos y difundimos el patrimonio cultural de la Civilizaci\u00f3n Caral, la m\u00e1s antigua de Am\u00e9rica.","potentialAction":[{"@type":"SearchAction","target":{"@type":"EntryPoint","urlTemplate":"https:\/\/zonacaral.gob.pe\/es\/?s={search_term_string}"},"query-input":{"@type":"PropertyValueSpecification","valueRequired":true,"valueName":"search_term_string"}}],"inLanguage":"es-PE"},{"@type":"Person","@id":"https:\/\/zonacaral.gob.pe\/es\/#\/schema\/person\/beddb4d22f71a7230c5b90913270a0ee","name":"Zona Caral Administrador","image":{"@type":"ImageObject","inLanguage":"es-PE","@id":"https:\/\/secure.gravatar.com\/avatar\/e4be162918a696358376de6446614e0f0f4062bdc5d170d6d540ada3d8b58c12?s=96&d=mm&r=g","url":"https:\/\/secure.gravatar.com\/avatar\/e4be162918a696358376de6446614e0f0f4062bdc5d170d6d540ada3d8b58c12?s=96&d=mm&r=g","contentUrl":"https:\/\/secure.gravatar.com\/avatar\/e4be162918a696358376de6446614e0f0f4062bdc5d170d6d540ada3d8b58c12?s=96&d=mm&r=g","caption":"Zona Caral Administrador"},"sameAs":["https:\/\/zonacaral.gob.pe"],"url":"https:\/\/zonacaral.gob.pe\/es\/noticias\/author\/ad_zonacaral\/"}]}},"_links":{"self":[{"href":"https:\/\/zonacaral.gob.pe\/es\/wp-json\/wp\/v2\/posts\/14298","targetHints":{"allow":["GET"]}}],"collection":[{"href":"https:\/\/zonacaral.gob.pe\/es\/wp-json\/wp\/v2\/posts"}],"about":[{"href":"https:\/\/zonacaral.gob.pe\/es\/wp-json\/wp\/v2\/types\/post"}],"author":[{"embeddable":true,"href":"https:\/\/zonacaral.gob.pe\/es\/wp-json\/wp\/v2\/users\/1"}],"replies":[{"embeddable":true,"href":"https:\/\/zonacaral.gob.pe\/es\/wp-json\/wp\/v2\/comments?post=14298"}],"version-history":[{"count":0,"href":"https:\/\/zonacaral.gob.pe\/es\/wp-json\/wp\/v2\/posts\/14298\/revisions"}],"wp:featuredmedia":[{"embeddable":true,"href":"https:\/\/zonacaral.gob.pe\/es\/wp-json\/wp\/v2\/media\/14303"}],"wp:attachment":[{"href":"https:\/\/zonacaral.gob.pe\/es\/wp-json\/wp\/v2\/media?parent=14298"}],"wp:term":[{"taxonomy":"category","embeddable":true,"href":"https:\/\/zonacaral.gob.pe\/es\/wp-json\/wp\/v2\/categories?post=14298"},{"taxonomy":"post_tag","embeddable":true,"href":"https:\/\/zonacaral.gob.pe\/es\/wp-json\/wp\/v2\/tags?post=14298"}],"curies":[{"name":"wp","href":"https:\/\/api.w.org\/{rel}","templated":true}]}}