{"id":14308,"date":"2019-05-02T09:19:39","date_gmt":"2019-05-02T14:19:39","guid":{"rendered":"http:\/\/www.zonacaral.gob.pe\/?p=14308"},"modified":"2019-05-02T09:19:39","modified_gmt":"2019-05-02T14:19:39","slug":"escolares-de-barranca-participaron-en-gran-corso-y-pasacalle-ecologico-en-supe-puerto","status":"publish","type":"post","link":"https:\/\/zonacaral.gob.pe\/es\/noticias\/escolares-de-barranca-participaron-en-gran-corso-y-pasacalle-ecologico-en-supe-puerto\/","title":{"rendered":"Escolares de Barranca participaron en gran corso y pasacalle ecol\u00f3gico en Supe Puerto"},"content":{"rendered":"<figure class=\"pic-autor\" style=\"color: #4d4d4d; text-align: justify;\"><\/figure>\n<blockquote>\n<p style=\"text-align: justify;\">El pasacalle, en su quinta edici\u00f3n, entreg\u00f3 diversos premios a los colegios que m\u00e1s resaltaron en su presentaci\u00f3n.<\/p>\n<\/blockquote>\n<p style=\"text-align: justify;\">Con el objetivo de concientizar a la poblaci\u00f3n sobre la cultura del reciclaje, decenas de estudiantes de los colegios de Supe Puerto, Supe y Barranca, participaron en el V Gran Corso y Pasacalle Escolar, denominado, <strong>\u201cRevalorando Nuestro Pasado Milenario\u201d<\/strong>, organizado por la Zona Arqueol\u00f3gica Caral (ZAC), unidad ejecutora del Ministerio de Cultura, el viernes 26, en la Plaza Grau del distrito de Supe Puerto.<\/p>\n<p style=\"text-align: justify;\">La actividad, organizada por el 14 aniversario del inicio de la puesta en valor del sitio arqueol\u00f3gico \u00c1spero, ciudad pesquera de la civilizaci\u00f3n Caral, fue encabezada por la doctora Ruth Shady Sol\u00eds, Directora de la ZAC, acompa\u00f1ada de las autoridades locales, y cont\u00f3 con la participaci\u00f3n de la poblaci\u00f3n, en general, y visitantes, provenientes de diferentes lugares del pa\u00eds.<\/p>\n<p style=\"text-align: justify;\">El corso y pasacalle, tuvo como temas principales la trascendencia cultural de la civilizaci\u00f3n Caral y el llamado al cuidado del medio ambiente. Por ello, los participantes vistieron prendas hechas de materiales reciclados, como papel peri\u00f3dico y bolsas de pl\u00e1stico, confeccionados por ellos mismos, con dise\u00f1os de las diferentes culturas peruanas.<\/p>\n<p style=\"text-align: justify;\">Desde hace aproximadamente un mes, los estudiantes del nivel inicial, primaria y secundaria, asesorados por sus padres y profesores, elaboraron sus vestimentas, pancartas, maquetas, para representar a los antiguos pobladores de \u00c1spero, quienes, en su mayor\u00eda, se habr\u00edan dedicado a la producci\u00f3n pesquera, para su alimentaci\u00f3n e intercambiar sus productos con otras ciudades, hace 5000 a\u00f1os.<\/p>\n<p style=\"text-align: justify;\">Lo resaltante fue la representaci\u00f3n de la Dama de los Cuatro Tupus, del se\u00f1or de Caral, de los pescadores, la igualdad de g\u00e9nero, acompa\u00f1ados de autoridades y pobladores de las culturas preincas Chav\u00edn, Wari y Mochica. Asimismo, mostraron representaciones de los objetos recuperados en las excavaciones arqueol\u00f3gicas, cuyas caracter\u00edsticas fueron incorporadas a la tradici\u00f3n cultural de otras sociedades y se mantuvieron vigentes durante muchos siglos, como el quipu, y el dise\u00f1o y complejidad de las construcciones de Caral.<\/p>\n<p style=\"text-align: justify;\">Todo este esfuerzo tuvo como objetivo la identificaci\u00f3n de la poblaci\u00f3n con su riqueza cultural y, a trav\u00e9s de mensajes del cuidado de medio ambiente, pedir el respeto y cuidado de nuestro mar.<\/p>\n<h4 style=\"text-align: justify;\">DATO<\/h4>\n<p style=\"text-align: justify;\">Cabe resaltar que un mes antes, el jefe de la sede \u00c1spero, David Palomino, y los arque\u00f3logos, Miguel Valqui, Daniel Mayta y Jos\u00e9 Mar\u00eda Alva, visitaron los centros educativos que participaron para brindar a los alumnos, profesores y padres de familia clases especiales sobre la civilizaci\u00f3n Caral y su trascendencia cultural, para que puedan elaborar sus trajes y construir sus maquetas.<\/p>\n<p style=\"text-align: justify;\">Hace 14 a\u00f1os, la ZAC trabaja en la investigaci\u00f3n, conservaci\u00f3n y difusi\u00f3n de \u00c1spero, ubicado a la altura del kil\u00f3metro 191 de la Panamericana Norte. Atiende al p\u00fablico, durante todo el a\u00f1o, de 9:00 a.m. a 4:00 p.m., de lunes a viernes, y de 9:00 a.m. a 6:00 p.m., los s\u00e1bados y domingos (incluyendo feriados).<\/p>\n<p style=\"text-align: justify;\">Conoce \u00c1spero, Vichama y la Ciudad Sagrada de Caral con el programa de difusi\u00f3n del patrimonio cultural Viajes Educativos que organiza la Zona Arqueol\u00f3gica Caral (ZAC). Inf\u00f3rmate en: 205 2517 \/ 955 881 340 o enviar un correo a: <a href=\"\/viajeseducativos@zonacaral.gob.pe\">viajeseducativos@zonacaral.gob.pe<\/a>.<\/p>\n<p><iframe src=\"https:\/\/www.youtube.com\/embed\/o-Xn0f49O9w\" width=\"560\" height=\"400\" frameborder=\"0\" allowfullscreen=\"allowfullscreen\"><\/iframe><\/p>\n<p style=\"text-align: justify;\"><span style=\"color: #993300;\"><strong>Fuente<\/strong><strong>: Prensa ZAC<\/strong><\/span><\/p>\n<div style=\"color: #1f1f1f;\">\n<p style=\"text-align: justify;\">Fecha de publicaci\u00f3n: 30\/04\/2019<\/p>\n<\/div>\n","protected":false},"excerpt":{"rendered":"<p>El pasacalle, en su quinta edici\u00f3n, entreg\u00f3 diversos premios a los colegios que m\u00e1s resaltaron en su presentaci\u00f3n. Con el [&hellip;]<\/p>\n","protected":false},"author":1,"featured_media":14299,"comment_status":"closed","ping_status":"open","sticky":false,"template":"","format":"standard","meta":{"_acf_changed":false,"site-sidebar-layout":"default","site-content-layout":"","ast-site-content-layout":"default","site-content-style":"default","site-sidebar-style":"default","ast-global-header-display":"","ast-banner-title-visibility":"","ast-main-header-display":"","ast-hfb-above-header-display":"","ast-hfb-below-header-display":"","ast-hfb-mobile-header-display":"","site-post-title":"","ast-breadcrumbs-content":"","ast-featured-img":"","footer-sml-layout":"","ast-disable-related-posts":"","theme-transparent-header-meta":"","adv-header-id-meta":"","stick-header-meta":"","header-above-stick-meta":"","header-main-stick-meta":"","header-below-stick-meta":"","astra-migrate-meta-layouts":"default","ast-page-background-enabled":"default","ast-page-background-meta":{"desktop":{"background-color":"var(--ast-global-color-5)","background-image":"","background-repeat":"repeat","background-position":"center center","background-size":"auto","background-attachment":"scroll","background-type":"","background-media":"","overlay-type":"","overlay-color":"","overlay-opacity":"","overlay-gradient":""},"tablet":{"background-color":"","background-image":"","background-repeat":"repeat","background-position":"center center","background-size":"auto","background-attachment":"scroll","background-type":"","background-media":"","overlay-type":"","overlay-color":"","overlay-opacity":"","overlay-gradient":""},"mobile":{"background-color":"","background-image":"","background-repeat":"repeat","background-position":"center center","background-size":"auto","background-attachment":"scroll","background-type":"","background-media":"","overlay-type":"","overlay-color":"","overlay-opacity":"","overlay-gradient":""}},"ast-content-background-meta":{"desktop":{"background-color":"var(--ast-global-color-4)","background-image":"","background-repeat":"repeat","background-position":"center center","background-size":"auto","background-attachment":"scroll","background-type":"","background-media":"","overlay-type":"","overlay-color":"","overlay-opacity":"","overlay-gradient":""},"tablet":{"background-color":"var(--ast-global-color-4)","background-image":"","background-repeat":"repeat","background-position":"center center","background-size":"auto","background-attachment":"scroll","background-type":"","background-media":"","overlay-type":"","overlay-color":"","overlay-opacity":"","overlay-gradient":""},"mobile":{"background-color":"var(--ast-global-color-4)","background-image":"","background-repeat":"repeat","background-position":"center center","background-size":"auto","background-attachment":"scroll","background-type":"","background-media":"","overlay-type":"","overlay-color":"","overlay-opacity":"","overlay-gradient":""}},"footnotes":""},"categories":[208],"tags":[78,63,82],"class_list":["post-14308","post","type-post","status-publish","format-standard","has-post-thumbnail","hentry","category-noticias","tag-aniverario","tag-aspero","tag-ruth-shady"],"acf":[],"yoast_head":"<!-- This site is optimized with the Yoast SEO plugin v27.3 - https:\/\/yoast.com\/product\/yoast-seo-wordpress\/ -->\n<title>Escolares de Barranca participaron en gran corso y pasacalle ecol\u00f3gico en Supe Puerto<\/title>\n<meta name=\"description\" content=\"El pasacalle, en su quinta edici\u00f3n, entreg\u00f3 diversos premios a los colegios que m\u00e1s resaltaron en su presentaci\u00f3n.\" \/>\n<meta name=\"robots\" content=\"index, follow, max-snippet:-1, max-image-preview:large, max-video-preview:-1\" \/>\n<link rel=\"canonical\" href=\"https:\/\/zonacaral.gob.pe\/es\/noticias\/escolares-de-barranca-participaron-en-gran-corso-y-pasacalle-ecologico-en-supe-puerto\/\" \/>\n<meta property=\"og:locale\" content=\"es_ES\" \/>\n<meta property=\"og:type\" content=\"article\" \/>\n<meta property=\"og:title\" content=\"Escolares de Barranca participaron en gran corso y pasacalle ecol\u00f3gico en Supe Puerto\" \/>\n<meta property=\"og:description\" content=\"El pasacalle, en su quinta edici\u00f3n, entreg\u00f3 diversos premios a los colegios que m\u00e1s resaltaron en su presentaci\u00f3n.\" \/>\n<meta property=\"og:url\" content=\"https:\/\/zonacaral.gob.pe\/es\/noticias\/escolares-de-barranca-participaron-en-gran-corso-y-pasacalle-ecologico-en-supe-puerto\/\" \/>\n<meta property=\"og:site_name\" content=\"Zona Caral\" \/>\n<meta property=\"article:published_time\" content=\"2019-05-02T14:19:39+00:00\" \/>\n<meta property=\"og:image\" content=\"https:\/\/zonacaral.gob.pe\/wp-content\/uploads\/2019\/04\/aspero-14-1.png\" \/>\n\t<meta property=\"og:image:width\" content=\"810\" \/>\n\t<meta property=\"og:image:height\" content=\"410\" \/>\n\t<meta property=\"og:image:type\" content=\"image\/png\" \/>\n<meta name=\"author\" content=\"Zona Caral Administrador\" \/>\n<meta name=\"twitter:card\" content=\"summary_large_image\" \/>\n<meta name=\"twitter:label1\" content=\"Written by\" \/>\n\t<meta name=\"twitter:data1\" content=\"Zona Caral Administrador\" \/>\n\t<meta name=\"twitter:label2\" content=\"Est. reading time\" \/>\n\t<meta name=\"twitter:data2\" content=\"3 minutos\" \/>\n<script type=\"application\/ld+json\" class=\"yoast-schema-graph\">{\"@context\":\"https:\\\/\\\/schema.org\",\"@graph\":[{\"@type\":\"Article\",\"@id\":\"https:\\\/\\\/zonacaral.gob.pe\\\/es\\\/noticias\\\/escolares-de-barranca-participaron-en-gran-corso-y-pasacalle-ecologico-en-supe-puerto\\\/#article\",\"isPartOf\":{\"@id\":\"https:\\\/\\\/zonacaral.gob.pe\\\/es\\\/noticias\\\/escolares-de-barranca-participaron-en-gran-corso-y-pasacalle-ecologico-en-supe-puerto\\\/\"},\"author\":{\"name\":\"Zona Caral Administrador\",\"@id\":\"https:\\\/\\\/zonacaral.gob.pe\\\/es\\\/#\\\/schema\\\/person\\\/beddb4d22f71a7230c5b90913270a0ee\"},\"headline\":\"Escolares de Barranca participaron en gran corso y pasacalle ecol\u00f3gico en Supe Puerto\",\"datePublished\":\"2019-05-02T14:19:39+00:00\",\"mainEntityOfPage\":{\"@id\":\"https:\\\/\\\/zonacaral.gob.pe\\\/es\\\/noticias\\\/escolares-de-barranca-participaron-en-gran-corso-y-pasacalle-ecologico-en-supe-puerto\\\/\"},\"wordCount\":576,\"image\":{\"@id\":\"https:\\\/\\\/zonacaral.gob.pe\\\/es\\\/noticias\\\/escolares-de-barranca-participaron-en-gran-corso-y-pasacalle-ecologico-en-supe-puerto\\\/#primaryimage\"},\"thumbnailUrl\":\"https:\\\/\\\/zonacaral.gob.pe\\\/wp-content\\\/uploads\\\/2019\\\/04\\\/aspero-14-1.png\",\"keywords\":[\"aniverario\",\"Aspero\",\"Ruth Shady\"],\"articleSection\":[\"noticias\"],\"inLanguage\":\"es-PE\"},{\"@type\":\"WebPage\",\"@id\":\"https:\\\/\\\/zonacaral.gob.pe\\\/es\\\/noticias\\\/escolares-de-barranca-participaron-en-gran-corso-y-pasacalle-ecologico-en-supe-puerto\\\/\",\"url\":\"https:\\\/\\\/zonacaral.gob.pe\\\/es\\\/noticias\\\/escolares-de-barranca-participaron-en-gran-corso-y-pasacalle-ecologico-en-supe-puerto\\\/\",\"name\":\"Escolares de Barranca participaron en gran corso y pasacalle ecol\u00f3gico en Supe Puerto\",\"isPartOf\":{\"@id\":\"https:\\\/\\\/zonacaral.gob.pe\\\/es\\\/#website\"},\"primaryImageOfPage\":{\"@id\":\"https:\\\/\\\/zonacaral.gob.pe\\\/es\\\/noticias\\\/escolares-de-barranca-participaron-en-gran-corso-y-pasacalle-ecologico-en-supe-puerto\\\/#primaryimage\"},\"image\":{\"@id\":\"https:\\\/\\\/zonacaral.gob.pe\\\/es\\\/noticias\\\/escolares-de-barranca-participaron-en-gran-corso-y-pasacalle-ecologico-en-supe-puerto\\\/#primaryimage\"},\"thumbnailUrl\":\"https:\\\/\\\/zonacaral.gob.pe\\\/wp-content\\\/uploads\\\/2019\\\/04\\\/aspero-14-1.png\",\"datePublished\":\"2019-05-02T14:19:39+00:00\",\"author\":{\"@id\":\"https:\\\/\\\/zonacaral.gob.pe\\\/es\\\/#\\\/schema\\\/person\\\/beddb4d22f71a7230c5b90913270a0ee\"},\"description\":\"El pasacalle, en su quinta edici\u00f3n, entreg\u00f3 diversos premios a los colegios que m\u00e1s resaltaron en su presentaci\u00f3n.\",\"breadcrumb\":{\"@id\":\"https:\\\/\\\/zonacaral.gob.pe\\\/es\\\/noticias\\\/escolares-de-barranca-participaron-en-gran-corso-y-pasacalle-ecologico-en-supe-puerto\\\/#breadcrumb\"},\"inLanguage\":\"es-PE\",\"potentialAction\":[{\"@type\":\"ReadAction\",\"target\":[\"https:\\\/\\\/zonacaral.gob.pe\\\/es\\\/noticias\\\/escolares-de-barranca-participaron-en-gran-corso-y-pasacalle-ecologico-en-supe-puerto\\\/\"]}]},{\"@type\":\"ImageObject\",\"inLanguage\":\"es-PE\",\"@id\":\"https:\\\/\\\/zonacaral.gob.pe\\\/es\\\/noticias\\\/escolares-de-barranca-participaron-en-gran-corso-y-pasacalle-ecologico-en-supe-puerto\\\/#primaryimage\",\"url\":\"https:\\\/\\\/zonacaral.gob.pe\\\/wp-content\\\/uploads\\\/2019\\\/04\\\/aspero-14-1.png\",\"contentUrl\":\"https:\\\/\\\/zonacaral.gob.pe\\\/wp-content\\\/uploads\\\/2019\\\/04\\\/aspero-14-1.png\",\"width\":810,\"height\":410},{\"@type\":\"BreadcrumbList\",\"@id\":\"https:\\\/\\\/zonacaral.gob.pe\\\/es\\\/noticias\\\/escolares-de-barranca-participaron-en-gran-corso-y-pasacalle-ecologico-en-supe-puerto\\\/#breadcrumb\",\"itemListElement\":[{\"@type\":\"ListItem\",\"position\":1,\"name\":\"Portada\",\"item\":\"https:\\\/\\\/zonacaral.gob.pe\\\/\"},{\"@type\":\"ListItem\",\"position\":2,\"name\":\"Escolares de Barranca participaron en gran corso y pasacalle ecol\u00f3gico en Supe Puerto\"}]},{\"@type\":\"WebSite\",\"@id\":\"https:\\\/\\\/zonacaral.gob.pe\\\/es\\\/#website\",\"url\":\"https:\\\/\\\/zonacaral.gob.pe\\\/es\\\/\",\"name\":\"Zona Caral\",\"description\":\"Investigamos, conservamos y difundimos el patrimonio cultural de la Civilizaci\u00f3n Caral, la m\u00e1s antigua de Am\u00e9rica.\",\"potentialAction\":[{\"@type\":\"SearchAction\",\"target\":{\"@type\":\"EntryPoint\",\"urlTemplate\":\"https:\\\/\\\/zonacaral.gob.pe\\\/es\\\/?s={search_term_string}\"},\"query-input\":{\"@type\":\"PropertyValueSpecification\",\"valueRequired\":true,\"valueName\":\"search_term_string\"}}],\"inLanguage\":\"es-PE\"},{\"@type\":\"Person\",\"@id\":\"https:\\\/\\\/zonacaral.gob.pe\\\/es\\\/#\\\/schema\\\/person\\\/beddb4d22f71a7230c5b90913270a0ee\",\"name\":\"Zona Caral Administrador\",\"image\":{\"@type\":\"ImageObject\",\"inLanguage\":\"es-PE\",\"@id\":\"https:\\\/\\\/secure.gravatar.com\\\/avatar\\\/e4be162918a696358376de6446614e0f0f4062bdc5d170d6d540ada3d8b58c12?s=96&d=mm&r=g\",\"url\":\"https:\\\/\\\/secure.gravatar.com\\\/avatar\\\/e4be162918a696358376de6446614e0f0f4062bdc5d170d6d540ada3d8b58c12?s=96&d=mm&r=g\",\"contentUrl\":\"https:\\\/\\\/secure.gravatar.com\\\/avatar\\\/e4be162918a696358376de6446614e0f0f4062bdc5d170d6d540ada3d8b58c12?s=96&d=mm&r=g\",\"caption\":\"Zona Caral Administrador\"},\"sameAs\":[\"https:\\\/\\\/zonacaral.gob.pe\"],\"url\":\"https:\\\/\\\/zonacaral.gob.pe\\\/es\\\/noticias\\\/author\\\/ad_zonacaral\\\/\"}]}<\/script>\n<!-- \/ Yoast SEO plugin. -->","yoast_head_json":{"title":"Escolares de Barranca participaron en gran corso y pasacalle ecol\u00f3gico en Supe Puerto","description":"El pasacalle, en su quinta edici\u00f3n, entreg\u00f3 diversos premios a los colegios que m\u00e1s resaltaron en su presentaci\u00f3n.","robots":{"index":"index","follow":"follow","max-snippet":"max-snippet:-1","max-image-preview":"max-image-preview:large","max-video-preview":"max-video-preview:-1"},"canonical":"https:\/\/zonacaral.gob.pe\/es\/noticias\/escolares-de-barranca-participaron-en-gran-corso-y-pasacalle-ecologico-en-supe-puerto\/","og_locale":"es_ES","og_type":"article","og_title":"Escolares de Barranca participaron en gran corso y pasacalle ecol\u00f3gico en Supe Puerto","og_description":"El pasacalle, en su quinta edici\u00f3n, entreg\u00f3 diversos premios a los colegios que m\u00e1s resaltaron en su presentaci\u00f3n.","og_url":"https:\/\/zonacaral.gob.pe\/es\/noticias\/escolares-de-barranca-participaron-en-gran-corso-y-pasacalle-ecologico-en-supe-puerto\/","og_site_name":"Zona Caral","article_published_time":"2019-05-02T14:19:39+00:00","og_image":[{"width":810,"height":410,"url":"https:\/\/zonacaral.gob.pe\/wp-content\/uploads\/2019\/04\/aspero-14-1.png","type":"image\/png"}],"author":"Zona Caral Administrador","twitter_card":"summary_large_image","twitter_misc":{"Written by":"Zona Caral Administrador","Est. reading time":"3 minutos"},"schema":{"@context":"https:\/\/schema.org","@graph":[{"@type":"Article","@id":"https:\/\/zonacaral.gob.pe\/es\/noticias\/escolares-de-barranca-participaron-en-gran-corso-y-pasacalle-ecologico-en-supe-puerto\/#article","isPartOf":{"@id":"https:\/\/zonacaral.gob.pe\/es\/noticias\/escolares-de-barranca-participaron-en-gran-corso-y-pasacalle-ecologico-en-supe-puerto\/"},"author":{"name":"Zona Caral Administrador","@id":"https:\/\/zonacaral.gob.pe\/es\/#\/schema\/person\/beddb4d22f71a7230c5b90913270a0ee"},"headline":"Escolares de Barranca participaron en gran corso y pasacalle ecol\u00f3gico en Supe Puerto","datePublished":"2019-05-02T14:19:39+00:00","mainEntityOfPage":{"@id":"https:\/\/zonacaral.gob.pe\/es\/noticias\/escolares-de-barranca-participaron-en-gran-corso-y-pasacalle-ecologico-en-supe-puerto\/"},"wordCount":576,"image":{"@id":"https:\/\/zonacaral.gob.pe\/es\/noticias\/escolares-de-barranca-participaron-en-gran-corso-y-pasacalle-ecologico-en-supe-puerto\/#primaryimage"},"thumbnailUrl":"https:\/\/zonacaral.gob.pe\/wp-content\/uploads\/2019\/04\/aspero-14-1.png","keywords":["aniverario","Aspero","Ruth Shady"],"articleSection":["noticias"],"inLanguage":"es-PE"},{"@type":"WebPage","@id":"https:\/\/zonacaral.gob.pe\/es\/noticias\/escolares-de-barranca-participaron-en-gran-corso-y-pasacalle-ecologico-en-supe-puerto\/","url":"https:\/\/zonacaral.gob.pe\/es\/noticias\/escolares-de-barranca-participaron-en-gran-corso-y-pasacalle-ecologico-en-supe-puerto\/","name":"Escolares de Barranca participaron en gran corso y pasacalle ecol\u00f3gico en Supe Puerto","isPartOf":{"@id":"https:\/\/zonacaral.gob.pe\/es\/#website"},"primaryImageOfPage":{"@id":"https:\/\/zonacaral.gob.pe\/es\/noticias\/escolares-de-barranca-participaron-en-gran-corso-y-pasacalle-ecologico-en-supe-puerto\/#primaryimage"},"image":{"@id":"https:\/\/zonacaral.gob.pe\/es\/noticias\/escolares-de-barranca-participaron-en-gran-corso-y-pasacalle-ecologico-en-supe-puerto\/#primaryimage"},"thumbnailUrl":"https:\/\/zonacaral.gob.pe\/wp-content\/uploads\/2019\/04\/aspero-14-1.png","datePublished":"2019-05-02T14:19:39+00:00","author":{"@id":"https:\/\/zonacaral.gob.pe\/es\/#\/schema\/person\/beddb4d22f71a7230c5b90913270a0ee"},"description":"El pasacalle, en su quinta edici\u00f3n, entreg\u00f3 diversos premios a los colegios que m\u00e1s resaltaron en su presentaci\u00f3n.","breadcrumb":{"@id":"https:\/\/zonacaral.gob.pe\/es\/noticias\/escolares-de-barranca-participaron-en-gran-corso-y-pasacalle-ecologico-en-supe-puerto\/#breadcrumb"},"inLanguage":"es-PE","potentialAction":[{"@type":"ReadAction","target":["https:\/\/zonacaral.gob.pe\/es\/noticias\/escolares-de-barranca-participaron-en-gran-corso-y-pasacalle-ecologico-en-supe-puerto\/"]}]},{"@type":"ImageObject","inLanguage":"es-PE","@id":"https:\/\/zonacaral.gob.pe\/es\/noticias\/escolares-de-barranca-participaron-en-gran-corso-y-pasacalle-ecologico-en-supe-puerto\/#primaryimage","url":"https:\/\/zonacaral.gob.pe\/wp-content\/uploads\/2019\/04\/aspero-14-1.png","contentUrl":"https:\/\/zonacaral.gob.pe\/wp-content\/uploads\/2019\/04\/aspero-14-1.png","width":810,"height":410},{"@type":"BreadcrumbList","@id":"https:\/\/zonacaral.gob.pe\/es\/noticias\/escolares-de-barranca-participaron-en-gran-corso-y-pasacalle-ecologico-en-supe-puerto\/#breadcrumb","itemListElement":[{"@type":"ListItem","position":1,"name":"Portada","item":"https:\/\/zonacaral.gob.pe\/"},{"@type":"ListItem","position":2,"name":"Escolares de Barranca participaron en gran corso y pasacalle ecol\u00f3gico en Supe Puerto"}]},{"@type":"WebSite","@id":"https:\/\/zonacaral.gob.pe\/es\/#website","url":"https:\/\/zonacaral.gob.pe\/es\/","name":"Zona Caral","description":"Investigamos, conservamos y difundimos el patrimonio cultural de la Civilizaci\u00f3n Caral, la m\u00e1s antigua de Am\u00e9rica.","potentialAction":[{"@type":"SearchAction","target":{"@type":"EntryPoint","urlTemplate":"https:\/\/zonacaral.gob.pe\/es\/?s={search_term_string}"},"query-input":{"@type":"PropertyValueSpecification","valueRequired":true,"valueName":"search_term_string"}}],"inLanguage":"es-PE"},{"@type":"Person","@id":"https:\/\/zonacaral.gob.pe\/es\/#\/schema\/person\/beddb4d22f71a7230c5b90913270a0ee","name":"Zona Caral Administrador","image":{"@type":"ImageObject","inLanguage":"es-PE","@id":"https:\/\/secure.gravatar.com\/avatar\/e4be162918a696358376de6446614e0f0f4062bdc5d170d6d540ada3d8b58c12?s=96&d=mm&r=g","url":"https:\/\/secure.gravatar.com\/avatar\/e4be162918a696358376de6446614e0f0f4062bdc5d170d6d540ada3d8b58c12?s=96&d=mm&r=g","contentUrl":"https:\/\/secure.gravatar.com\/avatar\/e4be162918a696358376de6446614e0f0f4062bdc5d170d6d540ada3d8b58c12?s=96&d=mm&r=g","caption":"Zona Caral Administrador"},"sameAs":["https:\/\/zonacaral.gob.pe"],"url":"https:\/\/zonacaral.gob.pe\/es\/noticias\/author\/ad_zonacaral\/"}]}},"_links":{"self":[{"href":"https:\/\/zonacaral.gob.pe\/es\/wp-json\/wp\/v2\/posts\/14308","targetHints":{"allow":["GET"]}}],"collection":[{"href":"https:\/\/zonacaral.gob.pe\/es\/wp-json\/wp\/v2\/posts"}],"about":[{"href":"https:\/\/zonacaral.gob.pe\/es\/wp-json\/wp\/v2\/types\/post"}],"author":[{"embeddable":true,"href":"https:\/\/zonacaral.gob.pe\/es\/wp-json\/wp\/v2\/users\/1"}],"replies":[{"embeddable":true,"href":"https:\/\/zonacaral.gob.pe\/es\/wp-json\/wp\/v2\/comments?post=14308"}],"version-history":[{"count":0,"href":"https:\/\/zonacaral.gob.pe\/es\/wp-json\/wp\/v2\/posts\/14308\/revisions"}],"wp:featuredmedia":[{"embeddable":true,"href":"https:\/\/zonacaral.gob.pe\/es\/wp-json\/wp\/v2\/media\/14299"}],"wp:attachment":[{"href":"https:\/\/zonacaral.gob.pe\/es\/wp-json\/wp\/v2\/media?parent=14308"}],"wp:term":[{"taxonomy":"category","embeddable":true,"href":"https:\/\/zonacaral.gob.pe\/es\/wp-json\/wp\/v2\/categories?post=14308"},{"taxonomy":"post_tag","embeddable":true,"href":"https:\/\/zonacaral.gob.pe\/es\/wp-json\/wp\/v2\/tags?post=14308"}],"curies":[{"name":"wp","href":"https:\/\/api.w.org\/{rel}","templated":true}]}}