{"id":14313,"date":"2019-05-02T16:24:09","date_gmt":"2019-05-02T21:24:09","guid":{"rendered":"http:\/\/www.zonacaral.gob.pe\/?p=14313"},"modified":"2019-05-02T16:24:09","modified_gmt":"2019-05-02T21:24:09","slug":"doctora-ruth-shady-recibe-el-tumi-de-oro-2019-premio-a-la-excelencia-turistica-y-gastronomica","status":"publish","type":"post","link":"https:\/\/zonacaral.gob.pe\/es\/noticias\/doctora-ruth-shady-recibe-el-tumi-de-oro-2019-premio-a-la-excelencia-turistica-y-gastronomica\/","title":{"rendered":"Doctora Ruth Shady recibe \u201cEl Tumi de Oro\u201d 2019, premio a la excelencia tur\u00edstica y gastron\u00f3mica"},"content":{"rendered":"<figure class=\"pic-autor\" style=\"color: #4d4d4d; text-align: justify;\"><\/figure>\n<p style=\"text-align: justify;\">La doctora Ruth Shady Sol\u00eds, Directora de la Zona Arqueol\u00f3gica Caral, unidad ejecutora del Ministerio de Cultura, recibi\u00f3 de CITURG-PER\u00da (Centro de Investigaciones Tur\u00edsticas y Gastron\u00f3micas del Per\u00fa) un importante reconocimiento durante el II Premio Anual <strong>\u201cEl Tumi de Oro\u201d<\/strong> 2019, por su invalorable aporte en el desarrollo cient\u00edfico, con sus investigaciones sobre la civilizaci\u00f3n Caral y la alimentaci\u00f3n de los antiguos peruanos.<\/p>\n<p style=\"text-align: justify;\">En la celebraci\u00f3n se encontraban diversas personalidades como el doctor Alberto Bueno Mendoza, el arque\u00f3logo Lorenzo Samaniego Rom\u00e1n y la doctora Isabel Mendoza, representante de Mincetur, entre otras personalidades.<\/p>\n<p style=\"text-align: justify;\">\u201cLos antiguos peruanos entendieron que m\u00e1s se beneficiaban entablando relaciones con respeto, no conquistando, no haciendo da\u00f1o al otro. Nuestras sociedades ancestrales tienen ese mensaje para el mundo, encontramos bienes, productos de otras partes como el Spondylus que viene del Ecuador, se cree que hubo una relaci\u00f3n intercultural en condiciones pac\u00edficas, hubo integraci\u00f3n m\u00e1s all\u00e1 de la diversidad, creo que ese es un mensaje para promover relaciones en la sociedad actual. Hace falta m\u00e1s difusi\u00f3n de nuestra historia porque en cada parte de nuestro territorio se han extendido sociedades desarrolladas con sus propias manifestaciones culturales pero con respeto al otro. Hay muchos temas y valores sobre los cuales podr\u00edamos continuar con las nuevas generaciones para tener una sociedad m\u00e1s integrada y tener mejores condiciones de vida, con m\u00e1s respeto hacia la naturaleza\u201d, manifest\u00f3 la doctora Ruth Shady.<\/p>\n<p style=\"text-align: justify;\">\u201cNosotros que estamos en este rubro de la gastronom\u00eda hace 35 a\u00f1os, siempre rescatamos parte de la historia, que ha revolucionado la cocina peruana en el concepto de una cocina madre\u201d, acot\u00f3 el Presidente de CITURG\u2013PER\u00da, el licenciado Fredy Salinas Gallardo, quien hizo menci\u00f3n a la evoluci\u00f3n del concepto de gastronom\u00eda.<\/p>\n<p style=\"text-align: justify;\">El evento fue organizado por CITURG para conmemorar su XXXV aniversario, y tuvo lugar en el JW Marriot Hotel en Miraflores.<\/p>\n<p style=\"text-align: justify;\"><span style=\"color: #993300;\"><strong>Fuente<\/strong><strong>: Prensa ZAC<\/strong><\/span><\/p>\n<div style=\"color: #1f1f1f;\">\n<p style=\"text-align: justify;\">Fecha de publicaci\u00f3n: 02\/05\/2019<\/p>\n<\/div>\n","protected":false},"excerpt":{"rendered":"<p>La doctora Ruth Shady Sol\u00eds, Directora de la Zona Arqueol\u00f3gica Caral, unidad ejecutora del Ministerio de Cultura, recibi\u00f3 de CITURG-PER\u00da [&hellip;]<\/p>\n","protected":false},"author":1,"featured_media":14315,"comment_status":"closed","ping_status":"open","sticky":false,"template":"","format":"standard","meta":{"_acf_changed":false,"site-sidebar-layout":"default","site-content-layout":"","ast-site-content-layout":"default","site-content-style":"default","site-sidebar-style":"default","ast-global-header-display":"","ast-banner-title-visibility":"","ast-main-header-display":"","ast-hfb-above-header-display":"","ast-hfb-below-header-display":"","ast-hfb-mobile-header-display":"","site-post-title":"","ast-breadcrumbs-content":"","ast-featured-img":"","footer-sml-layout":"","ast-disable-related-posts":"","theme-transparent-header-meta":"","adv-header-id-meta":"","stick-header-meta":"","header-above-stick-meta":"","header-main-stick-meta":"","header-below-stick-meta":"","astra-migrate-meta-layouts":"default","ast-page-background-enabled":"default","ast-page-background-meta":{"desktop":{"background-color":"var(--ast-global-color-5)","background-image":"","background-repeat":"repeat","background-position":"center center","background-size":"auto","background-attachment":"scroll","background-type":"","background-media":"","overlay-type":"","overlay-color":"","overlay-opacity":"","overlay-gradient":""},"tablet":{"background-color":"","background-image":"","background-repeat":"repeat","background-position":"center center","background-size":"auto","background-attachment":"scroll","background-type":"","background-media":"","overlay-type":"","overlay-color":"","overlay-opacity":"","overlay-gradient":""},"mobile":{"background-color":"","background-image":"","background-repeat":"repeat","background-position":"center center","background-size":"auto","background-attachment":"scroll","background-type":"","background-media":"","overlay-type":"","overlay-color":"","overlay-opacity":"","overlay-gradient":""}},"ast-content-background-meta":{"desktop":{"background-color":"var(--ast-global-color-4)","background-image":"","background-repeat":"repeat","background-position":"center center","background-size":"auto","background-attachment":"scroll","background-type":"","background-media":"","overlay-type":"","overlay-color":"","overlay-opacity":"","overlay-gradient":""},"tablet":{"background-color":"var(--ast-global-color-4)","background-image":"","background-repeat":"repeat","background-position":"center center","background-size":"auto","background-attachment":"scroll","background-type":"","background-media":"","overlay-type":"","overlay-color":"","overlay-opacity":"","overlay-gradient":""},"mobile":{"background-color":"var(--ast-global-color-4)","background-image":"","background-repeat":"repeat","background-position":"center center","background-size":"auto","background-attachment":"scroll","background-type":"","background-media":"","overlay-type":"","overlay-color":"","overlay-opacity":"","overlay-gradient":""}},"footnotes":""},"categories":[208],"tags":[82],"class_list":["post-14313","post","type-post","status-publish","format-standard","has-post-thumbnail","hentry","category-noticias","tag-ruth-shady"],"acf":[],"yoast_head":"<!-- This site is optimized with the Yoast SEO plugin v27.3 - https:\/\/yoast.com\/product\/yoast-seo-wordpress\/ -->\n<title>Doctora Ruth Shady recibe \u201cEl Tumi de Oro\u201d 2019, premio a la excelencia tur\u00edstica y gastron\u00f3mica<\/title>\n<meta name=\"description\" content=\"La doctora Ruth Shady Sol\u00eds, Directora de la Zona Arqueol\u00f3gica Caral, unidad ejecutora del Ministerio de Cultura, recibi\u00f3 de CITURG-PER\u00da (Centro de Investigaciones Tur\u00edsticas y Gastron\u00f3micas del Per\u00fa) un importante reconocimiento durante el II Premio Anual \u201cEl Tumi de Oro\u201d 2019, por su invalorable aporte en el desarrollo cient\u00edfico, con sus investigaciones sobre la civilizaci\u00f3n Caral y la alimentaci\u00f3n de los antiguos peruanos.\" \/>\n<meta name=\"robots\" content=\"index, follow, max-snippet:-1, max-image-preview:large, max-video-preview:-1\" \/>\n<link rel=\"canonical\" href=\"https:\/\/zonacaral.gob.pe\/es\/noticias\/doctora-ruth-shady-recibe-el-tumi-de-oro-2019-premio-a-la-excelencia-turistica-y-gastronomica\/\" \/>\n<meta property=\"og:locale\" content=\"es_ES\" \/>\n<meta property=\"og:type\" content=\"article\" \/>\n<meta property=\"og:title\" content=\"Doctora Ruth Shady recibe \u201cEl Tumi de Oro\u201d 2019, premio a la excelencia tur\u00edstica y gastron\u00f3mica\" \/>\n<meta property=\"og:description\" content=\"La doctora Ruth Shady Sol\u00eds, Directora de la Zona Arqueol\u00f3gica Caral, unidad ejecutora del Ministerio de Cultura, recibi\u00f3 de CITURG-PER\u00da (Centro de Investigaciones Tur\u00edsticas y Gastron\u00f3micas del Per\u00fa) un importante reconocimiento durante el II Premio Anual \u201cEl Tumi de Oro\u201d 2019, por su invalorable aporte en el desarrollo cient\u00edfico, con sus investigaciones sobre la civilizaci\u00f3n Caral y la alimentaci\u00f3n de los antiguos peruanos.\" \/>\n<meta property=\"og:url\" content=\"https:\/\/zonacaral.gob.pe\/es\/noticias\/doctora-ruth-shady-recibe-el-tumi-de-oro-2019-premio-a-la-excelencia-turistica-y-gastronomica\/\" \/>\n<meta property=\"og:site_name\" content=\"Zona Caral\" \/>\n<meta property=\"article:published_time\" content=\"2019-05-02T21:24:09+00:00\" \/>\n<meta property=\"og:image\" content=\"https:\/\/zonacaral.gob.pe\/wp-content\/uploads\/2019\/05\/Ruth-shady-tumi-3.png\" \/>\n\t<meta property=\"og:image:width\" content=\"810\" \/>\n\t<meta property=\"og:image:height\" content=\"410\" \/>\n\t<meta property=\"og:image:type\" content=\"image\/png\" \/>\n<meta name=\"author\" content=\"Zona Caral Administrador\" \/>\n<meta name=\"twitter:card\" content=\"summary_large_image\" \/>\n<meta name=\"twitter:label1\" content=\"Written by\" \/>\n\t<meta name=\"twitter:data1\" content=\"Zona Caral Administrador\" \/>\n\t<meta name=\"twitter:label2\" content=\"Est. reading time\" \/>\n\t<meta name=\"twitter:data2\" content=\"2 minutos\" \/>\n<script type=\"application\/ld+json\" class=\"yoast-schema-graph\">{\"@context\":\"https:\\\/\\\/schema.org\",\"@graph\":[{\"@type\":\"Article\",\"@id\":\"https:\\\/\\\/zonacaral.gob.pe\\\/es\\\/noticias\\\/doctora-ruth-shady-recibe-el-tumi-de-oro-2019-premio-a-la-excelencia-turistica-y-gastronomica\\\/#article\",\"isPartOf\":{\"@id\":\"https:\\\/\\\/zonacaral.gob.pe\\\/es\\\/noticias\\\/doctora-ruth-shady-recibe-el-tumi-de-oro-2019-premio-a-la-excelencia-turistica-y-gastronomica\\\/\"},\"author\":{\"name\":\"Zona Caral Administrador\",\"@id\":\"https:\\\/\\\/zonacaral.gob.pe\\\/es\\\/#\\\/schema\\\/person\\\/beddb4d22f71a7230c5b90913270a0ee\"},\"headline\":\"Doctora Ruth Shady recibe \u201cEl Tumi de Oro\u201d 2019, premio a la excelencia tur\u00edstica y gastron\u00f3mica\",\"datePublished\":\"2019-05-02T21:24:09+00:00\",\"mainEntityOfPage\":{\"@id\":\"https:\\\/\\\/zonacaral.gob.pe\\\/es\\\/noticias\\\/doctora-ruth-shady-recibe-el-tumi-de-oro-2019-premio-a-la-excelencia-turistica-y-gastronomica\\\/\"},\"wordCount\":350,\"image\":{\"@id\":\"https:\\\/\\\/zonacaral.gob.pe\\\/es\\\/noticias\\\/doctora-ruth-shady-recibe-el-tumi-de-oro-2019-premio-a-la-excelencia-turistica-y-gastronomica\\\/#primaryimage\"},\"thumbnailUrl\":\"https:\\\/\\\/zonacaral.gob.pe\\\/wp-content\\\/uploads\\\/2019\\\/05\\\/Ruth-shady-tumi-3.png\",\"keywords\":[\"Ruth Shady\"],\"articleSection\":[\"noticias\"],\"inLanguage\":\"es-PE\"},{\"@type\":\"WebPage\",\"@id\":\"https:\\\/\\\/zonacaral.gob.pe\\\/es\\\/noticias\\\/doctora-ruth-shady-recibe-el-tumi-de-oro-2019-premio-a-la-excelencia-turistica-y-gastronomica\\\/\",\"url\":\"https:\\\/\\\/zonacaral.gob.pe\\\/es\\\/noticias\\\/doctora-ruth-shady-recibe-el-tumi-de-oro-2019-premio-a-la-excelencia-turistica-y-gastronomica\\\/\",\"name\":\"Doctora Ruth Shady recibe \u201cEl Tumi de Oro\u201d 2019, premio a la excelencia tur\u00edstica y gastron\u00f3mica\",\"isPartOf\":{\"@id\":\"https:\\\/\\\/zonacaral.gob.pe\\\/es\\\/#website\"},\"primaryImageOfPage\":{\"@id\":\"https:\\\/\\\/zonacaral.gob.pe\\\/es\\\/noticias\\\/doctora-ruth-shady-recibe-el-tumi-de-oro-2019-premio-a-la-excelencia-turistica-y-gastronomica\\\/#primaryimage\"},\"image\":{\"@id\":\"https:\\\/\\\/zonacaral.gob.pe\\\/es\\\/noticias\\\/doctora-ruth-shady-recibe-el-tumi-de-oro-2019-premio-a-la-excelencia-turistica-y-gastronomica\\\/#primaryimage\"},\"thumbnailUrl\":\"https:\\\/\\\/zonacaral.gob.pe\\\/wp-content\\\/uploads\\\/2019\\\/05\\\/Ruth-shady-tumi-3.png\",\"datePublished\":\"2019-05-02T21:24:09+00:00\",\"author\":{\"@id\":\"https:\\\/\\\/zonacaral.gob.pe\\\/es\\\/#\\\/schema\\\/person\\\/beddb4d22f71a7230c5b90913270a0ee\"},\"description\":\"La doctora Ruth Shady Sol\u00eds, Directora de la Zona Arqueol\u00f3gica Caral, unidad ejecutora del Ministerio de Cultura, recibi\u00f3 de CITURG-PER\u00da (Centro de Investigaciones Tur\u00edsticas y Gastron\u00f3micas del Per\u00fa) un importante reconocimiento durante el II Premio Anual \u201cEl Tumi de Oro\u201d 2019, por su invalorable aporte en el desarrollo cient\u00edfico, con sus investigaciones sobre la civilizaci\u00f3n Caral y la alimentaci\u00f3n de los antiguos peruanos.\",\"breadcrumb\":{\"@id\":\"https:\\\/\\\/zonacaral.gob.pe\\\/es\\\/noticias\\\/doctora-ruth-shady-recibe-el-tumi-de-oro-2019-premio-a-la-excelencia-turistica-y-gastronomica\\\/#breadcrumb\"},\"inLanguage\":\"es-PE\",\"potentialAction\":[{\"@type\":\"ReadAction\",\"target\":[\"https:\\\/\\\/zonacaral.gob.pe\\\/es\\\/noticias\\\/doctora-ruth-shady-recibe-el-tumi-de-oro-2019-premio-a-la-excelencia-turistica-y-gastronomica\\\/\"]}]},{\"@type\":\"ImageObject\",\"inLanguage\":\"es-PE\",\"@id\":\"https:\\\/\\\/zonacaral.gob.pe\\\/es\\\/noticias\\\/doctora-ruth-shady-recibe-el-tumi-de-oro-2019-premio-a-la-excelencia-turistica-y-gastronomica\\\/#primaryimage\",\"url\":\"https:\\\/\\\/zonacaral.gob.pe\\\/wp-content\\\/uploads\\\/2019\\\/05\\\/Ruth-shady-tumi-3.png\",\"contentUrl\":\"https:\\\/\\\/zonacaral.gob.pe\\\/wp-content\\\/uploads\\\/2019\\\/05\\\/Ruth-shady-tumi-3.png\",\"width\":810,\"height\":410},{\"@type\":\"BreadcrumbList\",\"@id\":\"https:\\\/\\\/zonacaral.gob.pe\\\/es\\\/noticias\\\/doctora-ruth-shady-recibe-el-tumi-de-oro-2019-premio-a-la-excelencia-turistica-y-gastronomica\\\/#breadcrumb\",\"itemListElement\":[{\"@type\":\"ListItem\",\"position\":1,\"name\":\"Portada\",\"item\":\"https:\\\/\\\/zonacaral.gob.pe\\\/\"},{\"@type\":\"ListItem\",\"position\":2,\"name\":\"Doctora Ruth Shady recibe \u201cEl Tumi de Oro\u201d 2019, premio a la excelencia tur\u00edstica y gastron\u00f3mica\"}]},{\"@type\":\"WebSite\",\"@id\":\"https:\\\/\\\/zonacaral.gob.pe\\\/es\\\/#website\",\"url\":\"https:\\\/\\\/zonacaral.gob.pe\\\/es\\\/\",\"name\":\"Zona Caral\",\"description\":\"Investigamos, conservamos y difundimos el patrimonio cultural de la Civilizaci\u00f3n Caral, la m\u00e1s antigua de Am\u00e9rica.\",\"potentialAction\":[{\"@type\":\"SearchAction\",\"target\":{\"@type\":\"EntryPoint\",\"urlTemplate\":\"https:\\\/\\\/zonacaral.gob.pe\\\/es\\\/?s={search_term_string}\"},\"query-input\":{\"@type\":\"PropertyValueSpecification\",\"valueRequired\":true,\"valueName\":\"search_term_string\"}}],\"inLanguage\":\"es-PE\"},{\"@type\":\"Person\",\"@id\":\"https:\\\/\\\/zonacaral.gob.pe\\\/es\\\/#\\\/schema\\\/person\\\/beddb4d22f71a7230c5b90913270a0ee\",\"name\":\"Zona Caral Administrador\",\"image\":{\"@type\":\"ImageObject\",\"inLanguage\":\"es-PE\",\"@id\":\"https:\\\/\\\/secure.gravatar.com\\\/avatar\\\/e4be162918a696358376de6446614e0f0f4062bdc5d170d6d540ada3d8b58c12?s=96&d=mm&r=g\",\"url\":\"https:\\\/\\\/secure.gravatar.com\\\/avatar\\\/e4be162918a696358376de6446614e0f0f4062bdc5d170d6d540ada3d8b58c12?s=96&d=mm&r=g\",\"contentUrl\":\"https:\\\/\\\/secure.gravatar.com\\\/avatar\\\/e4be162918a696358376de6446614e0f0f4062bdc5d170d6d540ada3d8b58c12?s=96&d=mm&r=g\",\"caption\":\"Zona Caral Administrador\"},\"sameAs\":[\"https:\\\/\\\/zonacaral.gob.pe\"],\"url\":\"https:\\\/\\\/zonacaral.gob.pe\\\/es\\\/noticias\\\/author\\\/ad_zonacaral\\\/\"}]}<\/script>\n<!-- \/ Yoast SEO plugin. -->","yoast_head_json":{"title":"Doctora Ruth Shady recibe \u201cEl Tumi de Oro\u201d 2019, premio a la excelencia tur\u00edstica y gastron\u00f3mica","description":"La doctora Ruth Shady Sol\u00eds, Directora de la Zona Arqueol\u00f3gica Caral, unidad ejecutora del Ministerio de Cultura, recibi\u00f3 de CITURG-PER\u00da (Centro de Investigaciones Tur\u00edsticas y Gastron\u00f3micas del Per\u00fa) un importante reconocimiento durante el II Premio Anual \u201cEl Tumi de Oro\u201d 2019, por su invalorable aporte en el desarrollo cient\u00edfico, con sus investigaciones sobre la civilizaci\u00f3n Caral y la alimentaci\u00f3n de los antiguos peruanos.","robots":{"index":"index","follow":"follow","max-snippet":"max-snippet:-1","max-image-preview":"max-image-preview:large","max-video-preview":"max-video-preview:-1"},"canonical":"https:\/\/zonacaral.gob.pe\/es\/noticias\/doctora-ruth-shady-recibe-el-tumi-de-oro-2019-premio-a-la-excelencia-turistica-y-gastronomica\/","og_locale":"es_ES","og_type":"article","og_title":"Doctora Ruth Shady recibe \u201cEl Tumi de Oro\u201d 2019, premio a la excelencia tur\u00edstica y gastron\u00f3mica","og_description":"La doctora Ruth Shady Sol\u00eds, Directora de la Zona Arqueol\u00f3gica Caral, unidad ejecutora del Ministerio de Cultura, recibi\u00f3 de CITURG-PER\u00da (Centro de Investigaciones Tur\u00edsticas y Gastron\u00f3micas del Per\u00fa) un importante reconocimiento durante el II Premio Anual \u201cEl Tumi de Oro\u201d 2019, por su invalorable aporte en el desarrollo cient\u00edfico, con sus investigaciones sobre la civilizaci\u00f3n Caral y la alimentaci\u00f3n de los antiguos peruanos.","og_url":"https:\/\/zonacaral.gob.pe\/es\/noticias\/doctora-ruth-shady-recibe-el-tumi-de-oro-2019-premio-a-la-excelencia-turistica-y-gastronomica\/","og_site_name":"Zona Caral","article_published_time":"2019-05-02T21:24:09+00:00","og_image":[{"width":810,"height":410,"url":"https:\/\/zonacaral.gob.pe\/wp-content\/uploads\/2019\/05\/Ruth-shady-tumi-3.png","type":"image\/png"}],"author":"Zona Caral Administrador","twitter_card":"summary_large_image","twitter_misc":{"Written by":"Zona Caral Administrador","Est. reading time":"2 minutos"},"schema":{"@context":"https:\/\/schema.org","@graph":[{"@type":"Article","@id":"https:\/\/zonacaral.gob.pe\/es\/noticias\/doctora-ruth-shady-recibe-el-tumi-de-oro-2019-premio-a-la-excelencia-turistica-y-gastronomica\/#article","isPartOf":{"@id":"https:\/\/zonacaral.gob.pe\/es\/noticias\/doctora-ruth-shady-recibe-el-tumi-de-oro-2019-premio-a-la-excelencia-turistica-y-gastronomica\/"},"author":{"name":"Zona Caral Administrador","@id":"https:\/\/zonacaral.gob.pe\/es\/#\/schema\/person\/beddb4d22f71a7230c5b90913270a0ee"},"headline":"Doctora Ruth Shady recibe \u201cEl Tumi de Oro\u201d 2019, premio a la excelencia tur\u00edstica y gastron\u00f3mica","datePublished":"2019-05-02T21:24:09+00:00","mainEntityOfPage":{"@id":"https:\/\/zonacaral.gob.pe\/es\/noticias\/doctora-ruth-shady-recibe-el-tumi-de-oro-2019-premio-a-la-excelencia-turistica-y-gastronomica\/"},"wordCount":350,"image":{"@id":"https:\/\/zonacaral.gob.pe\/es\/noticias\/doctora-ruth-shady-recibe-el-tumi-de-oro-2019-premio-a-la-excelencia-turistica-y-gastronomica\/#primaryimage"},"thumbnailUrl":"https:\/\/zonacaral.gob.pe\/wp-content\/uploads\/2019\/05\/Ruth-shady-tumi-3.png","keywords":["Ruth Shady"],"articleSection":["noticias"],"inLanguage":"es-PE"},{"@type":"WebPage","@id":"https:\/\/zonacaral.gob.pe\/es\/noticias\/doctora-ruth-shady-recibe-el-tumi-de-oro-2019-premio-a-la-excelencia-turistica-y-gastronomica\/","url":"https:\/\/zonacaral.gob.pe\/es\/noticias\/doctora-ruth-shady-recibe-el-tumi-de-oro-2019-premio-a-la-excelencia-turistica-y-gastronomica\/","name":"Doctora Ruth Shady recibe \u201cEl Tumi de Oro\u201d 2019, premio a la excelencia tur\u00edstica y gastron\u00f3mica","isPartOf":{"@id":"https:\/\/zonacaral.gob.pe\/es\/#website"},"primaryImageOfPage":{"@id":"https:\/\/zonacaral.gob.pe\/es\/noticias\/doctora-ruth-shady-recibe-el-tumi-de-oro-2019-premio-a-la-excelencia-turistica-y-gastronomica\/#primaryimage"},"image":{"@id":"https:\/\/zonacaral.gob.pe\/es\/noticias\/doctora-ruth-shady-recibe-el-tumi-de-oro-2019-premio-a-la-excelencia-turistica-y-gastronomica\/#primaryimage"},"thumbnailUrl":"https:\/\/zonacaral.gob.pe\/wp-content\/uploads\/2019\/05\/Ruth-shady-tumi-3.png","datePublished":"2019-05-02T21:24:09+00:00","author":{"@id":"https:\/\/zonacaral.gob.pe\/es\/#\/schema\/person\/beddb4d22f71a7230c5b90913270a0ee"},"description":"La doctora Ruth Shady Sol\u00eds, Directora de la Zona Arqueol\u00f3gica Caral, unidad ejecutora del Ministerio de Cultura, recibi\u00f3 de CITURG-PER\u00da (Centro de Investigaciones Tur\u00edsticas y Gastron\u00f3micas del Per\u00fa) un importante reconocimiento durante el II Premio Anual \u201cEl Tumi de Oro\u201d 2019, por su invalorable aporte en el desarrollo cient\u00edfico, con sus investigaciones sobre la civilizaci\u00f3n Caral y la alimentaci\u00f3n de los antiguos peruanos.","breadcrumb":{"@id":"https:\/\/zonacaral.gob.pe\/es\/noticias\/doctora-ruth-shady-recibe-el-tumi-de-oro-2019-premio-a-la-excelencia-turistica-y-gastronomica\/#breadcrumb"},"inLanguage":"es-PE","potentialAction":[{"@type":"ReadAction","target":["https:\/\/zonacaral.gob.pe\/es\/noticias\/doctora-ruth-shady-recibe-el-tumi-de-oro-2019-premio-a-la-excelencia-turistica-y-gastronomica\/"]}]},{"@type":"ImageObject","inLanguage":"es-PE","@id":"https:\/\/zonacaral.gob.pe\/es\/noticias\/doctora-ruth-shady-recibe-el-tumi-de-oro-2019-premio-a-la-excelencia-turistica-y-gastronomica\/#primaryimage","url":"https:\/\/zonacaral.gob.pe\/wp-content\/uploads\/2019\/05\/Ruth-shady-tumi-3.png","contentUrl":"https:\/\/zonacaral.gob.pe\/wp-content\/uploads\/2019\/05\/Ruth-shady-tumi-3.png","width":810,"height":410},{"@type":"BreadcrumbList","@id":"https:\/\/zonacaral.gob.pe\/es\/noticias\/doctora-ruth-shady-recibe-el-tumi-de-oro-2019-premio-a-la-excelencia-turistica-y-gastronomica\/#breadcrumb","itemListElement":[{"@type":"ListItem","position":1,"name":"Portada","item":"https:\/\/zonacaral.gob.pe\/"},{"@type":"ListItem","position":2,"name":"Doctora Ruth Shady recibe \u201cEl Tumi de Oro\u201d 2019, premio a la excelencia tur\u00edstica y gastron\u00f3mica"}]},{"@type":"WebSite","@id":"https:\/\/zonacaral.gob.pe\/es\/#website","url":"https:\/\/zonacaral.gob.pe\/es\/","name":"Zona Caral","description":"Investigamos, conservamos y difundimos el patrimonio cultural de la Civilizaci\u00f3n Caral, la m\u00e1s antigua de Am\u00e9rica.","potentialAction":[{"@type":"SearchAction","target":{"@type":"EntryPoint","urlTemplate":"https:\/\/zonacaral.gob.pe\/es\/?s={search_term_string}"},"query-input":{"@type":"PropertyValueSpecification","valueRequired":true,"valueName":"search_term_string"}}],"inLanguage":"es-PE"},{"@type":"Person","@id":"https:\/\/zonacaral.gob.pe\/es\/#\/schema\/person\/beddb4d22f71a7230c5b90913270a0ee","name":"Zona Caral Administrador","image":{"@type":"ImageObject","inLanguage":"es-PE","@id":"https:\/\/secure.gravatar.com\/avatar\/e4be162918a696358376de6446614e0f0f4062bdc5d170d6d540ada3d8b58c12?s=96&d=mm&r=g","url":"https:\/\/secure.gravatar.com\/avatar\/e4be162918a696358376de6446614e0f0f4062bdc5d170d6d540ada3d8b58c12?s=96&d=mm&r=g","contentUrl":"https:\/\/secure.gravatar.com\/avatar\/e4be162918a696358376de6446614e0f0f4062bdc5d170d6d540ada3d8b58c12?s=96&d=mm&r=g","caption":"Zona Caral Administrador"},"sameAs":["https:\/\/zonacaral.gob.pe"],"url":"https:\/\/zonacaral.gob.pe\/es\/noticias\/author\/ad_zonacaral\/"}]}},"_links":{"self":[{"href":"https:\/\/zonacaral.gob.pe\/es\/wp-json\/wp\/v2\/posts\/14313","targetHints":{"allow":["GET"]}}],"collection":[{"href":"https:\/\/zonacaral.gob.pe\/es\/wp-json\/wp\/v2\/posts"}],"about":[{"href":"https:\/\/zonacaral.gob.pe\/es\/wp-json\/wp\/v2\/types\/post"}],"author":[{"embeddable":true,"href":"https:\/\/zonacaral.gob.pe\/es\/wp-json\/wp\/v2\/users\/1"}],"replies":[{"embeddable":true,"href":"https:\/\/zonacaral.gob.pe\/es\/wp-json\/wp\/v2\/comments?post=14313"}],"version-history":[{"count":0,"href":"https:\/\/zonacaral.gob.pe\/es\/wp-json\/wp\/v2\/posts\/14313\/revisions"}],"wp:featuredmedia":[{"embeddable":true,"href":"https:\/\/zonacaral.gob.pe\/es\/wp-json\/wp\/v2\/media\/14315"}],"wp:attachment":[{"href":"https:\/\/zonacaral.gob.pe\/es\/wp-json\/wp\/v2\/media?parent=14313"}],"wp:term":[{"taxonomy":"category","embeddable":true,"href":"https:\/\/zonacaral.gob.pe\/es\/wp-json\/wp\/v2\/categories?post=14313"},{"taxonomy":"post_tag","embeddable":true,"href":"https:\/\/zonacaral.gob.pe\/es\/wp-json\/wp\/v2\/tags?post=14313"}],"curies":[{"name":"wp","href":"https:\/\/api.w.org\/{rel}","templated":true}]}}