{"id":16983,"date":"2023-09-05T15:34:39","date_gmt":"2023-09-05T20:34:39","guid":{"rendered":"https:\/\/www.zonacaral.gob.pe\/?p=16983"},"modified":"2023-09-05T15:34:39","modified_gmt":"2023-09-05T20:34:39","slug":"patrimonio-cultural-de-caral-contribuye-en-el-desarrollo-de-pobladores-del-valle-de-supe-y-de-huaura","status":"publish","type":"post","link":"https:\/\/zonacaral.gob.pe\/es\/noticias\/patrimonio-cultural-de-caral-contribuye-en-el-desarrollo-de-pobladores-del-valle-de-supe-y-de-huaura\/","title":{"rendered":"Patrimonio Cultural de Caral contribuye en el desarrollo de pobladores del valle de Supe y de Huaura"},"content":{"rendered":"<figure class=\"pic-autor\" style=\"color: #4d4d4d; text-align: justify;\"><\/figure>\n<div class=\"gmail_default\" style=\"text-align: justify;\">\n<blockquote><p><i><span style=\"font-weight: 400;\">Patrimonio arqueol\u00f3gico de la civilizaci\u00f3n Caral es eje de desarrollo social.<\/span><\/i><\/p><\/blockquote>\n<p><span style=\"font-weight: 400;\">La Zona Arqueol\u00f3gica Caral (ZAC), Unidad Ejecutora 003 del Ministerio de Cultura, present\u00f3 en la sala de cine Armando Robles Godoy, diez cortos documentales producidos en el marco del programa: \u00abNarraci\u00f3n Audiovisual Comunitaria &#8211; Caral 2023\u00bb, en donde pobladoras y pobladores del valle de Supe y de Huaura cuentan aspectos de su vida y de la forma en que fueron influenciados, de manera positiva, por las investigaciones realizadas sobre la civilizaci\u00f3n Caral.&nbsp;&nbsp;<\/span><\/p>\n<p><span style=\"font-weight: 400;\">Esta producci\u00f3n cont\u00f3 con el apoyo de la Embajada de los Estados Unidos de Am\u00e9rica en Per\u00fa y fue realizado por la organizaci\u00f3n estadounidense StoryCenter, en coordinaci\u00f3n con la Subdirecci\u00f3n de Relaciones Comunitarias de la ZAC.<\/span><\/p>\n<p><span style=\"font-weight: 400;\">En el evento, la doctora Ruth Shady Sol\u00eds, principal investigadora de la civilizaci\u00f3n Caral, sostuvo que los videos muestran \u201clos efectos que tiene el trabajo que ha venido realizando la Zona Arqueol\u00f3gica Caral, por casi 30 a\u00f1os, con las poblaciones aleda\u00f1as a los antiguos centros urbanos. Estamos muy contentos de compartir con ustedes la presentaci\u00f3n de los pobladores del valle de Supe y de Huaura. Es de gran inter\u00e9s vincularlos, que conozcan y se identifiquen con el patrimonio cultural y sepan la importancia y significado que este tiene para el desarrollo de cada uno de ellos, y del pa\u00eds\u201d.<\/span><\/p>\n<p><span style=\"font-weight: 400;\">Carlos Leyva Arroyo, subdirector de Relaciones Comunitarias de la ZAC, agreg\u00f3: \u201cLos videos cuentan historias que remontan a un momento significativo de la vida de los narradores y narradoras, sea la primera vez que caminaron por aquellos lugares, o el momento en que comprendieron que estaban ante monumentos construidos por personas que vivieron en otras \u00e9pocas. Tambi\u00e9n cuentan sobre la forma en que los sitios arqueol\u00f3gicos han impactado en su vida y en la de sus familiares y amigos, as\u00ed como del modo en que el patrimonio cultural les ha permitido comprender que desde los centros poblados del valle de Supe, Supe Puerto y V\u00e9gueta tambi\u00e9n se pod\u00eda participar y ser reconocidos como parte de la cultura universal\u201d.<\/span><\/p>\n<p><span style=\"font-weight: 400;\">La producci\u00f3n videogr\u00e1fica busc\u00f3 motivar a cada uno de los diez narradores a identificar el valor de su patrimonio cultural local y representar esta relaci\u00f3n con los elementos de la narrativa y lenguaje audiovisual.&nbsp;<\/span><\/p>\n<p><span style=\"font-weight: 400;\">Cabe se\u00f1alar que cada participante construy\u00f3 su propia historia audiovisual, a partir de la evocaci\u00f3n de vivencias y registros gr\u00e1ficos relacionados al paisaje, personajes y experiencias con el patrimonio cultural de la civilizaci\u00f3n Caral.<\/span><\/p>\n<p><span style=\"font-weight: 400;\">El resultado ha sido la producci\u00f3n de diez piezas documentales cortas que transmiten la realidad de las comunidades que habitan el \u00e1rea donde, hace 5000 a\u00f1os, se desarroll\u00f3 Caral, la primera civilizaci\u00f3n del continente americano, una de las m\u00e1s antiguas del mundo.<\/span><\/p>\n<p><span style=\"font-weight: 400;\">La realizaci\u00f3n del taller de narrativa audiovisual comunitaria ha evidenciado el inter\u00e9s de las y los participantes por conocer nuevas herramientas tecnol\u00f3gicas del sistema multimedia digital para crear narrativas y contenidos originales que fortalezcan la identidad, la memoria y los v\u00ednculos de la comunidad con su patrimonio cultural.<\/span><\/p>\n<p><span style=\"font-weight: 400;\">En el evento, adem\u00e1s de la doctora Ruth Shady Sol\u00eds, particip\u00f3 la Directora General de Patrimonio Cultural, arquitecta Shirley Yda Mozo; la se\u00f1ora Victoria Glynn, Agregada Cultural a.i. de la Embajada de los Estados Unidos en Per\u00fa; a trav\u00e9s de la virtualidad, estuvo presente la directora de StoryCenter, Amy Hill; y el mag\u00edster Carlos Leyva Arroyo, Subdirector de Relaciones Comunitarias de la ZAC.<\/span><\/p>\n<p><strong style=\"font-size: inherit; text-align: justify;\">Fuente: Comunicaci\u00f3n e Imagen Institucional ZAC<\/strong><\/p>\n<\/div>\n<div style=\"color: #1f1f1f;\">\n<div style=\"color: #1f1f1f;\">\n<p style=\"text-align: justify;\">Fecha de publicaci\u00f3n: 05\/09\/2023<\/p>\n<\/div>\n<\/div>\n","protected":false},"excerpt":{"rendered":"<p>Patrimonio arqueol\u00f3gico de la civilizaci\u00f3n Caral es eje de desarrollo social. La Zona Arqueol\u00f3gica Caral (ZAC), Unidad Ejecutora 003 del [&hellip;]<\/p>\n","protected":false},"author":1,"featured_media":16985,"comment_status":"closed","ping_status":"open","sticky":false,"template":"","format":"standard","meta":{"_acf_changed":false,"site-sidebar-layout":"default","site-content-layout":"","ast-site-content-layout":"default","site-content-style":"default","site-sidebar-style":"default","ast-global-header-display":"","ast-banner-title-visibility":"","ast-main-header-display":"","ast-hfb-above-header-display":"","ast-hfb-below-header-display":"","ast-hfb-mobile-header-display":"","site-post-title":"","ast-breadcrumbs-content":"","ast-featured-img":"","footer-sml-layout":"","ast-disable-related-posts":"","theme-transparent-header-meta":"","adv-header-id-meta":"","stick-header-meta":"","header-above-stick-meta":"","header-main-stick-meta":"","header-below-stick-meta":"","astra-migrate-meta-layouts":"default","ast-page-background-enabled":"default","ast-page-background-meta":{"desktop":{"background-color":"var(--ast-global-color-5)","background-image":"","background-repeat":"repeat","background-position":"center center","background-size":"auto","background-attachment":"scroll","background-type":"","background-media":"","overlay-type":"","overlay-color":"","overlay-opacity":"","overlay-gradient":""},"tablet":{"background-color":"","background-image":"","background-repeat":"repeat","background-position":"center center","background-size":"auto","background-attachment":"scroll","background-type":"","background-media":"","overlay-type":"","overlay-color":"","overlay-opacity":"","overlay-gradient":""},"mobile":{"background-color":"","background-image":"","background-repeat":"repeat","background-position":"center center","background-size":"auto","background-attachment":"scroll","background-type":"","background-media":"","overlay-type":"","overlay-color":"","overlay-opacity":"","overlay-gradient":""}},"ast-content-background-meta":{"desktop":{"background-color":"var(--ast-global-color-4)","background-image":"","background-repeat":"repeat","background-position":"center center","background-size":"auto","background-attachment":"scroll","background-type":"","background-media":"","overlay-type":"","overlay-color":"","overlay-opacity":"","overlay-gradient":""},"tablet":{"background-color":"var(--ast-global-color-4)","background-image":"","background-repeat":"repeat","background-position":"center center","background-size":"auto","background-attachment":"scroll","background-type":"","background-media":"","overlay-type":"","overlay-color":"","overlay-opacity":"","overlay-gradient":""},"mobile":{"background-color":"var(--ast-global-color-4)","background-image":"","background-repeat":"repeat","background-position":"center center","background-size":"auto","background-attachment":"scroll","background-type":"","background-media":"","overlay-type":"","overlay-color":"","overlay-opacity":"","overlay-gradient":""}},"footnotes":""},"categories":[208],"tags":[55,72],"class_list":["post-16983","post","type-post","status-publish","format-standard","has-post-thumbnail","hentry","category-noticias","tag-caral","tag-cultura"],"acf":[],"yoast_head":"<!-- This site is optimized with the Yoast SEO plugin v27.3 - https:\/\/yoast.com\/product\/yoast-seo-wordpress\/ -->\n<title>Patrimonio Cultural de Caral contribuye en el desarrollo de pobladores del valle de Supe y de Huaura<\/title>\n<meta name=\"description\" content=\"La Zona Arqueol\u00f3gica Caral (ZAC), Unidad Ejecutora 003 del Ministerio de Cultura, present\u00f3 en la sala de cine Armando Robles Godoy, diez cortos documentales producidos en el marco del programa: \u00abNarraci\u00f3n Audiovisual Comunitaria - Caral 2023\u00bb, en donde pobladoras y pobladores del valle de Supe y de Huaura cuentan aspectos de su vida y de la forma en que fueron influenciados, de manera positiva, por las investigaciones realizadas sobre la civilizaci\u00f3n Caral.\u00a0\" \/>\n<meta name=\"robots\" content=\"index, follow, max-snippet:-1, max-image-preview:large, max-video-preview:-1\" \/>\n<link rel=\"canonical\" href=\"https:\/\/zonacaral.gob.pe\/es\/noticias\/patrimonio-cultural-de-caral-contribuye-en-el-desarrollo-de-pobladores-del-valle-de-supe-y-de-huaura\/\" \/>\n<meta property=\"og:locale\" content=\"es_ES\" \/>\n<meta property=\"og:type\" content=\"article\" \/>\n<meta property=\"og:title\" content=\"Patrimonio Cultural de Caral contribuye en el desarrollo de pobladores del valle de Supe y de Huaura\" \/>\n<meta property=\"og:description\" content=\"La Zona Arqueol\u00f3gica Caral (ZAC), Unidad Ejecutora 003 del Ministerio de Cultura, present\u00f3 en la sala de cine Armando Robles Godoy, diez cortos documentales producidos en el marco del programa: \u00abNarraci\u00f3n Audiovisual Comunitaria - Caral 2023\u00bb, en donde pobladoras y pobladores del valle de Supe y de Huaura cuentan aspectos de su vida y de la forma en que fueron influenciados, de manera positiva, por las investigaciones realizadas sobre la civilizaci\u00f3n Caral.\u00a0\" \/>\n<meta property=\"og:url\" content=\"https:\/\/zonacaral.gob.pe\/es\/noticias\/patrimonio-cultural-de-caral-contribuye-en-el-desarrollo-de-pobladores-del-valle-de-supe-y-de-huaura\/\" \/>\n<meta property=\"og:site_name\" content=\"Zona Caral\" \/>\n<meta property=\"article:published_time\" content=\"2023-09-05T20:34:39+00:00\" \/>\n<meta property=\"og:image\" content=\"https:\/\/zonacaral.gob.pe\/wp-content\/uploads\/2023\/09\/rela-1.png\" \/>\n\t<meta property=\"og:image:width\" content=\"1000\" \/>\n\t<meta property=\"og:image:height\" content=\"600\" \/>\n\t<meta property=\"og:image:type\" content=\"image\/png\" \/>\n<meta name=\"author\" content=\"Zona Caral Administrador\" \/>\n<meta name=\"twitter:card\" content=\"summary_large_image\" \/>\n<meta name=\"twitter:label1\" content=\"Written by\" \/>\n\t<meta name=\"twitter:data1\" content=\"Zona Caral Administrador\" \/>\n\t<meta name=\"twitter:label2\" content=\"Est. reading time\" \/>\n\t<meta name=\"twitter:data2\" content=\"3 minutos\" \/>\n<script type=\"application\/ld+json\" class=\"yoast-schema-graph\">{\"@context\":\"https:\\\/\\\/schema.org\",\"@graph\":[{\"@type\":\"Article\",\"@id\":\"https:\\\/\\\/zonacaral.gob.pe\\\/es\\\/noticias\\\/patrimonio-cultural-de-caral-contribuye-en-el-desarrollo-de-pobladores-del-valle-de-supe-y-de-huaura\\\/#article\",\"isPartOf\":{\"@id\":\"https:\\\/\\\/zonacaral.gob.pe\\\/es\\\/noticias\\\/patrimonio-cultural-de-caral-contribuye-en-el-desarrollo-de-pobladores-del-valle-de-supe-y-de-huaura\\\/\"},\"author\":{\"name\":\"Zona Caral Administrador\",\"@id\":\"https:\\\/\\\/zonacaral.gob.pe\\\/es\\\/#\\\/schema\\\/person\\\/beddb4d22f71a7230c5b90913270a0ee\"},\"headline\":\"Patrimonio Cultural de Caral contribuye en el desarrollo de pobladores del valle de Supe y de Huaura\",\"datePublished\":\"2023-09-05T20:34:39+00:00\",\"mainEntityOfPage\":{\"@id\":\"https:\\\/\\\/zonacaral.gob.pe\\\/es\\\/noticias\\\/patrimonio-cultural-de-caral-contribuye-en-el-desarrollo-de-pobladores-del-valle-de-supe-y-de-huaura\\\/\"},\"wordCount\":628,\"image\":{\"@id\":\"https:\\\/\\\/zonacaral.gob.pe\\\/es\\\/noticias\\\/patrimonio-cultural-de-caral-contribuye-en-el-desarrollo-de-pobladores-del-valle-de-supe-y-de-huaura\\\/#primaryimage\"},\"thumbnailUrl\":\"https:\\\/\\\/zonacaral.gob.pe\\\/wp-content\\\/uploads\\\/2023\\\/09\\\/rela-1.png\",\"keywords\":[\"caral\",\"Cultura\"],\"articleSection\":[\"noticias\"],\"inLanguage\":\"es-PE\"},{\"@type\":\"WebPage\",\"@id\":\"https:\\\/\\\/zonacaral.gob.pe\\\/es\\\/noticias\\\/patrimonio-cultural-de-caral-contribuye-en-el-desarrollo-de-pobladores-del-valle-de-supe-y-de-huaura\\\/\",\"url\":\"https:\\\/\\\/zonacaral.gob.pe\\\/es\\\/noticias\\\/patrimonio-cultural-de-caral-contribuye-en-el-desarrollo-de-pobladores-del-valle-de-supe-y-de-huaura\\\/\",\"name\":\"Patrimonio Cultural de Caral contribuye en el desarrollo de pobladores del valle de Supe y de Huaura\",\"isPartOf\":{\"@id\":\"https:\\\/\\\/zonacaral.gob.pe\\\/es\\\/#website\"},\"primaryImageOfPage\":{\"@id\":\"https:\\\/\\\/zonacaral.gob.pe\\\/es\\\/noticias\\\/patrimonio-cultural-de-caral-contribuye-en-el-desarrollo-de-pobladores-del-valle-de-supe-y-de-huaura\\\/#primaryimage\"},\"image\":{\"@id\":\"https:\\\/\\\/zonacaral.gob.pe\\\/es\\\/noticias\\\/patrimonio-cultural-de-caral-contribuye-en-el-desarrollo-de-pobladores-del-valle-de-supe-y-de-huaura\\\/#primaryimage\"},\"thumbnailUrl\":\"https:\\\/\\\/zonacaral.gob.pe\\\/wp-content\\\/uploads\\\/2023\\\/09\\\/rela-1.png\",\"datePublished\":\"2023-09-05T20:34:39+00:00\",\"author\":{\"@id\":\"https:\\\/\\\/zonacaral.gob.pe\\\/es\\\/#\\\/schema\\\/person\\\/beddb4d22f71a7230c5b90913270a0ee\"},\"description\":\"La Zona Arqueol\u00f3gica Caral (ZAC), Unidad Ejecutora 003 del Ministerio de Cultura, present\u00f3 en la sala de cine Armando Robles Godoy, diez cortos documentales producidos en el marco del programa: \u00abNarraci\u00f3n Audiovisual Comunitaria - Caral 2023\u00bb, en donde pobladoras y pobladores del valle de Supe y de Huaura cuentan aspectos de su vida y de la forma en que fueron influenciados, de manera positiva, por las investigaciones realizadas sobre la civilizaci\u00f3n Caral.\u00a0\",\"breadcrumb\":{\"@id\":\"https:\\\/\\\/zonacaral.gob.pe\\\/es\\\/noticias\\\/patrimonio-cultural-de-caral-contribuye-en-el-desarrollo-de-pobladores-del-valle-de-supe-y-de-huaura\\\/#breadcrumb\"},\"inLanguage\":\"es-PE\",\"potentialAction\":[{\"@type\":\"ReadAction\",\"target\":[\"https:\\\/\\\/zonacaral.gob.pe\\\/es\\\/noticias\\\/patrimonio-cultural-de-caral-contribuye-en-el-desarrollo-de-pobladores-del-valle-de-supe-y-de-huaura\\\/\"]}]},{\"@type\":\"ImageObject\",\"inLanguage\":\"es-PE\",\"@id\":\"https:\\\/\\\/zonacaral.gob.pe\\\/es\\\/noticias\\\/patrimonio-cultural-de-caral-contribuye-en-el-desarrollo-de-pobladores-del-valle-de-supe-y-de-huaura\\\/#primaryimage\",\"url\":\"https:\\\/\\\/zonacaral.gob.pe\\\/wp-content\\\/uploads\\\/2023\\\/09\\\/rela-1.png\",\"contentUrl\":\"https:\\\/\\\/zonacaral.gob.pe\\\/wp-content\\\/uploads\\\/2023\\\/09\\\/rela-1.png\",\"width\":1000,\"height\":600},{\"@type\":\"BreadcrumbList\",\"@id\":\"https:\\\/\\\/zonacaral.gob.pe\\\/es\\\/noticias\\\/patrimonio-cultural-de-caral-contribuye-en-el-desarrollo-de-pobladores-del-valle-de-supe-y-de-huaura\\\/#breadcrumb\",\"itemListElement\":[{\"@type\":\"ListItem\",\"position\":1,\"name\":\"Portada\",\"item\":\"https:\\\/\\\/zonacaral.gob.pe\\\/\"},{\"@type\":\"ListItem\",\"position\":2,\"name\":\"Patrimonio Cultural de Caral contribuye en el desarrollo de pobladores del valle de Supe y de Huaura\"}]},{\"@type\":\"WebSite\",\"@id\":\"https:\\\/\\\/zonacaral.gob.pe\\\/es\\\/#website\",\"url\":\"https:\\\/\\\/zonacaral.gob.pe\\\/es\\\/\",\"name\":\"Zona Caral\",\"description\":\"Investigamos, conservamos y difundimos el patrimonio cultural de la Civilizaci\u00f3n Caral, la m\u00e1s antigua de Am\u00e9rica.\",\"potentialAction\":[{\"@type\":\"SearchAction\",\"target\":{\"@type\":\"EntryPoint\",\"urlTemplate\":\"https:\\\/\\\/zonacaral.gob.pe\\\/es\\\/?s={search_term_string}\"},\"query-input\":{\"@type\":\"PropertyValueSpecification\",\"valueRequired\":true,\"valueName\":\"search_term_string\"}}],\"inLanguage\":\"es-PE\"},{\"@type\":\"Person\",\"@id\":\"https:\\\/\\\/zonacaral.gob.pe\\\/es\\\/#\\\/schema\\\/person\\\/beddb4d22f71a7230c5b90913270a0ee\",\"name\":\"Zona Caral Administrador\",\"image\":{\"@type\":\"ImageObject\",\"inLanguage\":\"es-PE\",\"@id\":\"https:\\\/\\\/secure.gravatar.com\\\/avatar\\\/e4be162918a696358376de6446614e0f0f4062bdc5d170d6d540ada3d8b58c12?s=96&d=mm&r=g\",\"url\":\"https:\\\/\\\/secure.gravatar.com\\\/avatar\\\/e4be162918a696358376de6446614e0f0f4062bdc5d170d6d540ada3d8b58c12?s=96&d=mm&r=g\",\"contentUrl\":\"https:\\\/\\\/secure.gravatar.com\\\/avatar\\\/e4be162918a696358376de6446614e0f0f4062bdc5d170d6d540ada3d8b58c12?s=96&d=mm&r=g\",\"caption\":\"Zona Caral Administrador\"},\"sameAs\":[\"https:\\\/\\\/zonacaral.gob.pe\"],\"url\":\"https:\\\/\\\/zonacaral.gob.pe\\\/es\\\/noticias\\\/author\\\/ad_zonacaral\\\/\"}]}<\/script>\n<!-- \/ Yoast SEO plugin. -->","yoast_head_json":{"title":"Patrimonio Cultural de Caral contribuye en el desarrollo de pobladores del valle de Supe y de Huaura","description":"La Zona Arqueol\u00f3gica Caral (ZAC), Unidad Ejecutora 003 del Ministerio de Cultura, present\u00f3 en la sala de cine Armando Robles Godoy, diez cortos documentales producidos en el marco del programa: \u00abNarraci\u00f3n Audiovisual Comunitaria - Caral 2023\u00bb, en donde pobladoras y pobladores del valle de Supe y de Huaura cuentan aspectos de su vida y de la forma en que fueron influenciados, de manera positiva, por las investigaciones realizadas sobre la civilizaci\u00f3n Caral.\u00a0","robots":{"index":"index","follow":"follow","max-snippet":"max-snippet:-1","max-image-preview":"max-image-preview:large","max-video-preview":"max-video-preview:-1"},"canonical":"https:\/\/zonacaral.gob.pe\/es\/noticias\/patrimonio-cultural-de-caral-contribuye-en-el-desarrollo-de-pobladores-del-valle-de-supe-y-de-huaura\/","og_locale":"es_ES","og_type":"article","og_title":"Patrimonio Cultural de Caral contribuye en el desarrollo de pobladores del valle de Supe y de Huaura","og_description":"La Zona Arqueol\u00f3gica Caral (ZAC), Unidad Ejecutora 003 del Ministerio de Cultura, present\u00f3 en la sala de cine Armando Robles Godoy, diez cortos documentales producidos en el marco del programa: \u00abNarraci\u00f3n Audiovisual Comunitaria - Caral 2023\u00bb, en donde pobladoras y pobladores del valle de Supe y de Huaura cuentan aspectos de su vida y de la forma en que fueron influenciados, de manera positiva, por las investigaciones realizadas sobre la civilizaci\u00f3n Caral.\u00a0","og_url":"https:\/\/zonacaral.gob.pe\/es\/noticias\/patrimonio-cultural-de-caral-contribuye-en-el-desarrollo-de-pobladores-del-valle-de-supe-y-de-huaura\/","og_site_name":"Zona Caral","article_published_time":"2023-09-05T20:34:39+00:00","og_image":[{"width":1000,"height":600,"url":"https:\/\/zonacaral.gob.pe\/wp-content\/uploads\/2023\/09\/rela-1.png","type":"image\/png"}],"author":"Zona Caral Administrador","twitter_card":"summary_large_image","twitter_misc":{"Written by":"Zona Caral Administrador","Est. reading time":"3 minutos"},"schema":{"@context":"https:\/\/schema.org","@graph":[{"@type":"Article","@id":"https:\/\/zonacaral.gob.pe\/es\/noticias\/patrimonio-cultural-de-caral-contribuye-en-el-desarrollo-de-pobladores-del-valle-de-supe-y-de-huaura\/#article","isPartOf":{"@id":"https:\/\/zonacaral.gob.pe\/es\/noticias\/patrimonio-cultural-de-caral-contribuye-en-el-desarrollo-de-pobladores-del-valle-de-supe-y-de-huaura\/"},"author":{"name":"Zona Caral Administrador","@id":"https:\/\/zonacaral.gob.pe\/es\/#\/schema\/person\/beddb4d22f71a7230c5b90913270a0ee"},"headline":"Patrimonio Cultural de Caral contribuye en el desarrollo de pobladores del valle de Supe y de Huaura","datePublished":"2023-09-05T20:34:39+00:00","mainEntityOfPage":{"@id":"https:\/\/zonacaral.gob.pe\/es\/noticias\/patrimonio-cultural-de-caral-contribuye-en-el-desarrollo-de-pobladores-del-valle-de-supe-y-de-huaura\/"},"wordCount":628,"image":{"@id":"https:\/\/zonacaral.gob.pe\/es\/noticias\/patrimonio-cultural-de-caral-contribuye-en-el-desarrollo-de-pobladores-del-valle-de-supe-y-de-huaura\/#primaryimage"},"thumbnailUrl":"https:\/\/zonacaral.gob.pe\/wp-content\/uploads\/2023\/09\/rela-1.png","keywords":["caral","Cultura"],"articleSection":["noticias"],"inLanguage":"es-PE"},{"@type":"WebPage","@id":"https:\/\/zonacaral.gob.pe\/es\/noticias\/patrimonio-cultural-de-caral-contribuye-en-el-desarrollo-de-pobladores-del-valle-de-supe-y-de-huaura\/","url":"https:\/\/zonacaral.gob.pe\/es\/noticias\/patrimonio-cultural-de-caral-contribuye-en-el-desarrollo-de-pobladores-del-valle-de-supe-y-de-huaura\/","name":"Patrimonio Cultural de Caral contribuye en el desarrollo de pobladores del valle de Supe y de Huaura","isPartOf":{"@id":"https:\/\/zonacaral.gob.pe\/es\/#website"},"primaryImageOfPage":{"@id":"https:\/\/zonacaral.gob.pe\/es\/noticias\/patrimonio-cultural-de-caral-contribuye-en-el-desarrollo-de-pobladores-del-valle-de-supe-y-de-huaura\/#primaryimage"},"image":{"@id":"https:\/\/zonacaral.gob.pe\/es\/noticias\/patrimonio-cultural-de-caral-contribuye-en-el-desarrollo-de-pobladores-del-valle-de-supe-y-de-huaura\/#primaryimage"},"thumbnailUrl":"https:\/\/zonacaral.gob.pe\/wp-content\/uploads\/2023\/09\/rela-1.png","datePublished":"2023-09-05T20:34:39+00:00","author":{"@id":"https:\/\/zonacaral.gob.pe\/es\/#\/schema\/person\/beddb4d22f71a7230c5b90913270a0ee"},"description":"La Zona Arqueol\u00f3gica Caral (ZAC), Unidad Ejecutora 003 del Ministerio de Cultura, present\u00f3 en la sala de cine Armando Robles Godoy, diez cortos documentales producidos en el marco del programa: \u00abNarraci\u00f3n Audiovisual Comunitaria - Caral 2023\u00bb, en donde pobladoras y pobladores del valle de Supe y de Huaura cuentan aspectos de su vida y de la forma en que fueron influenciados, de manera positiva, por las investigaciones realizadas sobre la civilizaci\u00f3n Caral.\u00a0","breadcrumb":{"@id":"https:\/\/zonacaral.gob.pe\/es\/noticias\/patrimonio-cultural-de-caral-contribuye-en-el-desarrollo-de-pobladores-del-valle-de-supe-y-de-huaura\/#breadcrumb"},"inLanguage":"es-PE","potentialAction":[{"@type":"ReadAction","target":["https:\/\/zonacaral.gob.pe\/es\/noticias\/patrimonio-cultural-de-caral-contribuye-en-el-desarrollo-de-pobladores-del-valle-de-supe-y-de-huaura\/"]}]},{"@type":"ImageObject","inLanguage":"es-PE","@id":"https:\/\/zonacaral.gob.pe\/es\/noticias\/patrimonio-cultural-de-caral-contribuye-en-el-desarrollo-de-pobladores-del-valle-de-supe-y-de-huaura\/#primaryimage","url":"https:\/\/zonacaral.gob.pe\/wp-content\/uploads\/2023\/09\/rela-1.png","contentUrl":"https:\/\/zonacaral.gob.pe\/wp-content\/uploads\/2023\/09\/rela-1.png","width":1000,"height":600},{"@type":"BreadcrumbList","@id":"https:\/\/zonacaral.gob.pe\/es\/noticias\/patrimonio-cultural-de-caral-contribuye-en-el-desarrollo-de-pobladores-del-valle-de-supe-y-de-huaura\/#breadcrumb","itemListElement":[{"@type":"ListItem","position":1,"name":"Portada","item":"https:\/\/zonacaral.gob.pe\/"},{"@type":"ListItem","position":2,"name":"Patrimonio Cultural de Caral contribuye en el desarrollo de pobladores del valle de Supe y de Huaura"}]},{"@type":"WebSite","@id":"https:\/\/zonacaral.gob.pe\/es\/#website","url":"https:\/\/zonacaral.gob.pe\/es\/","name":"Zona Caral","description":"Investigamos, conservamos y difundimos el patrimonio cultural de la Civilizaci\u00f3n Caral, la m\u00e1s antigua de Am\u00e9rica.","potentialAction":[{"@type":"SearchAction","target":{"@type":"EntryPoint","urlTemplate":"https:\/\/zonacaral.gob.pe\/es\/?s={search_term_string}"},"query-input":{"@type":"PropertyValueSpecification","valueRequired":true,"valueName":"search_term_string"}}],"inLanguage":"es-PE"},{"@type":"Person","@id":"https:\/\/zonacaral.gob.pe\/es\/#\/schema\/person\/beddb4d22f71a7230c5b90913270a0ee","name":"Zona Caral Administrador","image":{"@type":"ImageObject","inLanguage":"es-PE","@id":"https:\/\/secure.gravatar.com\/avatar\/e4be162918a696358376de6446614e0f0f4062bdc5d170d6d540ada3d8b58c12?s=96&d=mm&r=g","url":"https:\/\/secure.gravatar.com\/avatar\/e4be162918a696358376de6446614e0f0f4062bdc5d170d6d540ada3d8b58c12?s=96&d=mm&r=g","contentUrl":"https:\/\/secure.gravatar.com\/avatar\/e4be162918a696358376de6446614e0f0f4062bdc5d170d6d540ada3d8b58c12?s=96&d=mm&r=g","caption":"Zona Caral Administrador"},"sameAs":["https:\/\/zonacaral.gob.pe"],"url":"https:\/\/zonacaral.gob.pe\/es\/noticias\/author\/ad_zonacaral\/"}]}},"_links":{"self":[{"href":"https:\/\/zonacaral.gob.pe\/es\/wp-json\/wp\/v2\/posts\/16983","targetHints":{"allow":["GET"]}}],"collection":[{"href":"https:\/\/zonacaral.gob.pe\/es\/wp-json\/wp\/v2\/posts"}],"about":[{"href":"https:\/\/zonacaral.gob.pe\/es\/wp-json\/wp\/v2\/types\/post"}],"author":[{"embeddable":true,"href":"https:\/\/zonacaral.gob.pe\/es\/wp-json\/wp\/v2\/users\/1"}],"replies":[{"embeddable":true,"href":"https:\/\/zonacaral.gob.pe\/es\/wp-json\/wp\/v2\/comments?post=16983"}],"version-history":[{"count":0,"href":"https:\/\/zonacaral.gob.pe\/es\/wp-json\/wp\/v2\/posts\/16983\/revisions"}],"wp:featuredmedia":[{"embeddable":true,"href":"https:\/\/zonacaral.gob.pe\/es\/wp-json\/wp\/v2\/media\/16985"}],"wp:attachment":[{"href":"https:\/\/zonacaral.gob.pe\/es\/wp-json\/wp\/v2\/media?parent=16983"}],"wp:term":[{"taxonomy":"category","embeddable":true,"href":"https:\/\/zonacaral.gob.pe\/es\/wp-json\/wp\/v2\/categories?post=16983"},{"taxonomy":"post_tag","embeddable":true,"href":"https:\/\/zonacaral.gob.pe\/es\/wp-json\/wp\/v2\/tags?post=16983"}],"curies":[{"name":"wp","href":"https:\/\/api.w.org\/{rel}","templated":true}]}}