{"id":16992,"date":"2023-09-08T08:28:40","date_gmt":"2023-09-08T13:28:40","guid":{"rendered":"https:\/\/www.zonacaral.gob.pe\/?p=16992"},"modified":"2023-09-08T08:28:40","modified_gmt":"2023-09-08T13:28:40","slug":"civilizacion-caral-hallazgo-de-maqueta-demuestra-la-planificacion-de-los-antiguos-centros-urbanos","status":"publish","type":"post","link":"https:\/\/zonacaral.gob.pe\/es\/noticias\/civilizacion-caral-hallazgo-de-maqueta-demuestra-la-planificacion-de-los-antiguos-centros-urbanos\/","title":{"rendered":"Civilizaci\u00f3n Caral: hallazgo de maqueta demuestra la planificaci\u00f3n de los antiguos centros urbanos"},"content":{"rendered":"<figure class=\"pic-autor\" style=\"color: #4d4d4d; text-align: justify;\"><\/figure>\n<div class=\"gmail_default\" style=\"text-align: justify;\">\n<blockquote><p><span style=\"font-weight: 400;\">Dise\u00f1o, planeamiento y urbanismo milenario.<\/span><\/p><\/blockquote>\n<p><span style=\"font-weight: 400;\">Las investigaciones realizadas desde 2012 en el antiguo centro urbano El Molino del valle de Supe, donde floreci\u00f3 la civilizaci\u00f3n Caral, bajo la direcci\u00f3n de la doctora Ruth Shady Sol\u00eds, directora de la Zona Arqueol\u00f3gica Caral (ZAC), Unidad Ejecutora 003 del Ministerio de Cultura, han revelado detalles asociados a la planificaci\u00f3n y organizaci\u00f3n de los antiguos centros urbanos andinos.<\/span><\/p>\n<p><span style=\"font-weight: 400;\">En la cima del edificio p\u00fablico (subsector C1) de El Molino, asentamiento ubicado en la secci\u00f3n baja del valle de Supe (provincia de Barranca \u2013 Regi\u00f3n Lima), \u00e1rea norcentral del Per\u00fa, los arque\u00f3logos descubrieron una maqueta bien conservada, que revela un dise\u00f1o urbano, constituido por un conjunto de edificios piramidales, cuyas fachadas principales se orientaban a un espacio central p\u00fablico. Demuestra la planificaci\u00f3n de los antiguos urbanistas de los Andes.<\/span><\/p>\n<p><span style=\"font-weight: 400;\">La maqueta fue elaborada con arcilla y peque\u00f1os cantos rodados (piedras de r\u00edo). Est\u00e1 compuesta por siete edificios, que tienen una altura promedio de 20 cent\u00edmetros, con aproximadamente un 1 m a 1.20 m de lado.<\/span><\/p>\n<p><span style=\"font-weight: 400;\">Esta maqueta, descubierta en 2017, fue estudiada y conservada por los arque\u00f3logos de la ZAC, y ha venido siendo presentada como una evidencia excepcional de la existencia de especialistas en arquitectura, cuyo trabajo consisti\u00f3 en planificar el dise\u00f1o urbano de los asentamientos, distribuidos en la variada ecolog\u00eda del valle.<\/span><\/p>\n<p><strong>EL MOLINO<\/strong><\/p>\n<p><span style=\"font-weight: 400;\">Entre los a\u00f1os 1994 y 1995, la arque\u00f3loga Ruth Shady y su equipo de investigaci\u00f3n realizaron una prospecci\u00f3n arqueol\u00f3gica en el valle de Supe e incluyeron a El Molino entre los centros urbanos tempranos del valle. Este asentamiento tiene un \u00e1rea de 7.57 hect\u00e1reas, y fue construido sobre una planicie aluvial formada por dep\u00f3sitos de arcilla provenientes del r\u00edo Supe.<\/span><\/p>\n<p><span style=\"font-weight: 400;\">La ubicaci\u00f3n del asentamiento, perteneciente al Periodo Formativo (2200-1500 a. C.), permit\u00eda a sus pobladores un f\u00e1cil acceso a los recursos del r\u00edo y del bosque ribere\u00f1o, a los manantiales, las tierras de cultivo y a los caminos que conduc\u00edan a la quebrada Tayta Laynes y el litoral. El 1 de agosto de 2002 el sitio arqueol\u00f3gico fue declarado Patrimonio Cultural de la Naci\u00f3n.<\/span><\/p>\n<p><span style=\"font-weight: 400;\">El Molino estuvo conformado por un edificio p\u00fablico piramidal mayor (Sector A) y dos edificios p\u00fablicos piramidales menores (sectores B y C). Estas edificaciones fueron erigidas alrededor de un espacio p\u00fablico abierto de casi una hect\u00e1rea de extensi\u00f3n. En la parte posterior de los edificios de los sectores A y B, se ubica el sector E donde se encontraron restos de viviendas. Asimismo, a algunos metros al suroeste de las edificaciones instalaron un peque\u00f1o conjunto residencial (Sector D).<\/span><\/p>\n<p><span style=\"font-weight: 400;\">En los dep\u00f3sitos de los edificios piramidales mayor y menor se han recuperado restos de moluscos marinos, como choro zapato, macha, oliva, caracol negro y chanque. Entre los peces, anchoveta y sardina. Tambi\u00e9n hay restos vegetales, como guayaba, zapallo, frijol y algod\u00f3n. Se trataba, en suma, de una econom\u00eda de subsistencia mixta, agropesquera, potenciada por el intercambio del algod\u00f3n.<\/span><\/p>\n<p><span style=\"font-weight: 400;\">Por las caracter\u00edsticas de los componentes de la urbe, puede afirmarse que la sociedad de El Molino estuvo jerarquizada. Los salones con fogones centrales rodeados por banquetas, ubicados en la cima de los edificios, son testimonio de la realizaci\u00f3n de ceremonias en las que participaban pobladores de \u00e9lite.<\/span><\/p>\n<p><span style=\"font-weight: 400;\">Adem\u00e1s, el imponente tama\u00f1o de los edificios fue resultado de la capacidad de los conductores de ellos para gestionar el dise\u00f1o y la fuerza de trabajo necesarios para construirlos. Sus funciones habr\u00edan estado relacionadas con la articulaci\u00f3n del flujo de recursos que circulaban entre el litoral y otros centros urbanos como Piedra Parada y Era de Pando.<\/span><\/p>\n<p><strong>DATO<\/strong><\/p>\n<p><span style=\"font-weight: 400;\">Por el momento este centro urbano no est\u00e1 abierto al p\u00fablico, pero se realizan a diario labores de investigaci\u00f3n, conservaci\u00f3n y protecci\u00f3n del sitio arqueol\u00f3gico.<\/span><\/p>\n<p><span style=\"font-weight: 400;\">Desde 1994, la Zona Arqueol\u00f3gica Caral, bajo la direcci\u00f3n de la doctora Ruth Shady Sol\u00eds, investiga en doce centros urbanos, de 25 identificados, vinculados con la civilizaci\u00f3n Caral, considerada como uno de los focos civilizatorios del mundo y el primero del continente americano.<\/span><\/p>\n<p><strong style=\"font-size: inherit; text-align: justify;\">Fuente: Comunicaci\u00f3n e Imagen Institucional ZAC<\/strong><\/p>\n<\/div>\n<div style=\"color: #1f1f1f;\">\n<div style=\"color: #1f1f1f;\">\n<p style=\"text-align: justify;\">Fecha de publicaci\u00f3n: 08\/09\/2023<\/p>\n<\/div>\n<\/div>\n","protected":false},"excerpt":{"rendered":"<p>Dise\u00f1o, planeamiento y urbanismo milenario. Las investigaciones realizadas desde 2012 en el antiguo centro urbano El Molino del valle de [&hellip;]<\/p>\n","protected":false},"author":1,"featured_media":16995,"comment_status":"closed","ping_status":"open","sticky":false,"template":"","format":"standard","meta":{"_acf_changed":false,"site-sidebar-layout":"default","site-content-layout":"","ast-site-content-layout":"default","site-content-style":"default","site-sidebar-style":"default","ast-global-header-display":"","ast-banner-title-visibility":"","ast-main-header-display":"","ast-hfb-above-header-display":"","ast-hfb-below-header-display":"","ast-hfb-mobile-header-display":"","site-post-title":"","ast-breadcrumbs-content":"","ast-featured-img":"","footer-sml-layout":"","ast-disable-related-posts":"","theme-transparent-header-meta":"","adv-header-id-meta":"","stick-header-meta":"","header-above-stick-meta":"","header-main-stick-meta":"","header-below-stick-meta":"","astra-migrate-meta-layouts":"default","ast-page-background-enabled":"default","ast-page-background-meta":{"desktop":{"background-color":"var(--ast-global-color-5)","background-image":"","background-repeat":"repeat","background-position":"center center","background-size":"auto","background-attachment":"scroll","background-type":"","background-media":"","overlay-type":"","overlay-color":"","overlay-opacity":"","overlay-gradient":""},"tablet":{"background-color":"","background-image":"","background-repeat":"repeat","background-position":"center center","background-size":"auto","background-attachment":"scroll","background-type":"","background-media":"","overlay-type":"","overlay-color":"","overlay-opacity":"","overlay-gradient":""},"mobile":{"background-color":"","background-image":"","background-repeat":"repeat","background-position":"center center","background-size":"auto","background-attachment":"scroll","background-type":"","background-media":"","overlay-type":"","overlay-color":"","overlay-opacity":"","overlay-gradient":""}},"ast-content-background-meta":{"desktop":{"background-color":"var(--ast-global-color-4)","background-image":"","background-repeat":"repeat","background-position":"center center","background-size":"auto","background-attachment":"scroll","background-type":"","background-media":"","overlay-type":"","overlay-color":"","overlay-opacity":"","overlay-gradient":""},"tablet":{"background-color":"var(--ast-global-color-4)","background-image":"","background-repeat":"repeat","background-position":"center center","background-size":"auto","background-attachment":"scroll","background-type":"","background-media":"","overlay-type":"","overlay-color":"","overlay-opacity":"","overlay-gradient":""},"mobile":{"background-color":"var(--ast-global-color-4)","background-image":"","background-repeat":"repeat","background-position":"center center","background-size":"auto","background-attachment":"scroll","background-type":"","background-media":"","overlay-type":"","overlay-color":"","overlay-opacity":"","overlay-gradient":""}},"footnotes":""},"categories":[208],"tags":[55,72],"class_list":["post-16992","post","type-post","status-publish","format-standard","has-post-thumbnail","hentry","category-noticias","tag-caral","tag-cultura"],"acf":[],"yoast_head":"<!-- This site is optimized with the Yoast SEO plugin v27.3 - https:\/\/yoast.com\/product\/yoast-seo-wordpress\/ -->\n<title>Civilizaci\u00f3n Caral: hallazgo de maqueta demuestra la planificaci\u00f3n de los antiguos centros urbanos<\/title>\n<meta name=\"description\" content=\"Las investigaciones realizadas desde 2012 en el antiguo centro urbano El Molino del valle de Supe, donde floreci\u00f3 la civilizaci\u00f3n Caral, bajo la direcci\u00f3n de la doctora Ruth Shady Sol\u00eds, directora de la Zona Arqueol\u00f3gica Caral (ZAC), Unidad Ejecutora 003 del Ministerio de Cultura, han revelado detalles asociados a la planificaci\u00f3n y organizaci\u00f3n de los antiguos centros urbanos andinos.\" \/>\n<meta name=\"robots\" content=\"index, follow, max-snippet:-1, max-image-preview:large, max-video-preview:-1\" \/>\n<link rel=\"canonical\" href=\"https:\/\/zonacaral.gob.pe\/es\/noticias\/civilizacion-caral-hallazgo-de-maqueta-demuestra-la-planificacion-de-los-antiguos-centros-urbanos\/\" \/>\n<meta property=\"og:locale\" content=\"es_ES\" \/>\n<meta property=\"og:type\" content=\"article\" \/>\n<meta property=\"og:title\" content=\"Civilizaci\u00f3n Caral: hallazgo de maqueta demuestra la planificaci\u00f3n de los antiguos centros urbanos\" \/>\n<meta property=\"og:description\" content=\"Las investigaciones realizadas desde 2012 en el antiguo centro urbano El Molino del valle de Supe, donde floreci\u00f3 la civilizaci\u00f3n Caral, bajo la direcci\u00f3n de la doctora Ruth Shady Sol\u00eds, directora de la Zona Arqueol\u00f3gica Caral (ZAC), Unidad Ejecutora 003 del Ministerio de Cultura, han revelado detalles asociados a la planificaci\u00f3n y organizaci\u00f3n de los antiguos centros urbanos andinos.\" \/>\n<meta property=\"og:url\" content=\"https:\/\/zonacaral.gob.pe\/es\/noticias\/civilizacion-caral-hallazgo-de-maqueta-demuestra-la-planificacion-de-los-antiguos-centros-urbanos\/\" \/>\n<meta property=\"og:site_name\" content=\"Zona Caral\" \/>\n<meta property=\"article:published_time\" content=\"2023-09-08T13:28:40+00:00\" \/>\n<meta property=\"og:image\" content=\"https:\/\/zonacaral.gob.pe\/wp-content\/uploads\/2023\/09\/Maqueta-6.png\" \/>\n\t<meta property=\"og:image:width\" content=\"1040\" \/>\n\t<meta property=\"og:image:height\" content=\"640\" \/>\n\t<meta property=\"og:image:type\" content=\"image\/png\" \/>\n<meta name=\"author\" content=\"Zona Caral Administrador\" \/>\n<meta name=\"twitter:card\" content=\"summary_large_image\" \/>\n<meta name=\"twitter:label1\" content=\"Written by\" \/>\n\t<meta name=\"twitter:data1\" content=\"Zona Caral Administrador\" \/>\n\t<meta name=\"twitter:label2\" content=\"Est. reading time\" \/>\n\t<meta name=\"twitter:data2\" content=\"4 minutos\" \/>\n<script type=\"application\/ld+json\" class=\"yoast-schema-graph\">{\"@context\":\"https:\\\/\\\/schema.org\",\"@graph\":[{\"@type\":\"Article\",\"@id\":\"https:\\\/\\\/zonacaral.gob.pe\\\/es\\\/noticias\\\/civilizacion-caral-hallazgo-de-maqueta-demuestra-la-planificacion-de-los-antiguos-centros-urbanos\\\/#article\",\"isPartOf\":{\"@id\":\"https:\\\/\\\/zonacaral.gob.pe\\\/es\\\/noticias\\\/civilizacion-caral-hallazgo-de-maqueta-demuestra-la-planificacion-de-los-antiguos-centros-urbanos\\\/\"},\"author\":{\"name\":\"Zona Caral Administrador\",\"@id\":\"https:\\\/\\\/zonacaral.gob.pe\\\/es\\\/#\\\/schema\\\/person\\\/beddb4d22f71a7230c5b90913270a0ee\"},\"headline\":\"Civilizaci\u00f3n Caral: hallazgo de maqueta demuestra la planificaci\u00f3n de los antiguos centros urbanos\",\"datePublished\":\"2023-09-08T13:28:40+00:00\",\"mainEntityOfPage\":{\"@id\":\"https:\\\/\\\/zonacaral.gob.pe\\\/es\\\/noticias\\\/civilizacion-caral-hallazgo-de-maqueta-demuestra-la-planificacion-de-los-antiguos-centros-urbanos\\\/\"},\"wordCount\":731,\"image\":{\"@id\":\"https:\\\/\\\/zonacaral.gob.pe\\\/es\\\/noticias\\\/civilizacion-caral-hallazgo-de-maqueta-demuestra-la-planificacion-de-los-antiguos-centros-urbanos\\\/#primaryimage\"},\"thumbnailUrl\":\"https:\\\/\\\/zonacaral.gob.pe\\\/wp-content\\\/uploads\\\/2023\\\/09\\\/Maqueta-6.png\",\"keywords\":[\"caral\",\"Cultura\"],\"articleSection\":[\"noticias\"],\"inLanguage\":\"es-PE\"},{\"@type\":\"WebPage\",\"@id\":\"https:\\\/\\\/zonacaral.gob.pe\\\/es\\\/noticias\\\/civilizacion-caral-hallazgo-de-maqueta-demuestra-la-planificacion-de-los-antiguos-centros-urbanos\\\/\",\"url\":\"https:\\\/\\\/zonacaral.gob.pe\\\/es\\\/noticias\\\/civilizacion-caral-hallazgo-de-maqueta-demuestra-la-planificacion-de-los-antiguos-centros-urbanos\\\/\",\"name\":\"Civilizaci\u00f3n Caral: hallazgo de maqueta demuestra la planificaci\u00f3n de los antiguos centros urbanos\",\"isPartOf\":{\"@id\":\"https:\\\/\\\/zonacaral.gob.pe\\\/es\\\/#website\"},\"primaryImageOfPage\":{\"@id\":\"https:\\\/\\\/zonacaral.gob.pe\\\/es\\\/noticias\\\/civilizacion-caral-hallazgo-de-maqueta-demuestra-la-planificacion-de-los-antiguos-centros-urbanos\\\/#primaryimage\"},\"image\":{\"@id\":\"https:\\\/\\\/zonacaral.gob.pe\\\/es\\\/noticias\\\/civilizacion-caral-hallazgo-de-maqueta-demuestra-la-planificacion-de-los-antiguos-centros-urbanos\\\/#primaryimage\"},\"thumbnailUrl\":\"https:\\\/\\\/zonacaral.gob.pe\\\/wp-content\\\/uploads\\\/2023\\\/09\\\/Maqueta-6.png\",\"datePublished\":\"2023-09-08T13:28:40+00:00\",\"author\":{\"@id\":\"https:\\\/\\\/zonacaral.gob.pe\\\/es\\\/#\\\/schema\\\/person\\\/beddb4d22f71a7230c5b90913270a0ee\"},\"description\":\"Las investigaciones realizadas desde 2012 en el antiguo centro urbano El Molino del valle de Supe, donde floreci\u00f3 la civilizaci\u00f3n Caral, bajo la direcci\u00f3n de la doctora Ruth Shady Sol\u00eds, directora de la Zona Arqueol\u00f3gica Caral (ZAC), Unidad Ejecutora 003 del Ministerio de Cultura, han revelado detalles asociados a la planificaci\u00f3n y organizaci\u00f3n de los antiguos centros urbanos andinos.\",\"breadcrumb\":{\"@id\":\"https:\\\/\\\/zonacaral.gob.pe\\\/es\\\/noticias\\\/civilizacion-caral-hallazgo-de-maqueta-demuestra-la-planificacion-de-los-antiguos-centros-urbanos\\\/#breadcrumb\"},\"inLanguage\":\"es-PE\",\"potentialAction\":[{\"@type\":\"ReadAction\",\"target\":[\"https:\\\/\\\/zonacaral.gob.pe\\\/es\\\/noticias\\\/civilizacion-caral-hallazgo-de-maqueta-demuestra-la-planificacion-de-los-antiguos-centros-urbanos\\\/\"]}]},{\"@type\":\"ImageObject\",\"inLanguage\":\"es-PE\",\"@id\":\"https:\\\/\\\/zonacaral.gob.pe\\\/es\\\/noticias\\\/civilizacion-caral-hallazgo-de-maqueta-demuestra-la-planificacion-de-los-antiguos-centros-urbanos\\\/#primaryimage\",\"url\":\"https:\\\/\\\/zonacaral.gob.pe\\\/wp-content\\\/uploads\\\/2023\\\/09\\\/Maqueta-6.png\",\"contentUrl\":\"https:\\\/\\\/zonacaral.gob.pe\\\/wp-content\\\/uploads\\\/2023\\\/09\\\/Maqueta-6.png\",\"width\":1040,\"height\":640},{\"@type\":\"BreadcrumbList\",\"@id\":\"https:\\\/\\\/zonacaral.gob.pe\\\/es\\\/noticias\\\/civilizacion-caral-hallazgo-de-maqueta-demuestra-la-planificacion-de-los-antiguos-centros-urbanos\\\/#breadcrumb\",\"itemListElement\":[{\"@type\":\"ListItem\",\"position\":1,\"name\":\"Portada\",\"item\":\"https:\\\/\\\/zonacaral.gob.pe\\\/\"},{\"@type\":\"ListItem\",\"position\":2,\"name\":\"Civilizaci\u00f3n Caral: hallazgo de maqueta demuestra la planificaci\u00f3n de los antiguos centros urbanos\"}]},{\"@type\":\"WebSite\",\"@id\":\"https:\\\/\\\/zonacaral.gob.pe\\\/es\\\/#website\",\"url\":\"https:\\\/\\\/zonacaral.gob.pe\\\/es\\\/\",\"name\":\"Zona Caral\",\"description\":\"Investigamos, conservamos y difundimos el patrimonio cultural de la Civilizaci\u00f3n Caral, la m\u00e1s antigua de Am\u00e9rica.\",\"potentialAction\":[{\"@type\":\"SearchAction\",\"target\":{\"@type\":\"EntryPoint\",\"urlTemplate\":\"https:\\\/\\\/zonacaral.gob.pe\\\/es\\\/?s={search_term_string}\"},\"query-input\":{\"@type\":\"PropertyValueSpecification\",\"valueRequired\":true,\"valueName\":\"search_term_string\"}}],\"inLanguage\":\"es-PE\"},{\"@type\":\"Person\",\"@id\":\"https:\\\/\\\/zonacaral.gob.pe\\\/es\\\/#\\\/schema\\\/person\\\/beddb4d22f71a7230c5b90913270a0ee\",\"name\":\"Zona Caral Administrador\",\"image\":{\"@type\":\"ImageObject\",\"inLanguage\":\"es-PE\",\"@id\":\"https:\\\/\\\/secure.gravatar.com\\\/avatar\\\/e4be162918a696358376de6446614e0f0f4062bdc5d170d6d540ada3d8b58c12?s=96&d=mm&r=g\",\"url\":\"https:\\\/\\\/secure.gravatar.com\\\/avatar\\\/e4be162918a696358376de6446614e0f0f4062bdc5d170d6d540ada3d8b58c12?s=96&d=mm&r=g\",\"contentUrl\":\"https:\\\/\\\/secure.gravatar.com\\\/avatar\\\/e4be162918a696358376de6446614e0f0f4062bdc5d170d6d540ada3d8b58c12?s=96&d=mm&r=g\",\"caption\":\"Zona Caral Administrador\"},\"sameAs\":[\"https:\\\/\\\/zonacaral.gob.pe\"],\"url\":\"https:\\\/\\\/zonacaral.gob.pe\\\/es\\\/noticias\\\/author\\\/ad_zonacaral\\\/\"}]}<\/script>\n<!-- \/ Yoast SEO plugin. -->","yoast_head_json":{"title":"Civilizaci\u00f3n Caral: hallazgo de maqueta demuestra la planificaci\u00f3n de los antiguos centros urbanos","description":"Las investigaciones realizadas desde 2012 en el antiguo centro urbano El Molino del valle de Supe, donde floreci\u00f3 la civilizaci\u00f3n Caral, bajo la direcci\u00f3n de la doctora Ruth Shady Sol\u00eds, directora de la Zona Arqueol\u00f3gica Caral (ZAC), Unidad Ejecutora 003 del Ministerio de Cultura, han revelado detalles asociados a la planificaci\u00f3n y organizaci\u00f3n de los antiguos centros urbanos andinos.","robots":{"index":"index","follow":"follow","max-snippet":"max-snippet:-1","max-image-preview":"max-image-preview:large","max-video-preview":"max-video-preview:-1"},"canonical":"https:\/\/zonacaral.gob.pe\/es\/noticias\/civilizacion-caral-hallazgo-de-maqueta-demuestra-la-planificacion-de-los-antiguos-centros-urbanos\/","og_locale":"es_ES","og_type":"article","og_title":"Civilizaci\u00f3n Caral: hallazgo de maqueta demuestra la planificaci\u00f3n de los antiguos centros urbanos","og_description":"Las investigaciones realizadas desde 2012 en el antiguo centro urbano El Molino del valle de Supe, donde floreci\u00f3 la civilizaci\u00f3n Caral, bajo la direcci\u00f3n de la doctora Ruth Shady Sol\u00eds, directora de la Zona Arqueol\u00f3gica Caral (ZAC), Unidad Ejecutora 003 del Ministerio de Cultura, han revelado detalles asociados a la planificaci\u00f3n y organizaci\u00f3n de los antiguos centros urbanos andinos.","og_url":"https:\/\/zonacaral.gob.pe\/es\/noticias\/civilizacion-caral-hallazgo-de-maqueta-demuestra-la-planificacion-de-los-antiguos-centros-urbanos\/","og_site_name":"Zona Caral","article_published_time":"2023-09-08T13:28:40+00:00","og_image":[{"width":1040,"height":640,"url":"https:\/\/zonacaral.gob.pe\/wp-content\/uploads\/2023\/09\/Maqueta-6.png","type":"image\/png"}],"author":"Zona Caral Administrador","twitter_card":"summary_large_image","twitter_misc":{"Written by":"Zona Caral Administrador","Est. reading time":"4 minutos"},"schema":{"@context":"https:\/\/schema.org","@graph":[{"@type":"Article","@id":"https:\/\/zonacaral.gob.pe\/es\/noticias\/civilizacion-caral-hallazgo-de-maqueta-demuestra-la-planificacion-de-los-antiguos-centros-urbanos\/#article","isPartOf":{"@id":"https:\/\/zonacaral.gob.pe\/es\/noticias\/civilizacion-caral-hallazgo-de-maqueta-demuestra-la-planificacion-de-los-antiguos-centros-urbanos\/"},"author":{"name":"Zona Caral Administrador","@id":"https:\/\/zonacaral.gob.pe\/es\/#\/schema\/person\/beddb4d22f71a7230c5b90913270a0ee"},"headline":"Civilizaci\u00f3n Caral: hallazgo de maqueta demuestra la planificaci\u00f3n de los antiguos centros urbanos","datePublished":"2023-09-08T13:28:40+00:00","mainEntityOfPage":{"@id":"https:\/\/zonacaral.gob.pe\/es\/noticias\/civilizacion-caral-hallazgo-de-maqueta-demuestra-la-planificacion-de-los-antiguos-centros-urbanos\/"},"wordCount":731,"image":{"@id":"https:\/\/zonacaral.gob.pe\/es\/noticias\/civilizacion-caral-hallazgo-de-maqueta-demuestra-la-planificacion-de-los-antiguos-centros-urbanos\/#primaryimage"},"thumbnailUrl":"https:\/\/zonacaral.gob.pe\/wp-content\/uploads\/2023\/09\/Maqueta-6.png","keywords":["caral","Cultura"],"articleSection":["noticias"],"inLanguage":"es-PE"},{"@type":"WebPage","@id":"https:\/\/zonacaral.gob.pe\/es\/noticias\/civilizacion-caral-hallazgo-de-maqueta-demuestra-la-planificacion-de-los-antiguos-centros-urbanos\/","url":"https:\/\/zonacaral.gob.pe\/es\/noticias\/civilizacion-caral-hallazgo-de-maqueta-demuestra-la-planificacion-de-los-antiguos-centros-urbanos\/","name":"Civilizaci\u00f3n Caral: hallazgo de maqueta demuestra la planificaci\u00f3n de los antiguos centros urbanos","isPartOf":{"@id":"https:\/\/zonacaral.gob.pe\/es\/#website"},"primaryImageOfPage":{"@id":"https:\/\/zonacaral.gob.pe\/es\/noticias\/civilizacion-caral-hallazgo-de-maqueta-demuestra-la-planificacion-de-los-antiguos-centros-urbanos\/#primaryimage"},"image":{"@id":"https:\/\/zonacaral.gob.pe\/es\/noticias\/civilizacion-caral-hallazgo-de-maqueta-demuestra-la-planificacion-de-los-antiguos-centros-urbanos\/#primaryimage"},"thumbnailUrl":"https:\/\/zonacaral.gob.pe\/wp-content\/uploads\/2023\/09\/Maqueta-6.png","datePublished":"2023-09-08T13:28:40+00:00","author":{"@id":"https:\/\/zonacaral.gob.pe\/es\/#\/schema\/person\/beddb4d22f71a7230c5b90913270a0ee"},"description":"Las investigaciones realizadas desde 2012 en el antiguo centro urbano El Molino del valle de Supe, donde floreci\u00f3 la civilizaci\u00f3n Caral, bajo la direcci\u00f3n de la doctora Ruth Shady Sol\u00eds, directora de la Zona Arqueol\u00f3gica Caral (ZAC), Unidad Ejecutora 003 del Ministerio de Cultura, han revelado detalles asociados a la planificaci\u00f3n y organizaci\u00f3n de los antiguos centros urbanos andinos.","breadcrumb":{"@id":"https:\/\/zonacaral.gob.pe\/es\/noticias\/civilizacion-caral-hallazgo-de-maqueta-demuestra-la-planificacion-de-los-antiguos-centros-urbanos\/#breadcrumb"},"inLanguage":"es-PE","potentialAction":[{"@type":"ReadAction","target":["https:\/\/zonacaral.gob.pe\/es\/noticias\/civilizacion-caral-hallazgo-de-maqueta-demuestra-la-planificacion-de-los-antiguos-centros-urbanos\/"]}]},{"@type":"ImageObject","inLanguage":"es-PE","@id":"https:\/\/zonacaral.gob.pe\/es\/noticias\/civilizacion-caral-hallazgo-de-maqueta-demuestra-la-planificacion-de-los-antiguos-centros-urbanos\/#primaryimage","url":"https:\/\/zonacaral.gob.pe\/wp-content\/uploads\/2023\/09\/Maqueta-6.png","contentUrl":"https:\/\/zonacaral.gob.pe\/wp-content\/uploads\/2023\/09\/Maqueta-6.png","width":1040,"height":640},{"@type":"BreadcrumbList","@id":"https:\/\/zonacaral.gob.pe\/es\/noticias\/civilizacion-caral-hallazgo-de-maqueta-demuestra-la-planificacion-de-los-antiguos-centros-urbanos\/#breadcrumb","itemListElement":[{"@type":"ListItem","position":1,"name":"Portada","item":"https:\/\/zonacaral.gob.pe\/"},{"@type":"ListItem","position":2,"name":"Civilizaci\u00f3n Caral: hallazgo de maqueta demuestra la planificaci\u00f3n de los antiguos centros urbanos"}]},{"@type":"WebSite","@id":"https:\/\/zonacaral.gob.pe\/es\/#website","url":"https:\/\/zonacaral.gob.pe\/es\/","name":"Zona Caral","description":"Investigamos, conservamos y difundimos el patrimonio cultural de la Civilizaci\u00f3n Caral, la m\u00e1s antigua de Am\u00e9rica.","potentialAction":[{"@type":"SearchAction","target":{"@type":"EntryPoint","urlTemplate":"https:\/\/zonacaral.gob.pe\/es\/?s={search_term_string}"},"query-input":{"@type":"PropertyValueSpecification","valueRequired":true,"valueName":"search_term_string"}}],"inLanguage":"es-PE"},{"@type":"Person","@id":"https:\/\/zonacaral.gob.pe\/es\/#\/schema\/person\/beddb4d22f71a7230c5b90913270a0ee","name":"Zona Caral Administrador","image":{"@type":"ImageObject","inLanguage":"es-PE","@id":"https:\/\/secure.gravatar.com\/avatar\/e4be162918a696358376de6446614e0f0f4062bdc5d170d6d540ada3d8b58c12?s=96&d=mm&r=g","url":"https:\/\/secure.gravatar.com\/avatar\/e4be162918a696358376de6446614e0f0f4062bdc5d170d6d540ada3d8b58c12?s=96&d=mm&r=g","contentUrl":"https:\/\/secure.gravatar.com\/avatar\/e4be162918a696358376de6446614e0f0f4062bdc5d170d6d540ada3d8b58c12?s=96&d=mm&r=g","caption":"Zona Caral Administrador"},"sameAs":["https:\/\/zonacaral.gob.pe"],"url":"https:\/\/zonacaral.gob.pe\/es\/noticias\/author\/ad_zonacaral\/"}]}},"_links":{"self":[{"href":"https:\/\/zonacaral.gob.pe\/es\/wp-json\/wp\/v2\/posts\/16992","targetHints":{"allow":["GET"]}}],"collection":[{"href":"https:\/\/zonacaral.gob.pe\/es\/wp-json\/wp\/v2\/posts"}],"about":[{"href":"https:\/\/zonacaral.gob.pe\/es\/wp-json\/wp\/v2\/types\/post"}],"author":[{"embeddable":true,"href":"https:\/\/zonacaral.gob.pe\/es\/wp-json\/wp\/v2\/users\/1"}],"replies":[{"embeddable":true,"href":"https:\/\/zonacaral.gob.pe\/es\/wp-json\/wp\/v2\/comments?post=16992"}],"version-history":[{"count":0,"href":"https:\/\/zonacaral.gob.pe\/es\/wp-json\/wp\/v2\/posts\/16992\/revisions"}],"wp:featuredmedia":[{"embeddable":true,"href":"https:\/\/zonacaral.gob.pe\/es\/wp-json\/wp\/v2\/media\/16995"}],"wp:attachment":[{"href":"https:\/\/zonacaral.gob.pe\/es\/wp-json\/wp\/v2\/media?parent=16992"}],"wp:term":[{"taxonomy":"category","embeddable":true,"href":"https:\/\/zonacaral.gob.pe\/es\/wp-json\/wp\/v2\/categories?post=16992"},{"taxonomy":"post_tag","embeddable":true,"href":"https:\/\/zonacaral.gob.pe\/es\/wp-json\/wp\/v2\/tags?post=16992"}],"curies":[{"name":"wp","href":"https:\/\/api.w.org\/{rel}","templated":true}]}}