{"id":17002,"date":"2023-09-08T16:00:23","date_gmt":"2023-09-08T21:00:23","guid":{"rendered":"https:\/\/www.zonacaral.gob.pe\/?p=17002"},"modified":"2023-09-08T16:00:23","modified_gmt":"2023-09-08T21:00:23","slug":"doctora-ruth-shady-transmitio-los-valores-de-caral-a-pobladores-de-cocharcas","status":"publish","type":"post","link":"https:\/\/zonacaral.gob.pe\/es\/noticias\/doctora-ruth-shady-transmitio-los-valores-de-caral-a-pobladores-de-cocharcas\/","title":{"rendered":"Doctora Ruth Shady transmiti\u00f3 los valores de Caral a pobladores de Cocharcas"},"content":{"rendered":"<figure class=\"pic-autor\" style=\"color: #4d4d4d; text-align: justify;\"><\/figure>\n<div class=\"gmail_default\" style=\"text-align: justify;\">\n<blockquote><p><i><span style=\"font-weight: 400;\">Difundiendo la importancia del patrimonio cultural de la civilizaci\u00f3n Caral.<\/span><\/i><\/p><\/blockquote>\n<p><span style=\"font-weight: 400;\">La directora de la Zona Arqueol\u00f3gica Caral (ZAC), Unidad Ejecutora 003 del Ministerio de Cultura, doctora Ruth Shady Sol\u00eds, transmiti\u00f3 los valores sociales y culturales de la civilizaci\u00f3n Caral, en una ponencia especial dirigida a los pobladores del distrito de Cocharcas, capital de la provincia de Chinchero, regi\u00f3n Apur\u00edmac.<\/span><\/p>\n<p><span style=\"font-weight: 400;\">La arque\u00f3loga fue invitada por las autoridades distritales para participar de las actividades, organizadas esta semana, por el 400 aniversario del Santuario Mamacha Cocharcas, ubicado en el municipio del mismo nombre. Tambi\u00e9n estuvo presente el antrop\u00f3logo Carlos Leyva Arroyo, subdirector de Relaciones Comunitarias de la ZAC. En este lugar fueron recibidos por el alcalde distrital Jaime Ch\u00e1vez Lude\u00f1a, entre otras autoridades.<\/span><\/p>\n<p><span style=\"font-weight: 400;\">La doctora Shady Sol\u00eds cont\u00f3 a los pobladores de Cocharcas, y visitantes de otros lugares, c\u00f3mo empezaron las investigaciones realizadas sobre el desarrollo de la civilizaci\u00f3n Caral, desde 1994. Detall\u00f3 los centros urbanos que identificaron tras una prospecci\u00f3n arqueol\u00f3gica y los hallazgos que se han realizado en cada uno de ellos.<\/span><\/p>\n<p><span style=\"font-weight: 400;\">Explic\u00f3 que, con el objetivo de transmitir estos hallazgos y que no solo se queden en el campo acad\u00e9mico, se han realizado diversas publicaciones y exposiciones museogr\u00e1ficas itinerantes, las cuales buscan difundir los valores sociales y culturales identificados en esta civilizaci\u00f3n, la primera del continente americano.<\/span><\/p>\n<p><strong>RECONOCIMIENTO<\/strong><\/p>\n<p><span style=\"font-weight: 400;\">Los investigadores sanmarquinos recibieron un reconocimiento por parte del alcalde del distrito de Cocharcas. Mediante resoluci\u00f3n de alcald\u00eda la doctora Ruth Shady y el mag\u00edster Carlos Leyva fueron reconocidos como \u201chu\u00e9spedes ilustres\u201d de dicha comuna, en el marco del \u201cEncuentro Nacional de Autoridades en conmemoraci\u00f3n de los 400 a\u00f1os del Santuario Mamacha Cocharcas\u201d.<\/span><\/p>\n<p><strong>VISITA A SITIO ARQUEOL\u00d3GICO<\/strong><\/p>\n<p><span style=\"font-weight: 400;\">Asimismo, la doctora Ruth Shady y el mag\u00edster Carlos Leyva visitaron el sitio arqueol\u00f3gico Paccayranra. Se trata de una ciudadela Chanka ubicada en Chincheros, regi\u00f3n Apur\u00edmac, que tiene aproximadamente 60 hect\u00e1reas de extensi\u00f3n y que es el atractivo tur\u00edstico del lugar.<\/span><\/p>\n<p><span style=\"font-weight: 400;\">De este modo, la principal investigadora de la civilizaci\u00f3n Caral, contin\u00faa transmitiendo los valores de la civilizaci\u00f3n Caral, con el fin de promover el inter\u00e9s por conocer nuestra historia; y, principalmente, se identifiquen y sientan orgullosos de su herencia cultural milenaria. <\/span><\/p>\n<p><strong style=\"font-size: inherit; text-align: justify;\">Fuente: Comunicaci\u00f3n e Imagen Institucional ZAC<\/strong><\/p>\n<\/div>\n<div style=\"color: #1f1f1f;\">\n<div style=\"color: #1f1f1f;\">\n<p style=\"text-align: justify;\">Fecha de publicaci\u00f3n: 08\/09\/2023<\/p>\n<\/div>\n<\/div>\n","protected":false},"excerpt":{"rendered":"<p>Difundiendo la importancia del patrimonio cultural de la civilizaci\u00f3n Caral. La directora de la Zona Arqueol\u00f3gica Caral (ZAC), Unidad Ejecutora [&hellip;]<\/p>\n","protected":false},"author":1,"featured_media":17010,"comment_status":"closed","ping_status":"open","sticky":false,"template":"","format":"standard","meta":{"_acf_changed":false,"site-sidebar-layout":"default","site-content-layout":"","ast-site-content-layout":"default","site-content-style":"default","site-sidebar-style":"default","ast-global-header-display":"","ast-banner-title-visibility":"","ast-main-header-display":"","ast-hfb-above-header-display":"","ast-hfb-below-header-display":"","ast-hfb-mobile-header-display":"","site-post-title":"","ast-breadcrumbs-content":"","ast-featured-img":"","footer-sml-layout":"","ast-disable-related-posts":"","theme-transparent-header-meta":"","adv-header-id-meta":"","stick-header-meta":"","header-above-stick-meta":"","header-main-stick-meta":"","header-below-stick-meta":"","astra-migrate-meta-layouts":"default","ast-page-background-enabled":"default","ast-page-background-meta":{"desktop":{"background-color":"var(--ast-global-color-5)","background-image":"","background-repeat":"repeat","background-position":"center center","background-size":"auto","background-attachment":"scroll","background-type":"","background-media":"","overlay-type":"","overlay-color":"","overlay-opacity":"","overlay-gradient":""},"tablet":{"background-color":"","background-image":"","background-repeat":"repeat","background-position":"center center","background-size":"auto","background-attachment":"scroll","background-type":"","background-media":"","overlay-type":"","overlay-color":"","overlay-opacity":"","overlay-gradient":""},"mobile":{"background-color":"","background-image":"","background-repeat":"repeat","background-position":"center center","background-size":"auto","background-attachment":"scroll","background-type":"","background-media":"","overlay-type":"","overlay-color":"","overlay-opacity":"","overlay-gradient":""}},"ast-content-background-meta":{"desktop":{"background-color":"var(--ast-global-color-4)","background-image":"","background-repeat":"repeat","background-position":"center center","background-size":"auto","background-attachment":"scroll","background-type":"","background-media":"","overlay-type":"","overlay-color":"","overlay-opacity":"","overlay-gradient":""},"tablet":{"background-color":"var(--ast-global-color-4)","background-image":"","background-repeat":"repeat","background-position":"center center","background-size":"auto","background-attachment":"scroll","background-type":"","background-media":"","overlay-type":"","overlay-color":"","overlay-opacity":"","overlay-gradient":""},"mobile":{"background-color":"var(--ast-global-color-4)","background-image":"","background-repeat":"repeat","background-position":"center center","background-size":"auto","background-attachment":"scroll","background-type":"","background-media":"","overlay-type":"","overlay-color":"","overlay-opacity":"","overlay-gradient":""}},"footnotes":""},"categories":[208],"tags":[55,72],"class_list":["post-17002","post","type-post","status-publish","format-standard","has-post-thumbnail","hentry","category-noticias","tag-caral","tag-cultura"],"acf":[],"yoast_head":"<!-- This site is optimized with the Yoast SEO plugin v27.3 - https:\/\/yoast.com\/product\/yoast-seo-wordpress\/ -->\n<title>Doctora Ruth Shady transmiti\u00f3 los valores de Caral a pobladores de Cocharcas<\/title>\n<meta name=\"description\" content=\"La directora de la Zona Arqueol\u00f3gica Caral, Unidad Ejecutora 003 del Ministerio de Cultura, doctora Ruth Shady Sol\u00eds, transmiti\u00f3 los valores sociales y culturales de la civilizaci\u00f3n Caral, en una ponencia especial dirigida a los pobladores del distrito de Cocharcas, capital de la provincia de Chinchero, regi\u00f3n Apur\u00edmac.\" \/>\n<meta name=\"robots\" content=\"index, follow, max-snippet:-1, max-image-preview:large, max-video-preview:-1\" \/>\n<link rel=\"canonical\" href=\"https:\/\/zonacaral.gob.pe\/es\/noticias\/doctora-ruth-shady-transmitio-los-valores-de-caral-a-pobladores-de-cocharcas\/\" \/>\n<meta property=\"og:locale\" content=\"es_ES\" \/>\n<meta property=\"og:type\" content=\"article\" \/>\n<meta property=\"og:title\" content=\"Doctora Ruth Shady transmiti\u00f3 los valores de Caral a pobladores de Cocharcas\" \/>\n<meta property=\"og:description\" content=\"La directora de la Zona Arqueol\u00f3gica Caral, Unidad Ejecutora 003 del Ministerio de Cultura, doctora Ruth Shady Sol\u00eds, transmiti\u00f3 los valores sociales y culturales de la civilizaci\u00f3n Caral, en una ponencia especial dirigida a los pobladores del distrito de Cocharcas, capital de la provincia de Chinchero, regi\u00f3n Apur\u00edmac.\" \/>\n<meta property=\"og:url\" content=\"https:\/\/zonacaral.gob.pe\/es\/noticias\/doctora-ruth-shady-transmitio-los-valores-de-caral-a-pobladores-de-cocharcas\/\" \/>\n<meta property=\"og:site_name\" content=\"Zona Caral\" \/>\n<meta property=\"article:published_time\" content=\"2023-09-08T21:00:23+00:00\" \/>\n<meta property=\"og:image\" content=\"https:\/\/zonacaral.gob.pe\/wp-content\/uploads\/2023\/09\/cocharcas-1-1-1.png\" \/>\n\t<meta property=\"og:image:width\" content=\"1040\" \/>\n\t<meta property=\"og:image:height\" content=\"640\" \/>\n\t<meta property=\"og:image:type\" content=\"image\/png\" \/>\n<meta name=\"author\" content=\"Zona Caral Administrador\" \/>\n<meta name=\"twitter:card\" content=\"summary_large_image\" \/>\n<meta name=\"twitter:label1\" content=\"Written by\" \/>\n\t<meta name=\"twitter:data1\" content=\"Zona Caral Administrador\" \/>\n\t<meta name=\"twitter:label2\" content=\"Est. reading time\" \/>\n\t<meta name=\"twitter:data2\" content=\"2 minutos\" \/>\n<script type=\"application\/ld+json\" class=\"yoast-schema-graph\">{\"@context\":\"https:\\\/\\\/schema.org\",\"@graph\":[{\"@type\":\"Article\",\"@id\":\"https:\\\/\\\/zonacaral.gob.pe\\\/es\\\/noticias\\\/doctora-ruth-shady-transmitio-los-valores-de-caral-a-pobladores-de-cocharcas\\\/#article\",\"isPartOf\":{\"@id\":\"https:\\\/\\\/zonacaral.gob.pe\\\/es\\\/noticias\\\/doctora-ruth-shady-transmitio-los-valores-de-caral-a-pobladores-de-cocharcas\\\/\"},\"author\":{\"name\":\"Zona Caral Administrador\",\"@id\":\"https:\\\/\\\/zonacaral.gob.pe\\\/es\\\/#\\\/schema\\\/person\\\/beddb4d22f71a7230c5b90913270a0ee\"},\"headline\":\"Doctora Ruth Shady transmiti\u00f3 los valores de Caral a pobladores de Cocharcas\",\"datePublished\":\"2023-09-08T21:00:23+00:00\",\"mainEntityOfPage\":{\"@id\":\"https:\\\/\\\/zonacaral.gob.pe\\\/es\\\/noticias\\\/doctora-ruth-shady-transmitio-los-valores-de-caral-a-pobladores-de-cocharcas\\\/\"},\"wordCount\":412,\"image\":{\"@id\":\"https:\\\/\\\/zonacaral.gob.pe\\\/es\\\/noticias\\\/doctora-ruth-shady-transmitio-los-valores-de-caral-a-pobladores-de-cocharcas\\\/#primaryimage\"},\"thumbnailUrl\":\"https:\\\/\\\/zonacaral.gob.pe\\\/wp-content\\\/uploads\\\/2023\\\/09\\\/cocharcas-1-1-1.png\",\"keywords\":[\"caral\",\"Cultura\"],\"articleSection\":[\"noticias\"],\"inLanguage\":\"es-PE\"},{\"@type\":\"WebPage\",\"@id\":\"https:\\\/\\\/zonacaral.gob.pe\\\/es\\\/noticias\\\/doctora-ruth-shady-transmitio-los-valores-de-caral-a-pobladores-de-cocharcas\\\/\",\"url\":\"https:\\\/\\\/zonacaral.gob.pe\\\/es\\\/noticias\\\/doctora-ruth-shady-transmitio-los-valores-de-caral-a-pobladores-de-cocharcas\\\/\",\"name\":\"Doctora Ruth Shady transmiti\u00f3 los valores de Caral a pobladores de Cocharcas\",\"isPartOf\":{\"@id\":\"https:\\\/\\\/zonacaral.gob.pe\\\/es\\\/#website\"},\"primaryImageOfPage\":{\"@id\":\"https:\\\/\\\/zonacaral.gob.pe\\\/es\\\/noticias\\\/doctora-ruth-shady-transmitio-los-valores-de-caral-a-pobladores-de-cocharcas\\\/#primaryimage\"},\"image\":{\"@id\":\"https:\\\/\\\/zonacaral.gob.pe\\\/es\\\/noticias\\\/doctora-ruth-shady-transmitio-los-valores-de-caral-a-pobladores-de-cocharcas\\\/#primaryimage\"},\"thumbnailUrl\":\"https:\\\/\\\/zonacaral.gob.pe\\\/wp-content\\\/uploads\\\/2023\\\/09\\\/cocharcas-1-1-1.png\",\"datePublished\":\"2023-09-08T21:00:23+00:00\",\"author\":{\"@id\":\"https:\\\/\\\/zonacaral.gob.pe\\\/es\\\/#\\\/schema\\\/person\\\/beddb4d22f71a7230c5b90913270a0ee\"},\"description\":\"La directora de la Zona Arqueol\u00f3gica Caral, Unidad Ejecutora 003 del Ministerio de Cultura, doctora Ruth Shady Sol\u00eds, transmiti\u00f3 los valores sociales y culturales de la civilizaci\u00f3n Caral, en una ponencia especial dirigida a los pobladores del distrito de Cocharcas, capital de la provincia de Chinchero, regi\u00f3n Apur\u00edmac.\",\"breadcrumb\":{\"@id\":\"https:\\\/\\\/zonacaral.gob.pe\\\/es\\\/noticias\\\/doctora-ruth-shady-transmitio-los-valores-de-caral-a-pobladores-de-cocharcas\\\/#breadcrumb\"},\"inLanguage\":\"es-PE\",\"potentialAction\":[{\"@type\":\"ReadAction\",\"target\":[\"https:\\\/\\\/zonacaral.gob.pe\\\/es\\\/noticias\\\/doctora-ruth-shady-transmitio-los-valores-de-caral-a-pobladores-de-cocharcas\\\/\"]}]},{\"@type\":\"ImageObject\",\"inLanguage\":\"es-PE\",\"@id\":\"https:\\\/\\\/zonacaral.gob.pe\\\/es\\\/noticias\\\/doctora-ruth-shady-transmitio-los-valores-de-caral-a-pobladores-de-cocharcas\\\/#primaryimage\",\"url\":\"https:\\\/\\\/zonacaral.gob.pe\\\/wp-content\\\/uploads\\\/2023\\\/09\\\/cocharcas-1-1-1.png\",\"contentUrl\":\"https:\\\/\\\/zonacaral.gob.pe\\\/wp-content\\\/uploads\\\/2023\\\/09\\\/cocharcas-1-1-1.png\",\"width\":1040,\"height\":640},{\"@type\":\"BreadcrumbList\",\"@id\":\"https:\\\/\\\/zonacaral.gob.pe\\\/es\\\/noticias\\\/doctora-ruth-shady-transmitio-los-valores-de-caral-a-pobladores-de-cocharcas\\\/#breadcrumb\",\"itemListElement\":[{\"@type\":\"ListItem\",\"position\":1,\"name\":\"Portada\",\"item\":\"https:\\\/\\\/zonacaral.gob.pe\\\/\"},{\"@type\":\"ListItem\",\"position\":2,\"name\":\"Doctora Ruth Shady transmiti\u00f3 los valores de Caral a pobladores de Cocharcas\"}]},{\"@type\":\"WebSite\",\"@id\":\"https:\\\/\\\/zonacaral.gob.pe\\\/es\\\/#website\",\"url\":\"https:\\\/\\\/zonacaral.gob.pe\\\/es\\\/\",\"name\":\"Zona Caral\",\"description\":\"Investigamos, conservamos y difundimos el patrimonio cultural de la Civilizaci\u00f3n Caral, la m\u00e1s antigua de Am\u00e9rica.\",\"potentialAction\":[{\"@type\":\"SearchAction\",\"target\":{\"@type\":\"EntryPoint\",\"urlTemplate\":\"https:\\\/\\\/zonacaral.gob.pe\\\/es\\\/?s={search_term_string}\"},\"query-input\":{\"@type\":\"PropertyValueSpecification\",\"valueRequired\":true,\"valueName\":\"search_term_string\"}}],\"inLanguage\":\"es-PE\"},{\"@type\":\"Person\",\"@id\":\"https:\\\/\\\/zonacaral.gob.pe\\\/es\\\/#\\\/schema\\\/person\\\/beddb4d22f71a7230c5b90913270a0ee\",\"name\":\"Zona Caral Administrador\",\"image\":{\"@type\":\"ImageObject\",\"inLanguage\":\"es-PE\",\"@id\":\"https:\\\/\\\/secure.gravatar.com\\\/avatar\\\/e4be162918a696358376de6446614e0f0f4062bdc5d170d6d540ada3d8b58c12?s=96&d=mm&r=g\",\"url\":\"https:\\\/\\\/secure.gravatar.com\\\/avatar\\\/e4be162918a696358376de6446614e0f0f4062bdc5d170d6d540ada3d8b58c12?s=96&d=mm&r=g\",\"contentUrl\":\"https:\\\/\\\/secure.gravatar.com\\\/avatar\\\/e4be162918a696358376de6446614e0f0f4062bdc5d170d6d540ada3d8b58c12?s=96&d=mm&r=g\",\"caption\":\"Zona Caral Administrador\"},\"sameAs\":[\"https:\\\/\\\/zonacaral.gob.pe\"],\"url\":\"https:\\\/\\\/zonacaral.gob.pe\\\/es\\\/noticias\\\/author\\\/ad_zonacaral\\\/\"}]}<\/script>\n<!-- \/ Yoast SEO plugin. -->","yoast_head_json":{"title":"Doctora Ruth Shady transmiti\u00f3 los valores de Caral a pobladores de Cocharcas","description":"La directora de la Zona Arqueol\u00f3gica Caral, Unidad Ejecutora 003 del Ministerio de Cultura, doctora Ruth Shady Sol\u00eds, transmiti\u00f3 los valores sociales y culturales de la civilizaci\u00f3n Caral, en una ponencia especial dirigida a los pobladores del distrito de Cocharcas, capital de la provincia de Chinchero, regi\u00f3n Apur\u00edmac.","robots":{"index":"index","follow":"follow","max-snippet":"max-snippet:-1","max-image-preview":"max-image-preview:large","max-video-preview":"max-video-preview:-1"},"canonical":"https:\/\/zonacaral.gob.pe\/es\/noticias\/doctora-ruth-shady-transmitio-los-valores-de-caral-a-pobladores-de-cocharcas\/","og_locale":"es_ES","og_type":"article","og_title":"Doctora Ruth Shady transmiti\u00f3 los valores de Caral a pobladores de Cocharcas","og_description":"La directora de la Zona Arqueol\u00f3gica Caral, Unidad Ejecutora 003 del Ministerio de Cultura, doctora Ruth Shady Sol\u00eds, transmiti\u00f3 los valores sociales y culturales de la civilizaci\u00f3n Caral, en una ponencia especial dirigida a los pobladores del distrito de Cocharcas, capital de la provincia de Chinchero, regi\u00f3n Apur\u00edmac.","og_url":"https:\/\/zonacaral.gob.pe\/es\/noticias\/doctora-ruth-shady-transmitio-los-valores-de-caral-a-pobladores-de-cocharcas\/","og_site_name":"Zona Caral","article_published_time":"2023-09-08T21:00:23+00:00","og_image":[{"width":1040,"height":640,"url":"https:\/\/zonacaral.gob.pe\/wp-content\/uploads\/2023\/09\/cocharcas-1-1-1.png","type":"image\/png"}],"author":"Zona Caral Administrador","twitter_card":"summary_large_image","twitter_misc":{"Written by":"Zona Caral Administrador","Est. reading time":"2 minutos"},"schema":{"@context":"https:\/\/schema.org","@graph":[{"@type":"Article","@id":"https:\/\/zonacaral.gob.pe\/es\/noticias\/doctora-ruth-shady-transmitio-los-valores-de-caral-a-pobladores-de-cocharcas\/#article","isPartOf":{"@id":"https:\/\/zonacaral.gob.pe\/es\/noticias\/doctora-ruth-shady-transmitio-los-valores-de-caral-a-pobladores-de-cocharcas\/"},"author":{"name":"Zona Caral Administrador","@id":"https:\/\/zonacaral.gob.pe\/es\/#\/schema\/person\/beddb4d22f71a7230c5b90913270a0ee"},"headline":"Doctora Ruth Shady transmiti\u00f3 los valores de Caral a pobladores de Cocharcas","datePublished":"2023-09-08T21:00:23+00:00","mainEntityOfPage":{"@id":"https:\/\/zonacaral.gob.pe\/es\/noticias\/doctora-ruth-shady-transmitio-los-valores-de-caral-a-pobladores-de-cocharcas\/"},"wordCount":412,"image":{"@id":"https:\/\/zonacaral.gob.pe\/es\/noticias\/doctora-ruth-shady-transmitio-los-valores-de-caral-a-pobladores-de-cocharcas\/#primaryimage"},"thumbnailUrl":"https:\/\/zonacaral.gob.pe\/wp-content\/uploads\/2023\/09\/cocharcas-1-1-1.png","keywords":["caral","Cultura"],"articleSection":["noticias"],"inLanguage":"es-PE"},{"@type":"WebPage","@id":"https:\/\/zonacaral.gob.pe\/es\/noticias\/doctora-ruth-shady-transmitio-los-valores-de-caral-a-pobladores-de-cocharcas\/","url":"https:\/\/zonacaral.gob.pe\/es\/noticias\/doctora-ruth-shady-transmitio-los-valores-de-caral-a-pobladores-de-cocharcas\/","name":"Doctora Ruth Shady transmiti\u00f3 los valores de Caral a pobladores de Cocharcas","isPartOf":{"@id":"https:\/\/zonacaral.gob.pe\/es\/#website"},"primaryImageOfPage":{"@id":"https:\/\/zonacaral.gob.pe\/es\/noticias\/doctora-ruth-shady-transmitio-los-valores-de-caral-a-pobladores-de-cocharcas\/#primaryimage"},"image":{"@id":"https:\/\/zonacaral.gob.pe\/es\/noticias\/doctora-ruth-shady-transmitio-los-valores-de-caral-a-pobladores-de-cocharcas\/#primaryimage"},"thumbnailUrl":"https:\/\/zonacaral.gob.pe\/wp-content\/uploads\/2023\/09\/cocharcas-1-1-1.png","datePublished":"2023-09-08T21:00:23+00:00","author":{"@id":"https:\/\/zonacaral.gob.pe\/es\/#\/schema\/person\/beddb4d22f71a7230c5b90913270a0ee"},"description":"La directora de la Zona Arqueol\u00f3gica Caral, Unidad Ejecutora 003 del Ministerio de Cultura, doctora Ruth Shady Sol\u00eds, transmiti\u00f3 los valores sociales y culturales de la civilizaci\u00f3n Caral, en una ponencia especial dirigida a los pobladores del distrito de Cocharcas, capital de la provincia de Chinchero, regi\u00f3n Apur\u00edmac.","breadcrumb":{"@id":"https:\/\/zonacaral.gob.pe\/es\/noticias\/doctora-ruth-shady-transmitio-los-valores-de-caral-a-pobladores-de-cocharcas\/#breadcrumb"},"inLanguage":"es-PE","potentialAction":[{"@type":"ReadAction","target":["https:\/\/zonacaral.gob.pe\/es\/noticias\/doctora-ruth-shady-transmitio-los-valores-de-caral-a-pobladores-de-cocharcas\/"]}]},{"@type":"ImageObject","inLanguage":"es-PE","@id":"https:\/\/zonacaral.gob.pe\/es\/noticias\/doctora-ruth-shady-transmitio-los-valores-de-caral-a-pobladores-de-cocharcas\/#primaryimage","url":"https:\/\/zonacaral.gob.pe\/wp-content\/uploads\/2023\/09\/cocharcas-1-1-1.png","contentUrl":"https:\/\/zonacaral.gob.pe\/wp-content\/uploads\/2023\/09\/cocharcas-1-1-1.png","width":1040,"height":640},{"@type":"BreadcrumbList","@id":"https:\/\/zonacaral.gob.pe\/es\/noticias\/doctora-ruth-shady-transmitio-los-valores-de-caral-a-pobladores-de-cocharcas\/#breadcrumb","itemListElement":[{"@type":"ListItem","position":1,"name":"Portada","item":"https:\/\/zonacaral.gob.pe\/"},{"@type":"ListItem","position":2,"name":"Doctora Ruth Shady transmiti\u00f3 los valores de Caral a pobladores de Cocharcas"}]},{"@type":"WebSite","@id":"https:\/\/zonacaral.gob.pe\/es\/#website","url":"https:\/\/zonacaral.gob.pe\/es\/","name":"Zona Caral","description":"Investigamos, conservamos y difundimos el patrimonio cultural de la Civilizaci\u00f3n Caral, la m\u00e1s antigua de Am\u00e9rica.","potentialAction":[{"@type":"SearchAction","target":{"@type":"EntryPoint","urlTemplate":"https:\/\/zonacaral.gob.pe\/es\/?s={search_term_string}"},"query-input":{"@type":"PropertyValueSpecification","valueRequired":true,"valueName":"search_term_string"}}],"inLanguage":"es-PE"},{"@type":"Person","@id":"https:\/\/zonacaral.gob.pe\/es\/#\/schema\/person\/beddb4d22f71a7230c5b90913270a0ee","name":"Zona Caral Administrador","image":{"@type":"ImageObject","inLanguage":"es-PE","@id":"https:\/\/secure.gravatar.com\/avatar\/e4be162918a696358376de6446614e0f0f4062bdc5d170d6d540ada3d8b58c12?s=96&d=mm&r=g","url":"https:\/\/secure.gravatar.com\/avatar\/e4be162918a696358376de6446614e0f0f4062bdc5d170d6d540ada3d8b58c12?s=96&d=mm&r=g","contentUrl":"https:\/\/secure.gravatar.com\/avatar\/e4be162918a696358376de6446614e0f0f4062bdc5d170d6d540ada3d8b58c12?s=96&d=mm&r=g","caption":"Zona Caral Administrador"},"sameAs":["https:\/\/zonacaral.gob.pe"],"url":"https:\/\/zonacaral.gob.pe\/es\/noticias\/author\/ad_zonacaral\/"}]}},"_links":{"self":[{"href":"https:\/\/zonacaral.gob.pe\/es\/wp-json\/wp\/v2\/posts\/17002","targetHints":{"allow":["GET"]}}],"collection":[{"href":"https:\/\/zonacaral.gob.pe\/es\/wp-json\/wp\/v2\/posts"}],"about":[{"href":"https:\/\/zonacaral.gob.pe\/es\/wp-json\/wp\/v2\/types\/post"}],"author":[{"embeddable":true,"href":"https:\/\/zonacaral.gob.pe\/es\/wp-json\/wp\/v2\/users\/1"}],"replies":[{"embeddable":true,"href":"https:\/\/zonacaral.gob.pe\/es\/wp-json\/wp\/v2\/comments?post=17002"}],"version-history":[{"count":0,"href":"https:\/\/zonacaral.gob.pe\/es\/wp-json\/wp\/v2\/posts\/17002\/revisions"}],"wp:featuredmedia":[{"embeddable":true,"href":"https:\/\/zonacaral.gob.pe\/es\/wp-json\/wp\/v2\/media\/17010"}],"wp:attachment":[{"href":"https:\/\/zonacaral.gob.pe\/es\/wp-json\/wp\/v2\/media?parent=17002"}],"wp:term":[{"taxonomy":"category","embeddable":true,"href":"https:\/\/zonacaral.gob.pe\/es\/wp-json\/wp\/v2\/categories?post=17002"},{"taxonomy":"post_tag","embeddable":true,"href":"https:\/\/zonacaral.gob.pe\/es\/wp-json\/wp\/v2\/tags?post=17002"}],"curies":[{"name":"wp","href":"https:\/\/api.w.org\/{rel}","templated":true}]}}