{"id":17058,"date":"2023-09-27T15:32:53","date_gmt":"2023-09-27T20:32:53","guid":{"rendered":"https:\/\/www.zonacaral.gob.pe\/?p=17058"},"modified":"2023-09-27T15:32:53","modified_gmt":"2023-09-27T20:32:53","slug":"mes-de-la-primavera-ninos-y-adultos-conocieron-mas-de-caral-armando-una-tarjeta-pop-up","status":"publish","type":"post","link":"https:\/\/zonacaral.gob.pe\/es\/noticias\/mes-de-la-primavera-ninos-y-adultos-conocieron-mas-de-caral-armando-una-tarjeta-pop-up\/","title":{"rendered":"MES DE LA PRIMAVERA: ni\u00f1os y adultos conocieron m\u00e1s de Caral armando una tarjeta pop-up"},"content":{"rendered":"<figure class=\"pic-autor\" style=\"color: #4d4d4d; text-align: justify;\"><\/figure>\n<div class=\"gmail_default\" style=\"text-align: justify;\">\n<blockquote><p><span style=\"font-weight: 400;\">Transmitimos los valores de nuestro patrimonio cultural.<\/span><\/p><\/blockquote>\n<div>\n<p><span style=\"font-weight: 400;\">En el marco del inicio de la temporada de primavera, ni\u00f1os y adultos se dieron cita en el Ministerio de Cultura para conocer m\u00e1s de cerca sobre el desarrollo de la civilizaci\u00f3n Caral, armando una divertida y colorida tarjeta pop-up, en la que plasmaron detalles del denominado \u201cbosque milenario de Caral\u201d.<\/span><\/p>\n<p><span style=\"font-weight: 400;\">Esta actividad es parte de los talleres que se dictan dentro del programa Caral para Todos, de la Zona Arqueol\u00f3gica Caral, que busca transmitir los valores y la historia de Caral recuperada en 29 a\u00f1os de investigaciones que se realizan en 12 centros urbanos, de 25 identificados.<\/span><\/p>\n<p><span style=\"font-weight: 400;\">En tres horarios diferentes, los participantes, ni\u00f1os y adultos, recortaron las siluetas de \u00e1rboles y aves, para simular un bosque en \u201c3 D\u201d, el cual fueron armando y pegando en una tarjeta. El ingenio y creatividad de los ni\u00f1os fue reforzada, adem\u00e1s de los conocimientos que tienen sobre la primera civilizaci\u00f3n de Am\u00e9rica.<\/span><\/p>\n<p><span style=\"font-weight: 400;\">El \u201cbosque milenario de Caral\u201d es un \u00e1rea natural que a\u00fan permanece en el valle de Supe, aunque con menos fauna y flora. Hace cinco mil a\u00f1os este espacio fue respetado por los habitantes de Caral, quienes le dieron peri\u00f3dicos mantenimientos, pues funcion\u00f3 como un gavi\u00f3n natural frente a desbordes del r\u00edo Supe, y dando hogar a aves y otros animales.<\/span><\/p>\n<p><span style=\"font-weight: 400;\">La Zona Arqueol\u00f3gica Caral promueve su conservaci\u00f3n, no solo por su importancia hist\u00f3rica, sino por la necesidad de tener m\u00e1s \u00e1reas naturales en el valle de Supe. Por ello, el \u201cbosque milenario\u201d forma parte de una ruta de acceso a la Ciudad Sagrada de Caral.<\/span><\/p>\n<p><span style=\"font-weight: 400;\">Si a\u00fan no lo conoces, te animamos a recorrerlo accediendo a pie a la Ciudad Sagrada de Caral desde el puente peatonal ubicado a la altura del Centro Poblado de Caral.<\/span><\/p>\n<p><b>DATO<\/b><\/p>\n<p><span style=\"font-weight: 400;\">El programa Caral para Todos realiza mensualmente actividades gratuitas para toda la familia. Estas tienen tem\u00e1ticas diferentes y se centran en los valores de la civilizaci\u00f3n Caral. El pr\u00f3ximo taller se realizar\u00e1 el 20 de octubre y tratar\u00e1 sobre el modelado en arcilla de Caral.<\/span><\/p>\n<p><span style=\"font-weight: 400;\">Y si deseas conocer los antiguos centros urbanos de la civilizaci\u00f3n Caral, y el \u201cbosque milenario\u201d, participa de nuestro programa de Viajes Culturales. M\u00e1s informaci\u00f3n al WhatsApp <a href=\"https:\/\/wa.me\/message\/EJFL5LRNIHH2C1\">955 881 340<\/a>.<\/span><\/p>\n<\/div>\n<p><strong style=\"font-size: inherit; text-align: justify;\">Fuente: Comunicaci\u00f3n e Imagen Institucional ZAC<\/strong><\/p>\n<\/div>\n<div style=\"color: #1f1f1f;\">\n<div style=\"color: #1f1f1f;\">\n<p style=\"text-align: justify;\">Fecha de publicaci\u00f3n: 27\/09\/2023<\/p>\n<\/div>\n<\/div>\n","protected":false},"excerpt":{"rendered":"<p>Transmitimos los valores de nuestro patrimonio cultural. En el marco del inicio de la temporada de primavera, ni\u00f1os y adultos [&hellip;]<\/p>\n","protected":false},"author":1,"featured_media":17060,"comment_status":"closed","ping_status":"open","sticky":false,"template":"","format":"standard","meta":{"_acf_changed":false,"site-sidebar-layout":"default","site-content-layout":"","ast-site-content-layout":"default","site-content-style":"default","site-sidebar-style":"default","ast-global-header-display":"","ast-banner-title-visibility":"","ast-main-header-display":"","ast-hfb-above-header-display":"","ast-hfb-below-header-display":"","ast-hfb-mobile-header-display":"","site-post-title":"","ast-breadcrumbs-content":"","ast-featured-img":"","footer-sml-layout":"","ast-disable-related-posts":"","theme-transparent-header-meta":"","adv-header-id-meta":"","stick-header-meta":"","header-above-stick-meta":"","header-main-stick-meta":"","header-below-stick-meta":"","astra-migrate-meta-layouts":"default","ast-page-background-enabled":"default","ast-page-background-meta":{"desktop":{"background-color":"var(--ast-global-color-5)","background-image":"","background-repeat":"repeat","background-position":"center center","background-size":"auto","background-attachment":"scroll","background-type":"","background-media":"","overlay-type":"","overlay-color":"","overlay-opacity":"","overlay-gradient":""},"tablet":{"background-color":"","background-image":"","background-repeat":"repeat","background-position":"center center","background-size":"auto","background-attachment":"scroll","background-type":"","background-media":"","overlay-type":"","overlay-color":"","overlay-opacity":"","overlay-gradient":""},"mobile":{"background-color":"","background-image":"","background-repeat":"repeat","background-position":"center center","background-size":"auto","background-attachment":"scroll","background-type":"","background-media":"","overlay-type":"","overlay-color":"","overlay-opacity":"","overlay-gradient":""}},"ast-content-background-meta":{"desktop":{"background-color":"var(--ast-global-color-4)","background-image":"","background-repeat":"repeat","background-position":"center center","background-size":"auto","background-attachment":"scroll","background-type":"","background-media":"","overlay-type":"","overlay-color":"","overlay-opacity":"","overlay-gradient":""},"tablet":{"background-color":"var(--ast-global-color-4)","background-image":"","background-repeat":"repeat","background-position":"center center","background-size":"auto","background-attachment":"scroll","background-type":"","background-media":"","overlay-type":"","overlay-color":"","overlay-opacity":"","overlay-gradient":""},"mobile":{"background-color":"var(--ast-global-color-4)","background-image":"","background-repeat":"repeat","background-position":"center center","background-size":"auto","background-attachment":"scroll","background-type":"","background-media":"","overlay-type":"","overlay-color":"","overlay-opacity":"","overlay-gradient":""}},"footnotes":""},"categories":[208],"tags":[55,72],"class_list":["post-17058","post","type-post","status-publish","format-standard","has-post-thumbnail","hentry","category-noticias","tag-caral","tag-cultura"],"acf":[],"yoast_head":"<!-- This site is optimized with the Yoast SEO plugin v27.3 - https:\/\/yoast.com\/product\/yoast-seo-wordpress\/ -->\n<title>Transmitimos los valores de nuestro patrimonio cultural.<\/title>\n<meta name=\"description\" content=\"En el marco del inicio de la temporada de primavera, ni\u00f1os y adultos se dieron cita en el Ministerio de Cultura para conocer m\u00e1s de cerca sobre el desarrollo de la civilizaci\u00f3n Caral, armando una divertida y colorida tarjeta pop-up, en la que plasmaron detalles del denominado \u201cbosque milenario de Caral\u201d.Con el fin de seguir promoviendo y difundiendo nuestra riqueza cultural; en especial, la desarrollada en el \u00e1rea norcentral del Per\u00fa, la Zona Arqueol\u00f3gica Caral, Unidad Ejecutora 003 del Ministerio de Cultura, invita a la poblaci\u00f3n a celebrar el D\u00eda Mundial del Turismo, ingresando de manera gratuita este 1 de octubre, a los sitios arqueol\u00f3gicos Ciudad Sagrada de Caral, \u00c1spero y Vichama.\" \/>\n<meta name=\"robots\" content=\"index, follow, max-snippet:-1, max-image-preview:large, max-video-preview:-1\" \/>\n<link rel=\"canonical\" href=\"https:\/\/zonacaral.gob.pe\/es\/noticias\/mes-de-la-primavera-ninos-y-adultos-conocieron-mas-de-caral-armando-una-tarjeta-pop-up\/\" \/>\n<meta property=\"og:locale\" content=\"es_ES\" \/>\n<meta property=\"og:type\" content=\"article\" \/>\n<meta property=\"og:title\" content=\"Transmitimos los valores de nuestro patrimonio cultural.\" \/>\n<meta property=\"og:description\" content=\"En el marco del inicio de la temporada de primavera, ni\u00f1os y adultos se dieron cita en el Ministerio de Cultura para conocer m\u00e1s de cerca sobre el desarrollo de la civilizaci\u00f3n Caral, armando una divertida y colorida tarjeta pop-up, en la que plasmaron detalles del denominado \u201cbosque milenario de Caral\u201d.Con el fin de seguir promoviendo y difundiendo nuestra riqueza cultural; en especial, la desarrollada en el \u00e1rea norcentral del Per\u00fa, la Zona Arqueol\u00f3gica Caral, Unidad Ejecutora 003 del Ministerio de Cultura, invita a la poblaci\u00f3n a celebrar el D\u00eda Mundial del Turismo, ingresando de manera gratuita este 1 de octubre, a los sitios arqueol\u00f3gicos Ciudad Sagrada de Caral, \u00c1spero y Vichama.\" \/>\n<meta property=\"og:url\" content=\"https:\/\/zonacaral.gob.pe\/es\/noticias\/mes-de-la-primavera-ninos-y-adultos-conocieron-mas-de-caral-armando-una-tarjeta-pop-up\/\" \/>\n<meta property=\"og:site_name\" content=\"Zona Caral\" \/>\n<meta property=\"article:published_time\" content=\"2023-09-27T20:32:53+00:00\" \/>\n<meta property=\"og:image\" content=\"https:\/\/zonacaral.gob.pe\/wp-content\/uploads\/2023\/09\/popup-1.jpg\" \/>\n\t<meta property=\"og:image:width\" content=\"645\" \/>\n\t<meta property=\"og:image:height\" content=\"363\" \/>\n\t<meta property=\"og:image:type\" content=\"image\/jpeg\" \/>\n<meta name=\"author\" content=\"Zona Caral Administrador\" \/>\n<meta name=\"twitter:card\" content=\"summary_large_image\" \/>\n<meta name=\"twitter:label1\" content=\"Written by\" \/>\n\t<meta name=\"twitter:data1\" content=\"Zona Caral Administrador\" \/>\n\t<meta name=\"twitter:label2\" content=\"Est. reading time\" \/>\n\t<meta name=\"twitter:data2\" content=\"2 minutos\" \/>\n<script type=\"application\/ld+json\" class=\"yoast-schema-graph\">{\"@context\":\"https:\\\/\\\/schema.org\",\"@graph\":[{\"@type\":\"Article\",\"@id\":\"https:\\\/\\\/zonacaral.gob.pe\\\/es\\\/noticias\\\/mes-de-la-primavera-ninos-y-adultos-conocieron-mas-de-caral-armando-una-tarjeta-pop-up\\\/#article\",\"isPartOf\":{\"@id\":\"https:\\\/\\\/zonacaral.gob.pe\\\/es\\\/noticias\\\/mes-de-la-primavera-ninos-y-adultos-conocieron-mas-de-caral-armando-una-tarjeta-pop-up\\\/\"},\"author\":{\"name\":\"Zona Caral Administrador\",\"@id\":\"https:\\\/\\\/zonacaral.gob.pe\\\/es\\\/#\\\/schema\\\/person\\\/beddb4d22f71a7230c5b90913270a0ee\"},\"headline\":\"MES DE LA PRIMAVERA: ni\u00f1os y adultos conocieron m\u00e1s de Caral armando una tarjeta pop-up\",\"datePublished\":\"2023-09-27T20:32:53+00:00\",\"mainEntityOfPage\":{\"@id\":\"https:\\\/\\\/zonacaral.gob.pe\\\/es\\\/noticias\\\/mes-de-la-primavera-ninos-y-adultos-conocieron-mas-de-caral-armando-una-tarjeta-pop-up\\\/\"},\"wordCount\":417,\"image\":{\"@id\":\"https:\\\/\\\/zonacaral.gob.pe\\\/es\\\/noticias\\\/mes-de-la-primavera-ninos-y-adultos-conocieron-mas-de-caral-armando-una-tarjeta-pop-up\\\/#primaryimage\"},\"thumbnailUrl\":\"https:\\\/\\\/zonacaral.gob.pe\\\/wp-content\\\/uploads\\\/2023\\\/09\\\/popup-1.jpg\",\"keywords\":[\"caral\",\"Cultura\"],\"articleSection\":[\"noticias\"],\"inLanguage\":\"es-PE\"},{\"@type\":\"WebPage\",\"@id\":\"https:\\\/\\\/zonacaral.gob.pe\\\/es\\\/noticias\\\/mes-de-la-primavera-ninos-y-adultos-conocieron-mas-de-caral-armando-una-tarjeta-pop-up\\\/\",\"url\":\"https:\\\/\\\/zonacaral.gob.pe\\\/es\\\/noticias\\\/mes-de-la-primavera-ninos-y-adultos-conocieron-mas-de-caral-armando-una-tarjeta-pop-up\\\/\",\"name\":\"Transmitimos los valores de nuestro patrimonio cultural.\",\"isPartOf\":{\"@id\":\"https:\\\/\\\/zonacaral.gob.pe\\\/es\\\/#website\"},\"primaryImageOfPage\":{\"@id\":\"https:\\\/\\\/zonacaral.gob.pe\\\/es\\\/noticias\\\/mes-de-la-primavera-ninos-y-adultos-conocieron-mas-de-caral-armando-una-tarjeta-pop-up\\\/#primaryimage\"},\"image\":{\"@id\":\"https:\\\/\\\/zonacaral.gob.pe\\\/es\\\/noticias\\\/mes-de-la-primavera-ninos-y-adultos-conocieron-mas-de-caral-armando-una-tarjeta-pop-up\\\/#primaryimage\"},\"thumbnailUrl\":\"https:\\\/\\\/zonacaral.gob.pe\\\/wp-content\\\/uploads\\\/2023\\\/09\\\/popup-1.jpg\",\"datePublished\":\"2023-09-27T20:32:53+00:00\",\"author\":{\"@id\":\"https:\\\/\\\/zonacaral.gob.pe\\\/es\\\/#\\\/schema\\\/person\\\/beddb4d22f71a7230c5b90913270a0ee\"},\"description\":\"En el marco del inicio de la temporada de primavera, ni\u00f1os y adultos se dieron cita en el Ministerio de Cultura para conocer m\u00e1s de cerca sobre el desarrollo de la civilizaci\u00f3n Caral, armando una divertida y colorida tarjeta pop-up, en la que plasmaron detalles del denominado \u201cbosque milenario de Caral\u201d.Con el fin de seguir promoviendo y difundiendo nuestra riqueza cultural; en especial, la desarrollada en el \u00e1rea norcentral del Per\u00fa, la Zona Arqueol\u00f3gica Caral, Unidad Ejecutora 003 del Ministerio de Cultura, invita a la poblaci\u00f3n a celebrar el D\u00eda Mundial del Turismo, ingresando de manera gratuita este 1 de octubre, a los sitios arqueol\u00f3gicos Ciudad Sagrada de Caral, \u00c1spero y Vichama.\",\"breadcrumb\":{\"@id\":\"https:\\\/\\\/zonacaral.gob.pe\\\/es\\\/noticias\\\/mes-de-la-primavera-ninos-y-adultos-conocieron-mas-de-caral-armando-una-tarjeta-pop-up\\\/#breadcrumb\"},\"inLanguage\":\"es-PE\",\"potentialAction\":[{\"@type\":\"ReadAction\",\"target\":[\"https:\\\/\\\/zonacaral.gob.pe\\\/es\\\/noticias\\\/mes-de-la-primavera-ninos-y-adultos-conocieron-mas-de-caral-armando-una-tarjeta-pop-up\\\/\"]}]},{\"@type\":\"ImageObject\",\"inLanguage\":\"es-PE\",\"@id\":\"https:\\\/\\\/zonacaral.gob.pe\\\/es\\\/noticias\\\/mes-de-la-primavera-ninos-y-adultos-conocieron-mas-de-caral-armando-una-tarjeta-pop-up\\\/#primaryimage\",\"url\":\"https:\\\/\\\/zonacaral.gob.pe\\\/wp-content\\\/uploads\\\/2023\\\/09\\\/popup-1.jpg\",\"contentUrl\":\"https:\\\/\\\/zonacaral.gob.pe\\\/wp-content\\\/uploads\\\/2023\\\/09\\\/popup-1.jpg\",\"width\":645,\"height\":363},{\"@type\":\"BreadcrumbList\",\"@id\":\"https:\\\/\\\/zonacaral.gob.pe\\\/es\\\/noticias\\\/mes-de-la-primavera-ninos-y-adultos-conocieron-mas-de-caral-armando-una-tarjeta-pop-up\\\/#breadcrumb\",\"itemListElement\":[{\"@type\":\"ListItem\",\"position\":1,\"name\":\"Portada\",\"item\":\"https:\\\/\\\/zonacaral.gob.pe\\\/\"},{\"@type\":\"ListItem\",\"position\":2,\"name\":\"MES DE LA PRIMAVERA: ni\u00f1os y adultos conocieron m\u00e1s de Caral armando una tarjeta pop-up\"}]},{\"@type\":\"WebSite\",\"@id\":\"https:\\\/\\\/zonacaral.gob.pe\\\/es\\\/#website\",\"url\":\"https:\\\/\\\/zonacaral.gob.pe\\\/es\\\/\",\"name\":\"Zona Caral\",\"description\":\"Investigamos, conservamos y difundimos el patrimonio cultural de la Civilizaci\u00f3n Caral, la m\u00e1s antigua de Am\u00e9rica.\",\"potentialAction\":[{\"@type\":\"SearchAction\",\"target\":{\"@type\":\"EntryPoint\",\"urlTemplate\":\"https:\\\/\\\/zonacaral.gob.pe\\\/es\\\/?s={search_term_string}\"},\"query-input\":{\"@type\":\"PropertyValueSpecification\",\"valueRequired\":true,\"valueName\":\"search_term_string\"}}],\"inLanguage\":\"es-PE\"},{\"@type\":\"Person\",\"@id\":\"https:\\\/\\\/zonacaral.gob.pe\\\/es\\\/#\\\/schema\\\/person\\\/beddb4d22f71a7230c5b90913270a0ee\",\"name\":\"Zona Caral Administrador\",\"image\":{\"@type\":\"ImageObject\",\"inLanguage\":\"es-PE\",\"@id\":\"https:\\\/\\\/secure.gravatar.com\\\/avatar\\\/e4be162918a696358376de6446614e0f0f4062bdc5d170d6d540ada3d8b58c12?s=96&d=mm&r=g\",\"url\":\"https:\\\/\\\/secure.gravatar.com\\\/avatar\\\/e4be162918a696358376de6446614e0f0f4062bdc5d170d6d540ada3d8b58c12?s=96&d=mm&r=g\",\"contentUrl\":\"https:\\\/\\\/secure.gravatar.com\\\/avatar\\\/e4be162918a696358376de6446614e0f0f4062bdc5d170d6d540ada3d8b58c12?s=96&d=mm&r=g\",\"caption\":\"Zona Caral Administrador\"},\"sameAs\":[\"https:\\\/\\\/zonacaral.gob.pe\"],\"url\":\"https:\\\/\\\/zonacaral.gob.pe\\\/es\\\/noticias\\\/author\\\/ad_zonacaral\\\/\"}]}<\/script>\n<!-- \/ Yoast SEO plugin. -->","yoast_head_json":{"title":"Transmitimos los valores de nuestro patrimonio cultural.","description":"En el marco del inicio de la temporada de primavera, ni\u00f1os y adultos se dieron cita en el Ministerio de Cultura para conocer m\u00e1s de cerca sobre el desarrollo de la civilizaci\u00f3n Caral, armando una divertida y colorida tarjeta pop-up, en la que plasmaron detalles del denominado \u201cbosque milenario de Caral\u201d.Con el fin de seguir promoviendo y difundiendo nuestra riqueza cultural; en especial, la desarrollada en el \u00e1rea norcentral del Per\u00fa, la Zona Arqueol\u00f3gica Caral, Unidad Ejecutora 003 del Ministerio de Cultura, invita a la poblaci\u00f3n a celebrar el D\u00eda Mundial del Turismo, ingresando de manera gratuita este 1 de octubre, a los sitios arqueol\u00f3gicos Ciudad Sagrada de Caral, \u00c1spero y Vichama.","robots":{"index":"index","follow":"follow","max-snippet":"max-snippet:-1","max-image-preview":"max-image-preview:large","max-video-preview":"max-video-preview:-1"},"canonical":"https:\/\/zonacaral.gob.pe\/es\/noticias\/mes-de-la-primavera-ninos-y-adultos-conocieron-mas-de-caral-armando-una-tarjeta-pop-up\/","og_locale":"es_ES","og_type":"article","og_title":"Transmitimos los valores de nuestro patrimonio cultural.","og_description":"En el marco del inicio de la temporada de primavera, ni\u00f1os y adultos se dieron cita en el Ministerio de Cultura para conocer m\u00e1s de cerca sobre el desarrollo de la civilizaci\u00f3n Caral, armando una divertida y colorida tarjeta pop-up, en la que plasmaron detalles del denominado \u201cbosque milenario de Caral\u201d.Con el fin de seguir promoviendo y difundiendo nuestra riqueza cultural; en especial, la desarrollada en el \u00e1rea norcentral del Per\u00fa, la Zona Arqueol\u00f3gica Caral, Unidad Ejecutora 003 del Ministerio de Cultura, invita a la poblaci\u00f3n a celebrar el D\u00eda Mundial del Turismo, ingresando de manera gratuita este 1 de octubre, a los sitios arqueol\u00f3gicos Ciudad Sagrada de Caral, \u00c1spero y Vichama.","og_url":"https:\/\/zonacaral.gob.pe\/es\/noticias\/mes-de-la-primavera-ninos-y-adultos-conocieron-mas-de-caral-armando-una-tarjeta-pop-up\/","og_site_name":"Zona Caral","article_published_time":"2023-09-27T20:32:53+00:00","og_image":[{"width":645,"height":363,"url":"https:\/\/zonacaral.gob.pe\/wp-content\/uploads\/2023\/09\/popup-1.jpg","type":"image\/jpeg"}],"author":"Zona Caral Administrador","twitter_card":"summary_large_image","twitter_misc":{"Written by":"Zona Caral Administrador","Est. reading time":"2 minutos"},"schema":{"@context":"https:\/\/schema.org","@graph":[{"@type":"Article","@id":"https:\/\/zonacaral.gob.pe\/es\/noticias\/mes-de-la-primavera-ninos-y-adultos-conocieron-mas-de-caral-armando-una-tarjeta-pop-up\/#article","isPartOf":{"@id":"https:\/\/zonacaral.gob.pe\/es\/noticias\/mes-de-la-primavera-ninos-y-adultos-conocieron-mas-de-caral-armando-una-tarjeta-pop-up\/"},"author":{"name":"Zona Caral Administrador","@id":"https:\/\/zonacaral.gob.pe\/es\/#\/schema\/person\/beddb4d22f71a7230c5b90913270a0ee"},"headline":"MES DE LA PRIMAVERA: ni\u00f1os y adultos conocieron m\u00e1s de Caral armando una tarjeta pop-up","datePublished":"2023-09-27T20:32:53+00:00","mainEntityOfPage":{"@id":"https:\/\/zonacaral.gob.pe\/es\/noticias\/mes-de-la-primavera-ninos-y-adultos-conocieron-mas-de-caral-armando-una-tarjeta-pop-up\/"},"wordCount":417,"image":{"@id":"https:\/\/zonacaral.gob.pe\/es\/noticias\/mes-de-la-primavera-ninos-y-adultos-conocieron-mas-de-caral-armando-una-tarjeta-pop-up\/#primaryimage"},"thumbnailUrl":"https:\/\/zonacaral.gob.pe\/wp-content\/uploads\/2023\/09\/popup-1.jpg","keywords":["caral","Cultura"],"articleSection":["noticias"],"inLanguage":"es-PE"},{"@type":"WebPage","@id":"https:\/\/zonacaral.gob.pe\/es\/noticias\/mes-de-la-primavera-ninos-y-adultos-conocieron-mas-de-caral-armando-una-tarjeta-pop-up\/","url":"https:\/\/zonacaral.gob.pe\/es\/noticias\/mes-de-la-primavera-ninos-y-adultos-conocieron-mas-de-caral-armando-una-tarjeta-pop-up\/","name":"Transmitimos los valores de nuestro patrimonio cultural.","isPartOf":{"@id":"https:\/\/zonacaral.gob.pe\/es\/#website"},"primaryImageOfPage":{"@id":"https:\/\/zonacaral.gob.pe\/es\/noticias\/mes-de-la-primavera-ninos-y-adultos-conocieron-mas-de-caral-armando-una-tarjeta-pop-up\/#primaryimage"},"image":{"@id":"https:\/\/zonacaral.gob.pe\/es\/noticias\/mes-de-la-primavera-ninos-y-adultos-conocieron-mas-de-caral-armando-una-tarjeta-pop-up\/#primaryimage"},"thumbnailUrl":"https:\/\/zonacaral.gob.pe\/wp-content\/uploads\/2023\/09\/popup-1.jpg","datePublished":"2023-09-27T20:32:53+00:00","author":{"@id":"https:\/\/zonacaral.gob.pe\/es\/#\/schema\/person\/beddb4d22f71a7230c5b90913270a0ee"},"description":"En el marco del inicio de la temporada de primavera, ni\u00f1os y adultos se dieron cita en el Ministerio de Cultura para conocer m\u00e1s de cerca sobre el desarrollo de la civilizaci\u00f3n Caral, armando una divertida y colorida tarjeta pop-up, en la que plasmaron detalles del denominado \u201cbosque milenario de Caral\u201d.Con el fin de seguir promoviendo y difundiendo nuestra riqueza cultural; en especial, la desarrollada en el \u00e1rea norcentral del Per\u00fa, la Zona Arqueol\u00f3gica Caral, Unidad Ejecutora 003 del Ministerio de Cultura, invita a la poblaci\u00f3n a celebrar el D\u00eda Mundial del Turismo, ingresando de manera gratuita este 1 de octubre, a los sitios arqueol\u00f3gicos Ciudad Sagrada de Caral, \u00c1spero y Vichama.","breadcrumb":{"@id":"https:\/\/zonacaral.gob.pe\/es\/noticias\/mes-de-la-primavera-ninos-y-adultos-conocieron-mas-de-caral-armando-una-tarjeta-pop-up\/#breadcrumb"},"inLanguage":"es-PE","potentialAction":[{"@type":"ReadAction","target":["https:\/\/zonacaral.gob.pe\/es\/noticias\/mes-de-la-primavera-ninos-y-adultos-conocieron-mas-de-caral-armando-una-tarjeta-pop-up\/"]}]},{"@type":"ImageObject","inLanguage":"es-PE","@id":"https:\/\/zonacaral.gob.pe\/es\/noticias\/mes-de-la-primavera-ninos-y-adultos-conocieron-mas-de-caral-armando-una-tarjeta-pop-up\/#primaryimage","url":"https:\/\/zonacaral.gob.pe\/wp-content\/uploads\/2023\/09\/popup-1.jpg","contentUrl":"https:\/\/zonacaral.gob.pe\/wp-content\/uploads\/2023\/09\/popup-1.jpg","width":645,"height":363},{"@type":"BreadcrumbList","@id":"https:\/\/zonacaral.gob.pe\/es\/noticias\/mes-de-la-primavera-ninos-y-adultos-conocieron-mas-de-caral-armando-una-tarjeta-pop-up\/#breadcrumb","itemListElement":[{"@type":"ListItem","position":1,"name":"Portada","item":"https:\/\/zonacaral.gob.pe\/"},{"@type":"ListItem","position":2,"name":"MES DE LA PRIMAVERA: ni\u00f1os y adultos conocieron m\u00e1s de Caral armando una tarjeta pop-up"}]},{"@type":"WebSite","@id":"https:\/\/zonacaral.gob.pe\/es\/#website","url":"https:\/\/zonacaral.gob.pe\/es\/","name":"Zona Caral","description":"Investigamos, conservamos y difundimos el patrimonio cultural de la Civilizaci\u00f3n Caral, la m\u00e1s antigua de Am\u00e9rica.","potentialAction":[{"@type":"SearchAction","target":{"@type":"EntryPoint","urlTemplate":"https:\/\/zonacaral.gob.pe\/es\/?s={search_term_string}"},"query-input":{"@type":"PropertyValueSpecification","valueRequired":true,"valueName":"search_term_string"}}],"inLanguage":"es-PE"},{"@type":"Person","@id":"https:\/\/zonacaral.gob.pe\/es\/#\/schema\/person\/beddb4d22f71a7230c5b90913270a0ee","name":"Zona Caral Administrador","image":{"@type":"ImageObject","inLanguage":"es-PE","@id":"https:\/\/secure.gravatar.com\/avatar\/e4be162918a696358376de6446614e0f0f4062bdc5d170d6d540ada3d8b58c12?s=96&d=mm&r=g","url":"https:\/\/secure.gravatar.com\/avatar\/e4be162918a696358376de6446614e0f0f4062bdc5d170d6d540ada3d8b58c12?s=96&d=mm&r=g","contentUrl":"https:\/\/secure.gravatar.com\/avatar\/e4be162918a696358376de6446614e0f0f4062bdc5d170d6d540ada3d8b58c12?s=96&d=mm&r=g","caption":"Zona Caral Administrador"},"sameAs":["https:\/\/zonacaral.gob.pe"],"url":"https:\/\/zonacaral.gob.pe\/es\/noticias\/author\/ad_zonacaral\/"}]}},"_links":{"self":[{"href":"https:\/\/zonacaral.gob.pe\/es\/wp-json\/wp\/v2\/posts\/17058","targetHints":{"allow":["GET"]}}],"collection":[{"href":"https:\/\/zonacaral.gob.pe\/es\/wp-json\/wp\/v2\/posts"}],"about":[{"href":"https:\/\/zonacaral.gob.pe\/es\/wp-json\/wp\/v2\/types\/post"}],"author":[{"embeddable":true,"href":"https:\/\/zonacaral.gob.pe\/es\/wp-json\/wp\/v2\/users\/1"}],"replies":[{"embeddable":true,"href":"https:\/\/zonacaral.gob.pe\/es\/wp-json\/wp\/v2\/comments?post=17058"}],"version-history":[{"count":0,"href":"https:\/\/zonacaral.gob.pe\/es\/wp-json\/wp\/v2\/posts\/17058\/revisions"}],"wp:featuredmedia":[{"embeddable":true,"href":"https:\/\/zonacaral.gob.pe\/es\/wp-json\/wp\/v2\/media\/17060"}],"wp:attachment":[{"href":"https:\/\/zonacaral.gob.pe\/es\/wp-json\/wp\/v2\/media?parent=17058"}],"wp:term":[{"taxonomy":"category","embeddable":true,"href":"https:\/\/zonacaral.gob.pe\/es\/wp-json\/wp\/v2\/categories?post=17058"},{"taxonomy":"post_tag","embeddable":true,"href":"https:\/\/zonacaral.gob.pe\/es\/wp-json\/wp\/v2\/tags?post=17058"}],"curies":[{"name":"wp","href":"https:\/\/api.w.org\/{rel}","templated":true}]}}