{"id":17071,"date":"2023-09-29T14:58:28","date_gmt":"2023-09-29T19:58:28","guid":{"rendered":"https:\/\/www.zonacaral.gob.pe\/?p=17071"},"modified":"2023-09-29T14:58:28","modified_gmt":"2023-09-29T19:58:28","slug":"difundimos-la-ruta-caral-en-feria-de-turismo-de-barranca","status":"publish","type":"post","link":"https:\/\/zonacaral.gob.pe\/es\/noticias\/difundimos-la-ruta-caral-en-feria-de-turismo-de-barranca\/","title":{"rendered":"Difundimos la Ruta Caral en Feria de Turismo de Barranca"},"content":{"rendered":"<figure class=\"pic-autor\" style=\"color: #4d4d4d; text-align: justify;\"><\/figure>\n<div class=\"gmail_default\" style=\"text-align: justify;\">\n<p><span style=\"color: black; font-family: Arial, sans-serif; font-size: inherit;\">La Zona Arqueol\u00f3gica Caral, Unidad Ejecutora 003 del Ministerio de Cultura, a trav\u00e9s de su \u2018Sede \u00c1spero\u2019, ubicada en el distrito de Supe Puerto, particip\u00f3 en la feria de turismo titulada \u201cI Encuentro de Prestadores Tur\u00edsticos de la Provincia de Barranca 2023\u201d, organizada por la Municipalidad Provincial de Barranca.<\/span><\/p>\n<div>\n<p style=\"text-align: justify; text-justify: inter-ideograph; margin: 12.0pt 0cm 12.0pt 0cm;\"><span lang=\"ES-US\" style=\"font-family: 'Arial',sans-serif; color: black;\">El evento desarrollado en la Plaza de Armas de Barranca, se realiz\u00f3 con el fin de conmemorar el D\u00eda Mundial del Turismo, para consolidar las ofertas tur\u00edsticas con miras al verano 2024, y convoc\u00f3 a los diferentes sectores: restaurantes, hoteles, servicios de turismo, artesan\u00edas, entre otros.<\/span><\/p>\n<p style=\"text-align: justify; text-justify: inter-ideograph; margin: 12.0pt 0cm 12.0pt 0cm;\"><span lang=\"ES-US\" style=\"font-family: 'Arial',sans-serif; color: black;\">Desde las 10 de la ma\u00f1ana hasta las 7 de la noche, del mi\u00e9rcoles 27, nuestro stand fue visitado por ni\u00f1os y adultos, a quienes se les invit\u00f3 a recorrer la denominada Ruta Caral, que incluye la vista a los sitios arqueol\u00f3gicos Ciudad Sagrada de Caral, Patrimonio Mundial, \u00c1spero y Vichama. Adem\u00e1s de los museos comunitarios de Supe y V\u00e9gueta.<\/span><\/p>\n<p style=\"text-align: justify; text-justify: inter-ideograph; margin: 12.0pt 0cm 12.0pt 0cm;\"><span lang=\"ES-US\" style=\"font-family: 'Arial',sans-serif; color: black;\">Asimismo, se ofertaron las diversas publicaciones que ha elaborado la Zona Arqueol\u00f3gica Caral, as\u00ed como tambi\u00e9n recuerdos, gorras, bolsas, monederos, pines, entre otros objetos. Su compra contribuye en los trabajos de investigaci\u00f3n y conservaci\u00f3n de doce centros urbanos de la civilizaci\u00f3n Caral.<\/span><\/p>\n<p style=\"text-align: justify; text-justify: inter-ideograph; margin: 12.0pt 0cm 12.0pt 0cm;\"><span lang=\"ES-US\" style=\"font-family: 'Arial',sans-serif; color: black;\">En especial, en la feria se busc\u00f3 difundir la visita al antiguo centro urbano \u00c1spero, ciudad pesquera de Caral, la cual se ubica en el litoral del valle de Supe. Sus hallazgos demuestran la producci\u00f3n de ciencia y tecnolog\u00eda para la obtenci\u00f3n del recurso marino.<\/span><\/p>\n<p style=\"text-align: justify; text-justify: inter-ideograph; margin: 12.0pt 0cm 12.0pt 0cm;\"><b><span lang=\"ES-US\" style=\"font-family: 'Arial',sans-serif; color: black;\">DATO<\/span><\/b><\/p>\n<p style=\"text-align: justify; text-justify: inter-ideograph; margin: 12.0pt 0cm 12.0pt 0cm;\"><span lang=\"ES-US\" style=\"font-family: 'Arial',sans-serif; color: black;\">Con el fin de brindar una mejor atenci\u00f3n en los sitios arqueol\u00f3gicos Ciudad Sagrada de Caral, \u00c1spero y Vichama, se cambi\u00f3 el horario de atenci\u00f3n: de lunes a domingo (incluyendo feriados) de 9:00 a. m. a 5:00 p. m. (Se recomienda que el \u00faltimo grupo ingrese 4:00 p. m.)<\/span><\/p>\n<p style=\"text-align: justify; text-justify: inter-ideograph; margin: 12.0pt 0cm 12.0pt 0cm;\"><span lang=\"ES-US\" style=\"font-family: 'Arial',sans-serif; color: black;\">El D\u00eda Mundial del Turismo se conmemora cada a\u00f1o el 27 de septiembre, con celebraciones dirigidas por la Organizaci\u00f3n Mundial del Turismo &#8211; OMT. Su prop\u00f3sito es el de concienciar a la comunidad internacional acerca del valor social, cultural, pol\u00edtico y econ\u00f3mico del turismo, adem\u00e1s de sobre c\u00f3mo el sector puede contribuir a lograr los Objetivos de Desarrollo Sostenible.<\/span><\/p>\n<\/div>\n<p><strong style=\"font-size: inherit; text-align: justify;\">Fuente: Comunicaci\u00f3n e Imagen Institucional ZAC<\/strong><\/p>\n<\/div>\n<div style=\"color: #1f1f1f;\">\n<div style=\"color: #1f1f1f;\">\n<p style=\"text-align: justify;\">Fecha de publicaci\u00f3n: 29\/09\/2023<\/p>\n<\/div>\n<\/div>\n","protected":false},"excerpt":{"rendered":"<p>La Zona Arqueol\u00f3gica Caral, Unidad Ejecutora 003 del Ministerio de Cultura, a trav\u00e9s de su \u2018Sede \u00c1spero\u2019, ubicada en el [&hellip;]<\/p>\n","protected":false},"author":1,"featured_media":17074,"comment_status":"closed","ping_status":"open","sticky":false,"template":"","format":"standard","meta":{"_acf_changed":false,"site-sidebar-layout":"default","site-content-layout":"","ast-site-content-layout":"default","site-content-style":"default","site-sidebar-style":"default","ast-global-header-display":"","ast-banner-title-visibility":"","ast-main-header-display":"","ast-hfb-above-header-display":"","ast-hfb-below-header-display":"","ast-hfb-mobile-header-display":"","site-post-title":"","ast-breadcrumbs-content":"","ast-featured-img":"","footer-sml-layout":"","ast-disable-related-posts":"","theme-transparent-header-meta":"","adv-header-id-meta":"","stick-header-meta":"","header-above-stick-meta":"","header-main-stick-meta":"","header-below-stick-meta":"","astra-migrate-meta-layouts":"default","ast-page-background-enabled":"default","ast-page-background-meta":{"desktop":{"background-color":"var(--ast-global-color-5)","background-image":"","background-repeat":"repeat","background-position":"center center","background-size":"auto","background-attachment":"scroll","background-type":"","background-media":"","overlay-type":"","overlay-color":"","overlay-opacity":"","overlay-gradient":""},"tablet":{"background-color":"","background-image":"","background-repeat":"repeat","background-position":"center center","background-size":"auto","background-attachment":"scroll","background-type":"","background-media":"","overlay-type":"","overlay-color":"","overlay-opacity":"","overlay-gradient":""},"mobile":{"background-color":"","background-image":"","background-repeat":"repeat","background-position":"center center","background-size":"auto","background-attachment":"scroll","background-type":"","background-media":"","overlay-type":"","overlay-color":"","overlay-opacity":"","overlay-gradient":""}},"ast-content-background-meta":{"desktop":{"background-color":"var(--ast-global-color-4)","background-image":"","background-repeat":"repeat","background-position":"center center","background-size":"auto","background-attachment":"scroll","background-type":"","background-media":"","overlay-type":"","overlay-color":"","overlay-opacity":"","overlay-gradient":""},"tablet":{"background-color":"var(--ast-global-color-4)","background-image":"","background-repeat":"repeat","background-position":"center center","background-size":"auto","background-attachment":"scroll","background-type":"","background-media":"","overlay-type":"","overlay-color":"","overlay-opacity":"","overlay-gradient":""},"mobile":{"background-color":"var(--ast-global-color-4)","background-image":"","background-repeat":"repeat","background-position":"center center","background-size":"auto","background-attachment":"scroll","background-type":"","background-media":"","overlay-type":"","overlay-color":"","overlay-opacity":"","overlay-gradient":""}},"footnotes":""},"categories":[208],"tags":[55,72],"class_list":["post-17071","post","type-post","status-publish","format-standard","has-post-thumbnail","hentry","category-noticias","tag-caral","tag-cultura"],"acf":[],"yoast_head":"<!-- This site is optimized with the Yoast SEO plugin v27.3 - https:\/\/yoast.com\/product\/yoast-seo-wordpress\/ -->\n<title>Difundimos la Ruta Caral en Feria de Turismo de Barranca<\/title>\n<meta name=\"description\" content=\"La Zona Arqueol\u00f3gica Caral, Unidad Ejecutora 003 del Ministerio de Cultura, a trav\u00e9s de su \u2018Sede \u00c1spero\u2019, ubicada en el distrito de Supe Puerto, particip\u00f3 en la feria de turismo titulada \u201cI Encuentro de Prestadores Tur\u00edsticos de la Provincia de Barranca 2023\u201d, organizada por la Municipalidad Provincial de Barranca.\" \/>\n<meta name=\"robots\" content=\"index, follow, max-snippet:-1, max-image-preview:large, max-video-preview:-1\" \/>\n<link rel=\"canonical\" href=\"https:\/\/zonacaral.gob.pe\/es\/noticias\/difundimos-la-ruta-caral-en-feria-de-turismo-de-barranca\/\" \/>\n<meta property=\"og:locale\" content=\"es_ES\" \/>\n<meta property=\"og:type\" content=\"article\" \/>\n<meta property=\"og:title\" content=\"Difundimos la Ruta Caral en Feria de Turismo de Barranca\" \/>\n<meta property=\"og:description\" content=\"La Zona Arqueol\u00f3gica Caral, Unidad Ejecutora 003 del Ministerio de Cultura, a trav\u00e9s de su \u2018Sede \u00c1spero\u2019, ubicada en el distrito de Supe Puerto, particip\u00f3 en la feria de turismo titulada \u201cI Encuentro de Prestadores Tur\u00edsticos de la Provincia de Barranca 2023\u201d, organizada por la Municipalidad Provincial de Barranca.\" \/>\n<meta property=\"og:url\" content=\"https:\/\/zonacaral.gob.pe\/es\/noticias\/difundimos-la-ruta-caral-en-feria-de-turismo-de-barranca\/\" \/>\n<meta property=\"og:site_name\" content=\"Zona Caral\" \/>\n<meta property=\"article:published_time\" content=\"2023-09-29T19:58:28+00:00\" \/>\n<meta property=\"og:image\" content=\"https:\/\/zonacaral.gob.pe\/wp-content\/uploads\/2023\/09\/feria-barranca-3.png\" \/>\n\t<meta property=\"og:image:width\" content=\"1040\" \/>\n\t<meta property=\"og:image:height\" content=\"640\" \/>\n\t<meta property=\"og:image:type\" content=\"image\/png\" \/>\n<meta name=\"author\" content=\"Zona Caral Administrador\" \/>\n<meta name=\"twitter:card\" content=\"summary_large_image\" \/>\n<meta name=\"twitter:label1\" content=\"Written by\" \/>\n\t<meta name=\"twitter:data1\" content=\"Zona Caral Administrador\" \/>\n\t<meta name=\"twitter:label2\" content=\"Est. reading time\" \/>\n\t<meta name=\"twitter:data2\" content=\"2 minutos\" \/>\n<script type=\"application\/ld+json\" class=\"yoast-schema-graph\">{\"@context\":\"https:\\\/\\\/schema.org\",\"@graph\":[{\"@type\":\"Article\",\"@id\":\"https:\\\/\\\/zonacaral.gob.pe\\\/es\\\/noticias\\\/difundimos-la-ruta-caral-en-feria-de-turismo-de-barranca\\\/#article\",\"isPartOf\":{\"@id\":\"https:\\\/\\\/zonacaral.gob.pe\\\/es\\\/noticias\\\/difundimos-la-ruta-caral-en-feria-de-turismo-de-barranca\\\/\"},\"author\":{\"name\":\"Zona Caral Administrador\",\"@id\":\"https:\\\/\\\/zonacaral.gob.pe\\\/es\\\/#\\\/schema\\\/person\\\/beddb4d22f71a7230c5b90913270a0ee\"},\"headline\":\"Difundimos la Ruta Caral en Feria de Turismo de Barranca\",\"datePublished\":\"2023-09-29T19:58:28+00:00\",\"mainEntityOfPage\":{\"@id\":\"https:\\\/\\\/zonacaral.gob.pe\\\/es\\\/noticias\\\/difundimos-la-ruta-caral-en-feria-de-turismo-de-barranca\\\/\"},\"wordCount\":393,\"image\":{\"@id\":\"https:\\\/\\\/zonacaral.gob.pe\\\/es\\\/noticias\\\/difundimos-la-ruta-caral-en-feria-de-turismo-de-barranca\\\/#primaryimage\"},\"thumbnailUrl\":\"https:\\\/\\\/zonacaral.gob.pe\\\/wp-content\\\/uploads\\\/2023\\\/09\\\/feria-barranca-3.png\",\"keywords\":[\"caral\",\"Cultura\"],\"articleSection\":[\"noticias\"],\"inLanguage\":\"es-PE\"},{\"@type\":\"WebPage\",\"@id\":\"https:\\\/\\\/zonacaral.gob.pe\\\/es\\\/noticias\\\/difundimos-la-ruta-caral-en-feria-de-turismo-de-barranca\\\/\",\"url\":\"https:\\\/\\\/zonacaral.gob.pe\\\/es\\\/noticias\\\/difundimos-la-ruta-caral-en-feria-de-turismo-de-barranca\\\/\",\"name\":\"Difundimos la Ruta Caral en Feria de Turismo de Barranca\",\"isPartOf\":{\"@id\":\"https:\\\/\\\/zonacaral.gob.pe\\\/es\\\/#website\"},\"primaryImageOfPage\":{\"@id\":\"https:\\\/\\\/zonacaral.gob.pe\\\/es\\\/noticias\\\/difundimos-la-ruta-caral-en-feria-de-turismo-de-barranca\\\/#primaryimage\"},\"image\":{\"@id\":\"https:\\\/\\\/zonacaral.gob.pe\\\/es\\\/noticias\\\/difundimos-la-ruta-caral-en-feria-de-turismo-de-barranca\\\/#primaryimage\"},\"thumbnailUrl\":\"https:\\\/\\\/zonacaral.gob.pe\\\/wp-content\\\/uploads\\\/2023\\\/09\\\/feria-barranca-3.png\",\"datePublished\":\"2023-09-29T19:58:28+00:00\",\"author\":{\"@id\":\"https:\\\/\\\/zonacaral.gob.pe\\\/es\\\/#\\\/schema\\\/person\\\/beddb4d22f71a7230c5b90913270a0ee\"},\"description\":\"La Zona Arqueol\u00f3gica Caral, Unidad Ejecutora 003 del Ministerio de Cultura, a trav\u00e9s de su \u2018Sede \u00c1spero\u2019, ubicada en el distrito de Supe Puerto, particip\u00f3 en la feria de turismo titulada \u201cI Encuentro de Prestadores Tur\u00edsticos de la Provincia de Barranca 2023\u201d, organizada por la Municipalidad Provincial de Barranca.\",\"breadcrumb\":{\"@id\":\"https:\\\/\\\/zonacaral.gob.pe\\\/es\\\/noticias\\\/difundimos-la-ruta-caral-en-feria-de-turismo-de-barranca\\\/#breadcrumb\"},\"inLanguage\":\"es-PE\",\"potentialAction\":[{\"@type\":\"ReadAction\",\"target\":[\"https:\\\/\\\/zonacaral.gob.pe\\\/es\\\/noticias\\\/difundimos-la-ruta-caral-en-feria-de-turismo-de-barranca\\\/\"]}]},{\"@type\":\"ImageObject\",\"inLanguage\":\"es-PE\",\"@id\":\"https:\\\/\\\/zonacaral.gob.pe\\\/es\\\/noticias\\\/difundimos-la-ruta-caral-en-feria-de-turismo-de-barranca\\\/#primaryimage\",\"url\":\"https:\\\/\\\/zonacaral.gob.pe\\\/wp-content\\\/uploads\\\/2023\\\/09\\\/feria-barranca-3.png\",\"contentUrl\":\"https:\\\/\\\/zonacaral.gob.pe\\\/wp-content\\\/uploads\\\/2023\\\/09\\\/feria-barranca-3.png\",\"width\":1040,\"height\":640},{\"@type\":\"BreadcrumbList\",\"@id\":\"https:\\\/\\\/zonacaral.gob.pe\\\/es\\\/noticias\\\/difundimos-la-ruta-caral-en-feria-de-turismo-de-barranca\\\/#breadcrumb\",\"itemListElement\":[{\"@type\":\"ListItem\",\"position\":1,\"name\":\"Portada\",\"item\":\"https:\\\/\\\/zonacaral.gob.pe\\\/\"},{\"@type\":\"ListItem\",\"position\":2,\"name\":\"Difundimos la Ruta Caral en Feria de Turismo de Barranca\"}]},{\"@type\":\"WebSite\",\"@id\":\"https:\\\/\\\/zonacaral.gob.pe\\\/es\\\/#website\",\"url\":\"https:\\\/\\\/zonacaral.gob.pe\\\/es\\\/\",\"name\":\"Zona Caral\",\"description\":\"Investigamos, conservamos y difundimos el patrimonio cultural de la Civilizaci\u00f3n Caral, la m\u00e1s antigua de Am\u00e9rica.\",\"potentialAction\":[{\"@type\":\"SearchAction\",\"target\":{\"@type\":\"EntryPoint\",\"urlTemplate\":\"https:\\\/\\\/zonacaral.gob.pe\\\/es\\\/?s={search_term_string}\"},\"query-input\":{\"@type\":\"PropertyValueSpecification\",\"valueRequired\":true,\"valueName\":\"search_term_string\"}}],\"inLanguage\":\"es-PE\"},{\"@type\":\"Person\",\"@id\":\"https:\\\/\\\/zonacaral.gob.pe\\\/es\\\/#\\\/schema\\\/person\\\/beddb4d22f71a7230c5b90913270a0ee\",\"name\":\"Zona Caral Administrador\",\"image\":{\"@type\":\"ImageObject\",\"inLanguage\":\"es-PE\",\"@id\":\"https:\\\/\\\/secure.gravatar.com\\\/avatar\\\/e4be162918a696358376de6446614e0f0f4062bdc5d170d6d540ada3d8b58c12?s=96&d=mm&r=g\",\"url\":\"https:\\\/\\\/secure.gravatar.com\\\/avatar\\\/e4be162918a696358376de6446614e0f0f4062bdc5d170d6d540ada3d8b58c12?s=96&d=mm&r=g\",\"contentUrl\":\"https:\\\/\\\/secure.gravatar.com\\\/avatar\\\/e4be162918a696358376de6446614e0f0f4062bdc5d170d6d540ada3d8b58c12?s=96&d=mm&r=g\",\"caption\":\"Zona Caral Administrador\"},\"sameAs\":[\"https:\\\/\\\/zonacaral.gob.pe\"],\"url\":\"https:\\\/\\\/zonacaral.gob.pe\\\/es\\\/noticias\\\/author\\\/ad_zonacaral\\\/\"}]}<\/script>\n<!-- \/ Yoast SEO plugin. -->","yoast_head_json":{"title":"Difundimos la Ruta Caral en Feria de Turismo de Barranca","description":"La Zona Arqueol\u00f3gica Caral, Unidad Ejecutora 003 del Ministerio de Cultura, a trav\u00e9s de su \u2018Sede \u00c1spero\u2019, ubicada en el distrito de Supe Puerto, particip\u00f3 en la feria de turismo titulada \u201cI Encuentro de Prestadores Tur\u00edsticos de la Provincia de Barranca 2023\u201d, organizada por la Municipalidad Provincial de Barranca.","robots":{"index":"index","follow":"follow","max-snippet":"max-snippet:-1","max-image-preview":"max-image-preview:large","max-video-preview":"max-video-preview:-1"},"canonical":"https:\/\/zonacaral.gob.pe\/es\/noticias\/difundimos-la-ruta-caral-en-feria-de-turismo-de-barranca\/","og_locale":"es_ES","og_type":"article","og_title":"Difundimos la Ruta Caral en Feria de Turismo de Barranca","og_description":"La Zona Arqueol\u00f3gica Caral, Unidad Ejecutora 003 del Ministerio de Cultura, a trav\u00e9s de su \u2018Sede \u00c1spero\u2019, ubicada en el distrito de Supe Puerto, particip\u00f3 en la feria de turismo titulada \u201cI Encuentro de Prestadores Tur\u00edsticos de la Provincia de Barranca 2023\u201d, organizada por la Municipalidad Provincial de Barranca.","og_url":"https:\/\/zonacaral.gob.pe\/es\/noticias\/difundimos-la-ruta-caral-en-feria-de-turismo-de-barranca\/","og_site_name":"Zona Caral","article_published_time":"2023-09-29T19:58:28+00:00","og_image":[{"width":1040,"height":640,"url":"https:\/\/zonacaral.gob.pe\/wp-content\/uploads\/2023\/09\/feria-barranca-3.png","type":"image\/png"}],"author":"Zona Caral Administrador","twitter_card":"summary_large_image","twitter_misc":{"Written by":"Zona Caral Administrador","Est. reading time":"2 minutos"},"schema":{"@context":"https:\/\/schema.org","@graph":[{"@type":"Article","@id":"https:\/\/zonacaral.gob.pe\/es\/noticias\/difundimos-la-ruta-caral-en-feria-de-turismo-de-barranca\/#article","isPartOf":{"@id":"https:\/\/zonacaral.gob.pe\/es\/noticias\/difundimos-la-ruta-caral-en-feria-de-turismo-de-barranca\/"},"author":{"name":"Zona Caral Administrador","@id":"https:\/\/zonacaral.gob.pe\/es\/#\/schema\/person\/beddb4d22f71a7230c5b90913270a0ee"},"headline":"Difundimos la Ruta Caral en Feria de Turismo de Barranca","datePublished":"2023-09-29T19:58:28+00:00","mainEntityOfPage":{"@id":"https:\/\/zonacaral.gob.pe\/es\/noticias\/difundimos-la-ruta-caral-en-feria-de-turismo-de-barranca\/"},"wordCount":393,"image":{"@id":"https:\/\/zonacaral.gob.pe\/es\/noticias\/difundimos-la-ruta-caral-en-feria-de-turismo-de-barranca\/#primaryimage"},"thumbnailUrl":"https:\/\/zonacaral.gob.pe\/wp-content\/uploads\/2023\/09\/feria-barranca-3.png","keywords":["caral","Cultura"],"articleSection":["noticias"],"inLanguage":"es-PE"},{"@type":"WebPage","@id":"https:\/\/zonacaral.gob.pe\/es\/noticias\/difundimos-la-ruta-caral-en-feria-de-turismo-de-barranca\/","url":"https:\/\/zonacaral.gob.pe\/es\/noticias\/difundimos-la-ruta-caral-en-feria-de-turismo-de-barranca\/","name":"Difundimos la Ruta Caral en Feria de Turismo de Barranca","isPartOf":{"@id":"https:\/\/zonacaral.gob.pe\/es\/#website"},"primaryImageOfPage":{"@id":"https:\/\/zonacaral.gob.pe\/es\/noticias\/difundimos-la-ruta-caral-en-feria-de-turismo-de-barranca\/#primaryimage"},"image":{"@id":"https:\/\/zonacaral.gob.pe\/es\/noticias\/difundimos-la-ruta-caral-en-feria-de-turismo-de-barranca\/#primaryimage"},"thumbnailUrl":"https:\/\/zonacaral.gob.pe\/wp-content\/uploads\/2023\/09\/feria-barranca-3.png","datePublished":"2023-09-29T19:58:28+00:00","author":{"@id":"https:\/\/zonacaral.gob.pe\/es\/#\/schema\/person\/beddb4d22f71a7230c5b90913270a0ee"},"description":"La Zona Arqueol\u00f3gica Caral, Unidad Ejecutora 003 del Ministerio de Cultura, a trav\u00e9s de su \u2018Sede \u00c1spero\u2019, ubicada en el distrito de Supe Puerto, particip\u00f3 en la feria de turismo titulada \u201cI Encuentro de Prestadores Tur\u00edsticos de la Provincia de Barranca 2023\u201d, organizada por la Municipalidad Provincial de Barranca.","breadcrumb":{"@id":"https:\/\/zonacaral.gob.pe\/es\/noticias\/difundimos-la-ruta-caral-en-feria-de-turismo-de-barranca\/#breadcrumb"},"inLanguage":"es-PE","potentialAction":[{"@type":"ReadAction","target":["https:\/\/zonacaral.gob.pe\/es\/noticias\/difundimos-la-ruta-caral-en-feria-de-turismo-de-barranca\/"]}]},{"@type":"ImageObject","inLanguage":"es-PE","@id":"https:\/\/zonacaral.gob.pe\/es\/noticias\/difundimos-la-ruta-caral-en-feria-de-turismo-de-barranca\/#primaryimage","url":"https:\/\/zonacaral.gob.pe\/wp-content\/uploads\/2023\/09\/feria-barranca-3.png","contentUrl":"https:\/\/zonacaral.gob.pe\/wp-content\/uploads\/2023\/09\/feria-barranca-3.png","width":1040,"height":640},{"@type":"BreadcrumbList","@id":"https:\/\/zonacaral.gob.pe\/es\/noticias\/difundimos-la-ruta-caral-en-feria-de-turismo-de-barranca\/#breadcrumb","itemListElement":[{"@type":"ListItem","position":1,"name":"Portada","item":"https:\/\/zonacaral.gob.pe\/"},{"@type":"ListItem","position":2,"name":"Difundimos la Ruta Caral en Feria de Turismo de Barranca"}]},{"@type":"WebSite","@id":"https:\/\/zonacaral.gob.pe\/es\/#website","url":"https:\/\/zonacaral.gob.pe\/es\/","name":"Zona Caral","description":"Investigamos, conservamos y difundimos el patrimonio cultural de la Civilizaci\u00f3n Caral, la m\u00e1s antigua de Am\u00e9rica.","potentialAction":[{"@type":"SearchAction","target":{"@type":"EntryPoint","urlTemplate":"https:\/\/zonacaral.gob.pe\/es\/?s={search_term_string}"},"query-input":{"@type":"PropertyValueSpecification","valueRequired":true,"valueName":"search_term_string"}}],"inLanguage":"es-PE"},{"@type":"Person","@id":"https:\/\/zonacaral.gob.pe\/es\/#\/schema\/person\/beddb4d22f71a7230c5b90913270a0ee","name":"Zona Caral Administrador","image":{"@type":"ImageObject","inLanguage":"es-PE","@id":"https:\/\/secure.gravatar.com\/avatar\/e4be162918a696358376de6446614e0f0f4062bdc5d170d6d540ada3d8b58c12?s=96&d=mm&r=g","url":"https:\/\/secure.gravatar.com\/avatar\/e4be162918a696358376de6446614e0f0f4062bdc5d170d6d540ada3d8b58c12?s=96&d=mm&r=g","contentUrl":"https:\/\/secure.gravatar.com\/avatar\/e4be162918a696358376de6446614e0f0f4062bdc5d170d6d540ada3d8b58c12?s=96&d=mm&r=g","caption":"Zona Caral Administrador"},"sameAs":["https:\/\/zonacaral.gob.pe"],"url":"https:\/\/zonacaral.gob.pe\/es\/noticias\/author\/ad_zonacaral\/"}]}},"_links":{"self":[{"href":"https:\/\/zonacaral.gob.pe\/es\/wp-json\/wp\/v2\/posts\/17071","targetHints":{"allow":["GET"]}}],"collection":[{"href":"https:\/\/zonacaral.gob.pe\/es\/wp-json\/wp\/v2\/posts"}],"about":[{"href":"https:\/\/zonacaral.gob.pe\/es\/wp-json\/wp\/v2\/types\/post"}],"author":[{"embeddable":true,"href":"https:\/\/zonacaral.gob.pe\/es\/wp-json\/wp\/v2\/users\/1"}],"replies":[{"embeddable":true,"href":"https:\/\/zonacaral.gob.pe\/es\/wp-json\/wp\/v2\/comments?post=17071"}],"version-history":[{"count":0,"href":"https:\/\/zonacaral.gob.pe\/es\/wp-json\/wp\/v2\/posts\/17071\/revisions"}],"wp:featuredmedia":[{"embeddable":true,"href":"https:\/\/zonacaral.gob.pe\/es\/wp-json\/wp\/v2\/media\/17074"}],"wp:attachment":[{"href":"https:\/\/zonacaral.gob.pe\/es\/wp-json\/wp\/v2\/media?parent=17071"}],"wp:term":[{"taxonomy":"category","embeddable":true,"href":"https:\/\/zonacaral.gob.pe\/es\/wp-json\/wp\/v2\/categories?post=17071"},{"taxonomy":"post_tag","embeddable":true,"href":"https:\/\/zonacaral.gob.pe\/es\/wp-json\/wp\/v2\/tags?post=17071"}],"curies":[{"name":"wp","href":"https:\/\/api.w.org\/{rel}","templated":true}]}}