{"id":17102,"date":"2023-10-11T11:04:21","date_gmt":"2023-10-11T16:04:21","guid":{"rendered":"https:\/\/www.zonacaral.gob.pe\/?p=17102"},"modified":"2023-10-11T11:04:21","modified_gmt":"2023-10-11T16:04:21","slug":"ausencia-policial-pone-en-peligro-centros-urbanos-de-caral","status":"publish","type":"post","link":"https:\/\/zonacaral.gob.pe\/es\/noticias\/ausencia-policial-pone-en-peligro-centros-urbanos-de-caral\/","title":{"rendered":"Ausencia policial pone en peligro centros urbanos de Caral"},"content":{"rendered":"<figure class=\"pic-autor\" style=\"color: #4d4d4d; text-align: justify;\"><\/figure>\n<div class=\"gmail_default\" style=\"text-align: justify;\">\n<blockquote>\n<p><i><span style=\"font-weight: 400;\">&nbsp;Seguridad fue retirada desde antes de la pandemia generada por el COVID-19.<\/span><\/i><\/p>\n<\/blockquote>\n<p><span style=\"font-weight: 400;\">La doctora Ruth Shady Sol\u00eds, directora de la Zona Arqueol\u00f3gica Caral (ZAC), Unidad Ejecutora 003 del Ministerio de Cultura, expres\u00f3 su preocupaci\u00f3n por la falta de presencia policial en la Ciudad Sagrada de Caral, Patrimonio Mundial, as\u00ed como en los sitios arqueol\u00f3gicos de \u00c1spero y Vichama, hecho que deja en peligro constante al personal de campo y a los visitantes que llegan diariamente a conocer estos destinos tur\u00edsticos de la denominada RUTA CARAL.<\/span><\/p>\n<p><span style=\"font-weight: 400;\">Frente a esta situaci\u00f3n, la ZAC ha enviado un oficio al Ministerio del Interior (Mininter) para reiterar su pedido de que se restablezca el resguardo policial permanente en esos lugares, ubicados en los valles de Supe y de Huaura. Cabe agregar, que hace varios a\u00f1os atr\u00e1s se construy\u00f3 en la Ciudad Sagrada de Caral, una \u201ccasa del polic\u00eda\u201d para facilitar el trabajo de custodia, la que hoy se encuentra sin uso.<\/span><\/p>\n<p><span style=\"font-weight: 400;\">Tambi\u00e9n se han enviado oficios a los ministerios de Cultura y de Comercio Exterior y Turismo, solicitando su intercesi\u00f3n frente a esta preocupante situaci\u00f3n de desprotecci\u00f3n de los milenarios centros urbanos de la civilizaci\u00f3n Caral (3000 &#8211; 1800 a. C.).<\/span><\/p>\n<p><b>INCENDIO PROVOCADO<\/b><\/p>\n<p><span style=\"font-weight: 400;\">En sus comunicaciones, la Zona Arqueol\u00f3gica Caral ha informado que el pasado 1 de octubre de 2023, se registr\u00f3 un incendio provocado cerca al taller de conservaci\u00f3n de la Ciudad Sagrada de Caral. Este hecho delictivo tuvo que ser mitigado por el mismo personal de campo de la ZAC, para evitar la expansi\u00f3n del fuego y la afectaci\u00f3n del material institucional que se guarda en ese ambiente: palos de eucalipto, ca\u00f1as de bamb\u00fa, esteras y carrizos, entre otros.<\/span><\/p>\n<p><span style=\"font-weight: 400;\">Sin embargo, el fuego afect\u00f3 a los arbustos, parte del denominado \u201ccerco vivo de Caral\u201d, a las rejas de bamb\u00fa del sitio, al servicio higi\u00e9nico del taller de conservaci\u00f3n y otros espacios. El hecho fue denunciado en la Comisar\u00eda del distrito de Supe.<\/span><\/p>\n<p><span style=\"font-weight: 400;\">Este lamentable suceso se suma a los anteriores intentos de invasi\u00f3n de los sitios arqueol\u00f3gicos, de amenazas de muerte y de da\u00f1o f\u00edsico contra el personal de la ZAC, los que han sido denunciados en su momento ante las autoridades y medios de comunicaci\u00f3n. La inseguridad ciudadana podr\u00eda extenderse a los visitantes y turistas extranjeros que acuden al lugar.&nbsp;<\/span><\/p>\n<p><span style=\"font-weight: 400;\">Por lo se\u00f1alado, la Zona Arqueol\u00f3gica Caral solicita la intervenci\u00f3n de las autoridades respectivas, para garantizar la seguridad de los sitios de la Ciudad Sagrada de Caral, \u00c1spero y Vichama, del personal de campo y de los visitantes que llegan a conocer nuestro milenario patrimonio cultural.<\/span><\/p>\n<p><b>DATO<\/b><\/p>\n<p><span style=\"font-weight: 400;\">La falta de resguardo policial tambi\u00e9n pone en peligro la realizaci\u00f3n del evento \u201cCaral Raymi 2023\u201d, programado para los d\u00edas viernes 27 y s\u00e1bado 28 de octubre, con el fin de conmemorar el vig\u00e9simo noveno aniversario del inicio de la investigaci\u00f3n, la conservaci\u00f3n y la difusi\u00f3n de la Ciudad Sagrada de Caral, principal centro urbano de la civilizaci\u00f3n m\u00e1s antigua de Am\u00e9rica: Caral.<\/span><\/p>\n<p><span style=\"color: #6b0505;\"><strong style=\"font-size: inherit; text-align: justify;\">Fuente: Comunicaci\u00f3n e Imagen Institucional ZAC<\/strong><\/span><\/p>\n<\/div>\n<div style=\"color: #1f1f1f;\">\n<div style=\"color: #1f1f1f;\">\n<p style=\"text-align: justify;\">Fecha de publicaci\u00f3n: 11\/10\/2023<\/p>\n<\/div>\n<\/div>\n\n\n<p><\/p>\n","protected":false},"excerpt":{"rendered":"<p>&nbsp;Seguridad fue retirada desde antes de la pandemia generada por el COVID-19. La doctora Ruth Shady Sol\u00eds, directora de la [&hellip;]<\/p>\n","protected":false},"author":1,"featured_media":17105,"comment_status":"closed","ping_status":"open","sticky":false,"template":"","format":"standard","meta":{"_acf_changed":false,"site-sidebar-layout":"default","site-content-layout":"","ast-site-content-layout":"default","site-content-style":"default","site-sidebar-style":"default","ast-global-header-display":"","ast-banner-title-visibility":"","ast-main-header-display":"","ast-hfb-above-header-display":"","ast-hfb-below-header-display":"","ast-hfb-mobile-header-display":"","site-post-title":"","ast-breadcrumbs-content":"","ast-featured-img":"","footer-sml-layout":"","ast-disable-related-posts":"","theme-transparent-header-meta":"","adv-header-id-meta":"","stick-header-meta":"","header-above-stick-meta":"","header-main-stick-meta":"","header-below-stick-meta":"","astra-migrate-meta-layouts":"default","ast-page-background-enabled":"default","ast-page-background-meta":{"desktop":{"background-color":"var(--ast-global-color-5)","background-image":"","background-repeat":"repeat","background-position":"center center","background-size":"auto","background-attachment":"scroll","background-type":"","background-media":"","overlay-type":"","overlay-color":"","overlay-opacity":"","overlay-gradient":""},"tablet":{"background-color":"","background-image":"","background-repeat":"repeat","background-position":"center center","background-size":"auto","background-attachment":"scroll","background-type":"","background-media":"","overlay-type":"","overlay-color":"","overlay-opacity":"","overlay-gradient":""},"mobile":{"background-color":"","background-image":"","background-repeat":"repeat","background-position":"center center","background-size":"auto","background-attachment":"scroll","background-type":"","background-media":"","overlay-type":"","overlay-color":"","overlay-opacity":"","overlay-gradient":""}},"ast-content-background-meta":{"desktop":{"background-color":"var(--ast-global-color-4)","background-image":"","background-repeat":"repeat","background-position":"center center","background-size":"auto","background-attachment":"scroll","background-type":"","background-media":"","overlay-type":"","overlay-color":"","overlay-opacity":"","overlay-gradient":""},"tablet":{"background-color":"var(--ast-global-color-4)","background-image":"","background-repeat":"repeat","background-position":"center center","background-size":"auto","background-attachment":"scroll","background-type":"","background-media":"","overlay-type":"","overlay-color":"","overlay-opacity":"","overlay-gradient":""},"mobile":{"background-color":"var(--ast-global-color-4)","background-image":"","background-repeat":"repeat","background-position":"center center","background-size":"auto","background-attachment":"scroll","background-type":"","background-media":"","overlay-type":"","overlay-color":"","overlay-opacity":"","overlay-gradient":""}},"footnotes":""},"categories":[208],"tags":[55,72],"class_list":["post-17102","post","type-post","status-publish","format-standard","has-post-thumbnail","hentry","category-noticias","tag-caral","tag-cultura"],"acf":[],"yoast_head":"<!-- This site is optimized with the Yoast SEO plugin v27.3 - https:\/\/yoast.com\/product\/yoast-seo-wordpress\/ -->\n<title>Ausencia policial pone en peligro centros urbanos de Caral<\/title>\n<meta name=\"description\" content=\"La doctora Ruth Shady Sol\u00eds, directora de la Zona Arqueol\u00f3gica Caral (ZAC), Unidad Ejecutora 003 del Ministerio de Cultura, expres\u00f3 su preocupaci\u00f3n por la falta de presencia policial en la Ciudad Sagrada de Caral, Patrimonio Mundial, as\u00ed como en los sitios arqueol\u00f3gicos de \u00c1spero y Vichama, hecho que deja en peligro constante al personal de campo y a los visitantes que llegan diariamente a conocer estos destinos tur\u00edsticos de la denominada RUTA CARAL.\" \/>\n<meta name=\"robots\" content=\"index, follow, max-snippet:-1, max-image-preview:large, max-video-preview:-1\" \/>\n<link rel=\"canonical\" href=\"https:\/\/zonacaral.gob.pe\/es\/noticias\/ausencia-policial-pone-en-peligro-centros-urbanos-de-caral\/\" \/>\n<meta property=\"og:locale\" content=\"es_ES\" \/>\n<meta property=\"og:type\" content=\"article\" \/>\n<meta property=\"og:title\" content=\"Ausencia policial pone en peligro centros urbanos de Caral\" \/>\n<meta property=\"og:description\" content=\"La doctora Ruth Shady Sol\u00eds, directora de la Zona Arqueol\u00f3gica Caral (ZAC), Unidad Ejecutora 003 del Ministerio de Cultura, expres\u00f3 su preocupaci\u00f3n por la falta de presencia policial en la Ciudad Sagrada de Caral, Patrimonio Mundial, as\u00ed como en los sitios arqueol\u00f3gicos de \u00c1spero y Vichama, hecho que deja en peligro constante al personal de campo y a los visitantes que llegan diariamente a conocer estos destinos tur\u00edsticos de la denominada RUTA CARAL.\" \/>\n<meta property=\"og:url\" content=\"https:\/\/zonacaral.gob.pe\/es\/noticias\/ausencia-policial-pone-en-peligro-centros-urbanos-de-caral\/\" \/>\n<meta property=\"og:site_name\" content=\"Zona Caral\" \/>\n<meta property=\"article:published_time\" content=\"2023-10-11T16:04:21+00:00\" \/>\n<meta property=\"og:image\" content=\"https:\/\/zonacaral.gob.pe\/wp-content\/uploads\/2023\/10\/ausencia-policial-1.png\" \/>\n\t<meta property=\"og:image:width\" content=\"1040\" \/>\n\t<meta property=\"og:image:height\" content=\"640\" \/>\n\t<meta property=\"og:image:type\" content=\"image\/png\" \/>\n<meta name=\"author\" content=\"Zona Caral Administrador\" \/>\n<meta name=\"twitter:card\" content=\"summary_large_image\" \/>\n<meta name=\"twitter:label1\" content=\"Written by\" \/>\n\t<meta name=\"twitter:data1\" content=\"Zona Caral Administrador\" \/>\n\t<meta name=\"twitter:label2\" content=\"Est. reading time\" \/>\n\t<meta name=\"twitter:data2\" content=\"3 minutos\" \/>\n<script type=\"application\/ld+json\" class=\"yoast-schema-graph\">{\"@context\":\"https:\\\/\\\/schema.org\",\"@graph\":[{\"@type\":\"Article\",\"@id\":\"https:\\\/\\\/zonacaral.gob.pe\\\/es\\\/noticias\\\/ausencia-policial-pone-en-peligro-centros-urbanos-de-caral\\\/#article\",\"isPartOf\":{\"@id\":\"https:\\\/\\\/zonacaral.gob.pe\\\/es\\\/noticias\\\/ausencia-policial-pone-en-peligro-centros-urbanos-de-caral\\\/\"},\"author\":{\"name\":\"Zona Caral Administrador\",\"@id\":\"https:\\\/\\\/zonacaral.gob.pe\\\/es\\\/#\\\/schema\\\/person\\\/beddb4d22f71a7230c5b90913270a0ee\"},\"headline\":\"Ausencia policial pone en peligro centros urbanos de Caral\",\"datePublished\":\"2023-10-11T16:04:21+00:00\",\"mainEntityOfPage\":{\"@id\":\"https:\\\/\\\/zonacaral.gob.pe\\\/es\\\/noticias\\\/ausencia-policial-pone-en-peligro-centros-urbanos-de-caral\\\/\"},\"wordCount\":544,\"image\":{\"@id\":\"https:\\\/\\\/zonacaral.gob.pe\\\/es\\\/noticias\\\/ausencia-policial-pone-en-peligro-centros-urbanos-de-caral\\\/#primaryimage\"},\"thumbnailUrl\":\"https:\\\/\\\/zonacaral.gob.pe\\\/wp-content\\\/uploads\\\/2023\\\/10\\\/ausencia-policial-1.png\",\"keywords\":[\"caral\",\"Cultura\"],\"articleSection\":[\"noticias\"],\"inLanguage\":\"es-PE\"},{\"@type\":\"WebPage\",\"@id\":\"https:\\\/\\\/zonacaral.gob.pe\\\/es\\\/noticias\\\/ausencia-policial-pone-en-peligro-centros-urbanos-de-caral\\\/\",\"url\":\"https:\\\/\\\/zonacaral.gob.pe\\\/es\\\/noticias\\\/ausencia-policial-pone-en-peligro-centros-urbanos-de-caral\\\/\",\"name\":\"Ausencia policial pone en peligro centros urbanos de Caral\",\"isPartOf\":{\"@id\":\"https:\\\/\\\/zonacaral.gob.pe\\\/es\\\/#website\"},\"primaryImageOfPage\":{\"@id\":\"https:\\\/\\\/zonacaral.gob.pe\\\/es\\\/noticias\\\/ausencia-policial-pone-en-peligro-centros-urbanos-de-caral\\\/#primaryimage\"},\"image\":{\"@id\":\"https:\\\/\\\/zonacaral.gob.pe\\\/es\\\/noticias\\\/ausencia-policial-pone-en-peligro-centros-urbanos-de-caral\\\/#primaryimage\"},\"thumbnailUrl\":\"https:\\\/\\\/zonacaral.gob.pe\\\/wp-content\\\/uploads\\\/2023\\\/10\\\/ausencia-policial-1.png\",\"datePublished\":\"2023-10-11T16:04:21+00:00\",\"author\":{\"@id\":\"https:\\\/\\\/zonacaral.gob.pe\\\/es\\\/#\\\/schema\\\/person\\\/beddb4d22f71a7230c5b90913270a0ee\"},\"description\":\"La doctora Ruth Shady Sol\u00eds, directora de la Zona Arqueol\u00f3gica Caral (ZAC), Unidad Ejecutora 003 del Ministerio de Cultura, expres\u00f3 su preocupaci\u00f3n por la falta de presencia policial en la Ciudad Sagrada de Caral, Patrimonio Mundial, as\u00ed como en los sitios arqueol\u00f3gicos de \u00c1spero y Vichama, hecho que deja en peligro constante al personal de campo y a los visitantes que llegan diariamente a conocer estos destinos tur\u00edsticos de la denominada RUTA CARAL.\",\"breadcrumb\":{\"@id\":\"https:\\\/\\\/zonacaral.gob.pe\\\/es\\\/noticias\\\/ausencia-policial-pone-en-peligro-centros-urbanos-de-caral\\\/#breadcrumb\"},\"inLanguage\":\"es-PE\",\"potentialAction\":[{\"@type\":\"ReadAction\",\"target\":[\"https:\\\/\\\/zonacaral.gob.pe\\\/es\\\/noticias\\\/ausencia-policial-pone-en-peligro-centros-urbanos-de-caral\\\/\"]}]},{\"@type\":\"ImageObject\",\"inLanguage\":\"es-PE\",\"@id\":\"https:\\\/\\\/zonacaral.gob.pe\\\/es\\\/noticias\\\/ausencia-policial-pone-en-peligro-centros-urbanos-de-caral\\\/#primaryimage\",\"url\":\"https:\\\/\\\/zonacaral.gob.pe\\\/wp-content\\\/uploads\\\/2023\\\/10\\\/ausencia-policial-1.png\",\"contentUrl\":\"https:\\\/\\\/zonacaral.gob.pe\\\/wp-content\\\/uploads\\\/2023\\\/10\\\/ausencia-policial-1.png\",\"width\":1040,\"height\":640},{\"@type\":\"BreadcrumbList\",\"@id\":\"https:\\\/\\\/zonacaral.gob.pe\\\/es\\\/noticias\\\/ausencia-policial-pone-en-peligro-centros-urbanos-de-caral\\\/#breadcrumb\",\"itemListElement\":[{\"@type\":\"ListItem\",\"position\":1,\"name\":\"Portada\",\"item\":\"https:\\\/\\\/zonacaral.gob.pe\\\/\"},{\"@type\":\"ListItem\",\"position\":2,\"name\":\"Ausencia policial pone en peligro centros urbanos de Caral\"}]},{\"@type\":\"WebSite\",\"@id\":\"https:\\\/\\\/zonacaral.gob.pe\\\/es\\\/#website\",\"url\":\"https:\\\/\\\/zonacaral.gob.pe\\\/es\\\/\",\"name\":\"Zona Caral\",\"description\":\"Investigamos, conservamos y difundimos el patrimonio cultural de la Civilizaci\u00f3n Caral, la m\u00e1s antigua de Am\u00e9rica.\",\"potentialAction\":[{\"@type\":\"SearchAction\",\"target\":{\"@type\":\"EntryPoint\",\"urlTemplate\":\"https:\\\/\\\/zonacaral.gob.pe\\\/es\\\/?s={search_term_string}\"},\"query-input\":{\"@type\":\"PropertyValueSpecification\",\"valueRequired\":true,\"valueName\":\"search_term_string\"}}],\"inLanguage\":\"es-PE\"},{\"@type\":\"Person\",\"@id\":\"https:\\\/\\\/zonacaral.gob.pe\\\/es\\\/#\\\/schema\\\/person\\\/beddb4d22f71a7230c5b90913270a0ee\",\"name\":\"Zona Caral Administrador\",\"image\":{\"@type\":\"ImageObject\",\"inLanguage\":\"es-PE\",\"@id\":\"https:\\\/\\\/secure.gravatar.com\\\/avatar\\\/e4be162918a696358376de6446614e0f0f4062bdc5d170d6d540ada3d8b58c12?s=96&d=mm&r=g\",\"url\":\"https:\\\/\\\/secure.gravatar.com\\\/avatar\\\/e4be162918a696358376de6446614e0f0f4062bdc5d170d6d540ada3d8b58c12?s=96&d=mm&r=g\",\"contentUrl\":\"https:\\\/\\\/secure.gravatar.com\\\/avatar\\\/e4be162918a696358376de6446614e0f0f4062bdc5d170d6d540ada3d8b58c12?s=96&d=mm&r=g\",\"caption\":\"Zona Caral Administrador\"},\"sameAs\":[\"https:\\\/\\\/zonacaral.gob.pe\"],\"url\":\"https:\\\/\\\/zonacaral.gob.pe\\\/es\\\/noticias\\\/author\\\/ad_zonacaral\\\/\"}]}<\/script>\n<!-- \/ Yoast SEO plugin. -->","yoast_head_json":{"title":"Ausencia policial pone en peligro centros urbanos de Caral","description":"La doctora Ruth Shady Sol\u00eds, directora de la Zona Arqueol\u00f3gica Caral (ZAC), Unidad Ejecutora 003 del Ministerio de Cultura, expres\u00f3 su preocupaci\u00f3n por la falta de presencia policial en la Ciudad Sagrada de Caral, Patrimonio Mundial, as\u00ed como en los sitios arqueol\u00f3gicos de \u00c1spero y Vichama, hecho que deja en peligro constante al personal de campo y a los visitantes que llegan diariamente a conocer estos destinos tur\u00edsticos de la denominada RUTA CARAL.","robots":{"index":"index","follow":"follow","max-snippet":"max-snippet:-1","max-image-preview":"max-image-preview:large","max-video-preview":"max-video-preview:-1"},"canonical":"https:\/\/zonacaral.gob.pe\/es\/noticias\/ausencia-policial-pone-en-peligro-centros-urbanos-de-caral\/","og_locale":"es_ES","og_type":"article","og_title":"Ausencia policial pone en peligro centros urbanos de Caral","og_description":"La doctora Ruth Shady Sol\u00eds, directora de la Zona Arqueol\u00f3gica Caral (ZAC), Unidad Ejecutora 003 del Ministerio de Cultura, expres\u00f3 su preocupaci\u00f3n por la falta de presencia policial en la Ciudad Sagrada de Caral, Patrimonio Mundial, as\u00ed como en los sitios arqueol\u00f3gicos de \u00c1spero y Vichama, hecho que deja en peligro constante al personal de campo y a los visitantes que llegan diariamente a conocer estos destinos tur\u00edsticos de la denominada RUTA CARAL.","og_url":"https:\/\/zonacaral.gob.pe\/es\/noticias\/ausencia-policial-pone-en-peligro-centros-urbanos-de-caral\/","og_site_name":"Zona Caral","article_published_time":"2023-10-11T16:04:21+00:00","og_image":[{"width":1040,"height":640,"url":"https:\/\/zonacaral.gob.pe\/wp-content\/uploads\/2023\/10\/ausencia-policial-1.png","type":"image\/png"}],"author":"Zona Caral Administrador","twitter_card":"summary_large_image","twitter_misc":{"Written by":"Zona Caral Administrador","Est. reading time":"3 minutos"},"schema":{"@context":"https:\/\/schema.org","@graph":[{"@type":"Article","@id":"https:\/\/zonacaral.gob.pe\/es\/noticias\/ausencia-policial-pone-en-peligro-centros-urbanos-de-caral\/#article","isPartOf":{"@id":"https:\/\/zonacaral.gob.pe\/es\/noticias\/ausencia-policial-pone-en-peligro-centros-urbanos-de-caral\/"},"author":{"name":"Zona Caral Administrador","@id":"https:\/\/zonacaral.gob.pe\/es\/#\/schema\/person\/beddb4d22f71a7230c5b90913270a0ee"},"headline":"Ausencia policial pone en peligro centros urbanos de Caral","datePublished":"2023-10-11T16:04:21+00:00","mainEntityOfPage":{"@id":"https:\/\/zonacaral.gob.pe\/es\/noticias\/ausencia-policial-pone-en-peligro-centros-urbanos-de-caral\/"},"wordCount":544,"image":{"@id":"https:\/\/zonacaral.gob.pe\/es\/noticias\/ausencia-policial-pone-en-peligro-centros-urbanos-de-caral\/#primaryimage"},"thumbnailUrl":"https:\/\/zonacaral.gob.pe\/wp-content\/uploads\/2023\/10\/ausencia-policial-1.png","keywords":["caral","Cultura"],"articleSection":["noticias"],"inLanguage":"es-PE"},{"@type":"WebPage","@id":"https:\/\/zonacaral.gob.pe\/es\/noticias\/ausencia-policial-pone-en-peligro-centros-urbanos-de-caral\/","url":"https:\/\/zonacaral.gob.pe\/es\/noticias\/ausencia-policial-pone-en-peligro-centros-urbanos-de-caral\/","name":"Ausencia policial pone en peligro centros urbanos de Caral","isPartOf":{"@id":"https:\/\/zonacaral.gob.pe\/es\/#website"},"primaryImageOfPage":{"@id":"https:\/\/zonacaral.gob.pe\/es\/noticias\/ausencia-policial-pone-en-peligro-centros-urbanos-de-caral\/#primaryimage"},"image":{"@id":"https:\/\/zonacaral.gob.pe\/es\/noticias\/ausencia-policial-pone-en-peligro-centros-urbanos-de-caral\/#primaryimage"},"thumbnailUrl":"https:\/\/zonacaral.gob.pe\/wp-content\/uploads\/2023\/10\/ausencia-policial-1.png","datePublished":"2023-10-11T16:04:21+00:00","author":{"@id":"https:\/\/zonacaral.gob.pe\/es\/#\/schema\/person\/beddb4d22f71a7230c5b90913270a0ee"},"description":"La doctora Ruth Shady Sol\u00eds, directora de la Zona Arqueol\u00f3gica Caral (ZAC), Unidad Ejecutora 003 del Ministerio de Cultura, expres\u00f3 su preocupaci\u00f3n por la falta de presencia policial en la Ciudad Sagrada de Caral, Patrimonio Mundial, as\u00ed como en los sitios arqueol\u00f3gicos de \u00c1spero y Vichama, hecho que deja en peligro constante al personal de campo y a los visitantes que llegan diariamente a conocer estos destinos tur\u00edsticos de la denominada RUTA CARAL.","breadcrumb":{"@id":"https:\/\/zonacaral.gob.pe\/es\/noticias\/ausencia-policial-pone-en-peligro-centros-urbanos-de-caral\/#breadcrumb"},"inLanguage":"es-PE","potentialAction":[{"@type":"ReadAction","target":["https:\/\/zonacaral.gob.pe\/es\/noticias\/ausencia-policial-pone-en-peligro-centros-urbanos-de-caral\/"]}]},{"@type":"ImageObject","inLanguage":"es-PE","@id":"https:\/\/zonacaral.gob.pe\/es\/noticias\/ausencia-policial-pone-en-peligro-centros-urbanos-de-caral\/#primaryimage","url":"https:\/\/zonacaral.gob.pe\/wp-content\/uploads\/2023\/10\/ausencia-policial-1.png","contentUrl":"https:\/\/zonacaral.gob.pe\/wp-content\/uploads\/2023\/10\/ausencia-policial-1.png","width":1040,"height":640},{"@type":"BreadcrumbList","@id":"https:\/\/zonacaral.gob.pe\/es\/noticias\/ausencia-policial-pone-en-peligro-centros-urbanos-de-caral\/#breadcrumb","itemListElement":[{"@type":"ListItem","position":1,"name":"Portada","item":"https:\/\/zonacaral.gob.pe\/"},{"@type":"ListItem","position":2,"name":"Ausencia policial pone en peligro centros urbanos de Caral"}]},{"@type":"WebSite","@id":"https:\/\/zonacaral.gob.pe\/es\/#website","url":"https:\/\/zonacaral.gob.pe\/es\/","name":"Zona Caral","description":"Investigamos, conservamos y difundimos el patrimonio cultural de la Civilizaci\u00f3n Caral, la m\u00e1s antigua de Am\u00e9rica.","potentialAction":[{"@type":"SearchAction","target":{"@type":"EntryPoint","urlTemplate":"https:\/\/zonacaral.gob.pe\/es\/?s={search_term_string}"},"query-input":{"@type":"PropertyValueSpecification","valueRequired":true,"valueName":"search_term_string"}}],"inLanguage":"es-PE"},{"@type":"Person","@id":"https:\/\/zonacaral.gob.pe\/es\/#\/schema\/person\/beddb4d22f71a7230c5b90913270a0ee","name":"Zona Caral Administrador","image":{"@type":"ImageObject","inLanguage":"es-PE","@id":"https:\/\/secure.gravatar.com\/avatar\/e4be162918a696358376de6446614e0f0f4062bdc5d170d6d540ada3d8b58c12?s=96&d=mm&r=g","url":"https:\/\/secure.gravatar.com\/avatar\/e4be162918a696358376de6446614e0f0f4062bdc5d170d6d540ada3d8b58c12?s=96&d=mm&r=g","contentUrl":"https:\/\/secure.gravatar.com\/avatar\/e4be162918a696358376de6446614e0f0f4062bdc5d170d6d540ada3d8b58c12?s=96&d=mm&r=g","caption":"Zona Caral Administrador"},"sameAs":["https:\/\/zonacaral.gob.pe"],"url":"https:\/\/zonacaral.gob.pe\/es\/noticias\/author\/ad_zonacaral\/"}]}},"_links":{"self":[{"href":"https:\/\/zonacaral.gob.pe\/es\/wp-json\/wp\/v2\/posts\/17102","targetHints":{"allow":["GET"]}}],"collection":[{"href":"https:\/\/zonacaral.gob.pe\/es\/wp-json\/wp\/v2\/posts"}],"about":[{"href":"https:\/\/zonacaral.gob.pe\/es\/wp-json\/wp\/v2\/types\/post"}],"author":[{"embeddable":true,"href":"https:\/\/zonacaral.gob.pe\/es\/wp-json\/wp\/v2\/users\/1"}],"replies":[{"embeddable":true,"href":"https:\/\/zonacaral.gob.pe\/es\/wp-json\/wp\/v2\/comments?post=17102"}],"version-history":[{"count":0,"href":"https:\/\/zonacaral.gob.pe\/es\/wp-json\/wp\/v2\/posts\/17102\/revisions"}],"wp:featuredmedia":[{"embeddable":true,"href":"https:\/\/zonacaral.gob.pe\/es\/wp-json\/wp\/v2\/media\/17105"}],"wp:attachment":[{"href":"https:\/\/zonacaral.gob.pe\/es\/wp-json\/wp\/v2\/media?parent=17102"}],"wp:term":[{"taxonomy":"category","embeddable":true,"href":"https:\/\/zonacaral.gob.pe\/es\/wp-json\/wp\/v2\/categories?post=17102"},{"taxonomy":"post_tag","embeddable":true,"href":"https:\/\/zonacaral.gob.pe\/es\/wp-json\/wp\/v2\/tags?post=17102"}],"curies":[{"name":"wp","href":"https:\/\/api.w.org\/{rel}","templated":true}]}}