{"id":17113,"date":"2023-10-11T16:42:55","date_gmt":"2023-10-11T21:42:55","guid":{"rendered":"https:\/\/www.zonacaral.gob.pe\/?p=17113"},"modified":"2023-10-11T16:42:55","modified_gmt":"2023-10-11T21:42:55","slug":"llevamos-los-valores-de-caral-a-colegios-de-supe-barranca","status":"publish","type":"post","link":"https:\/\/zonacaral.gob.pe\/es\/noticias\/llevamos-los-valores-de-caral-a-colegios-de-supe-barranca\/","title":{"rendered":"Llevamos los valores de Caral a colegios de Supe &#8211; Barranca"},"content":{"rendered":"<figure class=\"pic-autor\" style=\"color: #4d4d4d; text-align: justify;\"><\/figure>\n<div class=\"gmail_default\" style=\"text-align: justify;\">\n<blockquote>\n<p><i><span style=\"font-weight: 400;\">Transmitimos los valores de nuestro patrimonio cultural.<\/span><\/i><\/p>\n<\/blockquote>\n<p><span style=\"font-weight: 400;\">A trav\u00e9s del programa <\/span><b>Caral en la Escuela<\/b><span style=\"font-weight: 400;\">, de la <\/span><span style=\"color: #750707;\"><a style=\"color: #750707;\" href=\"https:\/\/www.instagram.com\/caralperu\/?hl=es\"><span style=\"font-weight: 400;\">Zona Arqueol\u00f3gica Caral<\/span><\/a><\/span><span style=\"font-weight: 400;\">, Unidad Ejecutora 003 del Ministerio de Cultura del Per\u00fa, hemos llevado los valores sociales y culturales de la civilizaci\u00f3n Caral, a las instituciones educativas N.\u00b0 330 y N.\u00b0 20523 Coraz\u00f3n de Jes\u00fas de Supe, ubicadas en la provincia de Barranca, regi\u00f3n Lima.<\/span><\/p>\n<p><span style=\"font-weight: 400;\">Esta labor encabezada por el profesor Juan Salinas, personal de la Subdirecci\u00f3n de Relaciones Comunitarias, es una propuesta de educaci\u00f3n patrimonial fundamentada en la relaci\u00f3n entre el patrimonio arqueol\u00f3gico de la civilizaci\u00f3n Caral y la comunidad educativa: docentes, estudiantes y padres de familia, y cuenta con el apoyo de la Unidad de Gesti\u00f3n Educativa Local N.\u00b0 16 de Barranca.<\/span><\/p>\n<p><span style=\"font-weight: 400;\">En septiembre el programa <\/span><b>Caral en la Escuela <\/b><span style=\"font-weight: 400;\">ha realizado talleres gratuitos con docentes y estudiantes de nivel inicial de la I. E. N.\u00b0 330. A los docentes se les brind\u00f3 una exposici\u00f3n sobre la primera civilizaci\u00f3n de Am\u00e9rica, y se les ense\u00f1\u00f3 a elaborar el milenario \u201cOjo de Dios\u201d de Caral. Y a los estudiantes se les brind\u00f3 los talleres de modelado de esculturas y de tejido de \u201cOjos de Dios\u201d; y, adem\u00e1s, se les ayud\u00f3 en la elaboraci\u00f3n de vestimenta con iconograf\u00eda de Caral y material reciclable.<\/span><\/p>\n<p><span style=\"font-weight: 400;\">Y a los alumnos de primero a quinto a\u00f1o de secundaria del colegio I. E. N.\u00b0 20523 Coraz\u00f3n de Jes\u00fas, se les brind\u00f3 una exposici\u00f3n y proyecci\u00f3n de videos, sobre c\u00f3mo se desarroll\u00f3 la civilizaci\u00f3n Caral, hace cinco mil a\u00f1os, y los conocimientos que produjeron en ciencia y tecnolog\u00eda.<\/span><\/p>\n<p><b>DATO<\/b><\/p>\n<p><span style=\"font-weight: 400;\">El programa <\/span><b>\u00abCaral en la Escuela\u00bb <\/b><span style=\"font-weight: 400;\">se desarrolla desde el a\u00f1o 2011, durante todo el a\u00f1o, a cargo de diferentes especialistas. En los meses de marzo a diciembre se desarrolla en las instalaciones de los colegios. Tambi\u00e9n se programan actividades durante las vacaciones, en los meses de verano.<\/span><\/p>\n<p><span style=\"font-weight: 400;\">Los docentes de instituciones educativas p\u00fablicas de las provincias de Barranca y Huaura, interesados en participar en las charlas y talleres del programa \u00abCaral en la Escuela\u00bb pueden escribir al correo: evitonera@zonacaral.gob.pe para coordinar. Todas las actividades son gratuitas.<\/span><\/p>\n<p><span style=\"color: #6b0505;\"><strong style=\"font-size: inherit; text-align: justify;\">Fuente: Comunicaci\u00f3n e Imagen Institucional ZAC<\/strong><\/span><\/p>\n<\/div>\n<div style=\"color: #1f1f1f;\">\n<div style=\"color: #1f1f1f;\">\n<p style=\"text-align: justify;\">Fecha de publicaci\u00f3n: 11\/10\/2023<\/p>\n<\/div>\n<\/div>\n\n\n<p><\/p>\n","protected":false},"excerpt":{"rendered":"<p>Transmitimos los valores de nuestro patrimonio cultural. A trav\u00e9s del programa Caral en la Escuela, de la Zona Arqueol\u00f3gica Caral, [&hellip;]<\/p>\n","protected":false},"author":1,"featured_media":17121,"comment_status":"closed","ping_status":"open","sticky":false,"template":"","format":"standard","meta":{"_acf_changed":false,"site-sidebar-layout":"default","site-content-layout":"","ast-site-content-layout":"default","site-content-style":"default","site-sidebar-style":"default","ast-global-header-display":"","ast-banner-title-visibility":"","ast-main-header-display":"","ast-hfb-above-header-display":"","ast-hfb-below-header-display":"","ast-hfb-mobile-header-display":"","site-post-title":"","ast-breadcrumbs-content":"","ast-featured-img":"","footer-sml-layout":"","ast-disable-related-posts":"","theme-transparent-header-meta":"","adv-header-id-meta":"","stick-header-meta":"","header-above-stick-meta":"","header-main-stick-meta":"","header-below-stick-meta":"","astra-migrate-meta-layouts":"default","ast-page-background-enabled":"default","ast-page-background-meta":{"desktop":{"background-color":"var(--ast-global-color-5)","background-image":"","background-repeat":"repeat","background-position":"center center","background-size":"auto","background-attachment":"scroll","background-type":"","background-media":"","overlay-type":"","overlay-color":"","overlay-opacity":"","overlay-gradient":""},"tablet":{"background-color":"","background-image":"","background-repeat":"repeat","background-position":"center center","background-size":"auto","background-attachment":"scroll","background-type":"","background-media":"","overlay-type":"","overlay-color":"","overlay-opacity":"","overlay-gradient":""},"mobile":{"background-color":"","background-image":"","background-repeat":"repeat","background-position":"center center","background-size":"auto","background-attachment":"scroll","background-type":"","background-media":"","overlay-type":"","overlay-color":"","overlay-opacity":"","overlay-gradient":""}},"ast-content-background-meta":{"desktop":{"background-color":"var(--ast-global-color-4)","background-image":"","background-repeat":"repeat","background-position":"center center","background-size":"auto","background-attachment":"scroll","background-type":"","background-media":"","overlay-type":"","overlay-color":"","overlay-opacity":"","overlay-gradient":""},"tablet":{"background-color":"var(--ast-global-color-4)","background-image":"","background-repeat":"repeat","background-position":"center center","background-size":"auto","background-attachment":"scroll","background-type":"","background-media":"","overlay-type":"","overlay-color":"","overlay-opacity":"","overlay-gradient":""},"mobile":{"background-color":"var(--ast-global-color-4)","background-image":"","background-repeat":"repeat","background-position":"center center","background-size":"auto","background-attachment":"scroll","background-type":"","background-media":"","overlay-type":"","overlay-color":"","overlay-opacity":"","overlay-gradient":""}},"footnotes":""},"categories":[208],"tags":[55,72],"class_list":["post-17113","post","type-post","status-publish","format-standard","has-post-thumbnail","hentry","category-noticias","tag-caral","tag-cultura"],"acf":[],"yoast_head":"<!-- This site is optimized with the Yoast SEO plugin v27.3 - https:\/\/yoast.com\/product\/yoast-seo-wordpress\/ -->\n<title>Llevamos los valores de Caral a colegios de Supe - Barranca<\/title>\n<meta name=\"description\" content=\"A trav\u00e9s del programa Caral en la Escuela, de la Zona Arqueol\u00f3gica Caral, Unidad Ejecutora 003 del Ministerio de Cultura del Per\u00fa, hemos llevado los valores sociales y culturales de la civilizaci\u00f3n Caral, a las instituciones educativas N.\u00b0 330 y N.\u00b0 20523 Coraz\u00f3n de Jes\u00fas de Supe, ubicadas en la provincia de Barranca, regi\u00f3n Lima.\" \/>\n<meta name=\"robots\" content=\"index, follow, max-snippet:-1, max-image-preview:large, max-video-preview:-1\" \/>\n<link rel=\"canonical\" href=\"https:\/\/zonacaral.gob.pe\/es\/noticias\/llevamos-los-valores-de-caral-a-colegios-de-supe-barranca\/\" \/>\n<meta property=\"og:locale\" content=\"es_ES\" \/>\n<meta property=\"og:type\" content=\"article\" \/>\n<meta property=\"og:title\" content=\"Llevamos los valores de Caral a colegios de Supe - Barranca\" \/>\n<meta property=\"og:description\" content=\"A trav\u00e9s del programa Caral en la Escuela, de la Zona Arqueol\u00f3gica Caral, Unidad Ejecutora 003 del Ministerio de Cultura del Per\u00fa, hemos llevado los valores sociales y culturales de la civilizaci\u00f3n Caral, a las instituciones educativas N.\u00b0 330 y N.\u00b0 20523 Coraz\u00f3n de Jes\u00fas de Supe, ubicadas en la provincia de Barranca, regi\u00f3n Lima.\" \/>\n<meta property=\"og:url\" content=\"https:\/\/zonacaral.gob.pe\/es\/noticias\/llevamos-los-valores-de-caral-a-colegios-de-supe-barranca\/\" \/>\n<meta property=\"og:site_name\" content=\"Zona Caral\" \/>\n<meta property=\"article:published_time\" content=\"2023-10-11T21:42:55+00:00\" \/>\n<meta property=\"og:image\" content=\"https:\/\/zonacaral.gob.pe\/wp-content\/uploads\/2023\/10\/colegios-2.png\" \/>\n\t<meta property=\"og:image:width\" content=\"1040\" \/>\n\t<meta property=\"og:image:height\" content=\"640\" \/>\n\t<meta property=\"og:image:type\" content=\"image\/png\" \/>\n<meta name=\"author\" content=\"Zona Caral Administrador\" \/>\n<meta name=\"twitter:card\" content=\"summary_large_image\" \/>\n<meta name=\"twitter:label1\" content=\"Written by\" \/>\n\t<meta name=\"twitter:data1\" content=\"Zona Caral Administrador\" \/>\n\t<meta name=\"twitter:label2\" content=\"Est. reading time\" \/>\n\t<meta name=\"twitter:data2\" content=\"2 minutos\" \/>\n<script type=\"application\/ld+json\" class=\"yoast-schema-graph\">{\"@context\":\"https:\\\/\\\/schema.org\",\"@graph\":[{\"@type\":\"Article\",\"@id\":\"https:\\\/\\\/zonacaral.gob.pe\\\/es\\\/noticias\\\/llevamos-los-valores-de-caral-a-colegios-de-supe-barranca\\\/#article\",\"isPartOf\":{\"@id\":\"https:\\\/\\\/zonacaral.gob.pe\\\/es\\\/noticias\\\/llevamos-los-valores-de-caral-a-colegios-de-supe-barranca\\\/\"},\"author\":{\"name\":\"Zona Caral Administrador\",\"@id\":\"https:\\\/\\\/zonacaral.gob.pe\\\/es\\\/#\\\/schema\\\/person\\\/beddb4d22f71a7230c5b90913270a0ee\"},\"headline\":\"Llevamos los valores de Caral a colegios de Supe &#8211; Barranca\",\"datePublished\":\"2023-10-11T21:42:55+00:00\",\"mainEntityOfPage\":{\"@id\":\"https:\\\/\\\/zonacaral.gob.pe\\\/es\\\/noticias\\\/llevamos-los-valores-de-caral-a-colegios-de-supe-barranca\\\/\"},\"wordCount\":396,\"image\":{\"@id\":\"https:\\\/\\\/zonacaral.gob.pe\\\/es\\\/noticias\\\/llevamos-los-valores-de-caral-a-colegios-de-supe-barranca\\\/#primaryimage\"},\"thumbnailUrl\":\"https:\\\/\\\/zonacaral.gob.pe\\\/wp-content\\\/uploads\\\/2023\\\/10\\\/colegios-2.png\",\"keywords\":[\"caral\",\"Cultura\"],\"articleSection\":[\"noticias\"],\"inLanguage\":\"es-PE\"},{\"@type\":\"WebPage\",\"@id\":\"https:\\\/\\\/zonacaral.gob.pe\\\/es\\\/noticias\\\/llevamos-los-valores-de-caral-a-colegios-de-supe-barranca\\\/\",\"url\":\"https:\\\/\\\/zonacaral.gob.pe\\\/es\\\/noticias\\\/llevamos-los-valores-de-caral-a-colegios-de-supe-barranca\\\/\",\"name\":\"Llevamos los valores de Caral a colegios de Supe - Barranca\",\"isPartOf\":{\"@id\":\"https:\\\/\\\/zonacaral.gob.pe\\\/es\\\/#website\"},\"primaryImageOfPage\":{\"@id\":\"https:\\\/\\\/zonacaral.gob.pe\\\/es\\\/noticias\\\/llevamos-los-valores-de-caral-a-colegios-de-supe-barranca\\\/#primaryimage\"},\"image\":{\"@id\":\"https:\\\/\\\/zonacaral.gob.pe\\\/es\\\/noticias\\\/llevamos-los-valores-de-caral-a-colegios-de-supe-barranca\\\/#primaryimage\"},\"thumbnailUrl\":\"https:\\\/\\\/zonacaral.gob.pe\\\/wp-content\\\/uploads\\\/2023\\\/10\\\/colegios-2.png\",\"datePublished\":\"2023-10-11T21:42:55+00:00\",\"author\":{\"@id\":\"https:\\\/\\\/zonacaral.gob.pe\\\/es\\\/#\\\/schema\\\/person\\\/beddb4d22f71a7230c5b90913270a0ee\"},\"description\":\"A trav\u00e9s del programa Caral en la Escuela, de la Zona Arqueol\u00f3gica Caral, Unidad Ejecutora 003 del Ministerio de Cultura del Per\u00fa, hemos llevado los valores sociales y culturales de la civilizaci\u00f3n Caral, a las instituciones educativas N.\u00b0 330 y N.\u00b0 20523 Coraz\u00f3n de Jes\u00fas de Supe, ubicadas en la provincia de Barranca, regi\u00f3n Lima.\",\"breadcrumb\":{\"@id\":\"https:\\\/\\\/zonacaral.gob.pe\\\/es\\\/noticias\\\/llevamos-los-valores-de-caral-a-colegios-de-supe-barranca\\\/#breadcrumb\"},\"inLanguage\":\"es-PE\",\"potentialAction\":[{\"@type\":\"ReadAction\",\"target\":[\"https:\\\/\\\/zonacaral.gob.pe\\\/es\\\/noticias\\\/llevamos-los-valores-de-caral-a-colegios-de-supe-barranca\\\/\"]}]},{\"@type\":\"ImageObject\",\"inLanguage\":\"es-PE\",\"@id\":\"https:\\\/\\\/zonacaral.gob.pe\\\/es\\\/noticias\\\/llevamos-los-valores-de-caral-a-colegios-de-supe-barranca\\\/#primaryimage\",\"url\":\"https:\\\/\\\/zonacaral.gob.pe\\\/wp-content\\\/uploads\\\/2023\\\/10\\\/colegios-2.png\",\"contentUrl\":\"https:\\\/\\\/zonacaral.gob.pe\\\/wp-content\\\/uploads\\\/2023\\\/10\\\/colegios-2.png\",\"width\":1040,\"height\":640},{\"@type\":\"BreadcrumbList\",\"@id\":\"https:\\\/\\\/zonacaral.gob.pe\\\/es\\\/noticias\\\/llevamos-los-valores-de-caral-a-colegios-de-supe-barranca\\\/#breadcrumb\",\"itemListElement\":[{\"@type\":\"ListItem\",\"position\":1,\"name\":\"Portada\",\"item\":\"https:\\\/\\\/zonacaral.gob.pe\\\/\"},{\"@type\":\"ListItem\",\"position\":2,\"name\":\"Llevamos los valores de Caral a colegios de Supe &#8211; Barranca\"}]},{\"@type\":\"WebSite\",\"@id\":\"https:\\\/\\\/zonacaral.gob.pe\\\/es\\\/#website\",\"url\":\"https:\\\/\\\/zonacaral.gob.pe\\\/es\\\/\",\"name\":\"Zona Caral\",\"description\":\"Investigamos, conservamos y difundimos el patrimonio cultural de la Civilizaci\u00f3n Caral, la m\u00e1s antigua de Am\u00e9rica.\",\"potentialAction\":[{\"@type\":\"SearchAction\",\"target\":{\"@type\":\"EntryPoint\",\"urlTemplate\":\"https:\\\/\\\/zonacaral.gob.pe\\\/es\\\/?s={search_term_string}\"},\"query-input\":{\"@type\":\"PropertyValueSpecification\",\"valueRequired\":true,\"valueName\":\"search_term_string\"}}],\"inLanguage\":\"es-PE\"},{\"@type\":\"Person\",\"@id\":\"https:\\\/\\\/zonacaral.gob.pe\\\/es\\\/#\\\/schema\\\/person\\\/beddb4d22f71a7230c5b90913270a0ee\",\"name\":\"Zona Caral Administrador\",\"image\":{\"@type\":\"ImageObject\",\"inLanguage\":\"es-PE\",\"@id\":\"https:\\\/\\\/secure.gravatar.com\\\/avatar\\\/e4be162918a696358376de6446614e0f0f4062bdc5d170d6d540ada3d8b58c12?s=96&d=mm&r=g\",\"url\":\"https:\\\/\\\/secure.gravatar.com\\\/avatar\\\/e4be162918a696358376de6446614e0f0f4062bdc5d170d6d540ada3d8b58c12?s=96&d=mm&r=g\",\"contentUrl\":\"https:\\\/\\\/secure.gravatar.com\\\/avatar\\\/e4be162918a696358376de6446614e0f0f4062bdc5d170d6d540ada3d8b58c12?s=96&d=mm&r=g\",\"caption\":\"Zona Caral Administrador\"},\"sameAs\":[\"https:\\\/\\\/zonacaral.gob.pe\"],\"url\":\"https:\\\/\\\/zonacaral.gob.pe\\\/es\\\/noticias\\\/author\\\/ad_zonacaral\\\/\"}]}<\/script>\n<!-- \/ Yoast SEO plugin. -->","yoast_head_json":{"title":"Llevamos los valores de Caral a colegios de Supe - Barranca","description":"A trav\u00e9s del programa Caral en la Escuela, de la Zona Arqueol\u00f3gica Caral, Unidad Ejecutora 003 del Ministerio de Cultura del Per\u00fa, hemos llevado los valores sociales y culturales de la civilizaci\u00f3n Caral, a las instituciones educativas N.\u00b0 330 y N.\u00b0 20523 Coraz\u00f3n de Jes\u00fas de Supe, ubicadas en la provincia de Barranca, regi\u00f3n Lima.","robots":{"index":"index","follow":"follow","max-snippet":"max-snippet:-1","max-image-preview":"max-image-preview:large","max-video-preview":"max-video-preview:-1"},"canonical":"https:\/\/zonacaral.gob.pe\/es\/noticias\/llevamos-los-valores-de-caral-a-colegios-de-supe-barranca\/","og_locale":"es_ES","og_type":"article","og_title":"Llevamos los valores de Caral a colegios de Supe - Barranca","og_description":"A trav\u00e9s del programa Caral en la Escuela, de la Zona Arqueol\u00f3gica Caral, Unidad Ejecutora 003 del Ministerio de Cultura del Per\u00fa, hemos llevado los valores sociales y culturales de la civilizaci\u00f3n Caral, a las instituciones educativas N.\u00b0 330 y N.\u00b0 20523 Coraz\u00f3n de Jes\u00fas de Supe, ubicadas en la provincia de Barranca, regi\u00f3n Lima.","og_url":"https:\/\/zonacaral.gob.pe\/es\/noticias\/llevamos-los-valores-de-caral-a-colegios-de-supe-barranca\/","og_site_name":"Zona Caral","article_published_time":"2023-10-11T21:42:55+00:00","og_image":[{"width":1040,"height":640,"url":"https:\/\/zonacaral.gob.pe\/wp-content\/uploads\/2023\/10\/colegios-2.png","type":"image\/png"}],"author":"Zona Caral Administrador","twitter_card":"summary_large_image","twitter_misc":{"Written by":"Zona Caral Administrador","Est. reading time":"2 minutos"},"schema":{"@context":"https:\/\/schema.org","@graph":[{"@type":"Article","@id":"https:\/\/zonacaral.gob.pe\/es\/noticias\/llevamos-los-valores-de-caral-a-colegios-de-supe-barranca\/#article","isPartOf":{"@id":"https:\/\/zonacaral.gob.pe\/es\/noticias\/llevamos-los-valores-de-caral-a-colegios-de-supe-barranca\/"},"author":{"name":"Zona Caral Administrador","@id":"https:\/\/zonacaral.gob.pe\/es\/#\/schema\/person\/beddb4d22f71a7230c5b90913270a0ee"},"headline":"Llevamos los valores de Caral a colegios de Supe &#8211; Barranca","datePublished":"2023-10-11T21:42:55+00:00","mainEntityOfPage":{"@id":"https:\/\/zonacaral.gob.pe\/es\/noticias\/llevamos-los-valores-de-caral-a-colegios-de-supe-barranca\/"},"wordCount":396,"image":{"@id":"https:\/\/zonacaral.gob.pe\/es\/noticias\/llevamos-los-valores-de-caral-a-colegios-de-supe-barranca\/#primaryimage"},"thumbnailUrl":"https:\/\/zonacaral.gob.pe\/wp-content\/uploads\/2023\/10\/colegios-2.png","keywords":["caral","Cultura"],"articleSection":["noticias"],"inLanguage":"es-PE"},{"@type":"WebPage","@id":"https:\/\/zonacaral.gob.pe\/es\/noticias\/llevamos-los-valores-de-caral-a-colegios-de-supe-barranca\/","url":"https:\/\/zonacaral.gob.pe\/es\/noticias\/llevamos-los-valores-de-caral-a-colegios-de-supe-barranca\/","name":"Llevamos los valores de Caral a colegios de Supe - Barranca","isPartOf":{"@id":"https:\/\/zonacaral.gob.pe\/es\/#website"},"primaryImageOfPage":{"@id":"https:\/\/zonacaral.gob.pe\/es\/noticias\/llevamos-los-valores-de-caral-a-colegios-de-supe-barranca\/#primaryimage"},"image":{"@id":"https:\/\/zonacaral.gob.pe\/es\/noticias\/llevamos-los-valores-de-caral-a-colegios-de-supe-barranca\/#primaryimage"},"thumbnailUrl":"https:\/\/zonacaral.gob.pe\/wp-content\/uploads\/2023\/10\/colegios-2.png","datePublished":"2023-10-11T21:42:55+00:00","author":{"@id":"https:\/\/zonacaral.gob.pe\/es\/#\/schema\/person\/beddb4d22f71a7230c5b90913270a0ee"},"description":"A trav\u00e9s del programa Caral en la Escuela, de la Zona Arqueol\u00f3gica Caral, Unidad Ejecutora 003 del Ministerio de Cultura del Per\u00fa, hemos llevado los valores sociales y culturales de la civilizaci\u00f3n Caral, a las instituciones educativas N.\u00b0 330 y N.\u00b0 20523 Coraz\u00f3n de Jes\u00fas de Supe, ubicadas en la provincia de Barranca, regi\u00f3n Lima.","breadcrumb":{"@id":"https:\/\/zonacaral.gob.pe\/es\/noticias\/llevamos-los-valores-de-caral-a-colegios-de-supe-barranca\/#breadcrumb"},"inLanguage":"es-PE","potentialAction":[{"@type":"ReadAction","target":["https:\/\/zonacaral.gob.pe\/es\/noticias\/llevamos-los-valores-de-caral-a-colegios-de-supe-barranca\/"]}]},{"@type":"ImageObject","inLanguage":"es-PE","@id":"https:\/\/zonacaral.gob.pe\/es\/noticias\/llevamos-los-valores-de-caral-a-colegios-de-supe-barranca\/#primaryimage","url":"https:\/\/zonacaral.gob.pe\/wp-content\/uploads\/2023\/10\/colegios-2.png","contentUrl":"https:\/\/zonacaral.gob.pe\/wp-content\/uploads\/2023\/10\/colegios-2.png","width":1040,"height":640},{"@type":"BreadcrumbList","@id":"https:\/\/zonacaral.gob.pe\/es\/noticias\/llevamos-los-valores-de-caral-a-colegios-de-supe-barranca\/#breadcrumb","itemListElement":[{"@type":"ListItem","position":1,"name":"Portada","item":"https:\/\/zonacaral.gob.pe\/"},{"@type":"ListItem","position":2,"name":"Llevamos los valores de Caral a colegios de Supe &#8211; Barranca"}]},{"@type":"WebSite","@id":"https:\/\/zonacaral.gob.pe\/es\/#website","url":"https:\/\/zonacaral.gob.pe\/es\/","name":"Zona Caral","description":"Investigamos, conservamos y difundimos el patrimonio cultural de la Civilizaci\u00f3n Caral, la m\u00e1s antigua de Am\u00e9rica.","potentialAction":[{"@type":"SearchAction","target":{"@type":"EntryPoint","urlTemplate":"https:\/\/zonacaral.gob.pe\/es\/?s={search_term_string}"},"query-input":{"@type":"PropertyValueSpecification","valueRequired":true,"valueName":"search_term_string"}}],"inLanguage":"es-PE"},{"@type":"Person","@id":"https:\/\/zonacaral.gob.pe\/es\/#\/schema\/person\/beddb4d22f71a7230c5b90913270a0ee","name":"Zona Caral Administrador","image":{"@type":"ImageObject","inLanguage":"es-PE","@id":"https:\/\/secure.gravatar.com\/avatar\/e4be162918a696358376de6446614e0f0f4062bdc5d170d6d540ada3d8b58c12?s=96&d=mm&r=g","url":"https:\/\/secure.gravatar.com\/avatar\/e4be162918a696358376de6446614e0f0f4062bdc5d170d6d540ada3d8b58c12?s=96&d=mm&r=g","contentUrl":"https:\/\/secure.gravatar.com\/avatar\/e4be162918a696358376de6446614e0f0f4062bdc5d170d6d540ada3d8b58c12?s=96&d=mm&r=g","caption":"Zona Caral Administrador"},"sameAs":["https:\/\/zonacaral.gob.pe"],"url":"https:\/\/zonacaral.gob.pe\/es\/noticias\/author\/ad_zonacaral\/"}]}},"_links":{"self":[{"href":"https:\/\/zonacaral.gob.pe\/es\/wp-json\/wp\/v2\/posts\/17113","targetHints":{"allow":["GET"]}}],"collection":[{"href":"https:\/\/zonacaral.gob.pe\/es\/wp-json\/wp\/v2\/posts"}],"about":[{"href":"https:\/\/zonacaral.gob.pe\/es\/wp-json\/wp\/v2\/types\/post"}],"author":[{"embeddable":true,"href":"https:\/\/zonacaral.gob.pe\/es\/wp-json\/wp\/v2\/users\/1"}],"replies":[{"embeddable":true,"href":"https:\/\/zonacaral.gob.pe\/es\/wp-json\/wp\/v2\/comments?post=17113"}],"version-history":[{"count":0,"href":"https:\/\/zonacaral.gob.pe\/es\/wp-json\/wp\/v2\/posts\/17113\/revisions"}],"wp:featuredmedia":[{"embeddable":true,"href":"https:\/\/zonacaral.gob.pe\/es\/wp-json\/wp\/v2\/media\/17121"}],"wp:attachment":[{"href":"https:\/\/zonacaral.gob.pe\/es\/wp-json\/wp\/v2\/media?parent=17113"}],"wp:term":[{"taxonomy":"category","embeddable":true,"href":"https:\/\/zonacaral.gob.pe\/es\/wp-json\/wp\/v2\/categories?post=17113"},{"taxonomy":"post_tag","embeddable":true,"href":"https:\/\/zonacaral.gob.pe\/es\/wp-json\/wp\/v2\/tags?post=17113"}],"curies":[{"name":"wp","href":"https:\/\/api.w.org\/{rel}","templated":true}]}}