{"id":17134,"date":"2023-10-12T16:55:46","date_gmt":"2023-10-12T21:55:46","guid":{"rendered":"https:\/\/www.zonacaral.gob.pe\/?p=17134"},"modified":"2023-10-12T16:55:46","modified_gmt":"2023-10-12T21:55:46","slug":"como-parte-del-programa-defensores-del-patrimonio-cultural-difundimos-caral-en-nueva-acropolis","status":"publish","type":"post","link":"https:\/\/zonacaral.gob.pe\/es\/noticias\/como-parte-del-programa-defensores-del-patrimonio-cultural-difundimos-caral-en-nueva-acropolis\/","title":{"rendered":"Como parte del programa DEFENSORES DEL PATRIMONIO CULTURAL difundimos CARAL EN NUEVA ACR\u00d3POLIS"},"content":{"rendered":"<figure class=\"pic-autor\" style=\"color: #4d4d4d; text-align: justify;\"><\/figure>\n<div class=\"gmail_default\" style=\"text-align: justify;\">\n<blockquote>\n<p><i><span style=\"font-weight: 400;\">Revalorizaci\u00f3n e interpretaci\u00f3n del patrimonio cultural.<\/span><\/i><\/p>\n<\/blockquote>\n<p><span style=\"font-weight: 400;\">El Subdirector de Relaciones Comunitarias de la <\/span><span style=\"color: #7a0909;\"><a style=\"color: #7a0909;\" href=\"https:\/\/www.instagram.com\/caralperu\/?hl=es\"><span style=\"font-weight: 400;\">Zona Arqueol\u00f3gica Caral<\/span><\/a><\/span><span style=\"font-weight: 400;\">, magister Carlos Leyva Arroyo, particip\u00f3 en el conversatorio <\/span><span style=\"font-weight: 400;\">\u00ab<\/span><span style=\"font-weight: 400;\">Caral: un viaje a trav\u00e9s de 5000 a\u00f1os de historia<\/span><span style=\"font-weight: 400;\">\u00bb<\/span><span style=\"font-weight: 400;\">, organizado por la asociaci\u00f3n internacional Nueva Acr\u00f3polis (NA), como parte de las acciones que realizan para la difusi\u00f3n, protecci\u00f3n y salvaguardia del patrimonio cultural, en el marco de su participaci\u00f3n en la estrategia nacional: Defensores del Patrimonio Cultural del Ministerio de Cultura del Per\u00fa.<\/span><\/p>\n<p><span style=\"font-weight: 400;\">\u201cSomos conscientes de que la valoraci\u00f3n de nuestra herencia cultural consolida nuestra identidad y nos hace mejores ciudadanos. Este proyecto se incorpora al Programa de Formaci\u00f3n Ciudadana, sum\u00e1ndose a la labor del Ministerio de Cultura, para la difusi\u00f3n y protecci\u00f3n de nuestro patrimonio cultural\u201d, sostuvo Carmen S\u00e1nchez, Coordinadora Nacional de Promoci\u00f3n de la Cultura de NA.<\/span><\/p>\n<p><span style=\"font-weight: 400;\">Por su lado, el magister Leyva Arroyo, expuso los detalles de c\u00f3mo se iniciaron las investigaciones sobre la Civilizaci\u00f3n Caral (3000 \u2013 1800 a. C.), hace cinco mil a\u00f1os. Trabajo que empez\u00f3 en la Ciudad Sagrada de Caral, Patrimonio Mundial, y se extendi\u00f3 a otros once centros urbanos, de 25 identificados.<\/span><\/p>\n<p><span style=\"font-weight: 400;\">En esta actividad se busc\u00f3 difundir los valores de Caral, como el desarrollo en ciencia y tecnolog\u00eda, la producci\u00f3n de instrumentos musicales, el importante rol de la mujer en la formaci\u00f3n de la civilizaci\u00f3n, el respeto a otras sociedades y a la naturaleza, la edificaci\u00f3n planificada de los centros urbanos, su cosmovisi\u00f3n, entre otros aspectos que le permitieron perdurar por m\u00e1s de mil a\u00f1os.<\/span><\/p>\n<p><span style=\"font-weight: 400;\">Para este evento, Nueva Acr\u00f3polis present\u00f3 una maqueta del Edificio Mayor de la Ciudad Sagrada de Caral, para mostrar a detalle la magnitud de sus edificaciones. Tambi\u00e9n plasmaron una l\u00ednea de tiempo del orden de los focos civilizatorios del mundo, en los que se resalta que Caral es m\u00e1s antigua que las civilizaciones de Egipto, China e India.<\/span><\/p>\n<p><span style=\"font-weight: 400;\">Asimismo, se present\u00f3 un poema dedicado al \u201cFuego Sagrado\u201d de Caral, ejecutado por Mariela Vera, integrante de esta organizaci\u00f3n. Y los miembros del taller de m\u00fasica amenizaron el conversatorio, usando instrumentos andinos.<\/span><\/p>\n<p><span style=\"font-weight: 400;\">De este modo, Nueva Acr\u00f3polis se suma a las instituciones comprometidas con la preservaci\u00f3n de nuestra herencia cultural milenaria, desplegando esfuerzos y acciones para que se observe con gran inter\u00e9s y respeto a las creaciones notables de las antiguas sociedades de la civilizaci\u00f3n Caral.&nbsp;<\/span><\/p>\n<p><span style=\"font-weight: 400;\">El evento finaliz\u00f3 con un homenaje a la doctora Ruth Shady Sol\u00eds, principal investigadora de la civilizaci\u00f3n Caral, a quien le agradecieron por su aporte a la cultura del Per\u00fa y del mundo. \u201cSe debe reconocer el trabajo que a\u00fan realiza al frente de las investigaciones de Caral. Su dedicaci\u00f3n y todos sus esfuerzos que hizo, y hoy podemos disfrutar visitando los sitios arqueol\u00f3gicos\u201d, agreg\u00f3 la Coordinadora Nacional de Promoci\u00f3n de la Cultura de NA.<\/span><\/p>\n<p><span style=\"color: #7a0909;\"><b>DATO<\/b><\/span><\/p>\n<p><span style=\"font-weight: 400;\">En el evento tambi\u00e9n particip\u00f3 el destacado historiador Carlos Rojas, quien adem\u00e1s de aportar con sus opiniones sobre el desarrollo civilizatorio, los avances sin precedentes que logr\u00f3 la sociedad caralina hace cinco mil a\u00f1os. Tambi\u00e9n expuso su reciente libro: \u201cTupac Amaru. Sin Miedo\u201d. \u201cDebemos conocer nuestra historia, de d\u00f3nde venimos, nuestros errores y aciertos, revalorar lo que pas\u00f3 y reconocer a nuestros personajes que aportaron a nuestra sociedad\u201d, dijo.<\/span><\/p>\n<p><span style=\"font-weight: 400;\">Como parte de las actividades programadas por Nueva Acr\u00f3polis, cerca de 80 personas participar\u00e1n en un viaje a la Ciudad Sagrada de Caral. Para conocer <\/span><i><span style=\"font-weight: 400;\">in situ<\/span><\/i><span style=\"font-weight: 400;\"> la magnitud de este Patrimonio Mundial.<\/span><\/p>\n<p><span style=\"color: #6b0505;\"><strong style=\"font-size: inherit; text-align: justify;\">Fuente: Comunicaci\u00f3n e Imagen Institucional ZAC<\/strong><\/span><\/p>\n<\/div>\n<div style=\"color: #1f1f1f;\">\n<div style=\"color: #1f1f1f;\">\n<p style=\"text-align: justify;\">Fecha de publicaci\u00f3n: 12\/10\/2023<\/p>\n<\/div>\n<\/div>\n\n\n<p><\/p>\n","protected":false},"excerpt":{"rendered":"<p>Revalorizaci\u00f3n e interpretaci\u00f3n del patrimonio cultural. El Subdirector de Relaciones Comunitarias de la Zona Arqueol\u00f3gica Caral, magister Carlos Leyva Arroyo, [&hellip;]<\/p>\n","protected":false},"author":1,"featured_media":17136,"comment_status":"closed","ping_status":"open","sticky":false,"template":"","format":"standard","meta":{"_acf_changed":false,"site-sidebar-layout":"default","site-content-layout":"","ast-site-content-layout":"default","site-content-style":"default","site-sidebar-style":"default","ast-global-header-display":"","ast-banner-title-visibility":"","ast-main-header-display":"","ast-hfb-above-header-display":"","ast-hfb-below-header-display":"","ast-hfb-mobile-header-display":"","site-post-title":"","ast-breadcrumbs-content":"","ast-featured-img":"","footer-sml-layout":"","ast-disable-related-posts":"","theme-transparent-header-meta":"","adv-header-id-meta":"","stick-header-meta":"","header-above-stick-meta":"","header-main-stick-meta":"","header-below-stick-meta":"","astra-migrate-meta-layouts":"default","ast-page-background-enabled":"default","ast-page-background-meta":{"desktop":{"background-color":"var(--ast-global-color-5)","background-image":"","background-repeat":"repeat","background-position":"center center","background-size":"auto","background-attachment":"scroll","background-type":"","background-media":"","overlay-type":"","overlay-color":"","overlay-opacity":"","overlay-gradient":""},"tablet":{"background-color":"","background-image":"","background-repeat":"repeat","background-position":"center center","background-size":"auto","background-attachment":"scroll","background-type":"","background-media":"","overlay-type":"","overlay-color":"","overlay-opacity":"","overlay-gradient":""},"mobile":{"background-color":"","background-image":"","background-repeat":"repeat","background-position":"center center","background-size":"auto","background-attachment":"scroll","background-type":"","background-media":"","overlay-type":"","overlay-color":"","overlay-opacity":"","overlay-gradient":""}},"ast-content-background-meta":{"desktop":{"background-color":"var(--ast-global-color-4)","background-image":"","background-repeat":"repeat","background-position":"center center","background-size":"auto","background-attachment":"scroll","background-type":"","background-media":"","overlay-type":"","overlay-color":"","overlay-opacity":"","overlay-gradient":""},"tablet":{"background-color":"var(--ast-global-color-4)","background-image":"","background-repeat":"repeat","background-position":"center center","background-size":"auto","background-attachment":"scroll","background-type":"","background-media":"","overlay-type":"","overlay-color":"","overlay-opacity":"","overlay-gradient":""},"mobile":{"background-color":"var(--ast-global-color-4)","background-image":"","background-repeat":"repeat","background-position":"center center","background-size":"auto","background-attachment":"scroll","background-type":"","background-media":"","overlay-type":"","overlay-color":"","overlay-opacity":"","overlay-gradient":""}},"footnotes":""},"categories":[208],"tags":[55,72],"class_list":["post-17134","post","type-post","status-publish","format-standard","has-post-thumbnail","hentry","category-noticias","tag-caral","tag-cultura"],"acf":[],"yoast_head":"<!-- This site is optimized with the Yoast SEO plugin v27.3 - https:\/\/yoast.com\/product\/yoast-seo-wordpress\/ -->\n<title>Como parte del programa DEFENSORES DEL PATRIMONIO CULTURAL difundimos CARAL EN NUEVA ACR\u00d3POLIS<\/title>\n<meta name=\"description\" content=\"El Subdirector de Relaciones Comunitarias de la Zona Arqueol\u00f3gica Caral, magister Carlos Leyva Arroyo, particip\u00f3 en el conversatorio \u00abCaral: un viaje a trav\u00e9s de 5000 a\u00f1os de historia\u00bb, organizado por la asociaci\u00f3n internacional Nueva Acr\u00f3polis (NA), como parte de las acciones que realizan para la difusi\u00f3n, protecci\u00f3n y salvaguardia del patrimonio cultural, en el marco de su participaci\u00f3n en la estrategia nacional: Defensores del Patrimonio Cultural del Ministerio de Cultura del Per\u00fa.\" \/>\n<meta name=\"robots\" content=\"index, follow, max-snippet:-1, max-image-preview:large, max-video-preview:-1\" \/>\n<link rel=\"canonical\" href=\"https:\/\/zonacaral.gob.pe\/es\/noticias\/como-parte-del-programa-defensores-del-patrimonio-cultural-difundimos-caral-en-nueva-acropolis\/\" \/>\n<meta property=\"og:locale\" content=\"es_ES\" \/>\n<meta property=\"og:type\" content=\"article\" \/>\n<meta property=\"og:title\" content=\"Como parte del programa DEFENSORES DEL PATRIMONIO CULTURAL difundimos CARAL EN NUEVA ACR\u00d3POLIS\" \/>\n<meta property=\"og:description\" content=\"El Subdirector de Relaciones Comunitarias de la Zona Arqueol\u00f3gica Caral, magister Carlos Leyva Arroyo, particip\u00f3 en el conversatorio \u00abCaral: un viaje a trav\u00e9s de 5000 a\u00f1os de historia\u00bb, organizado por la asociaci\u00f3n internacional Nueva Acr\u00f3polis (NA), como parte de las acciones que realizan para la difusi\u00f3n, protecci\u00f3n y salvaguardia del patrimonio cultural, en el marco de su participaci\u00f3n en la estrategia nacional: Defensores del Patrimonio Cultural del Ministerio de Cultura del Per\u00fa.\" \/>\n<meta property=\"og:url\" content=\"https:\/\/zonacaral.gob.pe\/es\/noticias\/como-parte-del-programa-defensores-del-patrimonio-cultural-difundimos-caral-en-nueva-acropolis\/\" \/>\n<meta property=\"og:site_name\" content=\"Zona Caral\" \/>\n<meta property=\"article:published_time\" content=\"2023-10-12T21:55:46+00:00\" \/>\n<meta property=\"og:image\" content=\"https:\/\/zonacaral.gob.pe\/wp-content\/uploads\/2023\/10\/caral-nueva-acropolis-1.png\" \/>\n\t<meta property=\"og:image:width\" content=\"1040\" \/>\n\t<meta property=\"og:image:height\" content=\"640\" \/>\n\t<meta property=\"og:image:type\" content=\"image\/png\" \/>\n<meta name=\"author\" content=\"Zona Caral Administrador\" \/>\n<meta name=\"twitter:card\" content=\"summary_large_image\" \/>\n<meta name=\"twitter:label1\" content=\"Written by\" \/>\n\t<meta name=\"twitter:data1\" content=\"Zona Caral Administrador\" \/>\n\t<meta name=\"twitter:label2\" content=\"Est. reading time\" \/>\n\t<meta name=\"twitter:data2\" content=\"3 minutos\" \/>\n<script type=\"application\/ld+json\" class=\"yoast-schema-graph\">{\"@context\":\"https:\\\/\\\/schema.org\",\"@graph\":[{\"@type\":\"Article\",\"@id\":\"https:\\\/\\\/zonacaral.gob.pe\\\/es\\\/noticias\\\/como-parte-del-programa-defensores-del-patrimonio-cultural-difundimos-caral-en-nueva-acropolis\\\/#article\",\"isPartOf\":{\"@id\":\"https:\\\/\\\/zonacaral.gob.pe\\\/es\\\/noticias\\\/como-parte-del-programa-defensores-del-patrimonio-cultural-difundimos-caral-en-nueva-acropolis\\\/\"},\"author\":{\"name\":\"Zona Caral Administrador\",\"@id\":\"https:\\\/\\\/zonacaral.gob.pe\\\/es\\\/#\\\/schema\\\/person\\\/beddb4d22f71a7230c5b90913270a0ee\"},\"headline\":\"Como parte del programa DEFENSORES DEL PATRIMONIO CULTURAL difundimos CARAL EN NUEVA ACR\u00d3POLIS\",\"datePublished\":\"2023-10-12T21:55:46+00:00\",\"mainEntityOfPage\":{\"@id\":\"https:\\\/\\\/zonacaral.gob.pe\\\/es\\\/noticias\\\/como-parte-del-programa-defensores-del-patrimonio-cultural-difundimos-caral-en-nueva-acropolis\\\/\"},\"wordCount\":632,\"image\":{\"@id\":\"https:\\\/\\\/zonacaral.gob.pe\\\/es\\\/noticias\\\/como-parte-del-programa-defensores-del-patrimonio-cultural-difundimos-caral-en-nueva-acropolis\\\/#primaryimage\"},\"thumbnailUrl\":\"https:\\\/\\\/zonacaral.gob.pe\\\/wp-content\\\/uploads\\\/2023\\\/10\\\/caral-nueva-acropolis-1.png\",\"keywords\":[\"caral\",\"Cultura\"],\"articleSection\":[\"noticias\"],\"inLanguage\":\"es-PE\"},{\"@type\":\"WebPage\",\"@id\":\"https:\\\/\\\/zonacaral.gob.pe\\\/es\\\/noticias\\\/como-parte-del-programa-defensores-del-patrimonio-cultural-difundimos-caral-en-nueva-acropolis\\\/\",\"url\":\"https:\\\/\\\/zonacaral.gob.pe\\\/es\\\/noticias\\\/como-parte-del-programa-defensores-del-patrimonio-cultural-difundimos-caral-en-nueva-acropolis\\\/\",\"name\":\"Como parte del programa DEFENSORES DEL PATRIMONIO CULTURAL difundimos CARAL EN NUEVA ACR\u00d3POLIS\",\"isPartOf\":{\"@id\":\"https:\\\/\\\/zonacaral.gob.pe\\\/es\\\/#website\"},\"primaryImageOfPage\":{\"@id\":\"https:\\\/\\\/zonacaral.gob.pe\\\/es\\\/noticias\\\/como-parte-del-programa-defensores-del-patrimonio-cultural-difundimos-caral-en-nueva-acropolis\\\/#primaryimage\"},\"image\":{\"@id\":\"https:\\\/\\\/zonacaral.gob.pe\\\/es\\\/noticias\\\/como-parte-del-programa-defensores-del-patrimonio-cultural-difundimos-caral-en-nueva-acropolis\\\/#primaryimage\"},\"thumbnailUrl\":\"https:\\\/\\\/zonacaral.gob.pe\\\/wp-content\\\/uploads\\\/2023\\\/10\\\/caral-nueva-acropolis-1.png\",\"datePublished\":\"2023-10-12T21:55:46+00:00\",\"author\":{\"@id\":\"https:\\\/\\\/zonacaral.gob.pe\\\/es\\\/#\\\/schema\\\/person\\\/beddb4d22f71a7230c5b90913270a0ee\"},\"description\":\"El Subdirector de Relaciones Comunitarias de la Zona Arqueol\u00f3gica Caral, magister Carlos Leyva Arroyo, particip\u00f3 en el conversatorio \u00abCaral: un viaje a trav\u00e9s de 5000 a\u00f1os de historia\u00bb, organizado por la asociaci\u00f3n internacional Nueva Acr\u00f3polis (NA), como parte de las acciones que realizan para la difusi\u00f3n, protecci\u00f3n y salvaguardia del patrimonio cultural, en el marco de su participaci\u00f3n en la estrategia nacional: Defensores del Patrimonio Cultural del Ministerio de Cultura del Per\u00fa.\",\"breadcrumb\":{\"@id\":\"https:\\\/\\\/zonacaral.gob.pe\\\/es\\\/noticias\\\/como-parte-del-programa-defensores-del-patrimonio-cultural-difundimos-caral-en-nueva-acropolis\\\/#breadcrumb\"},\"inLanguage\":\"es-PE\",\"potentialAction\":[{\"@type\":\"ReadAction\",\"target\":[\"https:\\\/\\\/zonacaral.gob.pe\\\/es\\\/noticias\\\/como-parte-del-programa-defensores-del-patrimonio-cultural-difundimos-caral-en-nueva-acropolis\\\/\"]}]},{\"@type\":\"ImageObject\",\"inLanguage\":\"es-PE\",\"@id\":\"https:\\\/\\\/zonacaral.gob.pe\\\/es\\\/noticias\\\/como-parte-del-programa-defensores-del-patrimonio-cultural-difundimos-caral-en-nueva-acropolis\\\/#primaryimage\",\"url\":\"https:\\\/\\\/zonacaral.gob.pe\\\/wp-content\\\/uploads\\\/2023\\\/10\\\/caral-nueva-acropolis-1.png\",\"contentUrl\":\"https:\\\/\\\/zonacaral.gob.pe\\\/wp-content\\\/uploads\\\/2023\\\/10\\\/caral-nueva-acropolis-1.png\",\"width\":1040,\"height\":640},{\"@type\":\"BreadcrumbList\",\"@id\":\"https:\\\/\\\/zonacaral.gob.pe\\\/es\\\/noticias\\\/como-parte-del-programa-defensores-del-patrimonio-cultural-difundimos-caral-en-nueva-acropolis\\\/#breadcrumb\",\"itemListElement\":[{\"@type\":\"ListItem\",\"position\":1,\"name\":\"Portada\",\"item\":\"https:\\\/\\\/zonacaral.gob.pe\\\/\"},{\"@type\":\"ListItem\",\"position\":2,\"name\":\"Como parte del programa DEFENSORES DEL PATRIMONIO CULTURAL difundimos CARAL EN NUEVA ACR\u00d3POLIS\"}]},{\"@type\":\"WebSite\",\"@id\":\"https:\\\/\\\/zonacaral.gob.pe\\\/es\\\/#website\",\"url\":\"https:\\\/\\\/zonacaral.gob.pe\\\/es\\\/\",\"name\":\"Zona Caral\",\"description\":\"Investigamos, conservamos y difundimos el patrimonio cultural de la Civilizaci\u00f3n Caral, la m\u00e1s antigua de Am\u00e9rica.\",\"potentialAction\":[{\"@type\":\"SearchAction\",\"target\":{\"@type\":\"EntryPoint\",\"urlTemplate\":\"https:\\\/\\\/zonacaral.gob.pe\\\/es\\\/?s={search_term_string}\"},\"query-input\":{\"@type\":\"PropertyValueSpecification\",\"valueRequired\":true,\"valueName\":\"search_term_string\"}}],\"inLanguage\":\"es-PE\"},{\"@type\":\"Person\",\"@id\":\"https:\\\/\\\/zonacaral.gob.pe\\\/es\\\/#\\\/schema\\\/person\\\/beddb4d22f71a7230c5b90913270a0ee\",\"name\":\"Zona Caral Administrador\",\"image\":{\"@type\":\"ImageObject\",\"inLanguage\":\"es-PE\",\"@id\":\"https:\\\/\\\/secure.gravatar.com\\\/avatar\\\/e4be162918a696358376de6446614e0f0f4062bdc5d170d6d540ada3d8b58c12?s=96&d=mm&r=g\",\"url\":\"https:\\\/\\\/secure.gravatar.com\\\/avatar\\\/e4be162918a696358376de6446614e0f0f4062bdc5d170d6d540ada3d8b58c12?s=96&d=mm&r=g\",\"contentUrl\":\"https:\\\/\\\/secure.gravatar.com\\\/avatar\\\/e4be162918a696358376de6446614e0f0f4062bdc5d170d6d540ada3d8b58c12?s=96&d=mm&r=g\",\"caption\":\"Zona Caral Administrador\"},\"sameAs\":[\"https:\\\/\\\/zonacaral.gob.pe\"],\"url\":\"https:\\\/\\\/zonacaral.gob.pe\\\/es\\\/noticias\\\/author\\\/ad_zonacaral\\\/\"}]}<\/script>\n<!-- \/ Yoast SEO plugin. -->","yoast_head_json":{"title":"Como parte del programa DEFENSORES DEL PATRIMONIO CULTURAL difundimos CARAL EN NUEVA ACR\u00d3POLIS","description":"El Subdirector de Relaciones Comunitarias de la Zona Arqueol\u00f3gica Caral, magister Carlos Leyva Arroyo, particip\u00f3 en el conversatorio \u00abCaral: un viaje a trav\u00e9s de 5000 a\u00f1os de historia\u00bb, organizado por la asociaci\u00f3n internacional Nueva Acr\u00f3polis (NA), como parte de las acciones que realizan para la difusi\u00f3n, protecci\u00f3n y salvaguardia del patrimonio cultural, en el marco de su participaci\u00f3n en la estrategia nacional: Defensores del Patrimonio Cultural del Ministerio de Cultura del Per\u00fa.","robots":{"index":"index","follow":"follow","max-snippet":"max-snippet:-1","max-image-preview":"max-image-preview:large","max-video-preview":"max-video-preview:-1"},"canonical":"https:\/\/zonacaral.gob.pe\/es\/noticias\/como-parte-del-programa-defensores-del-patrimonio-cultural-difundimos-caral-en-nueva-acropolis\/","og_locale":"es_ES","og_type":"article","og_title":"Como parte del programa DEFENSORES DEL PATRIMONIO CULTURAL difundimos CARAL EN NUEVA ACR\u00d3POLIS","og_description":"El Subdirector de Relaciones Comunitarias de la Zona Arqueol\u00f3gica Caral, magister Carlos Leyva Arroyo, particip\u00f3 en el conversatorio \u00abCaral: un viaje a trav\u00e9s de 5000 a\u00f1os de historia\u00bb, organizado por la asociaci\u00f3n internacional Nueva Acr\u00f3polis (NA), como parte de las acciones que realizan para la difusi\u00f3n, protecci\u00f3n y salvaguardia del patrimonio cultural, en el marco de su participaci\u00f3n en la estrategia nacional: Defensores del Patrimonio Cultural del Ministerio de Cultura del Per\u00fa.","og_url":"https:\/\/zonacaral.gob.pe\/es\/noticias\/como-parte-del-programa-defensores-del-patrimonio-cultural-difundimos-caral-en-nueva-acropolis\/","og_site_name":"Zona Caral","article_published_time":"2023-10-12T21:55:46+00:00","og_image":[{"width":1040,"height":640,"url":"https:\/\/zonacaral.gob.pe\/wp-content\/uploads\/2023\/10\/caral-nueva-acropolis-1.png","type":"image\/png"}],"author":"Zona Caral Administrador","twitter_card":"summary_large_image","twitter_misc":{"Written by":"Zona Caral Administrador","Est. reading time":"3 minutos"},"schema":{"@context":"https:\/\/schema.org","@graph":[{"@type":"Article","@id":"https:\/\/zonacaral.gob.pe\/es\/noticias\/como-parte-del-programa-defensores-del-patrimonio-cultural-difundimos-caral-en-nueva-acropolis\/#article","isPartOf":{"@id":"https:\/\/zonacaral.gob.pe\/es\/noticias\/como-parte-del-programa-defensores-del-patrimonio-cultural-difundimos-caral-en-nueva-acropolis\/"},"author":{"name":"Zona Caral Administrador","@id":"https:\/\/zonacaral.gob.pe\/es\/#\/schema\/person\/beddb4d22f71a7230c5b90913270a0ee"},"headline":"Como parte del programa DEFENSORES DEL PATRIMONIO CULTURAL difundimos CARAL EN NUEVA ACR\u00d3POLIS","datePublished":"2023-10-12T21:55:46+00:00","mainEntityOfPage":{"@id":"https:\/\/zonacaral.gob.pe\/es\/noticias\/como-parte-del-programa-defensores-del-patrimonio-cultural-difundimos-caral-en-nueva-acropolis\/"},"wordCount":632,"image":{"@id":"https:\/\/zonacaral.gob.pe\/es\/noticias\/como-parte-del-programa-defensores-del-patrimonio-cultural-difundimos-caral-en-nueva-acropolis\/#primaryimage"},"thumbnailUrl":"https:\/\/zonacaral.gob.pe\/wp-content\/uploads\/2023\/10\/caral-nueva-acropolis-1.png","keywords":["caral","Cultura"],"articleSection":["noticias"],"inLanguage":"es-PE"},{"@type":"WebPage","@id":"https:\/\/zonacaral.gob.pe\/es\/noticias\/como-parte-del-programa-defensores-del-patrimonio-cultural-difundimos-caral-en-nueva-acropolis\/","url":"https:\/\/zonacaral.gob.pe\/es\/noticias\/como-parte-del-programa-defensores-del-patrimonio-cultural-difundimos-caral-en-nueva-acropolis\/","name":"Como parte del programa DEFENSORES DEL PATRIMONIO CULTURAL difundimos CARAL EN NUEVA ACR\u00d3POLIS","isPartOf":{"@id":"https:\/\/zonacaral.gob.pe\/es\/#website"},"primaryImageOfPage":{"@id":"https:\/\/zonacaral.gob.pe\/es\/noticias\/como-parte-del-programa-defensores-del-patrimonio-cultural-difundimos-caral-en-nueva-acropolis\/#primaryimage"},"image":{"@id":"https:\/\/zonacaral.gob.pe\/es\/noticias\/como-parte-del-programa-defensores-del-patrimonio-cultural-difundimos-caral-en-nueva-acropolis\/#primaryimage"},"thumbnailUrl":"https:\/\/zonacaral.gob.pe\/wp-content\/uploads\/2023\/10\/caral-nueva-acropolis-1.png","datePublished":"2023-10-12T21:55:46+00:00","author":{"@id":"https:\/\/zonacaral.gob.pe\/es\/#\/schema\/person\/beddb4d22f71a7230c5b90913270a0ee"},"description":"El Subdirector de Relaciones Comunitarias de la Zona Arqueol\u00f3gica Caral, magister Carlos Leyva Arroyo, particip\u00f3 en el conversatorio \u00abCaral: un viaje a trav\u00e9s de 5000 a\u00f1os de historia\u00bb, organizado por la asociaci\u00f3n internacional Nueva Acr\u00f3polis (NA), como parte de las acciones que realizan para la difusi\u00f3n, protecci\u00f3n y salvaguardia del patrimonio cultural, en el marco de su participaci\u00f3n en la estrategia nacional: Defensores del Patrimonio Cultural del Ministerio de Cultura del Per\u00fa.","breadcrumb":{"@id":"https:\/\/zonacaral.gob.pe\/es\/noticias\/como-parte-del-programa-defensores-del-patrimonio-cultural-difundimos-caral-en-nueva-acropolis\/#breadcrumb"},"inLanguage":"es-PE","potentialAction":[{"@type":"ReadAction","target":["https:\/\/zonacaral.gob.pe\/es\/noticias\/como-parte-del-programa-defensores-del-patrimonio-cultural-difundimos-caral-en-nueva-acropolis\/"]}]},{"@type":"ImageObject","inLanguage":"es-PE","@id":"https:\/\/zonacaral.gob.pe\/es\/noticias\/como-parte-del-programa-defensores-del-patrimonio-cultural-difundimos-caral-en-nueva-acropolis\/#primaryimage","url":"https:\/\/zonacaral.gob.pe\/wp-content\/uploads\/2023\/10\/caral-nueva-acropolis-1.png","contentUrl":"https:\/\/zonacaral.gob.pe\/wp-content\/uploads\/2023\/10\/caral-nueva-acropolis-1.png","width":1040,"height":640},{"@type":"BreadcrumbList","@id":"https:\/\/zonacaral.gob.pe\/es\/noticias\/como-parte-del-programa-defensores-del-patrimonio-cultural-difundimos-caral-en-nueva-acropolis\/#breadcrumb","itemListElement":[{"@type":"ListItem","position":1,"name":"Portada","item":"https:\/\/zonacaral.gob.pe\/"},{"@type":"ListItem","position":2,"name":"Como parte del programa DEFENSORES DEL PATRIMONIO CULTURAL difundimos CARAL EN NUEVA ACR\u00d3POLIS"}]},{"@type":"WebSite","@id":"https:\/\/zonacaral.gob.pe\/es\/#website","url":"https:\/\/zonacaral.gob.pe\/es\/","name":"Zona Caral","description":"Investigamos, conservamos y difundimos el patrimonio cultural de la Civilizaci\u00f3n Caral, la m\u00e1s antigua de Am\u00e9rica.","potentialAction":[{"@type":"SearchAction","target":{"@type":"EntryPoint","urlTemplate":"https:\/\/zonacaral.gob.pe\/es\/?s={search_term_string}"},"query-input":{"@type":"PropertyValueSpecification","valueRequired":true,"valueName":"search_term_string"}}],"inLanguage":"es-PE"},{"@type":"Person","@id":"https:\/\/zonacaral.gob.pe\/es\/#\/schema\/person\/beddb4d22f71a7230c5b90913270a0ee","name":"Zona Caral Administrador","image":{"@type":"ImageObject","inLanguage":"es-PE","@id":"https:\/\/secure.gravatar.com\/avatar\/e4be162918a696358376de6446614e0f0f4062bdc5d170d6d540ada3d8b58c12?s=96&d=mm&r=g","url":"https:\/\/secure.gravatar.com\/avatar\/e4be162918a696358376de6446614e0f0f4062bdc5d170d6d540ada3d8b58c12?s=96&d=mm&r=g","contentUrl":"https:\/\/secure.gravatar.com\/avatar\/e4be162918a696358376de6446614e0f0f4062bdc5d170d6d540ada3d8b58c12?s=96&d=mm&r=g","caption":"Zona Caral Administrador"},"sameAs":["https:\/\/zonacaral.gob.pe"],"url":"https:\/\/zonacaral.gob.pe\/es\/noticias\/author\/ad_zonacaral\/"}]}},"_links":{"self":[{"href":"https:\/\/zonacaral.gob.pe\/es\/wp-json\/wp\/v2\/posts\/17134","targetHints":{"allow":["GET"]}}],"collection":[{"href":"https:\/\/zonacaral.gob.pe\/es\/wp-json\/wp\/v2\/posts"}],"about":[{"href":"https:\/\/zonacaral.gob.pe\/es\/wp-json\/wp\/v2\/types\/post"}],"author":[{"embeddable":true,"href":"https:\/\/zonacaral.gob.pe\/es\/wp-json\/wp\/v2\/users\/1"}],"replies":[{"embeddable":true,"href":"https:\/\/zonacaral.gob.pe\/es\/wp-json\/wp\/v2\/comments?post=17134"}],"version-history":[{"count":0,"href":"https:\/\/zonacaral.gob.pe\/es\/wp-json\/wp\/v2\/posts\/17134\/revisions"}],"wp:featuredmedia":[{"embeddable":true,"href":"https:\/\/zonacaral.gob.pe\/es\/wp-json\/wp\/v2\/media\/17136"}],"wp:attachment":[{"href":"https:\/\/zonacaral.gob.pe\/es\/wp-json\/wp\/v2\/media?parent=17134"}],"wp:term":[{"taxonomy":"category","embeddable":true,"href":"https:\/\/zonacaral.gob.pe\/es\/wp-json\/wp\/v2\/categories?post=17134"},{"taxonomy":"post_tag","embeddable":true,"href":"https:\/\/zonacaral.gob.pe\/es\/wp-json\/wp\/v2\/tags?post=17134"}],"curies":[{"name":"wp","href":"https:\/\/api.w.org\/{rel}","templated":true}]}}