{"id":17142,"date":"2023-10-13T17:01:07","date_gmt":"2023-10-13T22:01:07","guid":{"rendered":"https:\/\/www.zonacaral.gob.pe\/?p=17142"},"modified":"2023-10-13T17:01:07","modified_gmt":"2023-10-13T22:01:07","slug":"guiados-en-linea-por-el-museo-caral-transmitimos-los-valores-de-caral-a-colegios-a-nivel-nacional","status":"publish","type":"post","link":"https:\/\/zonacaral.gob.pe\/es\/noticias\/guiados-en-linea-por-el-museo-caral-transmitimos-los-valores-de-caral-a-colegios-a-nivel-nacional\/","title":{"rendered":"GUIADOS EN L\u00cdNEA POR EL MUSEO CARAL: transmitimos los valores de Caral a colegios a nivel nacional"},"content":{"rendered":"<figure class=\"pic-autor\" style=\"color: #4d4d4d; text-align: justify;\"><\/figure>\n<div class=\"gmail_default\" style=\"text-align: justify;\">\n<blockquote>\n<p><i><span style=\"font-weight: 400;\">Difusi\u00f3n de valores y cultura.<\/span><\/i><\/p>\n<\/blockquote>\n<p><span style=\"font-weight: 400;\">Con el fin de contribuir con la transmisi\u00f3n de los valores sociales, culturales y cient\u00edficos de la Civilizaci\u00f3n Caral, la <\/span><a href=\"https:\/\/www.instagram.com\/caralperu\/?hl=es\"><span style=\"font-weight: 400;\">Zona Arqueol\u00f3gica Caral<\/span><\/a><span style=\"font-weight: 400;\">, Unidad Ejecutora 003 del Ministerio de Cultura, a trav\u00e9s de su programa \u201cVisitas Guiadas en L\u00ednea\u201d del Museo CARAL, ha brindado mediaciones virtuales a colegios de diferentes regiones del pa\u00eds.<\/span><\/p>\n<p><span style=\"font-weight: 400;\">En este museo en l\u00ednea, desarrollado por la Unidad de Museograf\u00eda y Dise\u00f1o Arquitect\u00f3nico de la Subdirecci\u00f3n de Proyecci\u00f3n del Patrimonio Cultural, e inaugurado el a\u00f1o 2021, fue configurada toda la exposici\u00f3n museogr\u00e1fica: Los Valores de la Civilizaci\u00f3n Caral: Reflexiones para el \u00abBuen Vivir\u00bb, tema investigado por la doctora Ruth Shady Sol\u00eds, junto a su equipo multidisciplinario.<\/span><\/p>\n<p><span style=\"font-weight: 400;\">El programa de guiados en l\u00ednea tiene el objetivo de difundir los valores de Caral de manera descentralizada y gratuita, a instituciones educativas p\u00fablicas y privadas, urbanas y rurales. De manera que estudiantes y docentes de todas las regiones del pa\u00eds (de primaria, secundaria, t\u00e9cnico y universitario), tengan la oportunidad de ser trasladados, desde sus aulas, hacia el pasado, hace cinco mil a\u00f1os, al valle de Supe, y conocer, de manera virtual, la importancia de la civilizaci\u00f3n Caral, su relevancia en el proceso de desarrollo cultural andino, la producci\u00f3n de conocimientos (en ciencia y tecnolog\u00eda), y los valores socioculturales, entre otros aspectos.&nbsp;<\/span><\/p>\n<p><span style=\"font-weight: 400;\">En los guiados los estudiantes participan de manera activa e, interesados en nuestro patrimonio cultural, interact\u00faan con preguntas y opiniones, enriqueciendo y ampliando los conocimientos sobre nuestra cultura.<\/span><\/p>\n<p><b>MUSEO CARAL<\/b><\/p>\n<p><span style=\"font-weight: 400;\">El Museo CARAL es uno de los primeros espacios culturales cien por ciento virtuales creados en Per\u00fa. En \u00e9l podemos encontrar salas tem\u00e1ticas sobre los valores de la civilizaci\u00f3n Caral, ordenadas de manera secuencial. Ha sido dotada con recursos digitales e interactivos, videos, im\u00e1genes de los sitios, infograf\u00edas, piezas arqueol\u00f3gicas, vistas 360\u00b0, a trav\u00e9s de los cuales se muestra c\u00f3mo fue el desarrollo de la primera civilizaci\u00f3n, hasta las causas de su decadencia y posterior reorganizaci\u00f3n.<\/span><\/p>\n<p><span style=\"font-weight: 400;\">Asimismo, se han plasmado mensajes que buscan generar reflexiones en la sociedad actual, y juegos l\u00fadicos que ayudan a los estudiantes a interactuar con su cultura, reforzando su memoria.&nbsp;<\/span><\/p>\n<p><span style=\"font-weight: 400;\">Si eres docente de alguna instituci\u00f3n p\u00fablica o privada, de nivel inicial, primaria, secundaria o educaci\u00f3n superior, env\u00eda un correo a webmaster@zonacaral.gob.pe para recibir m\u00e1s informaci\u00f3n, o deja un mensaje a trav\u00e9s de nuestras redes sociales. Tambi\u00e9n puedes inscribirte en el siguiente link:<\/span><a href=\"https:\/\/bit.ly\/Visitas_Mediadas\"> <span style=\"font-weight: 400;\">https:\/\/bit.ly\/Visitas_Mediadas<\/span><\/a><span style=\"font-weight: 400;\">&nbsp;&nbsp;<\/span><\/p>\n<p><\/p>\n<p><b>DATO<\/b><\/p>\n<p><span style=\"font-weight: 400;\">Desde abril de 2023, a la fecha, se han realizado 15 mediaciones virtuales, con cerca de 600 participantes. Entre ellos, se tuvo guiados virtuales con instituciones extranjeras, como Brasil, Bolivia y Colombia. Y al interior del pa\u00eds se ha llegado a Chiclayo, Jauja, Huacho, Moquegua, Puno, Cajamarca, Piura, Tumbes, entre otros lugares.<\/span><\/p>\n<p><span style=\"font-weight: 400;\">Conoce el Museo Caral ingresando aqu\u00ed:<\/span><a href=\"http:\/\/www.zonacaral.gob.pe\/museo\/caral\/\"> <span style=\"font-weight: 400;\">www.zonacaral.gob.pe\/museo\/caral<\/span><\/a><\/p>\n<p><span style=\"color: #6b0505;\"><strong style=\"font-size: inherit; text-align: justify;\">Fuente: Comunicaci\u00f3n e Imagen Institucional ZAC<\/strong><\/span><\/p>\n<\/div>\n<div style=\"color: #1f1f1f;\">\n<div style=\"color: #1f1f1f;\">\n<p style=\"text-align: justify;\">Fecha de publicaci\u00f3n: 13\/10\/2023<\/p>\n<\/div>\n<\/div>\n\n\n<p><\/p>\n","protected":false},"excerpt":{"rendered":"<p>Difusi\u00f3n de valores y cultura. Con el fin de contribuir con la transmisi\u00f3n de los valores sociales, culturales y cient\u00edficos [&hellip;]<\/p>\n","protected":false},"author":1,"featured_media":17144,"comment_status":"closed","ping_status":"open","sticky":false,"template":"","format":"standard","meta":{"_acf_changed":false,"site-sidebar-layout":"default","site-content-layout":"","ast-site-content-layout":"default","site-content-style":"default","site-sidebar-style":"default","ast-global-header-display":"","ast-banner-title-visibility":"","ast-main-header-display":"","ast-hfb-above-header-display":"","ast-hfb-below-header-display":"","ast-hfb-mobile-header-display":"","site-post-title":"","ast-breadcrumbs-content":"","ast-featured-img":"","footer-sml-layout":"","ast-disable-related-posts":"","theme-transparent-header-meta":"","adv-header-id-meta":"","stick-header-meta":"","header-above-stick-meta":"","header-main-stick-meta":"","header-below-stick-meta":"","astra-migrate-meta-layouts":"default","ast-page-background-enabled":"default","ast-page-background-meta":{"desktop":{"background-color":"var(--ast-global-color-5)","background-image":"","background-repeat":"repeat","background-position":"center center","background-size":"auto","background-attachment":"scroll","background-type":"","background-media":"","overlay-type":"","overlay-color":"","overlay-opacity":"","overlay-gradient":""},"tablet":{"background-color":"","background-image":"","background-repeat":"repeat","background-position":"center center","background-size":"auto","background-attachment":"scroll","background-type":"","background-media":"","overlay-type":"","overlay-color":"","overlay-opacity":"","overlay-gradient":""},"mobile":{"background-color":"","background-image":"","background-repeat":"repeat","background-position":"center center","background-size":"auto","background-attachment":"scroll","background-type":"","background-media":"","overlay-type":"","overlay-color":"","overlay-opacity":"","overlay-gradient":""}},"ast-content-background-meta":{"desktop":{"background-color":"var(--ast-global-color-4)","background-image":"","background-repeat":"repeat","background-position":"center center","background-size":"auto","background-attachment":"scroll","background-type":"","background-media":"","overlay-type":"","overlay-color":"","overlay-opacity":"","overlay-gradient":""},"tablet":{"background-color":"var(--ast-global-color-4)","background-image":"","background-repeat":"repeat","background-position":"center center","background-size":"auto","background-attachment":"scroll","background-type":"","background-media":"","overlay-type":"","overlay-color":"","overlay-opacity":"","overlay-gradient":""},"mobile":{"background-color":"var(--ast-global-color-4)","background-image":"","background-repeat":"repeat","background-position":"center center","background-size":"auto","background-attachment":"scroll","background-type":"","background-media":"","overlay-type":"","overlay-color":"","overlay-opacity":"","overlay-gradient":""}},"footnotes":""},"categories":[208],"tags":[55,72],"class_list":["post-17142","post","type-post","status-publish","format-standard","has-post-thumbnail","hentry","category-noticias","tag-caral","tag-cultura"],"acf":[],"yoast_head":"<!-- This site is optimized with the Yoast SEO plugin v27.3 - https:\/\/yoast.com\/product\/yoast-seo-wordpress\/ -->\n<title>GUIADOS EN L\u00cdNEA POR EL MUSEO CARAL: transmitimos los valores de Caral a colegios a nivel nacional<\/title>\n<meta name=\"description\" content=\"El Subdirector de Relaciones Comunitarias de la Zona Arqueol\u00f3gica Caral, magister Carlos Leyva Arroyo, particip\u00f3 en el conversatorio \u00abCaral: un viaje a trav\u00e9s de 5000 a\u00f1os de historia\u00bb, organizado por la asociaci\u00f3n internacional Nueva Acr\u00f3polis (NA), como parte de las acciones que realizan para la difusi\u00f3n, protecci\u00f3n y salvaguardia del patrimonio cultural, en el marco de su participaci\u00f3n en la estrategia nacional: Defensores del Patrimonio Cultural del Ministerio de Cultura del Per\u00fa.\" \/>\n<meta name=\"robots\" content=\"index, follow, max-snippet:-1, max-image-preview:large, max-video-preview:-1\" \/>\n<link rel=\"canonical\" href=\"https:\/\/zonacaral.gob.pe\/es\/noticias\/guiados-en-linea-por-el-museo-caral-transmitimos-los-valores-de-caral-a-colegios-a-nivel-nacional\/\" \/>\n<meta property=\"og:locale\" content=\"es_ES\" \/>\n<meta property=\"og:type\" content=\"article\" \/>\n<meta property=\"og:title\" content=\"GUIADOS EN L\u00cdNEA POR EL MUSEO CARAL: transmitimos los valores de Caral a colegios a nivel nacional\" \/>\n<meta property=\"og:description\" content=\"El Subdirector de Relaciones Comunitarias de la Zona Arqueol\u00f3gica Caral, magister Carlos Leyva Arroyo, particip\u00f3 en el conversatorio \u00abCaral: un viaje a trav\u00e9s de 5000 a\u00f1os de historia\u00bb, organizado por la asociaci\u00f3n internacional Nueva Acr\u00f3polis (NA), como parte de las acciones que realizan para la difusi\u00f3n, protecci\u00f3n y salvaguardia del patrimonio cultural, en el marco de su participaci\u00f3n en la estrategia nacional: Defensores del Patrimonio Cultural del Ministerio de Cultura del Per\u00fa.\" \/>\n<meta property=\"og:url\" content=\"https:\/\/zonacaral.gob.pe\/es\/noticias\/guiados-en-linea-por-el-museo-caral-transmitimos-los-valores-de-caral-a-colegios-a-nivel-nacional\/\" \/>\n<meta property=\"og:site_name\" content=\"Zona Caral\" \/>\n<meta property=\"article:published_time\" content=\"2023-10-13T22:01:07+00:00\" \/>\n<meta property=\"og:image\" content=\"https:\/\/zonacaral.gob.pe\/wp-content\/uploads\/2023\/10\/museo-caral.png\" \/>\n\t<meta property=\"og:image:width\" content=\"645\" \/>\n\t<meta property=\"og:image:height\" content=\"363\" \/>\n\t<meta property=\"og:image:type\" content=\"image\/png\" \/>\n<meta name=\"author\" content=\"Zona Caral Administrador\" \/>\n<meta name=\"twitter:card\" content=\"summary_large_image\" \/>\n<meta name=\"twitter:label1\" content=\"Written by\" \/>\n\t<meta name=\"twitter:data1\" content=\"Zona Caral Administrador\" \/>\n\t<meta name=\"twitter:label2\" content=\"Est. reading time\" \/>\n\t<meta name=\"twitter:data2\" content=\"3 minutos\" \/>\n<script type=\"application\/ld+json\" class=\"yoast-schema-graph\">{\"@context\":\"https:\\\/\\\/schema.org\",\"@graph\":[{\"@type\":\"Article\",\"@id\":\"https:\\\/\\\/zonacaral.gob.pe\\\/es\\\/noticias\\\/guiados-en-linea-por-el-museo-caral-transmitimos-los-valores-de-caral-a-colegios-a-nivel-nacional\\\/#article\",\"isPartOf\":{\"@id\":\"https:\\\/\\\/zonacaral.gob.pe\\\/es\\\/noticias\\\/guiados-en-linea-por-el-museo-caral-transmitimos-los-valores-de-caral-a-colegios-a-nivel-nacional\\\/\"},\"author\":{\"name\":\"Zona Caral Administrador\",\"@id\":\"https:\\\/\\\/zonacaral.gob.pe\\\/es\\\/#\\\/schema\\\/person\\\/beddb4d22f71a7230c5b90913270a0ee\"},\"headline\":\"GUIADOS EN L\u00cdNEA POR EL MUSEO CARAL: transmitimos los valores de Caral a colegios a nivel nacional\",\"datePublished\":\"2023-10-13T22:01:07+00:00\",\"mainEntityOfPage\":{\"@id\":\"https:\\\/\\\/zonacaral.gob.pe\\\/es\\\/noticias\\\/guiados-en-linea-por-el-museo-caral-transmitimos-los-valores-de-caral-a-colegios-a-nivel-nacional\\\/\"},\"wordCount\":542,\"image\":{\"@id\":\"https:\\\/\\\/zonacaral.gob.pe\\\/es\\\/noticias\\\/guiados-en-linea-por-el-museo-caral-transmitimos-los-valores-de-caral-a-colegios-a-nivel-nacional\\\/#primaryimage\"},\"thumbnailUrl\":\"https:\\\/\\\/zonacaral.gob.pe\\\/wp-content\\\/uploads\\\/2023\\\/10\\\/museo-caral.png\",\"keywords\":[\"caral\",\"Cultura\"],\"articleSection\":[\"noticias\"],\"inLanguage\":\"es-PE\"},{\"@type\":\"WebPage\",\"@id\":\"https:\\\/\\\/zonacaral.gob.pe\\\/es\\\/noticias\\\/guiados-en-linea-por-el-museo-caral-transmitimos-los-valores-de-caral-a-colegios-a-nivel-nacional\\\/\",\"url\":\"https:\\\/\\\/zonacaral.gob.pe\\\/es\\\/noticias\\\/guiados-en-linea-por-el-museo-caral-transmitimos-los-valores-de-caral-a-colegios-a-nivel-nacional\\\/\",\"name\":\"GUIADOS EN L\u00cdNEA POR EL MUSEO CARAL: transmitimos los valores de Caral a colegios a nivel nacional\",\"isPartOf\":{\"@id\":\"https:\\\/\\\/zonacaral.gob.pe\\\/es\\\/#website\"},\"primaryImageOfPage\":{\"@id\":\"https:\\\/\\\/zonacaral.gob.pe\\\/es\\\/noticias\\\/guiados-en-linea-por-el-museo-caral-transmitimos-los-valores-de-caral-a-colegios-a-nivel-nacional\\\/#primaryimage\"},\"image\":{\"@id\":\"https:\\\/\\\/zonacaral.gob.pe\\\/es\\\/noticias\\\/guiados-en-linea-por-el-museo-caral-transmitimos-los-valores-de-caral-a-colegios-a-nivel-nacional\\\/#primaryimage\"},\"thumbnailUrl\":\"https:\\\/\\\/zonacaral.gob.pe\\\/wp-content\\\/uploads\\\/2023\\\/10\\\/museo-caral.png\",\"datePublished\":\"2023-10-13T22:01:07+00:00\",\"author\":{\"@id\":\"https:\\\/\\\/zonacaral.gob.pe\\\/es\\\/#\\\/schema\\\/person\\\/beddb4d22f71a7230c5b90913270a0ee\"},\"description\":\"El Subdirector de Relaciones Comunitarias de la Zona Arqueol\u00f3gica Caral, magister Carlos Leyva Arroyo, particip\u00f3 en el conversatorio \u00abCaral: un viaje a trav\u00e9s de 5000 a\u00f1os de historia\u00bb, organizado por la asociaci\u00f3n internacional Nueva Acr\u00f3polis (NA), como parte de las acciones que realizan para la difusi\u00f3n, protecci\u00f3n y salvaguardia del patrimonio cultural, en el marco de su participaci\u00f3n en la estrategia nacional: Defensores del Patrimonio Cultural del Ministerio de Cultura del Per\u00fa.\",\"breadcrumb\":{\"@id\":\"https:\\\/\\\/zonacaral.gob.pe\\\/es\\\/noticias\\\/guiados-en-linea-por-el-museo-caral-transmitimos-los-valores-de-caral-a-colegios-a-nivel-nacional\\\/#breadcrumb\"},\"inLanguage\":\"es-PE\",\"potentialAction\":[{\"@type\":\"ReadAction\",\"target\":[\"https:\\\/\\\/zonacaral.gob.pe\\\/es\\\/noticias\\\/guiados-en-linea-por-el-museo-caral-transmitimos-los-valores-de-caral-a-colegios-a-nivel-nacional\\\/\"]}]},{\"@type\":\"ImageObject\",\"inLanguage\":\"es-PE\",\"@id\":\"https:\\\/\\\/zonacaral.gob.pe\\\/es\\\/noticias\\\/guiados-en-linea-por-el-museo-caral-transmitimos-los-valores-de-caral-a-colegios-a-nivel-nacional\\\/#primaryimage\",\"url\":\"https:\\\/\\\/zonacaral.gob.pe\\\/wp-content\\\/uploads\\\/2023\\\/10\\\/museo-caral.png\",\"contentUrl\":\"https:\\\/\\\/zonacaral.gob.pe\\\/wp-content\\\/uploads\\\/2023\\\/10\\\/museo-caral.png\",\"width\":645,\"height\":363},{\"@type\":\"BreadcrumbList\",\"@id\":\"https:\\\/\\\/zonacaral.gob.pe\\\/es\\\/noticias\\\/guiados-en-linea-por-el-museo-caral-transmitimos-los-valores-de-caral-a-colegios-a-nivel-nacional\\\/#breadcrumb\",\"itemListElement\":[{\"@type\":\"ListItem\",\"position\":1,\"name\":\"Portada\",\"item\":\"https:\\\/\\\/zonacaral.gob.pe\\\/\"},{\"@type\":\"ListItem\",\"position\":2,\"name\":\"GUIADOS EN L\u00cdNEA POR EL MUSEO CARAL: transmitimos los valores de Caral a colegios a nivel nacional\"}]},{\"@type\":\"WebSite\",\"@id\":\"https:\\\/\\\/zonacaral.gob.pe\\\/es\\\/#website\",\"url\":\"https:\\\/\\\/zonacaral.gob.pe\\\/es\\\/\",\"name\":\"Zona Caral\",\"description\":\"Investigamos, conservamos y difundimos el patrimonio cultural de la Civilizaci\u00f3n Caral, la m\u00e1s antigua de Am\u00e9rica.\",\"potentialAction\":[{\"@type\":\"SearchAction\",\"target\":{\"@type\":\"EntryPoint\",\"urlTemplate\":\"https:\\\/\\\/zonacaral.gob.pe\\\/es\\\/?s={search_term_string}\"},\"query-input\":{\"@type\":\"PropertyValueSpecification\",\"valueRequired\":true,\"valueName\":\"search_term_string\"}}],\"inLanguage\":\"es-PE\"},{\"@type\":\"Person\",\"@id\":\"https:\\\/\\\/zonacaral.gob.pe\\\/es\\\/#\\\/schema\\\/person\\\/beddb4d22f71a7230c5b90913270a0ee\",\"name\":\"Zona Caral Administrador\",\"image\":{\"@type\":\"ImageObject\",\"inLanguage\":\"es-PE\",\"@id\":\"https:\\\/\\\/secure.gravatar.com\\\/avatar\\\/e4be162918a696358376de6446614e0f0f4062bdc5d170d6d540ada3d8b58c12?s=96&d=mm&r=g\",\"url\":\"https:\\\/\\\/secure.gravatar.com\\\/avatar\\\/e4be162918a696358376de6446614e0f0f4062bdc5d170d6d540ada3d8b58c12?s=96&d=mm&r=g\",\"contentUrl\":\"https:\\\/\\\/secure.gravatar.com\\\/avatar\\\/e4be162918a696358376de6446614e0f0f4062bdc5d170d6d540ada3d8b58c12?s=96&d=mm&r=g\",\"caption\":\"Zona Caral Administrador\"},\"sameAs\":[\"https:\\\/\\\/zonacaral.gob.pe\"],\"url\":\"https:\\\/\\\/zonacaral.gob.pe\\\/es\\\/noticias\\\/author\\\/ad_zonacaral\\\/\"}]}<\/script>\n<!-- \/ Yoast SEO plugin. -->","yoast_head_json":{"title":"GUIADOS EN L\u00cdNEA POR EL MUSEO CARAL: transmitimos los valores de Caral a colegios a nivel nacional","description":"El Subdirector de Relaciones Comunitarias de la Zona Arqueol\u00f3gica Caral, magister Carlos Leyva Arroyo, particip\u00f3 en el conversatorio \u00abCaral: un viaje a trav\u00e9s de 5000 a\u00f1os de historia\u00bb, organizado por la asociaci\u00f3n internacional Nueva Acr\u00f3polis (NA), como parte de las acciones que realizan para la difusi\u00f3n, protecci\u00f3n y salvaguardia del patrimonio cultural, en el marco de su participaci\u00f3n en la estrategia nacional: Defensores del Patrimonio Cultural del Ministerio de Cultura del Per\u00fa.","robots":{"index":"index","follow":"follow","max-snippet":"max-snippet:-1","max-image-preview":"max-image-preview:large","max-video-preview":"max-video-preview:-1"},"canonical":"https:\/\/zonacaral.gob.pe\/es\/noticias\/guiados-en-linea-por-el-museo-caral-transmitimos-los-valores-de-caral-a-colegios-a-nivel-nacional\/","og_locale":"es_ES","og_type":"article","og_title":"GUIADOS EN L\u00cdNEA POR EL MUSEO CARAL: transmitimos los valores de Caral a colegios a nivel nacional","og_description":"El Subdirector de Relaciones Comunitarias de la Zona Arqueol\u00f3gica Caral, magister Carlos Leyva Arroyo, particip\u00f3 en el conversatorio \u00abCaral: un viaje a trav\u00e9s de 5000 a\u00f1os de historia\u00bb, organizado por la asociaci\u00f3n internacional Nueva Acr\u00f3polis (NA), como parte de las acciones que realizan para la difusi\u00f3n, protecci\u00f3n y salvaguardia del patrimonio cultural, en el marco de su participaci\u00f3n en la estrategia nacional: Defensores del Patrimonio Cultural del Ministerio de Cultura del Per\u00fa.","og_url":"https:\/\/zonacaral.gob.pe\/es\/noticias\/guiados-en-linea-por-el-museo-caral-transmitimos-los-valores-de-caral-a-colegios-a-nivel-nacional\/","og_site_name":"Zona Caral","article_published_time":"2023-10-13T22:01:07+00:00","og_image":[{"width":645,"height":363,"url":"https:\/\/zonacaral.gob.pe\/wp-content\/uploads\/2023\/10\/museo-caral.png","type":"image\/png"}],"author":"Zona Caral Administrador","twitter_card":"summary_large_image","twitter_misc":{"Written by":"Zona Caral Administrador","Est. reading time":"3 minutos"},"schema":{"@context":"https:\/\/schema.org","@graph":[{"@type":"Article","@id":"https:\/\/zonacaral.gob.pe\/es\/noticias\/guiados-en-linea-por-el-museo-caral-transmitimos-los-valores-de-caral-a-colegios-a-nivel-nacional\/#article","isPartOf":{"@id":"https:\/\/zonacaral.gob.pe\/es\/noticias\/guiados-en-linea-por-el-museo-caral-transmitimos-los-valores-de-caral-a-colegios-a-nivel-nacional\/"},"author":{"name":"Zona Caral Administrador","@id":"https:\/\/zonacaral.gob.pe\/es\/#\/schema\/person\/beddb4d22f71a7230c5b90913270a0ee"},"headline":"GUIADOS EN L\u00cdNEA POR EL MUSEO CARAL: transmitimos los valores de Caral a colegios a nivel nacional","datePublished":"2023-10-13T22:01:07+00:00","mainEntityOfPage":{"@id":"https:\/\/zonacaral.gob.pe\/es\/noticias\/guiados-en-linea-por-el-museo-caral-transmitimos-los-valores-de-caral-a-colegios-a-nivel-nacional\/"},"wordCount":542,"image":{"@id":"https:\/\/zonacaral.gob.pe\/es\/noticias\/guiados-en-linea-por-el-museo-caral-transmitimos-los-valores-de-caral-a-colegios-a-nivel-nacional\/#primaryimage"},"thumbnailUrl":"https:\/\/zonacaral.gob.pe\/wp-content\/uploads\/2023\/10\/museo-caral.png","keywords":["caral","Cultura"],"articleSection":["noticias"],"inLanguage":"es-PE"},{"@type":"WebPage","@id":"https:\/\/zonacaral.gob.pe\/es\/noticias\/guiados-en-linea-por-el-museo-caral-transmitimos-los-valores-de-caral-a-colegios-a-nivel-nacional\/","url":"https:\/\/zonacaral.gob.pe\/es\/noticias\/guiados-en-linea-por-el-museo-caral-transmitimos-los-valores-de-caral-a-colegios-a-nivel-nacional\/","name":"GUIADOS EN L\u00cdNEA POR EL MUSEO CARAL: transmitimos los valores de Caral a colegios a nivel nacional","isPartOf":{"@id":"https:\/\/zonacaral.gob.pe\/es\/#website"},"primaryImageOfPage":{"@id":"https:\/\/zonacaral.gob.pe\/es\/noticias\/guiados-en-linea-por-el-museo-caral-transmitimos-los-valores-de-caral-a-colegios-a-nivel-nacional\/#primaryimage"},"image":{"@id":"https:\/\/zonacaral.gob.pe\/es\/noticias\/guiados-en-linea-por-el-museo-caral-transmitimos-los-valores-de-caral-a-colegios-a-nivel-nacional\/#primaryimage"},"thumbnailUrl":"https:\/\/zonacaral.gob.pe\/wp-content\/uploads\/2023\/10\/museo-caral.png","datePublished":"2023-10-13T22:01:07+00:00","author":{"@id":"https:\/\/zonacaral.gob.pe\/es\/#\/schema\/person\/beddb4d22f71a7230c5b90913270a0ee"},"description":"El Subdirector de Relaciones Comunitarias de la Zona Arqueol\u00f3gica Caral, magister Carlos Leyva Arroyo, particip\u00f3 en el conversatorio \u00abCaral: un viaje a trav\u00e9s de 5000 a\u00f1os de historia\u00bb, organizado por la asociaci\u00f3n internacional Nueva Acr\u00f3polis (NA), como parte de las acciones que realizan para la difusi\u00f3n, protecci\u00f3n y salvaguardia del patrimonio cultural, en el marco de su participaci\u00f3n en la estrategia nacional: Defensores del Patrimonio Cultural del Ministerio de Cultura del Per\u00fa.","breadcrumb":{"@id":"https:\/\/zonacaral.gob.pe\/es\/noticias\/guiados-en-linea-por-el-museo-caral-transmitimos-los-valores-de-caral-a-colegios-a-nivel-nacional\/#breadcrumb"},"inLanguage":"es-PE","potentialAction":[{"@type":"ReadAction","target":["https:\/\/zonacaral.gob.pe\/es\/noticias\/guiados-en-linea-por-el-museo-caral-transmitimos-los-valores-de-caral-a-colegios-a-nivel-nacional\/"]}]},{"@type":"ImageObject","inLanguage":"es-PE","@id":"https:\/\/zonacaral.gob.pe\/es\/noticias\/guiados-en-linea-por-el-museo-caral-transmitimos-los-valores-de-caral-a-colegios-a-nivel-nacional\/#primaryimage","url":"https:\/\/zonacaral.gob.pe\/wp-content\/uploads\/2023\/10\/museo-caral.png","contentUrl":"https:\/\/zonacaral.gob.pe\/wp-content\/uploads\/2023\/10\/museo-caral.png","width":645,"height":363},{"@type":"BreadcrumbList","@id":"https:\/\/zonacaral.gob.pe\/es\/noticias\/guiados-en-linea-por-el-museo-caral-transmitimos-los-valores-de-caral-a-colegios-a-nivel-nacional\/#breadcrumb","itemListElement":[{"@type":"ListItem","position":1,"name":"Portada","item":"https:\/\/zonacaral.gob.pe\/"},{"@type":"ListItem","position":2,"name":"GUIADOS EN L\u00cdNEA POR EL MUSEO CARAL: transmitimos los valores de Caral a colegios a nivel nacional"}]},{"@type":"WebSite","@id":"https:\/\/zonacaral.gob.pe\/es\/#website","url":"https:\/\/zonacaral.gob.pe\/es\/","name":"Zona Caral","description":"Investigamos, conservamos y difundimos el patrimonio cultural de la Civilizaci\u00f3n Caral, la m\u00e1s antigua de Am\u00e9rica.","potentialAction":[{"@type":"SearchAction","target":{"@type":"EntryPoint","urlTemplate":"https:\/\/zonacaral.gob.pe\/es\/?s={search_term_string}"},"query-input":{"@type":"PropertyValueSpecification","valueRequired":true,"valueName":"search_term_string"}}],"inLanguage":"es-PE"},{"@type":"Person","@id":"https:\/\/zonacaral.gob.pe\/es\/#\/schema\/person\/beddb4d22f71a7230c5b90913270a0ee","name":"Zona Caral Administrador","image":{"@type":"ImageObject","inLanguage":"es-PE","@id":"https:\/\/secure.gravatar.com\/avatar\/e4be162918a696358376de6446614e0f0f4062bdc5d170d6d540ada3d8b58c12?s=96&d=mm&r=g","url":"https:\/\/secure.gravatar.com\/avatar\/e4be162918a696358376de6446614e0f0f4062bdc5d170d6d540ada3d8b58c12?s=96&d=mm&r=g","contentUrl":"https:\/\/secure.gravatar.com\/avatar\/e4be162918a696358376de6446614e0f0f4062bdc5d170d6d540ada3d8b58c12?s=96&d=mm&r=g","caption":"Zona Caral Administrador"},"sameAs":["https:\/\/zonacaral.gob.pe"],"url":"https:\/\/zonacaral.gob.pe\/es\/noticias\/author\/ad_zonacaral\/"}]}},"_links":{"self":[{"href":"https:\/\/zonacaral.gob.pe\/es\/wp-json\/wp\/v2\/posts\/17142","targetHints":{"allow":["GET"]}}],"collection":[{"href":"https:\/\/zonacaral.gob.pe\/es\/wp-json\/wp\/v2\/posts"}],"about":[{"href":"https:\/\/zonacaral.gob.pe\/es\/wp-json\/wp\/v2\/types\/post"}],"author":[{"embeddable":true,"href":"https:\/\/zonacaral.gob.pe\/es\/wp-json\/wp\/v2\/users\/1"}],"replies":[{"embeddable":true,"href":"https:\/\/zonacaral.gob.pe\/es\/wp-json\/wp\/v2\/comments?post=17142"}],"version-history":[{"count":0,"href":"https:\/\/zonacaral.gob.pe\/es\/wp-json\/wp\/v2\/posts\/17142\/revisions"}],"wp:featuredmedia":[{"embeddable":true,"href":"https:\/\/zonacaral.gob.pe\/es\/wp-json\/wp\/v2\/media\/17144"}],"wp:attachment":[{"href":"https:\/\/zonacaral.gob.pe\/es\/wp-json\/wp\/v2\/media?parent=17142"}],"wp:term":[{"taxonomy":"category","embeddable":true,"href":"https:\/\/zonacaral.gob.pe\/es\/wp-json\/wp\/v2\/categories?post=17142"},{"taxonomy":"post_tag","embeddable":true,"href":"https:\/\/zonacaral.gob.pe\/es\/wp-json\/wp\/v2\/tags?post=17142"}],"curies":[{"name":"wp","href":"https:\/\/api.w.org\/{rel}","templated":true}]}}