{"id":17150,"date":"2023-10-17T11:51:26","date_gmt":"2023-10-17T16:51:26","guid":{"rendered":"https:\/\/www.zonacaral.gob.pe\/?p=17150"},"modified":"2023-10-17T11:51:26","modified_gmt":"2023-10-17T16:51:26","slug":"caral-presente-en-programa-lo-mejor-de-nosotros-de-tv-peru","status":"publish","type":"post","link":"https:\/\/zonacaral.gob.pe\/es\/noticias\/caral-presente-en-programa-lo-mejor-de-nosotros-de-tv-peru\/","title":{"rendered":"Caral presente en programa \u201cLO MEJOR DE NOSOTROS\u201d de TV PER\u00da"},"content":{"rendered":"<figure class=\"pic-autor\" style=\"color: #4d4d4d; text-align: justify;\"><\/figure>\n<div class=\"gmail_default\" style=\"text-align: justify;\">\n<blockquote>\n<p><i><span style=\"font-weight: 400;\">Difusi\u00f3n del patrimonio cultural a nivel nacional.<\/span><\/i><\/p>\n<\/blockquote>\n<p><span style=\"font-weight: 400;\">En la primera edici\u00f3n del programa <\/span><span style=\"font-weight: 400;\">\u00ab<\/span><span style=\"font-weight: 400;\">Lo Mejor de Nosotros<\/span><span style=\"font-weight: 400;\">\u00bb<\/span><span style=\"font-weight: 400;\">, emitido por TV Per\u00fa, y conducido por el actor Gonzalo Torres, se difundi\u00f3 la importancia de la civilizaci\u00f3n Caral, a trav\u00e9s de una entrevista que fue realizada a la doctora Ruth Shady Sol\u00eds, directora de la <\/span><a href=\"https:\/\/www.instagram.com\/caralperu\/?hl=es\"><span style=\"font-weight: 400;\">Zona Arqueol\u00f3gica Caral<\/span><\/a><span style=\"font-weight: 400;\"> (ZAC), Unidad Ejecutora 003 del Ministerio de Cultura.<\/span><\/p>\n<p><span style=\"font-weight: 400;\">En esta entrevista la principal investigadora de la ZAC, sostuvo que \u201cla civilizaci\u00f3n Caral debe ser un orgullo para todas las poblaciones de Am\u00e9rica, pues demuestra que en el continente americano tambi\u00e9n tuvimos las mismas condiciones humanas para crear una civilizaci\u00f3n, igual de importante que las del viejo mundo\u201d.<\/span><\/p>\n<p><span style=\"font-weight: 400;\">Por su parte, el conductor del programa, adem\u00e1s de resaltar el valor de Caral, sostuvo que la doctora Shady Sol\u00eds \u201ces un orgullo para el Per\u00fa por todo su trabajo, por todo lo valioso que nos aport\u00f3, por darnos a conocer una civilizaci\u00f3n, con tanta inteligencia para generar una civilizaci\u00f3n, que requiri\u00f3 una gran administraci\u00f3n\u201d.<\/span><\/p>\n<p><span style=\"font-weight: 400;\">Durante el programa se dio a conocer la herencia cultural andina, legado de miles de a\u00f1os, los cuales podemos conocer y poner en valor en la actualidad. Se dio a conocer el trabajo arqueol\u00f3gico y de qu\u00e9 manera se puede contribuir a proteger nuestro patrimonio cultural.<\/span><\/p>\n<p><span style=\"font-weight: 400;\">Al finalizar, se present\u00f3 una maqueta del Edificio Piramidal Mayor de la Ciudad Sagrada de Caral, Patrimonio Mundial. En ella mostraron las dimensiones, la capacidad constructiva, antis\u00edsmica, entre otros aspectos que nos permiten poder apreciarlo en la actualidad.<\/span><\/p>\n<p><b>DATO<\/b><\/p>\n<p><span style=\"font-weight: 400;\">El programa cont\u00f3 con la participaci\u00f3n de la arque\u00f3loga Carito Tavera, directora del Instituto Peruano de Estudios Arqueol\u00f3gicos, y del arque\u00f3logo Juan Pablo Villanueva, investigador principal del Proyecto de Investigaci\u00f3n Arqueol\u00f3gica (PIA) Pacopampa.<\/span><\/p>\n<p><span style=\"font-weight: 400;\">Puedes ver el programa completo aqu\u00ed:<\/span><\/p>\n<p><a href=\"https:\/\/web.facebook.com\/TVPeruOficial\/videos\/1270202403663573\"><span style=\"font-weight: 400;\">https:\/\/web.facebook.com\/TVPeruOficial\/videos\/1270202403663573<\/span><\/a><\/p>\n<p><strong style=\"font-size: inherit; text-align: justify;\">Fuente: Comunicaci\u00f3n e Imagen Institucional ZAC<\/strong><\/p>\n<\/div>\n<div style=\"color: #1f1f1f;\">\n<div style=\"color: #1f1f1f;\">\n<p style=\"text-align: justify;\">Fecha de publicaci\u00f3n: 17\/10\/2023<\/p>\n<\/div>\n<\/div>\n\n\n<p><\/p>\n","protected":false},"excerpt":{"rendered":"<p>Difusi\u00f3n del patrimonio cultural a nivel nacional. En la primera edici\u00f3n del programa \u00abLo Mejor de Nosotros\u00bb, emitido por TV [&hellip;]<\/p>\n","protected":false},"author":1,"featured_media":17151,"comment_status":"closed","ping_status":"open","sticky":false,"template":"","format":"standard","meta":{"_acf_changed":false,"site-sidebar-layout":"default","site-content-layout":"","ast-site-content-layout":"default","site-content-style":"default","site-sidebar-style":"default","ast-global-header-display":"","ast-banner-title-visibility":"","ast-main-header-display":"","ast-hfb-above-header-display":"","ast-hfb-below-header-display":"","ast-hfb-mobile-header-display":"","site-post-title":"","ast-breadcrumbs-content":"","ast-featured-img":"","footer-sml-layout":"","ast-disable-related-posts":"","theme-transparent-header-meta":"","adv-header-id-meta":"","stick-header-meta":"","header-above-stick-meta":"","header-main-stick-meta":"","header-below-stick-meta":"","astra-migrate-meta-layouts":"default","ast-page-background-enabled":"default","ast-page-background-meta":{"desktop":{"background-color":"var(--ast-global-color-5)","background-image":"","background-repeat":"repeat","background-position":"center center","background-size":"auto","background-attachment":"scroll","background-type":"","background-media":"","overlay-type":"","overlay-color":"","overlay-opacity":"","overlay-gradient":""},"tablet":{"background-color":"","background-image":"","background-repeat":"repeat","background-position":"center center","background-size":"auto","background-attachment":"scroll","background-type":"","background-media":"","overlay-type":"","overlay-color":"","overlay-opacity":"","overlay-gradient":""},"mobile":{"background-color":"","background-image":"","background-repeat":"repeat","background-position":"center center","background-size":"auto","background-attachment":"scroll","background-type":"","background-media":"","overlay-type":"","overlay-color":"","overlay-opacity":"","overlay-gradient":""}},"ast-content-background-meta":{"desktop":{"background-color":"var(--ast-global-color-4)","background-image":"","background-repeat":"repeat","background-position":"center center","background-size":"auto","background-attachment":"scroll","background-type":"","background-media":"","overlay-type":"","overlay-color":"","overlay-opacity":"","overlay-gradient":""},"tablet":{"background-color":"var(--ast-global-color-4)","background-image":"","background-repeat":"repeat","background-position":"center center","background-size":"auto","background-attachment":"scroll","background-type":"","background-media":"","overlay-type":"","overlay-color":"","overlay-opacity":"","overlay-gradient":""},"mobile":{"background-color":"var(--ast-global-color-4)","background-image":"","background-repeat":"repeat","background-position":"center center","background-size":"auto","background-attachment":"scroll","background-type":"","background-media":"","overlay-type":"","overlay-color":"","overlay-opacity":"","overlay-gradient":""}},"footnotes":""},"categories":[208],"tags":[55,72],"class_list":["post-17150","post","type-post","status-publish","format-standard","has-post-thumbnail","hentry","category-noticias","tag-caral","tag-cultura"],"acf":[],"yoast_head":"<!-- This site is optimized with the Yoast SEO plugin v27.3 - https:\/\/yoast.com\/product\/yoast-seo-wordpress\/ -->\n<title>Caral presente en programa \u201cLO MEJOR DE NOSOTROS\u201d de TV PER\u00da<\/title>\n<meta name=\"description\" content=\"En la primera edici\u00f3n del programa \u00abLo Mejor de Nosotros\u00bb, emitido por TV Per\u00fa, y conducido por el actor Gonzalo Torres, se difundi\u00f3 la importancia de la civilizaci\u00f3n Caral, a trav\u00e9s de una entrevista que fue realizada a la doctora Ruth Shady Sol\u00eds, directora de la Zona Arqueol\u00f3gica Caral (ZAC), Unidad Ejecutora 003 del Ministerio de Cultura.El Subdirector de Relaciones Comunitarias de la Zona Arqueol\u00f3gica Caral, magister Carlos Leyva Arroyo, particip\u00f3 en el conversatorio \u00abCaral: un viaje a trav\u00e9s de 5000 a\u00f1os de historia\u00bb, organizado por la asociaci\u00f3n internacional Nueva Acr\u00f3polis (NA), como parte de las acciones que realizan para la difusi\u00f3n, protecci\u00f3n y salvaguardia del patrimonio cultural, en el marco de su participaci\u00f3n en la estrategia nacional: Defensores del Patrimonio Cultural del Ministerio de Cultura del Per\u00fa.\" \/>\n<meta name=\"robots\" content=\"index, follow, max-snippet:-1, max-image-preview:large, max-video-preview:-1\" \/>\n<link rel=\"canonical\" href=\"https:\/\/zonacaral.gob.pe\/es\/noticias\/caral-presente-en-programa-lo-mejor-de-nosotros-de-tv-peru\/\" \/>\n<meta property=\"og:locale\" content=\"es_ES\" \/>\n<meta property=\"og:type\" content=\"article\" \/>\n<meta property=\"og:title\" content=\"Caral presente en programa \u201cLO MEJOR DE NOSOTROS\u201d de TV PER\u00da\" \/>\n<meta property=\"og:description\" content=\"En la primera edici\u00f3n del programa \u00abLo Mejor de Nosotros\u00bb, emitido por TV Per\u00fa, y conducido por el actor Gonzalo Torres, se difundi\u00f3 la importancia de la civilizaci\u00f3n Caral, a trav\u00e9s de una entrevista que fue realizada a la doctora Ruth Shady Sol\u00eds, directora de la Zona Arqueol\u00f3gica Caral (ZAC), Unidad Ejecutora 003 del Ministerio de Cultura.El Subdirector de Relaciones Comunitarias de la Zona Arqueol\u00f3gica Caral, magister Carlos Leyva Arroyo, particip\u00f3 en el conversatorio \u00abCaral: un viaje a trav\u00e9s de 5000 a\u00f1os de historia\u00bb, organizado por la asociaci\u00f3n internacional Nueva Acr\u00f3polis (NA), como parte de las acciones que realizan para la difusi\u00f3n, protecci\u00f3n y salvaguardia del patrimonio cultural, en el marco de su participaci\u00f3n en la estrategia nacional: Defensores del Patrimonio Cultural del Ministerio de Cultura del Per\u00fa.\" \/>\n<meta property=\"og:url\" content=\"https:\/\/zonacaral.gob.pe\/es\/noticias\/caral-presente-en-programa-lo-mejor-de-nosotros-de-tv-peru\/\" \/>\n<meta property=\"og:site_name\" content=\"Zona Caral\" \/>\n<meta property=\"article:published_time\" content=\"2023-10-17T16:51:26+00:00\" \/>\n<meta property=\"og:image\" content=\"https:\/\/zonacaral.gob.pe\/wp-content\/uploads\/2023\/10\/tv-peru-1.png\" \/>\n\t<meta property=\"og:image:width\" content=\"1000\" \/>\n\t<meta property=\"og:image:height\" content=\"600\" \/>\n\t<meta property=\"og:image:type\" content=\"image\/png\" \/>\n<meta name=\"author\" content=\"Zona Caral Administrador\" \/>\n<meta name=\"twitter:card\" content=\"summary_large_image\" \/>\n<meta name=\"twitter:label1\" content=\"Written by\" \/>\n\t<meta name=\"twitter:data1\" content=\"Zona Caral Administrador\" \/>\n\t<meta name=\"twitter:label2\" content=\"Est. reading time\" \/>\n\t<meta name=\"twitter:data2\" content=\"2 minutos\" \/>\n<script type=\"application\/ld+json\" class=\"yoast-schema-graph\">{\"@context\":\"https:\\\/\\\/schema.org\",\"@graph\":[{\"@type\":\"Article\",\"@id\":\"https:\\\/\\\/zonacaral.gob.pe\\\/es\\\/noticias\\\/caral-presente-en-programa-lo-mejor-de-nosotros-de-tv-peru\\\/#article\",\"isPartOf\":{\"@id\":\"https:\\\/\\\/zonacaral.gob.pe\\\/es\\\/noticias\\\/caral-presente-en-programa-lo-mejor-de-nosotros-de-tv-peru\\\/\"},\"author\":{\"name\":\"Zona Caral Administrador\",\"@id\":\"https:\\\/\\\/zonacaral.gob.pe\\\/es\\\/#\\\/schema\\\/person\\\/beddb4d22f71a7230c5b90913270a0ee\"},\"headline\":\"Caral presente en programa \u201cLO MEJOR DE NOSOTROS\u201d de TV PER\u00da\",\"datePublished\":\"2023-10-17T16:51:26+00:00\",\"mainEntityOfPage\":{\"@id\":\"https:\\\/\\\/zonacaral.gob.pe\\\/es\\\/noticias\\\/caral-presente-en-programa-lo-mejor-de-nosotros-de-tv-peru\\\/\"},\"wordCount\":343,\"image\":{\"@id\":\"https:\\\/\\\/zonacaral.gob.pe\\\/es\\\/noticias\\\/caral-presente-en-programa-lo-mejor-de-nosotros-de-tv-peru\\\/#primaryimage\"},\"thumbnailUrl\":\"https:\\\/\\\/zonacaral.gob.pe\\\/wp-content\\\/uploads\\\/2023\\\/10\\\/tv-peru-1.png\",\"keywords\":[\"caral\",\"Cultura\"],\"articleSection\":[\"noticias\"],\"inLanguage\":\"es-PE\"},{\"@type\":\"WebPage\",\"@id\":\"https:\\\/\\\/zonacaral.gob.pe\\\/es\\\/noticias\\\/caral-presente-en-programa-lo-mejor-de-nosotros-de-tv-peru\\\/\",\"url\":\"https:\\\/\\\/zonacaral.gob.pe\\\/es\\\/noticias\\\/caral-presente-en-programa-lo-mejor-de-nosotros-de-tv-peru\\\/\",\"name\":\"Caral presente en programa \u201cLO MEJOR DE NOSOTROS\u201d de TV PER\u00da\",\"isPartOf\":{\"@id\":\"https:\\\/\\\/zonacaral.gob.pe\\\/es\\\/#website\"},\"primaryImageOfPage\":{\"@id\":\"https:\\\/\\\/zonacaral.gob.pe\\\/es\\\/noticias\\\/caral-presente-en-programa-lo-mejor-de-nosotros-de-tv-peru\\\/#primaryimage\"},\"image\":{\"@id\":\"https:\\\/\\\/zonacaral.gob.pe\\\/es\\\/noticias\\\/caral-presente-en-programa-lo-mejor-de-nosotros-de-tv-peru\\\/#primaryimage\"},\"thumbnailUrl\":\"https:\\\/\\\/zonacaral.gob.pe\\\/wp-content\\\/uploads\\\/2023\\\/10\\\/tv-peru-1.png\",\"datePublished\":\"2023-10-17T16:51:26+00:00\",\"author\":{\"@id\":\"https:\\\/\\\/zonacaral.gob.pe\\\/es\\\/#\\\/schema\\\/person\\\/beddb4d22f71a7230c5b90913270a0ee\"},\"description\":\"En la primera edici\u00f3n del programa \u00abLo Mejor de Nosotros\u00bb, emitido por TV Per\u00fa, y conducido por el actor Gonzalo Torres, se difundi\u00f3 la importancia de la civilizaci\u00f3n Caral, a trav\u00e9s de una entrevista que fue realizada a la doctora Ruth Shady Sol\u00eds, directora de la Zona Arqueol\u00f3gica Caral (ZAC), Unidad Ejecutora 003 del Ministerio de Cultura.El Subdirector de Relaciones Comunitarias de la Zona Arqueol\u00f3gica Caral, magister Carlos Leyva Arroyo, particip\u00f3 en el conversatorio \u00abCaral: un viaje a trav\u00e9s de 5000 a\u00f1os de historia\u00bb, organizado por la asociaci\u00f3n internacional Nueva Acr\u00f3polis (NA), como parte de las acciones que realizan para la difusi\u00f3n, protecci\u00f3n y salvaguardia del patrimonio cultural, en el marco de su participaci\u00f3n en la estrategia nacional: Defensores del Patrimonio Cultural del Ministerio de Cultura del Per\u00fa.\",\"breadcrumb\":{\"@id\":\"https:\\\/\\\/zonacaral.gob.pe\\\/es\\\/noticias\\\/caral-presente-en-programa-lo-mejor-de-nosotros-de-tv-peru\\\/#breadcrumb\"},\"inLanguage\":\"es-PE\",\"potentialAction\":[{\"@type\":\"ReadAction\",\"target\":[\"https:\\\/\\\/zonacaral.gob.pe\\\/es\\\/noticias\\\/caral-presente-en-programa-lo-mejor-de-nosotros-de-tv-peru\\\/\"]}]},{\"@type\":\"ImageObject\",\"inLanguage\":\"es-PE\",\"@id\":\"https:\\\/\\\/zonacaral.gob.pe\\\/es\\\/noticias\\\/caral-presente-en-programa-lo-mejor-de-nosotros-de-tv-peru\\\/#primaryimage\",\"url\":\"https:\\\/\\\/zonacaral.gob.pe\\\/wp-content\\\/uploads\\\/2023\\\/10\\\/tv-peru-1.png\",\"contentUrl\":\"https:\\\/\\\/zonacaral.gob.pe\\\/wp-content\\\/uploads\\\/2023\\\/10\\\/tv-peru-1.png\",\"width\":1000,\"height\":600},{\"@type\":\"BreadcrumbList\",\"@id\":\"https:\\\/\\\/zonacaral.gob.pe\\\/es\\\/noticias\\\/caral-presente-en-programa-lo-mejor-de-nosotros-de-tv-peru\\\/#breadcrumb\",\"itemListElement\":[{\"@type\":\"ListItem\",\"position\":1,\"name\":\"Portada\",\"item\":\"https:\\\/\\\/zonacaral.gob.pe\\\/\"},{\"@type\":\"ListItem\",\"position\":2,\"name\":\"Caral presente en programa \u201cLO MEJOR DE NOSOTROS\u201d de TV PER\u00da\"}]},{\"@type\":\"WebSite\",\"@id\":\"https:\\\/\\\/zonacaral.gob.pe\\\/es\\\/#website\",\"url\":\"https:\\\/\\\/zonacaral.gob.pe\\\/es\\\/\",\"name\":\"Zona Caral\",\"description\":\"Investigamos, conservamos y difundimos el patrimonio cultural de la Civilizaci\u00f3n Caral, la m\u00e1s antigua de Am\u00e9rica.\",\"potentialAction\":[{\"@type\":\"SearchAction\",\"target\":{\"@type\":\"EntryPoint\",\"urlTemplate\":\"https:\\\/\\\/zonacaral.gob.pe\\\/es\\\/?s={search_term_string}\"},\"query-input\":{\"@type\":\"PropertyValueSpecification\",\"valueRequired\":true,\"valueName\":\"search_term_string\"}}],\"inLanguage\":\"es-PE\"},{\"@type\":\"Person\",\"@id\":\"https:\\\/\\\/zonacaral.gob.pe\\\/es\\\/#\\\/schema\\\/person\\\/beddb4d22f71a7230c5b90913270a0ee\",\"name\":\"Zona Caral Administrador\",\"image\":{\"@type\":\"ImageObject\",\"inLanguage\":\"es-PE\",\"@id\":\"https:\\\/\\\/secure.gravatar.com\\\/avatar\\\/e4be162918a696358376de6446614e0f0f4062bdc5d170d6d540ada3d8b58c12?s=96&d=mm&r=g\",\"url\":\"https:\\\/\\\/secure.gravatar.com\\\/avatar\\\/e4be162918a696358376de6446614e0f0f4062bdc5d170d6d540ada3d8b58c12?s=96&d=mm&r=g\",\"contentUrl\":\"https:\\\/\\\/secure.gravatar.com\\\/avatar\\\/e4be162918a696358376de6446614e0f0f4062bdc5d170d6d540ada3d8b58c12?s=96&d=mm&r=g\",\"caption\":\"Zona Caral Administrador\"},\"sameAs\":[\"https:\\\/\\\/zonacaral.gob.pe\"],\"url\":\"https:\\\/\\\/zonacaral.gob.pe\\\/es\\\/noticias\\\/author\\\/ad_zonacaral\\\/\"}]}<\/script>\n<!-- \/ Yoast SEO plugin. -->","yoast_head_json":{"title":"Caral presente en programa \u201cLO MEJOR DE NOSOTROS\u201d de TV PER\u00da","description":"En la primera edici\u00f3n del programa \u00abLo Mejor de Nosotros\u00bb, emitido por TV Per\u00fa, y conducido por el actor Gonzalo Torres, se difundi\u00f3 la importancia de la civilizaci\u00f3n Caral, a trav\u00e9s de una entrevista que fue realizada a la doctora Ruth Shady Sol\u00eds, directora de la Zona Arqueol\u00f3gica Caral (ZAC), Unidad Ejecutora 003 del Ministerio de Cultura.El Subdirector de Relaciones Comunitarias de la Zona Arqueol\u00f3gica Caral, magister Carlos Leyva Arroyo, particip\u00f3 en el conversatorio \u00abCaral: un viaje a trav\u00e9s de 5000 a\u00f1os de historia\u00bb, organizado por la asociaci\u00f3n internacional Nueva Acr\u00f3polis (NA), como parte de las acciones que realizan para la difusi\u00f3n, protecci\u00f3n y salvaguardia del patrimonio cultural, en el marco de su participaci\u00f3n en la estrategia nacional: Defensores del Patrimonio Cultural del Ministerio de Cultura del Per\u00fa.","robots":{"index":"index","follow":"follow","max-snippet":"max-snippet:-1","max-image-preview":"max-image-preview:large","max-video-preview":"max-video-preview:-1"},"canonical":"https:\/\/zonacaral.gob.pe\/es\/noticias\/caral-presente-en-programa-lo-mejor-de-nosotros-de-tv-peru\/","og_locale":"es_ES","og_type":"article","og_title":"Caral presente en programa \u201cLO MEJOR DE NOSOTROS\u201d de TV PER\u00da","og_description":"En la primera edici\u00f3n del programa \u00abLo Mejor de Nosotros\u00bb, emitido por TV Per\u00fa, y conducido por el actor Gonzalo Torres, se difundi\u00f3 la importancia de la civilizaci\u00f3n Caral, a trav\u00e9s de una entrevista que fue realizada a la doctora Ruth Shady Sol\u00eds, directora de la Zona Arqueol\u00f3gica Caral (ZAC), Unidad Ejecutora 003 del Ministerio de Cultura.El Subdirector de Relaciones Comunitarias de la Zona Arqueol\u00f3gica Caral, magister Carlos Leyva Arroyo, particip\u00f3 en el conversatorio \u00abCaral: un viaje a trav\u00e9s de 5000 a\u00f1os de historia\u00bb, organizado por la asociaci\u00f3n internacional Nueva Acr\u00f3polis (NA), como parte de las acciones que realizan para la difusi\u00f3n, protecci\u00f3n y salvaguardia del patrimonio cultural, en el marco de su participaci\u00f3n en la estrategia nacional: Defensores del Patrimonio Cultural del Ministerio de Cultura del Per\u00fa.","og_url":"https:\/\/zonacaral.gob.pe\/es\/noticias\/caral-presente-en-programa-lo-mejor-de-nosotros-de-tv-peru\/","og_site_name":"Zona Caral","article_published_time":"2023-10-17T16:51:26+00:00","og_image":[{"width":1000,"height":600,"url":"https:\/\/zonacaral.gob.pe\/wp-content\/uploads\/2023\/10\/tv-peru-1.png","type":"image\/png"}],"author":"Zona Caral Administrador","twitter_card":"summary_large_image","twitter_misc":{"Written by":"Zona Caral Administrador","Est. reading time":"2 minutos"},"schema":{"@context":"https:\/\/schema.org","@graph":[{"@type":"Article","@id":"https:\/\/zonacaral.gob.pe\/es\/noticias\/caral-presente-en-programa-lo-mejor-de-nosotros-de-tv-peru\/#article","isPartOf":{"@id":"https:\/\/zonacaral.gob.pe\/es\/noticias\/caral-presente-en-programa-lo-mejor-de-nosotros-de-tv-peru\/"},"author":{"name":"Zona Caral Administrador","@id":"https:\/\/zonacaral.gob.pe\/es\/#\/schema\/person\/beddb4d22f71a7230c5b90913270a0ee"},"headline":"Caral presente en programa \u201cLO MEJOR DE NOSOTROS\u201d de TV PER\u00da","datePublished":"2023-10-17T16:51:26+00:00","mainEntityOfPage":{"@id":"https:\/\/zonacaral.gob.pe\/es\/noticias\/caral-presente-en-programa-lo-mejor-de-nosotros-de-tv-peru\/"},"wordCount":343,"image":{"@id":"https:\/\/zonacaral.gob.pe\/es\/noticias\/caral-presente-en-programa-lo-mejor-de-nosotros-de-tv-peru\/#primaryimage"},"thumbnailUrl":"https:\/\/zonacaral.gob.pe\/wp-content\/uploads\/2023\/10\/tv-peru-1.png","keywords":["caral","Cultura"],"articleSection":["noticias"],"inLanguage":"es-PE"},{"@type":"WebPage","@id":"https:\/\/zonacaral.gob.pe\/es\/noticias\/caral-presente-en-programa-lo-mejor-de-nosotros-de-tv-peru\/","url":"https:\/\/zonacaral.gob.pe\/es\/noticias\/caral-presente-en-programa-lo-mejor-de-nosotros-de-tv-peru\/","name":"Caral presente en programa \u201cLO MEJOR DE NOSOTROS\u201d de TV PER\u00da","isPartOf":{"@id":"https:\/\/zonacaral.gob.pe\/es\/#website"},"primaryImageOfPage":{"@id":"https:\/\/zonacaral.gob.pe\/es\/noticias\/caral-presente-en-programa-lo-mejor-de-nosotros-de-tv-peru\/#primaryimage"},"image":{"@id":"https:\/\/zonacaral.gob.pe\/es\/noticias\/caral-presente-en-programa-lo-mejor-de-nosotros-de-tv-peru\/#primaryimage"},"thumbnailUrl":"https:\/\/zonacaral.gob.pe\/wp-content\/uploads\/2023\/10\/tv-peru-1.png","datePublished":"2023-10-17T16:51:26+00:00","author":{"@id":"https:\/\/zonacaral.gob.pe\/es\/#\/schema\/person\/beddb4d22f71a7230c5b90913270a0ee"},"description":"En la primera edici\u00f3n del programa \u00abLo Mejor de Nosotros\u00bb, emitido por TV Per\u00fa, y conducido por el actor Gonzalo Torres, se difundi\u00f3 la importancia de la civilizaci\u00f3n Caral, a trav\u00e9s de una entrevista que fue realizada a la doctora Ruth Shady Sol\u00eds, directora de la Zona Arqueol\u00f3gica Caral (ZAC), Unidad Ejecutora 003 del Ministerio de Cultura.El Subdirector de Relaciones Comunitarias de la Zona Arqueol\u00f3gica Caral, magister Carlos Leyva Arroyo, particip\u00f3 en el conversatorio \u00abCaral: un viaje a trav\u00e9s de 5000 a\u00f1os de historia\u00bb, organizado por la asociaci\u00f3n internacional Nueva Acr\u00f3polis (NA), como parte de las acciones que realizan para la difusi\u00f3n, protecci\u00f3n y salvaguardia del patrimonio cultural, en el marco de su participaci\u00f3n en la estrategia nacional: Defensores del Patrimonio Cultural del Ministerio de Cultura del Per\u00fa.","breadcrumb":{"@id":"https:\/\/zonacaral.gob.pe\/es\/noticias\/caral-presente-en-programa-lo-mejor-de-nosotros-de-tv-peru\/#breadcrumb"},"inLanguage":"es-PE","potentialAction":[{"@type":"ReadAction","target":["https:\/\/zonacaral.gob.pe\/es\/noticias\/caral-presente-en-programa-lo-mejor-de-nosotros-de-tv-peru\/"]}]},{"@type":"ImageObject","inLanguage":"es-PE","@id":"https:\/\/zonacaral.gob.pe\/es\/noticias\/caral-presente-en-programa-lo-mejor-de-nosotros-de-tv-peru\/#primaryimage","url":"https:\/\/zonacaral.gob.pe\/wp-content\/uploads\/2023\/10\/tv-peru-1.png","contentUrl":"https:\/\/zonacaral.gob.pe\/wp-content\/uploads\/2023\/10\/tv-peru-1.png","width":1000,"height":600},{"@type":"BreadcrumbList","@id":"https:\/\/zonacaral.gob.pe\/es\/noticias\/caral-presente-en-programa-lo-mejor-de-nosotros-de-tv-peru\/#breadcrumb","itemListElement":[{"@type":"ListItem","position":1,"name":"Portada","item":"https:\/\/zonacaral.gob.pe\/"},{"@type":"ListItem","position":2,"name":"Caral presente en programa \u201cLO MEJOR DE NOSOTROS\u201d de TV PER\u00da"}]},{"@type":"WebSite","@id":"https:\/\/zonacaral.gob.pe\/es\/#website","url":"https:\/\/zonacaral.gob.pe\/es\/","name":"Zona Caral","description":"Investigamos, conservamos y difundimos el patrimonio cultural de la Civilizaci\u00f3n Caral, la m\u00e1s antigua de Am\u00e9rica.","potentialAction":[{"@type":"SearchAction","target":{"@type":"EntryPoint","urlTemplate":"https:\/\/zonacaral.gob.pe\/es\/?s={search_term_string}"},"query-input":{"@type":"PropertyValueSpecification","valueRequired":true,"valueName":"search_term_string"}}],"inLanguage":"es-PE"},{"@type":"Person","@id":"https:\/\/zonacaral.gob.pe\/es\/#\/schema\/person\/beddb4d22f71a7230c5b90913270a0ee","name":"Zona Caral Administrador","image":{"@type":"ImageObject","inLanguage":"es-PE","@id":"https:\/\/secure.gravatar.com\/avatar\/e4be162918a696358376de6446614e0f0f4062bdc5d170d6d540ada3d8b58c12?s=96&d=mm&r=g","url":"https:\/\/secure.gravatar.com\/avatar\/e4be162918a696358376de6446614e0f0f4062bdc5d170d6d540ada3d8b58c12?s=96&d=mm&r=g","contentUrl":"https:\/\/secure.gravatar.com\/avatar\/e4be162918a696358376de6446614e0f0f4062bdc5d170d6d540ada3d8b58c12?s=96&d=mm&r=g","caption":"Zona Caral Administrador"},"sameAs":["https:\/\/zonacaral.gob.pe"],"url":"https:\/\/zonacaral.gob.pe\/es\/noticias\/author\/ad_zonacaral\/"}]}},"_links":{"self":[{"href":"https:\/\/zonacaral.gob.pe\/es\/wp-json\/wp\/v2\/posts\/17150","targetHints":{"allow":["GET"]}}],"collection":[{"href":"https:\/\/zonacaral.gob.pe\/es\/wp-json\/wp\/v2\/posts"}],"about":[{"href":"https:\/\/zonacaral.gob.pe\/es\/wp-json\/wp\/v2\/types\/post"}],"author":[{"embeddable":true,"href":"https:\/\/zonacaral.gob.pe\/es\/wp-json\/wp\/v2\/users\/1"}],"replies":[{"embeddable":true,"href":"https:\/\/zonacaral.gob.pe\/es\/wp-json\/wp\/v2\/comments?post=17150"}],"version-history":[{"count":0,"href":"https:\/\/zonacaral.gob.pe\/es\/wp-json\/wp\/v2\/posts\/17150\/revisions"}],"wp:featuredmedia":[{"embeddable":true,"href":"https:\/\/zonacaral.gob.pe\/es\/wp-json\/wp\/v2\/media\/17151"}],"wp:attachment":[{"href":"https:\/\/zonacaral.gob.pe\/es\/wp-json\/wp\/v2\/media?parent=17150"}],"wp:term":[{"taxonomy":"category","embeddable":true,"href":"https:\/\/zonacaral.gob.pe\/es\/wp-json\/wp\/v2\/categories?post=17150"},{"taxonomy":"post_tag","embeddable":true,"href":"https:\/\/zonacaral.gob.pe\/es\/wp-json\/wp\/v2\/tags?post=17150"}],"curies":[{"name":"wp","href":"https:\/\/api.w.org\/{rel}","templated":true}]}}