{"id":17157,"date":"2023-10-17T12:11:30","date_gmt":"2023-10-17T17:11:30","guid":{"rendered":"https:\/\/www.zonacaral.gob.pe\/?p=17157"},"modified":"2023-10-17T12:11:30","modified_gmt":"2023-10-17T17:11:30","slug":"adultos-mayores-disfrutaron-y-se-divirtieron-conociendo-la-ciudad-sagrada-de-caral","status":"publish","type":"post","link":"https:\/\/zonacaral.gob.pe\/es\/noticias\/adultos-mayores-disfrutaron-y-se-divirtieron-conociendo-la-ciudad-sagrada-de-caral\/","title":{"rendered":"Adultos mayores disfrutaron y se divirtieron conociendo la Ciudad Sagrada de Caral"},"content":{"rendered":"<figure class=\"pic-autor\" style=\"color: #4d4d4d; text-align: justify;\"><\/figure>\n<div class=\"gmail_default\" style=\"text-align: justify;\">\n<blockquote>\n<p><i><span style=\"font-weight: 400;\">Acercamiento cultural al sector vulnerable.<\/span><\/i><\/p>\n<\/blockquote>\n<p><span style=\"font-weight: 400;\">Gracias al esfuerzo colaborativo entre la <\/span><span style=\"color: #850707;\"><a style=\"color: #850707;\" href=\"https:\/\/www.instagram.com\/caralperu\/?hl=es\"><span style=\"font-weight: 400;\">Zona Arqueol\u00f3gica Caral<\/span><\/a><\/span><span style=\"font-weight: 400;\"> (ZAC), Unidad Ejecutora 003 del Ministerio de Cultura, y el Ministerio de Comercio Exterior y Turismo (Mincetur), decenas de adultos mayores del Centro del Adulto Mayor (CAM) de EsSalud \u2013 Huacho, lograron conocer la Ciudad Sagrada de Caral, principal centro urbano de la primera civilizaci\u00f3n de Am\u00e9rica.<\/span><\/p>\n<p><span style=\"font-weight: 400;\">Los participantes del CAM fueron trasladados en el bus del Mincetur, como parte del programa de Turismo Social que buscan impulsar en todo el pa\u00eds. En ese sentido, previo a este paseo se brindaron charlas para concientizar a los operadores tur\u00edsticos y responsables de guiado, sobre los cuidados y atenciones que hay que tener con los adultos mayores.<\/span><\/p>\n<p><span style=\"font-weight: 400;\">Desde temprano, los entusiastas visitantes llegaron a la Ciudad Sagrada, Patrimonio Mundial, donde fueron recibidos por los arque\u00f3logos de campo, y el orientador Ceferino Agurto, quien, de manera din\u00e1mica, los fue guiando por el \u201cT\u00fanel de la Ciencia\u201d, y luego por los antiguos caminos de este ancestral centro urbano.<\/span><\/p>\n<p><span style=\"font-weight: 400;\">Los adultos mayores quedaron fascinados con la historia de desarrollo de Caral, y con los imponentes edificios piramidales construidos hace cinco mil a\u00f1os, en el valle de Supe, provincia de Barranca.<\/span><\/p>\n<p><span style=\"font-weight: 400;\">Ellos demostraron que la edad no es impedimento para conocer de manera accesible y did\u00e1ctica su patrimonio cultural. Ese, precisamente, es el objetivo del programa Turismo Social del Mincetur.<\/span><\/p>\n<p><span style=\"font-weight: 400;\">Cabe destacar que la Zona Arqueol\u00f3gica Caral, ha implementado un sendero especial para que las personas con discapacidad motora, o que tengan que usar sillas de ruedas, o coches de beb\u00e9s, puedan ingresar al sitio arqueol\u00f3gico y conocer los valores de la civilizaci\u00f3n Caral.<\/span><\/p>\n<p><span style=\"font-weight: 400;\">De esta manera, la ZAC contin\u00faa aportando a la cultura del pa\u00eds, y buscando alianzas estrat\u00e9gicas para que m\u00e1s ciudadanos peruanos conozcan su patrimonio cultural, en especial el desarrollado en el \u00e1rea norcentral del Per\u00fa.<\/span><\/p>\n<p><span style=\"color: #850707;\"><strong>DATO<\/strong><\/span><\/p>\n<p><span style=\"font-weight: 400;\">Con el fin de brindar facilidades a los visitantes, la Zona Arqueol\u00f3gica Caral, ha dispuesto que en el \u00e1rea de boleter\u00eda, de la Ciudad Sagrada de Caral, se ubiquen las sillas de ruedas que, de manera gratuita, pueden ser usadas por los visitantes que las requieran.<\/span><\/p>\n<p><span style=\"font-weight: 400;\">La Ciudad Sagrada de Caral recibe visitas de lunes a domingo, incluyendo d\u00edas feriados, de 9:00 a. m. a 5:00 p. m. Si deseas m\u00e1s informaci\u00f3n de c\u00f3mo llegar a este Patrimonio Mundial, comun\u00edcate al WhatsApp <span style=\"color: #850707;\"><a style=\"color: #850707;\" href=\"https:\/\/wa.me\/message\/EJFL5LRNIHH2C1\">955 881 340<\/a><\/span>.<\/span><\/p>\n<p><span style=\"color: #850707;\"><strong style=\"font-size: inherit; text-align: justify;\">Fuente: Comunicaci\u00f3n e Imagen Institucional ZAC<\/strong><\/span><\/p>\n<\/div>\n<div style=\"color: #1f1f1f;\">\n<div style=\"color: #1f1f1f;\">\n<p style=\"text-align: justify;\">Fecha de publicaci\u00f3n: 17\/10\/2023<\/p>\n<\/div>\n<\/div>\n\n\n<p><\/p>\n","protected":false},"excerpt":{"rendered":"<p>Acercamiento cultural al sector vulnerable. Gracias al esfuerzo colaborativo entre la Zona Arqueol\u00f3gica Caral (ZAC), Unidad Ejecutora 003 del Ministerio [&hellip;]<\/p>\n","protected":false},"author":1,"featured_media":17162,"comment_status":"closed","ping_status":"open","sticky":false,"template":"","format":"standard","meta":{"_acf_changed":false,"site-sidebar-layout":"default","site-content-layout":"","ast-site-content-layout":"default","site-content-style":"default","site-sidebar-style":"default","ast-global-header-display":"","ast-banner-title-visibility":"","ast-main-header-display":"","ast-hfb-above-header-display":"","ast-hfb-below-header-display":"","ast-hfb-mobile-header-display":"","site-post-title":"","ast-breadcrumbs-content":"","ast-featured-img":"","footer-sml-layout":"","ast-disable-related-posts":"","theme-transparent-header-meta":"","adv-header-id-meta":"","stick-header-meta":"","header-above-stick-meta":"","header-main-stick-meta":"","header-below-stick-meta":"","astra-migrate-meta-layouts":"default","ast-page-background-enabled":"default","ast-page-background-meta":{"desktop":{"background-color":"var(--ast-global-color-5)","background-image":"","background-repeat":"repeat","background-position":"center center","background-size":"auto","background-attachment":"scroll","background-type":"","background-media":"","overlay-type":"","overlay-color":"","overlay-opacity":"","overlay-gradient":""},"tablet":{"background-color":"","background-image":"","background-repeat":"repeat","background-position":"center center","background-size":"auto","background-attachment":"scroll","background-type":"","background-media":"","overlay-type":"","overlay-color":"","overlay-opacity":"","overlay-gradient":""},"mobile":{"background-color":"","background-image":"","background-repeat":"repeat","background-position":"center center","background-size":"auto","background-attachment":"scroll","background-type":"","background-media":"","overlay-type":"","overlay-color":"","overlay-opacity":"","overlay-gradient":""}},"ast-content-background-meta":{"desktop":{"background-color":"var(--ast-global-color-4)","background-image":"","background-repeat":"repeat","background-position":"center center","background-size":"auto","background-attachment":"scroll","background-type":"","background-media":"","overlay-type":"","overlay-color":"","overlay-opacity":"","overlay-gradient":""},"tablet":{"background-color":"var(--ast-global-color-4)","background-image":"","background-repeat":"repeat","background-position":"center center","background-size":"auto","background-attachment":"scroll","background-type":"","background-media":"","overlay-type":"","overlay-color":"","overlay-opacity":"","overlay-gradient":""},"mobile":{"background-color":"var(--ast-global-color-4)","background-image":"","background-repeat":"repeat","background-position":"center center","background-size":"auto","background-attachment":"scroll","background-type":"","background-media":"","overlay-type":"","overlay-color":"","overlay-opacity":"","overlay-gradient":""}},"footnotes":""},"categories":[208],"tags":[55,72],"class_list":["post-17157","post","type-post","status-publish","format-standard","has-post-thumbnail","hentry","category-noticias","tag-caral","tag-cultura"],"acf":[],"yoast_head":"<!-- This site is optimized with the Yoast SEO plugin v27.3 - https:\/\/yoast.com\/product\/yoast-seo-wordpress\/ -->\n<title>Adultos mayores disfrutaron y se divirtieron conociendo la Ciudad Sagrada de Caral<\/title>\n<meta name=\"description\" content=\"Gracias al esfuerzo colaborativo entre la Zona Arqueol\u00f3gica Caral (ZAC), Unidad Ejecutora 003 del Ministerio de Cultura, y el Ministerio de Comercio Exterior y Turismo (Mincetur), decenas de adultos mayores del Centro del Adulto Mayor (CAM) de EsSalud \u2013 Huacho, lograron conocer la Ciudad Sagrada de Caral, principal centro urbano de la primera civilizaci\u00f3n de Am\u00e9rica.\" \/>\n<meta name=\"robots\" content=\"index, follow, max-snippet:-1, max-image-preview:large, max-video-preview:-1\" \/>\n<link rel=\"canonical\" href=\"https:\/\/zonacaral.gob.pe\/es\/noticias\/adultos-mayores-disfrutaron-y-se-divirtieron-conociendo-la-ciudad-sagrada-de-caral\/\" \/>\n<meta property=\"og:locale\" content=\"es_ES\" \/>\n<meta property=\"og:type\" content=\"article\" \/>\n<meta property=\"og:title\" content=\"Adultos mayores disfrutaron y se divirtieron conociendo la Ciudad Sagrada de Caral\" \/>\n<meta property=\"og:description\" content=\"Gracias al esfuerzo colaborativo entre la Zona Arqueol\u00f3gica Caral (ZAC), Unidad Ejecutora 003 del Ministerio de Cultura, y el Ministerio de Comercio Exterior y Turismo (Mincetur), decenas de adultos mayores del Centro del Adulto Mayor (CAM) de EsSalud \u2013 Huacho, lograron conocer la Ciudad Sagrada de Caral, principal centro urbano de la primera civilizaci\u00f3n de Am\u00e9rica.\" \/>\n<meta property=\"og:url\" content=\"https:\/\/zonacaral.gob.pe\/es\/noticias\/adultos-mayores-disfrutaron-y-se-divirtieron-conociendo-la-ciudad-sagrada-de-caral\/\" \/>\n<meta property=\"og:site_name\" content=\"Zona Caral\" \/>\n<meta property=\"article:published_time\" content=\"2023-10-17T17:11:30+00:00\" \/>\n<meta property=\"og:image\" content=\"https:\/\/zonacaral.gob.pe\/wp-content\/uploads\/2023\/10\/adultos-mayores-1.png\" \/>\n\t<meta property=\"og:image:width\" content=\"1000\" \/>\n\t<meta property=\"og:image:height\" content=\"600\" \/>\n\t<meta property=\"og:image:type\" content=\"image\/png\" \/>\n<meta name=\"author\" content=\"Zona Caral Administrador\" \/>\n<meta name=\"twitter:card\" content=\"summary_large_image\" \/>\n<meta name=\"twitter:label1\" content=\"Written by\" \/>\n\t<meta name=\"twitter:data1\" content=\"Zona Caral Administrador\" \/>\n\t<meta name=\"twitter:label2\" content=\"Est. reading time\" \/>\n\t<meta name=\"twitter:data2\" content=\"2 minutos\" \/>\n<script type=\"application\/ld+json\" class=\"yoast-schema-graph\">{\"@context\":\"https:\\\/\\\/schema.org\",\"@graph\":[{\"@type\":\"Article\",\"@id\":\"https:\\\/\\\/zonacaral.gob.pe\\\/es\\\/noticias\\\/adultos-mayores-disfrutaron-y-se-divirtieron-conociendo-la-ciudad-sagrada-de-caral\\\/#article\",\"isPartOf\":{\"@id\":\"https:\\\/\\\/zonacaral.gob.pe\\\/es\\\/noticias\\\/adultos-mayores-disfrutaron-y-se-divirtieron-conociendo-la-ciudad-sagrada-de-caral\\\/\"},\"author\":{\"name\":\"Zona Caral Administrador\",\"@id\":\"https:\\\/\\\/zonacaral.gob.pe\\\/es\\\/#\\\/schema\\\/person\\\/beddb4d22f71a7230c5b90913270a0ee\"},\"headline\":\"Adultos mayores disfrutaron y se divirtieron conociendo la Ciudad Sagrada de Caral\",\"datePublished\":\"2023-10-17T17:11:30+00:00\",\"mainEntityOfPage\":{\"@id\":\"https:\\\/\\\/zonacaral.gob.pe\\\/es\\\/noticias\\\/adultos-mayores-disfrutaron-y-se-divirtieron-conociendo-la-ciudad-sagrada-de-caral\\\/\"},\"wordCount\":434,\"image\":{\"@id\":\"https:\\\/\\\/zonacaral.gob.pe\\\/es\\\/noticias\\\/adultos-mayores-disfrutaron-y-se-divirtieron-conociendo-la-ciudad-sagrada-de-caral\\\/#primaryimage\"},\"thumbnailUrl\":\"https:\\\/\\\/zonacaral.gob.pe\\\/wp-content\\\/uploads\\\/2023\\\/10\\\/adultos-mayores-1.png\",\"keywords\":[\"caral\",\"Cultura\"],\"articleSection\":[\"noticias\"],\"inLanguage\":\"es-PE\"},{\"@type\":\"WebPage\",\"@id\":\"https:\\\/\\\/zonacaral.gob.pe\\\/es\\\/noticias\\\/adultos-mayores-disfrutaron-y-se-divirtieron-conociendo-la-ciudad-sagrada-de-caral\\\/\",\"url\":\"https:\\\/\\\/zonacaral.gob.pe\\\/es\\\/noticias\\\/adultos-mayores-disfrutaron-y-se-divirtieron-conociendo-la-ciudad-sagrada-de-caral\\\/\",\"name\":\"Adultos mayores disfrutaron y se divirtieron conociendo la Ciudad Sagrada de Caral\",\"isPartOf\":{\"@id\":\"https:\\\/\\\/zonacaral.gob.pe\\\/es\\\/#website\"},\"primaryImageOfPage\":{\"@id\":\"https:\\\/\\\/zonacaral.gob.pe\\\/es\\\/noticias\\\/adultos-mayores-disfrutaron-y-se-divirtieron-conociendo-la-ciudad-sagrada-de-caral\\\/#primaryimage\"},\"image\":{\"@id\":\"https:\\\/\\\/zonacaral.gob.pe\\\/es\\\/noticias\\\/adultos-mayores-disfrutaron-y-se-divirtieron-conociendo-la-ciudad-sagrada-de-caral\\\/#primaryimage\"},\"thumbnailUrl\":\"https:\\\/\\\/zonacaral.gob.pe\\\/wp-content\\\/uploads\\\/2023\\\/10\\\/adultos-mayores-1.png\",\"datePublished\":\"2023-10-17T17:11:30+00:00\",\"author\":{\"@id\":\"https:\\\/\\\/zonacaral.gob.pe\\\/es\\\/#\\\/schema\\\/person\\\/beddb4d22f71a7230c5b90913270a0ee\"},\"description\":\"Gracias al esfuerzo colaborativo entre la Zona Arqueol\u00f3gica Caral (ZAC), Unidad Ejecutora 003 del Ministerio de Cultura, y el Ministerio de Comercio Exterior y Turismo (Mincetur), decenas de adultos mayores del Centro del Adulto Mayor (CAM) de EsSalud \u2013 Huacho, lograron conocer la Ciudad Sagrada de Caral, principal centro urbano de la primera civilizaci\u00f3n de Am\u00e9rica.\",\"breadcrumb\":{\"@id\":\"https:\\\/\\\/zonacaral.gob.pe\\\/es\\\/noticias\\\/adultos-mayores-disfrutaron-y-se-divirtieron-conociendo-la-ciudad-sagrada-de-caral\\\/#breadcrumb\"},\"inLanguage\":\"es-PE\",\"potentialAction\":[{\"@type\":\"ReadAction\",\"target\":[\"https:\\\/\\\/zonacaral.gob.pe\\\/es\\\/noticias\\\/adultos-mayores-disfrutaron-y-se-divirtieron-conociendo-la-ciudad-sagrada-de-caral\\\/\"]}]},{\"@type\":\"ImageObject\",\"inLanguage\":\"es-PE\",\"@id\":\"https:\\\/\\\/zonacaral.gob.pe\\\/es\\\/noticias\\\/adultos-mayores-disfrutaron-y-se-divirtieron-conociendo-la-ciudad-sagrada-de-caral\\\/#primaryimage\",\"url\":\"https:\\\/\\\/zonacaral.gob.pe\\\/wp-content\\\/uploads\\\/2023\\\/10\\\/adultos-mayores-1.png\",\"contentUrl\":\"https:\\\/\\\/zonacaral.gob.pe\\\/wp-content\\\/uploads\\\/2023\\\/10\\\/adultos-mayores-1.png\",\"width\":1000,\"height\":600},{\"@type\":\"BreadcrumbList\",\"@id\":\"https:\\\/\\\/zonacaral.gob.pe\\\/es\\\/noticias\\\/adultos-mayores-disfrutaron-y-se-divirtieron-conociendo-la-ciudad-sagrada-de-caral\\\/#breadcrumb\",\"itemListElement\":[{\"@type\":\"ListItem\",\"position\":1,\"name\":\"Portada\",\"item\":\"https:\\\/\\\/zonacaral.gob.pe\\\/\"},{\"@type\":\"ListItem\",\"position\":2,\"name\":\"Adultos mayores disfrutaron y se divirtieron conociendo la Ciudad Sagrada de Caral\"}]},{\"@type\":\"WebSite\",\"@id\":\"https:\\\/\\\/zonacaral.gob.pe\\\/es\\\/#website\",\"url\":\"https:\\\/\\\/zonacaral.gob.pe\\\/es\\\/\",\"name\":\"Zona Caral\",\"description\":\"Investigamos, conservamos y difundimos el patrimonio cultural de la Civilizaci\u00f3n Caral, la m\u00e1s antigua de Am\u00e9rica.\",\"potentialAction\":[{\"@type\":\"SearchAction\",\"target\":{\"@type\":\"EntryPoint\",\"urlTemplate\":\"https:\\\/\\\/zonacaral.gob.pe\\\/es\\\/?s={search_term_string}\"},\"query-input\":{\"@type\":\"PropertyValueSpecification\",\"valueRequired\":true,\"valueName\":\"search_term_string\"}}],\"inLanguage\":\"es-PE\"},{\"@type\":\"Person\",\"@id\":\"https:\\\/\\\/zonacaral.gob.pe\\\/es\\\/#\\\/schema\\\/person\\\/beddb4d22f71a7230c5b90913270a0ee\",\"name\":\"Zona Caral Administrador\",\"image\":{\"@type\":\"ImageObject\",\"inLanguage\":\"es-PE\",\"@id\":\"https:\\\/\\\/secure.gravatar.com\\\/avatar\\\/e4be162918a696358376de6446614e0f0f4062bdc5d170d6d540ada3d8b58c12?s=96&d=mm&r=g\",\"url\":\"https:\\\/\\\/secure.gravatar.com\\\/avatar\\\/e4be162918a696358376de6446614e0f0f4062bdc5d170d6d540ada3d8b58c12?s=96&d=mm&r=g\",\"contentUrl\":\"https:\\\/\\\/secure.gravatar.com\\\/avatar\\\/e4be162918a696358376de6446614e0f0f4062bdc5d170d6d540ada3d8b58c12?s=96&d=mm&r=g\",\"caption\":\"Zona Caral Administrador\"},\"sameAs\":[\"https:\\\/\\\/zonacaral.gob.pe\"],\"url\":\"https:\\\/\\\/zonacaral.gob.pe\\\/es\\\/noticias\\\/author\\\/ad_zonacaral\\\/\"}]}<\/script>\n<!-- \/ Yoast SEO plugin. -->","yoast_head_json":{"title":"Adultos mayores disfrutaron y se divirtieron conociendo la Ciudad Sagrada de Caral","description":"Gracias al esfuerzo colaborativo entre la Zona Arqueol\u00f3gica Caral (ZAC), Unidad Ejecutora 003 del Ministerio de Cultura, y el Ministerio de Comercio Exterior y Turismo (Mincetur), decenas de adultos mayores del Centro del Adulto Mayor (CAM) de EsSalud \u2013 Huacho, lograron conocer la Ciudad Sagrada de Caral, principal centro urbano de la primera civilizaci\u00f3n de Am\u00e9rica.","robots":{"index":"index","follow":"follow","max-snippet":"max-snippet:-1","max-image-preview":"max-image-preview:large","max-video-preview":"max-video-preview:-1"},"canonical":"https:\/\/zonacaral.gob.pe\/es\/noticias\/adultos-mayores-disfrutaron-y-se-divirtieron-conociendo-la-ciudad-sagrada-de-caral\/","og_locale":"es_ES","og_type":"article","og_title":"Adultos mayores disfrutaron y se divirtieron conociendo la Ciudad Sagrada de Caral","og_description":"Gracias al esfuerzo colaborativo entre la Zona Arqueol\u00f3gica Caral (ZAC), Unidad Ejecutora 003 del Ministerio de Cultura, y el Ministerio de Comercio Exterior y Turismo (Mincetur), decenas de adultos mayores del Centro del Adulto Mayor (CAM) de EsSalud \u2013 Huacho, lograron conocer la Ciudad Sagrada de Caral, principal centro urbano de la primera civilizaci\u00f3n de Am\u00e9rica.","og_url":"https:\/\/zonacaral.gob.pe\/es\/noticias\/adultos-mayores-disfrutaron-y-se-divirtieron-conociendo-la-ciudad-sagrada-de-caral\/","og_site_name":"Zona Caral","article_published_time":"2023-10-17T17:11:30+00:00","og_image":[{"width":1000,"height":600,"url":"https:\/\/zonacaral.gob.pe\/wp-content\/uploads\/2023\/10\/adultos-mayores-1.png","type":"image\/png"}],"author":"Zona Caral Administrador","twitter_card":"summary_large_image","twitter_misc":{"Written by":"Zona Caral Administrador","Est. reading time":"2 minutos"},"schema":{"@context":"https:\/\/schema.org","@graph":[{"@type":"Article","@id":"https:\/\/zonacaral.gob.pe\/es\/noticias\/adultos-mayores-disfrutaron-y-se-divirtieron-conociendo-la-ciudad-sagrada-de-caral\/#article","isPartOf":{"@id":"https:\/\/zonacaral.gob.pe\/es\/noticias\/adultos-mayores-disfrutaron-y-se-divirtieron-conociendo-la-ciudad-sagrada-de-caral\/"},"author":{"name":"Zona Caral Administrador","@id":"https:\/\/zonacaral.gob.pe\/es\/#\/schema\/person\/beddb4d22f71a7230c5b90913270a0ee"},"headline":"Adultos mayores disfrutaron y se divirtieron conociendo la Ciudad Sagrada de Caral","datePublished":"2023-10-17T17:11:30+00:00","mainEntityOfPage":{"@id":"https:\/\/zonacaral.gob.pe\/es\/noticias\/adultos-mayores-disfrutaron-y-se-divirtieron-conociendo-la-ciudad-sagrada-de-caral\/"},"wordCount":434,"image":{"@id":"https:\/\/zonacaral.gob.pe\/es\/noticias\/adultos-mayores-disfrutaron-y-se-divirtieron-conociendo-la-ciudad-sagrada-de-caral\/#primaryimage"},"thumbnailUrl":"https:\/\/zonacaral.gob.pe\/wp-content\/uploads\/2023\/10\/adultos-mayores-1.png","keywords":["caral","Cultura"],"articleSection":["noticias"],"inLanguage":"es-PE"},{"@type":"WebPage","@id":"https:\/\/zonacaral.gob.pe\/es\/noticias\/adultos-mayores-disfrutaron-y-se-divirtieron-conociendo-la-ciudad-sagrada-de-caral\/","url":"https:\/\/zonacaral.gob.pe\/es\/noticias\/adultos-mayores-disfrutaron-y-se-divirtieron-conociendo-la-ciudad-sagrada-de-caral\/","name":"Adultos mayores disfrutaron y se divirtieron conociendo la Ciudad Sagrada de Caral","isPartOf":{"@id":"https:\/\/zonacaral.gob.pe\/es\/#website"},"primaryImageOfPage":{"@id":"https:\/\/zonacaral.gob.pe\/es\/noticias\/adultos-mayores-disfrutaron-y-se-divirtieron-conociendo-la-ciudad-sagrada-de-caral\/#primaryimage"},"image":{"@id":"https:\/\/zonacaral.gob.pe\/es\/noticias\/adultos-mayores-disfrutaron-y-se-divirtieron-conociendo-la-ciudad-sagrada-de-caral\/#primaryimage"},"thumbnailUrl":"https:\/\/zonacaral.gob.pe\/wp-content\/uploads\/2023\/10\/adultos-mayores-1.png","datePublished":"2023-10-17T17:11:30+00:00","author":{"@id":"https:\/\/zonacaral.gob.pe\/es\/#\/schema\/person\/beddb4d22f71a7230c5b90913270a0ee"},"description":"Gracias al esfuerzo colaborativo entre la Zona Arqueol\u00f3gica Caral (ZAC), Unidad Ejecutora 003 del Ministerio de Cultura, y el Ministerio de Comercio Exterior y Turismo (Mincetur), decenas de adultos mayores del Centro del Adulto Mayor (CAM) de EsSalud \u2013 Huacho, lograron conocer la Ciudad Sagrada de Caral, principal centro urbano de la primera civilizaci\u00f3n de Am\u00e9rica.","breadcrumb":{"@id":"https:\/\/zonacaral.gob.pe\/es\/noticias\/adultos-mayores-disfrutaron-y-se-divirtieron-conociendo-la-ciudad-sagrada-de-caral\/#breadcrumb"},"inLanguage":"es-PE","potentialAction":[{"@type":"ReadAction","target":["https:\/\/zonacaral.gob.pe\/es\/noticias\/adultos-mayores-disfrutaron-y-se-divirtieron-conociendo-la-ciudad-sagrada-de-caral\/"]}]},{"@type":"ImageObject","inLanguage":"es-PE","@id":"https:\/\/zonacaral.gob.pe\/es\/noticias\/adultos-mayores-disfrutaron-y-se-divirtieron-conociendo-la-ciudad-sagrada-de-caral\/#primaryimage","url":"https:\/\/zonacaral.gob.pe\/wp-content\/uploads\/2023\/10\/adultos-mayores-1.png","contentUrl":"https:\/\/zonacaral.gob.pe\/wp-content\/uploads\/2023\/10\/adultos-mayores-1.png","width":1000,"height":600},{"@type":"BreadcrumbList","@id":"https:\/\/zonacaral.gob.pe\/es\/noticias\/adultos-mayores-disfrutaron-y-se-divirtieron-conociendo-la-ciudad-sagrada-de-caral\/#breadcrumb","itemListElement":[{"@type":"ListItem","position":1,"name":"Portada","item":"https:\/\/zonacaral.gob.pe\/"},{"@type":"ListItem","position":2,"name":"Adultos mayores disfrutaron y se divirtieron conociendo la Ciudad Sagrada de Caral"}]},{"@type":"WebSite","@id":"https:\/\/zonacaral.gob.pe\/es\/#website","url":"https:\/\/zonacaral.gob.pe\/es\/","name":"Zona Caral","description":"Investigamos, conservamos y difundimos el patrimonio cultural de la Civilizaci\u00f3n Caral, la m\u00e1s antigua de Am\u00e9rica.","potentialAction":[{"@type":"SearchAction","target":{"@type":"EntryPoint","urlTemplate":"https:\/\/zonacaral.gob.pe\/es\/?s={search_term_string}"},"query-input":{"@type":"PropertyValueSpecification","valueRequired":true,"valueName":"search_term_string"}}],"inLanguage":"es-PE"},{"@type":"Person","@id":"https:\/\/zonacaral.gob.pe\/es\/#\/schema\/person\/beddb4d22f71a7230c5b90913270a0ee","name":"Zona Caral Administrador","image":{"@type":"ImageObject","inLanguage":"es-PE","@id":"https:\/\/secure.gravatar.com\/avatar\/e4be162918a696358376de6446614e0f0f4062bdc5d170d6d540ada3d8b58c12?s=96&d=mm&r=g","url":"https:\/\/secure.gravatar.com\/avatar\/e4be162918a696358376de6446614e0f0f4062bdc5d170d6d540ada3d8b58c12?s=96&d=mm&r=g","contentUrl":"https:\/\/secure.gravatar.com\/avatar\/e4be162918a696358376de6446614e0f0f4062bdc5d170d6d540ada3d8b58c12?s=96&d=mm&r=g","caption":"Zona Caral Administrador"},"sameAs":["https:\/\/zonacaral.gob.pe"],"url":"https:\/\/zonacaral.gob.pe\/es\/noticias\/author\/ad_zonacaral\/"}]}},"_links":{"self":[{"href":"https:\/\/zonacaral.gob.pe\/es\/wp-json\/wp\/v2\/posts\/17157","targetHints":{"allow":["GET"]}}],"collection":[{"href":"https:\/\/zonacaral.gob.pe\/es\/wp-json\/wp\/v2\/posts"}],"about":[{"href":"https:\/\/zonacaral.gob.pe\/es\/wp-json\/wp\/v2\/types\/post"}],"author":[{"embeddable":true,"href":"https:\/\/zonacaral.gob.pe\/es\/wp-json\/wp\/v2\/users\/1"}],"replies":[{"embeddable":true,"href":"https:\/\/zonacaral.gob.pe\/es\/wp-json\/wp\/v2\/comments?post=17157"}],"version-history":[{"count":0,"href":"https:\/\/zonacaral.gob.pe\/es\/wp-json\/wp\/v2\/posts\/17157\/revisions"}],"wp:featuredmedia":[{"embeddable":true,"href":"https:\/\/zonacaral.gob.pe\/es\/wp-json\/wp\/v2\/media\/17162"}],"wp:attachment":[{"href":"https:\/\/zonacaral.gob.pe\/es\/wp-json\/wp\/v2\/media?parent=17157"}],"wp:term":[{"taxonomy":"category","embeddable":true,"href":"https:\/\/zonacaral.gob.pe\/es\/wp-json\/wp\/v2\/categories?post=17157"},{"taxonomy":"post_tag","embeddable":true,"href":"https:\/\/zonacaral.gob.pe\/es\/wp-json\/wp\/v2\/tags?post=17157"}],"curies":[{"name":"wp","href":"https:\/\/api.w.org\/{rel}","templated":true}]}}