{"id":17170,"date":"2023-10-24T10:40:51","date_gmt":"2023-10-24T15:40:51","guid":{"rendered":"https:\/\/www.zonacaral.gob.pe\/?p=17170"},"modified":"2023-10-24T10:40:51","modified_gmt":"2023-10-24T15:40:51","slug":"caral-tema-central-en-concurso-cranium-talent-de-la-universidad-san-martin-de-porres","status":"publish","type":"post","link":"https:\/\/zonacaral.gob.pe\/es\/noticias\/caral-tema-central-en-concurso-cranium-talent-de-la-universidad-san-martin-de-porres\/","title":{"rendered":"CARAL, tema central en concurso \u201cCRANIUM TALENT\u201d de la Universidad San Mart\u00edn de Porres"},"content":{"rendered":"<figure class=\"pic-autor\" style=\"color: #4d4d4d; text-align: justify;\"><\/figure>\n<div class=\"gmail_default\" style=\"text-align: justify;\">\n<blockquote>\n<p><i><span style=\"font-weight: 400;\">Difusi\u00f3n cultural interinstitucional.<\/span><\/i><\/p>\n<\/blockquote>\n<p><span style=\"font-weight: 400;\">La Universidad San Mart\u00edn de Porres (USMP), en alianza estrat\u00e9gica con la <\/span><span style=\"color: #7d1010;\"><a style=\"color: #7d1010;\" href=\"https:\/\/www.instagram.com\/caralperu\/?hl=es\"><span style=\"font-weight: 400;\">Zona Arqueol\u00f3gica Caral<\/span><\/a><\/span><span style=\"font-weight: 400;\"> (ZAC), Unidad Ejecutora 003 del Ministerio de Cultura, llev\u00f3 a cabo el concurso \u201cCranium Talent\u201d, segunda edici\u00f3n, dirigido a estudiantes de <\/span><span style=\"font-weight: 400;\">la Escuela Profesional de Ciencias de la Comunicaci\u00f3n, del VIII al X ciclo, de dicha casa de estudios.<\/span><\/p>\n<p><span style=\"font-weight: 400;\">En este concurso los j\u00f3venes, organizados en duplas, tuvieron que elaborar una campa\u00f1a de publicidad estrat\u00e9gica para difundir \u201cLos valores de la civilizaci\u00f3n Caral\u201d, dirigido a j\u00f3venes y adultos, hasta los 60 a\u00f1os de edad; y, a trav\u00e9s de ellos, llegar a ni\u00f1os y a j\u00f3venes, del Per\u00fa y el mundo.<\/span><\/p>\n<p><span style=\"font-weight: 400;\">En la etapa final de \u201cCranium Talent\u201d quedaron seleccionadas dos duplas quienes, ante un jurado experto, p\u00fablico invitado y representantes de ambas instituciones, expusieron sus propuestas, quedando como segundo lugar la dupla PowerGroup, integrado por estudiantes de X ciclo, y en primer lugar la dupla EUNOIA, integrado por alumnas de VIII ciclo. Ambos recibieron diversos premios en reconocimiento a su esfuerzo.<\/span><\/p>\n<p><span style=\"font-weight: 400;\">En la inauguraci\u00f3n del evento, el director acad\u00e9mico de la Escuela Profesional de Ciencias de la Comunicaci\u00f3n de la USMP, Mg. Alejandro Cornejo. sostuvo que la alianza con la ZAC representa un compromiso con nuestra valiosa herencia hist\u00f3rica. \u201cCaral es un vibrante mensaje de una civilizaci\u00f3n que floreci\u00f3 hace m\u00e1s de cinco mil a\u00f1os, dejando valores fundamentales que hoy necesitamos reencontrar y reincorporar, en una \u00e9poca en que nos sentimos desconectados de nuestros valores\u201d, dijo.<\/span><\/p>\n<p><span style=\"font-weight: 400;\">\u201cLa alianza con la ZAC es una declaraci\u00f3n de que estamos dispuestos a trabajar, mano a mano, con el Ministerio de Cultura para garantizar que el legado de Caral no solo se preserve sino que gu\u00ede a las futuras generaciones. Expreso mi m\u00e1s profundo agradecimiento a la doctora Ruth Shady, por permitir este evento, y a su equipo\u201d, agreg\u00f3.<\/span><\/p>\n<p><span style=\"font-weight: 400;\">Por su parte, en representaci\u00f3n de la Zona Arqueol\u00f3gica Caral, el arquitecto Yoshio Cano, jefe de Unidad de Museograf\u00eda de esta instituci\u00f3n, sostuvo que el concurso \u201cCranium Talent\u201d, permite enriquecer la creatividad de los j\u00f3venes y su conocimiento sobre nuestra cultura.<\/span><\/p>\n<p><span style=\"font-weight: 400;\">Asimismo, record\u00f3 que no es la primera vez que se realiza una actividad en colaboraci\u00f3n con la Universidad San Mart\u00edn de Porres. \u201cYa en el 2007 se logr\u00f3 actualizar, gracias a ellos, la exposici\u00f3n itinerante de los valores de la civilizaci\u00f3n Caral\u201d.<\/span><\/p>\n<p><span style=\"font-weight: 400;\">Para finalizar, indic\u00f3 que espera que el trabajo de los estudiantes, finalistas y anteriores participantes, contribuir\u00e1 con la cultura y la historia, \u201cque nos gu\u00ede a un futuro con posibilidades para todos\u201d.<\/span><\/p>\n<p><span style=\"font-weight: 400;\">La Zona Arqueol\u00f3gica Caral, saluda el compromiso que asumi\u00f3 la Universidad San Mart\u00edn de Porres en la difusi\u00f3n de nuestro patrimonio cultural, y; en especial, a los estudiantes que se esforzaron en generar un producto que contribuir\u00e1 a la labor que realiza la ZAC en la difusi\u00f3n de la civilizaci\u00f3n Caral.<\/span><\/p>\n<p><span style=\"font-weight: 400;\">Asimismo, espera que otras instituciones se sumen en contribuir con la difusi\u00f3n de nuestra riqueza cultural y natural, no solo la que se desarroll\u00f3 en el valle de Supe, hace cinco mil a\u00f1os, sino de las dem\u00e1s culturas andinas que se desarrollaron a lo largo de nuestro pa\u00eds.<\/span><\/p>\n<p><span style=\"font-weight: 400;\">Mira el evento completo aqu\u00ed:<\/span><span style=\"color: #7d1010;\"><a style=\"color: #7d1010;\" href=\"https:\/\/www.facebook.com\/fcctp\/videos\/1012021093369419\"> <span style=\"font-weight: 400;\">https:\/\/www.facebook.com\/fcctp\/videos\/1012021093369419<\/span><\/a> <span style=\"font-weight: 400;\">&nbsp;<\/span><\/span><\/p>\n<p><span style=\"color: #850707;\"><strong style=\"font-size: inherit; text-align: justify;\">Fuente: Comunicaci\u00f3n e Imagen Institucional ZAC<\/strong><\/span><\/p>\n<\/div>\n<div style=\"color: #1f1f1f;\">\n<div style=\"color: #1f1f1f;\">\n<p style=\"text-align: justify;\">Fecha de publicaci\u00f3n: 24\/10\/2023<\/p>\n<\/div>\n<\/div>\n\n\n<p><\/p>\n","protected":false},"excerpt":{"rendered":"<p>Difusi\u00f3n cultural interinstitucional. La Universidad San Mart\u00edn de Porres (USMP), en alianza estrat\u00e9gica con la Zona Arqueol\u00f3gica Caral (ZAC), Unidad [&hellip;]<\/p>\n","protected":false},"author":1,"featured_media":17171,"comment_status":"closed","ping_status":"open","sticky":false,"template":"","format":"standard","meta":{"_acf_changed":false,"site-sidebar-layout":"default","site-content-layout":"","ast-site-content-layout":"default","site-content-style":"default","site-sidebar-style":"default","ast-global-header-display":"","ast-banner-title-visibility":"","ast-main-header-display":"","ast-hfb-above-header-display":"","ast-hfb-below-header-display":"","ast-hfb-mobile-header-display":"","site-post-title":"","ast-breadcrumbs-content":"","ast-featured-img":"","footer-sml-layout":"","ast-disable-related-posts":"","theme-transparent-header-meta":"","adv-header-id-meta":"","stick-header-meta":"","header-above-stick-meta":"","header-main-stick-meta":"","header-below-stick-meta":"","astra-migrate-meta-layouts":"default","ast-page-background-enabled":"default","ast-page-background-meta":{"desktop":{"background-color":"var(--ast-global-color-5)","background-image":"","background-repeat":"repeat","background-position":"center center","background-size":"auto","background-attachment":"scroll","background-type":"","background-media":"","overlay-type":"","overlay-color":"","overlay-opacity":"","overlay-gradient":""},"tablet":{"background-color":"","background-image":"","background-repeat":"repeat","background-position":"center center","background-size":"auto","background-attachment":"scroll","background-type":"","background-media":"","overlay-type":"","overlay-color":"","overlay-opacity":"","overlay-gradient":""},"mobile":{"background-color":"","background-image":"","background-repeat":"repeat","background-position":"center center","background-size":"auto","background-attachment":"scroll","background-type":"","background-media":"","overlay-type":"","overlay-color":"","overlay-opacity":"","overlay-gradient":""}},"ast-content-background-meta":{"desktop":{"background-color":"var(--ast-global-color-4)","background-image":"","background-repeat":"repeat","background-position":"center center","background-size":"auto","background-attachment":"scroll","background-type":"","background-media":"","overlay-type":"","overlay-color":"","overlay-opacity":"","overlay-gradient":""},"tablet":{"background-color":"var(--ast-global-color-4)","background-image":"","background-repeat":"repeat","background-position":"center center","background-size":"auto","background-attachment":"scroll","background-type":"","background-media":"","overlay-type":"","overlay-color":"","overlay-opacity":"","overlay-gradient":""},"mobile":{"background-color":"var(--ast-global-color-4)","background-image":"","background-repeat":"repeat","background-position":"center center","background-size":"auto","background-attachment":"scroll","background-type":"","background-media":"","overlay-type":"","overlay-color":"","overlay-opacity":"","overlay-gradient":""}},"footnotes":""},"categories":[208],"tags":[55,72],"class_list":["post-17170","post","type-post","status-publish","format-standard","has-post-thumbnail","hentry","category-noticias","tag-caral","tag-cultura"],"acf":[],"yoast_head":"<!-- This site is optimized with the Yoast SEO plugin v27.3 - https:\/\/yoast.com\/product\/yoast-seo-wordpress\/ -->\n<title>CARAL, tema central en concurso \u201cCRANIUM TALENT\u201d de la Universidad San Mart\u00edn de Porres<\/title>\n<meta name=\"description\" content=\"La Universidad San Mart\u00edn de Porres (USMP), en alianza estrat\u00e9gica con la Zona Arqueol\u00f3gica Caral (ZAC), Unidad Ejecutora 003 del Ministerio de Cultura, llev\u00f3 a cabo el concurso \u201cCranium Talent\u201d, segunda edici\u00f3n, dirigido a estudiantes de la Escuela Profesional de Ciencias de la Comunicaci\u00f3n, del VIII al X ciclo, de dicha casa de estudios.\" \/>\n<meta name=\"robots\" content=\"index, follow, max-snippet:-1, max-image-preview:large, max-video-preview:-1\" \/>\n<link rel=\"canonical\" href=\"https:\/\/zonacaral.gob.pe\/es\/noticias\/caral-tema-central-en-concurso-cranium-talent-de-la-universidad-san-martin-de-porres\/\" \/>\n<meta property=\"og:locale\" content=\"es_ES\" \/>\n<meta property=\"og:type\" content=\"article\" \/>\n<meta property=\"og:title\" content=\"CARAL, tema central en concurso \u201cCRANIUM TALENT\u201d de la Universidad San Mart\u00edn de Porres\" \/>\n<meta property=\"og:description\" content=\"La Universidad San Mart\u00edn de Porres (USMP), en alianza estrat\u00e9gica con la Zona Arqueol\u00f3gica Caral (ZAC), Unidad Ejecutora 003 del Ministerio de Cultura, llev\u00f3 a cabo el concurso \u201cCranium Talent\u201d, segunda edici\u00f3n, dirigido a estudiantes de la Escuela Profesional de Ciencias de la Comunicaci\u00f3n, del VIII al X ciclo, de dicha casa de estudios.\" \/>\n<meta property=\"og:url\" content=\"https:\/\/zonacaral.gob.pe\/es\/noticias\/caral-tema-central-en-concurso-cranium-talent-de-la-universidad-san-martin-de-porres\/\" \/>\n<meta property=\"og:site_name\" content=\"Zona Caral\" \/>\n<meta property=\"article:published_time\" content=\"2023-10-24T15:40:51+00:00\" \/>\n<meta property=\"og:image\" content=\"https:\/\/zonacaral.gob.pe\/wp-content\/uploads\/2023\/10\/Cranium-1.jpg\" \/>\n\t<meta property=\"og:image:width\" content=\"1000\" \/>\n\t<meta property=\"og:image:height\" content=\"600\" \/>\n\t<meta property=\"og:image:type\" content=\"image\/jpeg\" \/>\n<meta name=\"author\" content=\"Zona Caral Administrador\" \/>\n<meta name=\"twitter:card\" content=\"summary_large_image\" \/>\n<meta name=\"twitter:label1\" content=\"Written by\" \/>\n\t<meta name=\"twitter:data1\" content=\"Zona Caral Administrador\" \/>\n\t<meta name=\"twitter:label2\" content=\"Est. reading time\" \/>\n\t<meta name=\"twitter:data2\" content=\"3 minutos\" \/>\n<script type=\"application\/ld+json\" class=\"yoast-schema-graph\">{\"@context\":\"https:\\\/\\\/schema.org\",\"@graph\":[{\"@type\":\"Article\",\"@id\":\"https:\\\/\\\/zonacaral.gob.pe\\\/es\\\/noticias\\\/caral-tema-central-en-concurso-cranium-talent-de-la-universidad-san-martin-de-porres\\\/#article\",\"isPartOf\":{\"@id\":\"https:\\\/\\\/zonacaral.gob.pe\\\/es\\\/noticias\\\/caral-tema-central-en-concurso-cranium-talent-de-la-universidad-san-martin-de-porres\\\/\"},\"author\":{\"name\":\"Zona Caral Administrador\",\"@id\":\"https:\\\/\\\/zonacaral.gob.pe\\\/es\\\/#\\\/schema\\\/person\\\/beddb4d22f71a7230c5b90913270a0ee\"},\"headline\":\"CARAL, tema central en concurso \u201cCRANIUM TALENT\u201d de la Universidad San Mart\u00edn de Porres\",\"datePublished\":\"2023-10-24T15:40:51+00:00\",\"mainEntityOfPage\":{\"@id\":\"https:\\\/\\\/zonacaral.gob.pe\\\/es\\\/noticias\\\/caral-tema-central-en-concurso-cranium-talent-de-la-universidad-san-martin-de-porres\\\/\"},\"wordCount\":597,\"image\":{\"@id\":\"https:\\\/\\\/zonacaral.gob.pe\\\/es\\\/noticias\\\/caral-tema-central-en-concurso-cranium-talent-de-la-universidad-san-martin-de-porres\\\/#primaryimage\"},\"thumbnailUrl\":\"https:\\\/\\\/zonacaral.gob.pe\\\/wp-content\\\/uploads\\\/2023\\\/10\\\/Cranium-1.jpg\",\"keywords\":[\"caral\",\"Cultura\"],\"articleSection\":[\"noticias\"],\"inLanguage\":\"es-PE\"},{\"@type\":\"WebPage\",\"@id\":\"https:\\\/\\\/zonacaral.gob.pe\\\/es\\\/noticias\\\/caral-tema-central-en-concurso-cranium-talent-de-la-universidad-san-martin-de-porres\\\/\",\"url\":\"https:\\\/\\\/zonacaral.gob.pe\\\/es\\\/noticias\\\/caral-tema-central-en-concurso-cranium-talent-de-la-universidad-san-martin-de-porres\\\/\",\"name\":\"CARAL, tema central en concurso \u201cCRANIUM TALENT\u201d de la Universidad San Mart\u00edn de Porres\",\"isPartOf\":{\"@id\":\"https:\\\/\\\/zonacaral.gob.pe\\\/es\\\/#website\"},\"primaryImageOfPage\":{\"@id\":\"https:\\\/\\\/zonacaral.gob.pe\\\/es\\\/noticias\\\/caral-tema-central-en-concurso-cranium-talent-de-la-universidad-san-martin-de-porres\\\/#primaryimage\"},\"image\":{\"@id\":\"https:\\\/\\\/zonacaral.gob.pe\\\/es\\\/noticias\\\/caral-tema-central-en-concurso-cranium-talent-de-la-universidad-san-martin-de-porres\\\/#primaryimage\"},\"thumbnailUrl\":\"https:\\\/\\\/zonacaral.gob.pe\\\/wp-content\\\/uploads\\\/2023\\\/10\\\/Cranium-1.jpg\",\"datePublished\":\"2023-10-24T15:40:51+00:00\",\"author\":{\"@id\":\"https:\\\/\\\/zonacaral.gob.pe\\\/es\\\/#\\\/schema\\\/person\\\/beddb4d22f71a7230c5b90913270a0ee\"},\"description\":\"La Universidad San Mart\u00edn de Porres (USMP), en alianza estrat\u00e9gica con la Zona Arqueol\u00f3gica Caral (ZAC), Unidad Ejecutora 003 del Ministerio de Cultura, llev\u00f3 a cabo el concurso \u201cCranium Talent\u201d, segunda edici\u00f3n, dirigido a estudiantes de la Escuela Profesional de Ciencias de la Comunicaci\u00f3n, del VIII al X ciclo, de dicha casa de estudios.\",\"breadcrumb\":{\"@id\":\"https:\\\/\\\/zonacaral.gob.pe\\\/es\\\/noticias\\\/caral-tema-central-en-concurso-cranium-talent-de-la-universidad-san-martin-de-porres\\\/#breadcrumb\"},\"inLanguage\":\"es-PE\",\"potentialAction\":[{\"@type\":\"ReadAction\",\"target\":[\"https:\\\/\\\/zonacaral.gob.pe\\\/es\\\/noticias\\\/caral-tema-central-en-concurso-cranium-talent-de-la-universidad-san-martin-de-porres\\\/\"]}]},{\"@type\":\"ImageObject\",\"inLanguage\":\"es-PE\",\"@id\":\"https:\\\/\\\/zonacaral.gob.pe\\\/es\\\/noticias\\\/caral-tema-central-en-concurso-cranium-talent-de-la-universidad-san-martin-de-porres\\\/#primaryimage\",\"url\":\"https:\\\/\\\/zonacaral.gob.pe\\\/wp-content\\\/uploads\\\/2023\\\/10\\\/Cranium-1.jpg\",\"contentUrl\":\"https:\\\/\\\/zonacaral.gob.pe\\\/wp-content\\\/uploads\\\/2023\\\/10\\\/Cranium-1.jpg\",\"width\":1000,\"height\":600},{\"@type\":\"BreadcrumbList\",\"@id\":\"https:\\\/\\\/zonacaral.gob.pe\\\/es\\\/noticias\\\/caral-tema-central-en-concurso-cranium-talent-de-la-universidad-san-martin-de-porres\\\/#breadcrumb\",\"itemListElement\":[{\"@type\":\"ListItem\",\"position\":1,\"name\":\"Portada\",\"item\":\"https:\\\/\\\/zonacaral.gob.pe\\\/\"},{\"@type\":\"ListItem\",\"position\":2,\"name\":\"CARAL, tema central en concurso \u201cCRANIUM TALENT\u201d de la Universidad San Mart\u00edn de Porres\"}]},{\"@type\":\"WebSite\",\"@id\":\"https:\\\/\\\/zonacaral.gob.pe\\\/es\\\/#website\",\"url\":\"https:\\\/\\\/zonacaral.gob.pe\\\/es\\\/\",\"name\":\"Zona Caral\",\"description\":\"Investigamos, conservamos y difundimos el patrimonio cultural de la Civilizaci\u00f3n Caral, la m\u00e1s antigua de Am\u00e9rica.\",\"potentialAction\":[{\"@type\":\"SearchAction\",\"target\":{\"@type\":\"EntryPoint\",\"urlTemplate\":\"https:\\\/\\\/zonacaral.gob.pe\\\/es\\\/?s={search_term_string}\"},\"query-input\":{\"@type\":\"PropertyValueSpecification\",\"valueRequired\":true,\"valueName\":\"search_term_string\"}}],\"inLanguage\":\"es-PE\"},{\"@type\":\"Person\",\"@id\":\"https:\\\/\\\/zonacaral.gob.pe\\\/es\\\/#\\\/schema\\\/person\\\/beddb4d22f71a7230c5b90913270a0ee\",\"name\":\"Zona Caral Administrador\",\"image\":{\"@type\":\"ImageObject\",\"inLanguage\":\"es-PE\",\"@id\":\"https:\\\/\\\/secure.gravatar.com\\\/avatar\\\/e4be162918a696358376de6446614e0f0f4062bdc5d170d6d540ada3d8b58c12?s=96&d=mm&r=g\",\"url\":\"https:\\\/\\\/secure.gravatar.com\\\/avatar\\\/e4be162918a696358376de6446614e0f0f4062bdc5d170d6d540ada3d8b58c12?s=96&d=mm&r=g\",\"contentUrl\":\"https:\\\/\\\/secure.gravatar.com\\\/avatar\\\/e4be162918a696358376de6446614e0f0f4062bdc5d170d6d540ada3d8b58c12?s=96&d=mm&r=g\",\"caption\":\"Zona Caral Administrador\"},\"sameAs\":[\"https:\\\/\\\/zonacaral.gob.pe\"],\"url\":\"https:\\\/\\\/zonacaral.gob.pe\\\/es\\\/noticias\\\/author\\\/ad_zonacaral\\\/\"}]}<\/script>\n<!-- \/ Yoast SEO plugin. -->","yoast_head_json":{"title":"CARAL, tema central en concurso \u201cCRANIUM TALENT\u201d de la Universidad San Mart\u00edn de Porres","description":"La Universidad San Mart\u00edn de Porres (USMP), en alianza estrat\u00e9gica con la Zona Arqueol\u00f3gica Caral (ZAC), Unidad Ejecutora 003 del Ministerio de Cultura, llev\u00f3 a cabo el concurso \u201cCranium Talent\u201d, segunda edici\u00f3n, dirigido a estudiantes de la Escuela Profesional de Ciencias de la Comunicaci\u00f3n, del VIII al X ciclo, de dicha casa de estudios.","robots":{"index":"index","follow":"follow","max-snippet":"max-snippet:-1","max-image-preview":"max-image-preview:large","max-video-preview":"max-video-preview:-1"},"canonical":"https:\/\/zonacaral.gob.pe\/es\/noticias\/caral-tema-central-en-concurso-cranium-talent-de-la-universidad-san-martin-de-porres\/","og_locale":"es_ES","og_type":"article","og_title":"CARAL, tema central en concurso \u201cCRANIUM TALENT\u201d de la Universidad San Mart\u00edn de Porres","og_description":"La Universidad San Mart\u00edn de Porres (USMP), en alianza estrat\u00e9gica con la Zona Arqueol\u00f3gica Caral (ZAC), Unidad Ejecutora 003 del Ministerio de Cultura, llev\u00f3 a cabo el concurso \u201cCranium Talent\u201d, segunda edici\u00f3n, dirigido a estudiantes de la Escuela Profesional de Ciencias de la Comunicaci\u00f3n, del VIII al X ciclo, de dicha casa de estudios.","og_url":"https:\/\/zonacaral.gob.pe\/es\/noticias\/caral-tema-central-en-concurso-cranium-talent-de-la-universidad-san-martin-de-porres\/","og_site_name":"Zona Caral","article_published_time":"2023-10-24T15:40:51+00:00","og_image":[{"width":1000,"height":600,"url":"https:\/\/zonacaral.gob.pe\/wp-content\/uploads\/2023\/10\/Cranium-1.jpg","type":"image\/jpeg"}],"author":"Zona Caral Administrador","twitter_card":"summary_large_image","twitter_misc":{"Written by":"Zona Caral Administrador","Est. reading time":"3 minutos"},"schema":{"@context":"https:\/\/schema.org","@graph":[{"@type":"Article","@id":"https:\/\/zonacaral.gob.pe\/es\/noticias\/caral-tema-central-en-concurso-cranium-talent-de-la-universidad-san-martin-de-porres\/#article","isPartOf":{"@id":"https:\/\/zonacaral.gob.pe\/es\/noticias\/caral-tema-central-en-concurso-cranium-talent-de-la-universidad-san-martin-de-porres\/"},"author":{"name":"Zona Caral Administrador","@id":"https:\/\/zonacaral.gob.pe\/es\/#\/schema\/person\/beddb4d22f71a7230c5b90913270a0ee"},"headline":"CARAL, tema central en concurso \u201cCRANIUM TALENT\u201d de la Universidad San Mart\u00edn de Porres","datePublished":"2023-10-24T15:40:51+00:00","mainEntityOfPage":{"@id":"https:\/\/zonacaral.gob.pe\/es\/noticias\/caral-tema-central-en-concurso-cranium-talent-de-la-universidad-san-martin-de-porres\/"},"wordCount":597,"image":{"@id":"https:\/\/zonacaral.gob.pe\/es\/noticias\/caral-tema-central-en-concurso-cranium-talent-de-la-universidad-san-martin-de-porres\/#primaryimage"},"thumbnailUrl":"https:\/\/zonacaral.gob.pe\/wp-content\/uploads\/2023\/10\/Cranium-1.jpg","keywords":["caral","Cultura"],"articleSection":["noticias"],"inLanguage":"es-PE"},{"@type":"WebPage","@id":"https:\/\/zonacaral.gob.pe\/es\/noticias\/caral-tema-central-en-concurso-cranium-talent-de-la-universidad-san-martin-de-porres\/","url":"https:\/\/zonacaral.gob.pe\/es\/noticias\/caral-tema-central-en-concurso-cranium-talent-de-la-universidad-san-martin-de-porres\/","name":"CARAL, tema central en concurso \u201cCRANIUM TALENT\u201d de la Universidad San Mart\u00edn de Porres","isPartOf":{"@id":"https:\/\/zonacaral.gob.pe\/es\/#website"},"primaryImageOfPage":{"@id":"https:\/\/zonacaral.gob.pe\/es\/noticias\/caral-tema-central-en-concurso-cranium-talent-de-la-universidad-san-martin-de-porres\/#primaryimage"},"image":{"@id":"https:\/\/zonacaral.gob.pe\/es\/noticias\/caral-tema-central-en-concurso-cranium-talent-de-la-universidad-san-martin-de-porres\/#primaryimage"},"thumbnailUrl":"https:\/\/zonacaral.gob.pe\/wp-content\/uploads\/2023\/10\/Cranium-1.jpg","datePublished":"2023-10-24T15:40:51+00:00","author":{"@id":"https:\/\/zonacaral.gob.pe\/es\/#\/schema\/person\/beddb4d22f71a7230c5b90913270a0ee"},"description":"La Universidad San Mart\u00edn de Porres (USMP), en alianza estrat\u00e9gica con la Zona Arqueol\u00f3gica Caral (ZAC), Unidad Ejecutora 003 del Ministerio de Cultura, llev\u00f3 a cabo el concurso \u201cCranium Talent\u201d, segunda edici\u00f3n, dirigido a estudiantes de la Escuela Profesional de Ciencias de la Comunicaci\u00f3n, del VIII al X ciclo, de dicha casa de estudios.","breadcrumb":{"@id":"https:\/\/zonacaral.gob.pe\/es\/noticias\/caral-tema-central-en-concurso-cranium-talent-de-la-universidad-san-martin-de-porres\/#breadcrumb"},"inLanguage":"es-PE","potentialAction":[{"@type":"ReadAction","target":["https:\/\/zonacaral.gob.pe\/es\/noticias\/caral-tema-central-en-concurso-cranium-talent-de-la-universidad-san-martin-de-porres\/"]}]},{"@type":"ImageObject","inLanguage":"es-PE","@id":"https:\/\/zonacaral.gob.pe\/es\/noticias\/caral-tema-central-en-concurso-cranium-talent-de-la-universidad-san-martin-de-porres\/#primaryimage","url":"https:\/\/zonacaral.gob.pe\/wp-content\/uploads\/2023\/10\/Cranium-1.jpg","contentUrl":"https:\/\/zonacaral.gob.pe\/wp-content\/uploads\/2023\/10\/Cranium-1.jpg","width":1000,"height":600},{"@type":"BreadcrumbList","@id":"https:\/\/zonacaral.gob.pe\/es\/noticias\/caral-tema-central-en-concurso-cranium-talent-de-la-universidad-san-martin-de-porres\/#breadcrumb","itemListElement":[{"@type":"ListItem","position":1,"name":"Portada","item":"https:\/\/zonacaral.gob.pe\/"},{"@type":"ListItem","position":2,"name":"CARAL, tema central en concurso \u201cCRANIUM TALENT\u201d de la Universidad San Mart\u00edn de Porres"}]},{"@type":"WebSite","@id":"https:\/\/zonacaral.gob.pe\/es\/#website","url":"https:\/\/zonacaral.gob.pe\/es\/","name":"Zona Caral","description":"Investigamos, conservamos y difundimos el patrimonio cultural de la Civilizaci\u00f3n Caral, la m\u00e1s antigua de Am\u00e9rica.","potentialAction":[{"@type":"SearchAction","target":{"@type":"EntryPoint","urlTemplate":"https:\/\/zonacaral.gob.pe\/es\/?s={search_term_string}"},"query-input":{"@type":"PropertyValueSpecification","valueRequired":true,"valueName":"search_term_string"}}],"inLanguage":"es-PE"},{"@type":"Person","@id":"https:\/\/zonacaral.gob.pe\/es\/#\/schema\/person\/beddb4d22f71a7230c5b90913270a0ee","name":"Zona Caral Administrador","image":{"@type":"ImageObject","inLanguage":"es-PE","@id":"https:\/\/secure.gravatar.com\/avatar\/e4be162918a696358376de6446614e0f0f4062bdc5d170d6d540ada3d8b58c12?s=96&d=mm&r=g","url":"https:\/\/secure.gravatar.com\/avatar\/e4be162918a696358376de6446614e0f0f4062bdc5d170d6d540ada3d8b58c12?s=96&d=mm&r=g","contentUrl":"https:\/\/secure.gravatar.com\/avatar\/e4be162918a696358376de6446614e0f0f4062bdc5d170d6d540ada3d8b58c12?s=96&d=mm&r=g","caption":"Zona Caral Administrador"},"sameAs":["https:\/\/zonacaral.gob.pe"],"url":"https:\/\/zonacaral.gob.pe\/es\/noticias\/author\/ad_zonacaral\/"}]}},"_links":{"self":[{"href":"https:\/\/zonacaral.gob.pe\/es\/wp-json\/wp\/v2\/posts\/17170","targetHints":{"allow":["GET"]}}],"collection":[{"href":"https:\/\/zonacaral.gob.pe\/es\/wp-json\/wp\/v2\/posts"}],"about":[{"href":"https:\/\/zonacaral.gob.pe\/es\/wp-json\/wp\/v2\/types\/post"}],"author":[{"embeddable":true,"href":"https:\/\/zonacaral.gob.pe\/es\/wp-json\/wp\/v2\/users\/1"}],"replies":[{"embeddable":true,"href":"https:\/\/zonacaral.gob.pe\/es\/wp-json\/wp\/v2\/comments?post=17170"}],"version-history":[{"count":0,"href":"https:\/\/zonacaral.gob.pe\/es\/wp-json\/wp\/v2\/posts\/17170\/revisions"}],"wp:featuredmedia":[{"embeddable":true,"href":"https:\/\/zonacaral.gob.pe\/es\/wp-json\/wp\/v2\/media\/17171"}],"wp:attachment":[{"href":"https:\/\/zonacaral.gob.pe\/es\/wp-json\/wp\/v2\/media?parent=17170"}],"wp:term":[{"taxonomy":"category","embeddable":true,"href":"https:\/\/zonacaral.gob.pe\/es\/wp-json\/wp\/v2\/categories?post=17170"},{"taxonomy":"post_tag","embeddable":true,"href":"https:\/\/zonacaral.gob.pe\/es\/wp-json\/wp\/v2\/tags?post=17170"}],"curies":[{"name":"wp","href":"https:\/\/api.w.org\/{rel}","templated":true}]}}