{"id":17200,"date":"2023-10-26T15:08:16","date_gmt":"2023-10-26T20:08:16","guid":{"rendered":"https:\/\/www.zonacaral.gob.pe\/?p=17200"},"modified":"2023-10-26T15:08:16","modified_gmt":"2023-10-26T20:08:16","slug":"comunicado-9","status":"publish","type":"post","link":"https:\/\/zonacaral.gob.pe\/es\/noticias\/comunicado-9\/","title":{"rendered":"COMUNICADO"},"content":{"rendered":"<figure class=\"pic-autor\" style=\"color: #4d4d4d; text-align: justify;\"><\/figure>\n<div class=\"gmail_default\" style=\"text-align: justify;\">\n<p><span style=\"font-weight: 400;\">La Zona Arqueol\u00f3gica Caral (ZAC) expresa su rechazo a la noticia difundida ayer, mi\u00e9rcoles 25 de octubre de 2023, por el medio web \u201cLima Gris\u201d, titulada \u201c<\/span><i><span style=\"font-weight: 400;\">Ministerio de Cultura: denuncian presunto CAS direccionado en la Zona Arqueol\u00f3gica Caral\u201d<\/span><\/i><span style=\"font-weight: 400;\">. En dicha nota se indica una serie de falsedades sobre los procesos de contrataci\u00f3n p\u00fablica en la ZAC, por lo que se cumple con aclarar lo siguiente:<\/span><\/p>\n<p><span style=\"font-weight: 400;\">Las convocatorias que efect\u00faa la ZAC cumplen con todos los requisitos establecidos por SERVIR; es decir: la publicaci\u00f3n de la convocatoria, el cronograma y las etapas del procedimiento de contrataci\u00f3n, los mecanismos de evaluaci\u00f3n, los requisitos m\u00ednimos a cumplir por el postulante y las condiciones esenciales del contrato. Toda esta informaci\u00f3n es p\u00fablica y puede ser revisada libremente.<\/span><\/p>\n<p><span style=\"font-weight: 400;\">La ZAC, como toda instituci\u00f3n del Estado, cuenta con un Comit\u00e9 de Selecci\u00f3n, compuesto por cuatro funcionarios que, sobre la base de los requerimientos del puesto, eval\u00faan t\u00e9cnicamente a los postulantes. Si superan esta primera etapa, los postulantes son entrevistados, con el fin de identificar al m\u00e1s id\u00f3neo para la necesidad institucional. Como todo proceso, los resultados son hechos de conocimiento p\u00fablico, y se encuentran en el portal \u201c<a href=\"http:\/\/sys.zonacaral.gob.pe:90\/\">Sistema de Convocatorias CAS<\/a>\u201d, que se ubica en la p\u00e1gina web institucional (www.gob.pe\/caral).<\/span><\/p>\n<p><span style=\"font-weight: 400;\">En el caso mencionado en la noticia, con la convocatoria CAS 017-2023, el d\u00eda 7 de agosto de 2023, la ZAC abri\u00f3 un concurso p\u00fablico para la plaza de <\/span><i><span style=\"font-weight: 400;\">Arque\u00f3logo Jefe de Sector, para el sitio Pueblo Nuevo<\/span><\/i><span style=\"font-weight: 400;\">. De acuerdo con lo indicado por el \u00e1rea usuaria, se solicitaron dos a\u00f1os de experiencia espec\u00edfica. A esa convocatoria se presentaron dos postulantes, entre ellos Ricardo Ra\u00fal Alburqueque Timana. Como ninguno de los postulantes cumpli\u00f3 con el requisito de los dos a\u00f1os de experiencia espec\u00edfica, fueron descalificados y no pasaron a la fase de entrevista personal.<\/span><\/p>\n<p><span style=\"font-weight: 400;\">Este resultado fue comunicado al \u00e1rea usuaria, para que revisara la posibilidad de reajustar el perfil de puesto y volver a hacer la convocatoria. En este punto, debe aclararse que las convocatorias obedecen a la necesidad de contar con personal para desarrollar las actividades programadas. De resultar desiertas y no ocuparse la plaza, no se cumplir\u00eda con las actividades programadas en el Plan Operativo Institucional, ni se ejecutar\u00eda el presupuesto asignado para tal fin. Por ello, en caso de no cubrirse la plaza, a continuaci\u00f3n ciertos requisitos m\u00ednimos solicitados pueden ser reajustados.<\/span><\/p>\n<p><span style=\"font-weight: 400;\">Con la revisi\u00f3n del \u00e1rea usuaria, el 25 de septiembre de 2023 se lanz\u00f3 la nueva convocatoria CAS 022-2023, para la plaza de <\/span><i><span style=\"font-weight: 400;\">Arque\u00f3logo Jefe de sector, para el sitio Pueblo Nuevo. <\/span><\/i><span style=\"font-weight: 400;\">Esta vez se solicit\u00f3 un a\u00f1o de experiencia espec\u00edfica, esperando contar con un mayor n\u00famero de postulantes, y cubrir la necesidad institucional. Al llamado se presentaron dos postulantes, entre ellos, nuevamente, Ricardo Raul Alburqueque Timana. Como resultado, solo Alburqueque Timana cumpli\u00f3 con el requisito del a\u00f1o de experiencia y pas\u00f3 a la entrevista personal. Realizada la entrevista, el Comit\u00e9 de Selecci\u00f3n lo declar\u00f3 ganador.<\/span><\/p>\n<p><span style=\"font-weight: 400;\">Sobre la base de un audio incluido en la nota, donde se afirma que el primer concurso p\u00fablico habr\u00eda sido coordinado internamente con los Jefes de Sede de la ZAC, precisamos que esa afirmaci\u00f3n es completamente falsa, en vista que esos jefes no tienen injerencia alguna en el procedimiento de contrataci\u00f3n, y tampoco participaron en el Comit\u00e9 de Selecci\u00f3n. Como se ha indicado, ese primer proceso concluy\u00f3 con la descalificaci\u00f3n de los dos postulantes por no cumplir con el tiempo de experiencia solicitado, y no por otra raz\u00f3n.<\/span><\/p>\n<p><span style=\"font-weight: 400;\">Para la segunda convocatoria se redujo la solicitud del tiempo de experiencia, no por un hecho \u201cmisterioso\u201d, como se afirma en la noticia, sino para contar con una mayor convocatoria y cubrir la plaza que estaba vacante. Esa convocatoria tambi\u00e9n fue p\u00fablica. El postulante que cumpli\u00f3 con los requisitos t\u00e9cnicos, y super\u00f3 la entrevista personal, fue declarado ganador por el Comit\u00e9 de Selecci\u00f3n, sin alguna injerencia externa.<\/span><\/p>\n<p><span style=\"font-weight: 400;\">Al contar con un Comit\u00e9 de Selecci\u00f3n nombrado para estos casos, la ZAC es aut\u00f3noma para sus contrataciones de personal. Las evaluaciones que se realizan a los candidatos son de \u00edndole t\u00e9cnica y profesional, y no por antecedentes o motivaciones pol\u00edticas. Las autoridades y funcionarios del Ministerio de Cultura no participan en modo alguno en los procesos aut\u00f3nomos de la ZAC.<\/span><\/p>\n<p><span style=\"font-weight: 400;\">Por lo anterior, junto con dejar en claro el proceder de su Comit\u00e9 de Selecci\u00f3n, la Zona Arqueol\u00f3gica Caral reitera su rechazo a la acusaci\u00f3n que se ha presentado en la noticia mencionada. Asimismo, ha derivado este caso a su Secretar\u00eda T\u00e9cnica, para que haga la evaluaci\u00f3n correspondiente e informe al respecto.\u00a0<\/span><\/p>\n<p style=\"text-align: right;\"><span style=\"font-weight: 400;\">Lima, 26 de octubre de 2023<\/span><\/p>\n<\/div>\n<div style=\"color: #1f1f1f;\">\n<p><span style=\"color: #870000;\"><strong style=\"font-size: inherit; text-align: justify;\">Fuente: Comunicaci\u00f3n e Imagen Institucional ZAC<\/strong><\/span><\/p>\n<div style=\"color: #1f1f1f;\">\n<p style=\"text-align: justify;\">Fecha de publicaci\u00f3n: 26\/10\/2023<\/p>\n<\/div>\n<\/div>\n\n\n<p><\/p>\n","protected":false},"excerpt":{"rendered":"<p>La Zona Arqueol\u00f3gica Caral (ZAC) expresa su rechazo a la noticia difundida ayer, mi\u00e9rcoles 25 de octubre de 2023, por [&hellip;]<\/p>\n","protected":false},"author":1,"featured_media":17169,"comment_status":"closed","ping_status":"open","sticky":false,"template":"","format":"standard","meta":{"_acf_changed":false,"site-sidebar-layout":"default","site-content-layout":"","ast-site-content-layout":"default","site-content-style":"default","site-sidebar-style":"default","ast-global-header-display":"","ast-banner-title-visibility":"","ast-main-header-display":"","ast-hfb-above-header-display":"","ast-hfb-below-header-display":"","ast-hfb-mobile-header-display":"","site-post-title":"","ast-breadcrumbs-content":"","ast-featured-img":"","footer-sml-layout":"","ast-disable-related-posts":"","theme-transparent-header-meta":"","adv-header-id-meta":"","stick-header-meta":"","header-above-stick-meta":"","header-main-stick-meta":"","header-below-stick-meta":"","astra-migrate-meta-layouts":"default","ast-page-background-enabled":"default","ast-page-background-meta":{"desktop":{"background-color":"var(--ast-global-color-5)","background-image":"","background-repeat":"repeat","background-position":"center center","background-size":"auto","background-attachment":"scroll","background-type":"","background-media":"","overlay-type":"","overlay-color":"","overlay-opacity":"","overlay-gradient":""},"tablet":{"background-color":"","background-image":"","background-repeat":"repeat","background-position":"center center","background-size":"auto","background-attachment":"scroll","background-type":"","background-media":"","overlay-type":"","overlay-color":"","overlay-opacity":"","overlay-gradient":""},"mobile":{"background-color":"","background-image":"","background-repeat":"repeat","background-position":"center center","background-size":"auto","background-attachment":"scroll","background-type":"","background-media":"","overlay-type":"","overlay-color":"","overlay-opacity":"","overlay-gradient":""}},"ast-content-background-meta":{"desktop":{"background-color":"var(--ast-global-color-4)","background-image":"","background-repeat":"repeat","background-position":"center center","background-size":"auto","background-attachment":"scroll","background-type":"","background-media":"","overlay-type":"","overlay-color":"","overlay-opacity":"","overlay-gradient":""},"tablet":{"background-color":"var(--ast-global-color-4)","background-image":"","background-repeat":"repeat","background-position":"center center","background-size":"auto","background-attachment":"scroll","background-type":"","background-media":"","overlay-type":"","overlay-color":"","overlay-opacity":"","overlay-gradient":""},"mobile":{"background-color":"var(--ast-global-color-4)","background-image":"","background-repeat":"repeat","background-position":"center center","background-size":"auto","background-attachment":"scroll","background-type":"","background-media":"","overlay-type":"","overlay-color":"","overlay-opacity":"","overlay-gradient":""}},"footnotes":""},"categories":[208],"tags":[55,72],"class_list":["post-17200","post","type-post","status-publish","format-standard","has-post-thumbnail","hentry","category-noticias","tag-caral","tag-cultura"],"acf":[],"yoast_head":"<!-- This site is optimized with the Yoast SEO plugin v27.3 - https:\/\/yoast.com\/product\/yoast-seo-wordpress\/ -->\n<title>COMUNICADO<\/title>\n<meta name=\"description\" content=\"La Zona Arqueol\u00f3gica Caral (ZAC) expresa su rechazo a la noticia difundida ayer, mi\u00e9rcoles 25 de octubre de 2023, por el medio web \u201cLima Gris\u201d, titulada \u201cMinisterio de Cultura: denuncian presunto CAS direccionado en la Zona Arqueol\u00f3gica Caral\u201d. En dicha nota se indica una serie de falsedades sobre los procesos de contrataci\u00f3n p\u00fablica en la ZAC, por lo que se cumple con aclarar lo siguiente:\" \/>\n<meta name=\"robots\" content=\"index, follow, max-snippet:-1, max-image-preview:large, max-video-preview:-1\" \/>\n<link rel=\"canonical\" href=\"https:\/\/zonacaral.gob.pe\/es\/noticias\/comunicado-9\/\" \/>\n<meta property=\"og:locale\" content=\"es_ES\" \/>\n<meta property=\"og:type\" content=\"article\" \/>\n<meta property=\"og:title\" content=\"COMUNICADO\" \/>\n<meta property=\"og:description\" content=\"La Zona Arqueol\u00f3gica Caral (ZAC) expresa su rechazo a la noticia difundida ayer, mi\u00e9rcoles 25 de octubre de 2023, por el medio web \u201cLima Gris\u201d, titulada \u201cMinisterio de Cultura: denuncian presunto CAS direccionado en la Zona Arqueol\u00f3gica Caral\u201d. En dicha nota se indica una serie de falsedades sobre los procesos de contrataci\u00f3n p\u00fablica en la ZAC, por lo que se cumple con aclarar lo siguiente:\" \/>\n<meta property=\"og:url\" content=\"https:\/\/zonacaral.gob.pe\/es\/noticias\/comunicado-9\/\" \/>\n<meta property=\"og:site_name\" content=\"Zona Caral\" \/>\n<meta property=\"article:published_time\" content=\"2023-10-26T20:08:16+00:00\" \/>\n<meta property=\"og:image\" content=\"https:\/\/zonacaral.gob.pe\/wp-content\/uploads\/2023\/10\/CARAL.png\" \/>\n\t<meta property=\"og:image:width\" content=\"1000\" \/>\n\t<meta property=\"og:image:height\" content=\"600\" \/>\n\t<meta property=\"og:image:type\" content=\"image\/png\" \/>\n<meta name=\"author\" content=\"Zona Caral Administrador\" \/>\n<meta name=\"twitter:card\" content=\"summary_large_image\" \/>\n<meta name=\"twitter:label1\" content=\"Written by\" \/>\n\t<meta name=\"twitter:data1\" content=\"Zona Caral Administrador\" \/>\n\t<meta name=\"twitter:label2\" content=\"Est. reading time\" \/>\n\t<meta name=\"twitter:data2\" content=\"4 minutos\" \/>\n<script type=\"application\/ld+json\" class=\"yoast-schema-graph\">{\"@context\":\"https:\\\/\\\/schema.org\",\"@graph\":[{\"@type\":\"Article\",\"@id\":\"https:\\\/\\\/zonacaral.gob.pe\\\/es\\\/noticias\\\/comunicado-9\\\/#article\",\"isPartOf\":{\"@id\":\"https:\\\/\\\/zonacaral.gob.pe\\\/es\\\/noticias\\\/comunicado-9\\\/\"},\"author\":{\"name\":\"Zona Caral Administrador\",\"@id\":\"https:\\\/\\\/zonacaral.gob.pe\\\/es\\\/#\\\/schema\\\/person\\\/beddb4d22f71a7230c5b90913270a0ee\"},\"headline\":\"COMUNICADO\",\"datePublished\":\"2023-10-26T20:08:16+00:00\",\"mainEntityOfPage\":{\"@id\":\"https:\\\/\\\/zonacaral.gob.pe\\\/es\\\/noticias\\\/comunicado-9\\\/\"},\"wordCount\":828,\"image\":{\"@id\":\"https:\\\/\\\/zonacaral.gob.pe\\\/es\\\/noticias\\\/comunicado-9\\\/#primaryimage\"},\"thumbnailUrl\":\"https:\\\/\\\/zonacaral.gob.pe\\\/wp-content\\\/uploads\\\/2023\\\/10\\\/CARAL.png\",\"keywords\":[\"caral\",\"Cultura\"],\"articleSection\":[\"noticias\"],\"inLanguage\":\"es-PE\"},{\"@type\":\"WebPage\",\"@id\":\"https:\\\/\\\/zonacaral.gob.pe\\\/es\\\/noticias\\\/comunicado-9\\\/\",\"url\":\"https:\\\/\\\/zonacaral.gob.pe\\\/es\\\/noticias\\\/comunicado-9\\\/\",\"name\":\"COMUNICADO\",\"isPartOf\":{\"@id\":\"https:\\\/\\\/zonacaral.gob.pe\\\/es\\\/#website\"},\"primaryImageOfPage\":{\"@id\":\"https:\\\/\\\/zonacaral.gob.pe\\\/es\\\/noticias\\\/comunicado-9\\\/#primaryimage\"},\"image\":{\"@id\":\"https:\\\/\\\/zonacaral.gob.pe\\\/es\\\/noticias\\\/comunicado-9\\\/#primaryimage\"},\"thumbnailUrl\":\"https:\\\/\\\/zonacaral.gob.pe\\\/wp-content\\\/uploads\\\/2023\\\/10\\\/CARAL.png\",\"datePublished\":\"2023-10-26T20:08:16+00:00\",\"author\":{\"@id\":\"https:\\\/\\\/zonacaral.gob.pe\\\/es\\\/#\\\/schema\\\/person\\\/beddb4d22f71a7230c5b90913270a0ee\"},\"description\":\"La Zona Arqueol\u00f3gica Caral (ZAC) expresa su rechazo a la noticia difundida ayer, mi\u00e9rcoles 25 de octubre de 2023, por el medio web \u201cLima Gris\u201d, titulada \u201cMinisterio de Cultura: denuncian presunto CAS direccionado en la Zona Arqueol\u00f3gica Caral\u201d. En dicha nota se indica una serie de falsedades sobre los procesos de contrataci\u00f3n p\u00fablica en la ZAC, por lo que se cumple con aclarar lo siguiente:\",\"breadcrumb\":{\"@id\":\"https:\\\/\\\/zonacaral.gob.pe\\\/es\\\/noticias\\\/comunicado-9\\\/#breadcrumb\"},\"inLanguage\":\"es-PE\",\"potentialAction\":[{\"@type\":\"ReadAction\",\"target\":[\"https:\\\/\\\/zonacaral.gob.pe\\\/es\\\/noticias\\\/comunicado-9\\\/\"]}]},{\"@type\":\"ImageObject\",\"inLanguage\":\"es-PE\",\"@id\":\"https:\\\/\\\/zonacaral.gob.pe\\\/es\\\/noticias\\\/comunicado-9\\\/#primaryimage\",\"url\":\"https:\\\/\\\/zonacaral.gob.pe\\\/wp-content\\\/uploads\\\/2023\\\/10\\\/CARAL.png\",\"contentUrl\":\"https:\\\/\\\/zonacaral.gob.pe\\\/wp-content\\\/uploads\\\/2023\\\/10\\\/CARAL.png\",\"width\":1000,\"height\":600},{\"@type\":\"BreadcrumbList\",\"@id\":\"https:\\\/\\\/zonacaral.gob.pe\\\/es\\\/noticias\\\/comunicado-9\\\/#breadcrumb\",\"itemListElement\":[{\"@type\":\"ListItem\",\"position\":1,\"name\":\"Portada\",\"item\":\"https:\\\/\\\/zonacaral.gob.pe\\\/\"},{\"@type\":\"ListItem\",\"position\":2,\"name\":\"COMUNICADO\"}]},{\"@type\":\"WebSite\",\"@id\":\"https:\\\/\\\/zonacaral.gob.pe\\\/es\\\/#website\",\"url\":\"https:\\\/\\\/zonacaral.gob.pe\\\/es\\\/\",\"name\":\"Zona Caral\",\"description\":\"Investigamos, conservamos y difundimos el patrimonio cultural de la Civilizaci\u00f3n Caral, la m\u00e1s antigua de Am\u00e9rica.\",\"potentialAction\":[{\"@type\":\"SearchAction\",\"target\":{\"@type\":\"EntryPoint\",\"urlTemplate\":\"https:\\\/\\\/zonacaral.gob.pe\\\/es\\\/?s={search_term_string}\"},\"query-input\":{\"@type\":\"PropertyValueSpecification\",\"valueRequired\":true,\"valueName\":\"search_term_string\"}}],\"inLanguage\":\"es-PE\"},{\"@type\":\"Person\",\"@id\":\"https:\\\/\\\/zonacaral.gob.pe\\\/es\\\/#\\\/schema\\\/person\\\/beddb4d22f71a7230c5b90913270a0ee\",\"name\":\"Zona Caral Administrador\",\"image\":{\"@type\":\"ImageObject\",\"inLanguage\":\"es-PE\",\"@id\":\"https:\\\/\\\/secure.gravatar.com\\\/avatar\\\/e4be162918a696358376de6446614e0f0f4062bdc5d170d6d540ada3d8b58c12?s=96&d=mm&r=g\",\"url\":\"https:\\\/\\\/secure.gravatar.com\\\/avatar\\\/e4be162918a696358376de6446614e0f0f4062bdc5d170d6d540ada3d8b58c12?s=96&d=mm&r=g\",\"contentUrl\":\"https:\\\/\\\/secure.gravatar.com\\\/avatar\\\/e4be162918a696358376de6446614e0f0f4062bdc5d170d6d540ada3d8b58c12?s=96&d=mm&r=g\",\"caption\":\"Zona Caral Administrador\"},\"sameAs\":[\"https:\\\/\\\/zonacaral.gob.pe\"],\"url\":\"https:\\\/\\\/zonacaral.gob.pe\\\/es\\\/noticias\\\/author\\\/ad_zonacaral\\\/\"}]}<\/script>\n<!-- \/ Yoast SEO plugin. -->","yoast_head_json":{"title":"COMUNICADO","description":"La Zona Arqueol\u00f3gica Caral (ZAC) expresa su rechazo a la noticia difundida ayer, mi\u00e9rcoles 25 de octubre de 2023, por el medio web \u201cLima Gris\u201d, titulada \u201cMinisterio de Cultura: denuncian presunto CAS direccionado en la Zona Arqueol\u00f3gica Caral\u201d. En dicha nota se indica una serie de falsedades sobre los procesos de contrataci\u00f3n p\u00fablica en la ZAC, por lo que se cumple con aclarar lo siguiente:","robots":{"index":"index","follow":"follow","max-snippet":"max-snippet:-1","max-image-preview":"max-image-preview:large","max-video-preview":"max-video-preview:-1"},"canonical":"https:\/\/zonacaral.gob.pe\/es\/noticias\/comunicado-9\/","og_locale":"es_ES","og_type":"article","og_title":"COMUNICADO","og_description":"La Zona Arqueol\u00f3gica Caral (ZAC) expresa su rechazo a la noticia difundida ayer, mi\u00e9rcoles 25 de octubre de 2023, por el medio web \u201cLima Gris\u201d, titulada \u201cMinisterio de Cultura: denuncian presunto CAS direccionado en la Zona Arqueol\u00f3gica Caral\u201d. En dicha nota se indica una serie de falsedades sobre los procesos de contrataci\u00f3n p\u00fablica en la ZAC, por lo que se cumple con aclarar lo siguiente:","og_url":"https:\/\/zonacaral.gob.pe\/es\/noticias\/comunicado-9\/","og_site_name":"Zona Caral","article_published_time":"2023-10-26T20:08:16+00:00","og_image":[{"width":1000,"height":600,"url":"https:\/\/zonacaral.gob.pe\/wp-content\/uploads\/2023\/10\/CARAL.png","type":"image\/png"}],"author":"Zona Caral Administrador","twitter_card":"summary_large_image","twitter_misc":{"Written by":"Zona Caral Administrador","Est. reading time":"4 minutos"},"schema":{"@context":"https:\/\/schema.org","@graph":[{"@type":"Article","@id":"https:\/\/zonacaral.gob.pe\/es\/noticias\/comunicado-9\/#article","isPartOf":{"@id":"https:\/\/zonacaral.gob.pe\/es\/noticias\/comunicado-9\/"},"author":{"name":"Zona Caral Administrador","@id":"https:\/\/zonacaral.gob.pe\/es\/#\/schema\/person\/beddb4d22f71a7230c5b90913270a0ee"},"headline":"COMUNICADO","datePublished":"2023-10-26T20:08:16+00:00","mainEntityOfPage":{"@id":"https:\/\/zonacaral.gob.pe\/es\/noticias\/comunicado-9\/"},"wordCount":828,"image":{"@id":"https:\/\/zonacaral.gob.pe\/es\/noticias\/comunicado-9\/#primaryimage"},"thumbnailUrl":"https:\/\/zonacaral.gob.pe\/wp-content\/uploads\/2023\/10\/CARAL.png","keywords":["caral","Cultura"],"articleSection":["noticias"],"inLanguage":"es-PE"},{"@type":"WebPage","@id":"https:\/\/zonacaral.gob.pe\/es\/noticias\/comunicado-9\/","url":"https:\/\/zonacaral.gob.pe\/es\/noticias\/comunicado-9\/","name":"COMUNICADO","isPartOf":{"@id":"https:\/\/zonacaral.gob.pe\/es\/#website"},"primaryImageOfPage":{"@id":"https:\/\/zonacaral.gob.pe\/es\/noticias\/comunicado-9\/#primaryimage"},"image":{"@id":"https:\/\/zonacaral.gob.pe\/es\/noticias\/comunicado-9\/#primaryimage"},"thumbnailUrl":"https:\/\/zonacaral.gob.pe\/wp-content\/uploads\/2023\/10\/CARAL.png","datePublished":"2023-10-26T20:08:16+00:00","author":{"@id":"https:\/\/zonacaral.gob.pe\/es\/#\/schema\/person\/beddb4d22f71a7230c5b90913270a0ee"},"description":"La Zona Arqueol\u00f3gica Caral (ZAC) expresa su rechazo a la noticia difundida ayer, mi\u00e9rcoles 25 de octubre de 2023, por el medio web \u201cLima Gris\u201d, titulada \u201cMinisterio de Cultura: denuncian presunto CAS direccionado en la Zona Arqueol\u00f3gica Caral\u201d. En dicha nota se indica una serie de falsedades sobre los procesos de contrataci\u00f3n p\u00fablica en la ZAC, por lo que se cumple con aclarar lo siguiente:","breadcrumb":{"@id":"https:\/\/zonacaral.gob.pe\/es\/noticias\/comunicado-9\/#breadcrumb"},"inLanguage":"es-PE","potentialAction":[{"@type":"ReadAction","target":["https:\/\/zonacaral.gob.pe\/es\/noticias\/comunicado-9\/"]}]},{"@type":"ImageObject","inLanguage":"es-PE","@id":"https:\/\/zonacaral.gob.pe\/es\/noticias\/comunicado-9\/#primaryimage","url":"https:\/\/zonacaral.gob.pe\/wp-content\/uploads\/2023\/10\/CARAL.png","contentUrl":"https:\/\/zonacaral.gob.pe\/wp-content\/uploads\/2023\/10\/CARAL.png","width":1000,"height":600},{"@type":"BreadcrumbList","@id":"https:\/\/zonacaral.gob.pe\/es\/noticias\/comunicado-9\/#breadcrumb","itemListElement":[{"@type":"ListItem","position":1,"name":"Portada","item":"https:\/\/zonacaral.gob.pe\/"},{"@type":"ListItem","position":2,"name":"COMUNICADO"}]},{"@type":"WebSite","@id":"https:\/\/zonacaral.gob.pe\/es\/#website","url":"https:\/\/zonacaral.gob.pe\/es\/","name":"Zona Caral","description":"Investigamos, conservamos y difundimos el patrimonio cultural de la Civilizaci\u00f3n Caral, la m\u00e1s antigua de Am\u00e9rica.","potentialAction":[{"@type":"SearchAction","target":{"@type":"EntryPoint","urlTemplate":"https:\/\/zonacaral.gob.pe\/es\/?s={search_term_string}"},"query-input":{"@type":"PropertyValueSpecification","valueRequired":true,"valueName":"search_term_string"}}],"inLanguage":"es-PE"},{"@type":"Person","@id":"https:\/\/zonacaral.gob.pe\/es\/#\/schema\/person\/beddb4d22f71a7230c5b90913270a0ee","name":"Zona Caral Administrador","image":{"@type":"ImageObject","inLanguage":"es-PE","@id":"https:\/\/secure.gravatar.com\/avatar\/e4be162918a696358376de6446614e0f0f4062bdc5d170d6d540ada3d8b58c12?s=96&d=mm&r=g","url":"https:\/\/secure.gravatar.com\/avatar\/e4be162918a696358376de6446614e0f0f4062bdc5d170d6d540ada3d8b58c12?s=96&d=mm&r=g","contentUrl":"https:\/\/secure.gravatar.com\/avatar\/e4be162918a696358376de6446614e0f0f4062bdc5d170d6d540ada3d8b58c12?s=96&d=mm&r=g","caption":"Zona Caral Administrador"},"sameAs":["https:\/\/zonacaral.gob.pe"],"url":"https:\/\/zonacaral.gob.pe\/es\/noticias\/author\/ad_zonacaral\/"}]}},"_links":{"self":[{"href":"https:\/\/zonacaral.gob.pe\/es\/wp-json\/wp\/v2\/posts\/17200","targetHints":{"allow":["GET"]}}],"collection":[{"href":"https:\/\/zonacaral.gob.pe\/es\/wp-json\/wp\/v2\/posts"}],"about":[{"href":"https:\/\/zonacaral.gob.pe\/es\/wp-json\/wp\/v2\/types\/post"}],"author":[{"embeddable":true,"href":"https:\/\/zonacaral.gob.pe\/es\/wp-json\/wp\/v2\/users\/1"}],"replies":[{"embeddable":true,"href":"https:\/\/zonacaral.gob.pe\/es\/wp-json\/wp\/v2\/comments?post=17200"}],"version-history":[{"count":0,"href":"https:\/\/zonacaral.gob.pe\/es\/wp-json\/wp\/v2\/posts\/17200\/revisions"}],"wp:featuredmedia":[{"embeddable":true,"href":"https:\/\/zonacaral.gob.pe\/es\/wp-json\/wp\/v2\/media\/17169"}],"wp:attachment":[{"href":"https:\/\/zonacaral.gob.pe\/es\/wp-json\/wp\/v2\/media?parent=17200"}],"wp:term":[{"taxonomy":"category","embeddable":true,"href":"https:\/\/zonacaral.gob.pe\/es\/wp-json\/wp\/v2\/categories?post=17200"},{"taxonomy":"post_tag","embeddable":true,"href":"https:\/\/zonacaral.gob.pe\/es\/wp-json\/wp\/v2\/tags?post=17200"}],"curies":[{"name":"wp","href":"https:\/\/api.w.org\/{rel}","templated":true}]}}