{"id":17206,"date":"2023-10-27T17:49:40","date_gmt":"2023-10-27T22:49:40","guid":{"rendered":"https:\/\/www.zonacaral.gob.pe\/?p=17206"},"modified":"2023-10-27T17:49:40","modified_gmt":"2023-10-27T22:49:40","slug":"caral-29-aniversario-premiamos-la-creatividad-de-escolares-del-valle-de-supe","status":"publish","type":"post","link":"https:\/\/zonacaral.gob.pe\/es\/noticias\/caral-29-aniversario-premiamos-la-creatividad-de-escolares-del-valle-de-supe\/","title":{"rendered":"CARAL, 29\u00b0 ANIVERSARIO: premiamos la creatividad de escolares del valle de Supe"},"content":{"rendered":"<figure class=\"pic-autor\" style=\"color: #4d4d4d; text-align: justify;\"><\/figure>\n<div class=\"gmail_default\" style=\"text-align: justify;\">\n<blockquote>\n<p><i><span style=\"font-weight: 400;\">Cuidamos el patrimonio cultural del Per\u00fa y del mundo.<\/span><\/i><\/p>\n<\/blockquote>\n<p><span style=\"font-weight: 400;\">Decenas de alumnos de diferentes colegios del valle de Supe participaron en los concursos de \u201cModelado en Arcilla\u201d y de \u201cDibujo y Pintura\u201d, organizados por la <\/span><a href=\"https:\/\/www.instagram.com\/caralperu\/?hl=es\"><span style=\"font-weight: 400;\">Zona Arqueol\u00f3gica Caral<\/span><\/a><span style=\"font-weight: 400;\">, Unidad Ejecutora 003 del Ministerio de Cultura, en coordinaci\u00f3n con la UGEL 16 de Barranca, para conmemorar el 29\u00b0 aniversario del inicio de las investigaciones sobre la Civilizaci\u00f3n Caral.<\/span><\/p>\n<p><span style=\"font-weight: 400;\">Esta actividad tambi\u00e9n busca que los escolares se identifiquen y apropien de su patrimonio cultural, desarrollado hace cinco mil a\u00f1os, en la misma \u00e1rea geogr\u00e1fica en que nacieron. Asimismo, incentiva la creatividad, la habilidad motora y su apreciaci\u00f3n sobre el arte, inspir\u00e1ndose en la Ciudad Sagrada de Caral, Patrimonio Mundial, y sus diferentes hallazgos.<\/span><\/p>\n<p><span style=\"font-weight: 400;\">Previo al desarrollo de los concursos todos los participantes, acompa\u00f1ados de sus profesores, fueron guiados por el principal centro urbano de la primera civilizaci\u00f3n de Am\u00e9rica. Los arque\u00f3logos y gu\u00edas del sitio, de manera did\u00e1ctica y din\u00e1mica, fueron transmitiendo a los estudiantes los valores de Caral.<\/span><\/p>\n<p><b>\u201cV Concurso de Dibujo y Pintura\u201d<\/b><\/p>\n<p><span style=\"font-weight: 400;\">Este evento convoc\u00f3 a los centros educativos: I.E. N\u00b0 20859 (Lim\u00e1n), IE N\u00b0 21585 (Llamahuaca), I.E. N\u00b0 21586 \u00abAndr\u00e9s Avelino C\u00e1ceres\u00bb (Caral), I.E. N\u00b0 21622 (Las Minas), I.E. N\u00b0 21000 (Pe\u00f1ico), I.E. N\u00b0 20879 (Monguete).<\/span><\/p>\n<p><span style=\"font-weight: 400;\">En total fueron 42 alumnos participantes, desde el nivel inicial hasta el sexto grado de primaria, quienes fueron divididos en tres categor\u00edas (A, B y C). A ellos se les entreg\u00f3 los materiales necesarios: caja de colores, cartulina, l\u00e1piz y borrador.<\/span><\/p>\n<p><span style=\"font-weight: 400;\">El jurado estuvo conformado por personal de la ZAC: Lic. Evedardo Vitonera, coordinador de la Subdirecci\u00f3n de Relaciones Comunitarias en Barranca y Huaura; el educador Lic. Mario Zorrilla y el arque\u00f3logo Alan R\u00edos, jefe del sitio Ciudad Sagrada de Caral.<\/span><\/p>\n<p><b>GANADORES CATEGOR\u00cdA A &#8211; NIVEL INICIAL<\/b><\/p>\n<ul>\n<li><span style=\"font-weight: 400;\">Primer Puesto: Nayara Huaromo &#8211; Instituci\u00f3n: I.E.I N\u00b0662 \u2013 Centro Poblado Caral.<\/span><\/li>\n<li><span style=\"font-weight: 400;\">Segundo Puesto: Keylor Arraga &#8211; Instituci\u00f3n: I.E.I N\u00b0658 \u2013 Centro Poblado Las Minas.<\/span><\/li>\n<\/ul>\n<p><b>GANADORES CATEGOR\u00cdA B \u2013 NIVEL PRIMARIA (1\u00b0, 2\u00b0, 3\u00b0 grado)<\/b><\/p>\n<ul>\n<li><span style=\"font-weight: 400;\">Primer Puesto: Edder Tapia &#8211; Instituci\u00f3n: I.E. N\u00b0662 &#8211; Centro Poblado Caral.<\/span><\/li>\n<li><span style=\"font-weight: 400;\">Segundo Puesto: Yamilet Riojas &#8211; Instituci\u00f3n: I.E. N\u00b020859 &#8211; Centro Poblado Lim\u00e1n.<\/span><\/li>\n<\/ul>\n<p><b>GANADORES CATEGOR\u00cdA C \u2013 NIVEL PRIMARIO (4\u00b0, 5\u00b0 y 6\u00b0 grado)<\/b><\/p>\n<ul>\n<li><span style=\"font-weight: 400;\">Primer Puesto: Darlinne Ramos &#8211; Instituci\u00f3n: I.E. N\u00b0 662 &#8211; Centro Poblado Caral.<\/span><\/li>\n<li><span style=\"font-weight: 400;\">Segundo Puesto: Ana Paula Herrera &#8211; Instituci\u00f3n: I.E. N\u00b0 21000 &#8211; Centro Poblado Pe\u00f1ico.<\/span><\/li>\n<\/ul>\n<p><b>\u201cVI Concurso de Modelado de Arcilla\u201d<\/b><\/p>\n<p><span style=\"font-weight: 400;\">En este concurso participaron los colegios: I. E. N\u00b0 20859 de Lim\u00e1n, I. E. N\u00b0 21585 de Llamahuaca, I. E. N\u00b0 21586 \u00abAndr\u00e9s Avelino C\u00e1ceres\u00bb de Caral, I. E. N\u00b0 21622 Primaria de Las Minas, I. E. N\u00b0 21000 de Pe\u00f1ico, I. E. N\u00b020889 de Jaiva, I. E. N\u00b0 20879 de Monguete y la I. E. N\u00b020536 \u2013 de El Molino.<\/span><\/p>\n<p><span style=\"font-weight: 400;\">A este concurso tambi\u00e9n se inscribieron 42 alumnos. De primero a sexto grado de primaria. Los cuales fueron divididos en dos categor\u00edas: categor\u00eda \u201cA\u201d: 1\u00b0, 2\u00b0 y 3\u00b0 grado; y categor\u00eda \u201cB\u201d: 4\u00b0, 5\u00b0 y 6\u00b0.<\/span><\/p>\n<p><span style=\"font-weight: 400;\">Todos los participantes recibieron los materiales respectivos para desarrollar su creatividad. Ellos desarrollaron esculturas similares a los hallazgos realizados en la Ciudad Sagrada de Caral, mientras que otros dise\u00f1aron la pir\u00e1mide principal del sitio. Al final, fueron dos ganadores por categor\u00eda, elegidos por los jurados: arque\u00f3logo Alan R\u00edos y el se\u00f1or Evedardo Vitonera.<\/span><\/p>\n<p><span style=\"font-weight: 400;\">Los premios entregados fueron: una bicicleta y diploma de participaci\u00f3n a los que ocuparon el primer lugar; y una mochila, un kit escolar y un diploma a los que quedaron en segundo lugar.<\/span><\/p>\n<p><span style=\"font-weight: 400;\">Cabe resaltar que estos reconocimientos fueron donaciones recibidas de organizaciones p\u00fablicas y privadas, que se identifican con la cultura y promueven el desarrollo de los ni\u00f1os en el valle de Supe. Ellos son: UGEL N\u00b016 (material para modelado de arcilla, diplomas y l\u00e1pices), Municipalidad Distrital de Supe Puerto (materiales para el concurso de dibujo y pintura), Librer\u00eda Universo (Kits escolares), AGROSUO S. A. (refrigerios para participantes), C\u00e1mara de Turismo de la Provincia de Barranca y Patronato Ciudad Sagrada de Caral (donaron bicicletas).<\/span><\/p>\n<p><strong>DATO<\/strong><\/p>\n<p><span style=\"font-weight: 400;\">La Zona Arqueol\u00f3gica Caral, a pesar de haber suspendido las diversas actividades por el 29 aniversario del inicio de la investigaci\u00f3n, conservaci\u00f3n y difusi\u00f3n de la civilizaci\u00f3n Caral y de la puesta en valor de su centro urbano Ciudad Sagrada de Caral, ha continuado con los concursos escolares que buscan acercar el patrimonio cultural a la poblaci\u00f3n aleda\u00f1a a los sitios arqueol\u00f3gicos, para generar identidad y orgullo en los ni\u00f1os y j\u00f3venes de esta parte del pa\u00eds. <\/span><\/p>\n<p><span style=\"color: #850707;\"><strong style=\"font-size: inherit; text-align: justify;\">Fuente: Comunicaci\u00f3n e Imagen Institucional ZAC<\/strong><\/span><\/p>\n<\/div>\n<div style=\"color: #1f1f1f;\">\n<div style=\"color: #1f1f1f;\">\n<p style=\"text-align: justify;\">Fecha de publicaci\u00f3n: 27\/10\/2023<\/p>\n<\/div>\n<\/div>\n\n\n<p><\/p>\n","protected":false},"excerpt":{"rendered":"<p>Cuidamos el patrimonio cultural del Per\u00fa y del mundo. Decenas de alumnos de diferentes colegios del valle de Supe participaron [&hellip;]<\/p>\n","protected":false},"author":1,"featured_media":17208,"comment_status":"closed","ping_status":"open","sticky":false,"template":"","format":"standard","meta":{"_acf_changed":false,"site-sidebar-layout":"default","site-content-layout":"","ast-site-content-layout":"default","site-content-style":"default","site-sidebar-style":"default","ast-global-header-display":"","ast-banner-title-visibility":"","ast-main-header-display":"","ast-hfb-above-header-display":"","ast-hfb-below-header-display":"","ast-hfb-mobile-header-display":"","site-post-title":"","ast-breadcrumbs-content":"","ast-featured-img":"","footer-sml-layout":"","ast-disable-related-posts":"","theme-transparent-header-meta":"","adv-header-id-meta":"","stick-header-meta":"","header-above-stick-meta":"","header-main-stick-meta":"","header-below-stick-meta":"","astra-migrate-meta-layouts":"default","ast-page-background-enabled":"default","ast-page-background-meta":{"desktop":{"background-color":"var(--ast-global-color-5)","background-image":"","background-repeat":"repeat","background-position":"center center","background-size":"auto","background-attachment":"scroll","background-type":"","background-media":"","overlay-type":"","overlay-color":"","overlay-opacity":"","overlay-gradient":""},"tablet":{"background-color":"","background-image":"","background-repeat":"repeat","background-position":"center center","background-size":"auto","background-attachment":"scroll","background-type":"","background-media":"","overlay-type":"","overlay-color":"","overlay-opacity":"","overlay-gradient":""},"mobile":{"background-color":"","background-image":"","background-repeat":"repeat","background-position":"center center","background-size":"auto","background-attachment":"scroll","background-type":"","background-media":"","overlay-type":"","overlay-color":"","overlay-opacity":"","overlay-gradient":""}},"ast-content-background-meta":{"desktop":{"background-color":"var(--ast-global-color-4)","background-image":"","background-repeat":"repeat","background-position":"center center","background-size":"auto","background-attachment":"scroll","background-type":"","background-media":"","overlay-type":"","overlay-color":"","overlay-opacity":"","overlay-gradient":""},"tablet":{"background-color":"var(--ast-global-color-4)","background-image":"","background-repeat":"repeat","background-position":"center center","background-size":"auto","background-attachment":"scroll","background-type":"","background-media":"","overlay-type":"","overlay-color":"","overlay-opacity":"","overlay-gradient":""},"mobile":{"background-color":"var(--ast-global-color-4)","background-image":"","background-repeat":"repeat","background-position":"center center","background-size":"auto","background-attachment":"scroll","background-type":"","background-media":"","overlay-type":"","overlay-color":"","overlay-opacity":"","overlay-gradient":""}},"footnotes":""},"categories":[208],"tags":[55,72],"class_list":["post-17206","post","type-post","status-publish","format-standard","has-post-thumbnail","hentry","category-noticias","tag-caral","tag-cultura"],"acf":[],"yoast_head":"<!-- This site is optimized with the Yoast SEO plugin v27.3 - https:\/\/yoast.com\/product\/yoast-seo-wordpress\/ -->\n<title>Zona Arqueol\u00f3gica Caral ejecuta acciones de prevenci\u00f3n ante el fen\u00f3meno de El Ni\u00f1o<\/title>\n<meta name=\"description\" content=\"La Zona Arqueol\u00f3gica Caral (ZAC), Unidad Ejecutora 003 del Ministerio de Cultura, viene realizando diversas acciones de prevenci\u00f3n y mitigaci\u00f3n, bajo un programa y planeamiento estrat\u00e9gico, para proteger los doce sitios arqueol\u00f3gicos que investiga, y que forman parte de la Civilizaci\u00f3n Caral (3000 \u2013 1800 a. C.), de los posibles da\u00f1os que pueda causar el fen\u00f3meno de El Ni\u00f1o, el cual se prev\u00e9 que pueda afectar a nuestro pa\u00eds en noviembre o diciembre de 2023, o en enero de 2024.\" \/>\n<meta name=\"robots\" content=\"index, follow, max-snippet:-1, max-image-preview:large, max-video-preview:-1\" \/>\n<link rel=\"canonical\" href=\"https:\/\/zonacaral.gob.pe\/es\/noticias\/caral-29-aniversario-premiamos-la-creatividad-de-escolares-del-valle-de-supe\/\" \/>\n<meta property=\"og:locale\" content=\"es_ES\" \/>\n<meta property=\"og:type\" content=\"article\" \/>\n<meta property=\"og:title\" content=\"Zona Arqueol\u00f3gica Caral ejecuta acciones de prevenci\u00f3n ante el fen\u00f3meno de El Ni\u00f1o\" \/>\n<meta property=\"og:description\" content=\"La Zona Arqueol\u00f3gica Caral (ZAC), Unidad Ejecutora 003 del Ministerio de Cultura, viene realizando diversas acciones de prevenci\u00f3n y mitigaci\u00f3n, bajo un programa y planeamiento estrat\u00e9gico, para proteger los doce sitios arqueol\u00f3gicos que investiga, y que forman parte de la Civilizaci\u00f3n Caral (3000 \u2013 1800 a. C.), de los posibles da\u00f1os que pueda causar el fen\u00f3meno de El Ni\u00f1o, el cual se prev\u00e9 que pueda afectar a nuestro pa\u00eds en noviembre o diciembre de 2023, o en enero de 2024.\" \/>\n<meta property=\"og:url\" content=\"https:\/\/zonacaral.gob.pe\/es\/noticias\/caral-29-aniversario-premiamos-la-creatividad-de-escolares-del-valle-de-supe\/\" \/>\n<meta property=\"og:site_name\" content=\"Zona Caral\" \/>\n<meta property=\"article:published_time\" content=\"2023-10-27T22:49:40+00:00\" \/>\n<meta property=\"og:image\" content=\"https:\/\/zonacaral.gob.pe\/wp-content\/uploads\/2023\/10\/concurso_1.jpeg\" \/>\n\t<meta property=\"og:image:width\" content=\"645\" \/>\n\t<meta property=\"og:image:height\" content=\"363\" \/>\n\t<meta property=\"og:image:type\" content=\"image\/jpeg\" \/>\n<meta name=\"author\" content=\"Zona Caral Administrador\" \/>\n<meta name=\"twitter:card\" content=\"summary_large_image\" \/>\n<meta name=\"twitter:label1\" content=\"Written by\" \/>\n\t<meta name=\"twitter:data1\" content=\"Zona Caral Administrador\" \/>\n\t<meta name=\"twitter:label2\" content=\"Est. reading time\" \/>\n\t<meta name=\"twitter:data2\" content=\"4 minutos\" \/>\n<script type=\"application\/ld+json\" class=\"yoast-schema-graph\">{\"@context\":\"https:\\\/\\\/schema.org\",\"@graph\":[{\"@type\":\"Article\",\"@id\":\"https:\\\/\\\/zonacaral.gob.pe\\\/es\\\/noticias\\\/caral-29-aniversario-premiamos-la-creatividad-de-escolares-del-valle-de-supe\\\/#article\",\"isPartOf\":{\"@id\":\"https:\\\/\\\/zonacaral.gob.pe\\\/es\\\/noticias\\\/caral-29-aniversario-premiamos-la-creatividad-de-escolares-del-valle-de-supe\\\/\"},\"author\":{\"name\":\"Zona Caral Administrador\",\"@id\":\"https:\\\/\\\/zonacaral.gob.pe\\\/es\\\/#\\\/schema\\\/person\\\/beddb4d22f71a7230c5b90913270a0ee\"},\"headline\":\"CARAL, 29\u00b0 ANIVERSARIO: premiamos la creatividad de escolares del valle de Supe\",\"datePublished\":\"2023-10-27T22:49:40+00:00\",\"mainEntityOfPage\":{\"@id\":\"https:\\\/\\\/zonacaral.gob.pe\\\/es\\\/noticias\\\/caral-29-aniversario-premiamos-la-creatividad-de-escolares-del-valle-de-supe\\\/\"},\"wordCount\":805,\"image\":{\"@id\":\"https:\\\/\\\/zonacaral.gob.pe\\\/es\\\/noticias\\\/caral-29-aniversario-premiamos-la-creatividad-de-escolares-del-valle-de-supe\\\/#primaryimage\"},\"thumbnailUrl\":\"https:\\\/\\\/zonacaral.gob.pe\\\/wp-content\\\/uploads\\\/2023\\\/10\\\/concurso_1.jpeg\",\"keywords\":[\"caral\",\"Cultura\"],\"articleSection\":[\"noticias\"],\"inLanguage\":\"es-PE\"},{\"@type\":\"WebPage\",\"@id\":\"https:\\\/\\\/zonacaral.gob.pe\\\/es\\\/noticias\\\/caral-29-aniversario-premiamos-la-creatividad-de-escolares-del-valle-de-supe\\\/\",\"url\":\"https:\\\/\\\/zonacaral.gob.pe\\\/es\\\/noticias\\\/caral-29-aniversario-premiamos-la-creatividad-de-escolares-del-valle-de-supe\\\/\",\"name\":\"Zona Arqueol\u00f3gica Caral ejecuta acciones de prevenci\u00f3n ante el fen\u00f3meno de El Ni\u00f1o\",\"isPartOf\":{\"@id\":\"https:\\\/\\\/zonacaral.gob.pe\\\/es\\\/#website\"},\"primaryImageOfPage\":{\"@id\":\"https:\\\/\\\/zonacaral.gob.pe\\\/es\\\/noticias\\\/caral-29-aniversario-premiamos-la-creatividad-de-escolares-del-valle-de-supe\\\/#primaryimage\"},\"image\":{\"@id\":\"https:\\\/\\\/zonacaral.gob.pe\\\/es\\\/noticias\\\/caral-29-aniversario-premiamos-la-creatividad-de-escolares-del-valle-de-supe\\\/#primaryimage\"},\"thumbnailUrl\":\"https:\\\/\\\/zonacaral.gob.pe\\\/wp-content\\\/uploads\\\/2023\\\/10\\\/concurso_1.jpeg\",\"datePublished\":\"2023-10-27T22:49:40+00:00\",\"author\":{\"@id\":\"https:\\\/\\\/zonacaral.gob.pe\\\/es\\\/#\\\/schema\\\/person\\\/beddb4d22f71a7230c5b90913270a0ee\"},\"description\":\"La Zona Arqueol\u00f3gica Caral (ZAC), Unidad Ejecutora 003 del Ministerio de Cultura, viene realizando diversas acciones de prevenci\u00f3n y mitigaci\u00f3n, bajo un programa y planeamiento estrat\u00e9gico, para proteger los doce sitios arqueol\u00f3gicos que investiga, y que forman parte de la Civilizaci\u00f3n Caral (3000 \u2013 1800 a. C.), de los posibles da\u00f1os que pueda causar el fen\u00f3meno de El Ni\u00f1o, el cual se prev\u00e9 que pueda afectar a nuestro pa\u00eds en noviembre o diciembre de 2023, o en enero de 2024.\",\"breadcrumb\":{\"@id\":\"https:\\\/\\\/zonacaral.gob.pe\\\/es\\\/noticias\\\/caral-29-aniversario-premiamos-la-creatividad-de-escolares-del-valle-de-supe\\\/#breadcrumb\"},\"inLanguage\":\"es-PE\",\"potentialAction\":[{\"@type\":\"ReadAction\",\"target\":[\"https:\\\/\\\/zonacaral.gob.pe\\\/es\\\/noticias\\\/caral-29-aniversario-premiamos-la-creatividad-de-escolares-del-valle-de-supe\\\/\"]}]},{\"@type\":\"ImageObject\",\"inLanguage\":\"es-PE\",\"@id\":\"https:\\\/\\\/zonacaral.gob.pe\\\/es\\\/noticias\\\/caral-29-aniversario-premiamos-la-creatividad-de-escolares-del-valle-de-supe\\\/#primaryimage\",\"url\":\"https:\\\/\\\/zonacaral.gob.pe\\\/wp-content\\\/uploads\\\/2023\\\/10\\\/concurso_1.jpeg\",\"contentUrl\":\"https:\\\/\\\/zonacaral.gob.pe\\\/wp-content\\\/uploads\\\/2023\\\/10\\\/concurso_1.jpeg\",\"width\":645,\"height\":363},{\"@type\":\"BreadcrumbList\",\"@id\":\"https:\\\/\\\/zonacaral.gob.pe\\\/es\\\/noticias\\\/caral-29-aniversario-premiamos-la-creatividad-de-escolares-del-valle-de-supe\\\/#breadcrumb\",\"itemListElement\":[{\"@type\":\"ListItem\",\"position\":1,\"name\":\"Portada\",\"item\":\"https:\\\/\\\/zonacaral.gob.pe\\\/\"},{\"@type\":\"ListItem\",\"position\":2,\"name\":\"CARAL, 29\u00b0 ANIVERSARIO: premiamos la creatividad de escolares del valle de Supe\"}]},{\"@type\":\"WebSite\",\"@id\":\"https:\\\/\\\/zonacaral.gob.pe\\\/es\\\/#website\",\"url\":\"https:\\\/\\\/zonacaral.gob.pe\\\/es\\\/\",\"name\":\"Zona Caral\",\"description\":\"Investigamos, conservamos y difundimos el patrimonio cultural de la Civilizaci\u00f3n Caral, la m\u00e1s antigua de Am\u00e9rica.\",\"potentialAction\":[{\"@type\":\"SearchAction\",\"target\":{\"@type\":\"EntryPoint\",\"urlTemplate\":\"https:\\\/\\\/zonacaral.gob.pe\\\/es\\\/?s={search_term_string}\"},\"query-input\":{\"@type\":\"PropertyValueSpecification\",\"valueRequired\":true,\"valueName\":\"search_term_string\"}}],\"inLanguage\":\"es-PE\"},{\"@type\":\"Person\",\"@id\":\"https:\\\/\\\/zonacaral.gob.pe\\\/es\\\/#\\\/schema\\\/person\\\/beddb4d22f71a7230c5b90913270a0ee\",\"name\":\"Zona Caral Administrador\",\"image\":{\"@type\":\"ImageObject\",\"inLanguage\":\"es-PE\",\"@id\":\"https:\\\/\\\/secure.gravatar.com\\\/avatar\\\/e4be162918a696358376de6446614e0f0f4062bdc5d170d6d540ada3d8b58c12?s=96&d=mm&r=g\",\"url\":\"https:\\\/\\\/secure.gravatar.com\\\/avatar\\\/e4be162918a696358376de6446614e0f0f4062bdc5d170d6d540ada3d8b58c12?s=96&d=mm&r=g\",\"contentUrl\":\"https:\\\/\\\/secure.gravatar.com\\\/avatar\\\/e4be162918a696358376de6446614e0f0f4062bdc5d170d6d540ada3d8b58c12?s=96&d=mm&r=g\",\"caption\":\"Zona Caral Administrador\"},\"sameAs\":[\"https:\\\/\\\/zonacaral.gob.pe\"],\"url\":\"https:\\\/\\\/zonacaral.gob.pe\\\/es\\\/noticias\\\/author\\\/ad_zonacaral\\\/\"}]}<\/script>\n<!-- \/ Yoast SEO plugin. -->","yoast_head_json":{"title":"Zona Arqueol\u00f3gica Caral ejecuta acciones de prevenci\u00f3n ante el fen\u00f3meno de El Ni\u00f1o","description":"La Zona Arqueol\u00f3gica Caral (ZAC), Unidad Ejecutora 003 del Ministerio de Cultura, viene realizando diversas acciones de prevenci\u00f3n y mitigaci\u00f3n, bajo un programa y planeamiento estrat\u00e9gico, para proteger los doce sitios arqueol\u00f3gicos que investiga, y que forman parte de la Civilizaci\u00f3n Caral (3000 \u2013 1800 a. C.), de los posibles da\u00f1os que pueda causar el fen\u00f3meno de El Ni\u00f1o, el cual se prev\u00e9 que pueda afectar a nuestro pa\u00eds en noviembre o diciembre de 2023, o en enero de 2024.","robots":{"index":"index","follow":"follow","max-snippet":"max-snippet:-1","max-image-preview":"max-image-preview:large","max-video-preview":"max-video-preview:-1"},"canonical":"https:\/\/zonacaral.gob.pe\/es\/noticias\/caral-29-aniversario-premiamos-la-creatividad-de-escolares-del-valle-de-supe\/","og_locale":"es_ES","og_type":"article","og_title":"Zona Arqueol\u00f3gica Caral ejecuta acciones de prevenci\u00f3n ante el fen\u00f3meno de El Ni\u00f1o","og_description":"La Zona Arqueol\u00f3gica Caral (ZAC), Unidad Ejecutora 003 del Ministerio de Cultura, viene realizando diversas acciones de prevenci\u00f3n y mitigaci\u00f3n, bajo un programa y planeamiento estrat\u00e9gico, para proteger los doce sitios arqueol\u00f3gicos que investiga, y que forman parte de la Civilizaci\u00f3n Caral (3000 \u2013 1800 a. C.), de los posibles da\u00f1os que pueda causar el fen\u00f3meno de El Ni\u00f1o, el cual se prev\u00e9 que pueda afectar a nuestro pa\u00eds en noviembre o diciembre de 2023, o en enero de 2024.","og_url":"https:\/\/zonacaral.gob.pe\/es\/noticias\/caral-29-aniversario-premiamos-la-creatividad-de-escolares-del-valle-de-supe\/","og_site_name":"Zona Caral","article_published_time":"2023-10-27T22:49:40+00:00","og_image":[{"width":645,"height":363,"url":"https:\/\/zonacaral.gob.pe\/wp-content\/uploads\/2023\/10\/concurso_1.jpeg","type":"image\/jpeg"}],"author":"Zona Caral Administrador","twitter_card":"summary_large_image","twitter_misc":{"Written by":"Zona Caral Administrador","Est. reading time":"4 minutos"},"schema":{"@context":"https:\/\/schema.org","@graph":[{"@type":"Article","@id":"https:\/\/zonacaral.gob.pe\/es\/noticias\/caral-29-aniversario-premiamos-la-creatividad-de-escolares-del-valle-de-supe\/#article","isPartOf":{"@id":"https:\/\/zonacaral.gob.pe\/es\/noticias\/caral-29-aniversario-premiamos-la-creatividad-de-escolares-del-valle-de-supe\/"},"author":{"name":"Zona Caral Administrador","@id":"https:\/\/zonacaral.gob.pe\/es\/#\/schema\/person\/beddb4d22f71a7230c5b90913270a0ee"},"headline":"CARAL, 29\u00b0 ANIVERSARIO: premiamos la creatividad de escolares del valle de Supe","datePublished":"2023-10-27T22:49:40+00:00","mainEntityOfPage":{"@id":"https:\/\/zonacaral.gob.pe\/es\/noticias\/caral-29-aniversario-premiamos-la-creatividad-de-escolares-del-valle-de-supe\/"},"wordCount":805,"image":{"@id":"https:\/\/zonacaral.gob.pe\/es\/noticias\/caral-29-aniversario-premiamos-la-creatividad-de-escolares-del-valle-de-supe\/#primaryimage"},"thumbnailUrl":"https:\/\/zonacaral.gob.pe\/wp-content\/uploads\/2023\/10\/concurso_1.jpeg","keywords":["caral","Cultura"],"articleSection":["noticias"],"inLanguage":"es-PE"},{"@type":"WebPage","@id":"https:\/\/zonacaral.gob.pe\/es\/noticias\/caral-29-aniversario-premiamos-la-creatividad-de-escolares-del-valle-de-supe\/","url":"https:\/\/zonacaral.gob.pe\/es\/noticias\/caral-29-aniversario-premiamos-la-creatividad-de-escolares-del-valle-de-supe\/","name":"Zona Arqueol\u00f3gica Caral ejecuta acciones de prevenci\u00f3n ante el fen\u00f3meno de El Ni\u00f1o","isPartOf":{"@id":"https:\/\/zonacaral.gob.pe\/es\/#website"},"primaryImageOfPage":{"@id":"https:\/\/zonacaral.gob.pe\/es\/noticias\/caral-29-aniversario-premiamos-la-creatividad-de-escolares-del-valle-de-supe\/#primaryimage"},"image":{"@id":"https:\/\/zonacaral.gob.pe\/es\/noticias\/caral-29-aniversario-premiamos-la-creatividad-de-escolares-del-valle-de-supe\/#primaryimage"},"thumbnailUrl":"https:\/\/zonacaral.gob.pe\/wp-content\/uploads\/2023\/10\/concurso_1.jpeg","datePublished":"2023-10-27T22:49:40+00:00","author":{"@id":"https:\/\/zonacaral.gob.pe\/es\/#\/schema\/person\/beddb4d22f71a7230c5b90913270a0ee"},"description":"La Zona Arqueol\u00f3gica Caral (ZAC), Unidad Ejecutora 003 del Ministerio de Cultura, viene realizando diversas acciones de prevenci\u00f3n y mitigaci\u00f3n, bajo un programa y planeamiento estrat\u00e9gico, para proteger los doce sitios arqueol\u00f3gicos que investiga, y que forman parte de la Civilizaci\u00f3n Caral (3000 \u2013 1800 a. C.), de los posibles da\u00f1os que pueda causar el fen\u00f3meno de El Ni\u00f1o, el cual se prev\u00e9 que pueda afectar a nuestro pa\u00eds en noviembre o diciembre de 2023, o en enero de 2024.","breadcrumb":{"@id":"https:\/\/zonacaral.gob.pe\/es\/noticias\/caral-29-aniversario-premiamos-la-creatividad-de-escolares-del-valle-de-supe\/#breadcrumb"},"inLanguage":"es-PE","potentialAction":[{"@type":"ReadAction","target":["https:\/\/zonacaral.gob.pe\/es\/noticias\/caral-29-aniversario-premiamos-la-creatividad-de-escolares-del-valle-de-supe\/"]}]},{"@type":"ImageObject","inLanguage":"es-PE","@id":"https:\/\/zonacaral.gob.pe\/es\/noticias\/caral-29-aniversario-premiamos-la-creatividad-de-escolares-del-valle-de-supe\/#primaryimage","url":"https:\/\/zonacaral.gob.pe\/wp-content\/uploads\/2023\/10\/concurso_1.jpeg","contentUrl":"https:\/\/zonacaral.gob.pe\/wp-content\/uploads\/2023\/10\/concurso_1.jpeg","width":645,"height":363},{"@type":"BreadcrumbList","@id":"https:\/\/zonacaral.gob.pe\/es\/noticias\/caral-29-aniversario-premiamos-la-creatividad-de-escolares-del-valle-de-supe\/#breadcrumb","itemListElement":[{"@type":"ListItem","position":1,"name":"Portada","item":"https:\/\/zonacaral.gob.pe\/"},{"@type":"ListItem","position":2,"name":"CARAL, 29\u00b0 ANIVERSARIO: premiamos la creatividad de escolares del valle de Supe"}]},{"@type":"WebSite","@id":"https:\/\/zonacaral.gob.pe\/es\/#website","url":"https:\/\/zonacaral.gob.pe\/es\/","name":"Zona Caral","description":"Investigamos, conservamos y difundimos el patrimonio cultural de la Civilizaci\u00f3n Caral, la m\u00e1s antigua de Am\u00e9rica.","potentialAction":[{"@type":"SearchAction","target":{"@type":"EntryPoint","urlTemplate":"https:\/\/zonacaral.gob.pe\/es\/?s={search_term_string}"},"query-input":{"@type":"PropertyValueSpecification","valueRequired":true,"valueName":"search_term_string"}}],"inLanguage":"es-PE"},{"@type":"Person","@id":"https:\/\/zonacaral.gob.pe\/es\/#\/schema\/person\/beddb4d22f71a7230c5b90913270a0ee","name":"Zona Caral Administrador","image":{"@type":"ImageObject","inLanguage":"es-PE","@id":"https:\/\/secure.gravatar.com\/avatar\/e4be162918a696358376de6446614e0f0f4062bdc5d170d6d540ada3d8b58c12?s=96&d=mm&r=g","url":"https:\/\/secure.gravatar.com\/avatar\/e4be162918a696358376de6446614e0f0f4062bdc5d170d6d540ada3d8b58c12?s=96&d=mm&r=g","contentUrl":"https:\/\/secure.gravatar.com\/avatar\/e4be162918a696358376de6446614e0f0f4062bdc5d170d6d540ada3d8b58c12?s=96&d=mm&r=g","caption":"Zona Caral Administrador"},"sameAs":["https:\/\/zonacaral.gob.pe"],"url":"https:\/\/zonacaral.gob.pe\/es\/noticias\/author\/ad_zonacaral\/"}]}},"_links":{"self":[{"href":"https:\/\/zonacaral.gob.pe\/es\/wp-json\/wp\/v2\/posts\/17206","targetHints":{"allow":["GET"]}}],"collection":[{"href":"https:\/\/zonacaral.gob.pe\/es\/wp-json\/wp\/v2\/posts"}],"about":[{"href":"https:\/\/zonacaral.gob.pe\/es\/wp-json\/wp\/v2\/types\/post"}],"author":[{"embeddable":true,"href":"https:\/\/zonacaral.gob.pe\/es\/wp-json\/wp\/v2\/users\/1"}],"replies":[{"embeddable":true,"href":"https:\/\/zonacaral.gob.pe\/es\/wp-json\/wp\/v2\/comments?post=17206"}],"version-history":[{"count":0,"href":"https:\/\/zonacaral.gob.pe\/es\/wp-json\/wp\/v2\/posts\/17206\/revisions"}],"wp:featuredmedia":[{"embeddable":true,"href":"https:\/\/zonacaral.gob.pe\/es\/wp-json\/wp\/v2\/media\/17208"}],"wp:attachment":[{"href":"https:\/\/zonacaral.gob.pe\/es\/wp-json\/wp\/v2\/media?parent=17206"}],"wp:term":[{"taxonomy":"category","embeddable":true,"href":"https:\/\/zonacaral.gob.pe\/es\/wp-json\/wp\/v2\/categories?post=17206"},{"taxonomy":"post_tag","embeddable":true,"href":"https:\/\/zonacaral.gob.pe\/es\/wp-json\/wp\/v2\/tags?post=17206"}],"curies":[{"name":"wp","href":"https:\/\/api.w.org\/{rel}","templated":true}]}}