{"id":17214,"date":"2023-11-02T15:03:30","date_gmt":"2023-11-02T20:03:30","guid":{"rendered":"https:\/\/www.zonacaral.gob.pe\/?p=17214"},"modified":"2023-11-02T15:03:30","modified_gmt":"2023-11-02T20:03:30","slug":"instalamos-modulos-icaral-en-plaza-norte-mall-del-sur-y-museo-municipal-prehispanico","status":"publish","type":"post","link":"https:\/\/zonacaral.gob.pe\/es\/noticias\/instalamos-modulos-icaral-en-plaza-norte-mall-del-sur-y-museo-municipal-prehispanico\/","title":{"rendered":"CARALizando Lima: Instalamos m\u00f3dulos en Plaza Norte, Mall del Sur y Museo Municipal Prehisp\u00e1nico"},"content":{"rendered":"<figure class=\"pic-autor\" style=\"color: #4d4d4d; text-align: justify;\"><\/figure>\n<div class=\"gmail_default\" style=\"text-align: justify;\">\n<blockquote>\n<p><i><span style=\"font-weight: 400;\">Convenios en pro de la cultura e identidad de los peruanos.<\/span><\/i><\/p>\n<\/blockquote>\n<p><span style=\"font-weight: 400;\">Con el objetivo de promover los valores de la Civilizaci\u00f3n Caral, la \u201cRuta Caral\u201d y el espacio virtual \u201cMuseo Caral\u201d, la Zona Arqueol\u00f3gica Caral (ZAC), Unidad Ejecutora 003 del Ministerio de Cultura, con el apoyo del sector privado y p\u00fablico, se logr\u00f3 instalar nuestro m\u00f3dulo informativo \u201ciCARAL\u201d, en los centros comerciales Plaza Norte, Mall del Sur y, tambi\u00e9n en el Museo Municipal Prehisp\u00e1nico, situado en el centro hist\u00f3rico de Lima.<\/span><\/p>\n<p><span style=\"font-weight: 400;\">De esta manera, los habitantes del norte, sur y centro de la ciudad de Lima, que visiten estos lugares, podr\u00e1n informarse sobre c\u00f3mo visitar la Ciudad Sagrada de Caral, Patrimonio Mundial; \u00c1spero y Vichama, sitios arqueol\u00f3gico ubicados al norte de la capital, pertenecientes a la primera civilizaci\u00f3n de Am\u00e9rica.<\/span><\/p>\n<p><span style=\"font-weight: 400;\">Asimismo, a trav\u00e9s de los c\u00f3digos QR, colocados en este m\u00f3dulo, pueden ingresar a la p\u00e1gina web del Museo Caral y navegar por la exposici\u00f3n museogr\u00e1fica virtual que ha sido dise\u00f1ado para mostrar c\u00f3mo se desarroll\u00f3 Caral, los conocimientos que se produjeron, en ciencia y tecnolog\u00eda, y los valores sociales y culturales, interpretados a ra\u00edz de los diferentes hallazgos realizados en los doce centros urbanos, en los que investiga la ZAC.<\/span><\/p>\n<p><span style=\"font-weight: 400;\">Con la colocaci\u00f3n de estos m\u00f3dulos, la Zona Arqueol\u00f3gica Caral, contin\u00faa con su misi\u00f3n de acercar el patrimonio cultural a la poblaci\u00f3n en general y, adem\u00e1s, sensibilizar a ni\u00f1os, j\u00f3venes y adultos, sobre el valor de su patrimonio cultural.<\/span><\/p>\n<p><span style=\"font-weight: 400;\">Del mismo modo, aportamos al desarrollo socioecon\u00f3mico de las poblaciones aleda\u00f1as a los sitios arqueol\u00f3gicos, quienes se ven beneficiados con la llegada de visitantes al valle de Supe y valle de Huaura.<\/span><\/p>\n<p><span style=\"font-weight: 400;\">Agradecemos el importante apoyo y las facilidades que nos brindaron los responsables del Grupo Corporaci\u00f3n E. Wong, a cargo de los centros comerciales Plaza Norte, ubicado en el distrito de Los Olivos, entre la avenida Tom\u00e1s Valle y la v\u00eda Panamericana Norte; y Mall del Sur, ubicado en el distrito de San Juan de Miraflores, entre las calles Pedro Miota y Los Lirios.<\/span><\/p>\n<p><span style=\"font-weight: 400;\">Y de los encargados de la administraci\u00f3n del Museo Municipal Prehisp\u00e1nico, situado en el Jir\u00f3n \u00c1ncash n\u00b0 299, centro de Lima, donde se puede apreciar los bienes arqueol\u00f3gicos de cer\u00e1mica de diversas culturas prehisp\u00e1nicas que se desarrollaron en Per\u00fa, pertenecientes a la colecci\u00f3n prehisp\u00e1nica de la Municipalidad Metropolitana de Lima. Culturas como Moche, Nasca, Lambayeque, Chim\u00fa, entre otras, pueden apreciarse en sus salas.<\/span><\/p>\n<p><span style=\"font-weight: 400;\">DATO<\/span><\/p>\n<p><span style=\"font-weight: 400;\">Cabe recordar que, en febrero del 2022, se instal\u00f3 el primer m\u00f3dulo \u201ciCaral\u201d, en el Centro Comercial Plaza del Sol, ubicado en la ciudad de Huacho, provincia de Huaura, gracias a la colaboraci\u00f3n de los administradores del sitio, quienes apoyan los esfuerzos de las ZAC de contribuir con el patrimonio cultural.<\/span><\/p>\n<p><span style=\"color: #850707;\"><strong style=\"font-size: inherit; text-align: justify;\">Fuente: Comunicaci\u00f3n e Imagen Institucional ZAC<\/strong><\/span><\/p>\n<\/div>\n<div style=\"color: #1f1f1f;\">\n<div style=\"color: #1f1f1f;\">\n<p style=\"text-align: justify;\">Fecha de publicaci\u00f3n: 02\/11\/2023<\/p>\n<\/div>\n<\/div>\n\n\n<p><\/p>\n","protected":false},"excerpt":{"rendered":"<p>Convenios en pro de la cultura e identidad de los peruanos. Con el objetivo de promover los valores de la [&hellip;]<\/p>\n","protected":false},"author":1,"featured_media":17215,"comment_status":"closed","ping_status":"open","sticky":false,"template":"","format":"standard","meta":{"_acf_changed":false,"site-sidebar-layout":"default","site-content-layout":"","ast-site-content-layout":"default","site-content-style":"default","site-sidebar-style":"default","ast-global-header-display":"","ast-banner-title-visibility":"","ast-main-header-display":"","ast-hfb-above-header-display":"","ast-hfb-below-header-display":"","ast-hfb-mobile-header-display":"","site-post-title":"","ast-breadcrumbs-content":"","ast-featured-img":"","footer-sml-layout":"","ast-disable-related-posts":"","theme-transparent-header-meta":"","adv-header-id-meta":"","stick-header-meta":"","header-above-stick-meta":"","header-main-stick-meta":"","header-below-stick-meta":"","astra-migrate-meta-layouts":"default","ast-page-background-enabled":"default","ast-page-background-meta":{"desktop":{"background-color":"var(--ast-global-color-5)","background-image":"","background-repeat":"repeat","background-position":"center center","background-size":"auto","background-attachment":"scroll","background-type":"","background-media":"","overlay-type":"","overlay-color":"","overlay-opacity":"","overlay-gradient":""},"tablet":{"background-color":"","background-image":"","background-repeat":"repeat","background-position":"center center","background-size":"auto","background-attachment":"scroll","background-type":"","background-media":"","overlay-type":"","overlay-color":"","overlay-opacity":"","overlay-gradient":""},"mobile":{"background-color":"","background-image":"","background-repeat":"repeat","background-position":"center center","background-size":"auto","background-attachment":"scroll","background-type":"","background-media":"","overlay-type":"","overlay-color":"","overlay-opacity":"","overlay-gradient":""}},"ast-content-background-meta":{"desktop":{"background-color":"var(--ast-global-color-4)","background-image":"","background-repeat":"repeat","background-position":"center center","background-size":"auto","background-attachment":"scroll","background-type":"","background-media":"","overlay-type":"","overlay-color":"","overlay-opacity":"","overlay-gradient":""},"tablet":{"background-color":"var(--ast-global-color-4)","background-image":"","background-repeat":"repeat","background-position":"center center","background-size":"auto","background-attachment":"scroll","background-type":"","background-media":"","overlay-type":"","overlay-color":"","overlay-opacity":"","overlay-gradient":""},"mobile":{"background-color":"var(--ast-global-color-4)","background-image":"","background-repeat":"repeat","background-position":"center center","background-size":"auto","background-attachment":"scroll","background-type":"","background-media":"","overlay-type":"","overlay-color":"","overlay-opacity":"","overlay-gradient":""}},"footnotes":""},"categories":[208],"tags":[55,72],"class_list":["post-17214","post","type-post","status-publish","format-standard","has-post-thumbnail","hentry","category-noticias","tag-caral","tag-cultura"],"acf":[],"yoast_head":"<!-- This site is optimized with the Yoast SEO plugin v27.3 - https:\/\/yoast.com\/product\/yoast-seo-wordpress\/ -->\n<title>Instalamos m\u00f3dulos ICARAL en Plaza Norte, Mall del Sur y Museo Municipal Prehisp\u00e1nico<\/title>\n<meta name=\"description\" content=\"Con el objetivo de promover los valores de la Civilizaci\u00f3n Caral, la \u201cRuta Caral\u201d y el espacio virtual \u201cMuseo Caral\u201d, la Zona Arqueol\u00f3gica Caral (ZAC), Unidad Ejecutora 003 del Ministerio de Cultura, con el apoyo del sector privado y p\u00fablico, se logr\u00f3 instalar nuestro m\u00f3dulo informativo \u201ciCARAL\u201d, en los centros comerciales Plaza Norte, Mall del Sur y, tambi\u00e9n en el Museo Municipal Prehisp\u00e1nico, situado en el centro hist\u00f3rico de Lima.\" \/>\n<meta name=\"robots\" content=\"index, follow, max-snippet:-1, max-image-preview:large, max-video-preview:-1\" \/>\n<link rel=\"canonical\" href=\"https:\/\/zonacaral.gob.pe\/es\/noticias\/instalamos-modulos-icaral-en-plaza-norte-mall-del-sur-y-museo-municipal-prehispanico\/\" \/>\n<meta property=\"og:locale\" content=\"es_ES\" \/>\n<meta property=\"og:type\" content=\"article\" \/>\n<meta property=\"og:title\" content=\"Instalamos m\u00f3dulos ICARAL en Plaza Norte, Mall del Sur y Museo Municipal Prehisp\u00e1nico\" \/>\n<meta property=\"og:description\" content=\"Con el objetivo de promover los valores de la Civilizaci\u00f3n Caral, la \u201cRuta Caral\u201d y el espacio virtual \u201cMuseo Caral\u201d, la Zona Arqueol\u00f3gica Caral (ZAC), Unidad Ejecutora 003 del Ministerio de Cultura, con el apoyo del sector privado y p\u00fablico, se logr\u00f3 instalar nuestro m\u00f3dulo informativo \u201ciCARAL\u201d, en los centros comerciales Plaza Norte, Mall del Sur y, tambi\u00e9n en el Museo Municipal Prehisp\u00e1nico, situado en el centro hist\u00f3rico de Lima.\" \/>\n<meta property=\"og:url\" content=\"https:\/\/zonacaral.gob.pe\/es\/noticias\/instalamos-modulos-icaral-en-plaza-norte-mall-del-sur-y-museo-municipal-prehispanico\/\" \/>\n<meta property=\"og:site_name\" content=\"Zona Caral\" \/>\n<meta property=\"article:published_time\" content=\"2023-11-02T20:03:30+00:00\" \/>\n<meta property=\"og:image\" content=\"https:\/\/zonacaral.gob.pe\/wp-content\/uploads\/2023\/11\/ICARAL-1.png\" \/>\n\t<meta property=\"og:image:width\" content=\"1000\" \/>\n\t<meta property=\"og:image:height\" content=\"600\" \/>\n\t<meta property=\"og:image:type\" content=\"image\/png\" \/>\n<meta name=\"author\" content=\"Zona Caral Administrador\" \/>\n<meta name=\"twitter:card\" content=\"summary_large_image\" \/>\n<meta name=\"twitter:label1\" content=\"Written by\" \/>\n\t<meta name=\"twitter:data1\" content=\"Zona Caral Administrador\" \/>\n\t<meta name=\"twitter:label2\" content=\"Est. reading time\" \/>\n\t<meta name=\"twitter:data2\" content=\"3 minutos\" \/>\n<script type=\"application\/ld+json\" class=\"yoast-schema-graph\">{\"@context\":\"https:\\\/\\\/schema.org\",\"@graph\":[{\"@type\":\"Article\",\"@id\":\"https:\\\/\\\/zonacaral.gob.pe\\\/es\\\/noticias\\\/instalamos-modulos-icaral-en-plaza-norte-mall-del-sur-y-museo-municipal-prehispanico\\\/#article\",\"isPartOf\":{\"@id\":\"https:\\\/\\\/zonacaral.gob.pe\\\/es\\\/noticias\\\/instalamos-modulos-icaral-en-plaza-norte-mall-del-sur-y-museo-municipal-prehispanico\\\/\"},\"author\":{\"name\":\"Zona Caral Administrador\",\"@id\":\"https:\\\/\\\/zonacaral.gob.pe\\\/es\\\/#\\\/schema\\\/person\\\/beddb4d22f71a7230c5b90913270a0ee\"},\"headline\":\"CARALizando Lima: Instalamos m\u00f3dulos en Plaza Norte, Mall del Sur y Museo Municipal Prehisp\u00e1nico\",\"datePublished\":\"2023-11-02T20:03:30+00:00\",\"mainEntityOfPage\":{\"@id\":\"https:\\\/\\\/zonacaral.gob.pe\\\/es\\\/noticias\\\/instalamos-modulos-icaral-en-plaza-norte-mall-del-sur-y-museo-municipal-prehispanico\\\/\"},\"wordCount\":521,\"image\":{\"@id\":\"https:\\\/\\\/zonacaral.gob.pe\\\/es\\\/noticias\\\/instalamos-modulos-icaral-en-plaza-norte-mall-del-sur-y-museo-municipal-prehispanico\\\/#primaryimage\"},\"thumbnailUrl\":\"https:\\\/\\\/zonacaral.gob.pe\\\/wp-content\\\/uploads\\\/2023\\\/11\\\/ICARAL-1.png\",\"keywords\":[\"caral\",\"Cultura\"],\"articleSection\":[\"noticias\"],\"inLanguage\":\"es-PE\"},{\"@type\":\"WebPage\",\"@id\":\"https:\\\/\\\/zonacaral.gob.pe\\\/es\\\/noticias\\\/instalamos-modulos-icaral-en-plaza-norte-mall-del-sur-y-museo-municipal-prehispanico\\\/\",\"url\":\"https:\\\/\\\/zonacaral.gob.pe\\\/es\\\/noticias\\\/instalamos-modulos-icaral-en-plaza-norte-mall-del-sur-y-museo-municipal-prehispanico\\\/\",\"name\":\"Instalamos m\u00f3dulos ICARAL en Plaza Norte, Mall del Sur y Museo Municipal Prehisp\u00e1nico\",\"isPartOf\":{\"@id\":\"https:\\\/\\\/zonacaral.gob.pe\\\/es\\\/#website\"},\"primaryImageOfPage\":{\"@id\":\"https:\\\/\\\/zonacaral.gob.pe\\\/es\\\/noticias\\\/instalamos-modulos-icaral-en-plaza-norte-mall-del-sur-y-museo-municipal-prehispanico\\\/#primaryimage\"},\"image\":{\"@id\":\"https:\\\/\\\/zonacaral.gob.pe\\\/es\\\/noticias\\\/instalamos-modulos-icaral-en-plaza-norte-mall-del-sur-y-museo-municipal-prehispanico\\\/#primaryimage\"},\"thumbnailUrl\":\"https:\\\/\\\/zonacaral.gob.pe\\\/wp-content\\\/uploads\\\/2023\\\/11\\\/ICARAL-1.png\",\"datePublished\":\"2023-11-02T20:03:30+00:00\",\"author\":{\"@id\":\"https:\\\/\\\/zonacaral.gob.pe\\\/es\\\/#\\\/schema\\\/person\\\/beddb4d22f71a7230c5b90913270a0ee\"},\"description\":\"Con el objetivo de promover los valores de la Civilizaci\u00f3n Caral, la \u201cRuta Caral\u201d y el espacio virtual \u201cMuseo Caral\u201d, la Zona Arqueol\u00f3gica Caral (ZAC), Unidad Ejecutora 003 del Ministerio de Cultura, con el apoyo del sector privado y p\u00fablico, se logr\u00f3 instalar nuestro m\u00f3dulo informativo \u201ciCARAL\u201d, en los centros comerciales Plaza Norte, Mall del Sur y, tambi\u00e9n en el Museo Municipal Prehisp\u00e1nico, situado en el centro hist\u00f3rico de Lima.\",\"breadcrumb\":{\"@id\":\"https:\\\/\\\/zonacaral.gob.pe\\\/es\\\/noticias\\\/instalamos-modulos-icaral-en-plaza-norte-mall-del-sur-y-museo-municipal-prehispanico\\\/#breadcrumb\"},\"inLanguage\":\"es-PE\",\"potentialAction\":[{\"@type\":\"ReadAction\",\"target\":[\"https:\\\/\\\/zonacaral.gob.pe\\\/es\\\/noticias\\\/instalamos-modulos-icaral-en-plaza-norte-mall-del-sur-y-museo-municipal-prehispanico\\\/\"]}]},{\"@type\":\"ImageObject\",\"inLanguage\":\"es-PE\",\"@id\":\"https:\\\/\\\/zonacaral.gob.pe\\\/es\\\/noticias\\\/instalamos-modulos-icaral-en-plaza-norte-mall-del-sur-y-museo-municipal-prehispanico\\\/#primaryimage\",\"url\":\"https:\\\/\\\/zonacaral.gob.pe\\\/wp-content\\\/uploads\\\/2023\\\/11\\\/ICARAL-1.png\",\"contentUrl\":\"https:\\\/\\\/zonacaral.gob.pe\\\/wp-content\\\/uploads\\\/2023\\\/11\\\/ICARAL-1.png\",\"width\":1000,\"height\":600},{\"@type\":\"BreadcrumbList\",\"@id\":\"https:\\\/\\\/zonacaral.gob.pe\\\/es\\\/noticias\\\/instalamos-modulos-icaral-en-plaza-norte-mall-del-sur-y-museo-municipal-prehispanico\\\/#breadcrumb\",\"itemListElement\":[{\"@type\":\"ListItem\",\"position\":1,\"name\":\"Portada\",\"item\":\"https:\\\/\\\/zonacaral.gob.pe\\\/\"},{\"@type\":\"ListItem\",\"position\":2,\"name\":\"CARALizando Lima: Instalamos m\u00f3dulos en Plaza Norte, Mall del Sur y Museo Municipal Prehisp\u00e1nico\"}]},{\"@type\":\"WebSite\",\"@id\":\"https:\\\/\\\/zonacaral.gob.pe\\\/es\\\/#website\",\"url\":\"https:\\\/\\\/zonacaral.gob.pe\\\/es\\\/\",\"name\":\"Zona Caral\",\"description\":\"Investigamos, conservamos y difundimos el patrimonio cultural de la Civilizaci\u00f3n Caral, la m\u00e1s antigua de Am\u00e9rica.\",\"potentialAction\":[{\"@type\":\"SearchAction\",\"target\":{\"@type\":\"EntryPoint\",\"urlTemplate\":\"https:\\\/\\\/zonacaral.gob.pe\\\/es\\\/?s={search_term_string}\"},\"query-input\":{\"@type\":\"PropertyValueSpecification\",\"valueRequired\":true,\"valueName\":\"search_term_string\"}}],\"inLanguage\":\"es-PE\"},{\"@type\":\"Person\",\"@id\":\"https:\\\/\\\/zonacaral.gob.pe\\\/es\\\/#\\\/schema\\\/person\\\/beddb4d22f71a7230c5b90913270a0ee\",\"name\":\"Zona Caral Administrador\",\"image\":{\"@type\":\"ImageObject\",\"inLanguage\":\"es-PE\",\"@id\":\"https:\\\/\\\/secure.gravatar.com\\\/avatar\\\/e4be162918a696358376de6446614e0f0f4062bdc5d170d6d540ada3d8b58c12?s=96&d=mm&r=g\",\"url\":\"https:\\\/\\\/secure.gravatar.com\\\/avatar\\\/e4be162918a696358376de6446614e0f0f4062bdc5d170d6d540ada3d8b58c12?s=96&d=mm&r=g\",\"contentUrl\":\"https:\\\/\\\/secure.gravatar.com\\\/avatar\\\/e4be162918a696358376de6446614e0f0f4062bdc5d170d6d540ada3d8b58c12?s=96&d=mm&r=g\",\"caption\":\"Zona Caral Administrador\"},\"sameAs\":[\"https:\\\/\\\/zonacaral.gob.pe\"],\"url\":\"https:\\\/\\\/zonacaral.gob.pe\\\/es\\\/noticias\\\/author\\\/ad_zonacaral\\\/\"}]}<\/script>\n<!-- \/ Yoast SEO plugin. -->","yoast_head_json":{"title":"Instalamos m\u00f3dulos ICARAL en Plaza Norte, Mall del Sur y Museo Municipal Prehisp\u00e1nico","description":"Con el objetivo de promover los valores de la Civilizaci\u00f3n Caral, la \u201cRuta Caral\u201d y el espacio virtual \u201cMuseo Caral\u201d, la Zona Arqueol\u00f3gica Caral (ZAC), Unidad Ejecutora 003 del Ministerio de Cultura, con el apoyo del sector privado y p\u00fablico, se logr\u00f3 instalar nuestro m\u00f3dulo informativo \u201ciCARAL\u201d, en los centros comerciales Plaza Norte, Mall del Sur y, tambi\u00e9n en el Museo Municipal Prehisp\u00e1nico, situado en el centro hist\u00f3rico de Lima.","robots":{"index":"index","follow":"follow","max-snippet":"max-snippet:-1","max-image-preview":"max-image-preview:large","max-video-preview":"max-video-preview:-1"},"canonical":"https:\/\/zonacaral.gob.pe\/es\/noticias\/instalamos-modulos-icaral-en-plaza-norte-mall-del-sur-y-museo-municipal-prehispanico\/","og_locale":"es_ES","og_type":"article","og_title":"Instalamos m\u00f3dulos ICARAL en Plaza Norte, Mall del Sur y Museo Municipal Prehisp\u00e1nico","og_description":"Con el objetivo de promover los valores de la Civilizaci\u00f3n Caral, la \u201cRuta Caral\u201d y el espacio virtual \u201cMuseo Caral\u201d, la Zona Arqueol\u00f3gica Caral (ZAC), Unidad Ejecutora 003 del Ministerio de Cultura, con el apoyo del sector privado y p\u00fablico, se logr\u00f3 instalar nuestro m\u00f3dulo informativo \u201ciCARAL\u201d, en los centros comerciales Plaza Norte, Mall del Sur y, tambi\u00e9n en el Museo Municipal Prehisp\u00e1nico, situado en el centro hist\u00f3rico de Lima.","og_url":"https:\/\/zonacaral.gob.pe\/es\/noticias\/instalamos-modulos-icaral-en-plaza-norte-mall-del-sur-y-museo-municipal-prehispanico\/","og_site_name":"Zona Caral","article_published_time":"2023-11-02T20:03:30+00:00","og_image":[{"width":1000,"height":600,"url":"https:\/\/zonacaral.gob.pe\/wp-content\/uploads\/2023\/11\/ICARAL-1.png","type":"image\/png"}],"author":"Zona Caral Administrador","twitter_card":"summary_large_image","twitter_misc":{"Written by":"Zona Caral Administrador","Est. reading time":"3 minutos"},"schema":{"@context":"https:\/\/schema.org","@graph":[{"@type":"Article","@id":"https:\/\/zonacaral.gob.pe\/es\/noticias\/instalamos-modulos-icaral-en-plaza-norte-mall-del-sur-y-museo-municipal-prehispanico\/#article","isPartOf":{"@id":"https:\/\/zonacaral.gob.pe\/es\/noticias\/instalamos-modulos-icaral-en-plaza-norte-mall-del-sur-y-museo-municipal-prehispanico\/"},"author":{"name":"Zona Caral Administrador","@id":"https:\/\/zonacaral.gob.pe\/es\/#\/schema\/person\/beddb4d22f71a7230c5b90913270a0ee"},"headline":"CARALizando Lima: Instalamos m\u00f3dulos en Plaza Norte, Mall del Sur y Museo Municipal Prehisp\u00e1nico","datePublished":"2023-11-02T20:03:30+00:00","mainEntityOfPage":{"@id":"https:\/\/zonacaral.gob.pe\/es\/noticias\/instalamos-modulos-icaral-en-plaza-norte-mall-del-sur-y-museo-municipal-prehispanico\/"},"wordCount":521,"image":{"@id":"https:\/\/zonacaral.gob.pe\/es\/noticias\/instalamos-modulos-icaral-en-plaza-norte-mall-del-sur-y-museo-municipal-prehispanico\/#primaryimage"},"thumbnailUrl":"https:\/\/zonacaral.gob.pe\/wp-content\/uploads\/2023\/11\/ICARAL-1.png","keywords":["caral","Cultura"],"articleSection":["noticias"],"inLanguage":"es-PE"},{"@type":"WebPage","@id":"https:\/\/zonacaral.gob.pe\/es\/noticias\/instalamos-modulos-icaral-en-plaza-norte-mall-del-sur-y-museo-municipal-prehispanico\/","url":"https:\/\/zonacaral.gob.pe\/es\/noticias\/instalamos-modulos-icaral-en-plaza-norte-mall-del-sur-y-museo-municipal-prehispanico\/","name":"Instalamos m\u00f3dulos ICARAL en Plaza Norte, Mall del Sur y Museo Municipal Prehisp\u00e1nico","isPartOf":{"@id":"https:\/\/zonacaral.gob.pe\/es\/#website"},"primaryImageOfPage":{"@id":"https:\/\/zonacaral.gob.pe\/es\/noticias\/instalamos-modulos-icaral-en-plaza-norte-mall-del-sur-y-museo-municipal-prehispanico\/#primaryimage"},"image":{"@id":"https:\/\/zonacaral.gob.pe\/es\/noticias\/instalamos-modulos-icaral-en-plaza-norte-mall-del-sur-y-museo-municipal-prehispanico\/#primaryimage"},"thumbnailUrl":"https:\/\/zonacaral.gob.pe\/wp-content\/uploads\/2023\/11\/ICARAL-1.png","datePublished":"2023-11-02T20:03:30+00:00","author":{"@id":"https:\/\/zonacaral.gob.pe\/es\/#\/schema\/person\/beddb4d22f71a7230c5b90913270a0ee"},"description":"Con el objetivo de promover los valores de la Civilizaci\u00f3n Caral, la \u201cRuta Caral\u201d y el espacio virtual \u201cMuseo Caral\u201d, la Zona Arqueol\u00f3gica Caral (ZAC), Unidad Ejecutora 003 del Ministerio de Cultura, con el apoyo del sector privado y p\u00fablico, se logr\u00f3 instalar nuestro m\u00f3dulo informativo \u201ciCARAL\u201d, en los centros comerciales Plaza Norte, Mall del Sur y, tambi\u00e9n en el Museo Municipal Prehisp\u00e1nico, situado en el centro hist\u00f3rico de Lima.","breadcrumb":{"@id":"https:\/\/zonacaral.gob.pe\/es\/noticias\/instalamos-modulos-icaral-en-plaza-norte-mall-del-sur-y-museo-municipal-prehispanico\/#breadcrumb"},"inLanguage":"es-PE","potentialAction":[{"@type":"ReadAction","target":["https:\/\/zonacaral.gob.pe\/es\/noticias\/instalamos-modulos-icaral-en-plaza-norte-mall-del-sur-y-museo-municipal-prehispanico\/"]}]},{"@type":"ImageObject","inLanguage":"es-PE","@id":"https:\/\/zonacaral.gob.pe\/es\/noticias\/instalamos-modulos-icaral-en-plaza-norte-mall-del-sur-y-museo-municipal-prehispanico\/#primaryimage","url":"https:\/\/zonacaral.gob.pe\/wp-content\/uploads\/2023\/11\/ICARAL-1.png","contentUrl":"https:\/\/zonacaral.gob.pe\/wp-content\/uploads\/2023\/11\/ICARAL-1.png","width":1000,"height":600},{"@type":"BreadcrumbList","@id":"https:\/\/zonacaral.gob.pe\/es\/noticias\/instalamos-modulos-icaral-en-plaza-norte-mall-del-sur-y-museo-municipal-prehispanico\/#breadcrumb","itemListElement":[{"@type":"ListItem","position":1,"name":"Portada","item":"https:\/\/zonacaral.gob.pe\/"},{"@type":"ListItem","position":2,"name":"CARALizando Lima: Instalamos m\u00f3dulos en Plaza Norte, Mall del Sur y Museo Municipal Prehisp\u00e1nico"}]},{"@type":"WebSite","@id":"https:\/\/zonacaral.gob.pe\/es\/#website","url":"https:\/\/zonacaral.gob.pe\/es\/","name":"Zona Caral","description":"Investigamos, conservamos y difundimos el patrimonio cultural de la Civilizaci\u00f3n Caral, la m\u00e1s antigua de Am\u00e9rica.","potentialAction":[{"@type":"SearchAction","target":{"@type":"EntryPoint","urlTemplate":"https:\/\/zonacaral.gob.pe\/es\/?s={search_term_string}"},"query-input":{"@type":"PropertyValueSpecification","valueRequired":true,"valueName":"search_term_string"}}],"inLanguage":"es-PE"},{"@type":"Person","@id":"https:\/\/zonacaral.gob.pe\/es\/#\/schema\/person\/beddb4d22f71a7230c5b90913270a0ee","name":"Zona Caral Administrador","image":{"@type":"ImageObject","inLanguage":"es-PE","@id":"https:\/\/secure.gravatar.com\/avatar\/e4be162918a696358376de6446614e0f0f4062bdc5d170d6d540ada3d8b58c12?s=96&d=mm&r=g","url":"https:\/\/secure.gravatar.com\/avatar\/e4be162918a696358376de6446614e0f0f4062bdc5d170d6d540ada3d8b58c12?s=96&d=mm&r=g","contentUrl":"https:\/\/secure.gravatar.com\/avatar\/e4be162918a696358376de6446614e0f0f4062bdc5d170d6d540ada3d8b58c12?s=96&d=mm&r=g","caption":"Zona Caral Administrador"},"sameAs":["https:\/\/zonacaral.gob.pe"],"url":"https:\/\/zonacaral.gob.pe\/es\/noticias\/author\/ad_zonacaral\/"}]}},"_links":{"self":[{"href":"https:\/\/zonacaral.gob.pe\/es\/wp-json\/wp\/v2\/posts\/17214","targetHints":{"allow":["GET"]}}],"collection":[{"href":"https:\/\/zonacaral.gob.pe\/es\/wp-json\/wp\/v2\/posts"}],"about":[{"href":"https:\/\/zonacaral.gob.pe\/es\/wp-json\/wp\/v2\/types\/post"}],"author":[{"embeddable":true,"href":"https:\/\/zonacaral.gob.pe\/es\/wp-json\/wp\/v2\/users\/1"}],"replies":[{"embeddable":true,"href":"https:\/\/zonacaral.gob.pe\/es\/wp-json\/wp\/v2\/comments?post=17214"}],"version-history":[{"count":0,"href":"https:\/\/zonacaral.gob.pe\/es\/wp-json\/wp\/v2\/posts\/17214\/revisions"}],"wp:featuredmedia":[{"embeddable":true,"href":"https:\/\/zonacaral.gob.pe\/es\/wp-json\/wp\/v2\/media\/17215"}],"wp:attachment":[{"href":"https:\/\/zonacaral.gob.pe\/es\/wp-json\/wp\/v2\/media?parent=17214"}],"wp:term":[{"taxonomy":"category","embeddable":true,"href":"https:\/\/zonacaral.gob.pe\/es\/wp-json\/wp\/v2\/categories?post=17214"},{"taxonomy":"post_tag","embeddable":true,"href":"https:\/\/zonacaral.gob.pe\/es\/wp-json\/wp\/v2\/tags?post=17214"}],"curies":[{"name":"wp","href":"https:\/\/api.w.org\/{rel}","templated":true}]}}