{"id":17230,"date":"2023-11-08T17:03:40","date_gmt":"2023-11-08T22:03:40","guid":{"rendered":"https:\/\/www.zonacaral.gob.pe\/?p=17230"},"modified":"2023-11-08T17:03:40","modified_gmt":"2023-11-08T22:03:40","slug":"la-ciudad-sagrada-de-caral-obtiene-la-maxima-distincion-del-turismo-en-el-peru","status":"publish","type":"post","link":"https:\/\/zonacaral.gob.pe\/es\/noticias\/la-ciudad-sagrada-de-caral-obtiene-la-maxima-distincion-del-turismo-en-el-peru\/","title":{"rendered":"La Ciudad Sagrada de Caral obtiene la m\u00e1xima distinci\u00f3n del turismo en el Per\u00fa"},"content":{"rendered":"<figure class=\"pic-autor\" style=\"color: #4d4d4d; text-align: justify;\"><\/figure>\n<div class=\"gmail_default\" style=\"text-align: justify;\">\n<blockquote>\n<p><i><span style=\"font-weight: 400;\">Un hito en el turismo cultural.<\/span><\/i><\/p>\n<\/blockquote>\n<p><span style=\"font-weight: 400;\">La Ciudad Sagrada de Caral, Patrimonio Mundial y principal centro urbano de la civilizaci\u00f3n Caral (3000 \u2013 1800 a. C.), ha sido reconocida por el Ministerio de Comercio Exterior y Turismo (MINCETUR) con la m\u00e1xima distinci\u00f3n que se entrega a los sitios tur\u00edsticos en el Per\u00fa: la Jerarqu\u00eda 4.<\/span><\/p>\n<p><span style=\"font-weight: 400;\">Este reconocimiento corresponde \u201ca los destinos de importancia nacional, de gran significaci\u00f3n para el mercado internacional y capaz de motivar un importante flujo de visitantes, nacionales y extranjeros\u201d.<\/span><\/p>\n<p><span style=\"font-weight: 400;\">La Ciudad Sagrada de Caral es el primer destino cultural de la Regi\u00f3n Lima en recibir este reconocimiento, tras una evaluaci\u00f3n que comprendi\u00f3 ocho criterios establecidos por el MINCETUR, en concordancia con organismos y normas internacionales: particularidad, publicaciones, reconocimientos, estado de conservaci\u00f3n, flujo de turistas, facilidades, representatividad territorial e inclusi\u00f3n en la visita tur\u00edstica.<\/span><\/p>\n<p><span style=\"font-weight: 400;\">Al respecto, la doctora Ruth Shady Sol\u00eds, junto al equipo multidisciplinario de la Zona Arqueol\u00f3gica Caral (ZAC), Unidad Ejecutora 003 del Ministerio de Cultura, encargada de la gesti\u00f3n integral de la Ciudad Sagrada de Caral, sostuvo que es una alegr\u00eda \u201cpues reconoce el trabajo que en casi treinta a\u00f1os ha venido realizando la ZAC\u201d.<\/span><\/p>\n<p><span style=\"font-weight: 400;\">\u201cHa llegado la Resoluci\u00f3n del Ministerio de Comercio Exterior y Turismo, con el reconocimiento a la Ciudad Sagrada de Caral como destino de Jerarqu\u00eda 4. Esto fomentar\u00e1 el desarrollo de las poblaciones del valle de Supe y un mayor apoyo de las autoridades. Va a ser de gran beneficio para las poblaciones. Con gran contento continuaremos trabajando en el sitio y su puesta en valor, d\u00e1ndole las condiciones que se merece\u201d, dijo ante el equipo laboral de la ZAC, quienes tambi\u00e9n se mostraron felices con este nuevo reconocimiento a la Ciudad Sagrada de Caral.<\/span><\/p>\n<p><span style=\"font-weight: 400;\">El MINCETUR tambi\u00e9n entreg\u00f3 la Jerarqu\u00eda 4 al Complejo Arqueol\u00f3gico de Chan Chan (La Libertad) y al Centro Hist\u00f3rico de Lima (Lima Metropolitana), a trav\u00e9s de sendas Resoluciones Viceministeriales.<\/span><\/p>\n<p><span style=\"font-weight: 400;\">La Zona Arqueol\u00f3gica Caral, que trabaja desde hace 29 a\u00f1os en la investigaci\u00f3n, conservaci\u00f3n y puesta en valor de la Ciudad Sagrada de Caral y otros doce asentamientos urbanos de los valles de Supe y Huaura, espera que este reconocimiento impulse el turismo en el \u00e1rea norcentral del pa\u00eds, beneficiando a las poblaciones de Barranca y Huaura.<\/span><\/p>\n<p><span style=\"font-weight: 400;\">Asimismo, se espera que las autoridades estatales atiendan a la mejora de los accesos al sitio arqueol\u00f3gico; y, en especial, brinden el resguardo policial necesario para proteger a la Ciudad Sagrada de Caral, a los visitantes y al personal que labora en el lugar.<\/span><\/p>\n<p><span style=\"font-weight: 400;\">Ya en 2009, la Ciudad Sagrada de Caral fue inscrita en la Lista de Patrimonio Mundial de la UNESCO, marc\u00e1ndose un importante hito hist\u00f3rico para el reconocimiento de la riqueza cultural del Per\u00fa. Estamos seguros que este nuevo reconocimiento dar\u00e1 el impulso para seguir difundiendo la importante historia social de Caral al Per\u00fa y el mundo.<\/span><\/p>\n<p><b>CIUDAD SAGRADA DE CARAL &#8211; PATRIMONIO MUNDIAL: <\/b><span style=\"font-weight: 400;\">Es un asentamiento ubicado a 26 km del litoral, con una extensi\u00f3n de 68 hect\u00e1reas. Comprende una zona nuclear con 32 edificios p\u00fablicos y varios conjuntos residenciales, y dos zonas perif\u00e9ricas.\u00a0<\/span><\/p>\n<p><span style=\"font-weight: 400;\">En el espacio nuclear de la Ciudad Sagrada de Caral se encuentran los edificios p\u00fablicos y residenciales de mayores dimensiones, distribuidos en dos grandes mitades: la Mitad Alta, en el lado norte y la Mitad Baja, en el sur. Durante el tiempo de la civilizaci\u00f3n Caral, en esta ciudad capital realizaron las actividades de mayor prestigio e importancia: coordinaciones con las autoridades pol\u00edticas de los otros centros urbanos, ceremonias religiosas, eventos econ\u00f3micos y sociales, ferias y peri\u00f3dicas construcciones, y remodelaciones arquitect\u00f3nicas.<\/span><\/p>\n<p><b>DATO<\/b><\/p>\n<p><span style=\"font-weight: 400;\">Actualmente, hay nueve recursos tur\u00edsticos de Jerarqu\u00eda 4 en el Per\u00fa: la Ciudad Sagrada de Caral (Provincia de Barranca &#8211; Regi\u00f3n Lima), el Complejo Arqueol\u00f3gico de Chan Chan (Trujillo), el Centro Hist\u00f3rico de Lima, el Santuario Hist\u00f3rico de Machu Picchu (Cusco), las L\u00edneas y Geoglifos de la Pampa de Nasca (Ica), el R\u00edo Amazonas (Loreto), la Reserva Nacional Lago Titicaca (Puno), el Valle del Colca y el Centro Hist\u00f3rico de Arequipa.<\/span><\/p>\n<p><span style=\"color: #850707;\"><strong style=\"font-size: inherit; text-align: justify;\">Fuente: Comunicaci\u00f3n e Imagen Institucional ZAC<\/strong><\/span><\/p>\n<\/div>\n<div style=\"color: #1f1f1f;\">\n<div style=\"color: #1f1f1f;\">\n<p style=\"text-align: justify;\">Fecha de publicaci\u00f3n: 08\/11\/2023<\/p>\n<\/div>\n<\/div>\n\n\n<p><\/p>\n","protected":false},"excerpt":{"rendered":"<p>Un hito en el turismo cultural. La Ciudad Sagrada de Caral, Patrimonio Mundial y principal centro urbano de la civilizaci\u00f3n [&hellip;]<\/p>\n","protected":false},"author":1,"featured_media":17231,"comment_status":"closed","ping_status":"open","sticky":false,"template":"","format":"standard","meta":{"_acf_changed":false,"site-sidebar-layout":"default","site-content-layout":"","ast-site-content-layout":"default","site-content-style":"default","site-sidebar-style":"default","ast-global-header-display":"","ast-banner-title-visibility":"","ast-main-header-display":"","ast-hfb-above-header-display":"","ast-hfb-below-header-display":"","ast-hfb-mobile-header-display":"","site-post-title":"","ast-breadcrumbs-content":"","ast-featured-img":"","footer-sml-layout":"","ast-disable-related-posts":"","theme-transparent-header-meta":"","adv-header-id-meta":"","stick-header-meta":"","header-above-stick-meta":"","header-main-stick-meta":"","header-below-stick-meta":"","astra-migrate-meta-layouts":"default","ast-page-background-enabled":"default","ast-page-background-meta":{"desktop":{"background-color":"var(--ast-global-color-5)","background-image":"","background-repeat":"repeat","background-position":"center center","background-size":"auto","background-attachment":"scroll","background-type":"","background-media":"","overlay-type":"","overlay-color":"","overlay-opacity":"","overlay-gradient":""},"tablet":{"background-color":"","background-image":"","background-repeat":"repeat","background-position":"center center","background-size":"auto","background-attachment":"scroll","background-type":"","background-media":"","overlay-type":"","overlay-color":"","overlay-opacity":"","overlay-gradient":""},"mobile":{"background-color":"","background-image":"","background-repeat":"repeat","background-position":"center center","background-size":"auto","background-attachment":"scroll","background-type":"","background-media":"","overlay-type":"","overlay-color":"","overlay-opacity":"","overlay-gradient":""}},"ast-content-background-meta":{"desktop":{"background-color":"var(--ast-global-color-4)","background-image":"","background-repeat":"repeat","background-position":"center center","background-size":"auto","background-attachment":"scroll","background-type":"","background-media":"","overlay-type":"","overlay-color":"","overlay-opacity":"","overlay-gradient":""},"tablet":{"background-color":"var(--ast-global-color-4)","background-image":"","background-repeat":"repeat","background-position":"center center","background-size":"auto","background-attachment":"scroll","background-type":"","background-media":"","overlay-type":"","overlay-color":"","overlay-opacity":"","overlay-gradient":""},"mobile":{"background-color":"var(--ast-global-color-4)","background-image":"","background-repeat":"repeat","background-position":"center center","background-size":"auto","background-attachment":"scroll","background-type":"","background-media":"","overlay-type":"","overlay-color":"","overlay-opacity":"","overlay-gradient":""}},"footnotes":""},"categories":[208],"tags":[55,72],"class_list":["post-17230","post","type-post","status-publish","format-standard","has-post-thumbnail","hentry","category-noticias","tag-caral","tag-cultura"],"acf":[],"yoast_head":"<!-- This site is optimized with the Yoast SEO plugin v27.3 - https:\/\/yoast.com\/product\/yoast-seo-wordpress\/ -->\n<title>La Ciudad Sagrada de Caral obtiene la m\u00e1xima distinci\u00f3n del turismo en el Per\u00fa<\/title>\n<meta name=\"description\" content=\"La Ciudad Sagrada de Caral, Patrimonio Mundial y principal centro urbano de la civilizaci\u00f3n Caral (3000 \u2013 1800 a. C.), ha sido reconocida por el Ministerio de Comercio Exterior y Turismo (MINCETUR) con la m\u00e1xima distinci\u00f3n que se entrega a los sitios tur\u00edsticos en el Per\u00fa: la Jerarqu\u00eda 4.\" \/>\n<meta name=\"robots\" content=\"index, follow, max-snippet:-1, max-image-preview:large, max-video-preview:-1\" \/>\n<link rel=\"canonical\" href=\"https:\/\/zonacaral.gob.pe\/es\/noticias\/la-ciudad-sagrada-de-caral-obtiene-la-maxima-distincion-del-turismo-en-el-peru\/\" \/>\n<meta property=\"og:locale\" content=\"es_ES\" \/>\n<meta property=\"og:type\" content=\"article\" \/>\n<meta property=\"og:title\" content=\"La Ciudad Sagrada de Caral obtiene la m\u00e1xima distinci\u00f3n del turismo en el Per\u00fa\" \/>\n<meta property=\"og:description\" content=\"La Ciudad Sagrada de Caral, Patrimonio Mundial y principal centro urbano de la civilizaci\u00f3n Caral (3000 \u2013 1800 a. C.), ha sido reconocida por el Ministerio de Comercio Exterior y Turismo (MINCETUR) con la m\u00e1xima distinci\u00f3n que se entrega a los sitios tur\u00edsticos en el Per\u00fa: la Jerarqu\u00eda 4.\" \/>\n<meta property=\"og:url\" content=\"https:\/\/zonacaral.gob.pe\/es\/noticias\/la-ciudad-sagrada-de-caral-obtiene-la-maxima-distincion-del-turismo-en-el-peru\/\" \/>\n<meta property=\"og:site_name\" content=\"Zona Caral\" \/>\n<meta property=\"article:published_time\" content=\"2023-11-08T22:03:40+00:00\" \/>\n<meta property=\"og:image\" content=\"https:\/\/zonacaral.gob.pe\/wp-content\/uploads\/2023\/11\/caral-jerarquia-4.png\" \/>\n\t<meta property=\"og:image:width\" content=\"1000\" \/>\n\t<meta property=\"og:image:height\" content=\"600\" \/>\n\t<meta property=\"og:image:type\" content=\"image\/png\" \/>\n<meta name=\"author\" content=\"Zona Caral Administrador\" \/>\n<meta name=\"twitter:card\" content=\"summary_large_image\" \/>\n<meta name=\"twitter:label1\" content=\"Written by\" \/>\n\t<meta name=\"twitter:data1\" content=\"Zona Caral Administrador\" \/>\n\t<meta name=\"twitter:label2\" content=\"Est. reading time\" \/>\n\t<meta name=\"twitter:data2\" content=\"4 minutos\" \/>\n<script type=\"application\/ld+json\" class=\"yoast-schema-graph\">{\"@context\":\"https:\\\/\\\/schema.org\",\"@graph\":[{\"@type\":\"Article\",\"@id\":\"https:\\\/\\\/zonacaral.gob.pe\\\/es\\\/noticias\\\/la-ciudad-sagrada-de-caral-obtiene-la-maxima-distincion-del-turismo-en-el-peru\\\/#article\",\"isPartOf\":{\"@id\":\"https:\\\/\\\/zonacaral.gob.pe\\\/es\\\/noticias\\\/la-ciudad-sagrada-de-caral-obtiene-la-maxima-distincion-del-turismo-en-el-peru\\\/\"},\"author\":{\"name\":\"Zona Caral Administrador\",\"@id\":\"https:\\\/\\\/zonacaral.gob.pe\\\/es\\\/#\\\/schema\\\/person\\\/beddb4d22f71a7230c5b90913270a0ee\"},\"headline\":\"La Ciudad Sagrada de Caral obtiene la m\u00e1xima distinci\u00f3n del turismo en el Per\u00fa\",\"datePublished\":\"2023-11-08T22:03:40+00:00\",\"mainEntityOfPage\":{\"@id\":\"https:\\\/\\\/zonacaral.gob.pe\\\/es\\\/noticias\\\/la-ciudad-sagrada-de-caral-obtiene-la-maxima-distincion-del-turismo-en-el-peru\\\/\"},\"wordCount\":728,\"image\":{\"@id\":\"https:\\\/\\\/zonacaral.gob.pe\\\/es\\\/noticias\\\/la-ciudad-sagrada-de-caral-obtiene-la-maxima-distincion-del-turismo-en-el-peru\\\/#primaryimage\"},\"thumbnailUrl\":\"https:\\\/\\\/zonacaral.gob.pe\\\/wp-content\\\/uploads\\\/2023\\\/11\\\/caral-jerarquia-4.png\",\"keywords\":[\"caral\",\"Cultura\"],\"articleSection\":[\"noticias\"],\"inLanguage\":\"es-PE\"},{\"@type\":\"WebPage\",\"@id\":\"https:\\\/\\\/zonacaral.gob.pe\\\/es\\\/noticias\\\/la-ciudad-sagrada-de-caral-obtiene-la-maxima-distincion-del-turismo-en-el-peru\\\/\",\"url\":\"https:\\\/\\\/zonacaral.gob.pe\\\/es\\\/noticias\\\/la-ciudad-sagrada-de-caral-obtiene-la-maxima-distincion-del-turismo-en-el-peru\\\/\",\"name\":\"La Ciudad Sagrada de Caral obtiene la m\u00e1xima distinci\u00f3n del turismo en el Per\u00fa\",\"isPartOf\":{\"@id\":\"https:\\\/\\\/zonacaral.gob.pe\\\/es\\\/#website\"},\"primaryImageOfPage\":{\"@id\":\"https:\\\/\\\/zonacaral.gob.pe\\\/es\\\/noticias\\\/la-ciudad-sagrada-de-caral-obtiene-la-maxima-distincion-del-turismo-en-el-peru\\\/#primaryimage\"},\"image\":{\"@id\":\"https:\\\/\\\/zonacaral.gob.pe\\\/es\\\/noticias\\\/la-ciudad-sagrada-de-caral-obtiene-la-maxima-distincion-del-turismo-en-el-peru\\\/#primaryimage\"},\"thumbnailUrl\":\"https:\\\/\\\/zonacaral.gob.pe\\\/wp-content\\\/uploads\\\/2023\\\/11\\\/caral-jerarquia-4.png\",\"datePublished\":\"2023-11-08T22:03:40+00:00\",\"author\":{\"@id\":\"https:\\\/\\\/zonacaral.gob.pe\\\/es\\\/#\\\/schema\\\/person\\\/beddb4d22f71a7230c5b90913270a0ee\"},\"description\":\"La Ciudad Sagrada de Caral, Patrimonio Mundial y principal centro urbano de la civilizaci\u00f3n Caral (3000 \u2013 1800 a. C.), ha sido reconocida por el Ministerio de Comercio Exterior y Turismo (MINCETUR) con la m\u00e1xima distinci\u00f3n que se entrega a los sitios tur\u00edsticos en el Per\u00fa: la Jerarqu\u00eda 4.\",\"breadcrumb\":{\"@id\":\"https:\\\/\\\/zonacaral.gob.pe\\\/es\\\/noticias\\\/la-ciudad-sagrada-de-caral-obtiene-la-maxima-distincion-del-turismo-en-el-peru\\\/#breadcrumb\"},\"inLanguage\":\"es-PE\",\"potentialAction\":[{\"@type\":\"ReadAction\",\"target\":[\"https:\\\/\\\/zonacaral.gob.pe\\\/es\\\/noticias\\\/la-ciudad-sagrada-de-caral-obtiene-la-maxima-distincion-del-turismo-en-el-peru\\\/\"]}]},{\"@type\":\"ImageObject\",\"inLanguage\":\"es-PE\",\"@id\":\"https:\\\/\\\/zonacaral.gob.pe\\\/es\\\/noticias\\\/la-ciudad-sagrada-de-caral-obtiene-la-maxima-distincion-del-turismo-en-el-peru\\\/#primaryimage\",\"url\":\"https:\\\/\\\/zonacaral.gob.pe\\\/wp-content\\\/uploads\\\/2023\\\/11\\\/caral-jerarquia-4.png\",\"contentUrl\":\"https:\\\/\\\/zonacaral.gob.pe\\\/wp-content\\\/uploads\\\/2023\\\/11\\\/caral-jerarquia-4.png\",\"width\":1000,\"height\":600},{\"@type\":\"BreadcrumbList\",\"@id\":\"https:\\\/\\\/zonacaral.gob.pe\\\/es\\\/noticias\\\/la-ciudad-sagrada-de-caral-obtiene-la-maxima-distincion-del-turismo-en-el-peru\\\/#breadcrumb\",\"itemListElement\":[{\"@type\":\"ListItem\",\"position\":1,\"name\":\"Portada\",\"item\":\"https:\\\/\\\/zonacaral.gob.pe\\\/\"},{\"@type\":\"ListItem\",\"position\":2,\"name\":\"La Ciudad Sagrada de Caral obtiene la m\u00e1xima distinci\u00f3n del turismo en el Per\u00fa\"}]},{\"@type\":\"WebSite\",\"@id\":\"https:\\\/\\\/zonacaral.gob.pe\\\/es\\\/#website\",\"url\":\"https:\\\/\\\/zonacaral.gob.pe\\\/es\\\/\",\"name\":\"Zona Caral\",\"description\":\"Investigamos, conservamos y difundimos el patrimonio cultural de la Civilizaci\u00f3n Caral, la m\u00e1s antigua de Am\u00e9rica.\",\"potentialAction\":[{\"@type\":\"SearchAction\",\"target\":{\"@type\":\"EntryPoint\",\"urlTemplate\":\"https:\\\/\\\/zonacaral.gob.pe\\\/es\\\/?s={search_term_string}\"},\"query-input\":{\"@type\":\"PropertyValueSpecification\",\"valueRequired\":true,\"valueName\":\"search_term_string\"}}],\"inLanguage\":\"es-PE\"},{\"@type\":\"Person\",\"@id\":\"https:\\\/\\\/zonacaral.gob.pe\\\/es\\\/#\\\/schema\\\/person\\\/beddb4d22f71a7230c5b90913270a0ee\",\"name\":\"Zona Caral Administrador\",\"image\":{\"@type\":\"ImageObject\",\"inLanguage\":\"es-PE\",\"@id\":\"https:\\\/\\\/secure.gravatar.com\\\/avatar\\\/e4be162918a696358376de6446614e0f0f4062bdc5d170d6d540ada3d8b58c12?s=96&d=mm&r=g\",\"url\":\"https:\\\/\\\/secure.gravatar.com\\\/avatar\\\/e4be162918a696358376de6446614e0f0f4062bdc5d170d6d540ada3d8b58c12?s=96&d=mm&r=g\",\"contentUrl\":\"https:\\\/\\\/secure.gravatar.com\\\/avatar\\\/e4be162918a696358376de6446614e0f0f4062bdc5d170d6d540ada3d8b58c12?s=96&d=mm&r=g\",\"caption\":\"Zona Caral Administrador\"},\"sameAs\":[\"https:\\\/\\\/zonacaral.gob.pe\"],\"url\":\"https:\\\/\\\/zonacaral.gob.pe\\\/es\\\/noticias\\\/author\\\/ad_zonacaral\\\/\"}]}<\/script>\n<!-- \/ Yoast SEO plugin. -->","yoast_head_json":{"title":"La Ciudad Sagrada de Caral obtiene la m\u00e1xima distinci\u00f3n del turismo en el Per\u00fa","description":"La Ciudad Sagrada de Caral, Patrimonio Mundial y principal centro urbano de la civilizaci\u00f3n Caral (3000 \u2013 1800 a. C.), ha sido reconocida por el Ministerio de Comercio Exterior y Turismo (MINCETUR) con la m\u00e1xima distinci\u00f3n que se entrega a los sitios tur\u00edsticos en el Per\u00fa: la Jerarqu\u00eda 4.","robots":{"index":"index","follow":"follow","max-snippet":"max-snippet:-1","max-image-preview":"max-image-preview:large","max-video-preview":"max-video-preview:-1"},"canonical":"https:\/\/zonacaral.gob.pe\/es\/noticias\/la-ciudad-sagrada-de-caral-obtiene-la-maxima-distincion-del-turismo-en-el-peru\/","og_locale":"es_ES","og_type":"article","og_title":"La Ciudad Sagrada de Caral obtiene la m\u00e1xima distinci\u00f3n del turismo en el Per\u00fa","og_description":"La Ciudad Sagrada de Caral, Patrimonio Mundial y principal centro urbano de la civilizaci\u00f3n Caral (3000 \u2013 1800 a. C.), ha sido reconocida por el Ministerio de Comercio Exterior y Turismo (MINCETUR) con la m\u00e1xima distinci\u00f3n que se entrega a los sitios tur\u00edsticos en el Per\u00fa: la Jerarqu\u00eda 4.","og_url":"https:\/\/zonacaral.gob.pe\/es\/noticias\/la-ciudad-sagrada-de-caral-obtiene-la-maxima-distincion-del-turismo-en-el-peru\/","og_site_name":"Zona Caral","article_published_time":"2023-11-08T22:03:40+00:00","og_image":[{"width":1000,"height":600,"url":"https:\/\/zonacaral.gob.pe\/wp-content\/uploads\/2023\/11\/caral-jerarquia-4.png","type":"image\/png"}],"author":"Zona Caral Administrador","twitter_card":"summary_large_image","twitter_misc":{"Written by":"Zona Caral Administrador","Est. reading time":"4 minutos"},"schema":{"@context":"https:\/\/schema.org","@graph":[{"@type":"Article","@id":"https:\/\/zonacaral.gob.pe\/es\/noticias\/la-ciudad-sagrada-de-caral-obtiene-la-maxima-distincion-del-turismo-en-el-peru\/#article","isPartOf":{"@id":"https:\/\/zonacaral.gob.pe\/es\/noticias\/la-ciudad-sagrada-de-caral-obtiene-la-maxima-distincion-del-turismo-en-el-peru\/"},"author":{"name":"Zona Caral Administrador","@id":"https:\/\/zonacaral.gob.pe\/es\/#\/schema\/person\/beddb4d22f71a7230c5b90913270a0ee"},"headline":"La Ciudad Sagrada de Caral obtiene la m\u00e1xima distinci\u00f3n del turismo en el Per\u00fa","datePublished":"2023-11-08T22:03:40+00:00","mainEntityOfPage":{"@id":"https:\/\/zonacaral.gob.pe\/es\/noticias\/la-ciudad-sagrada-de-caral-obtiene-la-maxima-distincion-del-turismo-en-el-peru\/"},"wordCount":728,"image":{"@id":"https:\/\/zonacaral.gob.pe\/es\/noticias\/la-ciudad-sagrada-de-caral-obtiene-la-maxima-distincion-del-turismo-en-el-peru\/#primaryimage"},"thumbnailUrl":"https:\/\/zonacaral.gob.pe\/wp-content\/uploads\/2023\/11\/caral-jerarquia-4.png","keywords":["caral","Cultura"],"articleSection":["noticias"],"inLanguage":"es-PE"},{"@type":"WebPage","@id":"https:\/\/zonacaral.gob.pe\/es\/noticias\/la-ciudad-sagrada-de-caral-obtiene-la-maxima-distincion-del-turismo-en-el-peru\/","url":"https:\/\/zonacaral.gob.pe\/es\/noticias\/la-ciudad-sagrada-de-caral-obtiene-la-maxima-distincion-del-turismo-en-el-peru\/","name":"La Ciudad Sagrada de Caral obtiene la m\u00e1xima distinci\u00f3n del turismo en el Per\u00fa","isPartOf":{"@id":"https:\/\/zonacaral.gob.pe\/es\/#website"},"primaryImageOfPage":{"@id":"https:\/\/zonacaral.gob.pe\/es\/noticias\/la-ciudad-sagrada-de-caral-obtiene-la-maxima-distincion-del-turismo-en-el-peru\/#primaryimage"},"image":{"@id":"https:\/\/zonacaral.gob.pe\/es\/noticias\/la-ciudad-sagrada-de-caral-obtiene-la-maxima-distincion-del-turismo-en-el-peru\/#primaryimage"},"thumbnailUrl":"https:\/\/zonacaral.gob.pe\/wp-content\/uploads\/2023\/11\/caral-jerarquia-4.png","datePublished":"2023-11-08T22:03:40+00:00","author":{"@id":"https:\/\/zonacaral.gob.pe\/es\/#\/schema\/person\/beddb4d22f71a7230c5b90913270a0ee"},"description":"La Ciudad Sagrada de Caral, Patrimonio Mundial y principal centro urbano de la civilizaci\u00f3n Caral (3000 \u2013 1800 a. C.), ha sido reconocida por el Ministerio de Comercio Exterior y Turismo (MINCETUR) con la m\u00e1xima distinci\u00f3n que se entrega a los sitios tur\u00edsticos en el Per\u00fa: la Jerarqu\u00eda 4.","breadcrumb":{"@id":"https:\/\/zonacaral.gob.pe\/es\/noticias\/la-ciudad-sagrada-de-caral-obtiene-la-maxima-distincion-del-turismo-en-el-peru\/#breadcrumb"},"inLanguage":"es-PE","potentialAction":[{"@type":"ReadAction","target":["https:\/\/zonacaral.gob.pe\/es\/noticias\/la-ciudad-sagrada-de-caral-obtiene-la-maxima-distincion-del-turismo-en-el-peru\/"]}]},{"@type":"ImageObject","inLanguage":"es-PE","@id":"https:\/\/zonacaral.gob.pe\/es\/noticias\/la-ciudad-sagrada-de-caral-obtiene-la-maxima-distincion-del-turismo-en-el-peru\/#primaryimage","url":"https:\/\/zonacaral.gob.pe\/wp-content\/uploads\/2023\/11\/caral-jerarquia-4.png","contentUrl":"https:\/\/zonacaral.gob.pe\/wp-content\/uploads\/2023\/11\/caral-jerarquia-4.png","width":1000,"height":600},{"@type":"BreadcrumbList","@id":"https:\/\/zonacaral.gob.pe\/es\/noticias\/la-ciudad-sagrada-de-caral-obtiene-la-maxima-distincion-del-turismo-en-el-peru\/#breadcrumb","itemListElement":[{"@type":"ListItem","position":1,"name":"Portada","item":"https:\/\/zonacaral.gob.pe\/"},{"@type":"ListItem","position":2,"name":"La Ciudad Sagrada de Caral obtiene la m\u00e1xima distinci\u00f3n del turismo en el Per\u00fa"}]},{"@type":"WebSite","@id":"https:\/\/zonacaral.gob.pe\/es\/#website","url":"https:\/\/zonacaral.gob.pe\/es\/","name":"Zona Caral","description":"Investigamos, conservamos y difundimos el patrimonio cultural de la Civilizaci\u00f3n Caral, la m\u00e1s antigua de Am\u00e9rica.","potentialAction":[{"@type":"SearchAction","target":{"@type":"EntryPoint","urlTemplate":"https:\/\/zonacaral.gob.pe\/es\/?s={search_term_string}"},"query-input":{"@type":"PropertyValueSpecification","valueRequired":true,"valueName":"search_term_string"}}],"inLanguage":"es-PE"},{"@type":"Person","@id":"https:\/\/zonacaral.gob.pe\/es\/#\/schema\/person\/beddb4d22f71a7230c5b90913270a0ee","name":"Zona Caral Administrador","image":{"@type":"ImageObject","inLanguage":"es-PE","@id":"https:\/\/secure.gravatar.com\/avatar\/e4be162918a696358376de6446614e0f0f4062bdc5d170d6d540ada3d8b58c12?s=96&d=mm&r=g","url":"https:\/\/secure.gravatar.com\/avatar\/e4be162918a696358376de6446614e0f0f4062bdc5d170d6d540ada3d8b58c12?s=96&d=mm&r=g","contentUrl":"https:\/\/secure.gravatar.com\/avatar\/e4be162918a696358376de6446614e0f0f4062bdc5d170d6d540ada3d8b58c12?s=96&d=mm&r=g","caption":"Zona Caral Administrador"},"sameAs":["https:\/\/zonacaral.gob.pe"],"url":"https:\/\/zonacaral.gob.pe\/es\/noticias\/author\/ad_zonacaral\/"}]}},"_links":{"self":[{"href":"https:\/\/zonacaral.gob.pe\/es\/wp-json\/wp\/v2\/posts\/17230","targetHints":{"allow":["GET"]}}],"collection":[{"href":"https:\/\/zonacaral.gob.pe\/es\/wp-json\/wp\/v2\/posts"}],"about":[{"href":"https:\/\/zonacaral.gob.pe\/es\/wp-json\/wp\/v2\/types\/post"}],"author":[{"embeddable":true,"href":"https:\/\/zonacaral.gob.pe\/es\/wp-json\/wp\/v2\/users\/1"}],"replies":[{"embeddable":true,"href":"https:\/\/zonacaral.gob.pe\/es\/wp-json\/wp\/v2\/comments?post=17230"}],"version-history":[{"count":0,"href":"https:\/\/zonacaral.gob.pe\/es\/wp-json\/wp\/v2\/posts\/17230\/revisions"}],"wp:featuredmedia":[{"embeddable":true,"href":"https:\/\/zonacaral.gob.pe\/es\/wp-json\/wp\/v2\/media\/17231"}],"wp:attachment":[{"href":"https:\/\/zonacaral.gob.pe\/es\/wp-json\/wp\/v2\/media?parent=17230"}],"wp:term":[{"taxonomy":"category","embeddable":true,"href":"https:\/\/zonacaral.gob.pe\/es\/wp-json\/wp\/v2\/categories?post=17230"},{"taxonomy":"post_tag","embeddable":true,"href":"https:\/\/zonacaral.gob.pe\/es\/wp-json\/wp\/v2\/tags?post=17230"}],"curies":[{"name":"wp","href":"https:\/\/api.w.org\/{rel}","templated":true}]}}