{"id":17244,"date":"2023-11-29T10:18:17","date_gmt":"2023-11-29T15:18:17","guid":{"rendered":"https:\/\/www.zonacaral.gob.pe\/?p=17244"},"modified":"2023-11-29T10:18:17","modified_gmt":"2023-11-29T15:18:17","slug":"domingo-3-de-diciembre-ingresa-gratis-a-los-sitios-arqueologicos-de-la-ruta-caral","status":"publish","type":"post","link":"https:\/\/zonacaral.gob.pe\/es\/noticias\/domingo-3-de-diciembre-ingresa-gratis-a-los-sitios-arqueologicos-de-la-ruta-caral\/","title":{"rendered":"DOMINGO, 3 DE DICIEMBRE: ingresa gratis a los sitios arqueol\u00f3gicos de la Ruta Caral"},"content":{"rendered":"<figure class=\"pic-autor\" style=\"color: #4d4d4d; text-align: justify;\"><\/figure>\n<div class=\"gmail_default\" style=\"text-align: justify;\">\n<blockquote>\n<p><i><span style=\"font-weight: 400;\">Recorre la Ruta Caral con tu familia y\/o amigos.<\/span><\/i><\/p>\n<\/blockquote>\n<p><span style=\"font-weight: 400;\">Este domingo, 3 de diciembre, no pierdas la oportunidad de ingresar de manera gratuita a los milenarios sitios arqueol\u00f3gicos Ciudad Sagrada de Caral, \u00c1spero y Vichama, centros urbanos que formaron parte de la primera civilizaci\u00f3n que se desarroll\u00f3 hace cinco mil a\u00f1os, en el continente americano, administrados por la <\/span><a href=\"https:\/\/www.instagram.com\/caralperu\/?hl=es\"><span style=\"font-weight: 400;\">Zona Arqueol\u00f3gica Caral<\/span><\/a><span style=\"font-weight: 400;\">, Unidad Ejecutora 003 del Ministerio de Cultura.<\/span><\/p>\n<p><span style=\"font-weight: 400;\">Este beneficio mensual, dirigido a todos los ciudadanos peruanos, tambi\u00e9n incluye el acceso gratuito a los museos comunitarios ubicados en los distritos de <\/span><a href=\"https:\/\/www.zonacaral.gob.pe\/ruta-caral\/MC-supe.html\"><span style=\"font-weight: 400;\">Supe<\/span><\/a><span style=\"font-weight: 400;\"> y de <\/span><a href=\"https:\/\/www.zonacaral.gob.pe\/ruta-caral\/MC-vegueta.html\"><span style=\"font-weight: 400;\">V\u00e9gueta<\/span><\/a><span style=\"font-weight: 400;\">, espacios culturales donde se expone, de manera permanente, piezas arqueol\u00f3gicas, gigantograf\u00edas, esculturas hiperrealistas y m\u00e1s, sobre el desarrollo de la Civilizaci\u00f3n Caral.<\/span><\/p>\n<p><span style=\"font-weight: 400;\">El \u00fanico pago a realizar en estos sitios es de 20 soles, por grupos de 10 personas (dos soles por persona), el cual se hace a los int\u00e9rpretes del patrimonio cultural, encargados de acompa\u00f1ar a los visitantes por todo el sitio arqueol\u00f3gico, transmitiendo la historia social y cultural recuperada en 29 a\u00f1os de investigaciones.<\/span><\/p>\n<p><span style=\"font-weight: 400;\">Cabe recordar que el horario de ingreso a los asentamientos arqueol\u00f3gicos de la <\/span><a href=\"https:\/\/www.zonacaral.gob.pe\/ruta-caral\/\"><b>Ruta Caral<\/b><\/a><span style=\"font-weight: 400;\"> es de lunes a domingo, incluyendo feriados, de 9:00 a. m. a 5:00 p.m. (se recomienda llegar una hora antes de la hora del cierre).<\/span><\/p>\n<p><b>\u00bfQU\u00c9 CONOCER\u00c1S?<\/b><\/p>\n<p><span style=\"font-weight: 400;\">La <\/span><a href=\"https:\/\/www.zonacaral.gob.pe\/ruta-caral\/ciudad-sagrada-de-caral.html\"><b>Ciudad Sagrada de Caral<\/b><\/a><span style=\"font-weight: 400;\">, principal centro urbano de este foco civilizatorio y Patrimonio Mundial; se encuentra en el valle de Supe (distrito de Supe \u2013 Barranca), a cuatro horas de viaje desde la ciudad de Lima, por la v\u00eda Panamericana Norte. En este lugar se encuentran los colosales y m\u00e1s antiguos edificios piramidales construidos en Per\u00fa. Conocer\u00e1s c\u00f3mo, hace cinco mil a\u00f1os, se organiz\u00f3 la sociedad que la habit\u00f3 y los conocimientos en ciencia y tecnolog\u00eda que desarrollaron, y que trascendieron a las dem\u00e1s sociedades de los Andes centrales.<\/span><\/p>\n<p><span style=\"font-weight: 400;\">Asimismo, en <\/span><a href=\"https:\/\/www.zonacaral.gob.pe\/ruta-caral\/aspero.html\"><b>\u00c1spero<\/b><\/a><b>,<\/b><span style=\"font-weight: 400;\"> considerada como la ciudad pesquera m\u00e1s antigua de Am\u00e9rica, descubrir\u00e1s la tecnolog\u00eda que desarrollaron los antiguos pobladores para obtener las diferentes especies marinas. Tambi\u00e9n es el lugar donde fue hallada la \u201cDama de los Cuatro Tupus\u201d, una de las mujeres de la \u00e9lite de la civilizaci\u00f3n Caral. Y descubrir\u00e1s su importancia y su estrecha relaci\u00f3n con sociedades del valle de Supe y otras zonas geogr\u00e1ficas.<\/span><\/p>\n<p><span style=\"font-weight: 400;\">Y, en <\/span><a href=\"https:\/\/www.zonacaral.gob.pe\/ruta-caral\/vichama.html\"><b>Vichama<\/b><\/a><b>,<\/b><span style=\"font-weight: 400;\"> ciudad agropesquera ubicada en el distrito de V\u00e9gueta, provincia de Huaura, ubicado a dos horas y media de viaje, conocer\u00e1s los impresionantes&nbsp; relieves murales que fueron dise\u00f1ados en los salones de los principales edificios piramidales de este sitio arqueol\u00f3gico. Cuentan una historia, a\u00fan por recuperar, de la crisis generada por un gran cambio clim\u00e1tico que afect\u00f3 a su sociedad y que provoc\u00f3 muerte, sequ\u00eda y hambruna, evento que no deb\u00eda ser olvidado y para lo que deb\u00edan estar preparados.<\/span><\/p>\n<p><b>DATO<\/b><\/p>\n<p><span style=\"font-weight: 400;\">Recorre estos sitios arqueol\u00f3gicos con nuestro programa de <\/span><a href=\"https:\/\/www.zonacaral.gob.pe\/ruta-caral\/viajes-culturales.html\"><span style=\"font-weight: 400;\">Viajes Culturales<\/span><\/a><span style=\"font-weight: 400;\">. Pide informaci\u00f3n y detalles al <\/span><a href=\"https:\/\/bit.ly\/WhatsApp_ViajesCulturales\"><span style=\"font-weight: 400;\">955 881 340<\/span><\/a><span style=\"font-weight: 400;\">.<\/span><\/p>\n<p><span style=\"color: #850707;\"><strong style=\"font-size: inherit; text-align: justify;\">Fuente: Comunicaci\u00f3n e Imagen Institucional ZAC<\/strong><\/span><\/p>\n<\/div>\n<div style=\"color: #1f1f1f;\">\n<div style=\"color: #1f1f1f;\">\n<p style=\"text-align: justify;\">Fecha de publicaci\u00f3n: 29\/11\/2023<\/p>\n<\/div>\n<\/div>\n\n\n<p><\/p>\n","protected":false},"excerpt":{"rendered":"<p>Recorre la Ruta Caral con tu familia y\/o amigos. Este domingo, 3 de diciembre, no pierdas la oportunidad de ingresar [&hellip;]<\/p>\n","protected":false},"author":1,"featured_media":17249,"comment_status":"closed","ping_status":"open","sticky":false,"template":"","format":"standard","meta":{"_acf_changed":false,"site-sidebar-layout":"default","site-content-layout":"","ast-site-content-layout":"default","site-content-style":"default","site-sidebar-style":"default","ast-global-header-display":"","ast-banner-title-visibility":"","ast-main-header-display":"","ast-hfb-above-header-display":"","ast-hfb-below-header-display":"","ast-hfb-mobile-header-display":"","site-post-title":"","ast-breadcrumbs-content":"","ast-featured-img":"","footer-sml-layout":"","ast-disable-related-posts":"","theme-transparent-header-meta":"","adv-header-id-meta":"","stick-header-meta":"","header-above-stick-meta":"","header-main-stick-meta":"","header-below-stick-meta":"","astra-migrate-meta-layouts":"default","ast-page-background-enabled":"default","ast-page-background-meta":{"desktop":{"background-color":"var(--ast-global-color-5)","background-image":"","background-repeat":"repeat","background-position":"center center","background-size":"auto","background-attachment":"scroll","background-type":"","background-media":"","overlay-type":"","overlay-color":"","overlay-opacity":"","overlay-gradient":""},"tablet":{"background-color":"","background-image":"","background-repeat":"repeat","background-position":"center center","background-size":"auto","background-attachment":"scroll","background-type":"","background-media":"","overlay-type":"","overlay-color":"","overlay-opacity":"","overlay-gradient":""},"mobile":{"background-color":"","background-image":"","background-repeat":"repeat","background-position":"center center","background-size":"auto","background-attachment":"scroll","background-type":"","background-media":"","overlay-type":"","overlay-color":"","overlay-opacity":"","overlay-gradient":""}},"ast-content-background-meta":{"desktop":{"background-color":"var(--ast-global-color-4)","background-image":"","background-repeat":"repeat","background-position":"center center","background-size":"auto","background-attachment":"scroll","background-type":"","background-media":"","overlay-type":"","overlay-color":"","overlay-opacity":"","overlay-gradient":""},"tablet":{"background-color":"var(--ast-global-color-4)","background-image":"","background-repeat":"repeat","background-position":"center center","background-size":"auto","background-attachment":"scroll","background-type":"","background-media":"","overlay-type":"","overlay-color":"","overlay-opacity":"","overlay-gradient":""},"mobile":{"background-color":"var(--ast-global-color-4)","background-image":"","background-repeat":"repeat","background-position":"center center","background-size":"auto","background-attachment":"scroll","background-type":"","background-media":"","overlay-type":"","overlay-color":"","overlay-opacity":"","overlay-gradient":""}},"footnotes":""},"categories":[208],"tags":[55,72],"class_list":["post-17244","post","type-post","status-publish","format-standard","has-post-thumbnail","hentry","category-noticias","tag-caral","tag-cultura"],"acf":[],"yoast_head":"<!-- This site is optimized with the Yoast SEO plugin v27.3 - https:\/\/yoast.com\/product\/yoast-seo-wordpress\/ -->\n<title>DOMINGO, 3 DE DICIEMBRE: ingresa gratis a los sitios arqueol\u00f3gicos de la Ruta Caral<\/title>\n<meta name=\"description\" content=\"Este domingo, 3 de diciembre, no pierdas la oportunidad de ingresar de manera gratuita a los milenarios sitios arqueol\u00f3gicos Ciudad Sagrada de Caral, \u00c1spero y Vichama, centros urbanos que formaron parte de la primera civilizaci\u00f3n que se desarroll\u00f3 hace cinco mil a\u00f1os, en el continente americano, administrados por la Zona Arqueol\u00f3gica Caral, Unidad Ejecutora 003 del Ministerio de Cultura.\" \/>\n<meta name=\"robots\" content=\"index, follow, max-snippet:-1, max-image-preview:large, max-video-preview:-1\" \/>\n<link rel=\"canonical\" href=\"https:\/\/zonacaral.gob.pe\/es\/noticias\/domingo-3-de-diciembre-ingresa-gratis-a-los-sitios-arqueologicos-de-la-ruta-caral\/\" \/>\n<meta property=\"og:locale\" content=\"es_ES\" \/>\n<meta property=\"og:type\" content=\"article\" \/>\n<meta property=\"og:title\" content=\"DOMINGO, 3 DE DICIEMBRE: ingresa gratis a los sitios arqueol\u00f3gicos de la Ruta Caral\" \/>\n<meta property=\"og:description\" content=\"Este domingo, 3 de diciembre, no pierdas la oportunidad de ingresar de manera gratuita a los milenarios sitios arqueol\u00f3gicos Ciudad Sagrada de Caral, \u00c1spero y Vichama, centros urbanos que formaron parte de la primera civilizaci\u00f3n que se desarroll\u00f3 hace cinco mil a\u00f1os, en el continente americano, administrados por la Zona Arqueol\u00f3gica Caral, Unidad Ejecutora 003 del Ministerio de Cultura.\" \/>\n<meta property=\"og:url\" content=\"https:\/\/zonacaral.gob.pe\/es\/noticias\/domingo-3-de-diciembre-ingresa-gratis-a-los-sitios-arqueologicos-de-la-ruta-caral\/\" \/>\n<meta property=\"og:site_name\" content=\"Zona Caral\" \/>\n<meta property=\"article:published_time\" content=\"2023-11-29T15:18:17+00:00\" \/>\n<meta property=\"og:image\" content=\"https:\/\/zonacaral.gob.pe\/wp-content\/uploads\/2023\/11\/semana-santa-1.png\" \/>\n\t<meta property=\"og:image:width\" content=\"1000\" \/>\n\t<meta property=\"og:image:height\" content=\"600\" \/>\n\t<meta property=\"og:image:type\" content=\"image\/png\" \/>\n<meta name=\"author\" content=\"Zona Caral Administrador\" \/>\n<meta name=\"twitter:card\" content=\"summary_large_image\" \/>\n<meta name=\"twitter:label1\" content=\"Written by\" \/>\n\t<meta name=\"twitter:data1\" content=\"Zona Caral Administrador\" \/>\n\t<meta name=\"twitter:label2\" content=\"Est. reading time\" \/>\n\t<meta name=\"twitter:data2\" content=\"3 minutos\" \/>\n<script type=\"application\/ld+json\" class=\"yoast-schema-graph\">{\"@context\":\"https:\\\/\\\/schema.org\",\"@graph\":[{\"@type\":\"Article\",\"@id\":\"https:\\\/\\\/zonacaral.gob.pe\\\/es\\\/noticias\\\/domingo-3-de-diciembre-ingresa-gratis-a-los-sitios-arqueologicos-de-la-ruta-caral\\\/#article\",\"isPartOf\":{\"@id\":\"https:\\\/\\\/zonacaral.gob.pe\\\/es\\\/noticias\\\/domingo-3-de-diciembre-ingresa-gratis-a-los-sitios-arqueologicos-de-la-ruta-caral\\\/\"},\"author\":{\"name\":\"Zona Caral Administrador\",\"@id\":\"https:\\\/\\\/zonacaral.gob.pe\\\/es\\\/#\\\/schema\\\/person\\\/beddb4d22f71a7230c5b90913270a0ee\"},\"headline\":\"DOMINGO, 3 DE DICIEMBRE: ingresa gratis a los sitios arqueol\u00f3gicos de la Ruta Caral\",\"datePublished\":\"2023-11-29T15:18:17+00:00\",\"mainEntityOfPage\":{\"@id\":\"https:\\\/\\\/zonacaral.gob.pe\\\/es\\\/noticias\\\/domingo-3-de-diciembre-ingresa-gratis-a-los-sitios-arqueologicos-de-la-ruta-caral\\\/\"},\"wordCount\":532,\"image\":{\"@id\":\"https:\\\/\\\/zonacaral.gob.pe\\\/es\\\/noticias\\\/domingo-3-de-diciembre-ingresa-gratis-a-los-sitios-arqueologicos-de-la-ruta-caral\\\/#primaryimage\"},\"thumbnailUrl\":\"https:\\\/\\\/zonacaral.gob.pe\\\/wp-content\\\/uploads\\\/2023\\\/11\\\/semana-santa-1.png\",\"keywords\":[\"caral\",\"Cultura\"],\"articleSection\":[\"noticias\"],\"inLanguage\":\"es-PE\"},{\"@type\":\"WebPage\",\"@id\":\"https:\\\/\\\/zonacaral.gob.pe\\\/es\\\/noticias\\\/domingo-3-de-diciembre-ingresa-gratis-a-los-sitios-arqueologicos-de-la-ruta-caral\\\/\",\"url\":\"https:\\\/\\\/zonacaral.gob.pe\\\/es\\\/noticias\\\/domingo-3-de-diciembre-ingresa-gratis-a-los-sitios-arqueologicos-de-la-ruta-caral\\\/\",\"name\":\"DOMINGO, 3 DE DICIEMBRE: ingresa gratis a los sitios arqueol\u00f3gicos de la Ruta Caral\",\"isPartOf\":{\"@id\":\"https:\\\/\\\/zonacaral.gob.pe\\\/es\\\/#website\"},\"primaryImageOfPage\":{\"@id\":\"https:\\\/\\\/zonacaral.gob.pe\\\/es\\\/noticias\\\/domingo-3-de-diciembre-ingresa-gratis-a-los-sitios-arqueologicos-de-la-ruta-caral\\\/#primaryimage\"},\"image\":{\"@id\":\"https:\\\/\\\/zonacaral.gob.pe\\\/es\\\/noticias\\\/domingo-3-de-diciembre-ingresa-gratis-a-los-sitios-arqueologicos-de-la-ruta-caral\\\/#primaryimage\"},\"thumbnailUrl\":\"https:\\\/\\\/zonacaral.gob.pe\\\/wp-content\\\/uploads\\\/2023\\\/11\\\/semana-santa-1.png\",\"datePublished\":\"2023-11-29T15:18:17+00:00\",\"author\":{\"@id\":\"https:\\\/\\\/zonacaral.gob.pe\\\/es\\\/#\\\/schema\\\/person\\\/beddb4d22f71a7230c5b90913270a0ee\"},\"description\":\"Este domingo, 3 de diciembre, no pierdas la oportunidad de ingresar de manera gratuita a los milenarios sitios arqueol\u00f3gicos Ciudad Sagrada de Caral, \u00c1spero y Vichama, centros urbanos que formaron parte de la primera civilizaci\u00f3n que se desarroll\u00f3 hace cinco mil a\u00f1os, en el continente americano, administrados por la Zona Arqueol\u00f3gica Caral, Unidad Ejecutora 003 del Ministerio de Cultura.\",\"breadcrumb\":{\"@id\":\"https:\\\/\\\/zonacaral.gob.pe\\\/es\\\/noticias\\\/domingo-3-de-diciembre-ingresa-gratis-a-los-sitios-arqueologicos-de-la-ruta-caral\\\/#breadcrumb\"},\"inLanguage\":\"es-PE\",\"potentialAction\":[{\"@type\":\"ReadAction\",\"target\":[\"https:\\\/\\\/zonacaral.gob.pe\\\/es\\\/noticias\\\/domingo-3-de-diciembre-ingresa-gratis-a-los-sitios-arqueologicos-de-la-ruta-caral\\\/\"]}]},{\"@type\":\"ImageObject\",\"inLanguage\":\"es-PE\",\"@id\":\"https:\\\/\\\/zonacaral.gob.pe\\\/es\\\/noticias\\\/domingo-3-de-diciembre-ingresa-gratis-a-los-sitios-arqueologicos-de-la-ruta-caral\\\/#primaryimage\",\"url\":\"https:\\\/\\\/zonacaral.gob.pe\\\/wp-content\\\/uploads\\\/2023\\\/11\\\/semana-santa-1.png\",\"contentUrl\":\"https:\\\/\\\/zonacaral.gob.pe\\\/wp-content\\\/uploads\\\/2023\\\/11\\\/semana-santa-1.png\",\"width\":1000,\"height\":600},{\"@type\":\"BreadcrumbList\",\"@id\":\"https:\\\/\\\/zonacaral.gob.pe\\\/es\\\/noticias\\\/domingo-3-de-diciembre-ingresa-gratis-a-los-sitios-arqueologicos-de-la-ruta-caral\\\/#breadcrumb\",\"itemListElement\":[{\"@type\":\"ListItem\",\"position\":1,\"name\":\"Portada\",\"item\":\"https:\\\/\\\/zonacaral.gob.pe\\\/\"},{\"@type\":\"ListItem\",\"position\":2,\"name\":\"DOMINGO, 3 DE DICIEMBRE: ingresa gratis a los sitios arqueol\u00f3gicos de la Ruta Caral\"}]},{\"@type\":\"WebSite\",\"@id\":\"https:\\\/\\\/zonacaral.gob.pe\\\/es\\\/#website\",\"url\":\"https:\\\/\\\/zonacaral.gob.pe\\\/es\\\/\",\"name\":\"Zona Caral\",\"description\":\"Investigamos, conservamos y difundimos el patrimonio cultural de la Civilizaci\u00f3n Caral, la m\u00e1s antigua de Am\u00e9rica.\",\"potentialAction\":[{\"@type\":\"SearchAction\",\"target\":{\"@type\":\"EntryPoint\",\"urlTemplate\":\"https:\\\/\\\/zonacaral.gob.pe\\\/es\\\/?s={search_term_string}\"},\"query-input\":{\"@type\":\"PropertyValueSpecification\",\"valueRequired\":true,\"valueName\":\"search_term_string\"}}],\"inLanguage\":\"es-PE\"},{\"@type\":\"Person\",\"@id\":\"https:\\\/\\\/zonacaral.gob.pe\\\/es\\\/#\\\/schema\\\/person\\\/beddb4d22f71a7230c5b90913270a0ee\",\"name\":\"Zona Caral Administrador\",\"image\":{\"@type\":\"ImageObject\",\"inLanguage\":\"es-PE\",\"@id\":\"https:\\\/\\\/secure.gravatar.com\\\/avatar\\\/e4be162918a696358376de6446614e0f0f4062bdc5d170d6d540ada3d8b58c12?s=96&d=mm&r=g\",\"url\":\"https:\\\/\\\/secure.gravatar.com\\\/avatar\\\/e4be162918a696358376de6446614e0f0f4062bdc5d170d6d540ada3d8b58c12?s=96&d=mm&r=g\",\"contentUrl\":\"https:\\\/\\\/secure.gravatar.com\\\/avatar\\\/e4be162918a696358376de6446614e0f0f4062bdc5d170d6d540ada3d8b58c12?s=96&d=mm&r=g\",\"caption\":\"Zona Caral Administrador\"},\"sameAs\":[\"https:\\\/\\\/zonacaral.gob.pe\"],\"url\":\"https:\\\/\\\/zonacaral.gob.pe\\\/es\\\/noticias\\\/author\\\/ad_zonacaral\\\/\"}]}<\/script>\n<!-- \/ Yoast SEO plugin. -->","yoast_head_json":{"title":"DOMINGO, 3 DE DICIEMBRE: ingresa gratis a los sitios arqueol\u00f3gicos de la Ruta Caral","description":"Este domingo, 3 de diciembre, no pierdas la oportunidad de ingresar de manera gratuita a los milenarios sitios arqueol\u00f3gicos Ciudad Sagrada de Caral, \u00c1spero y Vichama, centros urbanos que formaron parte de la primera civilizaci\u00f3n que se desarroll\u00f3 hace cinco mil a\u00f1os, en el continente americano, administrados por la Zona Arqueol\u00f3gica Caral, Unidad Ejecutora 003 del Ministerio de Cultura.","robots":{"index":"index","follow":"follow","max-snippet":"max-snippet:-1","max-image-preview":"max-image-preview:large","max-video-preview":"max-video-preview:-1"},"canonical":"https:\/\/zonacaral.gob.pe\/es\/noticias\/domingo-3-de-diciembre-ingresa-gratis-a-los-sitios-arqueologicos-de-la-ruta-caral\/","og_locale":"es_ES","og_type":"article","og_title":"DOMINGO, 3 DE DICIEMBRE: ingresa gratis a los sitios arqueol\u00f3gicos de la Ruta Caral","og_description":"Este domingo, 3 de diciembre, no pierdas la oportunidad de ingresar de manera gratuita a los milenarios sitios arqueol\u00f3gicos Ciudad Sagrada de Caral, \u00c1spero y Vichama, centros urbanos que formaron parte de la primera civilizaci\u00f3n que se desarroll\u00f3 hace cinco mil a\u00f1os, en el continente americano, administrados por la Zona Arqueol\u00f3gica Caral, Unidad Ejecutora 003 del Ministerio de Cultura.","og_url":"https:\/\/zonacaral.gob.pe\/es\/noticias\/domingo-3-de-diciembre-ingresa-gratis-a-los-sitios-arqueologicos-de-la-ruta-caral\/","og_site_name":"Zona Caral","article_published_time":"2023-11-29T15:18:17+00:00","og_image":[{"width":1000,"height":600,"url":"https:\/\/zonacaral.gob.pe\/wp-content\/uploads\/2023\/11\/semana-santa-1.png","type":"image\/png"}],"author":"Zona Caral Administrador","twitter_card":"summary_large_image","twitter_misc":{"Written by":"Zona Caral Administrador","Est. reading time":"3 minutos"},"schema":{"@context":"https:\/\/schema.org","@graph":[{"@type":"Article","@id":"https:\/\/zonacaral.gob.pe\/es\/noticias\/domingo-3-de-diciembre-ingresa-gratis-a-los-sitios-arqueologicos-de-la-ruta-caral\/#article","isPartOf":{"@id":"https:\/\/zonacaral.gob.pe\/es\/noticias\/domingo-3-de-diciembre-ingresa-gratis-a-los-sitios-arqueologicos-de-la-ruta-caral\/"},"author":{"name":"Zona Caral Administrador","@id":"https:\/\/zonacaral.gob.pe\/es\/#\/schema\/person\/beddb4d22f71a7230c5b90913270a0ee"},"headline":"DOMINGO, 3 DE DICIEMBRE: ingresa gratis a los sitios arqueol\u00f3gicos de la Ruta Caral","datePublished":"2023-11-29T15:18:17+00:00","mainEntityOfPage":{"@id":"https:\/\/zonacaral.gob.pe\/es\/noticias\/domingo-3-de-diciembre-ingresa-gratis-a-los-sitios-arqueologicos-de-la-ruta-caral\/"},"wordCount":532,"image":{"@id":"https:\/\/zonacaral.gob.pe\/es\/noticias\/domingo-3-de-diciembre-ingresa-gratis-a-los-sitios-arqueologicos-de-la-ruta-caral\/#primaryimage"},"thumbnailUrl":"https:\/\/zonacaral.gob.pe\/wp-content\/uploads\/2023\/11\/semana-santa-1.png","keywords":["caral","Cultura"],"articleSection":["noticias"],"inLanguage":"es-PE"},{"@type":"WebPage","@id":"https:\/\/zonacaral.gob.pe\/es\/noticias\/domingo-3-de-diciembre-ingresa-gratis-a-los-sitios-arqueologicos-de-la-ruta-caral\/","url":"https:\/\/zonacaral.gob.pe\/es\/noticias\/domingo-3-de-diciembre-ingresa-gratis-a-los-sitios-arqueologicos-de-la-ruta-caral\/","name":"DOMINGO, 3 DE DICIEMBRE: ingresa gratis a los sitios arqueol\u00f3gicos de la Ruta Caral","isPartOf":{"@id":"https:\/\/zonacaral.gob.pe\/es\/#website"},"primaryImageOfPage":{"@id":"https:\/\/zonacaral.gob.pe\/es\/noticias\/domingo-3-de-diciembre-ingresa-gratis-a-los-sitios-arqueologicos-de-la-ruta-caral\/#primaryimage"},"image":{"@id":"https:\/\/zonacaral.gob.pe\/es\/noticias\/domingo-3-de-diciembre-ingresa-gratis-a-los-sitios-arqueologicos-de-la-ruta-caral\/#primaryimage"},"thumbnailUrl":"https:\/\/zonacaral.gob.pe\/wp-content\/uploads\/2023\/11\/semana-santa-1.png","datePublished":"2023-11-29T15:18:17+00:00","author":{"@id":"https:\/\/zonacaral.gob.pe\/es\/#\/schema\/person\/beddb4d22f71a7230c5b90913270a0ee"},"description":"Este domingo, 3 de diciembre, no pierdas la oportunidad de ingresar de manera gratuita a los milenarios sitios arqueol\u00f3gicos Ciudad Sagrada de Caral, \u00c1spero y Vichama, centros urbanos que formaron parte de la primera civilizaci\u00f3n que se desarroll\u00f3 hace cinco mil a\u00f1os, en el continente americano, administrados por la Zona Arqueol\u00f3gica Caral, Unidad Ejecutora 003 del Ministerio de Cultura.","breadcrumb":{"@id":"https:\/\/zonacaral.gob.pe\/es\/noticias\/domingo-3-de-diciembre-ingresa-gratis-a-los-sitios-arqueologicos-de-la-ruta-caral\/#breadcrumb"},"inLanguage":"es-PE","potentialAction":[{"@type":"ReadAction","target":["https:\/\/zonacaral.gob.pe\/es\/noticias\/domingo-3-de-diciembre-ingresa-gratis-a-los-sitios-arqueologicos-de-la-ruta-caral\/"]}]},{"@type":"ImageObject","inLanguage":"es-PE","@id":"https:\/\/zonacaral.gob.pe\/es\/noticias\/domingo-3-de-diciembre-ingresa-gratis-a-los-sitios-arqueologicos-de-la-ruta-caral\/#primaryimage","url":"https:\/\/zonacaral.gob.pe\/wp-content\/uploads\/2023\/11\/semana-santa-1.png","contentUrl":"https:\/\/zonacaral.gob.pe\/wp-content\/uploads\/2023\/11\/semana-santa-1.png","width":1000,"height":600},{"@type":"BreadcrumbList","@id":"https:\/\/zonacaral.gob.pe\/es\/noticias\/domingo-3-de-diciembre-ingresa-gratis-a-los-sitios-arqueologicos-de-la-ruta-caral\/#breadcrumb","itemListElement":[{"@type":"ListItem","position":1,"name":"Portada","item":"https:\/\/zonacaral.gob.pe\/"},{"@type":"ListItem","position":2,"name":"DOMINGO, 3 DE DICIEMBRE: ingresa gratis a los sitios arqueol\u00f3gicos de la Ruta Caral"}]},{"@type":"WebSite","@id":"https:\/\/zonacaral.gob.pe\/es\/#website","url":"https:\/\/zonacaral.gob.pe\/es\/","name":"Zona Caral","description":"Investigamos, conservamos y difundimos el patrimonio cultural de la Civilizaci\u00f3n Caral, la m\u00e1s antigua de Am\u00e9rica.","potentialAction":[{"@type":"SearchAction","target":{"@type":"EntryPoint","urlTemplate":"https:\/\/zonacaral.gob.pe\/es\/?s={search_term_string}"},"query-input":{"@type":"PropertyValueSpecification","valueRequired":true,"valueName":"search_term_string"}}],"inLanguage":"es-PE"},{"@type":"Person","@id":"https:\/\/zonacaral.gob.pe\/es\/#\/schema\/person\/beddb4d22f71a7230c5b90913270a0ee","name":"Zona Caral Administrador","image":{"@type":"ImageObject","inLanguage":"es-PE","@id":"https:\/\/secure.gravatar.com\/avatar\/e4be162918a696358376de6446614e0f0f4062bdc5d170d6d540ada3d8b58c12?s=96&d=mm&r=g","url":"https:\/\/secure.gravatar.com\/avatar\/e4be162918a696358376de6446614e0f0f4062bdc5d170d6d540ada3d8b58c12?s=96&d=mm&r=g","contentUrl":"https:\/\/secure.gravatar.com\/avatar\/e4be162918a696358376de6446614e0f0f4062bdc5d170d6d540ada3d8b58c12?s=96&d=mm&r=g","caption":"Zona Caral Administrador"},"sameAs":["https:\/\/zonacaral.gob.pe"],"url":"https:\/\/zonacaral.gob.pe\/es\/noticias\/author\/ad_zonacaral\/"}]}},"_links":{"self":[{"href":"https:\/\/zonacaral.gob.pe\/es\/wp-json\/wp\/v2\/posts\/17244","targetHints":{"allow":["GET"]}}],"collection":[{"href":"https:\/\/zonacaral.gob.pe\/es\/wp-json\/wp\/v2\/posts"}],"about":[{"href":"https:\/\/zonacaral.gob.pe\/es\/wp-json\/wp\/v2\/types\/post"}],"author":[{"embeddable":true,"href":"https:\/\/zonacaral.gob.pe\/es\/wp-json\/wp\/v2\/users\/1"}],"replies":[{"embeddable":true,"href":"https:\/\/zonacaral.gob.pe\/es\/wp-json\/wp\/v2\/comments?post=17244"}],"version-history":[{"count":0,"href":"https:\/\/zonacaral.gob.pe\/es\/wp-json\/wp\/v2\/posts\/17244\/revisions"}],"wp:featuredmedia":[{"embeddable":true,"href":"https:\/\/zonacaral.gob.pe\/es\/wp-json\/wp\/v2\/media\/17249"}],"wp:attachment":[{"href":"https:\/\/zonacaral.gob.pe\/es\/wp-json\/wp\/v2\/media?parent=17244"}],"wp:term":[{"taxonomy":"category","embeddable":true,"href":"https:\/\/zonacaral.gob.pe\/es\/wp-json\/wp\/v2\/categories?post=17244"},{"taxonomy":"post_tag","embeddable":true,"href":"https:\/\/zonacaral.gob.pe\/es\/wp-json\/wp\/v2\/tags?post=17244"}],"curies":[{"name":"wp","href":"https:\/\/api.w.org\/{rel}","templated":true}]}}