{"id":17253,"date":"2023-12-04T12:03:08","date_gmt":"2023-12-04T17:03:08","guid":{"rendered":"https:\/\/www.zonacaral.gob.pe\/?p=17253"},"modified":"2023-12-04T12:03:08","modified_gmt":"2023-12-04T17:03:08","slug":"escolares-de-diferentes-ciudades-del-pais-conocieron-el-museo-caral","status":"publish","type":"post","link":"https:\/\/zonacaral.gob.pe\/es\/noticias\/escolares-de-diferentes-ciudades-del-pais-conocieron-el-museo-caral\/","title":{"rendered":"Escolares de diferentes ciudades del pa\u00eds conocieron el Museo Caral"},"content":{"rendered":"<figure class=\"pic-autor\" style=\"color: #4d4d4d; text-align: justify;\"><\/figure>\n<div class=\"gmail_default\" style=\"text-align: justify;\">\n<blockquote>\n<p><span style=\"font-weight: 400;\">En noviembre.<\/span><\/p>\n<\/blockquote>\n<p><span style=\"font-weight: 400;\">La <\/span><a href=\"https:\/\/www.instagram.com\/caralperu\/?hl=es\"><span style=\"font-weight: 400;\">Zona Arqueol\u00f3gica Caral<\/span><\/a><span style=\"font-weight: 400;\"> (ZAC), Unidad Ejecutora 003 del Ministerio de Cultura del Per\u00fa, a trav\u00e9s de su programa \u201cVisitas Guiadas en L\u00ednea\u201d por el <\/span><a href=\"https:\/\/www.zonacaral.gob.pe\/museo\/caral\/\"><span style=\"font-weight: 400;\">Museo Caral<\/span><\/a><span style=\"font-weight: 400;\">, transmiti\u00f3 la historia social y los valores de la Civilizaci\u00f3n Caral, considerada como la primera del continente americano, a cerca de 400 alumnos, de primaria y secundaria, de diferentes ciudades del pa\u00eds.<\/span><\/p>\n<p><span style=\"font-weight: 400;\">Los escolares de Urubamba &#8211; Cusco, Carhuaz \u2013 \u00c1ncash, Challabamba \u2013 Cusco, Satipo \u2013 San Mart\u00edn de Pangoa, Pachac\u00fatec \u2013 Lima y de Trujillo, realizaron sus preguntas, ampliaron sus conocimientos sobre el desarrollo civilizatorio en el mundo y, adem\u00e1s, en sus aulas, gracias al apoyo de sus profesores, participaron en otras din\u00e1micas para reforzar lo aprendido.<\/span><\/p>\n<p><span style=\"font-weight: 400;\">La arque\u00f3loga Tatiana Abad y el arquitecto Yoshio Cano, fueron los encargados de realizar las mediaciones virtuales a los escolares. Paso a paso, fueron cont\u00e1ndoles c\u00f3mo, hace cinco mil a\u00f1os, se desarroll\u00f3 este foco civilizatorio; centr\u00e1ndose en el tema \u201cVida en armon\u00eda entre los seres humanos y con la naturaleza\u201d.<\/span><\/p>\n<p><span style=\"font-weight: 400;\">Los estudiantes conocieron la importancia del trabajo organizado, coordinado entre autoridades sociales y pol\u00edticas, y el respeto y cuidado a la naturaleza, como, hace miles de a\u00f1os, sucedi\u00f3 en Caral. Muestra de ello son sus impresionantes centros urbanos y edificaciones piramidales, alejados del cauce del r\u00edo, en lugares eriazos y fuera del paso de aluviones y, sobre todo, en plena armon\u00eda con la naturaleza.<\/span><\/p>\n<p><span style=\"font-weight: 400;\">A trav\u00e9s de los diferentes hallazgos, realizados en 12 sitios arqueol\u00f3gicos (de 25 identificados) se demostr\u00f3 que en la civilizaci\u00f3n Caral, existieron expertos en urbanismo, arquitectura y planificaci\u00f3n, pues cada centro urbano fue hecho de manera sostenible y sismorresistente, muy distinto a las edificaciones que se realizan en la actualidad.<\/span><\/p>\n<p><span style=\"font-weight: 400;\">Adem\u00e1s, respetaron las tierras productivas, optimizaron el uso de los suelos, aseguraron el uso del agua e interconectaron el valle de Supe con otras zonas geogr\u00e1ficas.<\/span><\/p>\n<p><strong>DATO<\/strong><\/p>\n<p><span style=\"font-weight: 400;\">\u00bfQuieres un guiado gratuito por el <\/span><a href=\"https:\/\/www.zonacaral.gob.pe\/museo\/caral\/\"><span style=\"font-weight: 400;\">Museo Caral<\/span><\/a><span style=\"font-weight: 400;\">? De manera mensual la Zona Arqueol\u00f3gica Caral ofrece \u201cVisitas Guiadas en L\u00ednea\u201d por el Museo Caral, al p\u00fablico en general. Participa y descubre los valores y la historia social de la Civilizaci\u00f3n Caral, la m\u00e1s antigua de Am\u00e9rica. Inscr\u00edbete en el siguiente link:<\/span><a href=\"https:\/\/bit.ly\/GuiadoEnLineaGeneral\"> <span style=\"font-weight: 400;\">https:\/\/bit.ly\/GuiadoEnLineaGeneral<\/span><\/a><span style=\"font-weight: 400;\">, y descubre nuestra riqueza cultural.<\/span><\/p>\n<p><span style=\"color: #850707;\"><strong style=\"font-size: inherit; text-align: justify;\">Fuente: Comunicaci\u00f3n e Imagen Institucional ZAC<\/strong><\/span><\/p>\n<\/div>\n<div style=\"color: #1f1f1f;\">\n<div style=\"color: #1f1f1f;\">\n<p style=\"text-align: justify;\">Fecha de publicaci\u00f3n: 04\/12\/2023<\/p>\n<\/div>\n<\/div>\n\n\n<p><\/p>\n","protected":false},"excerpt":{"rendered":"<p>En noviembre. La Zona Arqueol\u00f3gica Caral (ZAC), Unidad Ejecutora 003 del Ministerio de Cultura del Per\u00fa, a trav\u00e9s de su [&hellip;]<\/p>\n","protected":false},"author":1,"featured_media":17257,"comment_status":"closed","ping_status":"open","sticky":false,"template":"","format":"standard","meta":{"_acf_changed":false,"site-sidebar-layout":"default","site-content-layout":"","ast-site-content-layout":"default","site-content-style":"default","site-sidebar-style":"default","ast-global-header-display":"","ast-banner-title-visibility":"","ast-main-header-display":"","ast-hfb-above-header-display":"","ast-hfb-below-header-display":"","ast-hfb-mobile-header-display":"","site-post-title":"","ast-breadcrumbs-content":"","ast-featured-img":"","footer-sml-layout":"","ast-disable-related-posts":"","theme-transparent-header-meta":"","adv-header-id-meta":"","stick-header-meta":"","header-above-stick-meta":"","header-main-stick-meta":"","header-below-stick-meta":"","astra-migrate-meta-layouts":"default","ast-page-background-enabled":"default","ast-page-background-meta":{"desktop":{"background-color":"var(--ast-global-color-5)","background-image":"","background-repeat":"repeat","background-position":"center center","background-size":"auto","background-attachment":"scroll","background-type":"","background-media":"","overlay-type":"","overlay-color":"","overlay-opacity":"","overlay-gradient":""},"tablet":{"background-color":"","background-image":"","background-repeat":"repeat","background-position":"center center","background-size":"auto","background-attachment":"scroll","background-type":"","background-media":"","overlay-type":"","overlay-color":"","overlay-opacity":"","overlay-gradient":""},"mobile":{"background-color":"","background-image":"","background-repeat":"repeat","background-position":"center center","background-size":"auto","background-attachment":"scroll","background-type":"","background-media":"","overlay-type":"","overlay-color":"","overlay-opacity":"","overlay-gradient":""}},"ast-content-background-meta":{"desktop":{"background-color":"var(--ast-global-color-4)","background-image":"","background-repeat":"repeat","background-position":"center center","background-size":"auto","background-attachment":"scroll","background-type":"","background-media":"","overlay-type":"","overlay-color":"","overlay-opacity":"","overlay-gradient":""},"tablet":{"background-color":"var(--ast-global-color-4)","background-image":"","background-repeat":"repeat","background-position":"center center","background-size":"auto","background-attachment":"scroll","background-type":"","background-media":"","overlay-type":"","overlay-color":"","overlay-opacity":"","overlay-gradient":""},"mobile":{"background-color":"var(--ast-global-color-4)","background-image":"","background-repeat":"repeat","background-position":"center center","background-size":"auto","background-attachment":"scroll","background-type":"","background-media":"","overlay-type":"","overlay-color":"","overlay-opacity":"","overlay-gradient":""}},"footnotes":""},"categories":[208],"tags":[55,72],"class_list":["post-17253","post","type-post","status-publish","format-standard","has-post-thumbnail","hentry","category-noticias","tag-caral","tag-cultura"],"acf":[],"yoast_head":"<!-- This site is optimized with the Yoast SEO plugin v27.3 - https:\/\/yoast.com\/product\/yoast-seo-wordpress\/ -->\n<title>Escolares de diferentes ciudades del pa\u00eds conocieron el Museo Caral<\/title>\n<meta name=\"description\" content=\"La Zona Arqueol\u00f3gica Caral (ZAC), Unidad Ejecutora 003 del Ministerio de Cultura del Per\u00fa, a trav\u00e9s de su programa \u201cVisitas Guiadas en L\u00ednea\u201d por el Museo Caral, transmiti\u00f3 la historia social y los valores de la Civilizaci\u00f3n Caral, considerada como la primera del continente americano, a cerca de 400 alumnos, de primaria y secundaria, de diferentes ciudades del pa\u00eds.\" \/>\n<meta name=\"robots\" content=\"index, follow, max-snippet:-1, max-image-preview:large, max-video-preview:-1\" \/>\n<link rel=\"canonical\" href=\"https:\/\/zonacaral.gob.pe\/es\/noticias\/escolares-de-diferentes-ciudades-del-pais-conocieron-el-museo-caral\/\" \/>\n<meta property=\"og:locale\" content=\"es_ES\" \/>\n<meta property=\"og:type\" content=\"article\" \/>\n<meta property=\"og:title\" content=\"Escolares de diferentes ciudades del pa\u00eds conocieron el Museo Caral\" \/>\n<meta property=\"og:description\" content=\"La Zona Arqueol\u00f3gica Caral (ZAC), Unidad Ejecutora 003 del Ministerio de Cultura del Per\u00fa, a trav\u00e9s de su programa \u201cVisitas Guiadas en L\u00ednea\u201d por el Museo Caral, transmiti\u00f3 la historia social y los valores de la Civilizaci\u00f3n Caral, considerada como la primera del continente americano, a cerca de 400 alumnos, de primaria y secundaria, de diferentes ciudades del pa\u00eds.\" \/>\n<meta property=\"og:url\" content=\"https:\/\/zonacaral.gob.pe\/es\/noticias\/escolares-de-diferentes-ciudades-del-pais-conocieron-el-museo-caral\/\" \/>\n<meta property=\"og:site_name\" content=\"Zona Caral\" \/>\n<meta property=\"article:published_time\" content=\"2023-12-04T17:03:08+00:00\" \/>\n<meta property=\"og:image\" content=\"https:\/\/zonacaral.gob.pe\/wp-content\/uploads\/2023\/12\/MUSEO-CARAL-NOVIEMBRE.png\" \/>\n\t<meta property=\"og:image:width\" content=\"1000\" \/>\n\t<meta property=\"og:image:height\" content=\"600\" \/>\n\t<meta property=\"og:image:type\" content=\"image\/png\" \/>\n<meta name=\"author\" content=\"Zona Caral Administrador\" \/>\n<meta name=\"twitter:card\" content=\"summary_large_image\" \/>\n<meta name=\"twitter:label1\" content=\"Written by\" \/>\n\t<meta name=\"twitter:data1\" content=\"Zona Caral Administrador\" \/>\n\t<meta name=\"twitter:label2\" content=\"Est. reading time\" \/>\n\t<meta name=\"twitter:data2\" content=\"2 minutos\" \/>\n<script type=\"application\/ld+json\" class=\"yoast-schema-graph\">{\"@context\":\"https:\\\/\\\/schema.org\",\"@graph\":[{\"@type\":\"Article\",\"@id\":\"https:\\\/\\\/zonacaral.gob.pe\\\/es\\\/noticias\\\/escolares-de-diferentes-ciudades-del-pais-conocieron-el-museo-caral\\\/#article\",\"isPartOf\":{\"@id\":\"https:\\\/\\\/zonacaral.gob.pe\\\/es\\\/noticias\\\/escolares-de-diferentes-ciudades-del-pais-conocieron-el-museo-caral\\\/\"},\"author\":{\"name\":\"Zona Caral Administrador\",\"@id\":\"https:\\\/\\\/zonacaral.gob.pe\\\/es\\\/#\\\/schema\\\/person\\\/beddb4d22f71a7230c5b90913270a0ee\"},\"headline\":\"Escolares de diferentes ciudades del pa\u00eds conocieron el Museo Caral\",\"datePublished\":\"2023-12-04T17:03:08+00:00\",\"mainEntityOfPage\":{\"@id\":\"https:\\\/\\\/zonacaral.gob.pe\\\/es\\\/noticias\\\/escolares-de-diferentes-ciudades-del-pais-conocieron-el-museo-caral\\\/\"},\"wordCount\":414,\"image\":{\"@id\":\"https:\\\/\\\/zonacaral.gob.pe\\\/es\\\/noticias\\\/escolares-de-diferentes-ciudades-del-pais-conocieron-el-museo-caral\\\/#primaryimage\"},\"thumbnailUrl\":\"https:\\\/\\\/zonacaral.gob.pe\\\/wp-content\\\/uploads\\\/2023\\\/12\\\/MUSEO-CARAL-NOVIEMBRE.png\",\"keywords\":[\"caral\",\"Cultura\"],\"articleSection\":[\"noticias\"],\"inLanguage\":\"es-PE\"},{\"@type\":\"WebPage\",\"@id\":\"https:\\\/\\\/zonacaral.gob.pe\\\/es\\\/noticias\\\/escolares-de-diferentes-ciudades-del-pais-conocieron-el-museo-caral\\\/\",\"url\":\"https:\\\/\\\/zonacaral.gob.pe\\\/es\\\/noticias\\\/escolares-de-diferentes-ciudades-del-pais-conocieron-el-museo-caral\\\/\",\"name\":\"Escolares de diferentes ciudades del pa\u00eds conocieron el Museo Caral\",\"isPartOf\":{\"@id\":\"https:\\\/\\\/zonacaral.gob.pe\\\/es\\\/#website\"},\"primaryImageOfPage\":{\"@id\":\"https:\\\/\\\/zonacaral.gob.pe\\\/es\\\/noticias\\\/escolares-de-diferentes-ciudades-del-pais-conocieron-el-museo-caral\\\/#primaryimage\"},\"image\":{\"@id\":\"https:\\\/\\\/zonacaral.gob.pe\\\/es\\\/noticias\\\/escolares-de-diferentes-ciudades-del-pais-conocieron-el-museo-caral\\\/#primaryimage\"},\"thumbnailUrl\":\"https:\\\/\\\/zonacaral.gob.pe\\\/wp-content\\\/uploads\\\/2023\\\/12\\\/MUSEO-CARAL-NOVIEMBRE.png\",\"datePublished\":\"2023-12-04T17:03:08+00:00\",\"author\":{\"@id\":\"https:\\\/\\\/zonacaral.gob.pe\\\/es\\\/#\\\/schema\\\/person\\\/beddb4d22f71a7230c5b90913270a0ee\"},\"description\":\"La Zona Arqueol\u00f3gica Caral (ZAC), Unidad Ejecutora 003 del Ministerio de Cultura del Per\u00fa, a trav\u00e9s de su programa \u201cVisitas Guiadas en L\u00ednea\u201d por el Museo Caral, transmiti\u00f3 la historia social y los valores de la Civilizaci\u00f3n Caral, considerada como la primera del continente americano, a cerca de 400 alumnos, de primaria y secundaria, de diferentes ciudades del pa\u00eds.\",\"breadcrumb\":{\"@id\":\"https:\\\/\\\/zonacaral.gob.pe\\\/es\\\/noticias\\\/escolares-de-diferentes-ciudades-del-pais-conocieron-el-museo-caral\\\/#breadcrumb\"},\"inLanguage\":\"es-PE\",\"potentialAction\":[{\"@type\":\"ReadAction\",\"target\":[\"https:\\\/\\\/zonacaral.gob.pe\\\/es\\\/noticias\\\/escolares-de-diferentes-ciudades-del-pais-conocieron-el-museo-caral\\\/\"]}]},{\"@type\":\"ImageObject\",\"inLanguage\":\"es-PE\",\"@id\":\"https:\\\/\\\/zonacaral.gob.pe\\\/es\\\/noticias\\\/escolares-de-diferentes-ciudades-del-pais-conocieron-el-museo-caral\\\/#primaryimage\",\"url\":\"https:\\\/\\\/zonacaral.gob.pe\\\/wp-content\\\/uploads\\\/2023\\\/12\\\/MUSEO-CARAL-NOVIEMBRE.png\",\"contentUrl\":\"https:\\\/\\\/zonacaral.gob.pe\\\/wp-content\\\/uploads\\\/2023\\\/12\\\/MUSEO-CARAL-NOVIEMBRE.png\",\"width\":1000,\"height\":600},{\"@type\":\"BreadcrumbList\",\"@id\":\"https:\\\/\\\/zonacaral.gob.pe\\\/es\\\/noticias\\\/escolares-de-diferentes-ciudades-del-pais-conocieron-el-museo-caral\\\/#breadcrumb\",\"itemListElement\":[{\"@type\":\"ListItem\",\"position\":1,\"name\":\"Portada\",\"item\":\"https:\\\/\\\/zonacaral.gob.pe\\\/\"},{\"@type\":\"ListItem\",\"position\":2,\"name\":\"Escolares de diferentes ciudades del pa\u00eds conocieron el Museo Caral\"}]},{\"@type\":\"WebSite\",\"@id\":\"https:\\\/\\\/zonacaral.gob.pe\\\/es\\\/#website\",\"url\":\"https:\\\/\\\/zonacaral.gob.pe\\\/es\\\/\",\"name\":\"Zona Caral\",\"description\":\"Investigamos, conservamos y difundimos el patrimonio cultural de la Civilizaci\u00f3n Caral, la m\u00e1s antigua de Am\u00e9rica.\",\"potentialAction\":[{\"@type\":\"SearchAction\",\"target\":{\"@type\":\"EntryPoint\",\"urlTemplate\":\"https:\\\/\\\/zonacaral.gob.pe\\\/es\\\/?s={search_term_string}\"},\"query-input\":{\"@type\":\"PropertyValueSpecification\",\"valueRequired\":true,\"valueName\":\"search_term_string\"}}],\"inLanguage\":\"es-PE\"},{\"@type\":\"Person\",\"@id\":\"https:\\\/\\\/zonacaral.gob.pe\\\/es\\\/#\\\/schema\\\/person\\\/beddb4d22f71a7230c5b90913270a0ee\",\"name\":\"Zona Caral Administrador\",\"image\":{\"@type\":\"ImageObject\",\"inLanguage\":\"es-PE\",\"@id\":\"https:\\\/\\\/secure.gravatar.com\\\/avatar\\\/e4be162918a696358376de6446614e0f0f4062bdc5d170d6d540ada3d8b58c12?s=96&d=mm&r=g\",\"url\":\"https:\\\/\\\/secure.gravatar.com\\\/avatar\\\/e4be162918a696358376de6446614e0f0f4062bdc5d170d6d540ada3d8b58c12?s=96&d=mm&r=g\",\"contentUrl\":\"https:\\\/\\\/secure.gravatar.com\\\/avatar\\\/e4be162918a696358376de6446614e0f0f4062bdc5d170d6d540ada3d8b58c12?s=96&d=mm&r=g\",\"caption\":\"Zona Caral Administrador\"},\"sameAs\":[\"https:\\\/\\\/zonacaral.gob.pe\"],\"url\":\"https:\\\/\\\/zonacaral.gob.pe\\\/es\\\/noticias\\\/author\\\/ad_zonacaral\\\/\"}]}<\/script>\n<!-- \/ Yoast SEO plugin. -->","yoast_head_json":{"title":"Escolares de diferentes ciudades del pa\u00eds conocieron el Museo Caral","description":"La Zona Arqueol\u00f3gica Caral (ZAC), Unidad Ejecutora 003 del Ministerio de Cultura del Per\u00fa, a trav\u00e9s de su programa \u201cVisitas Guiadas en L\u00ednea\u201d por el Museo Caral, transmiti\u00f3 la historia social y los valores de la Civilizaci\u00f3n Caral, considerada como la primera del continente americano, a cerca de 400 alumnos, de primaria y secundaria, de diferentes ciudades del pa\u00eds.","robots":{"index":"index","follow":"follow","max-snippet":"max-snippet:-1","max-image-preview":"max-image-preview:large","max-video-preview":"max-video-preview:-1"},"canonical":"https:\/\/zonacaral.gob.pe\/es\/noticias\/escolares-de-diferentes-ciudades-del-pais-conocieron-el-museo-caral\/","og_locale":"es_ES","og_type":"article","og_title":"Escolares de diferentes ciudades del pa\u00eds conocieron el Museo Caral","og_description":"La Zona Arqueol\u00f3gica Caral (ZAC), Unidad Ejecutora 003 del Ministerio de Cultura del Per\u00fa, a trav\u00e9s de su programa \u201cVisitas Guiadas en L\u00ednea\u201d por el Museo Caral, transmiti\u00f3 la historia social y los valores de la Civilizaci\u00f3n Caral, considerada como la primera del continente americano, a cerca de 400 alumnos, de primaria y secundaria, de diferentes ciudades del pa\u00eds.","og_url":"https:\/\/zonacaral.gob.pe\/es\/noticias\/escolares-de-diferentes-ciudades-del-pais-conocieron-el-museo-caral\/","og_site_name":"Zona Caral","article_published_time":"2023-12-04T17:03:08+00:00","og_image":[{"width":1000,"height":600,"url":"https:\/\/zonacaral.gob.pe\/wp-content\/uploads\/2023\/12\/MUSEO-CARAL-NOVIEMBRE.png","type":"image\/png"}],"author":"Zona Caral Administrador","twitter_card":"summary_large_image","twitter_misc":{"Written by":"Zona Caral Administrador","Est. reading time":"2 minutos"},"schema":{"@context":"https:\/\/schema.org","@graph":[{"@type":"Article","@id":"https:\/\/zonacaral.gob.pe\/es\/noticias\/escolares-de-diferentes-ciudades-del-pais-conocieron-el-museo-caral\/#article","isPartOf":{"@id":"https:\/\/zonacaral.gob.pe\/es\/noticias\/escolares-de-diferentes-ciudades-del-pais-conocieron-el-museo-caral\/"},"author":{"name":"Zona Caral Administrador","@id":"https:\/\/zonacaral.gob.pe\/es\/#\/schema\/person\/beddb4d22f71a7230c5b90913270a0ee"},"headline":"Escolares de diferentes ciudades del pa\u00eds conocieron el Museo Caral","datePublished":"2023-12-04T17:03:08+00:00","mainEntityOfPage":{"@id":"https:\/\/zonacaral.gob.pe\/es\/noticias\/escolares-de-diferentes-ciudades-del-pais-conocieron-el-museo-caral\/"},"wordCount":414,"image":{"@id":"https:\/\/zonacaral.gob.pe\/es\/noticias\/escolares-de-diferentes-ciudades-del-pais-conocieron-el-museo-caral\/#primaryimage"},"thumbnailUrl":"https:\/\/zonacaral.gob.pe\/wp-content\/uploads\/2023\/12\/MUSEO-CARAL-NOVIEMBRE.png","keywords":["caral","Cultura"],"articleSection":["noticias"],"inLanguage":"es-PE"},{"@type":"WebPage","@id":"https:\/\/zonacaral.gob.pe\/es\/noticias\/escolares-de-diferentes-ciudades-del-pais-conocieron-el-museo-caral\/","url":"https:\/\/zonacaral.gob.pe\/es\/noticias\/escolares-de-diferentes-ciudades-del-pais-conocieron-el-museo-caral\/","name":"Escolares de diferentes ciudades del pa\u00eds conocieron el Museo Caral","isPartOf":{"@id":"https:\/\/zonacaral.gob.pe\/es\/#website"},"primaryImageOfPage":{"@id":"https:\/\/zonacaral.gob.pe\/es\/noticias\/escolares-de-diferentes-ciudades-del-pais-conocieron-el-museo-caral\/#primaryimage"},"image":{"@id":"https:\/\/zonacaral.gob.pe\/es\/noticias\/escolares-de-diferentes-ciudades-del-pais-conocieron-el-museo-caral\/#primaryimage"},"thumbnailUrl":"https:\/\/zonacaral.gob.pe\/wp-content\/uploads\/2023\/12\/MUSEO-CARAL-NOVIEMBRE.png","datePublished":"2023-12-04T17:03:08+00:00","author":{"@id":"https:\/\/zonacaral.gob.pe\/es\/#\/schema\/person\/beddb4d22f71a7230c5b90913270a0ee"},"description":"La Zona Arqueol\u00f3gica Caral (ZAC), Unidad Ejecutora 003 del Ministerio de Cultura del Per\u00fa, a trav\u00e9s de su programa \u201cVisitas Guiadas en L\u00ednea\u201d por el Museo Caral, transmiti\u00f3 la historia social y los valores de la Civilizaci\u00f3n Caral, considerada como la primera del continente americano, a cerca de 400 alumnos, de primaria y secundaria, de diferentes ciudades del pa\u00eds.","breadcrumb":{"@id":"https:\/\/zonacaral.gob.pe\/es\/noticias\/escolares-de-diferentes-ciudades-del-pais-conocieron-el-museo-caral\/#breadcrumb"},"inLanguage":"es-PE","potentialAction":[{"@type":"ReadAction","target":["https:\/\/zonacaral.gob.pe\/es\/noticias\/escolares-de-diferentes-ciudades-del-pais-conocieron-el-museo-caral\/"]}]},{"@type":"ImageObject","inLanguage":"es-PE","@id":"https:\/\/zonacaral.gob.pe\/es\/noticias\/escolares-de-diferentes-ciudades-del-pais-conocieron-el-museo-caral\/#primaryimage","url":"https:\/\/zonacaral.gob.pe\/wp-content\/uploads\/2023\/12\/MUSEO-CARAL-NOVIEMBRE.png","contentUrl":"https:\/\/zonacaral.gob.pe\/wp-content\/uploads\/2023\/12\/MUSEO-CARAL-NOVIEMBRE.png","width":1000,"height":600},{"@type":"BreadcrumbList","@id":"https:\/\/zonacaral.gob.pe\/es\/noticias\/escolares-de-diferentes-ciudades-del-pais-conocieron-el-museo-caral\/#breadcrumb","itemListElement":[{"@type":"ListItem","position":1,"name":"Portada","item":"https:\/\/zonacaral.gob.pe\/"},{"@type":"ListItem","position":2,"name":"Escolares de diferentes ciudades del pa\u00eds conocieron el Museo Caral"}]},{"@type":"WebSite","@id":"https:\/\/zonacaral.gob.pe\/es\/#website","url":"https:\/\/zonacaral.gob.pe\/es\/","name":"Zona Caral","description":"Investigamos, conservamos y difundimos el patrimonio cultural de la Civilizaci\u00f3n Caral, la m\u00e1s antigua de Am\u00e9rica.","potentialAction":[{"@type":"SearchAction","target":{"@type":"EntryPoint","urlTemplate":"https:\/\/zonacaral.gob.pe\/es\/?s={search_term_string}"},"query-input":{"@type":"PropertyValueSpecification","valueRequired":true,"valueName":"search_term_string"}}],"inLanguage":"es-PE"},{"@type":"Person","@id":"https:\/\/zonacaral.gob.pe\/es\/#\/schema\/person\/beddb4d22f71a7230c5b90913270a0ee","name":"Zona Caral Administrador","image":{"@type":"ImageObject","inLanguage":"es-PE","@id":"https:\/\/secure.gravatar.com\/avatar\/e4be162918a696358376de6446614e0f0f4062bdc5d170d6d540ada3d8b58c12?s=96&d=mm&r=g","url":"https:\/\/secure.gravatar.com\/avatar\/e4be162918a696358376de6446614e0f0f4062bdc5d170d6d540ada3d8b58c12?s=96&d=mm&r=g","contentUrl":"https:\/\/secure.gravatar.com\/avatar\/e4be162918a696358376de6446614e0f0f4062bdc5d170d6d540ada3d8b58c12?s=96&d=mm&r=g","caption":"Zona Caral Administrador"},"sameAs":["https:\/\/zonacaral.gob.pe"],"url":"https:\/\/zonacaral.gob.pe\/es\/noticias\/author\/ad_zonacaral\/"}]}},"_links":{"self":[{"href":"https:\/\/zonacaral.gob.pe\/es\/wp-json\/wp\/v2\/posts\/17253","targetHints":{"allow":["GET"]}}],"collection":[{"href":"https:\/\/zonacaral.gob.pe\/es\/wp-json\/wp\/v2\/posts"}],"about":[{"href":"https:\/\/zonacaral.gob.pe\/es\/wp-json\/wp\/v2\/types\/post"}],"author":[{"embeddable":true,"href":"https:\/\/zonacaral.gob.pe\/es\/wp-json\/wp\/v2\/users\/1"}],"replies":[{"embeddable":true,"href":"https:\/\/zonacaral.gob.pe\/es\/wp-json\/wp\/v2\/comments?post=17253"}],"version-history":[{"count":0,"href":"https:\/\/zonacaral.gob.pe\/es\/wp-json\/wp\/v2\/posts\/17253\/revisions"}],"wp:featuredmedia":[{"embeddable":true,"href":"https:\/\/zonacaral.gob.pe\/es\/wp-json\/wp\/v2\/media\/17257"}],"wp:attachment":[{"href":"https:\/\/zonacaral.gob.pe\/es\/wp-json\/wp\/v2\/media?parent=17253"}],"wp:term":[{"taxonomy":"category","embeddable":true,"href":"https:\/\/zonacaral.gob.pe\/es\/wp-json\/wp\/v2\/categories?post=17253"},{"taxonomy":"post_tag","embeddable":true,"href":"https:\/\/zonacaral.gob.pe\/es\/wp-json\/wp\/v2\/tags?post=17253"}],"curies":[{"name":"wp","href":"https:\/\/api.w.org\/{rel}","templated":true}]}}