{"id":17275,"date":"2023-12-06T16:55:42","date_gmt":"2023-12-06T21:55:42","guid":{"rendered":"https:\/\/www.zonacaral.gob.pe\/?p=17275"},"modified":"2023-12-06T16:55:42","modified_gmt":"2023-12-06T21:55:42","slug":"vecinos-de-barranco-aprendieron-a-elaborar-los-ojos-de-dios-de-caral","status":"publish","type":"post","link":"https:\/\/zonacaral.gob.pe\/es\/noticias\/vecinos-de-barranco-aprendieron-a-elaborar-los-ojos-de-dios-de-caral\/","title":{"rendered":"Vecinos de Barranco aprendieron a elaborar los \u201cOJOS DE DIOS\u201d de Caral"},"content":{"rendered":"<figure class=\"pic-autor\" style=\"color: #4d4d4d; text-align: justify;\"><\/figure>\n<div class=\"gmail_default\" style=\"text-align: justify;\">\n<blockquote>\n<p><em><span style=\"font-weight: 400;\">Transmitimos cultura.<\/span><\/em><\/p>\n<\/blockquote>\n<p><span style=\"font-weight: 400;\">El \u00faltimo s\u00e1bado, la <\/span><a href=\"https:\/\/www.instagram.com\/caralperu\/?hl=es\"><span style=\"font-weight: 400;\">Zona Arqueol\u00f3gica Caral<\/span><\/a><span style=\"font-weight: 400;\">, Unidad Ejecutora 003 del Ministerio de Cultura, a trav\u00e9s de su programa Caral para Todos, llev\u00f3 el taller gratuito: elaboraci\u00f3n del \u201cOjo de Dios\u201d de Caral, a los vecinos de distrito de Barranco, con el fin de transmitir los valores de la primera civilizaci\u00f3n del continente americano.<\/span><\/p>\n<p><span style=\"font-weight: 400;\">El evento, organizado en conjunto con la Gerencia de Turismo y Cultura de Barranco, se realiz\u00f3 en el parque principal de este municipio, y cont\u00f3 con la participaci\u00f3n de ni\u00f1os, j\u00f3venes y adultos, en su mayor\u00eda mujeres.<\/span><\/p>\n<p><span style=\"font-weight: 400;\">Los participantes recibieron una breve introducci\u00f3n sobre el desarrollo de la Civilizaci\u00f3n Caral, los conocimientos que desarrollaron, en ciencia y tecnolog\u00eda, y, en especial, los objetos que crearon usando t\u00e9cnicas especiales de tejido.<\/span><\/p>\n<p><span style=\"font-weight: 400;\">Luego, nuestras talleristas hicieron la entrega de los insumos, sin costo alguno, y explicaron paso a paso, y de manera personalizada, c\u00f3mo se elabora un \u201cOjo de Dios\u201d. Grandes y chicos quedaron agradecidos con esta actividad que les acerca a su cultural<\/span><\/p>\n<p><span style=\"font-weight: 400;\">Asimismo, a los turistas y vecinos de Barranco, se les brind\u00f3 la informaci\u00f3n necesaria de c\u00f3mo llegar a recorrer la Ruta Caral. Para ello, entregaron material informativo y resolvieron las dudas de c\u00f3mo visitar Caral de manera particular y con el programa de Viajes Culturales de la Zona Arqueol\u00f3gica Caral.<\/span><\/p>\n<p><b>Los Ojos de Dios<\/b><\/p>\n<p><span style=\"font-weight: 400;\">Estos objetos fueron elaborados con dos ramitas (generalmente de sauce o carricillo) en forma de cruz, que serv\u00edan como estructura de soporte de un tejido con hilos de algod\u00f3n, de diferentes colores, que plasmaban un dise\u00f1o romboidal conc\u00e9ntrico.<\/span><\/p>\n<p><span style=\"font-weight: 400;\">Habr\u00eda sido usado como un distintivo de las personas con cierta autoridad o jerarqu\u00eda, y tambi\u00e9n demuestra el intercambio cultural que habr\u00eda existido con sociedades de la Amazon\u00eda, pues en los pueblos originarios de esta parte del pa\u00eds, a\u00fan conservan este objeto para identificar a sus pobladores de su sociedad de \u00e9lite.<\/span><\/p>\n<p><b>DATO<\/b><\/p>\n<p><span style=\"font-weight: 400;\">Deseas participar en los talleres de Caral Para Todos, \u00fanete a la comunidad virtual de los talleres en WhatsApp y recibe toda la informaci\u00f3n sobre las pr\u00f3ximas actividades: <\/span><a href=\"https:\/\/bit.ly\/Caralparatodos_Comunidad\"><span style=\"font-weight: 400;\">https:\/\/bit.ly\/Caralparatodos_Comunidad<\/span><\/a><span style=\"font-weight: 400;\">. <\/span><\/p>\n<p><span style=\"color: #850707;\"><strong style=\"font-size: inherit; text-align: justify;\">Fuente: Comunicaci\u00f3n e Imagen Institucional ZAC<\/strong><\/span><\/p>\n<\/div>\n<div style=\"color: #1f1f1f;\">\n<div style=\"color: #1f1f1f;\">\n<p style=\"text-align: justify;\">Fecha de publicaci\u00f3n: 06\/12\/2023<\/p>\n<\/div>\n<\/div>\n\n\n<p><\/p>\n","protected":false},"excerpt":{"rendered":"<p>Transmitimos cultura. El \u00faltimo s\u00e1bado, la Zona Arqueol\u00f3gica Caral, Unidad Ejecutora 003 del Ministerio de Cultura, a trav\u00e9s de su [&hellip;]<\/p>\n","protected":false},"author":1,"featured_media":17277,"comment_status":"closed","ping_status":"open","sticky":false,"template":"","format":"standard","meta":{"_acf_changed":false,"site-sidebar-layout":"default","site-content-layout":"","ast-site-content-layout":"default","site-content-style":"default","site-sidebar-style":"default","ast-global-header-display":"","ast-banner-title-visibility":"","ast-main-header-display":"","ast-hfb-above-header-display":"","ast-hfb-below-header-display":"","ast-hfb-mobile-header-display":"","site-post-title":"","ast-breadcrumbs-content":"","ast-featured-img":"","footer-sml-layout":"","ast-disable-related-posts":"","theme-transparent-header-meta":"","adv-header-id-meta":"","stick-header-meta":"","header-above-stick-meta":"","header-main-stick-meta":"","header-below-stick-meta":"","astra-migrate-meta-layouts":"default","ast-page-background-enabled":"default","ast-page-background-meta":{"desktop":{"background-color":"var(--ast-global-color-5)","background-image":"","background-repeat":"repeat","background-position":"center center","background-size":"auto","background-attachment":"scroll","background-type":"","background-media":"","overlay-type":"","overlay-color":"","overlay-opacity":"","overlay-gradient":""},"tablet":{"background-color":"","background-image":"","background-repeat":"repeat","background-position":"center center","background-size":"auto","background-attachment":"scroll","background-type":"","background-media":"","overlay-type":"","overlay-color":"","overlay-opacity":"","overlay-gradient":""},"mobile":{"background-color":"","background-image":"","background-repeat":"repeat","background-position":"center center","background-size":"auto","background-attachment":"scroll","background-type":"","background-media":"","overlay-type":"","overlay-color":"","overlay-opacity":"","overlay-gradient":""}},"ast-content-background-meta":{"desktop":{"background-color":"var(--ast-global-color-4)","background-image":"","background-repeat":"repeat","background-position":"center center","background-size":"auto","background-attachment":"scroll","background-type":"","background-media":"","overlay-type":"","overlay-color":"","overlay-opacity":"","overlay-gradient":""},"tablet":{"background-color":"var(--ast-global-color-4)","background-image":"","background-repeat":"repeat","background-position":"center center","background-size":"auto","background-attachment":"scroll","background-type":"","background-media":"","overlay-type":"","overlay-color":"","overlay-opacity":"","overlay-gradient":""},"mobile":{"background-color":"var(--ast-global-color-4)","background-image":"","background-repeat":"repeat","background-position":"center center","background-size":"auto","background-attachment":"scroll","background-type":"","background-media":"","overlay-type":"","overlay-color":"","overlay-opacity":"","overlay-gradient":""}},"footnotes":""},"categories":[208],"tags":[55,72],"class_list":["post-17275","post","type-post","status-publish","format-standard","has-post-thumbnail","hentry","category-noticias","tag-caral","tag-cultura"],"acf":[],"yoast_head":"<!-- This site is optimized with the Yoast SEO plugin v27.3 - https:\/\/yoast.com\/product\/yoast-seo-wordpress\/ -->\n<title>Vecinos de Barranco aprendieron a elaborar los \u201cOJOS DE DIOS\u201d de Caral<\/title>\n<meta name=\"description\" content=\"El equipo laboral de la Zona Arqueol\u00f3gica Caral, Unidad Ejecutora 003 del Ministerio de Cultura, encabezado por la doctora Ruth Shady Sol\u00eds, present\u00f3 en el X Congreso Nacional de Arqueolog\u00eda 2023, realizado en el Museo Nacional de Arqueolog\u00eda, Antropolog\u00eda e Historia del Per\u00fa, el resultado de los trabajos de investigaci\u00f3n, conservaci\u00f3n y difusi\u00f3n del patrimonio cultural de la Civilizaci\u00f3n Caral.\" \/>\n<meta name=\"robots\" content=\"index, follow, max-snippet:-1, max-image-preview:large, max-video-preview:-1\" \/>\n<link rel=\"canonical\" href=\"https:\/\/zonacaral.gob.pe\/es\/noticias\/vecinos-de-barranco-aprendieron-a-elaborar-los-ojos-de-dios-de-caral\/\" \/>\n<meta property=\"og:locale\" content=\"es_ES\" \/>\n<meta property=\"og:type\" content=\"article\" \/>\n<meta property=\"og:title\" content=\"Vecinos de Barranco aprendieron a elaborar los \u201cOJOS DE DIOS\u201d de Caral\" \/>\n<meta property=\"og:description\" content=\"El equipo laboral de la Zona Arqueol\u00f3gica Caral, Unidad Ejecutora 003 del Ministerio de Cultura, encabezado por la doctora Ruth Shady Sol\u00eds, present\u00f3 en el X Congreso Nacional de Arqueolog\u00eda 2023, realizado en el Museo Nacional de Arqueolog\u00eda, Antropolog\u00eda e Historia del Per\u00fa, el resultado de los trabajos de investigaci\u00f3n, conservaci\u00f3n y difusi\u00f3n del patrimonio cultural de la Civilizaci\u00f3n Caral.\" \/>\n<meta property=\"og:url\" content=\"https:\/\/zonacaral.gob.pe\/es\/noticias\/vecinos-de-barranco-aprendieron-a-elaborar-los-ojos-de-dios-de-caral\/\" \/>\n<meta property=\"og:site_name\" content=\"Zona Caral\" \/>\n<meta property=\"article:published_time\" content=\"2023-12-06T21:55:42+00:00\" \/>\n<meta property=\"og:image\" content=\"https:\/\/zonacaral.gob.pe\/wp-content\/uploads\/2023\/12\/taller-barranco-2.png\" \/>\n\t<meta property=\"og:image:width\" content=\"1000\" \/>\n\t<meta property=\"og:image:height\" content=\"600\" \/>\n\t<meta property=\"og:image:type\" content=\"image\/png\" \/>\n<meta name=\"author\" content=\"Zona Caral Administrador\" \/>\n<meta name=\"twitter:card\" content=\"summary_large_image\" \/>\n<meta name=\"twitter:label1\" content=\"Written by\" \/>\n\t<meta name=\"twitter:data1\" content=\"Zona Caral Administrador\" \/>\n\t<meta name=\"twitter:label2\" content=\"Est. reading time\" \/>\n\t<meta name=\"twitter:data2\" content=\"2 minutos\" \/>\n<script type=\"application\/ld+json\" class=\"yoast-schema-graph\">{\"@context\":\"https:\\\/\\\/schema.org\",\"@graph\":[{\"@type\":\"Article\",\"@id\":\"https:\\\/\\\/zonacaral.gob.pe\\\/es\\\/noticias\\\/vecinos-de-barranco-aprendieron-a-elaborar-los-ojos-de-dios-de-caral\\\/#article\",\"isPartOf\":{\"@id\":\"https:\\\/\\\/zonacaral.gob.pe\\\/es\\\/noticias\\\/vecinos-de-barranco-aprendieron-a-elaborar-los-ojos-de-dios-de-caral\\\/\"},\"author\":{\"name\":\"Zona Caral Administrador\",\"@id\":\"https:\\\/\\\/zonacaral.gob.pe\\\/es\\\/#\\\/schema\\\/person\\\/beddb4d22f71a7230c5b90913270a0ee\"},\"headline\":\"Vecinos de Barranco aprendieron a elaborar los \u201cOJOS DE DIOS\u201d de Caral\",\"datePublished\":\"2023-12-06T21:55:42+00:00\",\"mainEntityOfPage\":{\"@id\":\"https:\\\/\\\/zonacaral.gob.pe\\\/es\\\/noticias\\\/vecinos-de-barranco-aprendieron-a-elaborar-los-ojos-de-dios-de-caral\\\/\"},\"wordCount\":399,\"image\":{\"@id\":\"https:\\\/\\\/zonacaral.gob.pe\\\/es\\\/noticias\\\/vecinos-de-barranco-aprendieron-a-elaborar-los-ojos-de-dios-de-caral\\\/#primaryimage\"},\"thumbnailUrl\":\"https:\\\/\\\/zonacaral.gob.pe\\\/wp-content\\\/uploads\\\/2023\\\/12\\\/taller-barranco-2.png\",\"keywords\":[\"caral\",\"Cultura\"],\"articleSection\":[\"noticias\"],\"inLanguage\":\"es-PE\"},{\"@type\":\"WebPage\",\"@id\":\"https:\\\/\\\/zonacaral.gob.pe\\\/es\\\/noticias\\\/vecinos-de-barranco-aprendieron-a-elaborar-los-ojos-de-dios-de-caral\\\/\",\"url\":\"https:\\\/\\\/zonacaral.gob.pe\\\/es\\\/noticias\\\/vecinos-de-barranco-aprendieron-a-elaborar-los-ojos-de-dios-de-caral\\\/\",\"name\":\"Vecinos de Barranco aprendieron a elaborar los \u201cOJOS DE DIOS\u201d de Caral\",\"isPartOf\":{\"@id\":\"https:\\\/\\\/zonacaral.gob.pe\\\/es\\\/#website\"},\"primaryImageOfPage\":{\"@id\":\"https:\\\/\\\/zonacaral.gob.pe\\\/es\\\/noticias\\\/vecinos-de-barranco-aprendieron-a-elaborar-los-ojos-de-dios-de-caral\\\/#primaryimage\"},\"image\":{\"@id\":\"https:\\\/\\\/zonacaral.gob.pe\\\/es\\\/noticias\\\/vecinos-de-barranco-aprendieron-a-elaborar-los-ojos-de-dios-de-caral\\\/#primaryimage\"},\"thumbnailUrl\":\"https:\\\/\\\/zonacaral.gob.pe\\\/wp-content\\\/uploads\\\/2023\\\/12\\\/taller-barranco-2.png\",\"datePublished\":\"2023-12-06T21:55:42+00:00\",\"author\":{\"@id\":\"https:\\\/\\\/zonacaral.gob.pe\\\/es\\\/#\\\/schema\\\/person\\\/beddb4d22f71a7230c5b90913270a0ee\"},\"description\":\"El equipo laboral de la Zona Arqueol\u00f3gica Caral, Unidad Ejecutora 003 del Ministerio de Cultura, encabezado por la doctora Ruth Shady Sol\u00eds, present\u00f3 en el X Congreso Nacional de Arqueolog\u00eda 2023, realizado en el Museo Nacional de Arqueolog\u00eda, Antropolog\u00eda e Historia del Per\u00fa, el resultado de los trabajos de investigaci\u00f3n, conservaci\u00f3n y difusi\u00f3n del patrimonio cultural de la Civilizaci\u00f3n Caral.\",\"breadcrumb\":{\"@id\":\"https:\\\/\\\/zonacaral.gob.pe\\\/es\\\/noticias\\\/vecinos-de-barranco-aprendieron-a-elaborar-los-ojos-de-dios-de-caral\\\/#breadcrumb\"},\"inLanguage\":\"es-PE\",\"potentialAction\":[{\"@type\":\"ReadAction\",\"target\":[\"https:\\\/\\\/zonacaral.gob.pe\\\/es\\\/noticias\\\/vecinos-de-barranco-aprendieron-a-elaborar-los-ojos-de-dios-de-caral\\\/\"]}]},{\"@type\":\"ImageObject\",\"inLanguage\":\"es-PE\",\"@id\":\"https:\\\/\\\/zonacaral.gob.pe\\\/es\\\/noticias\\\/vecinos-de-barranco-aprendieron-a-elaborar-los-ojos-de-dios-de-caral\\\/#primaryimage\",\"url\":\"https:\\\/\\\/zonacaral.gob.pe\\\/wp-content\\\/uploads\\\/2023\\\/12\\\/taller-barranco-2.png\",\"contentUrl\":\"https:\\\/\\\/zonacaral.gob.pe\\\/wp-content\\\/uploads\\\/2023\\\/12\\\/taller-barranco-2.png\",\"width\":1000,\"height\":600},{\"@type\":\"BreadcrumbList\",\"@id\":\"https:\\\/\\\/zonacaral.gob.pe\\\/es\\\/noticias\\\/vecinos-de-barranco-aprendieron-a-elaborar-los-ojos-de-dios-de-caral\\\/#breadcrumb\",\"itemListElement\":[{\"@type\":\"ListItem\",\"position\":1,\"name\":\"Portada\",\"item\":\"https:\\\/\\\/zonacaral.gob.pe\\\/\"},{\"@type\":\"ListItem\",\"position\":2,\"name\":\"Vecinos de Barranco aprendieron a elaborar los \u201cOJOS DE DIOS\u201d de Caral\"}]},{\"@type\":\"WebSite\",\"@id\":\"https:\\\/\\\/zonacaral.gob.pe\\\/es\\\/#website\",\"url\":\"https:\\\/\\\/zonacaral.gob.pe\\\/es\\\/\",\"name\":\"Zona Caral\",\"description\":\"Investigamos, conservamos y difundimos el patrimonio cultural de la Civilizaci\u00f3n Caral, la m\u00e1s antigua de Am\u00e9rica.\",\"potentialAction\":[{\"@type\":\"SearchAction\",\"target\":{\"@type\":\"EntryPoint\",\"urlTemplate\":\"https:\\\/\\\/zonacaral.gob.pe\\\/es\\\/?s={search_term_string}\"},\"query-input\":{\"@type\":\"PropertyValueSpecification\",\"valueRequired\":true,\"valueName\":\"search_term_string\"}}],\"inLanguage\":\"es-PE\"},{\"@type\":\"Person\",\"@id\":\"https:\\\/\\\/zonacaral.gob.pe\\\/es\\\/#\\\/schema\\\/person\\\/beddb4d22f71a7230c5b90913270a0ee\",\"name\":\"Zona Caral Administrador\",\"image\":{\"@type\":\"ImageObject\",\"inLanguage\":\"es-PE\",\"@id\":\"https:\\\/\\\/secure.gravatar.com\\\/avatar\\\/e4be162918a696358376de6446614e0f0f4062bdc5d170d6d540ada3d8b58c12?s=96&d=mm&r=g\",\"url\":\"https:\\\/\\\/secure.gravatar.com\\\/avatar\\\/e4be162918a696358376de6446614e0f0f4062bdc5d170d6d540ada3d8b58c12?s=96&d=mm&r=g\",\"contentUrl\":\"https:\\\/\\\/secure.gravatar.com\\\/avatar\\\/e4be162918a696358376de6446614e0f0f4062bdc5d170d6d540ada3d8b58c12?s=96&d=mm&r=g\",\"caption\":\"Zona Caral Administrador\"},\"sameAs\":[\"https:\\\/\\\/zonacaral.gob.pe\"],\"url\":\"https:\\\/\\\/zonacaral.gob.pe\\\/es\\\/noticias\\\/author\\\/ad_zonacaral\\\/\"}]}<\/script>\n<!-- \/ Yoast SEO plugin. -->","yoast_head_json":{"title":"Vecinos de Barranco aprendieron a elaborar los \u201cOJOS DE DIOS\u201d de Caral","description":"El equipo laboral de la Zona Arqueol\u00f3gica Caral, Unidad Ejecutora 003 del Ministerio de Cultura, encabezado por la doctora Ruth Shady Sol\u00eds, present\u00f3 en el X Congreso Nacional de Arqueolog\u00eda 2023, realizado en el Museo Nacional de Arqueolog\u00eda, Antropolog\u00eda e Historia del Per\u00fa, el resultado de los trabajos de investigaci\u00f3n, conservaci\u00f3n y difusi\u00f3n del patrimonio cultural de la Civilizaci\u00f3n Caral.","robots":{"index":"index","follow":"follow","max-snippet":"max-snippet:-1","max-image-preview":"max-image-preview:large","max-video-preview":"max-video-preview:-1"},"canonical":"https:\/\/zonacaral.gob.pe\/es\/noticias\/vecinos-de-barranco-aprendieron-a-elaborar-los-ojos-de-dios-de-caral\/","og_locale":"es_ES","og_type":"article","og_title":"Vecinos de Barranco aprendieron a elaborar los \u201cOJOS DE DIOS\u201d de Caral","og_description":"El equipo laboral de la Zona Arqueol\u00f3gica Caral, Unidad Ejecutora 003 del Ministerio de Cultura, encabezado por la doctora Ruth Shady Sol\u00eds, present\u00f3 en el X Congreso Nacional de Arqueolog\u00eda 2023, realizado en el Museo Nacional de Arqueolog\u00eda, Antropolog\u00eda e Historia del Per\u00fa, el resultado de los trabajos de investigaci\u00f3n, conservaci\u00f3n y difusi\u00f3n del patrimonio cultural de la Civilizaci\u00f3n Caral.","og_url":"https:\/\/zonacaral.gob.pe\/es\/noticias\/vecinos-de-barranco-aprendieron-a-elaborar-los-ojos-de-dios-de-caral\/","og_site_name":"Zona Caral","article_published_time":"2023-12-06T21:55:42+00:00","og_image":[{"width":1000,"height":600,"url":"https:\/\/zonacaral.gob.pe\/wp-content\/uploads\/2023\/12\/taller-barranco-2.png","type":"image\/png"}],"author":"Zona Caral Administrador","twitter_card":"summary_large_image","twitter_misc":{"Written by":"Zona Caral Administrador","Est. reading time":"2 minutos"},"schema":{"@context":"https:\/\/schema.org","@graph":[{"@type":"Article","@id":"https:\/\/zonacaral.gob.pe\/es\/noticias\/vecinos-de-barranco-aprendieron-a-elaborar-los-ojos-de-dios-de-caral\/#article","isPartOf":{"@id":"https:\/\/zonacaral.gob.pe\/es\/noticias\/vecinos-de-barranco-aprendieron-a-elaborar-los-ojos-de-dios-de-caral\/"},"author":{"name":"Zona Caral Administrador","@id":"https:\/\/zonacaral.gob.pe\/es\/#\/schema\/person\/beddb4d22f71a7230c5b90913270a0ee"},"headline":"Vecinos de Barranco aprendieron a elaborar los \u201cOJOS DE DIOS\u201d de Caral","datePublished":"2023-12-06T21:55:42+00:00","mainEntityOfPage":{"@id":"https:\/\/zonacaral.gob.pe\/es\/noticias\/vecinos-de-barranco-aprendieron-a-elaborar-los-ojos-de-dios-de-caral\/"},"wordCount":399,"image":{"@id":"https:\/\/zonacaral.gob.pe\/es\/noticias\/vecinos-de-barranco-aprendieron-a-elaborar-los-ojos-de-dios-de-caral\/#primaryimage"},"thumbnailUrl":"https:\/\/zonacaral.gob.pe\/wp-content\/uploads\/2023\/12\/taller-barranco-2.png","keywords":["caral","Cultura"],"articleSection":["noticias"],"inLanguage":"es-PE"},{"@type":"WebPage","@id":"https:\/\/zonacaral.gob.pe\/es\/noticias\/vecinos-de-barranco-aprendieron-a-elaborar-los-ojos-de-dios-de-caral\/","url":"https:\/\/zonacaral.gob.pe\/es\/noticias\/vecinos-de-barranco-aprendieron-a-elaborar-los-ojos-de-dios-de-caral\/","name":"Vecinos de Barranco aprendieron a elaborar los \u201cOJOS DE DIOS\u201d de Caral","isPartOf":{"@id":"https:\/\/zonacaral.gob.pe\/es\/#website"},"primaryImageOfPage":{"@id":"https:\/\/zonacaral.gob.pe\/es\/noticias\/vecinos-de-barranco-aprendieron-a-elaborar-los-ojos-de-dios-de-caral\/#primaryimage"},"image":{"@id":"https:\/\/zonacaral.gob.pe\/es\/noticias\/vecinos-de-barranco-aprendieron-a-elaborar-los-ojos-de-dios-de-caral\/#primaryimage"},"thumbnailUrl":"https:\/\/zonacaral.gob.pe\/wp-content\/uploads\/2023\/12\/taller-barranco-2.png","datePublished":"2023-12-06T21:55:42+00:00","author":{"@id":"https:\/\/zonacaral.gob.pe\/es\/#\/schema\/person\/beddb4d22f71a7230c5b90913270a0ee"},"description":"El equipo laboral de la Zona Arqueol\u00f3gica Caral, Unidad Ejecutora 003 del Ministerio de Cultura, encabezado por la doctora Ruth Shady Sol\u00eds, present\u00f3 en el X Congreso Nacional de Arqueolog\u00eda 2023, realizado en el Museo Nacional de Arqueolog\u00eda, Antropolog\u00eda e Historia del Per\u00fa, el resultado de los trabajos de investigaci\u00f3n, conservaci\u00f3n y difusi\u00f3n del patrimonio cultural de la Civilizaci\u00f3n Caral.","breadcrumb":{"@id":"https:\/\/zonacaral.gob.pe\/es\/noticias\/vecinos-de-barranco-aprendieron-a-elaborar-los-ojos-de-dios-de-caral\/#breadcrumb"},"inLanguage":"es-PE","potentialAction":[{"@type":"ReadAction","target":["https:\/\/zonacaral.gob.pe\/es\/noticias\/vecinos-de-barranco-aprendieron-a-elaborar-los-ojos-de-dios-de-caral\/"]}]},{"@type":"ImageObject","inLanguage":"es-PE","@id":"https:\/\/zonacaral.gob.pe\/es\/noticias\/vecinos-de-barranco-aprendieron-a-elaborar-los-ojos-de-dios-de-caral\/#primaryimage","url":"https:\/\/zonacaral.gob.pe\/wp-content\/uploads\/2023\/12\/taller-barranco-2.png","contentUrl":"https:\/\/zonacaral.gob.pe\/wp-content\/uploads\/2023\/12\/taller-barranco-2.png","width":1000,"height":600},{"@type":"BreadcrumbList","@id":"https:\/\/zonacaral.gob.pe\/es\/noticias\/vecinos-de-barranco-aprendieron-a-elaborar-los-ojos-de-dios-de-caral\/#breadcrumb","itemListElement":[{"@type":"ListItem","position":1,"name":"Portada","item":"https:\/\/zonacaral.gob.pe\/"},{"@type":"ListItem","position":2,"name":"Vecinos de Barranco aprendieron a elaborar los \u201cOJOS DE DIOS\u201d de Caral"}]},{"@type":"WebSite","@id":"https:\/\/zonacaral.gob.pe\/es\/#website","url":"https:\/\/zonacaral.gob.pe\/es\/","name":"Zona Caral","description":"Investigamos, conservamos y difundimos el patrimonio cultural de la Civilizaci\u00f3n Caral, la m\u00e1s antigua de Am\u00e9rica.","potentialAction":[{"@type":"SearchAction","target":{"@type":"EntryPoint","urlTemplate":"https:\/\/zonacaral.gob.pe\/es\/?s={search_term_string}"},"query-input":{"@type":"PropertyValueSpecification","valueRequired":true,"valueName":"search_term_string"}}],"inLanguage":"es-PE"},{"@type":"Person","@id":"https:\/\/zonacaral.gob.pe\/es\/#\/schema\/person\/beddb4d22f71a7230c5b90913270a0ee","name":"Zona Caral Administrador","image":{"@type":"ImageObject","inLanguage":"es-PE","@id":"https:\/\/secure.gravatar.com\/avatar\/e4be162918a696358376de6446614e0f0f4062bdc5d170d6d540ada3d8b58c12?s=96&d=mm&r=g","url":"https:\/\/secure.gravatar.com\/avatar\/e4be162918a696358376de6446614e0f0f4062bdc5d170d6d540ada3d8b58c12?s=96&d=mm&r=g","contentUrl":"https:\/\/secure.gravatar.com\/avatar\/e4be162918a696358376de6446614e0f0f4062bdc5d170d6d540ada3d8b58c12?s=96&d=mm&r=g","caption":"Zona Caral Administrador"},"sameAs":["https:\/\/zonacaral.gob.pe"],"url":"https:\/\/zonacaral.gob.pe\/es\/noticias\/author\/ad_zonacaral\/"}]}},"_links":{"self":[{"href":"https:\/\/zonacaral.gob.pe\/es\/wp-json\/wp\/v2\/posts\/17275","targetHints":{"allow":["GET"]}}],"collection":[{"href":"https:\/\/zonacaral.gob.pe\/es\/wp-json\/wp\/v2\/posts"}],"about":[{"href":"https:\/\/zonacaral.gob.pe\/es\/wp-json\/wp\/v2\/types\/post"}],"author":[{"embeddable":true,"href":"https:\/\/zonacaral.gob.pe\/es\/wp-json\/wp\/v2\/users\/1"}],"replies":[{"embeddable":true,"href":"https:\/\/zonacaral.gob.pe\/es\/wp-json\/wp\/v2\/comments?post=17275"}],"version-history":[{"count":0,"href":"https:\/\/zonacaral.gob.pe\/es\/wp-json\/wp\/v2\/posts\/17275\/revisions"}],"wp:featuredmedia":[{"embeddable":true,"href":"https:\/\/zonacaral.gob.pe\/es\/wp-json\/wp\/v2\/media\/17277"}],"wp:attachment":[{"href":"https:\/\/zonacaral.gob.pe\/es\/wp-json\/wp\/v2\/media?parent=17275"}],"wp:term":[{"taxonomy":"category","embeddable":true,"href":"https:\/\/zonacaral.gob.pe\/es\/wp-json\/wp\/v2\/categories?post=17275"},{"taxonomy":"post_tag","embeddable":true,"href":"https:\/\/zonacaral.gob.pe\/es\/wp-json\/wp\/v2\/tags?post=17275"}],"curies":[{"name":"wp","href":"https:\/\/api.w.org\/{rel}","templated":true}]}}