{"id":17300,"date":"2023-12-14T11:48:15","date_gmt":"2023-12-14T16:48:15","guid":{"rendered":"https:\/\/www.zonacaral.gob.pe\/?p=17300"},"modified":"2023-12-14T11:48:15","modified_gmt":"2023-12-14T16:48:15","slug":"solsticio-de-verano-participa-del-ultimo-campamento-astronomico-del-ano-en-caral","status":"publish","type":"post","link":"https:\/\/zonacaral.gob.pe\/es\/noticias\/solsticio-de-verano-participa-del-ultimo-campamento-astronomico-del-ano-en-caral\/","title":{"rendered":"SOLSTICIO DE VERANO: participa del \u00faltimo campamento astron\u00f3mico del a\u00f1o en Caral"},"content":{"rendered":"<figure class=\"pic-autor\" style=\"color: #4d4d4d; text-align: justify;\"><\/figure>\n<div class=\"gmail_default\" style=\"text-align: justify;\">\n<blockquote>\n<p><i><span style=\"font-weight: 400;\">\u00daltimos viajes culturales.<\/span><\/i><\/p>\n<\/blockquote>\n<p><span style=\"font-weight: 400;\">Si eres amante de la astronom\u00eda, la naturaleza y, sobre todo, de nuestro patrimonio cultural, debes participar este 21 y 22 de diciembre, en el programa <\/span><a href=\"https:\/\/www.zonacaral.gob.pe\/ruta-caral\/viajes-culturales.html\"><span style=\"font-weight: 400;\">Viajes Culturales<\/span><\/a><span style=\"font-weight: 400;\">, de la <\/span><a href=\"https:\/\/t.me\/Caral_Peru\"><span style=\"font-weight: 400;\">Zona Arqueol\u00f3gica Caral<\/span><\/a><span style=\"font-weight: 400;\">, Unidad Ejecutora 003 del Ministerio de Cultura, que te lleva a vivir una experiencia \u00fanica durante el solsticio de verano en la milenaria Ciudad Sagrada de Caral, Patrimonio Mundial.<\/span><\/p>\n<p><span style=\"font-weight: 400;\">Las investigaciones realizadas en los diversos centros urbanos de civilizaci\u00f3n Caral han mostrado que esta fue una sociedad que alcanz\u00f3 un alto nivel de conocimientos en \u00e1reas como la arquitectura, la pesca, la agricultura, tecnolog\u00eda textil, etc. Sin embargo, son poco conocidos los <\/span><a href=\"https:\/\/www.cambridge.org\/core\/journals\/latin-american-antiquity\/article\/river-and-the-sky-astronomy-and-topography-in-caral-society-americas-first-urban-centers\/1005B08DC4398BE567B42F3E1220189A\"><span style=\"font-weight: 400;\">conocimientos que se generaron en el campo de la astronom\u00eda<\/span><\/a><span style=\"font-weight: 400;\">.<\/span><\/p>\n<p><span style=\"font-weight: 400;\">Desde hace algunos a\u00f1os, diversos investigadores han notado que solo en las fechas de solsticio (junio o diciembre) es posible observar que los principales edificios piramidales de la <\/span><a href=\"https:\/\/www.zonacaral.gob.pe\/ruta-caral\/ciudad-sagrada-de-caral.html\"><span style=\"font-weight: 400;\">Ciudad Sagrada de Caral<\/span><\/a><span style=\"font-weight: 400;\"> se alinean con la salida o puesta del Sol.<\/span><\/p>\n<p><span style=\"font-weight: 400;\">M\u00e1s recientemente, un equipo multidisciplinario integrado por arque\u00f3logos, f\u00edsicos y astrof\u00edsicos ha mostrado que estad\u00edsticamente este ordenamiento de la ciudad no obedece a una casualidad, sino a una actividad planificada por especialistas en la observaci\u00f3n del cielo.\u00a0 A pesar de que han pasado miles de a\u00f1os desde que se construyeron los edificios piramidales de Caral, a\u00fan es posible observar estos alineamientos astron\u00f3micos.<\/span><\/p>\n<p><span style=\"font-weight: 400;\">Este viaje, del\u00a0 21 y 22 de diciembre, tambi\u00e9n incluir\u00e1 un campamento astron\u00f3mico en el cual el p\u00fablico podr\u00e1 observar estrellas, planetas, nebulosas y galaxias a trav\u00e9s de un telescopio avanzado y bajo la gu\u00eda de personal especializado.\u00a0 Es importante resaltar que las observaciones astron\u00f3micas s\u00f3lo ser\u00e1n posibles si se cuenta con cielo despejado.<\/span><\/p>\n<p><span style=\"font-weight: 400;\">Y para finalizar el paseo astron\u00f3mico, al siguiente d\u00eda, nos trasladaremos al centro urbano <\/span><a href=\"https:\/\/www.zonacaral.gob.pe\/ruta-caral\/vichama.html\"><span style=\"font-weight: 400;\">Vichama<\/span><\/a><span style=\"font-weight: 400;\">, un asentamiento tard\u00edo de la sociedad de Caral, que seg\u00fan los investigadores, fue el lugar donde la sociedad Caral busc\u00f3 reorganizarse luego del colapso de la Ciudad Sagrada de Caral.<\/span><\/p>\n<p><span style=\"font-weight: 400;\">Para m\u00e1s informaci\u00f3n y consultas comun\u00edcate al correo: viajeseducativos@zonacaral.gob.pe o al WhatsApp: <\/span><a href=\"https:\/\/bit.ly\/WhatsApp_ViajesCulturales\"><span style=\"font-weight: 400;\">955 881 340<\/span><\/a><span style=\"font-weight: 400;\">.\u00a0<\/span><\/p>\n<p><span style=\"color: #850707;\"><strong style=\"font-size: inherit; text-align: justify;\">Fuente: Comunicaci\u00f3n e Imagen Institucional ZAC<\/strong><\/span><\/p>\n<\/div>\n<div style=\"color: #1f1f1f;\">\n<div style=\"color: #1f1f1f;\">\n<p style=\"text-align: justify;\">Fecha de publicaci\u00f3n: 14\/12\/2023<\/p>\n<\/div>\n<\/div>\n\n\n<p><\/p>\n","protected":false},"excerpt":{"rendered":"<p>\u00daltimos viajes culturales. Si eres amante de la astronom\u00eda, la naturaleza y, sobre todo, de nuestro patrimonio cultural, debes participar [&hellip;]<\/p>\n","protected":false},"author":1,"featured_media":17310,"comment_status":"closed","ping_status":"open","sticky":false,"template":"","format":"standard","meta":{"_acf_changed":false,"site-sidebar-layout":"default","site-content-layout":"","ast-site-content-layout":"default","site-content-style":"default","site-sidebar-style":"default","ast-global-header-display":"","ast-banner-title-visibility":"","ast-main-header-display":"","ast-hfb-above-header-display":"","ast-hfb-below-header-display":"","ast-hfb-mobile-header-display":"","site-post-title":"","ast-breadcrumbs-content":"","ast-featured-img":"","footer-sml-layout":"","ast-disable-related-posts":"","theme-transparent-header-meta":"","adv-header-id-meta":"","stick-header-meta":"","header-above-stick-meta":"","header-main-stick-meta":"","header-below-stick-meta":"","astra-migrate-meta-layouts":"default","ast-page-background-enabled":"default","ast-page-background-meta":{"desktop":{"background-color":"var(--ast-global-color-5)","background-image":"","background-repeat":"repeat","background-position":"center center","background-size":"auto","background-attachment":"scroll","background-type":"","background-media":"","overlay-type":"","overlay-color":"","overlay-opacity":"","overlay-gradient":""},"tablet":{"background-color":"","background-image":"","background-repeat":"repeat","background-position":"center center","background-size":"auto","background-attachment":"scroll","background-type":"","background-media":"","overlay-type":"","overlay-color":"","overlay-opacity":"","overlay-gradient":""},"mobile":{"background-color":"","background-image":"","background-repeat":"repeat","background-position":"center center","background-size":"auto","background-attachment":"scroll","background-type":"","background-media":"","overlay-type":"","overlay-color":"","overlay-opacity":"","overlay-gradient":""}},"ast-content-background-meta":{"desktop":{"background-color":"var(--ast-global-color-4)","background-image":"","background-repeat":"repeat","background-position":"center center","background-size":"auto","background-attachment":"scroll","background-type":"","background-media":"","overlay-type":"","overlay-color":"","overlay-opacity":"","overlay-gradient":""},"tablet":{"background-color":"var(--ast-global-color-4)","background-image":"","background-repeat":"repeat","background-position":"center center","background-size":"auto","background-attachment":"scroll","background-type":"","background-media":"","overlay-type":"","overlay-color":"","overlay-opacity":"","overlay-gradient":""},"mobile":{"background-color":"var(--ast-global-color-4)","background-image":"","background-repeat":"repeat","background-position":"center center","background-size":"auto","background-attachment":"scroll","background-type":"","background-media":"","overlay-type":"","overlay-color":"","overlay-opacity":"","overlay-gradient":""}},"footnotes":""},"categories":[208],"tags":[55,72],"class_list":["post-17300","post","type-post","status-publish","format-standard","has-post-thumbnail","hentry","category-noticias","tag-caral","tag-cultura"],"acf":[],"yoast_head":"<!-- This site is optimized with the Yoast SEO plugin v27.3 - https:\/\/yoast.com\/product\/yoast-seo-wordpress\/ -->\n<title>SOLSTICIO DE VERANO: participa del \u00faltimo campamento astron\u00f3mico del a\u00f1o en Caral<\/title>\n<meta name=\"description\" content=\"Si eres amante de la astronom\u00eda, la naturaleza y, sobre todo, de nuestro patrimonio cultural, debes participar este 21 y 22 de diciembre, en el programa Viajes Culturales, de la Zona Arqueol\u00f3gica Caral, Unidad Ejecutora 003 del Ministerio de Cultura, que te lleva a vivir una experiencia \u00fanica durante el solsticio de verano en la milenaria Ciudad Sagrada de Caral, Patrimonio Mundial.La doctora Ruth Shady Sol\u00eds, directora de la Zona Arqueol\u00f3gica Caral, Unidad Ejecutora 003 del Ministerio de Cultura, fue homenajeada por la Beneficencia del Callao con la m\u00e1xima condecoraci\u00f3n de esta instituci\u00f3n y, tambi\u00e9n, dieron su nombre al Archivo Hist\u00f3rico de la Sociedad de Beneficencia del Callao y la Creaci\u00f3n de la Sala de Investigaciones.La Rectora de la Universidad Nacional Mayor de San Marcos, doctora Jeri Ram\u00f3n Ruffner, entreg\u00f3 la medalla \u201cOrden del Sol Sanmarquino del Bicentenario\u201d a la arque\u00f3loga Ruth Shady Sol\u00eds, directora de la Zona Arqueol\u00f3gica Caral, Unidad Ejecutora 003 del Ministerio de Cultura, por su labor de revalorizaci\u00f3n y dataci\u00f3n del sitio arqueol\u00f3gico de Caral, el descubrimiento de la cultura precer\u00e1mica m\u00e1s antigua de Am\u00e9rica.\" \/>\n<meta name=\"robots\" content=\"index, follow, max-snippet:-1, max-image-preview:large, max-video-preview:-1\" \/>\n<link rel=\"canonical\" href=\"https:\/\/zonacaral.gob.pe\/es\/noticias\/solsticio-de-verano-participa-del-ultimo-campamento-astronomico-del-ano-en-caral\/\" \/>\n<meta property=\"og:locale\" content=\"es_ES\" \/>\n<meta property=\"og:type\" content=\"article\" \/>\n<meta property=\"og:title\" content=\"SOLSTICIO DE VERANO: participa del \u00faltimo campamento astron\u00f3mico del a\u00f1o en Caral\" \/>\n<meta property=\"og:description\" content=\"Si eres amante de la astronom\u00eda, la naturaleza y, sobre todo, de nuestro patrimonio cultural, debes participar este 21 y 22 de diciembre, en el programa Viajes Culturales, de la Zona Arqueol\u00f3gica Caral, Unidad Ejecutora 003 del Ministerio de Cultura, que te lleva a vivir una experiencia \u00fanica durante el solsticio de verano en la milenaria Ciudad Sagrada de Caral, Patrimonio Mundial.La doctora Ruth Shady Sol\u00eds, directora de la Zona Arqueol\u00f3gica Caral, Unidad Ejecutora 003 del Ministerio de Cultura, fue homenajeada por la Beneficencia del Callao con la m\u00e1xima condecoraci\u00f3n de esta instituci\u00f3n y, tambi\u00e9n, dieron su nombre al Archivo Hist\u00f3rico de la Sociedad de Beneficencia del Callao y la Creaci\u00f3n de la Sala de Investigaciones.La Rectora de la Universidad Nacional Mayor de San Marcos, doctora Jeri Ram\u00f3n Ruffner, entreg\u00f3 la medalla \u201cOrden del Sol Sanmarquino del Bicentenario\u201d a la arque\u00f3loga Ruth Shady Sol\u00eds, directora de la Zona Arqueol\u00f3gica Caral, Unidad Ejecutora 003 del Ministerio de Cultura, por su labor de revalorizaci\u00f3n y dataci\u00f3n del sitio arqueol\u00f3gico de Caral, el descubrimiento de la cultura precer\u00e1mica m\u00e1s antigua de Am\u00e9rica.\" \/>\n<meta property=\"og:url\" content=\"https:\/\/zonacaral.gob.pe\/es\/noticias\/solsticio-de-verano-participa-del-ultimo-campamento-astronomico-del-ano-en-caral\/\" \/>\n<meta property=\"og:site_name\" content=\"Zona Caral\" \/>\n<meta property=\"article:published_time\" content=\"2023-12-14T16:48:15+00:00\" \/>\n<meta property=\"og:image\" content=\"https:\/\/zonacaral.gob.pe\/wp-content\/uploads\/2023\/12\/CARAL-2.png\" \/>\n\t<meta property=\"og:image:width\" content=\"1000\" \/>\n\t<meta property=\"og:image:height\" content=\"600\" \/>\n\t<meta property=\"og:image:type\" content=\"image\/png\" \/>\n<meta name=\"author\" content=\"Zona Caral Administrador\" \/>\n<meta name=\"twitter:card\" content=\"summary_large_image\" \/>\n<meta name=\"twitter:label1\" content=\"Written by\" \/>\n\t<meta name=\"twitter:data1\" content=\"Zona Caral Administrador\" \/>\n\t<meta name=\"twitter:label2\" content=\"Est. reading time\" \/>\n\t<meta name=\"twitter:data2\" content=\"2 minutos\" \/>\n<script type=\"application\/ld+json\" class=\"yoast-schema-graph\">{\"@context\":\"https:\\\/\\\/schema.org\",\"@graph\":[{\"@type\":\"Article\",\"@id\":\"https:\\\/\\\/zonacaral.gob.pe\\\/es\\\/noticias\\\/solsticio-de-verano-participa-del-ultimo-campamento-astronomico-del-ano-en-caral\\\/#article\",\"isPartOf\":{\"@id\":\"https:\\\/\\\/zonacaral.gob.pe\\\/es\\\/noticias\\\/solsticio-de-verano-participa-del-ultimo-campamento-astronomico-del-ano-en-caral\\\/\"},\"author\":{\"name\":\"Zona Caral Administrador\",\"@id\":\"https:\\\/\\\/zonacaral.gob.pe\\\/es\\\/#\\\/schema\\\/person\\\/beddb4d22f71a7230c5b90913270a0ee\"},\"headline\":\"SOLSTICIO DE VERANO: participa del \u00faltimo campamento astron\u00f3mico del a\u00f1o en Caral\",\"datePublished\":\"2023-12-14T16:48:15+00:00\",\"mainEntityOfPage\":{\"@id\":\"https:\\\/\\\/zonacaral.gob.pe\\\/es\\\/noticias\\\/solsticio-de-verano-participa-del-ultimo-campamento-astronomico-del-ano-en-caral\\\/\"},\"wordCount\":385,\"image\":{\"@id\":\"https:\\\/\\\/zonacaral.gob.pe\\\/es\\\/noticias\\\/solsticio-de-verano-participa-del-ultimo-campamento-astronomico-del-ano-en-caral\\\/#primaryimage\"},\"thumbnailUrl\":\"https:\\\/\\\/zonacaral.gob.pe\\\/wp-content\\\/uploads\\\/2023\\\/12\\\/CARAL-2.png\",\"keywords\":[\"caral\",\"Cultura\"],\"articleSection\":[\"noticias\"],\"inLanguage\":\"es-PE\"},{\"@type\":\"WebPage\",\"@id\":\"https:\\\/\\\/zonacaral.gob.pe\\\/es\\\/noticias\\\/solsticio-de-verano-participa-del-ultimo-campamento-astronomico-del-ano-en-caral\\\/\",\"url\":\"https:\\\/\\\/zonacaral.gob.pe\\\/es\\\/noticias\\\/solsticio-de-verano-participa-del-ultimo-campamento-astronomico-del-ano-en-caral\\\/\",\"name\":\"SOLSTICIO DE VERANO: participa del \u00faltimo campamento astron\u00f3mico del a\u00f1o en Caral\",\"isPartOf\":{\"@id\":\"https:\\\/\\\/zonacaral.gob.pe\\\/es\\\/#website\"},\"primaryImageOfPage\":{\"@id\":\"https:\\\/\\\/zonacaral.gob.pe\\\/es\\\/noticias\\\/solsticio-de-verano-participa-del-ultimo-campamento-astronomico-del-ano-en-caral\\\/#primaryimage\"},\"image\":{\"@id\":\"https:\\\/\\\/zonacaral.gob.pe\\\/es\\\/noticias\\\/solsticio-de-verano-participa-del-ultimo-campamento-astronomico-del-ano-en-caral\\\/#primaryimage\"},\"thumbnailUrl\":\"https:\\\/\\\/zonacaral.gob.pe\\\/wp-content\\\/uploads\\\/2023\\\/12\\\/CARAL-2.png\",\"datePublished\":\"2023-12-14T16:48:15+00:00\",\"author\":{\"@id\":\"https:\\\/\\\/zonacaral.gob.pe\\\/es\\\/#\\\/schema\\\/person\\\/beddb4d22f71a7230c5b90913270a0ee\"},\"description\":\"Si eres amante de la astronom\u00eda, la naturaleza y, sobre todo, de nuestro patrimonio cultural, debes participar este 21 y 22 de diciembre, en el programa Viajes Culturales, de la Zona Arqueol\u00f3gica Caral, Unidad Ejecutora 003 del Ministerio de Cultura, que te lleva a vivir una experiencia \u00fanica durante el solsticio de verano en la milenaria Ciudad Sagrada de Caral, Patrimonio Mundial.La doctora Ruth Shady Sol\u00eds, directora de la Zona Arqueol\u00f3gica Caral, Unidad Ejecutora 003 del Ministerio de Cultura, fue homenajeada por la Beneficencia del Callao con la m\u00e1xima condecoraci\u00f3n de esta instituci\u00f3n y, tambi\u00e9n, dieron su nombre al Archivo Hist\u00f3rico de la Sociedad de Beneficencia del Callao y la Creaci\u00f3n de la Sala de Investigaciones.La Rectora de la Universidad Nacional Mayor de San Marcos, doctora Jeri Ram\u00f3n Ruffner, entreg\u00f3 la medalla \u201cOrden del Sol Sanmarquino del Bicentenario\u201d a la arque\u00f3loga Ruth Shady Sol\u00eds, directora de la Zona Arqueol\u00f3gica Caral, Unidad Ejecutora 003 del Ministerio de Cultura, por su labor de revalorizaci\u00f3n y dataci\u00f3n del sitio arqueol\u00f3gico de Caral, el descubrimiento de la cultura precer\u00e1mica m\u00e1s antigua de Am\u00e9rica.\",\"breadcrumb\":{\"@id\":\"https:\\\/\\\/zonacaral.gob.pe\\\/es\\\/noticias\\\/solsticio-de-verano-participa-del-ultimo-campamento-astronomico-del-ano-en-caral\\\/#breadcrumb\"},\"inLanguage\":\"es-PE\",\"potentialAction\":[{\"@type\":\"ReadAction\",\"target\":[\"https:\\\/\\\/zonacaral.gob.pe\\\/es\\\/noticias\\\/solsticio-de-verano-participa-del-ultimo-campamento-astronomico-del-ano-en-caral\\\/\"]}]},{\"@type\":\"ImageObject\",\"inLanguage\":\"es-PE\",\"@id\":\"https:\\\/\\\/zonacaral.gob.pe\\\/es\\\/noticias\\\/solsticio-de-verano-participa-del-ultimo-campamento-astronomico-del-ano-en-caral\\\/#primaryimage\",\"url\":\"https:\\\/\\\/zonacaral.gob.pe\\\/wp-content\\\/uploads\\\/2023\\\/12\\\/CARAL-2.png\",\"contentUrl\":\"https:\\\/\\\/zonacaral.gob.pe\\\/wp-content\\\/uploads\\\/2023\\\/12\\\/CARAL-2.png\",\"width\":1000,\"height\":600},{\"@type\":\"BreadcrumbList\",\"@id\":\"https:\\\/\\\/zonacaral.gob.pe\\\/es\\\/noticias\\\/solsticio-de-verano-participa-del-ultimo-campamento-astronomico-del-ano-en-caral\\\/#breadcrumb\",\"itemListElement\":[{\"@type\":\"ListItem\",\"position\":1,\"name\":\"Portada\",\"item\":\"https:\\\/\\\/zonacaral.gob.pe\\\/\"},{\"@type\":\"ListItem\",\"position\":2,\"name\":\"SOLSTICIO DE VERANO: participa del \u00faltimo campamento astron\u00f3mico del a\u00f1o en Caral\"}]},{\"@type\":\"WebSite\",\"@id\":\"https:\\\/\\\/zonacaral.gob.pe\\\/es\\\/#website\",\"url\":\"https:\\\/\\\/zonacaral.gob.pe\\\/es\\\/\",\"name\":\"Zona Caral\",\"description\":\"Investigamos, conservamos y difundimos el patrimonio cultural de la Civilizaci\u00f3n Caral, la m\u00e1s antigua de Am\u00e9rica.\",\"potentialAction\":[{\"@type\":\"SearchAction\",\"target\":{\"@type\":\"EntryPoint\",\"urlTemplate\":\"https:\\\/\\\/zonacaral.gob.pe\\\/es\\\/?s={search_term_string}\"},\"query-input\":{\"@type\":\"PropertyValueSpecification\",\"valueRequired\":true,\"valueName\":\"search_term_string\"}}],\"inLanguage\":\"es-PE\"},{\"@type\":\"Person\",\"@id\":\"https:\\\/\\\/zonacaral.gob.pe\\\/es\\\/#\\\/schema\\\/person\\\/beddb4d22f71a7230c5b90913270a0ee\",\"name\":\"Zona Caral Administrador\",\"image\":{\"@type\":\"ImageObject\",\"inLanguage\":\"es-PE\",\"@id\":\"https:\\\/\\\/secure.gravatar.com\\\/avatar\\\/e4be162918a696358376de6446614e0f0f4062bdc5d170d6d540ada3d8b58c12?s=96&d=mm&r=g\",\"url\":\"https:\\\/\\\/secure.gravatar.com\\\/avatar\\\/e4be162918a696358376de6446614e0f0f4062bdc5d170d6d540ada3d8b58c12?s=96&d=mm&r=g\",\"contentUrl\":\"https:\\\/\\\/secure.gravatar.com\\\/avatar\\\/e4be162918a696358376de6446614e0f0f4062bdc5d170d6d540ada3d8b58c12?s=96&d=mm&r=g\",\"caption\":\"Zona Caral Administrador\"},\"sameAs\":[\"https:\\\/\\\/zonacaral.gob.pe\"],\"url\":\"https:\\\/\\\/zonacaral.gob.pe\\\/es\\\/noticias\\\/author\\\/ad_zonacaral\\\/\"}]}<\/script>\n<!-- \/ Yoast SEO plugin. -->","yoast_head_json":{"title":"SOLSTICIO DE VERANO: participa del \u00faltimo campamento astron\u00f3mico del a\u00f1o en Caral","description":"Si eres amante de la astronom\u00eda, la naturaleza y, sobre todo, de nuestro patrimonio cultural, debes participar este 21 y 22 de diciembre, en el programa Viajes Culturales, de la Zona Arqueol\u00f3gica Caral, Unidad Ejecutora 003 del Ministerio de Cultura, que te lleva a vivir una experiencia \u00fanica durante el solsticio de verano en la milenaria Ciudad Sagrada de Caral, Patrimonio Mundial.La doctora Ruth Shady Sol\u00eds, directora de la Zona Arqueol\u00f3gica Caral, Unidad Ejecutora 003 del Ministerio de Cultura, fue homenajeada por la Beneficencia del Callao con la m\u00e1xima condecoraci\u00f3n de esta instituci\u00f3n y, tambi\u00e9n, dieron su nombre al Archivo Hist\u00f3rico de la Sociedad de Beneficencia del Callao y la Creaci\u00f3n de la Sala de Investigaciones.La Rectora de la Universidad Nacional Mayor de San Marcos, doctora Jeri Ram\u00f3n Ruffner, entreg\u00f3 la medalla \u201cOrden del Sol Sanmarquino del Bicentenario\u201d a la arque\u00f3loga Ruth Shady Sol\u00eds, directora de la Zona Arqueol\u00f3gica Caral, Unidad Ejecutora 003 del Ministerio de Cultura, por su labor de revalorizaci\u00f3n y dataci\u00f3n del sitio arqueol\u00f3gico de Caral, el descubrimiento de la cultura precer\u00e1mica m\u00e1s antigua de Am\u00e9rica.","robots":{"index":"index","follow":"follow","max-snippet":"max-snippet:-1","max-image-preview":"max-image-preview:large","max-video-preview":"max-video-preview:-1"},"canonical":"https:\/\/zonacaral.gob.pe\/es\/noticias\/solsticio-de-verano-participa-del-ultimo-campamento-astronomico-del-ano-en-caral\/","og_locale":"es_ES","og_type":"article","og_title":"SOLSTICIO DE VERANO: participa del \u00faltimo campamento astron\u00f3mico del a\u00f1o en Caral","og_description":"Si eres amante de la astronom\u00eda, la naturaleza y, sobre todo, de nuestro patrimonio cultural, debes participar este 21 y 22 de diciembre, en el programa Viajes Culturales, de la Zona Arqueol\u00f3gica Caral, Unidad Ejecutora 003 del Ministerio de Cultura, que te lleva a vivir una experiencia \u00fanica durante el solsticio de verano en la milenaria Ciudad Sagrada de Caral, Patrimonio Mundial.La doctora Ruth Shady Sol\u00eds, directora de la Zona Arqueol\u00f3gica Caral, Unidad Ejecutora 003 del Ministerio de Cultura, fue homenajeada por la Beneficencia del Callao con la m\u00e1xima condecoraci\u00f3n de esta instituci\u00f3n y, tambi\u00e9n, dieron su nombre al Archivo Hist\u00f3rico de la Sociedad de Beneficencia del Callao y la Creaci\u00f3n de la Sala de Investigaciones.La Rectora de la Universidad Nacional Mayor de San Marcos, doctora Jeri Ram\u00f3n Ruffner, entreg\u00f3 la medalla \u201cOrden del Sol Sanmarquino del Bicentenario\u201d a la arque\u00f3loga Ruth Shady Sol\u00eds, directora de la Zona Arqueol\u00f3gica Caral, Unidad Ejecutora 003 del Ministerio de Cultura, por su labor de revalorizaci\u00f3n y dataci\u00f3n del sitio arqueol\u00f3gico de Caral, el descubrimiento de la cultura precer\u00e1mica m\u00e1s antigua de Am\u00e9rica.","og_url":"https:\/\/zonacaral.gob.pe\/es\/noticias\/solsticio-de-verano-participa-del-ultimo-campamento-astronomico-del-ano-en-caral\/","og_site_name":"Zona Caral","article_published_time":"2023-12-14T16:48:15+00:00","og_image":[{"width":1000,"height":600,"url":"https:\/\/zonacaral.gob.pe\/wp-content\/uploads\/2023\/12\/CARAL-2.png","type":"image\/png"}],"author":"Zona Caral Administrador","twitter_card":"summary_large_image","twitter_misc":{"Written by":"Zona Caral Administrador","Est. reading time":"2 minutos"},"schema":{"@context":"https:\/\/schema.org","@graph":[{"@type":"Article","@id":"https:\/\/zonacaral.gob.pe\/es\/noticias\/solsticio-de-verano-participa-del-ultimo-campamento-astronomico-del-ano-en-caral\/#article","isPartOf":{"@id":"https:\/\/zonacaral.gob.pe\/es\/noticias\/solsticio-de-verano-participa-del-ultimo-campamento-astronomico-del-ano-en-caral\/"},"author":{"name":"Zona Caral Administrador","@id":"https:\/\/zonacaral.gob.pe\/es\/#\/schema\/person\/beddb4d22f71a7230c5b90913270a0ee"},"headline":"SOLSTICIO DE VERANO: participa del \u00faltimo campamento astron\u00f3mico del a\u00f1o en Caral","datePublished":"2023-12-14T16:48:15+00:00","mainEntityOfPage":{"@id":"https:\/\/zonacaral.gob.pe\/es\/noticias\/solsticio-de-verano-participa-del-ultimo-campamento-astronomico-del-ano-en-caral\/"},"wordCount":385,"image":{"@id":"https:\/\/zonacaral.gob.pe\/es\/noticias\/solsticio-de-verano-participa-del-ultimo-campamento-astronomico-del-ano-en-caral\/#primaryimage"},"thumbnailUrl":"https:\/\/zonacaral.gob.pe\/wp-content\/uploads\/2023\/12\/CARAL-2.png","keywords":["caral","Cultura"],"articleSection":["noticias"],"inLanguage":"es-PE"},{"@type":"WebPage","@id":"https:\/\/zonacaral.gob.pe\/es\/noticias\/solsticio-de-verano-participa-del-ultimo-campamento-astronomico-del-ano-en-caral\/","url":"https:\/\/zonacaral.gob.pe\/es\/noticias\/solsticio-de-verano-participa-del-ultimo-campamento-astronomico-del-ano-en-caral\/","name":"SOLSTICIO DE VERANO: participa del \u00faltimo campamento astron\u00f3mico del a\u00f1o en Caral","isPartOf":{"@id":"https:\/\/zonacaral.gob.pe\/es\/#website"},"primaryImageOfPage":{"@id":"https:\/\/zonacaral.gob.pe\/es\/noticias\/solsticio-de-verano-participa-del-ultimo-campamento-astronomico-del-ano-en-caral\/#primaryimage"},"image":{"@id":"https:\/\/zonacaral.gob.pe\/es\/noticias\/solsticio-de-verano-participa-del-ultimo-campamento-astronomico-del-ano-en-caral\/#primaryimage"},"thumbnailUrl":"https:\/\/zonacaral.gob.pe\/wp-content\/uploads\/2023\/12\/CARAL-2.png","datePublished":"2023-12-14T16:48:15+00:00","author":{"@id":"https:\/\/zonacaral.gob.pe\/es\/#\/schema\/person\/beddb4d22f71a7230c5b90913270a0ee"},"description":"Si eres amante de la astronom\u00eda, la naturaleza y, sobre todo, de nuestro patrimonio cultural, debes participar este 21 y 22 de diciembre, en el programa Viajes Culturales, de la Zona Arqueol\u00f3gica Caral, Unidad Ejecutora 003 del Ministerio de Cultura, que te lleva a vivir una experiencia \u00fanica durante el solsticio de verano en la milenaria Ciudad Sagrada de Caral, Patrimonio Mundial.La doctora Ruth Shady Sol\u00eds, directora de la Zona Arqueol\u00f3gica Caral, Unidad Ejecutora 003 del Ministerio de Cultura, fue homenajeada por la Beneficencia del Callao con la m\u00e1xima condecoraci\u00f3n de esta instituci\u00f3n y, tambi\u00e9n, dieron su nombre al Archivo Hist\u00f3rico de la Sociedad de Beneficencia del Callao y la Creaci\u00f3n de la Sala de Investigaciones.La Rectora de la Universidad Nacional Mayor de San Marcos, doctora Jeri Ram\u00f3n Ruffner, entreg\u00f3 la medalla \u201cOrden del Sol Sanmarquino del Bicentenario\u201d a la arque\u00f3loga Ruth Shady Sol\u00eds, directora de la Zona Arqueol\u00f3gica Caral, Unidad Ejecutora 003 del Ministerio de Cultura, por su labor de revalorizaci\u00f3n y dataci\u00f3n del sitio arqueol\u00f3gico de Caral, el descubrimiento de la cultura precer\u00e1mica m\u00e1s antigua de Am\u00e9rica.","breadcrumb":{"@id":"https:\/\/zonacaral.gob.pe\/es\/noticias\/solsticio-de-verano-participa-del-ultimo-campamento-astronomico-del-ano-en-caral\/#breadcrumb"},"inLanguage":"es-PE","potentialAction":[{"@type":"ReadAction","target":["https:\/\/zonacaral.gob.pe\/es\/noticias\/solsticio-de-verano-participa-del-ultimo-campamento-astronomico-del-ano-en-caral\/"]}]},{"@type":"ImageObject","inLanguage":"es-PE","@id":"https:\/\/zonacaral.gob.pe\/es\/noticias\/solsticio-de-verano-participa-del-ultimo-campamento-astronomico-del-ano-en-caral\/#primaryimage","url":"https:\/\/zonacaral.gob.pe\/wp-content\/uploads\/2023\/12\/CARAL-2.png","contentUrl":"https:\/\/zonacaral.gob.pe\/wp-content\/uploads\/2023\/12\/CARAL-2.png","width":1000,"height":600},{"@type":"BreadcrumbList","@id":"https:\/\/zonacaral.gob.pe\/es\/noticias\/solsticio-de-verano-participa-del-ultimo-campamento-astronomico-del-ano-en-caral\/#breadcrumb","itemListElement":[{"@type":"ListItem","position":1,"name":"Portada","item":"https:\/\/zonacaral.gob.pe\/"},{"@type":"ListItem","position":2,"name":"SOLSTICIO DE VERANO: participa del \u00faltimo campamento astron\u00f3mico del a\u00f1o en Caral"}]},{"@type":"WebSite","@id":"https:\/\/zonacaral.gob.pe\/es\/#website","url":"https:\/\/zonacaral.gob.pe\/es\/","name":"Zona Caral","description":"Investigamos, conservamos y difundimos el patrimonio cultural de la Civilizaci\u00f3n Caral, la m\u00e1s antigua de Am\u00e9rica.","potentialAction":[{"@type":"SearchAction","target":{"@type":"EntryPoint","urlTemplate":"https:\/\/zonacaral.gob.pe\/es\/?s={search_term_string}"},"query-input":{"@type":"PropertyValueSpecification","valueRequired":true,"valueName":"search_term_string"}}],"inLanguage":"es-PE"},{"@type":"Person","@id":"https:\/\/zonacaral.gob.pe\/es\/#\/schema\/person\/beddb4d22f71a7230c5b90913270a0ee","name":"Zona Caral Administrador","image":{"@type":"ImageObject","inLanguage":"es-PE","@id":"https:\/\/secure.gravatar.com\/avatar\/e4be162918a696358376de6446614e0f0f4062bdc5d170d6d540ada3d8b58c12?s=96&d=mm&r=g","url":"https:\/\/secure.gravatar.com\/avatar\/e4be162918a696358376de6446614e0f0f4062bdc5d170d6d540ada3d8b58c12?s=96&d=mm&r=g","contentUrl":"https:\/\/secure.gravatar.com\/avatar\/e4be162918a696358376de6446614e0f0f4062bdc5d170d6d540ada3d8b58c12?s=96&d=mm&r=g","caption":"Zona Caral Administrador"},"sameAs":["https:\/\/zonacaral.gob.pe"],"url":"https:\/\/zonacaral.gob.pe\/es\/noticias\/author\/ad_zonacaral\/"}]}},"_links":{"self":[{"href":"https:\/\/zonacaral.gob.pe\/es\/wp-json\/wp\/v2\/posts\/17300","targetHints":{"allow":["GET"]}}],"collection":[{"href":"https:\/\/zonacaral.gob.pe\/es\/wp-json\/wp\/v2\/posts"}],"about":[{"href":"https:\/\/zonacaral.gob.pe\/es\/wp-json\/wp\/v2\/types\/post"}],"author":[{"embeddable":true,"href":"https:\/\/zonacaral.gob.pe\/es\/wp-json\/wp\/v2\/users\/1"}],"replies":[{"embeddable":true,"href":"https:\/\/zonacaral.gob.pe\/es\/wp-json\/wp\/v2\/comments?post=17300"}],"version-history":[{"count":0,"href":"https:\/\/zonacaral.gob.pe\/es\/wp-json\/wp\/v2\/posts\/17300\/revisions"}],"wp:featuredmedia":[{"embeddable":true,"href":"https:\/\/zonacaral.gob.pe\/es\/wp-json\/wp\/v2\/media\/17310"}],"wp:attachment":[{"href":"https:\/\/zonacaral.gob.pe\/es\/wp-json\/wp\/v2\/media?parent=17300"}],"wp:term":[{"taxonomy":"category","embeddable":true,"href":"https:\/\/zonacaral.gob.pe\/es\/wp-json\/wp\/v2\/categories?post=17300"},{"taxonomy":"post_tag","embeddable":true,"href":"https:\/\/zonacaral.gob.pe\/es\/wp-json\/wp\/v2\/tags?post=17300"}],"curies":[{"name":"wp","href":"https:\/\/api.w.org\/{rel}","templated":true}]}}