{"id":17323,"date":"2023-12-27T08:53:23","date_gmt":"2023-12-27T13:53:23","guid":{"rendered":"https:\/\/www.zonacaral.gob.pe\/?p=17323"},"modified":"2023-12-27T08:53:23","modified_gmt":"2023-12-27T13:53:23","slug":"mas-de-mil-estudiantes-participaron-del-guiado-virtual-por-el-museo-caral-este-2023","status":"publish","type":"post","link":"https:\/\/zonacaral.gob.pe\/es\/noticias\/mas-de-mil-estudiantes-participaron-del-guiado-virtual-por-el-museo-caral-este-2023\/","title":{"rendered":"M\u00c1S DE MIL ESTUDIANTES PARTICIPARON DEL GUIADO VIRTUAL POR EL MUSEO CARAL ESTE 2023"},"content":{"rendered":"<figure class=\"pic-autor\" style=\"color: #4d4d4d; text-align: justify;\"><\/figure>\n<div class=\"gmail_default\" style=\"text-align: justify;\">\n<blockquote>\n<p><i>Llevamos cultura a ni\u00f1os y j\u00f3venes.<\/i><\/p>\n<\/blockquote>\n<p><span style=\"font-weight: 400;\">En este 2023 la <\/span><a href=\"https:\/\/t.me\/Caral_Peru\"><span style=\"font-weight: 400;\">Zona Arqueol\u00f3gica Caral<\/span><\/a><span style=\"font-weight: 400;\">, Unidad Ejecutora 003 del Ministerio de Cultura, ha impulsado su programa de guiados virtuales por el <\/span><a href=\"https:\/\/www.zonacaral.gob.pe\/museo\/caral\/\"><span style=\"font-weight: 400;\">Museo Caral<\/span><\/a><span style=\"font-weight: 400;\">, el cual fue creado para transmitir los valores de la Civilizaci\u00f3n Caral, la primera del continente americano, y lograr el \u201cBuen Vivir\u201d.<\/span><\/p>\n<p><span style=\"font-weight: 400;\">En este trabajo se ha logrado llegar a 1177 estudiantes del nivel primaria, secundaria y superior, a nivel nacional e internacional, a quienes se les detall\u00f3 c\u00f3mo, hace cinco mil a\u00f1os, se desarroll\u00f3, en el \u00e1rea norcentral del Per\u00fa, uno de los focos civilizatorios del mundo, los conocimientos en ciencia y tecnolog\u00eda que desarrollaron, su modo de vida, de interrelaci\u00f3n en armon\u00eda con la naturaleza y sociedades de corta y larga distancia, entre otros importantes detalles.<\/span><\/p>\n<p><span style=\"font-weight: 400;\">Los lugares alcanzados son: Chiclayo, Huacho, Lima (Cercado de Lima, Chorrillos, Los Olivos y Pachacamac), Jauja (Sausa), Puno, Trujillo, Cusco (Urubamba y Paucartambo), Moquegua, San Mart\u00edn de Pangoa (Satipo), \u00c1ncash (Carhuaz y Casma). Adem\u00e1s, se impartieron visitas guiadas a Brasil (Primavera do Leste, Mato Grosso), Colombia y Bolivia (Oruro).<\/span><\/p>\n<p><span style=\"font-weight: 400;\">Los guiados virtuales son efectuados por personal capacitado de la <\/span><a href=\"https:\/\/www.instagram.com\/caralperu\/?hl=es\"><span style=\"font-weight: 400;\">Zona Arqueol\u00f3gica Caral<\/span><\/a><span style=\"font-weight: 400;\"> y por arque\u00f3logos, quienes, con su experiencia, conocimientos y preparaci\u00f3n, van contando a los estudiantes sobre c\u00f3mo se form\u00f3 la civilizaci\u00f3n en Am\u00e9rica, su importancia y su trascendencia a las posteriores culturas andinas.<\/span><\/p>\n<p><a href=\"https:\/\/www.zonacaral.gob.pe\/museo\/caral\/\"><b>MUSEO CARAL<\/b><\/a><\/p>\n<p><span style=\"font-weight: 400;\">El Museo CARAL es uno de los primeros espacios culturales cien por ciento virtuales creados en Per\u00fa. En \u00e9l podemos encontrar salas tem\u00e1ticas sobre los valores de la civilizaci\u00f3n Caral, ordenadas de manera secuencial. Ha sido dotado con recursos digitales e interactivos, videos, im\u00e1genes de los sitios, infograf\u00edas, piezas arqueol\u00f3gicas, vistas 360\u00b0, a trav\u00e9s de los cuales se muestra c\u00f3mo fue el desarrollo de la primera civilizaci\u00f3n, hasta las causas de su decadencia y posterior reorganizaci\u00f3n.<\/span><\/p>\n<p><span style=\"font-weight: 400;\">Asimismo, se han plasmado mensajes que buscan generar reflexiones en la sociedad actual, y juegos l\u00fadicos que ayudan a los estudiantes a interactuar con su cultura, reforzando su memoria.<\/span><\/p>\n<p><span style=\"font-weight: 400;\">Si eres docente de alguna instituci\u00f3n p\u00fablica o privada, env\u00eda un correo a webmaster@zonacaral.gob.pe para recibir m\u00e1s informaci\u00f3n, o deja un mensaje a trav\u00e9s de nuestras redes sociales. Tambi\u00e9n puedes inscribirte en el siguiente link:<\/span><a href=\"https:\/\/bit.ly\/Visitas_Mediadas\"> <span style=\"font-weight: 400;\">https:\/\/bit.ly\/Visitas_Mediadas<\/span><\/a><\/p>\n<p><span style=\"color: #850707;\"><strong style=\"font-size: inherit; text-align: justify;\">Fuente: Comunicaci\u00f3n e Imagen Institucional ZAC<\/strong><\/span><\/p>\n<\/div>\n<div style=\"color: #1f1f1f;\">\n<div style=\"color: #1f1f1f;\">\n<p style=\"text-align: justify;\">Fecha de publicaci\u00f3n: 27\/12\/2023<\/p>\n<\/div>\n<\/div>\n\n\n<p><\/p>\n","protected":false},"excerpt":{"rendered":"<p>Llevamos cultura a ni\u00f1os y j\u00f3venes. En este 2023 la Zona Arqueol\u00f3gica Caral, Unidad Ejecutora 003 del Ministerio de Cultura, [&hellip;]<\/p>\n","protected":false},"author":1,"featured_media":17328,"comment_status":"closed","ping_status":"open","sticky":false,"template":"","format":"standard","meta":{"_acf_changed":false,"site-sidebar-layout":"default","site-content-layout":"","ast-site-content-layout":"default","site-content-style":"default","site-sidebar-style":"default","ast-global-header-display":"","ast-banner-title-visibility":"","ast-main-header-display":"","ast-hfb-above-header-display":"","ast-hfb-below-header-display":"","ast-hfb-mobile-header-display":"","site-post-title":"","ast-breadcrumbs-content":"","ast-featured-img":"","footer-sml-layout":"","ast-disable-related-posts":"","theme-transparent-header-meta":"","adv-header-id-meta":"","stick-header-meta":"","header-above-stick-meta":"","header-main-stick-meta":"","header-below-stick-meta":"","astra-migrate-meta-layouts":"default","ast-page-background-enabled":"default","ast-page-background-meta":{"desktop":{"background-color":"var(--ast-global-color-5)","background-image":"","background-repeat":"repeat","background-position":"center center","background-size":"auto","background-attachment":"scroll","background-type":"","background-media":"","overlay-type":"","overlay-color":"","overlay-opacity":"","overlay-gradient":""},"tablet":{"background-color":"","background-image":"","background-repeat":"repeat","background-position":"center center","background-size":"auto","background-attachment":"scroll","background-type":"","background-media":"","overlay-type":"","overlay-color":"","overlay-opacity":"","overlay-gradient":""},"mobile":{"background-color":"","background-image":"","background-repeat":"repeat","background-position":"center center","background-size":"auto","background-attachment":"scroll","background-type":"","background-media":"","overlay-type":"","overlay-color":"","overlay-opacity":"","overlay-gradient":""}},"ast-content-background-meta":{"desktop":{"background-color":"var(--ast-global-color-4)","background-image":"","background-repeat":"repeat","background-position":"center center","background-size":"auto","background-attachment":"scroll","background-type":"","background-media":"","overlay-type":"","overlay-color":"","overlay-opacity":"","overlay-gradient":""},"tablet":{"background-color":"var(--ast-global-color-4)","background-image":"","background-repeat":"repeat","background-position":"center center","background-size":"auto","background-attachment":"scroll","background-type":"","background-media":"","overlay-type":"","overlay-color":"","overlay-opacity":"","overlay-gradient":""},"mobile":{"background-color":"var(--ast-global-color-4)","background-image":"","background-repeat":"repeat","background-position":"center center","background-size":"auto","background-attachment":"scroll","background-type":"","background-media":"","overlay-type":"","overlay-color":"","overlay-opacity":"","overlay-gradient":""}},"footnotes":""},"categories":[208],"tags":[55,72],"class_list":["post-17323","post","type-post","status-publish","format-standard","has-post-thumbnail","hentry","category-noticias","tag-caral","tag-cultura"],"acf":[],"yoast_head":"<!-- This site is optimized with the Yoast SEO plugin v27.3 - https:\/\/yoast.com\/product\/yoast-seo-wordpress\/ -->\n<title>M\u00e1s de mil estudiantes participaron del guiado virtual por el Museo Caral este 2023<\/title>\n<meta name=\"description\" content=\"En este 2023 la Zona Arqueol\u00f3gica Caral, Unidad Ejecutora 003 del Ministerio de Cultura, ha impulsado su programa de guiados virtuales por el Museo Caral, el cual fue creado para transmitir los valores de la Civilizaci\u00f3n Caral, la primera del continente americano, y lograr el \u201cBuen Vivir\u201d.\" \/>\n<meta name=\"robots\" content=\"index, follow, max-snippet:-1, max-image-preview:large, max-video-preview:-1\" \/>\n<link rel=\"canonical\" href=\"https:\/\/zonacaral.gob.pe\/es\/noticias\/mas-de-mil-estudiantes-participaron-del-guiado-virtual-por-el-museo-caral-este-2023\/\" \/>\n<meta property=\"og:locale\" content=\"es_ES\" \/>\n<meta property=\"og:type\" content=\"article\" \/>\n<meta property=\"og:title\" content=\"M\u00e1s de mil estudiantes participaron del guiado virtual por el Museo Caral este 2023\" \/>\n<meta property=\"og:description\" content=\"En este 2023 la Zona Arqueol\u00f3gica Caral, Unidad Ejecutora 003 del Ministerio de Cultura, ha impulsado su programa de guiados virtuales por el Museo Caral, el cual fue creado para transmitir los valores de la Civilizaci\u00f3n Caral, la primera del continente americano, y lograr el \u201cBuen Vivir\u201d.\" \/>\n<meta property=\"og:url\" content=\"https:\/\/zonacaral.gob.pe\/es\/noticias\/mas-de-mil-estudiantes-participaron-del-guiado-virtual-por-el-museo-caral-este-2023\/\" \/>\n<meta property=\"og:site_name\" content=\"Zona Caral\" \/>\n<meta property=\"article:published_time\" content=\"2023-12-27T13:53:23+00:00\" \/>\n<meta property=\"og:image\" content=\"https:\/\/zonacaral.gob.pe\/wp-content\/uploads\/2023\/12\/standard_849799-v-m-3-810x410-1.png\" \/>\n\t<meta property=\"og:image:width\" content=\"645\" \/>\n\t<meta property=\"og:image:height\" content=\"363\" \/>\n\t<meta property=\"og:image:type\" content=\"image\/png\" \/>\n<meta name=\"author\" content=\"Zona Caral Administrador\" \/>\n<meta name=\"twitter:card\" content=\"summary_large_image\" \/>\n<meta name=\"twitter:label1\" content=\"Written by\" \/>\n\t<meta name=\"twitter:data1\" content=\"Zona Caral Administrador\" \/>\n\t<meta name=\"twitter:label2\" content=\"Est. reading time\" \/>\n\t<meta name=\"twitter:data2\" content=\"2 minutos\" \/>\n<script type=\"application\/ld+json\" class=\"yoast-schema-graph\">{\"@context\":\"https:\\\/\\\/schema.org\",\"@graph\":[{\"@type\":\"Article\",\"@id\":\"https:\\\/\\\/zonacaral.gob.pe\\\/es\\\/noticias\\\/mas-de-mil-estudiantes-participaron-del-guiado-virtual-por-el-museo-caral-este-2023\\\/#article\",\"isPartOf\":{\"@id\":\"https:\\\/\\\/zonacaral.gob.pe\\\/es\\\/noticias\\\/mas-de-mil-estudiantes-participaron-del-guiado-virtual-por-el-museo-caral-este-2023\\\/\"},\"author\":{\"name\":\"Zona Caral Administrador\",\"@id\":\"https:\\\/\\\/zonacaral.gob.pe\\\/es\\\/#\\\/schema\\\/person\\\/beddb4d22f71a7230c5b90913270a0ee\"},\"headline\":\"M\u00c1S DE MIL ESTUDIANTES PARTICIPARON DEL GUIADO VIRTUAL POR EL MUSEO CARAL ESTE 2023\",\"datePublished\":\"2023-12-27T13:53:23+00:00\",\"mainEntityOfPage\":{\"@id\":\"https:\\\/\\\/zonacaral.gob.pe\\\/es\\\/noticias\\\/mas-de-mil-estudiantes-participaron-del-guiado-virtual-por-el-museo-caral-este-2023\\\/\"},\"wordCount\":429,\"image\":{\"@id\":\"https:\\\/\\\/zonacaral.gob.pe\\\/es\\\/noticias\\\/mas-de-mil-estudiantes-participaron-del-guiado-virtual-por-el-museo-caral-este-2023\\\/#primaryimage\"},\"thumbnailUrl\":\"https:\\\/\\\/zonacaral.gob.pe\\\/wp-content\\\/uploads\\\/2023\\\/12\\\/standard_849799-v-m-3-810x410-1.png\",\"keywords\":[\"caral\",\"Cultura\"],\"articleSection\":[\"noticias\"],\"inLanguage\":\"es-PE\"},{\"@type\":\"WebPage\",\"@id\":\"https:\\\/\\\/zonacaral.gob.pe\\\/es\\\/noticias\\\/mas-de-mil-estudiantes-participaron-del-guiado-virtual-por-el-museo-caral-este-2023\\\/\",\"url\":\"https:\\\/\\\/zonacaral.gob.pe\\\/es\\\/noticias\\\/mas-de-mil-estudiantes-participaron-del-guiado-virtual-por-el-museo-caral-este-2023\\\/\",\"name\":\"M\u00e1s de mil estudiantes participaron del guiado virtual por el Museo Caral este 2023\",\"isPartOf\":{\"@id\":\"https:\\\/\\\/zonacaral.gob.pe\\\/es\\\/#website\"},\"primaryImageOfPage\":{\"@id\":\"https:\\\/\\\/zonacaral.gob.pe\\\/es\\\/noticias\\\/mas-de-mil-estudiantes-participaron-del-guiado-virtual-por-el-museo-caral-este-2023\\\/#primaryimage\"},\"image\":{\"@id\":\"https:\\\/\\\/zonacaral.gob.pe\\\/es\\\/noticias\\\/mas-de-mil-estudiantes-participaron-del-guiado-virtual-por-el-museo-caral-este-2023\\\/#primaryimage\"},\"thumbnailUrl\":\"https:\\\/\\\/zonacaral.gob.pe\\\/wp-content\\\/uploads\\\/2023\\\/12\\\/standard_849799-v-m-3-810x410-1.png\",\"datePublished\":\"2023-12-27T13:53:23+00:00\",\"author\":{\"@id\":\"https:\\\/\\\/zonacaral.gob.pe\\\/es\\\/#\\\/schema\\\/person\\\/beddb4d22f71a7230c5b90913270a0ee\"},\"description\":\"En este 2023 la Zona Arqueol\u00f3gica Caral, Unidad Ejecutora 003 del Ministerio de Cultura, ha impulsado su programa de guiados virtuales por el Museo Caral, el cual fue creado para transmitir los valores de la Civilizaci\u00f3n Caral, la primera del continente americano, y lograr el \u201cBuen Vivir\u201d.\",\"breadcrumb\":{\"@id\":\"https:\\\/\\\/zonacaral.gob.pe\\\/es\\\/noticias\\\/mas-de-mil-estudiantes-participaron-del-guiado-virtual-por-el-museo-caral-este-2023\\\/#breadcrumb\"},\"inLanguage\":\"es-PE\",\"potentialAction\":[{\"@type\":\"ReadAction\",\"target\":[\"https:\\\/\\\/zonacaral.gob.pe\\\/es\\\/noticias\\\/mas-de-mil-estudiantes-participaron-del-guiado-virtual-por-el-museo-caral-este-2023\\\/\"]}]},{\"@type\":\"ImageObject\",\"inLanguage\":\"es-PE\",\"@id\":\"https:\\\/\\\/zonacaral.gob.pe\\\/es\\\/noticias\\\/mas-de-mil-estudiantes-participaron-del-guiado-virtual-por-el-museo-caral-este-2023\\\/#primaryimage\",\"url\":\"https:\\\/\\\/zonacaral.gob.pe\\\/wp-content\\\/uploads\\\/2023\\\/12\\\/standard_849799-v-m-3-810x410-1.png\",\"contentUrl\":\"https:\\\/\\\/zonacaral.gob.pe\\\/wp-content\\\/uploads\\\/2023\\\/12\\\/standard_849799-v-m-3-810x410-1.png\",\"width\":645,\"height\":363},{\"@type\":\"BreadcrumbList\",\"@id\":\"https:\\\/\\\/zonacaral.gob.pe\\\/es\\\/noticias\\\/mas-de-mil-estudiantes-participaron-del-guiado-virtual-por-el-museo-caral-este-2023\\\/#breadcrumb\",\"itemListElement\":[{\"@type\":\"ListItem\",\"position\":1,\"name\":\"Portada\",\"item\":\"https:\\\/\\\/zonacaral.gob.pe\\\/\"},{\"@type\":\"ListItem\",\"position\":2,\"name\":\"M\u00c1S DE MIL ESTUDIANTES PARTICIPARON DEL GUIADO VIRTUAL POR EL MUSEO CARAL ESTE 2023\"}]},{\"@type\":\"WebSite\",\"@id\":\"https:\\\/\\\/zonacaral.gob.pe\\\/es\\\/#website\",\"url\":\"https:\\\/\\\/zonacaral.gob.pe\\\/es\\\/\",\"name\":\"Zona Caral\",\"description\":\"Investigamos, conservamos y difundimos el patrimonio cultural de la Civilizaci\u00f3n Caral, la m\u00e1s antigua de Am\u00e9rica.\",\"potentialAction\":[{\"@type\":\"SearchAction\",\"target\":{\"@type\":\"EntryPoint\",\"urlTemplate\":\"https:\\\/\\\/zonacaral.gob.pe\\\/es\\\/?s={search_term_string}\"},\"query-input\":{\"@type\":\"PropertyValueSpecification\",\"valueRequired\":true,\"valueName\":\"search_term_string\"}}],\"inLanguage\":\"es-PE\"},{\"@type\":\"Person\",\"@id\":\"https:\\\/\\\/zonacaral.gob.pe\\\/es\\\/#\\\/schema\\\/person\\\/beddb4d22f71a7230c5b90913270a0ee\",\"name\":\"Zona Caral Administrador\",\"image\":{\"@type\":\"ImageObject\",\"inLanguage\":\"es-PE\",\"@id\":\"https:\\\/\\\/secure.gravatar.com\\\/avatar\\\/e4be162918a696358376de6446614e0f0f4062bdc5d170d6d540ada3d8b58c12?s=96&d=mm&r=g\",\"url\":\"https:\\\/\\\/secure.gravatar.com\\\/avatar\\\/e4be162918a696358376de6446614e0f0f4062bdc5d170d6d540ada3d8b58c12?s=96&d=mm&r=g\",\"contentUrl\":\"https:\\\/\\\/secure.gravatar.com\\\/avatar\\\/e4be162918a696358376de6446614e0f0f4062bdc5d170d6d540ada3d8b58c12?s=96&d=mm&r=g\",\"caption\":\"Zona Caral Administrador\"},\"sameAs\":[\"https:\\\/\\\/zonacaral.gob.pe\"],\"url\":\"https:\\\/\\\/zonacaral.gob.pe\\\/es\\\/noticias\\\/author\\\/ad_zonacaral\\\/\"}]}<\/script>\n<!-- \/ Yoast SEO plugin. -->","yoast_head_json":{"title":"M\u00e1s de mil estudiantes participaron del guiado virtual por el Museo Caral este 2023","description":"En este 2023 la Zona Arqueol\u00f3gica Caral, Unidad Ejecutora 003 del Ministerio de Cultura, ha impulsado su programa de guiados virtuales por el Museo Caral, el cual fue creado para transmitir los valores de la Civilizaci\u00f3n Caral, la primera del continente americano, y lograr el \u201cBuen Vivir\u201d.","robots":{"index":"index","follow":"follow","max-snippet":"max-snippet:-1","max-image-preview":"max-image-preview:large","max-video-preview":"max-video-preview:-1"},"canonical":"https:\/\/zonacaral.gob.pe\/es\/noticias\/mas-de-mil-estudiantes-participaron-del-guiado-virtual-por-el-museo-caral-este-2023\/","og_locale":"es_ES","og_type":"article","og_title":"M\u00e1s de mil estudiantes participaron del guiado virtual por el Museo Caral este 2023","og_description":"En este 2023 la Zona Arqueol\u00f3gica Caral, Unidad Ejecutora 003 del Ministerio de Cultura, ha impulsado su programa de guiados virtuales por el Museo Caral, el cual fue creado para transmitir los valores de la Civilizaci\u00f3n Caral, la primera del continente americano, y lograr el \u201cBuen Vivir\u201d.","og_url":"https:\/\/zonacaral.gob.pe\/es\/noticias\/mas-de-mil-estudiantes-participaron-del-guiado-virtual-por-el-museo-caral-este-2023\/","og_site_name":"Zona Caral","article_published_time":"2023-12-27T13:53:23+00:00","og_image":[{"width":645,"height":363,"url":"https:\/\/zonacaral.gob.pe\/wp-content\/uploads\/2023\/12\/standard_849799-v-m-3-810x410-1.png","type":"image\/png"}],"author":"Zona Caral Administrador","twitter_card":"summary_large_image","twitter_misc":{"Written by":"Zona Caral Administrador","Est. reading time":"2 minutos"},"schema":{"@context":"https:\/\/schema.org","@graph":[{"@type":"Article","@id":"https:\/\/zonacaral.gob.pe\/es\/noticias\/mas-de-mil-estudiantes-participaron-del-guiado-virtual-por-el-museo-caral-este-2023\/#article","isPartOf":{"@id":"https:\/\/zonacaral.gob.pe\/es\/noticias\/mas-de-mil-estudiantes-participaron-del-guiado-virtual-por-el-museo-caral-este-2023\/"},"author":{"name":"Zona Caral Administrador","@id":"https:\/\/zonacaral.gob.pe\/es\/#\/schema\/person\/beddb4d22f71a7230c5b90913270a0ee"},"headline":"M\u00c1S DE MIL ESTUDIANTES PARTICIPARON DEL GUIADO VIRTUAL POR EL MUSEO CARAL ESTE 2023","datePublished":"2023-12-27T13:53:23+00:00","mainEntityOfPage":{"@id":"https:\/\/zonacaral.gob.pe\/es\/noticias\/mas-de-mil-estudiantes-participaron-del-guiado-virtual-por-el-museo-caral-este-2023\/"},"wordCount":429,"image":{"@id":"https:\/\/zonacaral.gob.pe\/es\/noticias\/mas-de-mil-estudiantes-participaron-del-guiado-virtual-por-el-museo-caral-este-2023\/#primaryimage"},"thumbnailUrl":"https:\/\/zonacaral.gob.pe\/wp-content\/uploads\/2023\/12\/standard_849799-v-m-3-810x410-1.png","keywords":["caral","Cultura"],"articleSection":["noticias"],"inLanguage":"es-PE"},{"@type":"WebPage","@id":"https:\/\/zonacaral.gob.pe\/es\/noticias\/mas-de-mil-estudiantes-participaron-del-guiado-virtual-por-el-museo-caral-este-2023\/","url":"https:\/\/zonacaral.gob.pe\/es\/noticias\/mas-de-mil-estudiantes-participaron-del-guiado-virtual-por-el-museo-caral-este-2023\/","name":"M\u00e1s de mil estudiantes participaron del guiado virtual por el Museo Caral este 2023","isPartOf":{"@id":"https:\/\/zonacaral.gob.pe\/es\/#website"},"primaryImageOfPage":{"@id":"https:\/\/zonacaral.gob.pe\/es\/noticias\/mas-de-mil-estudiantes-participaron-del-guiado-virtual-por-el-museo-caral-este-2023\/#primaryimage"},"image":{"@id":"https:\/\/zonacaral.gob.pe\/es\/noticias\/mas-de-mil-estudiantes-participaron-del-guiado-virtual-por-el-museo-caral-este-2023\/#primaryimage"},"thumbnailUrl":"https:\/\/zonacaral.gob.pe\/wp-content\/uploads\/2023\/12\/standard_849799-v-m-3-810x410-1.png","datePublished":"2023-12-27T13:53:23+00:00","author":{"@id":"https:\/\/zonacaral.gob.pe\/es\/#\/schema\/person\/beddb4d22f71a7230c5b90913270a0ee"},"description":"En este 2023 la Zona Arqueol\u00f3gica Caral, Unidad Ejecutora 003 del Ministerio de Cultura, ha impulsado su programa de guiados virtuales por el Museo Caral, el cual fue creado para transmitir los valores de la Civilizaci\u00f3n Caral, la primera del continente americano, y lograr el \u201cBuen Vivir\u201d.","breadcrumb":{"@id":"https:\/\/zonacaral.gob.pe\/es\/noticias\/mas-de-mil-estudiantes-participaron-del-guiado-virtual-por-el-museo-caral-este-2023\/#breadcrumb"},"inLanguage":"es-PE","potentialAction":[{"@type":"ReadAction","target":["https:\/\/zonacaral.gob.pe\/es\/noticias\/mas-de-mil-estudiantes-participaron-del-guiado-virtual-por-el-museo-caral-este-2023\/"]}]},{"@type":"ImageObject","inLanguage":"es-PE","@id":"https:\/\/zonacaral.gob.pe\/es\/noticias\/mas-de-mil-estudiantes-participaron-del-guiado-virtual-por-el-museo-caral-este-2023\/#primaryimage","url":"https:\/\/zonacaral.gob.pe\/wp-content\/uploads\/2023\/12\/standard_849799-v-m-3-810x410-1.png","contentUrl":"https:\/\/zonacaral.gob.pe\/wp-content\/uploads\/2023\/12\/standard_849799-v-m-3-810x410-1.png","width":645,"height":363},{"@type":"BreadcrumbList","@id":"https:\/\/zonacaral.gob.pe\/es\/noticias\/mas-de-mil-estudiantes-participaron-del-guiado-virtual-por-el-museo-caral-este-2023\/#breadcrumb","itemListElement":[{"@type":"ListItem","position":1,"name":"Portada","item":"https:\/\/zonacaral.gob.pe\/"},{"@type":"ListItem","position":2,"name":"M\u00c1S DE MIL ESTUDIANTES PARTICIPARON DEL GUIADO VIRTUAL POR EL MUSEO CARAL ESTE 2023"}]},{"@type":"WebSite","@id":"https:\/\/zonacaral.gob.pe\/es\/#website","url":"https:\/\/zonacaral.gob.pe\/es\/","name":"Zona Caral","description":"Investigamos, conservamos y difundimos el patrimonio cultural de la Civilizaci\u00f3n Caral, la m\u00e1s antigua de Am\u00e9rica.","potentialAction":[{"@type":"SearchAction","target":{"@type":"EntryPoint","urlTemplate":"https:\/\/zonacaral.gob.pe\/es\/?s={search_term_string}"},"query-input":{"@type":"PropertyValueSpecification","valueRequired":true,"valueName":"search_term_string"}}],"inLanguage":"es-PE"},{"@type":"Person","@id":"https:\/\/zonacaral.gob.pe\/es\/#\/schema\/person\/beddb4d22f71a7230c5b90913270a0ee","name":"Zona Caral Administrador","image":{"@type":"ImageObject","inLanguage":"es-PE","@id":"https:\/\/secure.gravatar.com\/avatar\/e4be162918a696358376de6446614e0f0f4062bdc5d170d6d540ada3d8b58c12?s=96&d=mm&r=g","url":"https:\/\/secure.gravatar.com\/avatar\/e4be162918a696358376de6446614e0f0f4062bdc5d170d6d540ada3d8b58c12?s=96&d=mm&r=g","contentUrl":"https:\/\/secure.gravatar.com\/avatar\/e4be162918a696358376de6446614e0f0f4062bdc5d170d6d540ada3d8b58c12?s=96&d=mm&r=g","caption":"Zona Caral Administrador"},"sameAs":["https:\/\/zonacaral.gob.pe"],"url":"https:\/\/zonacaral.gob.pe\/es\/noticias\/author\/ad_zonacaral\/"}]}},"_links":{"self":[{"href":"https:\/\/zonacaral.gob.pe\/es\/wp-json\/wp\/v2\/posts\/17323","targetHints":{"allow":["GET"]}}],"collection":[{"href":"https:\/\/zonacaral.gob.pe\/es\/wp-json\/wp\/v2\/posts"}],"about":[{"href":"https:\/\/zonacaral.gob.pe\/es\/wp-json\/wp\/v2\/types\/post"}],"author":[{"embeddable":true,"href":"https:\/\/zonacaral.gob.pe\/es\/wp-json\/wp\/v2\/users\/1"}],"replies":[{"embeddable":true,"href":"https:\/\/zonacaral.gob.pe\/es\/wp-json\/wp\/v2\/comments?post=17323"}],"version-history":[{"count":0,"href":"https:\/\/zonacaral.gob.pe\/es\/wp-json\/wp\/v2\/posts\/17323\/revisions"}],"wp:featuredmedia":[{"embeddable":true,"href":"https:\/\/zonacaral.gob.pe\/es\/wp-json\/wp\/v2\/media\/17328"}],"wp:attachment":[{"href":"https:\/\/zonacaral.gob.pe\/es\/wp-json\/wp\/v2\/media?parent=17323"}],"wp:term":[{"taxonomy":"category","embeddable":true,"href":"https:\/\/zonacaral.gob.pe\/es\/wp-json\/wp\/v2\/categories?post=17323"},{"taxonomy":"post_tag","embeddable":true,"href":"https:\/\/zonacaral.gob.pe\/es\/wp-json\/wp\/v2\/tags?post=17323"}],"curies":[{"name":"wp","href":"https:\/\/api.w.org\/{rel}","templated":true}]}}