{"id":17333,"date":"2023-12-22T09:13:00","date_gmt":"2023-12-22T14:13:00","guid":{"rendered":"https:\/\/www.zonacaral.gob.pe\/?p=17333"},"modified":"2023-12-22T09:13:00","modified_gmt":"2023-12-22T14:13:00","slug":"caral-aspero-y-vichama-te-esperan-esta-navidad-y-ano-nuevo","status":"publish","type":"post","link":"https:\/\/zonacaral.gob.pe\/es\/noticias\/caral-aspero-y-vichama-te-esperan-esta-navidad-y-ano-nuevo\/","title":{"rendered":"Caral, \u00c1spero y Vichama te esperan esta Navidad y A\u00f1o Nuevo"},"content":{"rendered":"<figure class=\"pic-autor\" style=\"color: #4d4d4d; text-align: justify;\"><\/figure>\n<div class=\"gmail_default\" style=\"text-align: justify;\">\n<blockquote>\n<p><em>Aprovecha los d\u00edas feriados.<\/em><\/p>\n<\/blockquote>\n<div>Las fiestas de fin de a\u00f1o se vuelven momentos especiales y \u00fanicos para estar junto a la familia y a los amigos, y perfectos pretextos para salir de casa y visitar los diversos lugares tur\u00edsticos que ofrece el Per\u00fa, como los sitios arqueol\u00f3gicos&nbsp;<a class=\"underline\" href=\"https:\/\/www.zonacaral.gob.pe\/ruta-caral\/ciudad-sagrada-de-caral.html\" target=\"_blank\" rel=\"noopener noreferrer\">Ciudad Sagrada de Caral<\/a>,&nbsp;<a class=\"underline\" href=\"https:\/\/www.zonacaral.gob.pe\/ruta-caral\/aspero.html\" target=\"_blank\" rel=\"noopener noreferrer\">\u00c1spero<\/a>&nbsp;y&nbsp;<a class=\"underline\" href=\"https:\/\/www.zonacaral.gob.pe\/ruta-caral\/vichama.html\" target=\"_blank\" rel=\"noopener noreferrer\">Vichama<\/a>, ubicados al norte de la ciudad de Lima, los cuales abrir\u00e1n sus puertas los d\u00edas feriados de Navidad y A\u00f1o Nuevo.<\/div>\n<div>Para esta facilidad la&nbsp;<a class=\"underline\" href=\"https:\/\/t.me\/Caral_Peru\" target=\"_blank\" rel=\"noopener noreferrer\">Zona Arqueol\u00f3gica Caral<\/a>, Unidad Ejecutora 003 del Ministerio de Cultura, ha realizado las coordinaciones respectivas con su equipo laboral, y los encargados de los guiados, para brindar el servicio correspondiente en los d\u00edas festivos, y permitir el acceso cultural a peruanos y extranjeros. El costo de ingreso y guiados se mantendr\u00e1n.<\/div>\n<div>Se recomienda llevar sombrero o gorras, bloqueador, lentes de sol, agua en toma todo, dinero en efectivo, y para los que ingresen a la Ciudad Sagrada de Caral, llegar al parador tur\u00edstico situado a la altura del centro poblado Caral, cruzar el puente e ingresar a pie al sitio, debido al incremento del caudal del r\u00edo Supe.<\/div>\n<div><a class=\"underline\" href=\"https:\/\/www.zonacaral.gob.pe\/ruta-caral\/\" target=\"_blank\" rel=\"noopener noreferrer\"><strong><br>RUTA CARAL<br><\/strong><\/a><\/div>\n<div><a class=\"underline\" href=\"https:\/\/www.zonacaral.gob.pe\/ruta-caral\/ciudad-sagrada-de-caral.html\" target=\"_blank\" rel=\"noopener noreferrer\"><strong>Ciudad Sagrada de Caral, Patrimonio Mundial<br><\/strong><\/a><\/div>\n<div>Es el principal centro urbano de la primera civilizaci\u00f3n de Am\u00e9rica, desarrollada en el valle de Supe (distrito de Supe \u2013 Barranca, a cuatro horas desde la ciudad de Lima). En el lugar se encuentran los colosales y m\u00e1s antiguos edificios piramidales construidos en Per\u00fa. Conocer\u00e1n como, hace cinco mil a\u00f1os, se organiz\u00f3 la sociedad que habit\u00f3 en los centros urbanos de Caral y los conocimientos en ciencia y tecnolog\u00eda que desarrollaron, y que trascendieron a las dem\u00e1s sociedades de los Andes centrales.<\/div>\n<div><a class=\"underline\" href=\"https:\/\/www.zonacaral.gob.pe\/ruta-caral\/aspero.html\" target=\"_blank\" rel=\"noopener noreferrer\"><strong><br>\u00c1spero, ciudad pesquera<br><\/strong><\/a><\/div>\n<div>Se encuentra muy cerca al mar, en el distrito de Supe Puerto &#8211; Barranca (aproximadamente a cuatro horas de viaje desde Lima). Los habitantes de este gran centro urbano, que tuvieron el \u201cMar de Grau\u201d a su disposici\u00f3n, se dedicaron a la producci\u00f3n de tecnolog\u00edas pesqueras y a obtener el variado recurso marino. Los hallazgos arqueol\u00f3gicos dan cuenta de sus t\u00e9cnicas de secado y conservaci\u00f3n de pescado, de cocina en piedra o bajo tierra (Pachamanca). Revelan detalles de c\u00f3mo vivieron sus habitantes; que, adem\u00e1s, lograron intercambiar sus productos con las sociedades del valle de Supe.<\/div>\n<div><a class=\"underline\" href=\"https:\/\/www.zonacaral.gob.pe\/ruta-caral\/vichama.html\" target=\"_blank\" rel=\"noopener noreferrer\"><strong><br>Vichama, ciudad agropesquera<br><\/strong><\/a><\/div>\n<div>Est\u00e1 ubicado en el distrito de V\u00e9gueta, provincia de Huaura, a dos horas y media de viaje, por la v\u00eda Panamericana Norte, desde la capital peruana. Guarda celosamente entre los muros de sus principales salones ceremoniales los relieves que cuentan una historia, a\u00fan por recuperar, de la crisis generada por un gran cambio clim\u00e1tico que afect\u00f3 a su sociedad y que provoc\u00f3 muerte, sequ\u00eda y hambruna, evento que no deb\u00eda ser olvidado y para lo que deb\u00edan estar preparados.<\/div>\n<div><strong><br>Museos Comunitarios<\/strong><\/div>\n<div>La Ruta Caral incluye tambi\u00e9n los dos museos comunitarios ubicados en los distritos de&nbsp;<a class=\"underline\" href=\"https:\/\/www.zonacaral.gob.pe\/ruta-caral\/MC-supe.html\" target=\"_blank\" rel=\"noopener noreferrer\">Supe<\/a>&nbsp;y&nbsp;<a class=\"underline\" href=\"https:\/\/www.zonacaral.gob.pe\/ruta-caral\/MC-vegueta.html\" target=\"_blank\" rel=\"noopener noreferrer\">V\u00e9gueta<\/a>, administrados por los municipios del mismo nombre, los cuales contienen los hallazgos m\u00e1s importantes y representativos de los doce centros urbanos de la Civilizaci\u00f3n Caral, investigados por la Zona Arqueol\u00f3gica Caral, bajo la direcci\u00f3n de la doctora Ruth Shady.<\/div>\n<div><a class=\"underline\" href=\"https:\/\/www.zonacaral.gob.pe\/museo\/caral\/\" target=\"_blank\" rel=\"noopener noreferrer\"><strong><br>CIVILIZACI\u00d3N CARAL<br><\/strong><\/a><\/div>\n<div>Esta civilizaci\u00f3n, considerada la m\u00e1s antigua de Am\u00e9rica, se desarroll\u00f3 en el \u00e1rea norcentral peruana entre los 3000 y 1800 a\u00f1os antes de Cristo. El trabajo de investigaci\u00f3n, iniciado en 1994, logr\u00f3 establecer que los sitios de mayores dimensiones se ubican en el valle de Supe, donde se han identificado veinticinco centros urbanos. Actualmente, son doce sitios arqueol\u00f3gicos los que se intervienen.<\/div>\n<div>Su avanzado desarrollo, los conocimientos que produjeron en ciencia y tecnolog\u00eda, su cosmovisi\u00f3n y dem\u00e1s aspectos trascendieron a las dem\u00e1s culturas andinas, por lo que conocerla, difundirla y protegerla es fundamental para el entendimiento del inicio de la civilizaci\u00f3n en Am\u00e9rica.<\/div>\n<p><span style=\"color: #850707;\"><strong style=\"font-size: inherit; text-align: justify;\">Fuente: Comunicaci\u00f3n e Imagen Institucional ZAC<\/strong><\/span><\/p>\n<\/div>\n<div style=\"color: #1f1f1f;\">\n<div style=\"color: #1f1f1f;\">\n<p style=\"text-align: justify;\">Fecha de publicaci\u00f3n: 22\/12\/2023<\/p>\n<\/div>\n<\/div>\n\n\n<p><\/p>\n","protected":false},"excerpt":{"rendered":"<p>Aprovecha los d\u00edas feriados. Las fiestas de fin de a\u00f1o se vuelven momentos especiales y \u00fanicos para estar junto a [&hellip;]<\/p>\n","protected":false},"author":1,"featured_media":17334,"comment_status":"closed","ping_status":"open","sticky":false,"template":"","format":"standard","meta":{"_acf_changed":false,"site-sidebar-layout":"default","site-content-layout":"","ast-site-content-layout":"default","site-content-style":"default","site-sidebar-style":"default","ast-global-header-display":"","ast-banner-title-visibility":"","ast-main-header-display":"","ast-hfb-above-header-display":"","ast-hfb-below-header-display":"","ast-hfb-mobile-header-display":"","site-post-title":"","ast-breadcrumbs-content":"","ast-featured-img":"","footer-sml-layout":"","ast-disable-related-posts":"","theme-transparent-header-meta":"","adv-header-id-meta":"","stick-header-meta":"","header-above-stick-meta":"","header-main-stick-meta":"","header-below-stick-meta":"","astra-migrate-meta-layouts":"default","ast-page-background-enabled":"default","ast-page-background-meta":{"desktop":{"background-color":"var(--ast-global-color-5)","background-image":"","background-repeat":"repeat","background-position":"center center","background-size":"auto","background-attachment":"scroll","background-type":"","background-media":"","overlay-type":"","overlay-color":"","overlay-opacity":"","overlay-gradient":""},"tablet":{"background-color":"","background-image":"","background-repeat":"repeat","background-position":"center center","background-size":"auto","background-attachment":"scroll","background-type":"","background-media":"","overlay-type":"","overlay-color":"","overlay-opacity":"","overlay-gradient":""},"mobile":{"background-color":"","background-image":"","background-repeat":"repeat","background-position":"center center","background-size":"auto","background-attachment":"scroll","background-type":"","background-media":"","overlay-type":"","overlay-color":"","overlay-opacity":"","overlay-gradient":""}},"ast-content-background-meta":{"desktop":{"background-color":"var(--ast-global-color-4)","background-image":"","background-repeat":"repeat","background-position":"center center","background-size":"auto","background-attachment":"scroll","background-type":"","background-media":"","overlay-type":"","overlay-color":"","overlay-opacity":"","overlay-gradient":""},"tablet":{"background-color":"var(--ast-global-color-4)","background-image":"","background-repeat":"repeat","background-position":"center center","background-size":"auto","background-attachment":"scroll","background-type":"","background-media":"","overlay-type":"","overlay-color":"","overlay-opacity":"","overlay-gradient":""},"mobile":{"background-color":"var(--ast-global-color-4)","background-image":"","background-repeat":"repeat","background-position":"center center","background-size":"auto","background-attachment":"scroll","background-type":"","background-media":"","overlay-type":"","overlay-color":"","overlay-opacity":"","overlay-gradient":""}},"footnotes":""},"categories":[208],"tags":[55,72],"class_list":["post-17333","post","type-post","status-publish","format-standard","has-post-thumbnail","hentry","category-noticias","tag-caral","tag-cultura"],"acf":[],"yoast_head":"<!-- This site is optimized with the Yoast SEO plugin v27.3 - https:\/\/yoast.com\/product\/yoast-seo-wordpress\/ -->\n<title>Caral, \u00c1spero y Vichama te esperan esta Navidad y A\u00f1o Nuevo<\/title>\n<meta name=\"description\" content=\"Las fiestas de fin de a\u00f1o se vuelven momentos especiales y \u00fanicos para estar junto a la familia y a los amigos, y perfectos pretextos para salir de casa y visitar los diversos lugares tur\u00edsticos que ofrece el Per\u00fa, como los sitios arqueol\u00f3gicos\u00a0Ciudad Sagrada de Caral,\u00a0\u00c1spero\u00a0y\u00a0Vichama, ubicados al norte de la ciudad de Lima, los cuales abrir\u00e1n sus puertas los d\u00edas feriados de Navidad y A\u00f1o Nuevo.\" \/>\n<meta name=\"robots\" content=\"index, follow, max-snippet:-1, max-image-preview:large, max-video-preview:-1\" \/>\n<link rel=\"canonical\" href=\"https:\/\/zonacaral.gob.pe\/es\/noticias\/caral-aspero-y-vichama-te-esperan-esta-navidad-y-ano-nuevo\/\" \/>\n<meta property=\"og:locale\" content=\"es_ES\" \/>\n<meta property=\"og:type\" content=\"article\" \/>\n<meta property=\"og:title\" content=\"Caral, \u00c1spero y Vichama te esperan esta Navidad y A\u00f1o Nuevo\" \/>\n<meta property=\"og:description\" content=\"Las fiestas de fin de a\u00f1o se vuelven momentos especiales y \u00fanicos para estar junto a la familia y a los amigos, y perfectos pretextos para salir de casa y visitar los diversos lugares tur\u00edsticos que ofrece el Per\u00fa, como los sitios arqueol\u00f3gicos\u00a0Ciudad Sagrada de Caral,\u00a0\u00c1spero\u00a0y\u00a0Vichama, ubicados al norte de la ciudad de Lima, los cuales abrir\u00e1n sus puertas los d\u00edas feriados de Navidad y A\u00f1o Nuevo.\" \/>\n<meta property=\"og:url\" content=\"https:\/\/zonacaral.gob.pe\/es\/noticias\/caral-aspero-y-vichama-te-esperan-esta-navidad-y-ano-nuevo\/\" \/>\n<meta property=\"og:site_name\" content=\"Zona Caral\" \/>\n<meta property=\"article:published_time\" content=\"2023-12-22T14:13:00+00:00\" \/>\n<meta property=\"og:image\" content=\"https:\/\/zonacaral.gob.pe\/wp-content\/uploads\/2023\/12\/standard_886153-turistas-en-caral.jpeg\" \/>\n\t<meta property=\"og:image:width\" content=\"645\" \/>\n\t<meta property=\"og:image:height\" content=\"363\" \/>\n\t<meta property=\"og:image:type\" content=\"image\/jpeg\" \/>\n<meta name=\"author\" content=\"Zona Caral Administrador\" \/>\n<meta name=\"twitter:card\" content=\"summary_large_image\" \/>\n<meta name=\"twitter:label1\" content=\"Written by\" \/>\n\t<meta name=\"twitter:data1\" content=\"Zona Caral Administrador\" \/>\n\t<meta name=\"twitter:label2\" content=\"Est. reading time\" \/>\n\t<meta name=\"twitter:data2\" content=\"3 minutos\" \/>\n<script type=\"application\/ld+json\" class=\"yoast-schema-graph\">{\"@context\":\"https:\\\/\\\/schema.org\",\"@graph\":[{\"@type\":\"Article\",\"@id\":\"https:\\\/\\\/zonacaral.gob.pe\\\/es\\\/noticias\\\/caral-aspero-y-vichama-te-esperan-esta-navidad-y-ano-nuevo\\\/#article\",\"isPartOf\":{\"@id\":\"https:\\\/\\\/zonacaral.gob.pe\\\/es\\\/noticias\\\/caral-aspero-y-vichama-te-esperan-esta-navidad-y-ano-nuevo\\\/\"},\"author\":{\"name\":\"Zona Caral Administrador\",\"@id\":\"https:\\\/\\\/zonacaral.gob.pe\\\/es\\\/#\\\/schema\\\/person\\\/beddb4d22f71a7230c5b90913270a0ee\"},\"headline\":\"Caral, \u00c1spero y Vichama te esperan esta Navidad y A\u00f1o Nuevo\",\"datePublished\":\"2023-12-22T14:13:00+00:00\",\"mainEntityOfPage\":{\"@id\":\"https:\\\/\\\/zonacaral.gob.pe\\\/es\\\/noticias\\\/caral-aspero-y-vichama-te-esperan-esta-navidad-y-ano-nuevo\\\/\"},\"wordCount\":700,\"image\":{\"@id\":\"https:\\\/\\\/zonacaral.gob.pe\\\/es\\\/noticias\\\/caral-aspero-y-vichama-te-esperan-esta-navidad-y-ano-nuevo\\\/#primaryimage\"},\"thumbnailUrl\":\"https:\\\/\\\/zonacaral.gob.pe\\\/wp-content\\\/uploads\\\/2023\\\/12\\\/standard_886153-turistas-en-caral.jpeg\",\"keywords\":[\"caral\",\"Cultura\"],\"articleSection\":[\"noticias\"],\"inLanguage\":\"es-PE\"},{\"@type\":\"WebPage\",\"@id\":\"https:\\\/\\\/zonacaral.gob.pe\\\/es\\\/noticias\\\/caral-aspero-y-vichama-te-esperan-esta-navidad-y-ano-nuevo\\\/\",\"url\":\"https:\\\/\\\/zonacaral.gob.pe\\\/es\\\/noticias\\\/caral-aspero-y-vichama-te-esperan-esta-navidad-y-ano-nuevo\\\/\",\"name\":\"Caral, \u00c1spero y Vichama te esperan esta Navidad y A\u00f1o Nuevo\",\"isPartOf\":{\"@id\":\"https:\\\/\\\/zonacaral.gob.pe\\\/es\\\/#website\"},\"primaryImageOfPage\":{\"@id\":\"https:\\\/\\\/zonacaral.gob.pe\\\/es\\\/noticias\\\/caral-aspero-y-vichama-te-esperan-esta-navidad-y-ano-nuevo\\\/#primaryimage\"},\"image\":{\"@id\":\"https:\\\/\\\/zonacaral.gob.pe\\\/es\\\/noticias\\\/caral-aspero-y-vichama-te-esperan-esta-navidad-y-ano-nuevo\\\/#primaryimage\"},\"thumbnailUrl\":\"https:\\\/\\\/zonacaral.gob.pe\\\/wp-content\\\/uploads\\\/2023\\\/12\\\/standard_886153-turistas-en-caral.jpeg\",\"datePublished\":\"2023-12-22T14:13:00+00:00\",\"author\":{\"@id\":\"https:\\\/\\\/zonacaral.gob.pe\\\/es\\\/#\\\/schema\\\/person\\\/beddb4d22f71a7230c5b90913270a0ee\"},\"description\":\"Las fiestas de fin de a\u00f1o se vuelven momentos especiales y \u00fanicos para estar junto a la familia y a los amigos, y perfectos pretextos para salir de casa y visitar los diversos lugares tur\u00edsticos que ofrece el Per\u00fa, como los sitios arqueol\u00f3gicos\u00a0Ciudad Sagrada de Caral,\u00a0\u00c1spero\u00a0y\u00a0Vichama, ubicados al norte de la ciudad de Lima, los cuales abrir\u00e1n sus puertas los d\u00edas feriados de Navidad y A\u00f1o Nuevo.\",\"breadcrumb\":{\"@id\":\"https:\\\/\\\/zonacaral.gob.pe\\\/es\\\/noticias\\\/caral-aspero-y-vichama-te-esperan-esta-navidad-y-ano-nuevo\\\/#breadcrumb\"},\"inLanguage\":\"es-PE\",\"potentialAction\":[{\"@type\":\"ReadAction\",\"target\":[\"https:\\\/\\\/zonacaral.gob.pe\\\/es\\\/noticias\\\/caral-aspero-y-vichama-te-esperan-esta-navidad-y-ano-nuevo\\\/\"]}]},{\"@type\":\"ImageObject\",\"inLanguage\":\"es-PE\",\"@id\":\"https:\\\/\\\/zonacaral.gob.pe\\\/es\\\/noticias\\\/caral-aspero-y-vichama-te-esperan-esta-navidad-y-ano-nuevo\\\/#primaryimage\",\"url\":\"https:\\\/\\\/zonacaral.gob.pe\\\/wp-content\\\/uploads\\\/2023\\\/12\\\/standard_886153-turistas-en-caral.jpeg\",\"contentUrl\":\"https:\\\/\\\/zonacaral.gob.pe\\\/wp-content\\\/uploads\\\/2023\\\/12\\\/standard_886153-turistas-en-caral.jpeg\",\"width\":645,\"height\":363},{\"@type\":\"BreadcrumbList\",\"@id\":\"https:\\\/\\\/zonacaral.gob.pe\\\/es\\\/noticias\\\/caral-aspero-y-vichama-te-esperan-esta-navidad-y-ano-nuevo\\\/#breadcrumb\",\"itemListElement\":[{\"@type\":\"ListItem\",\"position\":1,\"name\":\"Portada\",\"item\":\"https:\\\/\\\/zonacaral.gob.pe\\\/\"},{\"@type\":\"ListItem\",\"position\":2,\"name\":\"Caral, \u00c1spero y Vichama te esperan esta Navidad y A\u00f1o Nuevo\"}]},{\"@type\":\"WebSite\",\"@id\":\"https:\\\/\\\/zonacaral.gob.pe\\\/es\\\/#website\",\"url\":\"https:\\\/\\\/zonacaral.gob.pe\\\/es\\\/\",\"name\":\"Zona Caral\",\"description\":\"Investigamos, conservamos y difundimos el patrimonio cultural de la Civilizaci\u00f3n Caral, la m\u00e1s antigua de Am\u00e9rica.\",\"potentialAction\":[{\"@type\":\"SearchAction\",\"target\":{\"@type\":\"EntryPoint\",\"urlTemplate\":\"https:\\\/\\\/zonacaral.gob.pe\\\/es\\\/?s={search_term_string}\"},\"query-input\":{\"@type\":\"PropertyValueSpecification\",\"valueRequired\":true,\"valueName\":\"search_term_string\"}}],\"inLanguage\":\"es-PE\"},{\"@type\":\"Person\",\"@id\":\"https:\\\/\\\/zonacaral.gob.pe\\\/es\\\/#\\\/schema\\\/person\\\/beddb4d22f71a7230c5b90913270a0ee\",\"name\":\"Zona Caral Administrador\",\"image\":{\"@type\":\"ImageObject\",\"inLanguage\":\"es-PE\",\"@id\":\"https:\\\/\\\/secure.gravatar.com\\\/avatar\\\/e4be162918a696358376de6446614e0f0f4062bdc5d170d6d540ada3d8b58c12?s=96&d=mm&r=g\",\"url\":\"https:\\\/\\\/secure.gravatar.com\\\/avatar\\\/e4be162918a696358376de6446614e0f0f4062bdc5d170d6d540ada3d8b58c12?s=96&d=mm&r=g\",\"contentUrl\":\"https:\\\/\\\/secure.gravatar.com\\\/avatar\\\/e4be162918a696358376de6446614e0f0f4062bdc5d170d6d540ada3d8b58c12?s=96&d=mm&r=g\",\"caption\":\"Zona Caral Administrador\"},\"sameAs\":[\"https:\\\/\\\/zonacaral.gob.pe\"],\"url\":\"https:\\\/\\\/zonacaral.gob.pe\\\/es\\\/noticias\\\/author\\\/ad_zonacaral\\\/\"}]}<\/script>\n<!-- \/ Yoast SEO plugin. -->","yoast_head_json":{"title":"Caral, \u00c1spero y Vichama te esperan esta Navidad y A\u00f1o Nuevo","description":"Las fiestas de fin de a\u00f1o se vuelven momentos especiales y \u00fanicos para estar junto a la familia y a los amigos, y perfectos pretextos para salir de casa y visitar los diversos lugares tur\u00edsticos que ofrece el Per\u00fa, como los sitios arqueol\u00f3gicos\u00a0Ciudad Sagrada de Caral,\u00a0\u00c1spero\u00a0y\u00a0Vichama, ubicados al norte de la ciudad de Lima, los cuales abrir\u00e1n sus puertas los d\u00edas feriados de Navidad y A\u00f1o Nuevo.","robots":{"index":"index","follow":"follow","max-snippet":"max-snippet:-1","max-image-preview":"max-image-preview:large","max-video-preview":"max-video-preview:-1"},"canonical":"https:\/\/zonacaral.gob.pe\/es\/noticias\/caral-aspero-y-vichama-te-esperan-esta-navidad-y-ano-nuevo\/","og_locale":"es_ES","og_type":"article","og_title":"Caral, \u00c1spero y Vichama te esperan esta Navidad y A\u00f1o Nuevo","og_description":"Las fiestas de fin de a\u00f1o se vuelven momentos especiales y \u00fanicos para estar junto a la familia y a los amigos, y perfectos pretextos para salir de casa y visitar los diversos lugares tur\u00edsticos que ofrece el Per\u00fa, como los sitios arqueol\u00f3gicos\u00a0Ciudad Sagrada de Caral,\u00a0\u00c1spero\u00a0y\u00a0Vichama, ubicados al norte de la ciudad de Lima, los cuales abrir\u00e1n sus puertas los d\u00edas feriados de Navidad y A\u00f1o Nuevo.","og_url":"https:\/\/zonacaral.gob.pe\/es\/noticias\/caral-aspero-y-vichama-te-esperan-esta-navidad-y-ano-nuevo\/","og_site_name":"Zona Caral","article_published_time":"2023-12-22T14:13:00+00:00","og_image":[{"width":645,"height":363,"url":"https:\/\/zonacaral.gob.pe\/wp-content\/uploads\/2023\/12\/standard_886153-turistas-en-caral.jpeg","type":"image\/jpeg"}],"author":"Zona Caral Administrador","twitter_card":"summary_large_image","twitter_misc":{"Written by":"Zona Caral Administrador","Est. reading time":"3 minutos"},"schema":{"@context":"https:\/\/schema.org","@graph":[{"@type":"Article","@id":"https:\/\/zonacaral.gob.pe\/es\/noticias\/caral-aspero-y-vichama-te-esperan-esta-navidad-y-ano-nuevo\/#article","isPartOf":{"@id":"https:\/\/zonacaral.gob.pe\/es\/noticias\/caral-aspero-y-vichama-te-esperan-esta-navidad-y-ano-nuevo\/"},"author":{"name":"Zona Caral Administrador","@id":"https:\/\/zonacaral.gob.pe\/es\/#\/schema\/person\/beddb4d22f71a7230c5b90913270a0ee"},"headline":"Caral, \u00c1spero y Vichama te esperan esta Navidad y A\u00f1o Nuevo","datePublished":"2023-12-22T14:13:00+00:00","mainEntityOfPage":{"@id":"https:\/\/zonacaral.gob.pe\/es\/noticias\/caral-aspero-y-vichama-te-esperan-esta-navidad-y-ano-nuevo\/"},"wordCount":700,"image":{"@id":"https:\/\/zonacaral.gob.pe\/es\/noticias\/caral-aspero-y-vichama-te-esperan-esta-navidad-y-ano-nuevo\/#primaryimage"},"thumbnailUrl":"https:\/\/zonacaral.gob.pe\/wp-content\/uploads\/2023\/12\/standard_886153-turistas-en-caral.jpeg","keywords":["caral","Cultura"],"articleSection":["noticias"],"inLanguage":"es-PE"},{"@type":"WebPage","@id":"https:\/\/zonacaral.gob.pe\/es\/noticias\/caral-aspero-y-vichama-te-esperan-esta-navidad-y-ano-nuevo\/","url":"https:\/\/zonacaral.gob.pe\/es\/noticias\/caral-aspero-y-vichama-te-esperan-esta-navidad-y-ano-nuevo\/","name":"Caral, \u00c1spero y Vichama te esperan esta Navidad y A\u00f1o Nuevo","isPartOf":{"@id":"https:\/\/zonacaral.gob.pe\/es\/#website"},"primaryImageOfPage":{"@id":"https:\/\/zonacaral.gob.pe\/es\/noticias\/caral-aspero-y-vichama-te-esperan-esta-navidad-y-ano-nuevo\/#primaryimage"},"image":{"@id":"https:\/\/zonacaral.gob.pe\/es\/noticias\/caral-aspero-y-vichama-te-esperan-esta-navidad-y-ano-nuevo\/#primaryimage"},"thumbnailUrl":"https:\/\/zonacaral.gob.pe\/wp-content\/uploads\/2023\/12\/standard_886153-turistas-en-caral.jpeg","datePublished":"2023-12-22T14:13:00+00:00","author":{"@id":"https:\/\/zonacaral.gob.pe\/es\/#\/schema\/person\/beddb4d22f71a7230c5b90913270a0ee"},"description":"Las fiestas de fin de a\u00f1o se vuelven momentos especiales y \u00fanicos para estar junto a la familia y a los amigos, y perfectos pretextos para salir de casa y visitar los diversos lugares tur\u00edsticos que ofrece el Per\u00fa, como los sitios arqueol\u00f3gicos\u00a0Ciudad Sagrada de Caral,\u00a0\u00c1spero\u00a0y\u00a0Vichama, ubicados al norte de la ciudad de Lima, los cuales abrir\u00e1n sus puertas los d\u00edas feriados de Navidad y A\u00f1o Nuevo.","breadcrumb":{"@id":"https:\/\/zonacaral.gob.pe\/es\/noticias\/caral-aspero-y-vichama-te-esperan-esta-navidad-y-ano-nuevo\/#breadcrumb"},"inLanguage":"es-PE","potentialAction":[{"@type":"ReadAction","target":["https:\/\/zonacaral.gob.pe\/es\/noticias\/caral-aspero-y-vichama-te-esperan-esta-navidad-y-ano-nuevo\/"]}]},{"@type":"ImageObject","inLanguage":"es-PE","@id":"https:\/\/zonacaral.gob.pe\/es\/noticias\/caral-aspero-y-vichama-te-esperan-esta-navidad-y-ano-nuevo\/#primaryimage","url":"https:\/\/zonacaral.gob.pe\/wp-content\/uploads\/2023\/12\/standard_886153-turistas-en-caral.jpeg","contentUrl":"https:\/\/zonacaral.gob.pe\/wp-content\/uploads\/2023\/12\/standard_886153-turistas-en-caral.jpeg","width":645,"height":363},{"@type":"BreadcrumbList","@id":"https:\/\/zonacaral.gob.pe\/es\/noticias\/caral-aspero-y-vichama-te-esperan-esta-navidad-y-ano-nuevo\/#breadcrumb","itemListElement":[{"@type":"ListItem","position":1,"name":"Portada","item":"https:\/\/zonacaral.gob.pe\/"},{"@type":"ListItem","position":2,"name":"Caral, \u00c1spero y Vichama te esperan esta Navidad y A\u00f1o Nuevo"}]},{"@type":"WebSite","@id":"https:\/\/zonacaral.gob.pe\/es\/#website","url":"https:\/\/zonacaral.gob.pe\/es\/","name":"Zona Caral","description":"Investigamos, conservamos y difundimos el patrimonio cultural de la Civilizaci\u00f3n Caral, la m\u00e1s antigua de Am\u00e9rica.","potentialAction":[{"@type":"SearchAction","target":{"@type":"EntryPoint","urlTemplate":"https:\/\/zonacaral.gob.pe\/es\/?s={search_term_string}"},"query-input":{"@type":"PropertyValueSpecification","valueRequired":true,"valueName":"search_term_string"}}],"inLanguage":"es-PE"},{"@type":"Person","@id":"https:\/\/zonacaral.gob.pe\/es\/#\/schema\/person\/beddb4d22f71a7230c5b90913270a0ee","name":"Zona Caral Administrador","image":{"@type":"ImageObject","inLanguage":"es-PE","@id":"https:\/\/secure.gravatar.com\/avatar\/e4be162918a696358376de6446614e0f0f4062bdc5d170d6d540ada3d8b58c12?s=96&d=mm&r=g","url":"https:\/\/secure.gravatar.com\/avatar\/e4be162918a696358376de6446614e0f0f4062bdc5d170d6d540ada3d8b58c12?s=96&d=mm&r=g","contentUrl":"https:\/\/secure.gravatar.com\/avatar\/e4be162918a696358376de6446614e0f0f4062bdc5d170d6d540ada3d8b58c12?s=96&d=mm&r=g","caption":"Zona Caral Administrador"},"sameAs":["https:\/\/zonacaral.gob.pe"],"url":"https:\/\/zonacaral.gob.pe\/es\/noticias\/author\/ad_zonacaral\/"}]}},"_links":{"self":[{"href":"https:\/\/zonacaral.gob.pe\/es\/wp-json\/wp\/v2\/posts\/17333","targetHints":{"allow":["GET"]}}],"collection":[{"href":"https:\/\/zonacaral.gob.pe\/es\/wp-json\/wp\/v2\/posts"}],"about":[{"href":"https:\/\/zonacaral.gob.pe\/es\/wp-json\/wp\/v2\/types\/post"}],"author":[{"embeddable":true,"href":"https:\/\/zonacaral.gob.pe\/es\/wp-json\/wp\/v2\/users\/1"}],"replies":[{"embeddable":true,"href":"https:\/\/zonacaral.gob.pe\/es\/wp-json\/wp\/v2\/comments?post=17333"}],"version-history":[{"count":0,"href":"https:\/\/zonacaral.gob.pe\/es\/wp-json\/wp\/v2\/posts\/17333\/revisions"}],"wp:featuredmedia":[{"embeddable":true,"href":"https:\/\/zonacaral.gob.pe\/es\/wp-json\/wp\/v2\/media\/17334"}],"wp:attachment":[{"href":"https:\/\/zonacaral.gob.pe\/es\/wp-json\/wp\/v2\/media?parent=17333"}],"wp:term":[{"taxonomy":"category","embeddable":true,"href":"https:\/\/zonacaral.gob.pe\/es\/wp-json\/wp\/v2\/categories?post=17333"},{"taxonomy":"post_tag","embeddable":true,"href":"https:\/\/zonacaral.gob.pe\/es\/wp-json\/wp\/v2\/tags?post=17333"}],"curies":[{"name":"wp","href":"https:\/\/api.w.org\/{rel}","templated":true}]}}