{"id":17339,"date":"2023-12-27T09:31:36","date_gmt":"2023-12-27T14:31:36","guid":{"rendered":"https:\/\/www.zonacaral.gob.pe\/?p=17339"},"modified":"2023-12-27T09:31:36","modified_gmt":"2023-12-27T14:31:36","slug":"iniciamos-talleres-de-junco-musica-ceramica-en-centro-poblado-penico-valle-de-supe","status":"publish","type":"post","link":"https:\/\/zonacaral.gob.pe\/es\/noticias\/iniciamos-talleres-de-junco-musica-ceramica-en-centro-poblado-penico-valle-de-supe\/","title":{"rendered":"Realizamos talleres de junco, m\u00fasica, cer\u00e1mica en Centro Poblado Pe\u00f1ico &#8211; valle de Supe"},"content":{"rendered":"<figure class=\"pic-autor\" style=\"color: #4d4d4d; text-align: justify;\"><\/figure>\n<div class=\"gmail_default\" style=\"text-align: justify;\">\n<blockquote>\n<p><i><span style=\"font-weight: 400;\">Transmitimos nuestra herencia cultural milenaria.<\/span><\/i><\/p>\n<\/blockquote>\n<p><span style=\"font-weight: 400;\">Con el fin de concientizar y sensibilizar a la poblaci\u00f3n sobre la importancia de conocer, difundir y proteger su patrimonio cultural, desarrollado en el valle de Supe y, en especial, aleda\u00f1o al centro poblado Pe\u00f1ico, la <\/span><a href=\"https:\/\/t.me\/Caral_Peru\"><span style=\"font-weight: 400;\">Zona Arqueol\u00f3gica Caral<\/span><\/a><span style=\"font-weight: 400;\">, Unidad Ejecutora 003 del Ministerio de Cultura, realiz\u00f3 diversos talleres gratuitos, dirigido a escolares y poblaci\u00f3n en general.<\/span><\/p>\n<p><span style=\"font-weight: 400;\">Este trabajo de responsabilidad social, que se realiza en diferentes centros poblados y distritos de las provincias de Barranca y Huaura, se ejecuta en el marco de la puesta en valor del sitio arqueol\u00f3gico Pe\u00f1ico, gracias al Proyecto de Inversi\u00f3n P\u00fablica asignado para este antiguo centro urbano perteneciente a la civilizaci\u00f3n Caral.<\/span><\/p>\n<p><span style=\"font-weight: 400;\">Los talleres son dictados por profesionales en educaci\u00f3n, m\u00fasica y cer\u00e1mica, los cuales son coordinados por el representante de la subdirecci\u00f3n de Relaciones Comunitarias, se\u00f1or Evedardo Vitonera, y el subdirector a cargo mag\u00edster Carlos Leyva Arroyo.<\/span><\/p>\n<p><span style=\"font-weight: 400;\">Entre los talleres que se dictaron est\u00e1n:<\/span><\/p>\n<p><b>TALLER DE JUNCO.<\/b><span style=\"font-weight: 400;\"> En esta actividad, dirigida tanto a estudiantes de las instituciones educativas p\u00fablicas de Monguete (I. E. N\u00b0 20879) y Pe\u00f1ico (I. E. N\u00b0 21000), y a los pobladores en general, se ense\u00f1\u00f3 la t\u00e9cnica de tejido con fibra de junco, Patrimonio Cultural de la Naci\u00f3n. Con este taller los participantes aprendieron a recrear los objetos hallados en las investigaciones sobre la civilizaci\u00f3n Caral, y tambi\u00e9n a elaborar art\u00edculos que pueden ser utilizados en la actualidad.<\/span><\/p>\n<p><b>TALLER DE SENSIBILIZACI\u00d3N SOBRE EL PATRIMONIO CULTURAL. <\/b><span style=\"font-weight: 400;\">Nuestros docentes tambi\u00e9n llevaron la historia social y cultural, y la importancia de conocer y proteger nuestro patrimonio cultural a los alumnos de las escuelas antes mencionadas y, al p\u00fablico en general.<\/span><\/p>\n<p><b>TALLER DE M\u00daSICA.<\/b><span style=\"font-weight: 400;\"> Asimismo, se ense\u00f1\u00f3 m\u00fasica a los alumnos de Monguete y Pe\u00f1ico. En este taller especializado, los estudiantes, adem\u00e1s de conocer su patrimonio cultural, aprendieron sobre lectura musical, escalas de sonido, entre otros conceptos b\u00e1sicos, utilizando instrumentos ancestrales de Caral, recuperados en las investigaciones.<\/span><\/p>\n<p><b>TALLER DE CER\u00c1MICA. <\/b><span style=\"font-weight: 400;\">Por su lado,<\/span> <span style=\"font-weight: 400;\">el maestro en cer\u00e1mica llev\u00f3 a cabo un taller pr\u00e1ctico para elaborar objetos decorativos y utilitarios, en beneficio de la poblaci\u00f3n en general, y de los estudiantes. Las clases fueron sobre c\u00f3mo trabajar la arcilla, y t\u00e9cnicas y tipos de piezas a elaborar. Con estos conocimientos pueden emprender un peque\u00f1o negocio, y ayudar en la din\u00e1mica econ\u00f3mica de la zona.<\/span><\/p>\n<p><b>DATO<\/b><\/p>\n<p><span style=\"font-weight: 400;\">Este trabajo se suma a las actividades que viene realizando la Zona Arqueol\u00f3gica Caral para la puesta en valor del sitio arqueol\u00f3gico Pe\u00f1ico, ubicado en el valle de Supe, en el que se est\u00e1n implementando \u00e1reas de recepci\u00f3n, servicios b\u00e1sicos, paneles informativos, para que pronto sea abierto al p\u00fablico en general, sum\u00e1ndose a los sitios que conforman la Ruta Caral. <\/span><\/p>\n<p><span style=\"color: #850707;\"><strong style=\"font-size: inherit; text-align: justify;\">Fuente: Comunicaci\u00f3n e Imagen Institucional ZAC<\/strong><\/span><\/p>\n<\/div>\n<div style=\"color: #1f1f1f;\">\n<div style=\"color: #1f1f1f;\">\n<p style=\"text-align: justify;\">Fecha de publicaci\u00f3n: 27\/12\/2023<\/p>\n<\/div>\n<\/div>\n\n\n<p><\/p>\n","protected":false},"excerpt":{"rendered":"<p>Transmitimos nuestra herencia cultural milenaria. Con el fin de concientizar y sensibilizar a la poblaci\u00f3n sobre la importancia de conocer, [&hellip;]<\/p>\n","protected":false},"author":1,"featured_media":17341,"comment_status":"closed","ping_status":"open","sticky":false,"template":"","format":"standard","meta":{"_acf_changed":false,"site-sidebar-layout":"default","site-content-layout":"","ast-site-content-layout":"default","site-content-style":"default","site-sidebar-style":"default","ast-global-header-display":"","ast-banner-title-visibility":"","ast-main-header-display":"","ast-hfb-above-header-display":"","ast-hfb-below-header-display":"","ast-hfb-mobile-header-display":"","site-post-title":"","ast-breadcrumbs-content":"","ast-featured-img":"","footer-sml-layout":"","ast-disable-related-posts":"","theme-transparent-header-meta":"","adv-header-id-meta":"","stick-header-meta":"","header-above-stick-meta":"","header-main-stick-meta":"","header-below-stick-meta":"","astra-migrate-meta-layouts":"default","ast-page-background-enabled":"default","ast-page-background-meta":{"desktop":{"background-color":"var(--ast-global-color-5)","background-image":"","background-repeat":"repeat","background-position":"center center","background-size":"auto","background-attachment":"scroll","background-type":"","background-media":"","overlay-type":"","overlay-color":"","overlay-opacity":"","overlay-gradient":""},"tablet":{"background-color":"","background-image":"","background-repeat":"repeat","background-position":"center center","background-size":"auto","background-attachment":"scroll","background-type":"","background-media":"","overlay-type":"","overlay-color":"","overlay-opacity":"","overlay-gradient":""},"mobile":{"background-color":"","background-image":"","background-repeat":"repeat","background-position":"center center","background-size":"auto","background-attachment":"scroll","background-type":"","background-media":"","overlay-type":"","overlay-color":"","overlay-opacity":"","overlay-gradient":""}},"ast-content-background-meta":{"desktop":{"background-color":"var(--ast-global-color-4)","background-image":"","background-repeat":"repeat","background-position":"center center","background-size":"auto","background-attachment":"scroll","background-type":"","background-media":"","overlay-type":"","overlay-color":"","overlay-opacity":"","overlay-gradient":""},"tablet":{"background-color":"var(--ast-global-color-4)","background-image":"","background-repeat":"repeat","background-position":"center center","background-size":"auto","background-attachment":"scroll","background-type":"","background-media":"","overlay-type":"","overlay-color":"","overlay-opacity":"","overlay-gradient":""},"mobile":{"background-color":"var(--ast-global-color-4)","background-image":"","background-repeat":"repeat","background-position":"center center","background-size":"auto","background-attachment":"scroll","background-type":"","background-media":"","overlay-type":"","overlay-color":"","overlay-opacity":"","overlay-gradient":""}},"footnotes":""},"categories":[208],"tags":[55,72],"class_list":["post-17339","post","type-post","status-publish","format-standard","has-post-thumbnail","hentry","category-noticias","tag-caral","tag-cultura"],"acf":[],"yoast_head":"<!-- This site is optimized with the Yoast SEO plugin v27.3 - https:\/\/yoast.com\/product\/yoast-seo-wordpress\/ -->\n<title>Iniciamos talleres de junco, m\u00fasica, cer\u00e1mica en Centro Poblado Pe\u00f1ico - valle de Supe<\/title>\n<meta name=\"description\" content=\"Con el fin de concientizar y sensibilizar a la poblaci\u00f3n sobre la importancia de conocer, difundir y proteger su patrimonio cultural, desarrollado en el valle de Supe y, en especial, aleda\u00f1o al centro poblado Pe\u00f1ico, la Zona Arqueol\u00f3gica Caral, Unidad Ejecutora 003 del Ministerio de Cultura, inici\u00f3 un ciclo de talleres dirigido a escolares y poblaci\u00f3n en general.\" \/>\n<meta name=\"robots\" content=\"index, follow, max-snippet:-1, max-image-preview:large, max-video-preview:-1\" \/>\n<link rel=\"canonical\" href=\"https:\/\/zonacaral.gob.pe\/es\/noticias\/iniciamos-talleres-de-junco-musica-ceramica-en-centro-poblado-penico-valle-de-supe\/\" \/>\n<meta property=\"og:locale\" content=\"es_ES\" \/>\n<meta property=\"og:type\" content=\"article\" \/>\n<meta property=\"og:title\" content=\"Iniciamos talleres de junco, m\u00fasica, cer\u00e1mica en Centro Poblado Pe\u00f1ico - valle de Supe\" \/>\n<meta property=\"og:description\" content=\"Con el fin de concientizar y sensibilizar a la poblaci\u00f3n sobre la importancia de conocer, difundir y proteger su patrimonio cultural, desarrollado en el valle de Supe y, en especial, aleda\u00f1o al centro poblado Pe\u00f1ico, la Zona Arqueol\u00f3gica Caral, Unidad Ejecutora 003 del Ministerio de Cultura, inici\u00f3 un ciclo de talleres dirigido a escolares y poblaci\u00f3n en general.\" \/>\n<meta property=\"og:url\" content=\"https:\/\/zonacaral.gob.pe\/es\/noticias\/iniciamos-talleres-de-junco-musica-ceramica-en-centro-poblado-penico-valle-de-supe\/\" \/>\n<meta property=\"og:site_name\" content=\"Zona Caral\" \/>\n<meta property=\"article:published_time\" content=\"2023-12-27T14:31:36+00:00\" \/>\n<meta property=\"og:image\" content=\"https:\/\/zonacaral.gob.pe\/wp-content\/uploads\/2023\/12\/taller-penico-1.png\" \/>\n\t<meta property=\"og:image:width\" content=\"1000\" \/>\n\t<meta property=\"og:image:height\" content=\"600\" \/>\n\t<meta property=\"og:image:type\" content=\"image\/png\" \/>\n<meta name=\"author\" content=\"Zona Caral Administrador\" \/>\n<meta name=\"twitter:card\" content=\"summary_large_image\" \/>\n<meta name=\"twitter:label1\" content=\"Written by\" \/>\n\t<meta name=\"twitter:data1\" content=\"Zona Caral Administrador\" \/>\n\t<meta name=\"twitter:label2\" content=\"Est. reading time\" \/>\n\t<meta name=\"twitter:data2\" content=\"3 minutos\" \/>\n<script type=\"application\/ld+json\" class=\"yoast-schema-graph\">{\"@context\":\"https:\\\/\\\/schema.org\",\"@graph\":[{\"@type\":\"Article\",\"@id\":\"https:\\\/\\\/zonacaral.gob.pe\\\/es\\\/noticias\\\/iniciamos-talleres-de-junco-musica-ceramica-en-centro-poblado-penico-valle-de-supe\\\/#article\",\"isPartOf\":{\"@id\":\"https:\\\/\\\/zonacaral.gob.pe\\\/es\\\/noticias\\\/iniciamos-talleres-de-junco-musica-ceramica-en-centro-poblado-penico-valle-de-supe\\\/\"},\"author\":{\"name\":\"Zona Caral Administrador\",\"@id\":\"https:\\\/\\\/zonacaral.gob.pe\\\/es\\\/#\\\/schema\\\/person\\\/beddb4d22f71a7230c5b90913270a0ee\"},\"headline\":\"Realizamos talleres de junco, m\u00fasica, cer\u00e1mica en Centro Poblado Pe\u00f1ico &#8211; valle de Supe\",\"datePublished\":\"2023-12-27T14:31:36+00:00\",\"mainEntityOfPage\":{\"@id\":\"https:\\\/\\\/zonacaral.gob.pe\\\/es\\\/noticias\\\/iniciamos-talleres-de-junco-musica-ceramica-en-centro-poblado-penico-valle-de-supe\\\/\"},\"wordCount\":521,\"image\":{\"@id\":\"https:\\\/\\\/zonacaral.gob.pe\\\/es\\\/noticias\\\/iniciamos-talleres-de-junco-musica-ceramica-en-centro-poblado-penico-valle-de-supe\\\/#primaryimage\"},\"thumbnailUrl\":\"https:\\\/\\\/zonacaral.gob.pe\\\/wp-content\\\/uploads\\\/2023\\\/12\\\/taller-penico-1.png\",\"keywords\":[\"caral\",\"Cultura\"],\"articleSection\":[\"noticias\"],\"inLanguage\":\"es-PE\"},{\"@type\":\"WebPage\",\"@id\":\"https:\\\/\\\/zonacaral.gob.pe\\\/es\\\/noticias\\\/iniciamos-talleres-de-junco-musica-ceramica-en-centro-poblado-penico-valle-de-supe\\\/\",\"url\":\"https:\\\/\\\/zonacaral.gob.pe\\\/es\\\/noticias\\\/iniciamos-talleres-de-junco-musica-ceramica-en-centro-poblado-penico-valle-de-supe\\\/\",\"name\":\"Iniciamos talleres de junco, m\u00fasica, cer\u00e1mica en Centro Poblado Pe\u00f1ico - valle de Supe\",\"isPartOf\":{\"@id\":\"https:\\\/\\\/zonacaral.gob.pe\\\/es\\\/#website\"},\"primaryImageOfPage\":{\"@id\":\"https:\\\/\\\/zonacaral.gob.pe\\\/es\\\/noticias\\\/iniciamos-talleres-de-junco-musica-ceramica-en-centro-poblado-penico-valle-de-supe\\\/#primaryimage\"},\"image\":{\"@id\":\"https:\\\/\\\/zonacaral.gob.pe\\\/es\\\/noticias\\\/iniciamos-talleres-de-junco-musica-ceramica-en-centro-poblado-penico-valle-de-supe\\\/#primaryimage\"},\"thumbnailUrl\":\"https:\\\/\\\/zonacaral.gob.pe\\\/wp-content\\\/uploads\\\/2023\\\/12\\\/taller-penico-1.png\",\"datePublished\":\"2023-12-27T14:31:36+00:00\",\"author\":{\"@id\":\"https:\\\/\\\/zonacaral.gob.pe\\\/es\\\/#\\\/schema\\\/person\\\/beddb4d22f71a7230c5b90913270a0ee\"},\"description\":\"Con el fin de concientizar y sensibilizar a la poblaci\u00f3n sobre la importancia de conocer, difundir y proteger su patrimonio cultural, desarrollado en el valle de Supe y, en especial, aleda\u00f1o al centro poblado Pe\u00f1ico, la Zona Arqueol\u00f3gica Caral, Unidad Ejecutora 003 del Ministerio de Cultura, inici\u00f3 un ciclo de talleres dirigido a escolares y poblaci\u00f3n en general.\",\"breadcrumb\":{\"@id\":\"https:\\\/\\\/zonacaral.gob.pe\\\/es\\\/noticias\\\/iniciamos-talleres-de-junco-musica-ceramica-en-centro-poblado-penico-valle-de-supe\\\/#breadcrumb\"},\"inLanguage\":\"es-PE\",\"potentialAction\":[{\"@type\":\"ReadAction\",\"target\":[\"https:\\\/\\\/zonacaral.gob.pe\\\/es\\\/noticias\\\/iniciamos-talleres-de-junco-musica-ceramica-en-centro-poblado-penico-valle-de-supe\\\/\"]}]},{\"@type\":\"ImageObject\",\"inLanguage\":\"es-PE\",\"@id\":\"https:\\\/\\\/zonacaral.gob.pe\\\/es\\\/noticias\\\/iniciamos-talleres-de-junco-musica-ceramica-en-centro-poblado-penico-valle-de-supe\\\/#primaryimage\",\"url\":\"https:\\\/\\\/zonacaral.gob.pe\\\/wp-content\\\/uploads\\\/2023\\\/12\\\/taller-penico-1.png\",\"contentUrl\":\"https:\\\/\\\/zonacaral.gob.pe\\\/wp-content\\\/uploads\\\/2023\\\/12\\\/taller-penico-1.png\",\"width\":1000,\"height\":600},{\"@type\":\"BreadcrumbList\",\"@id\":\"https:\\\/\\\/zonacaral.gob.pe\\\/es\\\/noticias\\\/iniciamos-talleres-de-junco-musica-ceramica-en-centro-poblado-penico-valle-de-supe\\\/#breadcrumb\",\"itemListElement\":[{\"@type\":\"ListItem\",\"position\":1,\"name\":\"Portada\",\"item\":\"https:\\\/\\\/zonacaral.gob.pe\\\/\"},{\"@type\":\"ListItem\",\"position\":2,\"name\":\"Realizamos talleres de junco, m\u00fasica, cer\u00e1mica en Centro Poblado Pe\u00f1ico &#8211; valle de Supe\"}]},{\"@type\":\"WebSite\",\"@id\":\"https:\\\/\\\/zonacaral.gob.pe\\\/es\\\/#website\",\"url\":\"https:\\\/\\\/zonacaral.gob.pe\\\/es\\\/\",\"name\":\"Zona Caral\",\"description\":\"Investigamos, conservamos y difundimos el patrimonio cultural de la Civilizaci\u00f3n Caral, la m\u00e1s antigua de Am\u00e9rica.\",\"potentialAction\":[{\"@type\":\"SearchAction\",\"target\":{\"@type\":\"EntryPoint\",\"urlTemplate\":\"https:\\\/\\\/zonacaral.gob.pe\\\/es\\\/?s={search_term_string}\"},\"query-input\":{\"@type\":\"PropertyValueSpecification\",\"valueRequired\":true,\"valueName\":\"search_term_string\"}}],\"inLanguage\":\"es-PE\"},{\"@type\":\"Person\",\"@id\":\"https:\\\/\\\/zonacaral.gob.pe\\\/es\\\/#\\\/schema\\\/person\\\/beddb4d22f71a7230c5b90913270a0ee\",\"name\":\"Zona Caral Administrador\",\"image\":{\"@type\":\"ImageObject\",\"inLanguage\":\"es-PE\",\"@id\":\"https:\\\/\\\/secure.gravatar.com\\\/avatar\\\/e4be162918a696358376de6446614e0f0f4062bdc5d170d6d540ada3d8b58c12?s=96&d=mm&r=g\",\"url\":\"https:\\\/\\\/secure.gravatar.com\\\/avatar\\\/e4be162918a696358376de6446614e0f0f4062bdc5d170d6d540ada3d8b58c12?s=96&d=mm&r=g\",\"contentUrl\":\"https:\\\/\\\/secure.gravatar.com\\\/avatar\\\/e4be162918a696358376de6446614e0f0f4062bdc5d170d6d540ada3d8b58c12?s=96&d=mm&r=g\",\"caption\":\"Zona Caral Administrador\"},\"sameAs\":[\"https:\\\/\\\/zonacaral.gob.pe\"],\"url\":\"https:\\\/\\\/zonacaral.gob.pe\\\/es\\\/noticias\\\/author\\\/ad_zonacaral\\\/\"}]}<\/script>\n<!-- \/ Yoast SEO plugin. -->","yoast_head_json":{"title":"Iniciamos talleres de junco, m\u00fasica, cer\u00e1mica en Centro Poblado Pe\u00f1ico - valle de Supe","description":"Con el fin de concientizar y sensibilizar a la poblaci\u00f3n sobre la importancia de conocer, difundir y proteger su patrimonio cultural, desarrollado en el valle de Supe y, en especial, aleda\u00f1o al centro poblado Pe\u00f1ico, la Zona Arqueol\u00f3gica Caral, Unidad Ejecutora 003 del Ministerio de Cultura, inici\u00f3 un ciclo de talleres dirigido a escolares y poblaci\u00f3n en general.","robots":{"index":"index","follow":"follow","max-snippet":"max-snippet:-1","max-image-preview":"max-image-preview:large","max-video-preview":"max-video-preview:-1"},"canonical":"https:\/\/zonacaral.gob.pe\/es\/noticias\/iniciamos-talleres-de-junco-musica-ceramica-en-centro-poblado-penico-valle-de-supe\/","og_locale":"es_ES","og_type":"article","og_title":"Iniciamos talleres de junco, m\u00fasica, cer\u00e1mica en Centro Poblado Pe\u00f1ico - valle de Supe","og_description":"Con el fin de concientizar y sensibilizar a la poblaci\u00f3n sobre la importancia de conocer, difundir y proteger su patrimonio cultural, desarrollado en el valle de Supe y, en especial, aleda\u00f1o al centro poblado Pe\u00f1ico, la Zona Arqueol\u00f3gica Caral, Unidad Ejecutora 003 del Ministerio de Cultura, inici\u00f3 un ciclo de talleres dirigido a escolares y poblaci\u00f3n en general.","og_url":"https:\/\/zonacaral.gob.pe\/es\/noticias\/iniciamos-talleres-de-junco-musica-ceramica-en-centro-poblado-penico-valle-de-supe\/","og_site_name":"Zona Caral","article_published_time":"2023-12-27T14:31:36+00:00","og_image":[{"width":1000,"height":600,"url":"https:\/\/zonacaral.gob.pe\/wp-content\/uploads\/2023\/12\/taller-penico-1.png","type":"image\/png"}],"author":"Zona Caral Administrador","twitter_card":"summary_large_image","twitter_misc":{"Written by":"Zona Caral Administrador","Est. reading time":"3 minutos"},"schema":{"@context":"https:\/\/schema.org","@graph":[{"@type":"Article","@id":"https:\/\/zonacaral.gob.pe\/es\/noticias\/iniciamos-talleres-de-junco-musica-ceramica-en-centro-poblado-penico-valle-de-supe\/#article","isPartOf":{"@id":"https:\/\/zonacaral.gob.pe\/es\/noticias\/iniciamos-talleres-de-junco-musica-ceramica-en-centro-poblado-penico-valle-de-supe\/"},"author":{"name":"Zona Caral Administrador","@id":"https:\/\/zonacaral.gob.pe\/es\/#\/schema\/person\/beddb4d22f71a7230c5b90913270a0ee"},"headline":"Realizamos talleres de junco, m\u00fasica, cer\u00e1mica en Centro Poblado Pe\u00f1ico &#8211; valle de Supe","datePublished":"2023-12-27T14:31:36+00:00","mainEntityOfPage":{"@id":"https:\/\/zonacaral.gob.pe\/es\/noticias\/iniciamos-talleres-de-junco-musica-ceramica-en-centro-poblado-penico-valle-de-supe\/"},"wordCount":521,"image":{"@id":"https:\/\/zonacaral.gob.pe\/es\/noticias\/iniciamos-talleres-de-junco-musica-ceramica-en-centro-poblado-penico-valle-de-supe\/#primaryimage"},"thumbnailUrl":"https:\/\/zonacaral.gob.pe\/wp-content\/uploads\/2023\/12\/taller-penico-1.png","keywords":["caral","Cultura"],"articleSection":["noticias"],"inLanguage":"es-PE"},{"@type":"WebPage","@id":"https:\/\/zonacaral.gob.pe\/es\/noticias\/iniciamos-talleres-de-junco-musica-ceramica-en-centro-poblado-penico-valle-de-supe\/","url":"https:\/\/zonacaral.gob.pe\/es\/noticias\/iniciamos-talleres-de-junco-musica-ceramica-en-centro-poblado-penico-valle-de-supe\/","name":"Iniciamos talleres de junco, m\u00fasica, cer\u00e1mica en Centro Poblado Pe\u00f1ico - valle de Supe","isPartOf":{"@id":"https:\/\/zonacaral.gob.pe\/es\/#website"},"primaryImageOfPage":{"@id":"https:\/\/zonacaral.gob.pe\/es\/noticias\/iniciamos-talleres-de-junco-musica-ceramica-en-centro-poblado-penico-valle-de-supe\/#primaryimage"},"image":{"@id":"https:\/\/zonacaral.gob.pe\/es\/noticias\/iniciamos-talleres-de-junco-musica-ceramica-en-centro-poblado-penico-valle-de-supe\/#primaryimage"},"thumbnailUrl":"https:\/\/zonacaral.gob.pe\/wp-content\/uploads\/2023\/12\/taller-penico-1.png","datePublished":"2023-12-27T14:31:36+00:00","author":{"@id":"https:\/\/zonacaral.gob.pe\/es\/#\/schema\/person\/beddb4d22f71a7230c5b90913270a0ee"},"description":"Con el fin de concientizar y sensibilizar a la poblaci\u00f3n sobre la importancia de conocer, difundir y proteger su patrimonio cultural, desarrollado en el valle de Supe y, en especial, aleda\u00f1o al centro poblado Pe\u00f1ico, la Zona Arqueol\u00f3gica Caral, Unidad Ejecutora 003 del Ministerio de Cultura, inici\u00f3 un ciclo de talleres dirigido a escolares y poblaci\u00f3n en general.","breadcrumb":{"@id":"https:\/\/zonacaral.gob.pe\/es\/noticias\/iniciamos-talleres-de-junco-musica-ceramica-en-centro-poblado-penico-valle-de-supe\/#breadcrumb"},"inLanguage":"es-PE","potentialAction":[{"@type":"ReadAction","target":["https:\/\/zonacaral.gob.pe\/es\/noticias\/iniciamos-talleres-de-junco-musica-ceramica-en-centro-poblado-penico-valle-de-supe\/"]}]},{"@type":"ImageObject","inLanguage":"es-PE","@id":"https:\/\/zonacaral.gob.pe\/es\/noticias\/iniciamos-talleres-de-junco-musica-ceramica-en-centro-poblado-penico-valle-de-supe\/#primaryimage","url":"https:\/\/zonacaral.gob.pe\/wp-content\/uploads\/2023\/12\/taller-penico-1.png","contentUrl":"https:\/\/zonacaral.gob.pe\/wp-content\/uploads\/2023\/12\/taller-penico-1.png","width":1000,"height":600},{"@type":"BreadcrumbList","@id":"https:\/\/zonacaral.gob.pe\/es\/noticias\/iniciamos-talleres-de-junco-musica-ceramica-en-centro-poblado-penico-valle-de-supe\/#breadcrumb","itemListElement":[{"@type":"ListItem","position":1,"name":"Portada","item":"https:\/\/zonacaral.gob.pe\/"},{"@type":"ListItem","position":2,"name":"Realizamos talleres de junco, m\u00fasica, cer\u00e1mica en Centro Poblado Pe\u00f1ico &#8211; valle de Supe"}]},{"@type":"WebSite","@id":"https:\/\/zonacaral.gob.pe\/es\/#website","url":"https:\/\/zonacaral.gob.pe\/es\/","name":"Zona Caral","description":"Investigamos, conservamos y difundimos el patrimonio cultural de la Civilizaci\u00f3n Caral, la m\u00e1s antigua de Am\u00e9rica.","potentialAction":[{"@type":"SearchAction","target":{"@type":"EntryPoint","urlTemplate":"https:\/\/zonacaral.gob.pe\/es\/?s={search_term_string}"},"query-input":{"@type":"PropertyValueSpecification","valueRequired":true,"valueName":"search_term_string"}}],"inLanguage":"es-PE"},{"@type":"Person","@id":"https:\/\/zonacaral.gob.pe\/es\/#\/schema\/person\/beddb4d22f71a7230c5b90913270a0ee","name":"Zona Caral Administrador","image":{"@type":"ImageObject","inLanguage":"es-PE","@id":"https:\/\/secure.gravatar.com\/avatar\/e4be162918a696358376de6446614e0f0f4062bdc5d170d6d540ada3d8b58c12?s=96&d=mm&r=g","url":"https:\/\/secure.gravatar.com\/avatar\/e4be162918a696358376de6446614e0f0f4062bdc5d170d6d540ada3d8b58c12?s=96&d=mm&r=g","contentUrl":"https:\/\/secure.gravatar.com\/avatar\/e4be162918a696358376de6446614e0f0f4062bdc5d170d6d540ada3d8b58c12?s=96&d=mm&r=g","caption":"Zona Caral Administrador"},"sameAs":["https:\/\/zonacaral.gob.pe"],"url":"https:\/\/zonacaral.gob.pe\/es\/noticias\/author\/ad_zonacaral\/"}]}},"_links":{"self":[{"href":"https:\/\/zonacaral.gob.pe\/es\/wp-json\/wp\/v2\/posts\/17339","targetHints":{"allow":["GET"]}}],"collection":[{"href":"https:\/\/zonacaral.gob.pe\/es\/wp-json\/wp\/v2\/posts"}],"about":[{"href":"https:\/\/zonacaral.gob.pe\/es\/wp-json\/wp\/v2\/types\/post"}],"author":[{"embeddable":true,"href":"https:\/\/zonacaral.gob.pe\/es\/wp-json\/wp\/v2\/users\/1"}],"replies":[{"embeddable":true,"href":"https:\/\/zonacaral.gob.pe\/es\/wp-json\/wp\/v2\/comments?post=17339"}],"version-history":[{"count":0,"href":"https:\/\/zonacaral.gob.pe\/es\/wp-json\/wp\/v2\/posts\/17339\/revisions"}],"wp:featuredmedia":[{"embeddable":true,"href":"https:\/\/zonacaral.gob.pe\/es\/wp-json\/wp\/v2\/media\/17341"}],"wp:attachment":[{"href":"https:\/\/zonacaral.gob.pe\/es\/wp-json\/wp\/v2\/media?parent=17339"}],"wp:term":[{"taxonomy":"category","embeddable":true,"href":"https:\/\/zonacaral.gob.pe\/es\/wp-json\/wp\/v2\/categories?post=17339"},{"taxonomy":"post_tag","embeddable":true,"href":"https:\/\/zonacaral.gob.pe\/es\/wp-json\/wp\/v2\/tags?post=17339"}],"curies":[{"name":"wp","href":"https:\/\/api.w.org\/{rel}","templated":true}]}}